{"id":226867,"date":"2019-08-05T19:51:05","date_gmt":"2019-08-05T17:51:05","guid":{"rendered":"https:\/\/sandzakpress.net\/arhiva\/?p=226867"},"modified":"2019-08-05T19:51:05","modified_gmt":"2019-08-05T17:51:05","slug":"radetinac-demantirala-saopstenje-mup-a-i-pozvala-na-protest-gradjana-u-petak","status":"publish","type":"post","link":"https:\/\/sandzakpress.net\/arhiva\/radetinac-demantirala-saopstenje-mup-a-i-pozvala-na-protest-gradjana-u-petak\/","title":{"rendered":"Radetinac demantirala saop\u0161tenje MUP-a i pozvala na protest gra\u0111ana u petak"},"content":{"rendered":"<p><img loading=\"lazy\" decoding=\"async\" class=\"alignnone size-full wp-image-226868\" src=\"https:\/\/sandzakpress.net\/arhiva\/wp-content\/uploads\/2019\/08\/ERZTRZTRZUTUZ.jpg\" alt=\"\" width=\"637\" height=\"479\" srcset=\"https:\/\/sandzakpress.net\/arhiva\/wp-content\/uploads\/2019\/08\/ERZTRZTRZUTUZ.jpg 637w, https:\/\/sandzakpress.net\/arhiva\/wp-content\/uploads\/2019\/08\/ERZTRZTRZUTUZ-616x463.jpg 616w\" sizes=\"(max-width: 637px) 100vw, 637px\" \/><\/p>\n<p>\u201eObave\u0161tavamo Vas da su neta\u010dni navodi \u010detrdesetdvogodi\u0161nje E. R. da su je policijski slu\u017ebenici pretukli u zgradi Policijske uprave Novi Pazar. Naprotiv, E. R. koja je 31. jula do\u0161la u PU Novi Pazar, kako bi njen sin preuzeo li\u010dnu kartu, napala je tom prilikom dve policijske slu\u017ebenice.<\/p>\n<p>Ona je prvo ga\u0111ala olovkom, a zatim i vre\u0111ala policijsku slu\u017ebenicu koja radi na upravnim poslovima, nakon \u010dega joj je, kako bi je smirili, pri\u0161lo dvoje policijskih slu\u017ebenika. Ona je tada napala jo\u0161 jednu policijsku slu\u017ebenicu i nanela joj povrede u predelu ruku, koje je konstatovao i de\u017eurni lekar u bolnici u Novom Pazaru.<\/p>\n<p>O ovom doga\u0111aju obave\u0161teno je Osnovno javno tu\u017eila\u0161tvo, \u010diji je tu\u017eilac nalo\u017eio da se osumnji\u010dena E. R. privede i da se protiv nje podnese krivi\u010dna prijava zbog postojanja osnova sumnje da je izvr\u0161ila krivi\u010dno delo napad na slu\u017ebeno lice u vr\u0161enju slu\u017ebene du\u017enosti.<\/p>\n<p>Napominjeno, da E. R. nije podnela pritu\u017ebu na rad policijskih slu\u017ebenika, iako joj je ta mogu\u0107nost predo\u010dena, niti je dostavila bilo kakvu zdravstvenu dokumentaciju koja potvr\u0111uje njene tvrdnje da je zadobila bilo kakve povrede\u201d \u2013 navodi se u saop\u0161tenju Policijske uprave Novi Pazar.<\/p>\n<p>Gospo\u0111a Radetinac prokomentarisala navode iz PU kazav\u0161i da je to jo\u0161 jedna neistina u nizu.<\/p>\n<p><em>\u201cMoj komentar je da su to sve neistine, nakon 6 dana se MUP ogla\u0161ava zato \u0161to je vidio da je narod stao na noge i kada je vidio narod \u0161ta se tu de\u0161ava. Ja sam nakon svega \u0161to se desilo oti\u0161la da podnesem tu\u017ebu gdje je meni re\u010deno \u201cIza\u0111i, budi zahvalna \u0161to nisi uhap\u0161ena\u201d, to je neistina i la\u017e.\u201d,\u00a0<\/em>istakla Edita Radetinac<\/p>\n<p>Njeno svjedo\u010denje potvrdio i petogodi\u0161nji sin koji je bio o\u010devidac napada.<\/p>\n<p><em>\u201cVukli su majku, htjeli da je uhapse, onesvijestila se, ja sam se pomokrio i plakao. Nisu mi dali vodu, bio sam gladan. Majka je bila na saslu\u0161anje i nismo je vidjeli 3 sata.\u201d<\/em><\/p>\n<p>Gospo\u0111a Radetinac najavila da \u0107e u petak biti organiziran protest, zatra\u017eiv\u0161i podr\u0161ku gra\u0111ana.<\/p>\n<p><em>SANA \u2013 Adaleta Sejdovi\u0107 \u2013 Hamzi\u0107 \/ FOTO \u2013 SANA\u00a0<\/em><\/p>\n","protected":false},"excerpt":{"rendered":"<p>\u201eObave\u0161tavamo Vas da su neta\u010dni navodi \u010detrdesetdvogodi\u0161nje E. R. da su je policijski slu\u017ebenici pretukli u zgradi Policijske uprave Novi Pazar. Naprotiv, E. R. koja je 31. jula do\u0161la u PU Novi Pazar, kako bi njen sin preuzeo li\u010dnu kartu, napala je tom prilikom dve policijske slu\u017ebenice. Ona je prvo ga\u0111ala olovkom, a zatim i [&hellip;]<\/p>\n","protected":false},"author":509,"featured_media":226868,"comment_status":"open","ping_status":"open","sticky":false,"template":"","format":"standard","meta":{"footnotes":""},"categories":[72,801,8957],"tags":[],"class_list":{"0":"post-226867","1":"post","2":"type-post","3":"status-publish","4":"format-standard","5":"has-post-thumbnail","7":"category-novi-pazar","8":"category-crna_hronika","9":"category-vijesti-dana"},"yoast_head":"<!-- This site is optimized with the Yoast SEO Premium plugin v23.1 (Yoast SEO v24.9) - https:\/\/yoast.com\/wordpress\/plugins\/seo\/ -->\n<title>Radetinac demantirala saop\u0161tenje MUP-a i pozvala na protest gra\u0111ana u petak<\/title>\n<meta name=\"robots\" content=\"index, follow, max-snippet:-1, max-image-preview:large, max-video-preview:-1\" \/>\n<link rel=\"canonical\" href=\"https:\/\/sandzakpress.net\/arhiva\/radetinac-demantirala-saopstenje-mup-a-i-pozvala-na-protest-gradjana-u-petak\/\" \/>\n<meta property=\"og:locale\" content=\"bs_BA\" \/>\n<meta property=\"og:type\" content=\"article\" \/>\n<meta property=\"og:title\" content=\"Radetinac demantirala saop\u0161tenje MUP-a i pozvala na protest gra\u0111ana u petak\" \/>\n<meta property=\"og:description\" content=\"\u201eObave\u0161tavamo Vas da su neta\u010dni navodi \u010detrdesetdvogodi\u0161nje E. R. da su je policijski slu\u017ebenici pretukli u zgradi Policijske uprave Novi Pazar. Naprotiv, E. R. koja je 31. jula do\u0161la u PU Novi Pazar, kako bi njen sin preuzeo li\u010dnu kartu, napala je tom prilikom dve policijske slu\u017ebenice. Ona je prvo ga\u0111ala olovkom, a zatim i [&hellip;]\" \/>\n<meta property=\"og:url\" content=\"https:\/\/sandzakpress.net\/arhiva\/radetinac-demantirala-saopstenje-mup-a-i-pozvala-na-protest-gradjana-u-petak\/\" \/>\n<meta property=\"og:site_name\" content=\"Sand\u017eak PRESS\" \/>\n<meta property=\"article:published_time\" content=\"2019-08-05T17:51:05+00:00\" \/>\n<meta property=\"og:image\" content=\"https:\/\/sandzakpress.net\/arhiva\/wp-content\/uploads\/2019\/08\/ERZTRZTRZUTUZ.jpg\" \/>\n\t<meta property=\"og:image:width\" content=\"637\" \/>\n\t<meta property=\"og:image:height\" content=\"479\" \/>\n\t<meta property=\"og:image:type\" content=\"image\/jpeg\" \/>\n<meta name=\"author\" content=\"Agencija\" \/>\n<meta name=\"twitter:card\" content=\"summary_large_image\" \/>\n<meta name=\"twitter:label1\" content=\"Written by\" \/>\n\t<meta name=\"twitter:data1\" content=\"Agencija\" \/>\n\t<meta name=\"twitter:label2\" content=\"Est. reading time\" \/>\n\t<meta name=\"twitter:data2\" content=\"2 minute\" \/>\n<script type=\"application\/ld+json\" class=\"yoast-schema-graph\">{\"@context\":\"https:\/\/schema.org\",\"@graph\":[{\"@type\":\"Article\",\"@id\":\"https:\/\/sandzakpress.net\/arhiva\/radetinac-demantirala-saopstenje-mup-a-i-pozvala-na-protest-gradjana-u-petak\/#article\",\"isPartOf\":{\"@id\":\"https:\/\/sandzakpress.net\/arhiva\/radetinac-demantirala-saopstenje-mup-a-i-pozvala-na-protest-gradjana-u-petak\/\"},\"author\":{\"name\":\"Agencija\",\"@id\":\"https:\/\/sandzakpress.net\/arhiva\/#\/schema\/person\/cb59d7e3ab91ab90dd680ad0305a6185\"},\"headline\":\"Radetinac demantirala saop\u0161tenje MUP-a i pozvala na protest gra\u0111ana u petak\",\"datePublished\":\"2019-08-05T17:51:05+00:00\",\"mainEntityOfPage\":{\"@id\":\"https:\/\/sandzakpress.net\/arhiva\/radetinac-demantirala-saopstenje-mup-a-i-pozvala-na-protest-gradjana-u-petak\/\"},\"wordCount\":388,\"commentCount\":2,\"publisher\":{\"@id\":\"https:\/\/sandzakpress.net\/arhiva\/#\/schema\/person\/6e72b67d6e51910a1117b3b483ba20bd\"},\"image\":{\"@id\":\"https:\/\/sandzakpress.net\/arhiva\/radetinac-demantirala-saopstenje-mup-a-i-pozvala-na-protest-gradjana-u-petak\/#primaryimage\"},\"thumbnailUrl\":\"https:\/\/sandzakpress.net\/arhiva\/wp-content\/uploads\/2019\/08\/ERZTRZTRZUTUZ.jpg\",\"articleSection\":[\"Novi Pazar\",\"Hronika\",\"VIJESTI DANA\"],\"inLanguage\":\"bs-BA\",\"potentialAction\":[{\"@type\":\"CommentAction\",\"name\":\"Comment\",\"target\":[\"https:\/\/sandzakpress.net\/arhiva\/radetinac-demantirala-saopstenje-mup-a-i-pozvala-na-protest-gradjana-u-petak\/#respond\"]}]},{\"@type\":\"WebPage\",\"@id\":\"https:\/\/sandzakpress.net\/arhiva\/radetinac-demantirala-saopstenje-mup-a-i-pozvala-na-protest-gradjana-u-petak\/\",\"url\":\"https:\/\/sandzakpress.net\/arhiva\/radetinac-demantirala-saopstenje-mup-a-i-pozvala-na-protest-gradjana-u-petak\/\",\"name\":\"Radetinac demantirala saop\u0161tenje MUP-a i pozvala na protest gra\u0111ana u petak\",\"isPartOf\":{\"@id\":\"https:\/\/sandzakpress.net\/arhiva\/#website\"},\"primaryImageOfPage\":{\"@id\":\"https:\/\/sandzakpress.net\/arhiva\/radetinac-demantirala-saopstenje-mup-a-i-pozvala-na-protest-gradjana-u-petak\/#primaryimage\"},\"image\":{\"@id\":\"https:\/\/sandzakpress.net\/arhiva\/radetinac-demantirala-saopstenje-mup-a-i-pozvala-na-protest-gradjana-u-petak\/#primaryimage\"},\"thumbnailUrl\":\"https:\/\/sandzakpress.net\/arhiva\/wp-content\/uploads\/2019\/08\/ERZTRZTRZUTUZ.jpg\",\"datePublished\":\"2019-08-05T17:51:05+00:00\",\"breadcrumb\":{\"@id\":\"https:\/\/sandzakpress.net\/arhiva\/radetinac-demantirala-saopstenje-mup-a-i-pozvala-na-protest-gradjana-u-petak\/#breadcrumb\"},\"inLanguage\":\"bs-BA\",\"potentialAction\":[{\"@type\":\"ReadAction\",\"target\":[\"https:\/\/sandzakpress.net\/arhiva\/radetinac-demantirala-saopstenje-mup-a-i-pozvala-na-protest-gradjana-u-petak\/\"]}]},{\"@type\":\"ImageObject\",\"inLanguage\":\"bs-BA\",\"@id\":\"https:\/\/sandzakpress.net\/arhiva\/radetinac-demantirala-saopstenje-mup-a-i-pozvala-na-protest-gradjana-u-petak\/#primaryimage\",\"url\":\"https:\/\/sandzakpress.net\/arhiva\/wp-content\/uploads\/2019\/08\/ERZTRZTRZUTUZ.jpg\",\"contentUrl\":\"https:\/\/sandzakpress.net\/arhiva\/wp-content\/uploads\/2019\/08\/ERZTRZTRZUTUZ.jpg\",\"width\":637,\"height\":479},{\"@type\":\"BreadcrumbList\",\"@id\":\"https:\/\/sandzakpress.net\/arhiva\/radetinac-demantirala-saopstenje-mup-a-i-pozvala-na-protest-gradjana-u-petak\/#breadcrumb\",\"itemListElement\":[{\"@type\":\"ListItem\",\"position\":1,\"name\":\"Home\",\"item\":\"https:\/\/sandzakpress.net\/arhiva\/\"},{\"@type\":\"ListItem\",\"position\":2,\"name\":\"Radetinac demantirala saop\u0161tenje MUP-a i pozvala na protest gra\u0111ana u petak\"}]},{\"@type\":\"WebSite\",\"@id\":\"https:\/\/sandzakpress.net\/arhiva\/#website\",\"url\":\"https:\/\/sandzakpress.net\/arhiva\/\",\"name\":\"Sand\u017eak PRESS\",\"description\":\"Prve elektronske novine u Sand\u017eaku\",\"publisher\":{\"@id\":\"https:\/\/sandzakpress.net\/arhiva\/#\/schema\/person\/6e72b67d6e51910a1117b3b483ba20bd\"},\"potentialAction\":[{\"@type\":\"SearchAction\",\"target\":{\"@type\":\"EntryPoint\",\"urlTemplate\":\"https:\/\/sandzakpress.net\/arhiva\/?s={search_term_string}\"},\"query-input\":{\"@type\":\"PropertyValueSpecification\",\"valueRequired\":true,\"valueName\":\"search_term_string\"}}],\"inLanguage\":\"bs-BA\"},{\"@type\":[\"Person\",\"Organization\"],\"@id\":\"https:\/\/sandzakpress.net\/arhiva\/#\/schema\/person\/6e72b67d6e51910a1117b3b483ba20bd\",\"name\":\"Kul\",\"image\":{\"@type\":\"ImageObject\",\"inLanguage\":\"bs-BA\",\"@id\":\"https:\/\/sandzakpress.net\/arhiva\/#\/schema\/person\/image\/\",\"url\":\"https:\/\/secure.gravatar.com\/avatar\/42263f39aa27ac04c43cab85c280eb2e?s=96&d=mm&r=pg\",\"contentUrl\":\"https:\/\/secure.gravatar.com\/avatar\/42263f39aa27ac04c43cab85c280eb2e?s=96&d=mm&r=pg\",\"caption\":\"Kul\"},\"logo\":{\"@id\":\"https:\/\/sandzakpress.net\/arhiva\/#\/schema\/person\/image\/\"}},{\"@type\":\"Person\",\"@id\":\"https:\/\/sandzakpress.net\/arhiva\/#\/schema\/person\/cb59d7e3ab91ab90dd680ad0305a6185\",\"name\":\"Agencija\",\"image\":{\"@type\":\"ImageObject\",\"inLanguage\":\"bs-BA\",\"@id\":\"https:\/\/sandzakpress.net\/arhiva\/#\/schema\/person\/image\/\",\"url\":\"https:\/\/secure.gravatar.com\/avatar\/4b7fafa80a22f0c2afe23966b3961fe0?s=96&d=mm&r=pg\",\"contentUrl\":\"https:\/\/secure.gravatar.com\/avatar\/4b7fafa80a22f0c2afe23966b3961fe0?s=96&d=mm&r=pg\",\"caption\":\"Agencija\"},\"url\":\"https:\/\/sandzakpress.net\/arhiva\/author\/agencija\/\"}]}<\/script>\n<!-- \/ Yoast SEO Premium plugin. -->","yoast_head_json":{"title":"Radetinac demantirala saop\u0161tenje MUP-a i pozvala na protest gra\u0111ana u petak","robots":{"index":"index","follow":"follow","max-snippet":"max-snippet:-1","max-image-preview":"max-image-preview:large","max-video-preview":"max-video-preview:-1"},"canonical":"https:\/\/sandzakpress.net\/arhiva\/radetinac-demantirala-saopstenje-mup-a-i-pozvala-na-protest-gradjana-u-petak\/","og_locale":"bs_BA","og_type":"article","og_title":"Radetinac demantirala saop\u0161tenje MUP-a i pozvala na protest gra\u0111ana u petak","og_description":"\u201eObave\u0161tavamo Vas da su neta\u010dni navodi \u010detrdesetdvogodi\u0161nje E. R. da su je policijski slu\u017ebenici pretukli u zgradi Policijske uprave Novi Pazar. Naprotiv, E. R. koja je 31. jula do\u0161la u PU Novi Pazar, kako bi njen sin preuzeo li\u010dnu kartu, napala je tom prilikom dve policijske slu\u017ebenice. Ona je prvo ga\u0111ala olovkom, a zatim i [&hellip;]","og_url":"https:\/\/sandzakpress.net\/arhiva\/radetinac-demantirala-saopstenje-mup-a-i-pozvala-na-protest-gradjana-u-petak\/","og_site_name":"Sand\u017eak PRESS","article_published_time":"2019-08-05T17:51:05+00:00","og_image":[{"width":637,"height":479,"url":"https:\/\/sandzakpress.net\/arhiva\/wp-content\/uploads\/2019\/08\/ERZTRZTRZUTUZ.jpg","type":"image\/jpeg"}],"author":"Agencija","twitter_card":"summary_large_image","twitter_misc":{"Written by":"Agencija","Est. reading time":"2 minute"},"schema":{"@context":"https:\/\/schema.org","@graph":[{"@type":"Article","@id":"https:\/\/sandzakpress.net\/arhiva\/radetinac-demantirala-saopstenje-mup-a-i-pozvala-na-protest-gradjana-u-petak\/#article","isPartOf":{"@id":"https:\/\/sandzakpress.net\/arhiva\/radetinac-demantirala-saopstenje-mup-a-i-pozvala-na-protest-gradjana-u-petak\/"},"author":{"name":"Agencija","@id":"https:\/\/sandzakpress.net\/arhiva\/#\/schema\/person\/cb59d7e3ab91ab90dd680ad0305a6185"},"headline":"Radetinac demantirala saop\u0161tenje MUP-a i pozvala na protest gra\u0111ana u petak","datePublished":"2019-08-05T17:51:05+00:00","mainEntityOfPage":{"@id":"https:\/\/sandzakpress.net\/arhiva\/radetinac-demantirala-saopstenje-mup-a-i-pozvala-na-protest-gradjana-u-petak\/"},"wordCount":388,"commentCount":2,"publisher":{"@id":"https:\/\/sandzakpress.net\/arhiva\/#\/schema\/person\/6e72b67d6e51910a1117b3b483ba20bd"},"image":{"@id":"https:\/\/sandzakpress.net\/arhiva\/radetinac-demantirala-saopstenje-mup-a-i-pozvala-na-protest-gradjana-u-petak\/#primaryimage"},"thumbnailUrl":"https:\/\/sandzakpress.net\/arhiva\/wp-content\/uploads\/2019\/08\/ERZTRZTRZUTUZ.jpg","articleSection":["Novi Pazar","Hronika","VIJESTI DANA"],"inLanguage":"bs-BA","potentialAction":[{"@type":"CommentAction","name":"Comment","target":["https:\/\/sandzakpress.net\/arhiva\/radetinac-demantirala-saopstenje-mup-a-i-pozvala-na-protest-gradjana-u-petak\/#respond"]}]},{"@type":"WebPage","@id":"https:\/\/sandzakpress.net\/arhiva\/radetinac-demantirala-saopstenje-mup-a-i-pozvala-na-protest-gradjana-u-petak\/","url":"https:\/\/sandzakpress.net\/arhiva\/radetinac-demantirala-saopstenje-mup-a-i-pozvala-na-protest-gradjana-u-petak\/","name":"Radetinac demantirala saop\u0161tenje MUP-a i pozvala na protest gra\u0111ana u petak","isPartOf":{"@id":"https:\/\/sandzakpress.net\/arhiva\/#website"},"primaryImageOfPage":{"@id":"https:\/\/sandzakpress.net\/arhiva\/radetinac-demantirala-saopstenje-mup-a-i-pozvala-na-protest-gradjana-u-petak\/#primaryimage"},"image":{"@id":"https:\/\/sandzakpress.net\/arhiva\/radetinac-demantirala-saopstenje-mup-a-i-pozvala-na-protest-gradjana-u-petak\/#primaryimage"},"thumbnailUrl":"https:\/\/sandzakpress.net\/arhiva\/wp-content\/uploads\/2019\/08\/ERZTRZTRZUTUZ.jpg","datePublished":"2019-08-05T17:51:05+00:00","breadcrumb":{"@id":"https:\/\/sandzakpress.net\/arhiva\/radetinac-demantirala-saopstenje-mup-a-i-pozvala-na-protest-gradjana-u-petak\/#breadcrumb"},"inLanguage":"bs-BA","potentialAction":[{"@type":"ReadAction","target":["https:\/\/sandzakpress.net\/arhiva\/radetinac-demantirala-saopstenje-mup-a-i-pozvala-na-protest-gradjana-u-petak\/"]}]},{"@type":"ImageObject","inLanguage":"bs-BA","@id":"https:\/\/sandzakpress.net\/arhiva\/radetinac-demantirala-saopstenje-mup-a-i-pozvala-na-protest-gradjana-u-petak\/#primaryimage","url":"https:\/\/sandzakpress.net\/arhiva\/wp-content\/uploads\/2019\/08\/ERZTRZTRZUTUZ.jpg","contentUrl":"https:\/\/sandzakpress.net\/arhiva\/wp-content\/uploads\/2019\/08\/ERZTRZTRZUTUZ.jpg","width":637,"height":479},{"@type":"BreadcrumbList","@id":"https:\/\/sandzakpress.net\/arhiva\/radetinac-demantirala-saopstenje-mup-a-i-pozvala-na-protest-gradjana-u-petak\/#breadcrumb","itemListElement":[{"@type":"ListItem","position":1,"name":"Home","item":"https:\/\/sandzakpress.net\/arhiva\/"},{"@type":"ListItem","position":2,"name":"Radetinac demantirala saop\u0161tenje MUP-a i pozvala na protest gra\u0111ana u petak"}]},{"@type":"WebSite","@id":"https:\/\/sandzakpress.net\/arhiva\/#website","url":"https:\/\/sandzakpress.net\/arhiva\/","name":"Sand\u017eak PRESS","description":"Prve elektronske novine u Sand\u017eaku","publisher":{"@id":"https:\/\/sandzakpress.net\/arhiva\/#\/schema\/person\/6e72b67d6e51910a1117b3b483ba20bd"},"potentialAction":[{"@type":"SearchAction","target":{"@type":"EntryPoint","urlTemplate":"https:\/\/sandzakpress.net\/arhiva\/?s={search_term_string}"},"query-input":{"@type":"PropertyValueSpecification","valueRequired":true,"valueName":"search_term_string"}}],"inLanguage":"bs-BA"},{"@type":["Person","Organization"],"@id":"https:\/\/sandzakpress.net\/arhiva\/#\/schema\/person\/6e72b67d6e51910a1117b3b483ba20bd","name":"Kul","image":{"@type":"ImageObject","inLanguage":"bs-BA","@id":"https:\/\/sandzakpress.net\/arhiva\/#\/schema\/person\/image\/","url":"https:\/\/secure.gravatar.com\/avatar\/42263f39aa27ac04c43cab85c280eb2e?s=96&d=mm&r=pg","contentUrl":"https:\/\/secure.gravatar.com\/avatar\/42263f39aa27ac04c43cab85c280eb2e?s=96&d=mm&r=pg","caption":"Kul"},"logo":{"@id":"https:\/\/sandzakpress.net\/arhiva\/#\/schema\/person\/image\/"}},{"@type":"Person","@id":"https:\/\/sandzakpress.net\/arhiva\/#\/schema\/person\/cb59d7e3ab91ab90dd680ad0305a6185","name":"Agencija","image":{"@type":"ImageObject","inLanguage":"bs-BA","@id":"https:\/\/sandzakpress.net\/arhiva\/#\/schema\/person\/image\/","url":"https:\/\/secure.gravatar.com\/avatar\/4b7fafa80a22f0c2afe23966b3961fe0?s=96&d=mm&r=pg","contentUrl":"https:\/\/secure.gravatar.com\/avatar\/4b7fafa80a22f0c2afe23966b3961fe0?s=96&d=mm&r=pg","caption":"Agencija"},"url":"https:\/\/sandzakpress.net\/arhiva\/author\/agencija\/"}]}},"_links":{"self":[{"href":"https:\/\/sandzakpress.net\/arhiva\/wp-json\/wp\/v2\/posts\/226867"}],"collection":[{"href":"https:\/\/sandzakpress.net\/arhiva\/wp-json\/wp\/v2\/posts"}],"about":[{"href":"https:\/\/sandzakpress.net\/arhiva\/wp-json\/wp\/v2\/types\/post"}],"author":[{"embeddable":true,"href":"https:\/\/sandzakpress.net\/arhiva\/wp-json\/wp\/v2\/users\/509"}],"replies":[{"embeddable":true,"href":"https:\/\/sandzakpress.net\/arhiva\/wp-json\/wp\/v2\/comments?post=226867"}],"version-history":[{"count":0,"href":"https:\/\/sandzakpress.net\/arhiva\/wp-json\/wp\/v2\/posts\/226867\/revisions"}],"wp:featuredmedia":[{"embeddable":true,"href":"https:\/\/sandzakpress.net\/arhiva\/wp-json\/wp\/v2\/media\/226868"}],"wp:attachment":[{"href":"https:\/\/sandzakpress.net\/arhiva\/wp-json\/wp\/v2\/media?parent=226867"}],"wp:term":[{"taxonomy":"category","embeddable":true,"href":"https:\/\/sandzakpress.net\/arhiva\/wp-json\/wp\/v2\/categories?post=226867"},{"taxonomy":"post_tag","embeddable":true,"href":"https:\/\/sandzakpress.net\/arhiva\/wp-json\/wp\/v2\/tags?post=226867"}],"curies":[{"name":"wp","href":"https:\/\/api.w.org\/{rel}","templated":true}]}}