{"id":226825,"date":"2019-08-05T12:45:02","date_gmt":"2019-08-05T10:45:02","guid":{"rendered":"https:\/\/sandzakpress.net\/arhiva\/?p=226825"},"modified":"2019-08-05T13:54:47","modified_gmt":"2019-08-05T11:54:47","slug":"pu-novi-pazar-edita-radetinac-gadjala-olovkom-sluzbenicu-napala-dvije-policijske-sluzbenice-tuzilac-naredio-da-se-privede","status":"publish","type":"post","link":"https:\/\/sandzakpress.net\/arhiva\/pu-novi-pazar-edita-radetinac-gadjala-olovkom-sluzbenicu-napala-dvije-policijske-sluzbenice-tuzilac-naredio-da-se-privede\/","title":{"rendered":"PU Novi Pazar: Edita Radetinac ga\u0111ala olovkom slu\u017ebenicu, napala dvije policijske slu\u017ebenice, tu\u017eilac naredio da se privede"},"content":{"rendered":"<p><img decoding=\"async\" src=\"https:\/\/www.snews.rs\/wp-content\/uploads\/2019\/08\/PU3.jpg\" \/><\/p>\n<p><strong>Policijska uprava (PU) Novi Pazar demantovala je navode Edite Radetinac iz Novog Pazara da je verbalno i fizi\u010dki napadnuta i maltretirana u prostorijama te policijske uprave prije \u010detiri dana.<\/strong><\/p>\n<p>\u201cObavje\u0161tavamo Vas da su neta\u010dni navodi \u010detrdesetdvogodi\u0161nje E. R. da su je policijski slu\u017ebenici pretukli u zgradi Policijske uprave Novi Pazar. Naprotiv, E. R. koja je 31. jula do\u0161la u PU Novi Pazar, kako bi njen sin preuzeo li\u010dnu kartu, napala je tom prilikom dvije policijske slu\u017ebenice\u201d, navedeno je u saop\u0161tenju PU Novi Pazar.<\/p>\n<p>Kako se isti\u010de \u201cona je prvo ga\u0111ala olovkom, a zatim i vrije\u0111ala policijsku slu\u017ebenicu koja radi na upravnim poslovima, nakon \u010dega joj je, kako bi je smirili, pri\u0161lo dvoje policijskih slu\u017ebenika\u201d.<\/p>\n<p>\u201cOna (E.R.) je tada napala jo\u0161 jednu policijsku slu\u017ebenicu i nanijela joj povrede u predjelu ruku, koje je konstatovao i de\u017eurni ljekar u bolnici u Novom Pazaru. O ovom doga\u0111aju obavje\u0161teno je Osnovno javno tu\u017eila\u0161tvo, \u010diji je tu\u017eilac nalo\u017eio da se osumnji\u010dena E. R. privede i da se protiv nje podnese krivi\u010dna prijava zbog postojanja osnova sumnje da je izvr\u0161ila krivi\u010dno djelo napad na slu\u017ebeno lice u vr\u0161enju slu\u017ebene du\u017enosti\u201d, stoji u saop\u0161tenju PU Novi Pazar.<\/p>\n<p>Iz PU Novi Pazar napominju, da E. R. nije podnijela pritu\u017ebu na rad policijskih slu\u017ebenika, iako joj je, kako se navodi, ta mogu\u0107nost predo\u010dena, niti je dostavila bilo kakvu zdravstvenu dokumentaciju koja potvr\u0111uje njene tvrdnje da je zadobila bilo kakve povrede.<\/p>\n<p>Edita Radetinac je preko dru\u0161tvenih mre\u017ea, a zatim i na konferenciji za novinare u prostorijama Stranke za pravdu i pomirenje (SPP) izjavila da je prilikom poku\u0161aja da preuzme li\u010dnu kartu za svoga sina u prostorijama PU Novi Pazar do\u0161lo do nesporazuma kada je od jedne slu\u017ebenice, u kancelariji broj 5, u barakama, zatra\u017eila hemijsku olovku i papir.<\/p>\n<p><img loading=\"lazy\" decoding=\"async\" class=\"alignnone size-full wp-image-7803\" src=\"https:\/\/www.snews.rs\/wp-content\/uploads\/2019\/08\/edita-radetinac.jpg\" alt=\"\" width=\"800\" height=\"478\" \/><\/p>\n<p>Ona je ispri\u010dala da je pre\u017eivjela torturu i da je verbalno, potom i fizi\u010dki, napadnuta od strane slu\u017ebenice Vesne Ne\u0161kovi\u0107 koja je od nje tra\u017eila da ide u pisarnicu i tamo pi\u0161e, a ne hodniku.<\/p>\n<p>\u201cJa sam rekla da ne bih i\u0161la jer sam pri kraju. Ona je izletela sa svog radnog mjesta i mene dohvatila za desnu ruku, po\u010dela da me vu\u010de i tra\u017eila mi je papir koji mi je na kraju otela. Ja sam rekla da ne znam \u0161ta sam ja njoj uradila da bi se ona tako pona\u0161ala prema meni\u201d, kazala Edita Radetinac, objavljeno je na sajtu SPP-a.<\/p>\n<p>Predstavnici tri bo\u0161nja\u010dke politi\u010dke stranke, Stranka pravde i pomirenja (SPP), Stranke demokratske akcije (SDA) Sand\u017eaka i Sand\u017ea\u010dke demokratske partije (SDP) osudile su u subotu ovaj doga\u0111aj, zatra\u017eile odgovornost policijskih slu\u017ebenika i najavile da \u0107e ispratiti slu\u010daj do kraja.<\/p>\n<p>Podsje\u0107amo da je slu\u010daj Edite Radetinac uznemirio je javnost Novog Pazara i Sand\u017eaka i nai\u0161o na kritike od strane ve\u010dlikog broja ljudi na dru\u0161tvenim mre\u017eama.<\/p>\n<p>izvor: Snews<\/p>\n","protected":false},"excerpt":{"rendered":"<p>Policijska uprava (PU) Novi Pazar demantovala je navode Edite Radetinac iz Novog Pazara da je verbalno i fizi\u010dki napadnuta i maltretirana u prostorijama te policijske uprave prije \u010detiri dana. \u201cObavje\u0161tavamo Vas da su neta\u010dni navodi \u010detrdesetdvogodi\u0161nje E. R. da su je policijski slu\u017ebenici pretukli u zgradi Policijske uprave Novi Pazar. Naprotiv, E. R. koja je [&hellip;]<\/p>\n","protected":false},"author":509,"featured_media":226828,"comment_status":"open","ping_status":"open","sticky":false,"template":"","format":"standard","meta":{"footnotes":""},"categories":[72,801,8957],"tags":[],"class_list":{"0":"post-226825","1":"post","2":"type-post","3":"status-publish","4":"format-standard","5":"has-post-thumbnail","7":"category-novi-pazar","8":"category-crna_hronika","9":"category-vijesti-dana"},"yoast_head":"<!-- This site is optimized with the Yoast SEO Premium plugin v23.1 (Yoast SEO v24.9) - https:\/\/yoast.com\/wordpress\/plugins\/seo\/ -->\n<title>PU Novi Pazar: Edita Radetinac ga\u0111ala olovkom slu\u017ebenicu, napala dvije policijske slu\u017ebenice, tu\u017eilac naredio da se privede<\/title>\n<meta name=\"robots\" content=\"index, follow, max-snippet:-1, max-image-preview:large, max-video-preview:-1\" \/>\n<link rel=\"canonical\" href=\"https:\/\/sandzakpress.net\/arhiva\/pu-novi-pazar-edita-radetinac-gadjala-olovkom-sluzbenicu-napala-dvije-policijske-sluzbenice-tuzilac-naredio-da-se-privede\/\" \/>\n<meta property=\"og:locale\" content=\"bs_BA\" \/>\n<meta property=\"og:type\" content=\"article\" \/>\n<meta property=\"og:title\" content=\"PU Novi Pazar: Edita Radetinac ga\u0111ala olovkom slu\u017ebenicu, napala dvije policijske slu\u017ebenice, tu\u017eilac naredio da se privede\" \/>\n<meta property=\"og:description\" content=\"Policijska uprava (PU) Novi Pazar demantovala je navode Edite Radetinac iz Novog Pazara da je verbalno i fizi\u010dki napadnuta i maltretirana u prostorijama te policijske uprave prije \u010detiri dana. \u201cObavje\u0161tavamo Vas da su neta\u010dni navodi \u010detrdesetdvogodi\u0161nje E. R. da su je policijski slu\u017ebenici pretukli u zgradi Policijske uprave Novi Pazar. Naprotiv, E. R. koja je [&hellip;]\" \/>\n<meta property=\"og:url\" content=\"https:\/\/sandzakpress.net\/arhiva\/pu-novi-pazar-edita-radetinac-gadjala-olovkom-sluzbenicu-napala-dvije-policijske-sluzbenice-tuzilac-naredio-da-se-privede\/\" \/>\n<meta property=\"og:site_name\" content=\"Sand\u017eak PRESS\" \/>\n<meta property=\"article:published_time\" content=\"2019-08-05T10:45:02+00:00\" \/>\n<meta property=\"article:modified_time\" content=\"2019-08-05T11:54:47+00:00\" \/>\n<meta property=\"og:image\" content=\"https:\/\/sandzakpress.net\/arhiva\/wp-content\/uploads\/2019\/08\/PU3.jpg\" \/>\n\t<meta property=\"og:image:width\" content=\"800\" \/>\n\t<meta property=\"og:image:height\" content=\"533\" \/>\n\t<meta property=\"og:image:type\" content=\"image\/jpeg\" \/>\n<meta name=\"author\" content=\"Agencija\" \/>\n<meta name=\"twitter:card\" content=\"summary_large_image\" \/>\n<meta name=\"twitter:label1\" content=\"Written by\" \/>\n\t<meta name=\"twitter:data1\" content=\"Agencija\" \/>\n\t<meta name=\"twitter:label2\" content=\"Est. reading time\" \/>\n\t<meta name=\"twitter:data2\" content=\"3 minute\" \/>\n<script type=\"application\/ld+json\" class=\"yoast-schema-graph\">{\"@context\":\"https:\/\/schema.org\",\"@graph\":[{\"@type\":\"Article\",\"@id\":\"https:\/\/sandzakpress.net\/arhiva\/pu-novi-pazar-edita-radetinac-gadjala-olovkom-sluzbenicu-napala-dvije-policijske-sluzbenice-tuzilac-naredio-da-se-privede\/#article\",\"isPartOf\":{\"@id\":\"https:\/\/sandzakpress.net\/arhiva\/pu-novi-pazar-edita-radetinac-gadjala-olovkom-sluzbenicu-napala-dvije-policijske-sluzbenice-tuzilac-naredio-da-se-privede\/\"},\"author\":{\"name\":\"Agencija\",\"@id\":\"https:\/\/sandzakpress.net\/arhiva\/#\/schema\/person\/cb59d7e3ab91ab90dd680ad0305a6185\"},\"headline\":\"PU Novi Pazar: Edita Radetinac ga\u0111ala olovkom slu\u017ebenicu, napala dvije policijske slu\u017ebenice, tu\u017eilac naredio da se privede\",\"datePublished\":\"2019-08-05T10:45:02+00:00\",\"dateModified\":\"2019-08-05T11:54:47+00:00\",\"mainEntityOfPage\":{\"@id\":\"https:\/\/sandzakpress.net\/arhiva\/pu-novi-pazar-edita-radetinac-gadjala-olovkom-sluzbenicu-napala-dvije-policijske-sluzbenice-tuzilac-naredio-da-se-privede\/\"},\"wordCount\":547,\"commentCount\":3,\"publisher\":{\"@id\":\"https:\/\/sandzakpress.net\/arhiva\/#\/schema\/person\/6e72b67d6e51910a1117b3b483ba20bd\"},\"image\":{\"@id\":\"https:\/\/sandzakpress.net\/arhiva\/pu-novi-pazar-edita-radetinac-gadjala-olovkom-sluzbenicu-napala-dvije-policijske-sluzbenice-tuzilac-naredio-da-se-privede\/#primaryimage\"},\"thumbnailUrl\":\"https:\/\/sandzakpress.net\/arhiva\/wp-content\/uploads\/2019\/08\/PU3.jpg\",\"articleSection\":[\"Novi Pazar\",\"Hronika\",\"VIJESTI DANA\"],\"inLanguage\":\"bs-BA\",\"potentialAction\":[{\"@type\":\"CommentAction\",\"name\":\"Comment\",\"target\":[\"https:\/\/sandzakpress.net\/arhiva\/pu-novi-pazar-edita-radetinac-gadjala-olovkom-sluzbenicu-napala-dvije-policijske-sluzbenice-tuzilac-naredio-da-se-privede\/#respond\"]}]},{\"@type\":\"WebPage\",\"@id\":\"https:\/\/sandzakpress.net\/arhiva\/pu-novi-pazar-edita-radetinac-gadjala-olovkom-sluzbenicu-napala-dvije-policijske-sluzbenice-tuzilac-naredio-da-se-privede\/\",\"url\":\"https:\/\/sandzakpress.net\/arhiva\/pu-novi-pazar-edita-radetinac-gadjala-olovkom-sluzbenicu-napala-dvije-policijske-sluzbenice-tuzilac-naredio-da-se-privede\/\",\"name\":\"PU Novi Pazar: Edita Radetinac ga\u0111ala olovkom slu\u017ebenicu, napala dvije policijske slu\u017ebenice, tu\u017eilac naredio da se privede\",\"isPartOf\":{\"@id\":\"https:\/\/sandzakpress.net\/arhiva\/#website\"},\"primaryImageOfPage\":{\"@id\":\"https:\/\/sandzakpress.net\/arhiva\/pu-novi-pazar-edita-radetinac-gadjala-olovkom-sluzbenicu-napala-dvije-policijske-sluzbenice-tuzilac-naredio-da-se-privede\/#primaryimage\"},\"image\":{\"@id\":\"https:\/\/sandzakpress.net\/arhiva\/pu-novi-pazar-edita-radetinac-gadjala-olovkom-sluzbenicu-napala-dvije-policijske-sluzbenice-tuzilac-naredio-da-se-privede\/#primaryimage\"},\"thumbnailUrl\":\"https:\/\/sandzakpress.net\/arhiva\/wp-content\/uploads\/2019\/08\/PU3.jpg\",\"datePublished\":\"2019-08-05T10:45:02+00:00\",\"dateModified\":\"2019-08-05T11:54:47+00:00\",\"breadcrumb\":{\"@id\":\"https:\/\/sandzakpress.net\/arhiva\/pu-novi-pazar-edita-radetinac-gadjala-olovkom-sluzbenicu-napala-dvije-policijske-sluzbenice-tuzilac-naredio-da-se-privede\/#breadcrumb\"},\"inLanguage\":\"bs-BA\",\"potentialAction\":[{\"@type\":\"ReadAction\",\"target\":[\"https:\/\/sandzakpress.net\/arhiva\/pu-novi-pazar-edita-radetinac-gadjala-olovkom-sluzbenicu-napala-dvije-policijske-sluzbenice-tuzilac-naredio-da-se-privede\/\"]}]},{\"@type\":\"ImageObject\",\"inLanguage\":\"bs-BA\",\"@id\":\"https:\/\/sandzakpress.net\/arhiva\/pu-novi-pazar-edita-radetinac-gadjala-olovkom-sluzbenicu-napala-dvije-policijske-sluzbenice-tuzilac-naredio-da-se-privede\/#primaryimage\",\"url\":\"https:\/\/sandzakpress.net\/arhiva\/wp-content\/uploads\/2019\/08\/PU3.jpg\",\"contentUrl\":\"https:\/\/sandzakpress.net\/arhiva\/wp-content\/uploads\/2019\/08\/PU3.jpg\",\"width\":800,\"height\":533},{\"@type\":\"BreadcrumbList\",\"@id\":\"https:\/\/sandzakpress.net\/arhiva\/pu-novi-pazar-edita-radetinac-gadjala-olovkom-sluzbenicu-napala-dvije-policijske-sluzbenice-tuzilac-naredio-da-se-privede\/#breadcrumb\",\"itemListElement\":[{\"@type\":\"ListItem\",\"position\":1,\"name\":\"Home\",\"item\":\"https:\/\/sandzakpress.net\/arhiva\/\"},{\"@type\":\"ListItem\",\"position\":2,\"name\":\"PU Novi Pazar: Edita Radetinac ga\u0111ala olovkom slu\u017ebenicu, napala dvije policijske slu\u017ebenice, tu\u017eilac naredio da se privede\"}]},{\"@type\":\"WebSite\",\"@id\":\"https:\/\/sandzakpress.net\/arhiva\/#website\",\"url\":\"https:\/\/sandzakpress.net\/arhiva\/\",\"name\":\"Sand\u017eak PRESS\",\"description\":\"Prve elektronske novine u Sand\u017eaku\",\"publisher\":{\"@id\":\"https:\/\/sandzakpress.net\/arhiva\/#\/schema\/person\/6e72b67d6e51910a1117b3b483ba20bd\"},\"potentialAction\":[{\"@type\":\"SearchAction\",\"target\":{\"@type\":\"EntryPoint\",\"urlTemplate\":\"https:\/\/sandzakpress.net\/arhiva\/?s={search_term_string}\"},\"query-input\":{\"@type\":\"PropertyValueSpecification\",\"valueRequired\":true,\"valueName\":\"search_term_string\"}}],\"inLanguage\":\"bs-BA\"},{\"@type\":[\"Person\",\"Organization\"],\"@id\":\"https:\/\/sandzakpress.net\/arhiva\/#\/schema\/person\/6e72b67d6e51910a1117b3b483ba20bd\",\"name\":\"Kul\",\"image\":{\"@type\":\"ImageObject\",\"inLanguage\":\"bs-BA\",\"@id\":\"https:\/\/sandzakpress.net\/arhiva\/#\/schema\/person\/image\/\",\"url\":\"https:\/\/secure.gravatar.com\/avatar\/42263f39aa27ac04c43cab85c280eb2e?s=96&d=mm&r=pg\",\"contentUrl\":\"https:\/\/secure.gravatar.com\/avatar\/42263f39aa27ac04c43cab85c280eb2e?s=96&d=mm&r=pg\",\"caption\":\"Kul\"},\"logo\":{\"@id\":\"https:\/\/sandzakpress.net\/arhiva\/#\/schema\/person\/image\/\"}},{\"@type\":\"Person\",\"@id\":\"https:\/\/sandzakpress.net\/arhiva\/#\/schema\/person\/cb59d7e3ab91ab90dd680ad0305a6185\",\"name\":\"Agencija\",\"image\":{\"@type\":\"ImageObject\",\"inLanguage\":\"bs-BA\",\"@id\":\"https:\/\/sandzakpress.net\/arhiva\/#\/schema\/person\/image\/\",\"url\":\"https:\/\/secure.gravatar.com\/avatar\/4b7fafa80a22f0c2afe23966b3961fe0?s=96&d=mm&r=pg\",\"contentUrl\":\"https:\/\/secure.gravatar.com\/avatar\/4b7fafa80a22f0c2afe23966b3961fe0?s=96&d=mm&r=pg\",\"caption\":\"Agencija\"},\"url\":\"https:\/\/sandzakpress.net\/arhiva\/author\/agencija\/\"}]}<\/script>\n<!-- \/ Yoast SEO Premium plugin. -->","yoast_head_json":{"title":"PU Novi Pazar: Edita Radetinac ga\u0111ala olovkom slu\u017ebenicu, napala dvije policijske slu\u017ebenice, tu\u017eilac naredio da se privede","robots":{"index":"index","follow":"follow","max-snippet":"max-snippet:-1","max-image-preview":"max-image-preview:large","max-video-preview":"max-video-preview:-1"},"canonical":"https:\/\/sandzakpress.net\/arhiva\/pu-novi-pazar-edita-radetinac-gadjala-olovkom-sluzbenicu-napala-dvije-policijske-sluzbenice-tuzilac-naredio-da-se-privede\/","og_locale":"bs_BA","og_type":"article","og_title":"PU Novi Pazar: Edita Radetinac ga\u0111ala olovkom slu\u017ebenicu, napala dvije policijske slu\u017ebenice, tu\u017eilac naredio da se privede","og_description":"Policijska uprava (PU) Novi Pazar demantovala je navode Edite Radetinac iz Novog Pazara da je verbalno i fizi\u010dki napadnuta i maltretirana u prostorijama te policijske uprave prije \u010detiri dana. \u201cObavje\u0161tavamo Vas da su neta\u010dni navodi \u010detrdesetdvogodi\u0161nje E. R. da su je policijski slu\u017ebenici pretukli u zgradi Policijske uprave Novi Pazar. Naprotiv, E. R. koja je [&hellip;]","og_url":"https:\/\/sandzakpress.net\/arhiva\/pu-novi-pazar-edita-radetinac-gadjala-olovkom-sluzbenicu-napala-dvije-policijske-sluzbenice-tuzilac-naredio-da-se-privede\/","og_site_name":"Sand\u017eak PRESS","article_published_time":"2019-08-05T10:45:02+00:00","article_modified_time":"2019-08-05T11:54:47+00:00","og_image":[{"width":800,"height":533,"url":"https:\/\/sandzakpress.net\/arhiva\/wp-content\/uploads\/2019\/08\/PU3.jpg","type":"image\/jpeg"}],"author":"Agencija","twitter_card":"summary_large_image","twitter_misc":{"Written by":"Agencija","Est. reading time":"3 minute"},"schema":{"@context":"https:\/\/schema.org","@graph":[{"@type":"Article","@id":"https:\/\/sandzakpress.net\/arhiva\/pu-novi-pazar-edita-radetinac-gadjala-olovkom-sluzbenicu-napala-dvije-policijske-sluzbenice-tuzilac-naredio-da-se-privede\/#article","isPartOf":{"@id":"https:\/\/sandzakpress.net\/arhiva\/pu-novi-pazar-edita-radetinac-gadjala-olovkom-sluzbenicu-napala-dvije-policijske-sluzbenice-tuzilac-naredio-da-se-privede\/"},"author":{"name":"Agencija","@id":"https:\/\/sandzakpress.net\/arhiva\/#\/schema\/person\/cb59d7e3ab91ab90dd680ad0305a6185"},"headline":"PU Novi Pazar: Edita Radetinac ga\u0111ala olovkom slu\u017ebenicu, napala dvije policijske slu\u017ebenice, tu\u017eilac naredio da se privede","datePublished":"2019-08-05T10:45:02+00:00","dateModified":"2019-08-05T11:54:47+00:00","mainEntityOfPage":{"@id":"https:\/\/sandzakpress.net\/arhiva\/pu-novi-pazar-edita-radetinac-gadjala-olovkom-sluzbenicu-napala-dvije-policijske-sluzbenice-tuzilac-naredio-da-se-privede\/"},"wordCount":547,"commentCount":3,"publisher":{"@id":"https:\/\/sandzakpress.net\/arhiva\/#\/schema\/person\/6e72b67d6e51910a1117b3b483ba20bd"},"image":{"@id":"https:\/\/sandzakpress.net\/arhiva\/pu-novi-pazar-edita-radetinac-gadjala-olovkom-sluzbenicu-napala-dvije-policijske-sluzbenice-tuzilac-naredio-da-se-privede\/#primaryimage"},"thumbnailUrl":"https:\/\/sandzakpress.net\/arhiva\/wp-content\/uploads\/2019\/08\/PU3.jpg","articleSection":["Novi Pazar","Hronika","VIJESTI DANA"],"inLanguage":"bs-BA","potentialAction":[{"@type":"CommentAction","name":"Comment","target":["https:\/\/sandzakpress.net\/arhiva\/pu-novi-pazar-edita-radetinac-gadjala-olovkom-sluzbenicu-napala-dvije-policijske-sluzbenice-tuzilac-naredio-da-se-privede\/#respond"]}]},{"@type":"WebPage","@id":"https:\/\/sandzakpress.net\/arhiva\/pu-novi-pazar-edita-radetinac-gadjala-olovkom-sluzbenicu-napala-dvije-policijske-sluzbenice-tuzilac-naredio-da-se-privede\/","url":"https:\/\/sandzakpress.net\/arhiva\/pu-novi-pazar-edita-radetinac-gadjala-olovkom-sluzbenicu-napala-dvije-policijske-sluzbenice-tuzilac-naredio-da-se-privede\/","name":"PU Novi Pazar: Edita Radetinac ga\u0111ala olovkom slu\u017ebenicu, napala dvije policijske slu\u017ebenice, tu\u017eilac naredio da se privede","isPartOf":{"@id":"https:\/\/sandzakpress.net\/arhiva\/#website"},"primaryImageOfPage":{"@id":"https:\/\/sandzakpress.net\/arhiva\/pu-novi-pazar-edita-radetinac-gadjala-olovkom-sluzbenicu-napala-dvije-policijske-sluzbenice-tuzilac-naredio-da-se-privede\/#primaryimage"},"image":{"@id":"https:\/\/sandzakpress.net\/arhiva\/pu-novi-pazar-edita-radetinac-gadjala-olovkom-sluzbenicu-napala-dvije-policijske-sluzbenice-tuzilac-naredio-da-se-privede\/#primaryimage"},"thumbnailUrl":"https:\/\/sandzakpress.net\/arhiva\/wp-content\/uploads\/2019\/08\/PU3.jpg","datePublished":"2019-08-05T10:45:02+00:00","dateModified":"2019-08-05T11:54:47+00:00","breadcrumb":{"@id":"https:\/\/sandzakpress.net\/arhiva\/pu-novi-pazar-edita-radetinac-gadjala-olovkom-sluzbenicu-napala-dvije-policijske-sluzbenice-tuzilac-naredio-da-se-privede\/#breadcrumb"},"inLanguage":"bs-BA","potentialAction":[{"@type":"ReadAction","target":["https:\/\/sandzakpress.net\/arhiva\/pu-novi-pazar-edita-radetinac-gadjala-olovkom-sluzbenicu-napala-dvije-policijske-sluzbenice-tuzilac-naredio-da-se-privede\/"]}]},{"@type":"ImageObject","inLanguage":"bs-BA","@id":"https:\/\/sandzakpress.net\/arhiva\/pu-novi-pazar-edita-radetinac-gadjala-olovkom-sluzbenicu-napala-dvije-policijske-sluzbenice-tuzilac-naredio-da-se-privede\/#primaryimage","url":"https:\/\/sandzakpress.net\/arhiva\/wp-content\/uploads\/2019\/08\/PU3.jpg","contentUrl":"https:\/\/sandzakpress.net\/arhiva\/wp-content\/uploads\/2019\/08\/PU3.jpg","width":800,"height":533},{"@type":"BreadcrumbList","@id":"https:\/\/sandzakpress.net\/arhiva\/pu-novi-pazar-edita-radetinac-gadjala-olovkom-sluzbenicu-napala-dvije-policijske-sluzbenice-tuzilac-naredio-da-se-privede\/#breadcrumb","itemListElement":[{"@type":"ListItem","position":1,"name":"Home","item":"https:\/\/sandzakpress.net\/arhiva\/"},{"@type":"ListItem","position":2,"name":"PU Novi Pazar: Edita Radetinac ga\u0111ala olovkom slu\u017ebenicu, napala dvije policijske slu\u017ebenice, tu\u017eilac naredio da se privede"}]},{"@type":"WebSite","@id":"https:\/\/sandzakpress.net\/arhiva\/#website","url":"https:\/\/sandzakpress.net\/arhiva\/","name":"Sand\u017eak PRESS","description":"Prve elektronske novine u Sand\u017eaku","publisher":{"@id":"https:\/\/sandzakpress.net\/arhiva\/#\/schema\/person\/6e72b67d6e51910a1117b3b483ba20bd"},"potentialAction":[{"@type":"SearchAction","target":{"@type":"EntryPoint","urlTemplate":"https:\/\/sandzakpress.net\/arhiva\/?s={search_term_string}"},"query-input":{"@type":"PropertyValueSpecification","valueRequired":true,"valueName":"search_term_string"}}],"inLanguage":"bs-BA"},{"@type":["Person","Organization"],"@id":"https:\/\/sandzakpress.net\/arhiva\/#\/schema\/person\/6e72b67d6e51910a1117b3b483ba20bd","name":"Kul","image":{"@type":"ImageObject","inLanguage":"bs-BA","@id":"https:\/\/sandzakpress.net\/arhiva\/#\/schema\/person\/image\/","url":"https:\/\/secure.gravatar.com\/avatar\/42263f39aa27ac04c43cab85c280eb2e?s=96&d=mm&r=pg","contentUrl":"https:\/\/secure.gravatar.com\/avatar\/42263f39aa27ac04c43cab85c280eb2e?s=96&d=mm&r=pg","caption":"Kul"},"logo":{"@id":"https:\/\/sandzakpress.net\/arhiva\/#\/schema\/person\/image\/"}},{"@type":"Person","@id":"https:\/\/sandzakpress.net\/arhiva\/#\/schema\/person\/cb59d7e3ab91ab90dd680ad0305a6185","name":"Agencija","image":{"@type":"ImageObject","inLanguage":"bs-BA","@id":"https:\/\/sandzakpress.net\/arhiva\/#\/schema\/person\/image\/","url":"https:\/\/secure.gravatar.com\/avatar\/4b7fafa80a22f0c2afe23966b3961fe0?s=96&d=mm&r=pg","contentUrl":"https:\/\/secure.gravatar.com\/avatar\/4b7fafa80a22f0c2afe23966b3961fe0?s=96&d=mm&r=pg","caption":"Agencija"},"url":"https:\/\/sandzakpress.net\/arhiva\/author\/agencija\/"}]}},"_links":{"self":[{"href":"https:\/\/sandzakpress.net\/arhiva\/wp-json\/wp\/v2\/posts\/226825"}],"collection":[{"href":"https:\/\/sandzakpress.net\/arhiva\/wp-json\/wp\/v2\/posts"}],"about":[{"href":"https:\/\/sandzakpress.net\/arhiva\/wp-json\/wp\/v2\/types\/post"}],"author":[{"embeddable":true,"href":"https:\/\/sandzakpress.net\/arhiva\/wp-json\/wp\/v2\/users\/509"}],"replies":[{"embeddable":true,"href":"https:\/\/sandzakpress.net\/arhiva\/wp-json\/wp\/v2\/comments?post=226825"}],"version-history":[{"count":0,"href":"https:\/\/sandzakpress.net\/arhiva\/wp-json\/wp\/v2\/posts\/226825\/revisions"}],"wp:featuredmedia":[{"embeddable":true,"href":"https:\/\/sandzakpress.net\/arhiva\/wp-json\/wp\/v2\/media\/226828"}],"wp:attachment":[{"href":"https:\/\/sandzakpress.net\/arhiva\/wp-json\/wp\/v2\/media?parent=226825"}],"wp:term":[{"taxonomy":"category","embeddable":true,"href":"https:\/\/sandzakpress.net\/arhiva\/wp-json\/wp\/v2\/categories?post=226825"},{"taxonomy":"post_tag","embeddable":true,"href":"https:\/\/sandzakpress.net\/arhiva\/wp-json\/wp\/v2\/tags?post=226825"}],"curies":[{"name":"wp","href":"https:\/\/api.w.org\/{rel}","templated":true}]}}