{"id":226815,"date":"2019-08-03T18:34:07","date_gmt":"2019-08-03T16:34:07","guid":{"rendered":"https:\/\/sandzakpress.net\/arhiva\/?p=226815"},"modified":"2019-08-03T18:34:07","modified_gmt":"2019-08-03T16:34:07","slug":"djerlek-spp-nece-cutati-na-policijsku-torturu-porodici-radetinac-stacemo-u-zastitu-svojim-punim-kapacitetom","status":"publish","type":"post","link":"https:\/\/sandzakpress.net\/arhiva\/djerlek-spp-nece-cutati-na-policijsku-torturu-porodici-radetinac-stacemo-u-zastitu-svojim-punim-kapacitetom\/","title":{"rendered":"\u0110erlek:  SPP ne\u0107e \u0107utati na policijsku torturu, porodici Radetinac sta\u0107emo u za\u0161titu svojim punim kapacitetom"},"content":{"rendered":"<p><img loading=\"lazy\" decoding=\"async\" class=\"alignnone size-full wp-image-226819\" src=\"https:\/\/sandzakpress.net\/arhiva\/wp-content\/uploads\/2019\/08\/1.jpg\" alt=\"\" width=\"1280\" height=\"960\" srcset=\"https:\/\/sandzakpress.net\/arhiva\/wp-content\/uploads\/2019\/08\/1.jpg 1280w, https:\/\/sandzakpress.net\/arhiva\/wp-content\/uploads\/2019\/08\/1-768x576.jpg 768w, https:\/\/sandzakpress.net\/arhiva\/wp-content\/uploads\/2019\/08\/1-616x462.jpg 616w\" sizes=\"(max-width: 1280px) 100vw, 1280px\" \/><\/p>\n<p><strong>Pa\u017enju javnosti u Novom Pazaru privukao je slu\u010daj Edite Radetinac koja je kako tvrdi bez ikakvog razlog pro\u017eivela torturu u prostorijama Policijske uprave u Novom Pazaru.\u00a0\u00a0Gospo\u0111a Radetinac na press konferenciji koja je odr\u017eana u prostorijama Stranke pravde i pomirenja kazala da se napad desio 31. avgusta kada je sa dvoje maloljetne djece oti\u0161la u Policijsku upravu kako bi podigla li\u010dnu kartu za svog sina.<\/strong><\/p>\n<p><em>&#8220;Ja sam zatra\u017eila par\u010de papira i hemijsku olovku od gospo\u0111e koja je tu radila, o\u010dekivala sam da \u0107e ljubazno da mi pru\u017ei podr\u0161ku i da mi da papir ali je ona meni rekla da nema, dok je njen kolega Zoran meni pru\u017eio par\u010de papira i hemijsku i rekao &#8220;Izvolite gospo\u0111o, napi\u0161ite&#8221;, ja sam se u tom trenutku okrenula prema zidu i po\u010dela da pi\u0161em ime i prezime mog djeteta, dok su dvije doti\u010dne gospo\u0111e Vesna Ne\u0161kovi\u0107 i druga kojoj ne znam ime, po\u010dele ne\u0161to da pri\u010daju u vezi mene. Ja sam se okrenula i rekla &#8220;Ja se izvinajvam, ne znam zbog \u010dega se tako pona\u0161ate prema meni, nepravedno i neljudski, ja samo tra\u017eim svoje pravo kao gra\u0111anin ovog grada&#8221;, ja sam iza\u0161la do hodnika da nastavim da pi\u0161em tamo gdje sam stala, da bi doti\u010dna Vesna Ne\u0161kovi\u0107 meni rekla &#8220;Sad \u0107e\u0161 da ode\u0161 do pisarnice i tamo pi\u0161e\u0161, a ne ovdje&#8221; Ja sam rekla da ne bih i\u0161la jer sam pri kraju. Ona je izletela sa svog radnog mjesta i mene dohvatila za desnu ruku, po\u010dela da me vu\u010de i tra\u017eila mi je papir koji mi je na kraju otela. Ja sam rekla da ne znam \u0161ta sam ja njoj uradila da bi se ona tako pona\u0161ala prema meni.&#8221;,<\/em> kazala Edita Radetinac.<\/p>\n<div class=\"youtube-embed\" data-video_id=\"fQXQqgxUWUQ\"><iframe loading=\"lazy\" title=\"Tema dana - Press konferencija Edite Radetinac o napadu slu\u017ebenih lica novopazarskog MUP-a\" width=\"696\" height=\"392\" src=\"https:\/\/www.youtube.com\/embed\/fQXQqgxUWUQ?feature=oembed&#038;enablejsapi=1\" frameborder=\"0\" allow=\"accelerometer; autoplay; encrypted-media; gyroscope; picture-in-picture\" allowfullscreen><\/iframe><\/div>\n<p>Gospo\u0111a Radetinac dodaje da se tu tortura nije zavr\u0161ila, u nastavku su joj zabranili da komunicira sa djecom, te prijetili pritvorom od 48 sati iako su policajci bili upoznati da je ku\u0107i \u010deka dijete od 10 mjeseci.<\/p>\n<p><em>&#8220;Mene su odvojili od dvoje djece, odveli su me u kancelariju bez vode, bez bilo \u010dega i bez djece a djeci nisu pru\u017eili nikakvu pomo\u0107. Ja sam gore dala izjavu iako u toj izjavi nije pola onoga \u0161to sam ja napisala, nakon toga su do\u0161li do mene i rekli mi da sam pritvorena 48h. Zaplakala sam kada sam shvatila da imam bebu ku\u0107i od 10 mjeseci i \u0107erku od 13 godina koja ne zna gdje se njena majka nalazi 7 sati. Ja nisam ni kriminalac, ni ubica da do\u017eivim ovakvu torturu od nadle\u017enih iz SUP-a, ja sam molila za jedan poziv kako bih pozvala tetku, supruga koji se nalazio na putu, da znaju gdje sam ali mi nisu dozvolili. Rekli su da \u0107e pozvati socijalnu slu\u017ebu da se meni djeca oduzmu i da idu hraniteljskoj porodici jer sam ja uhap\u0161ena. Ja sam rekla da idem samo mrtva i ja \u0107u da se borim za svoju djecu, za svoja prava da se to sutra ne desi nekoj drugoj sestri, majci, supruzi, bilo kome, ovo je stra\u0161no \u0161to se meni desilo.&#8221;<\/em><\/p>\n<p>Iz Stranke Pravde i pomirenja istakli da policija treba da \u0161titi gra\u0111ane a ne da ih maltretira i da vr\u0161i torturu nad gra\u0111anima.<\/p>\n<p><em>&#8220;To je njihov primarni zadatak a ne da se grli sa kriminalcima po ovom ili nekom drugom gradu, to je primarni zadatak policije. Gra\u0111ani u policiji treba da osje\u0107aju sigurnost. Iako vjerujem i znam da ima \u010dasnih policajaca koji rade savesno svoj posao, ovaj doga\u0111aj itekako baca senku na \u010ditavu Policijsku upravu u Novom Pazaru. Mi kao stranka ne mo\u017eemo \u0107utati na ovakve stvari i o\u010dekujemo od svih faktora da se po ovom pitanju izjasne jer ovdje nije bitna samo porodica Edite Radetinac koja je do\u017eivjela ovakvu torturu, ovdje je bitan svaki gra\u0111anin bez obzira na vjersku i nacionalnu pripadnost. Zato ovom prilikom \u017eelim da pozovem MUP, sve nadle\u017ene organe, Policijsku upravu da sprovedu odgovorne, da razjasne ovaj slu\u010daj i neka znaju da ne\u0107emo stati, da ako se na bilo koji na\u010din poku\u0161a zata\u0161kati ovaj slu\u010daj da \u0107emo i\u0107i do kraja i obratiti se najvi\u0161im sudskim i nesudskim instancama.&#8221;<\/em>, istakao Edin \u0110erlek<\/p>\n<p>\u0110erlek dodaje da je su\u0161tina postojanja Stranke pravde i pomirenja borba za prava gra\u0111ana, te da ovakvi doga\u0111aji uzemiruju javnost i vode ka destabilizaciji.<\/p>\n<p><em>&#8220;Stoga, \u017eelim da pozovem i sve one koji su ovom prilikom bili u Policijskoj upravi da svedo\u010de i da govore o onome \u0161to se zaista desilo toga dana, isto tako \u017eelim da pozovem i ostale gra\u0111ane koji su imali sli\u010dne probleme, a ja znam da su imali, koji su do\u017eivjeli torturu ili nasilno pona\u0161anje od strane policije da prijave problem, da se ne pla\u0161e jer \u0107emo za svakog gra\u0111anina stati u za\u0161titu. Za gospo\u0111u Radetinac i za njenu porodicu, za njenu \u010ditavu familiju sta\u0107emo u za\u0161titu svojim punim kapacitetom, i svojim pravnim timom, i svojim ljudstvom i finansijama i svim onim \u0161to je u na\u0161em raspolaganju. Pozivam sve nadle\u017ene organe, sve odgovorne, pozivam na\u010delnika PU Novi Pazar da iza\u0111e on javno i da objasni \u0161ta se desilo tog dana.&#8221;<\/em><\/p>\n<p>Redakcija Sand\u017eak televizije uputila je dopis Policijskoj upravi u Novom Pazaru u vezi sa slu\u010dajem gospo\u0111e Radetinac ali do zaklju\u010denja ovog priloga odgovor nismo dobili.<\/p>\n<p>\u00a0<img loading=\"lazy\" decoding=\"async\" class=\"alignnone size-full wp-image-226817\" src=\"https:\/\/sandzakpress.net\/arhiva\/wp-content\/uploads\/2019\/08\/press-edita-1.jpg\" alt=\"\" width=\"960\" height=\"1280\" srcset=\"https:\/\/sandzakpress.net\/arhiva\/wp-content\/uploads\/2019\/08\/press-edita-1.jpg 960w, https:\/\/sandzakpress.net\/arhiva\/wp-content\/uploads\/2019\/08\/press-edita-1-768x1024.jpg 768w, https:\/\/sandzakpress.net\/arhiva\/wp-content\/uploads\/2019\/08\/press-edita-1-616x821.jpg 616w\" sizes=\"(max-width: 960px) 100vw, 960px\" \/><\/p>\n","protected":false},"excerpt":{"rendered":"<p>Pa\u017enju javnosti u Novom Pazaru privukao je slu\u010daj Edite Radetinac koja je kako tvrdi bez ikakvog razlog pro\u017eivela torturu u prostorijama Policijske uprave u Novom Pazaru.\u00a0\u00a0Gospo\u0111a Radetinac na press konferenciji koja je odr\u017eana u prostorijama Stranke pravde i pomirenja kazala da se napad desio 31. avgusta kada je sa dvoje maloljetne djece oti\u0161la u Policijsku [&hellip;]<\/p>\n","protected":false},"author":509,"featured_media":226819,"comment_status":"open","ping_status":"open","sticky":false,"template":"","format":"standard","meta":{"footnotes":""},"categories":[72,1,8957],"tags":[10223,10541],"class_list":{"0":"post-226815","1":"post","2":"type-post","3":"status-publish","4":"format-standard","5":"has-post-thumbnail","7":"category-novi-pazar","8":"category-politika","9":"category-vijesti-dana","10":"tag-bdz","11":"tag-spp"},"yoast_head":"<!-- This site is optimized with the Yoast SEO Premium plugin v23.1 (Yoast SEO v24.9) - https:\/\/yoast.com\/wordpress\/plugins\/seo\/ -->\n<title>\u0110erlek: SPP ne\u0107e \u0107utati na policijsku torturu, porodici Radetinac sta\u0107emo u za\u0161titu svojim punim kapacitetom<\/title>\n<meta name=\"robots\" content=\"index, follow, max-snippet:-1, max-image-preview:large, max-video-preview:-1\" \/>\n<link rel=\"canonical\" href=\"https:\/\/sandzakpress.net\/arhiva\/djerlek-spp-nece-cutati-na-policijsku-torturu-porodici-radetinac-stacemo-u-zastitu-svojim-punim-kapacitetom\/\" \/>\n<meta property=\"og:locale\" content=\"bs_BA\" \/>\n<meta property=\"og:type\" content=\"article\" \/>\n<meta property=\"og:title\" content=\"\u0110erlek: SPP ne\u0107e \u0107utati na policijsku torturu, porodici Radetinac sta\u0107emo u za\u0161titu svojim punim kapacitetom\" \/>\n<meta property=\"og:description\" content=\"Pa\u017enju javnosti u Novom Pazaru privukao je slu\u010daj Edite Radetinac koja je kako tvrdi bez ikakvog razlog pro\u017eivela torturu u prostorijama Policijske uprave u Novom Pazaru.\u00a0\u00a0Gospo\u0111a Radetinac na press konferenciji koja je odr\u017eana u prostorijama Stranke pravde i pomirenja kazala da se napad desio 31. avgusta kada je sa dvoje maloljetne djece oti\u0161la u Policijsku [&hellip;]\" \/>\n<meta property=\"og:url\" content=\"https:\/\/sandzakpress.net\/arhiva\/djerlek-spp-nece-cutati-na-policijsku-torturu-porodici-radetinac-stacemo-u-zastitu-svojim-punim-kapacitetom\/\" \/>\n<meta property=\"og:site_name\" content=\"Sand\u017eak PRESS\" \/>\n<meta property=\"article:published_time\" content=\"2019-08-03T16:34:07+00:00\" \/>\n<meta property=\"og:image\" content=\"https:\/\/sandzakpress.net\/arhiva\/wp-content\/uploads\/2019\/08\/1.jpg\" \/>\n\t<meta property=\"og:image:width\" content=\"1280\" \/>\n\t<meta property=\"og:image:height\" content=\"960\" \/>\n\t<meta property=\"og:image:type\" content=\"image\/jpeg\" \/>\n<meta name=\"author\" content=\"Agencija\" \/>\n<meta name=\"twitter:card\" content=\"summary_large_image\" \/>\n<meta name=\"twitter:label1\" content=\"Written by\" \/>\n\t<meta name=\"twitter:data1\" content=\"Agencija\" \/>\n\t<meta name=\"twitter:label2\" content=\"Est. reading time\" \/>\n\t<meta name=\"twitter:data2\" content=\"5 minuta\" \/>\n<script type=\"application\/ld+json\" class=\"yoast-schema-graph\">{\"@context\":\"https:\/\/schema.org\",\"@graph\":[{\"@type\":\"Article\",\"@id\":\"https:\/\/sandzakpress.net\/arhiva\/djerlek-spp-nece-cutati-na-policijsku-torturu-porodici-radetinac-stacemo-u-zastitu-svojim-punim-kapacitetom\/#article\",\"isPartOf\":{\"@id\":\"https:\/\/sandzakpress.net\/arhiva\/djerlek-spp-nece-cutati-na-policijsku-torturu-porodici-radetinac-stacemo-u-zastitu-svojim-punim-kapacitetom\/\"},\"author\":{\"name\":\"Agencija\",\"@id\":\"https:\/\/sandzakpress.net\/arhiva\/#\/schema\/person\/cb59d7e3ab91ab90dd680ad0305a6185\"},\"headline\":\"\u0110erlek: SPP ne\u0107e \u0107utati na policijsku torturu, porodici Radetinac sta\u0107emo u za\u0161titu svojim punim kapacitetom\",\"datePublished\":\"2019-08-03T16:34:07+00:00\",\"mainEntityOfPage\":{\"@id\":\"https:\/\/sandzakpress.net\/arhiva\/djerlek-spp-nece-cutati-na-policijsku-torturu-porodici-radetinac-stacemo-u-zastitu-svojim-punim-kapacitetom\/\"},\"wordCount\":955,\"commentCount\":6,\"publisher\":{\"@id\":\"https:\/\/sandzakpress.net\/arhiva\/#\/schema\/person\/6e72b67d6e51910a1117b3b483ba20bd\"},\"image\":{\"@id\":\"https:\/\/sandzakpress.net\/arhiva\/djerlek-spp-nece-cutati-na-policijsku-torturu-porodici-radetinac-stacemo-u-zastitu-svojim-punim-kapacitetom\/#primaryimage\"},\"thumbnailUrl\":\"https:\/\/sandzakpress.net\/arhiva\/wp-content\/uploads\/2019\/08\/1.jpg\",\"keywords\":[\"BDZ\",\"SPP\"],\"articleSection\":[\"Novi Pazar\",\"Politika\",\"VIJESTI DANA\"],\"inLanguage\":\"bs-BA\",\"potentialAction\":[{\"@type\":\"CommentAction\",\"name\":\"Comment\",\"target\":[\"https:\/\/sandzakpress.net\/arhiva\/djerlek-spp-nece-cutati-na-policijsku-torturu-porodici-radetinac-stacemo-u-zastitu-svojim-punim-kapacitetom\/#respond\"]}]},{\"@type\":\"WebPage\",\"@id\":\"https:\/\/sandzakpress.net\/arhiva\/djerlek-spp-nece-cutati-na-policijsku-torturu-porodici-radetinac-stacemo-u-zastitu-svojim-punim-kapacitetom\/\",\"url\":\"https:\/\/sandzakpress.net\/arhiva\/djerlek-spp-nece-cutati-na-policijsku-torturu-porodici-radetinac-stacemo-u-zastitu-svojim-punim-kapacitetom\/\",\"name\":\"\u0110erlek: SPP ne\u0107e \u0107utati na policijsku torturu, porodici Radetinac sta\u0107emo u za\u0161titu svojim punim kapacitetom\",\"isPartOf\":{\"@id\":\"https:\/\/sandzakpress.net\/arhiva\/#website\"},\"primaryImageOfPage\":{\"@id\":\"https:\/\/sandzakpress.net\/arhiva\/djerlek-spp-nece-cutati-na-policijsku-torturu-porodici-radetinac-stacemo-u-zastitu-svojim-punim-kapacitetom\/#primaryimage\"},\"image\":{\"@id\":\"https:\/\/sandzakpress.net\/arhiva\/djerlek-spp-nece-cutati-na-policijsku-torturu-porodici-radetinac-stacemo-u-zastitu-svojim-punim-kapacitetom\/#primaryimage\"},\"thumbnailUrl\":\"https:\/\/sandzakpress.net\/arhiva\/wp-content\/uploads\/2019\/08\/1.jpg\",\"datePublished\":\"2019-08-03T16:34:07+00:00\",\"breadcrumb\":{\"@id\":\"https:\/\/sandzakpress.net\/arhiva\/djerlek-spp-nece-cutati-na-policijsku-torturu-porodici-radetinac-stacemo-u-zastitu-svojim-punim-kapacitetom\/#breadcrumb\"},\"inLanguage\":\"bs-BA\",\"potentialAction\":[{\"@type\":\"ReadAction\",\"target\":[\"https:\/\/sandzakpress.net\/arhiva\/djerlek-spp-nece-cutati-na-policijsku-torturu-porodici-radetinac-stacemo-u-zastitu-svojim-punim-kapacitetom\/\"]}]},{\"@type\":\"ImageObject\",\"inLanguage\":\"bs-BA\",\"@id\":\"https:\/\/sandzakpress.net\/arhiva\/djerlek-spp-nece-cutati-na-policijsku-torturu-porodici-radetinac-stacemo-u-zastitu-svojim-punim-kapacitetom\/#primaryimage\",\"url\":\"https:\/\/sandzakpress.net\/arhiva\/wp-content\/uploads\/2019\/08\/1.jpg\",\"contentUrl\":\"https:\/\/sandzakpress.net\/arhiva\/wp-content\/uploads\/2019\/08\/1.jpg\",\"width\":1280,\"height\":960},{\"@type\":\"BreadcrumbList\",\"@id\":\"https:\/\/sandzakpress.net\/arhiva\/djerlek-spp-nece-cutati-na-policijsku-torturu-porodici-radetinac-stacemo-u-zastitu-svojim-punim-kapacitetom\/#breadcrumb\",\"itemListElement\":[{\"@type\":\"ListItem\",\"position\":1,\"name\":\"Home\",\"item\":\"https:\/\/sandzakpress.net\/arhiva\/\"},{\"@type\":\"ListItem\",\"position\":2,\"name\":\"\u0110erlek: SPP ne\u0107e \u0107utati na policijsku torturu, porodici Radetinac sta\u0107emo u za\u0161titu svojim punim kapacitetom\"}]},{\"@type\":\"WebSite\",\"@id\":\"https:\/\/sandzakpress.net\/arhiva\/#website\",\"url\":\"https:\/\/sandzakpress.net\/arhiva\/\",\"name\":\"Sand\u017eak PRESS\",\"description\":\"Prve elektronske novine u Sand\u017eaku\",\"publisher\":{\"@id\":\"https:\/\/sandzakpress.net\/arhiva\/#\/schema\/person\/6e72b67d6e51910a1117b3b483ba20bd\"},\"potentialAction\":[{\"@type\":\"SearchAction\",\"target\":{\"@type\":\"EntryPoint\",\"urlTemplate\":\"https:\/\/sandzakpress.net\/arhiva\/?s={search_term_string}\"},\"query-input\":{\"@type\":\"PropertyValueSpecification\",\"valueRequired\":true,\"valueName\":\"search_term_string\"}}],\"inLanguage\":\"bs-BA\"},{\"@type\":[\"Person\",\"Organization\"],\"@id\":\"https:\/\/sandzakpress.net\/arhiva\/#\/schema\/person\/6e72b67d6e51910a1117b3b483ba20bd\",\"name\":\"Kul\",\"image\":{\"@type\":\"ImageObject\",\"inLanguage\":\"bs-BA\",\"@id\":\"https:\/\/sandzakpress.net\/arhiva\/#\/schema\/person\/image\/\",\"url\":\"https:\/\/secure.gravatar.com\/avatar\/42263f39aa27ac04c43cab85c280eb2e?s=96&d=mm&r=pg\",\"contentUrl\":\"https:\/\/secure.gravatar.com\/avatar\/42263f39aa27ac04c43cab85c280eb2e?s=96&d=mm&r=pg\",\"caption\":\"Kul\"},\"logo\":{\"@id\":\"https:\/\/sandzakpress.net\/arhiva\/#\/schema\/person\/image\/\"}},{\"@type\":\"Person\",\"@id\":\"https:\/\/sandzakpress.net\/arhiva\/#\/schema\/person\/cb59d7e3ab91ab90dd680ad0305a6185\",\"name\":\"Agencija\",\"image\":{\"@type\":\"ImageObject\",\"inLanguage\":\"bs-BA\",\"@id\":\"https:\/\/sandzakpress.net\/arhiva\/#\/schema\/person\/image\/\",\"url\":\"https:\/\/secure.gravatar.com\/avatar\/4b7fafa80a22f0c2afe23966b3961fe0?s=96&d=mm&r=pg\",\"contentUrl\":\"https:\/\/secure.gravatar.com\/avatar\/4b7fafa80a22f0c2afe23966b3961fe0?s=96&d=mm&r=pg\",\"caption\":\"Agencija\"},\"url\":\"https:\/\/sandzakpress.net\/arhiva\/author\/agencija\/\"}]}<\/script>\n<!-- \/ Yoast SEO Premium plugin. -->","yoast_head_json":{"title":"\u0110erlek: SPP ne\u0107e \u0107utati na policijsku torturu, porodici Radetinac sta\u0107emo u za\u0161titu svojim punim kapacitetom","robots":{"index":"index","follow":"follow","max-snippet":"max-snippet:-1","max-image-preview":"max-image-preview:large","max-video-preview":"max-video-preview:-1"},"canonical":"https:\/\/sandzakpress.net\/arhiva\/djerlek-spp-nece-cutati-na-policijsku-torturu-porodici-radetinac-stacemo-u-zastitu-svojim-punim-kapacitetom\/","og_locale":"bs_BA","og_type":"article","og_title":"\u0110erlek: SPP ne\u0107e \u0107utati na policijsku torturu, porodici Radetinac sta\u0107emo u za\u0161titu svojim punim kapacitetom","og_description":"Pa\u017enju javnosti u Novom Pazaru privukao je slu\u010daj Edite Radetinac koja je kako tvrdi bez ikakvog razlog pro\u017eivela torturu u prostorijama Policijske uprave u Novom Pazaru.\u00a0\u00a0Gospo\u0111a Radetinac na press konferenciji koja je odr\u017eana u prostorijama Stranke pravde i pomirenja kazala da se napad desio 31. avgusta kada je sa dvoje maloljetne djece oti\u0161la u Policijsku [&hellip;]","og_url":"https:\/\/sandzakpress.net\/arhiva\/djerlek-spp-nece-cutati-na-policijsku-torturu-porodici-radetinac-stacemo-u-zastitu-svojim-punim-kapacitetom\/","og_site_name":"Sand\u017eak PRESS","article_published_time":"2019-08-03T16:34:07+00:00","og_image":[{"width":1280,"height":960,"url":"https:\/\/sandzakpress.net\/arhiva\/wp-content\/uploads\/2019\/08\/1.jpg","type":"image\/jpeg"}],"author":"Agencija","twitter_card":"summary_large_image","twitter_misc":{"Written by":"Agencija","Est. reading time":"5 minuta"},"schema":{"@context":"https:\/\/schema.org","@graph":[{"@type":"Article","@id":"https:\/\/sandzakpress.net\/arhiva\/djerlek-spp-nece-cutati-na-policijsku-torturu-porodici-radetinac-stacemo-u-zastitu-svojim-punim-kapacitetom\/#article","isPartOf":{"@id":"https:\/\/sandzakpress.net\/arhiva\/djerlek-spp-nece-cutati-na-policijsku-torturu-porodici-radetinac-stacemo-u-zastitu-svojim-punim-kapacitetom\/"},"author":{"name":"Agencija","@id":"https:\/\/sandzakpress.net\/arhiva\/#\/schema\/person\/cb59d7e3ab91ab90dd680ad0305a6185"},"headline":"\u0110erlek: SPP ne\u0107e \u0107utati na policijsku torturu, porodici Radetinac sta\u0107emo u za\u0161titu svojim punim kapacitetom","datePublished":"2019-08-03T16:34:07+00:00","mainEntityOfPage":{"@id":"https:\/\/sandzakpress.net\/arhiva\/djerlek-spp-nece-cutati-na-policijsku-torturu-porodici-radetinac-stacemo-u-zastitu-svojim-punim-kapacitetom\/"},"wordCount":955,"commentCount":6,"publisher":{"@id":"https:\/\/sandzakpress.net\/arhiva\/#\/schema\/person\/6e72b67d6e51910a1117b3b483ba20bd"},"image":{"@id":"https:\/\/sandzakpress.net\/arhiva\/djerlek-spp-nece-cutati-na-policijsku-torturu-porodici-radetinac-stacemo-u-zastitu-svojim-punim-kapacitetom\/#primaryimage"},"thumbnailUrl":"https:\/\/sandzakpress.net\/arhiva\/wp-content\/uploads\/2019\/08\/1.jpg","keywords":["BDZ","SPP"],"articleSection":["Novi Pazar","Politika","VIJESTI DANA"],"inLanguage":"bs-BA","potentialAction":[{"@type":"CommentAction","name":"Comment","target":["https:\/\/sandzakpress.net\/arhiva\/djerlek-spp-nece-cutati-na-policijsku-torturu-porodici-radetinac-stacemo-u-zastitu-svojim-punim-kapacitetom\/#respond"]}]},{"@type":"WebPage","@id":"https:\/\/sandzakpress.net\/arhiva\/djerlek-spp-nece-cutati-na-policijsku-torturu-porodici-radetinac-stacemo-u-zastitu-svojim-punim-kapacitetom\/","url":"https:\/\/sandzakpress.net\/arhiva\/djerlek-spp-nece-cutati-na-policijsku-torturu-porodici-radetinac-stacemo-u-zastitu-svojim-punim-kapacitetom\/","name":"\u0110erlek: SPP ne\u0107e \u0107utati na policijsku torturu, porodici Radetinac sta\u0107emo u za\u0161titu svojim punim kapacitetom","isPartOf":{"@id":"https:\/\/sandzakpress.net\/arhiva\/#website"},"primaryImageOfPage":{"@id":"https:\/\/sandzakpress.net\/arhiva\/djerlek-spp-nece-cutati-na-policijsku-torturu-porodici-radetinac-stacemo-u-zastitu-svojim-punim-kapacitetom\/#primaryimage"},"image":{"@id":"https:\/\/sandzakpress.net\/arhiva\/djerlek-spp-nece-cutati-na-policijsku-torturu-porodici-radetinac-stacemo-u-zastitu-svojim-punim-kapacitetom\/#primaryimage"},"thumbnailUrl":"https:\/\/sandzakpress.net\/arhiva\/wp-content\/uploads\/2019\/08\/1.jpg","datePublished":"2019-08-03T16:34:07+00:00","breadcrumb":{"@id":"https:\/\/sandzakpress.net\/arhiva\/djerlek-spp-nece-cutati-na-policijsku-torturu-porodici-radetinac-stacemo-u-zastitu-svojim-punim-kapacitetom\/#breadcrumb"},"inLanguage":"bs-BA","potentialAction":[{"@type":"ReadAction","target":["https:\/\/sandzakpress.net\/arhiva\/djerlek-spp-nece-cutati-na-policijsku-torturu-porodici-radetinac-stacemo-u-zastitu-svojim-punim-kapacitetom\/"]}]},{"@type":"ImageObject","inLanguage":"bs-BA","@id":"https:\/\/sandzakpress.net\/arhiva\/djerlek-spp-nece-cutati-na-policijsku-torturu-porodici-radetinac-stacemo-u-zastitu-svojim-punim-kapacitetom\/#primaryimage","url":"https:\/\/sandzakpress.net\/arhiva\/wp-content\/uploads\/2019\/08\/1.jpg","contentUrl":"https:\/\/sandzakpress.net\/arhiva\/wp-content\/uploads\/2019\/08\/1.jpg","width":1280,"height":960},{"@type":"BreadcrumbList","@id":"https:\/\/sandzakpress.net\/arhiva\/djerlek-spp-nece-cutati-na-policijsku-torturu-porodici-radetinac-stacemo-u-zastitu-svojim-punim-kapacitetom\/#breadcrumb","itemListElement":[{"@type":"ListItem","position":1,"name":"Home","item":"https:\/\/sandzakpress.net\/arhiva\/"},{"@type":"ListItem","position":2,"name":"\u0110erlek: SPP ne\u0107e \u0107utati na policijsku torturu, porodici Radetinac sta\u0107emo u za\u0161titu svojim punim kapacitetom"}]},{"@type":"WebSite","@id":"https:\/\/sandzakpress.net\/arhiva\/#website","url":"https:\/\/sandzakpress.net\/arhiva\/","name":"Sand\u017eak PRESS","description":"Prve elektronske novine u Sand\u017eaku","publisher":{"@id":"https:\/\/sandzakpress.net\/arhiva\/#\/schema\/person\/6e72b67d6e51910a1117b3b483ba20bd"},"potentialAction":[{"@type":"SearchAction","target":{"@type":"EntryPoint","urlTemplate":"https:\/\/sandzakpress.net\/arhiva\/?s={search_term_string}"},"query-input":{"@type":"PropertyValueSpecification","valueRequired":true,"valueName":"search_term_string"}}],"inLanguage":"bs-BA"},{"@type":["Person","Organization"],"@id":"https:\/\/sandzakpress.net\/arhiva\/#\/schema\/person\/6e72b67d6e51910a1117b3b483ba20bd","name":"Kul","image":{"@type":"ImageObject","inLanguage":"bs-BA","@id":"https:\/\/sandzakpress.net\/arhiva\/#\/schema\/person\/image\/","url":"https:\/\/secure.gravatar.com\/avatar\/42263f39aa27ac04c43cab85c280eb2e?s=96&d=mm&r=pg","contentUrl":"https:\/\/secure.gravatar.com\/avatar\/42263f39aa27ac04c43cab85c280eb2e?s=96&d=mm&r=pg","caption":"Kul"},"logo":{"@id":"https:\/\/sandzakpress.net\/arhiva\/#\/schema\/person\/image\/"}},{"@type":"Person","@id":"https:\/\/sandzakpress.net\/arhiva\/#\/schema\/person\/cb59d7e3ab91ab90dd680ad0305a6185","name":"Agencija","image":{"@type":"ImageObject","inLanguage":"bs-BA","@id":"https:\/\/sandzakpress.net\/arhiva\/#\/schema\/person\/image\/","url":"https:\/\/secure.gravatar.com\/avatar\/4b7fafa80a22f0c2afe23966b3961fe0?s=96&d=mm&r=pg","contentUrl":"https:\/\/secure.gravatar.com\/avatar\/4b7fafa80a22f0c2afe23966b3961fe0?s=96&d=mm&r=pg","caption":"Agencija"},"url":"https:\/\/sandzakpress.net\/arhiva\/author\/agencija\/"}]}},"_links":{"self":[{"href":"https:\/\/sandzakpress.net\/arhiva\/wp-json\/wp\/v2\/posts\/226815"}],"collection":[{"href":"https:\/\/sandzakpress.net\/arhiva\/wp-json\/wp\/v2\/posts"}],"about":[{"href":"https:\/\/sandzakpress.net\/arhiva\/wp-json\/wp\/v2\/types\/post"}],"author":[{"embeddable":true,"href":"https:\/\/sandzakpress.net\/arhiva\/wp-json\/wp\/v2\/users\/509"}],"replies":[{"embeddable":true,"href":"https:\/\/sandzakpress.net\/arhiva\/wp-json\/wp\/v2\/comments?post=226815"}],"version-history":[{"count":0,"href":"https:\/\/sandzakpress.net\/arhiva\/wp-json\/wp\/v2\/posts\/226815\/revisions"}],"wp:featuredmedia":[{"embeddable":true,"href":"https:\/\/sandzakpress.net\/arhiva\/wp-json\/wp\/v2\/media\/226819"}],"wp:attachment":[{"href":"https:\/\/sandzakpress.net\/arhiva\/wp-json\/wp\/v2\/media?parent=226815"}],"wp:term":[{"taxonomy":"category","embeddable":true,"href":"https:\/\/sandzakpress.net\/arhiva\/wp-json\/wp\/v2\/categories?post=226815"},{"taxonomy":"post_tag","embeddable":true,"href":"https:\/\/sandzakpress.net\/arhiva\/wp-json\/wp\/v2\/tags?post=226815"}],"curies":[{"name":"wp","href":"https:\/\/api.w.org\/{rel}","templated":true}]}}