{"id":226778,"date":"2019-08-03T10:30:01","date_gmt":"2019-08-03T08:30:01","guid":{"rendered":"https:\/\/sandzakpress.net\/arhiva\/kavazovic-nasu-vjeru-nazivaju-militantnom-i-pripremaju-nove-zlocine-moramo-reagirati"},"modified":"2019-08-03T10:30:01","modified_gmt":"2019-08-03T08:30:01","slug":"kavazovic-nasu-vjeru-nazivaju-militantnom-i-pripremaju-nove-zlocine-moramo-reagirati","status":"publish","type":"post","link":"https:\/\/sandzakpress.net\/arhiva\/kavazovic-nasu-vjeru-nazivaju-militantnom-i-pripremaju-nove-zlocine-moramo-reagirati\/","title":{"rendered":"Kavazovi\u0107: Na\u0161u vjeru nazivaju militantnom i pripremaju nove zlo\u010dine, moramo reagirati"},"content":{"rendered":"<p><span class=\"cb-itemprop\"><\/p>\n<p><img loading=\"lazy\" decoding=\"async\" class=\"alignnone size-full wp-image-210760\" src=\"https:\/\/bosnapress.net\/wp-content\/uploads\/2019\/08\/Screenshot_1.png\" alt=\"\" width=\"819\" height=\"462\" \/><\/p>\n<div class=\"post__content post__content--holder\">\n<p>Reisu-l-ulema Islamske zajednice u BiH Husein ef. Kavazovi\u0107\u00a0u dana\u0161njoj hutbi na Igmanu, poru\u010dio je da se i danas, kao i svake godine, na platou pored Ratne d\u017eamije, \u201cokupljamo radi podsje\u0107anja na na\u0161e junake, gazije i\u00a0na veli\u010dinu njihove zakletve \u2013 \u010duvati domovinu i vjeru, \u0161tititi narod i braniti zemlju od du\u0161mana\u201d.<\/p>\n<p>Povodom obilje\u017eavanja manifestacije \u201cOdbrana BiH \u2013 Igman 2019\u201d, danas je na platou Ratne d\u017eamije na Igmanu prou\u010dena dova za sve \u0161ehide Bosne i Hercegovine te klanjan d\u017euma-namaz.<\/p>\n<p>-Kao i svake godine, na platou Igmana pored Vojni\u010dke d\u017eamije, okupimo se radi podsje\u0107anja na na\u0161e junake, na\u0161e gazije. Podsjetimo se na veli\u010dinu njihove zakletve: \u010duvati domovinu i vjeru, \u0161tititi narod i braniti zemlju od du\u0161mana. Bili su i goli, i bosi, i gladni, i promrzli, svjesni da imaju samo svoje \u017eivote i vjeru u Boga Jedinoga, Koji ih \u0161titi \u2013 poru\u010dio je Kavazovi\u0107.<\/p>\n<p>Kako je kazao, bili su ubije\u0111eni da su Allahova milost i pomo\u0107 na strani pravde, istine i \u010dovjekoljublja.<\/p>\n<p>-Bili su ponosni \u0161to im je Allah omogu\u0107io da se bore za te plemenite ideale. Njihov zavjet, kao i zavjet na\u0161ih hrabrih sinova i k\u0107eri od ljute Krajine do herojskog Podrinja, od hrabre Posavine do prkosne zemlje Hercegove, isti je zavjet Bogu, narodu i zemlji: \u017eivjet \u0107emo slobodno i svoju \u010deljad podizati u ljudskom dostojanstvu. Nisu se kolebali, ve\u0107 su svojim primjerom pokazali put i nama ostavili u amanet da se za slobodu i dostojanstvo naroda i zemlje borimo s istom odlu\u010dno\u0161\u0107u kakvu su i oni ispoljili, ponosno, \u010dvrsto, stameno, \u010dasno i uzdignute glave \u2013 istakao je reis Kavazovi\u0107.<\/p>\n<p>I danas, nastavio je, \u010detvrt stolje\u0107a poslije, \u201cnakon stra\u0161ne agresije, genocida i udru\u017eenog zlo\u010dina\u010dkog poduhvata, ta je odlu\u010dnost vi\u0161e nego potrebna, jer nasrtaji na na\u0161u domovinu i na\u0161 narod ne jenjavaju\u201d.<\/p>\n<p>-Samo je oru\u017eje druk\u010dije. I danas moramo ukazivati na poku\u0161aje dehumanizacije nas, bosanskih muslimana, koju vode politike iz susjednih zemalja, izmi\u0161ljaju\u0107i la\u017ei o na\u0161em \u010distom islamu. U isto vrijeme, oni se naoru\u017eavaju, spremni da zapo\u010deto nastave, kao da im zla nije malo. Odlikuju ratne zlo\u010dince i veli\u010daju zlo\u010dina\u010dke ideologije, uzdi\u017eu ih i ponose se njima. Na\u0161 najve\u0107i grijeh, u njihovim o\u010dima, uvijek je bio taj \u0161to volimo svoju zemlju i svoju vjeru i \u0161to nikada nismo bili spremni od te ljubavi odustati. To je ona ista mr\u017enja koju su iskusili na\u0161i preci bogumili, upu\u0107ivana prema na\u0161oj zemlji, kulturi i vjeri \u2013 rekao je Kavazovi\u0107 na Igmanu.<\/p>\n<p>I tada su, naglasio je, \u201cna\u0161u vjeru nazivali hereti\u010dkom, kako bi opravdali svoje zlo\u010dine nad nama\u201d.<\/p>\n<p>-Danas je nazivaju militantnom, kako bi nas dehumanizirali i pripremili za njihove nove zlo\u010dina\u010dke ekspedicije. Na njihovo nasrtanje ne smijemo ne reagirati. Obaveza je svakog savjesnog i \u010dasnog \u010dovjeka ukazati na zlo koje nam se \u010dini u Bosni i Hercegovini. I neka niko ne misli da \u0107emo lahko sa zlom, koje nam se sprema, i neka ne govori da ga se ono ne ti\u010de. Jer, voda \u0107e napuniti kr\u010dag i kada kapa kap po kap, kao \u0161to \u0107e se i \u010dovjek napuniti zlom, ako se ono u njemu nakuplja malo-pomalo. Oni koji o drugima \u0161ire la\u017ei i od njih ne odustaju, jednoga dana \u0107e po\u010diniti zlo, ako im se ne suprostavimo \u2013 podvukao je Kavazovi\u0107.<\/p>\n<p>Prema njegovim rije\u010dima, tovariti na le\u0111a krivicu bosanskim muslimanima i okrivljivati zbog svjetskog problema izbjeglica, samo zato \u0161to su te izbjeglice dobrim dijelom muslimani, ne\u010dasna je rabota i jasna zla namjera.<\/p>\n<p>-Jer, onaj ko nanosi patnju drugima, \u017eele\u0107i na taj na\u010din prigrabiti sebi korist, upast \u0107e u mre\u017eu mr\u017enje, iz koje se nikada ne\u0107e osloboditi. Vjera nas u\u010di da oni u \u010dijim postupcima i \u017eivotima nema milosr\u0111a ne\u0107e posti\u0107i bla\u017eenstvo ovog svijeta, dok dobri ljudi u pomaganju drugim ljudima vide blagoslov, dar od Boga, koji ih \u010dini plemenitim, sna\u017enim i velikim na ovom svijetu i priprema za drugi, bolji svijet. Najve\u0107i znak milosr\u0111a je ljubav, ne mrziti svog bli\u017enjeg, svog brata, svog kom\u0161iju, svog susjeda; ne mrziti ljude zbog jezika, vjere, boje ko\u017ee, one druga\u010dijih uvjerenja i pogleda na svijet \u2013 kazao je Kavazovi\u0107.<\/p>\n<\/p>\n<p>Upravo nas vjera u\u010di, nastavio je reis, na \u0161to ukazuju i Kur'an i Biblija, da su neutemeljena optu\u017eba i potvora te\u0161ki grijeh, ve\u0107i i od grijeha Ademovog.<\/p>\n<p>-La\u017ena optu\u017eba je bila uzrokom prvog zlo\u010dina u povijesti ljudskog roda, kada je Kabil ubio Habila. I zato, neka \u010dovjek obuzda svoje rije\u010di, neka obuzda svoje tijelo i neka obuzda svoj duh, pa \u0107e sa\u010duvati i sebe i druge mr\u017enje i patnje ovoga svijeta. Onaj ko istinski vjeruje u Bo\u017eiju rije\u010d, ne\u0107e biti isklju\u010div i netrpeljiv prema ljudima samo zato \u0161to su druge vjere, jer je svjestan da je uputa u Bo\u017eijim, a ne u ljudskim rukama. Sudbina \u010dovje\u010danstva je u mno\u0161tvu vjera i kultura \u2013 pojasnio je Kavazovi\u0107.<\/p>\n<\/div>\n<div id=\"gallery0\" class=\"slider slides__holder--biggest\">\n<div class=\"slide current\"><img decoding=\"async\" src=\"https:\/\/faktor.ba\/cms\/uploads\/2019\/08\/fe834f0802ae0d995cbb0b4f5fb2c12f.jpg\" \/><\/div>\n<div id=\"thumbnailsHolder\" class=\"flex__row horizontal__center vertical__center\"><img decoding=\"async\" class=\"slider__thumbnail\" src=\"https:\/\/faktor.ba\/cms\/uploads\/2019\/08\/8ab17fab5a459877ea10e4e38951e9f3.jpg\" alt=\"\" \/><img decoding=\"async\" class=\"slider__thumbnail\" src=\"https:\/\/faktor.ba\/cms\/uploads\/2019\/08\/6e1c4ec14869fad8e6df5dffaf27c669.jpg\" alt=\"\" \/><img decoding=\"async\" class=\"slider__thumbnail\" src=\"https:\/\/faktor.ba\/cms\/uploads\/2019\/08\/e2fff7df65a47108ef3eaaaa8970421b.jpg\" alt=\"\" \/><\/div>\n<\/div>\n<div class=\"flex--row horizontal--end vertical--center\">\n<p class=\"font-size-12 uppercase grey margin--top-10 col-30 text__right\">FOTO: AA<\/p>\n<\/div>\n<div class=\"post__content post__content--holder\">\n<p>Smatra da oni koji su pame\u0107u obdareni znaju da je snaga zajednice u njenom jedinstvu o najva\u017enijim pitanjima njenog opstanka.<\/p>\n<p>-Danas, na\u017ealost, u Bosni ima vi\u0161e udru\u017eenja i politi\u010dkih partija nego ljudi. Umjesto da zajedno vrijedno radimo, prepri\u010davamo ko je \u0161ta kome napisao ili rekao prije nekoliko godina i bavimo se drugim trivijalnostima i beskrajnim i nepotrebnim dokazivanjima ko je od koga ve\u0107i. Ne valja to.\u00a0 Pozivamo vas da odustanete od te prazne rabote i da udru\u017eite snage da popravite stanje u dru\u0161tvu. S ovoga mjesta pozivam sve da \u010duju Bo\u017eiju opomenu, svi se \u010dvrsto Allahova u\u017eeta dr\u017eite i nikako se ne razjedinjujte \u2013 rekao je Kavazovi\u0107.<\/p>\n<p>Smatra da je u jedinstvu \u201cva\u0161 spas, a u podjelama va\u0161a propast\u201d. Reis Kavazovi\u0107 je podsjetio da je za\u00a0nekoliko dana Kurban-bajram.<\/p>\n<p>-Muslimani u Meki se pripremaju za obrede had\u017ea. U sje\u0107anje dozivamo jo\u0161 \u017eive slike Ibrahima, a.s., i njegova sina Ismaila, a.s. Velika je to pouka cijelom na\u0161em narodu. Bez \u017ertve onoga \u0161to nam je drago, nema spasa ni za pojedinca ni za narod. \u017divot na zemlji je \u017ertva, trud i napor. Trudimo se da on bude sigurniji i lak\u0161i, makar za zehru ugodniji, radosniji i ljep\u0161i. Neka nam najve\u0107a radost bude osmijeh koji \u0107emo izmamiti na licu drugog \u010dovjeka, djeteta i \u017eene \u2013 istakao je Kavazovi\u0107.<\/p>\n<p>Bajram je, kako je kazao, vrijeme darivanja.<\/p>\n<p>-Darujmo jedni druge pa\u017enjom i posve\u0107eno\u0161\u0107u. Pripremimo na to svoje porodice i svoju \u010deljad. Pou\u010dimo ih na\u0161im obi\u010dajima i na\u0161oj tradiciji. Ne \u010dinimo za bajram ono \u0161to nisu \u010dinili na\u0161i preci. Mi imamo na\u0161e obi\u010daje. O\u017eivimo ih i ne pose\u017eimo za tu\u0111im, nama stranim obi\u010dajima. Bo\u017ee jedini, ujedini na\u0161a srca u vjeri, slozi i ljubavi. Osna\u017ei nas da u pote\u0161ko\u0107ama ne pokleknemo i da u isku\u0161enjima ne posrnemo. Osna\u017ei nam ljubav prema domovini. Sa\u010duvaj nam na\u0161u djecu i poka\u017ei im put do Tvoje vjere i sigurnosti. Bo\u017ee milostivi, oprosti nam grijehe koje znamo i koje ne znamo \u2013 dodao je reis Kavazovi\u0107 u hutbi na Igmanu.<\/p>\n<\/div>\n<p><span class=\"font-size-16 bold post__izvor margin--top-20 margin--right-10 flex--row vertical--center mobile--row\">Izvor:<a class=\"red__color font-size-16 bold text__link\" href=\"https:\/\/faktor.ba\/vijest\/kavazovic-nasu-vjeru-nazivaju-militantnom-i-pripremaju-nove-zlocine-moramo-reagirati\/46501#\" target=\"_blank\" rel=\"noopener\">\u00a0 Anadolija<\/a><\/span><\/p>\n<p><\/span><br \/>\nPogledajte vijest na izvornom sajtu:<\/p>\n<p><a href=\"https:\/\/bosnapress.net\/kavazovic-nasu-vjeru-nazivaju-militantnom-i-pripremaju-nove-zlocine-moramo-reagirati\/\" target=\"_blank\">Kavazovi\u0107: Na\u0161u vjeru nazivaju militantnom i pripremaju nove zlo\u010dine, moramo reagirati<\/a><\/p>\n","protected":false},"excerpt":{"rendered":"<p>Reisu-l-ulema Islamske zajednice u BiH Husein ef. Kavazovi\u0107\u00a0u dana\u0161njoj hutbi na Igmanu, poru\u010dio je da se i danas, kao i svake godine, na platou pored Ratne d\u017eamije, \u201cokupljamo radi podsje\u0107anja na na\u0161e junake, gazije i\u00a0na veli\u010dinu njihove zakletve \u2013 \u010duvati domovinu i vjeru, \u0161tititi narod i braniti zemlju od du\u0161mana\u201d. Povodom obilje\u017eavanja manifestacije \u201cOdbrana BiH [&hellip;]<\/p>\n","protected":false},"author":83,"featured_media":226779,"comment_status":"open","ping_status":"open","sticky":false,"template":"","format":"standard","meta":{"footnotes":""},"categories":[10513],"tags":[10466],"class_list":{"0":"post-226778","1":"post","2":"type-post","3":"status-publish","4":"format-standard","5":"has-post-thumbnail","7":"category-bosna-press","8":"tag-bosna-i-hercegovina"},"yoast_head":"<!-- This site is optimized with the Yoast SEO Premium plugin v23.1 (Yoast SEO v24.9) - https:\/\/yoast.com\/wordpress\/plugins\/seo\/ -->\n<title>Kavazovi\u0107: Na\u0161u vjeru nazivaju militantnom i pripremaju nove zlo\u010dine, moramo reagirati<\/title>\n<meta name=\"robots\" content=\"index, follow, max-snippet:-1, max-image-preview:large, max-video-preview:-1\" \/>\n<link rel=\"canonical\" href=\"https:\/\/sandzakpress.net\/arhiva\/kavazovic-nasu-vjeru-nazivaju-militantnom-i-pripremaju-nove-zlocine-moramo-reagirati\/\" \/>\n<meta property=\"og:locale\" content=\"bs_BA\" \/>\n<meta property=\"og:type\" content=\"article\" \/>\n<meta property=\"og:title\" content=\"Kavazovi\u0107: Na\u0161u vjeru nazivaju militantnom i pripremaju nove zlo\u010dine, moramo reagirati\" \/>\n<meta property=\"og:description\" content=\"Reisu-l-ulema Islamske zajednice u BiH Husein ef. Kavazovi\u0107\u00a0u dana\u0161njoj hutbi na Igmanu, poru\u010dio je da se i danas, kao i svake godine, na platou pored Ratne d\u017eamije, \u201cokupljamo radi podsje\u0107anja na na\u0161e junake, gazije i\u00a0na veli\u010dinu njihove zakletve \u2013 \u010duvati domovinu i vjeru, \u0161tititi narod i braniti zemlju od du\u0161mana\u201d. Povodom obilje\u017eavanja manifestacije \u201cOdbrana BiH [&hellip;]\" \/>\n<meta property=\"og:url\" content=\"https:\/\/sandzakpress.net\/arhiva\/kavazovic-nasu-vjeru-nazivaju-militantnom-i-pripremaju-nove-zlocine-moramo-reagirati\/\" \/>\n<meta property=\"og:site_name\" content=\"Sand\u017eak PRESS\" \/>\n<meta property=\"article:published_time\" content=\"2019-08-03T08:30:01+00:00\" \/>\n<meta property=\"og:image\" content=\"https:\/\/sandzakpress.net\/arhiva\/wp-content\/uploads\/2019\/08\/Screenshot_1.png\" \/>\n\t<meta property=\"og:image:width\" content=\"819\" \/>\n\t<meta property=\"og:image:height\" content=\"462\" \/>\n\t<meta property=\"og:image:type\" content=\"image\/png\" \/>\n<meta name=\"author\" content=\"bosniak\" \/>\n<meta name=\"twitter:card\" content=\"summary_large_image\" \/>\n<meta name=\"twitter:label1\" content=\"Written by\" \/>\n\t<meta name=\"twitter:data1\" content=\"bosniak\" \/>\n\t<meta name=\"twitter:label2\" content=\"Est. reading time\" \/>\n\t<meta name=\"twitter:data2\" content=\"6 minuta\" \/>\n<script type=\"application\/ld+json\" class=\"yoast-schema-graph\">{\"@context\":\"https:\/\/schema.org\",\"@graph\":[{\"@type\":\"Article\",\"@id\":\"https:\/\/sandzakpress.net\/arhiva\/kavazovic-nasu-vjeru-nazivaju-militantnom-i-pripremaju-nove-zlocine-moramo-reagirati\/#article\",\"isPartOf\":{\"@id\":\"https:\/\/sandzakpress.net\/arhiva\/kavazovic-nasu-vjeru-nazivaju-militantnom-i-pripremaju-nove-zlocine-moramo-reagirati\/\"},\"author\":{\"name\":\"bosniak\",\"@id\":\"https:\/\/sandzakpress.net\/arhiva\/#\/schema\/person\/c8baee722073534b583ea7bdb2e36c02\"},\"headline\":\"Kavazovi\u0107: Na\u0161u vjeru nazivaju militantnom i pripremaju nove zlo\u010dine, moramo reagirati\",\"datePublished\":\"2019-08-03T08:30:01+00:00\",\"mainEntityOfPage\":{\"@id\":\"https:\/\/sandzakpress.net\/arhiva\/kavazovic-nasu-vjeru-nazivaju-militantnom-i-pripremaju-nove-zlocine-moramo-reagirati\/\"},\"wordCount\":1275,\"commentCount\":0,\"publisher\":{\"@id\":\"https:\/\/sandzakpress.net\/arhiva\/#\/schema\/person\/6e72b67d6e51910a1117b3b483ba20bd\"},\"image\":{\"@id\":\"https:\/\/sandzakpress.net\/arhiva\/kavazovic-nasu-vjeru-nazivaju-militantnom-i-pripremaju-nove-zlocine-moramo-reagirati\/#primaryimage\"},\"thumbnailUrl\":\"https:\/\/sandzakpress.net\/arhiva\/wp-content\/uploads\/2019\/08\/Screenshot_1.png\",\"keywords\":[\"Bosna i Hercegovina\"],\"articleSection\":[\"Bosna PRESS\"],\"inLanguage\":\"bs-BA\",\"potentialAction\":[{\"@type\":\"CommentAction\",\"name\":\"Comment\",\"target\":[\"https:\/\/sandzakpress.net\/arhiva\/kavazovic-nasu-vjeru-nazivaju-militantnom-i-pripremaju-nove-zlocine-moramo-reagirati\/#respond\"]}]},{\"@type\":\"WebPage\",\"@id\":\"https:\/\/sandzakpress.net\/arhiva\/kavazovic-nasu-vjeru-nazivaju-militantnom-i-pripremaju-nove-zlocine-moramo-reagirati\/\",\"url\":\"https:\/\/sandzakpress.net\/arhiva\/kavazovic-nasu-vjeru-nazivaju-militantnom-i-pripremaju-nove-zlocine-moramo-reagirati\/\",\"name\":\"Kavazovi\u0107: Na\u0161u vjeru nazivaju militantnom i pripremaju nove zlo\u010dine, moramo reagirati\",\"isPartOf\":{\"@id\":\"https:\/\/sandzakpress.net\/arhiva\/#website\"},\"primaryImageOfPage\":{\"@id\":\"https:\/\/sandzakpress.net\/arhiva\/kavazovic-nasu-vjeru-nazivaju-militantnom-i-pripremaju-nove-zlocine-moramo-reagirati\/#primaryimage\"},\"image\":{\"@id\":\"https:\/\/sandzakpress.net\/arhiva\/kavazovic-nasu-vjeru-nazivaju-militantnom-i-pripremaju-nove-zlocine-moramo-reagirati\/#primaryimage\"},\"thumbnailUrl\":\"https:\/\/sandzakpress.net\/arhiva\/wp-content\/uploads\/2019\/08\/Screenshot_1.png\",\"datePublished\":\"2019-08-03T08:30:01+00:00\",\"breadcrumb\":{\"@id\":\"https:\/\/sandzakpress.net\/arhiva\/kavazovic-nasu-vjeru-nazivaju-militantnom-i-pripremaju-nove-zlocine-moramo-reagirati\/#breadcrumb\"},\"inLanguage\":\"bs-BA\",\"potentialAction\":[{\"@type\":\"ReadAction\",\"target\":[\"https:\/\/sandzakpress.net\/arhiva\/kavazovic-nasu-vjeru-nazivaju-militantnom-i-pripremaju-nove-zlocine-moramo-reagirati\/\"]}]},{\"@type\":\"ImageObject\",\"inLanguage\":\"bs-BA\",\"@id\":\"https:\/\/sandzakpress.net\/arhiva\/kavazovic-nasu-vjeru-nazivaju-militantnom-i-pripremaju-nove-zlocine-moramo-reagirati\/#primaryimage\",\"url\":\"https:\/\/sandzakpress.net\/arhiva\/wp-content\/uploads\/2019\/08\/Screenshot_1.png\",\"contentUrl\":\"https:\/\/sandzakpress.net\/arhiva\/wp-content\/uploads\/2019\/08\/Screenshot_1.png\",\"width\":819,\"height\":462},{\"@type\":\"BreadcrumbList\",\"@id\":\"https:\/\/sandzakpress.net\/arhiva\/kavazovic-nasu-vjeru-nazivaju-militantnom-i-pripremaju-nove-zlocine-moramo-reagirati\/#breadcrumb\",\"itemListElement\":[{\"@type\":\"ListItem\",\"position\":1,\"name\":\"Home\",\"item\":\"https:\/\/sandzakpress.net\/arhiva\/\"},{\"@type\":\"ListItem\",\"position\":2,\"name\":\"Kavazovi\u0107: Na\u0161u vjeru nazivaju militantnom i pripremaju nove zlo\u010dine, moramo reagirati\"}]},{\"@type\":\"WebSite\",\"@id\":\"https:\/\/sandzakpress.net\/arhiva\/#website\",\"url\":\"https:\/\/sandzakpress.net\/arhiva\/\",\"name\":\"Sand\u017eak PRESS\",\"description\":\"Prve elektronske novine u Sand\u017eaku\",\"publisher\":{\"@id\":\"https:\/\/sandzakpress.net\/arhiva\/#\/schema\/person\/6e72b67d6e51910a1117b3b483ba20bd\"},\"potentialAction\":[{\"@type\":\"SearchAction\",\"target\":{\"@type\":\"EntryPoint\",\"urlTemplate\":\"https:\/\/sandzakpress.net\/arhiva\/?s={search_term_string}\"},\"query-input\":{\"@type\":\"PropertyValueSpecification\",\"valueRequired\":true,\"valueName\":\"search_term_string\"}}],\"inLanguage\":\"bs-BA\"},{\"@type\":[\"Person\",\"Organization\"],\"@id\":\"https:\/\/sandzakpress.net\/arhiva\/#\/schema\/person\/6e72b67d6e51910a1117b3b483ba20bd\",\"name\":\"Kul\",\"image\":{\"@type\":\"ImageObject\",\"inLanguage\":\"bs-BA\",\"@id\":\"https:\/\/sandzakpress.net\/arhiva\/#\/schema\/person\/image\/\",\"url\":\"https:\/\/secure.gravatar.com\/avatar\/42263f39aa27ac04c43cab85c280eb2e?s=96&d=mm&r=pg\",\"contentUrl\":\"https:\/\/secure.gravatar.com\/avatar\/42263f39aa27ac04c43cab85c280eb2e?s=96&d=mm&r=pg\",\"caption\":\"Kul\"},\"logo\":{\"@id\":\"https:\/\/sandzakpress.net\/arhiva\/#\/schema\/person\/image\/\"}},{\"@type\":\"Person\",\"@id\":\"https:\/\/sandzakpress.net\/arhiva\/#\/schema\/person\/c8baee722073534b583ea7bdb2e36c02\",\"name\":\"bosniak\",\"image\":{\"@type\":\"ImageObject\",\"inLanguage\":\"bs-BA\",\"@id\":\"https:\/\/sandzakpress.net\/arhiva\/#\/schema\/person\/image\/\",\"url\":\"https:\/\/secure.gravatar.com\/avatar\/a04fd330bfe3a36a72a0ad4a6d89fca7?s=96&d=mm&r=pg\",\"contentUrl\":\"https:\/\/secure.gravatar.com\/avatar\/a04fd330bfe3a36a72a0ad4a6d89fca7?s=96&d=mm&r=pg\",\"caption\":\"bosniak\"},\"url\":\"https:\/\/sandzakpress.net\/arhiva\/author\/bosniak\/\"}]}<\/script>\n<!-- \/ Yoast SEO Premium plugin. -->","yoast_head_json":{"title":"Kavazovi\u0107: Na\u0161u vjeru nazivaju militantnom i pripremaju nove zlo\u010dine, moramo reagirati","robots":{"index":"index","follow":"follow","max-snippet":"max-snippet:-1","max-image-preview":"max-image-preview:large","max-video-preview":"max-video-preview:-1"},"canonical":"https:\/\/sandzakpress.net\/arhiva\/kavazovic-nasu-vjeru-nazivaju-militantnom-i-pripremaju-nove-zlocine-moramo-reagirati\/","og_locale":"bs_BA","og_type":"article","og_title":"Kavazovi\u0107: Na\u0161u vjeru nazivaju militantnom i pripremaju nove zlo\u010dine, moramo reagirati","og_description":"Reisu-l-ulema Islamske zajednice u BiH Husein ef. Kavazovi\u0107\u00a0u dana\u0161njoj hutbi na Igmanu, poru\u010dio je da se i danas, kao i svake godine, na platou pored Ratne d\u017eamije, \u201cokupljamo radi podsje\u0107anja na na\u0161e junake, gazije i\u00a0na veli\u010dinu njihove zakletve \u2013 \u010duvati domovinu i vjeru, \u0161tititi narod i braniti zemlju od du\u0161mana\u201d. Povodom obilje\u017eavanja manifestacije \u201cOdbrana BiH [&hellip;]","og_url":"https:\/\/sandzakpress.net\/arhiva\/kavazovic-nasu-vjeru-nazivaju-militantnom-i-pripremaju-nove-zlocine-moramo-reagirati\/","og_site_name":"Sand\u017eak PRESS","article_published_time":"2019-08-03T08:30:01+00:00","og_image":[{"width":819,"height":462,"url":"https:\/\/sandzakpress.net\/arhiva\/wp-content\/uploads\/2019\/08\/Screenshot_1.png","type":"image\/png"}],"author":"bosniak","twitter_card":"summary_large_image","twitter_misc":{"Written by":"bosniak","Est. reading time":"6 minuta"},"schema":{"@context":"https:\/\/schema.org","@graph":[{"@type":"Article","@id":"https:\/\/sandzakpress.net\/arhiva\/kavazovic-nasu-vjeru-nazivaju-militantnom-i-pripremaju-nove-zlocine-moramo-reagirati\/#article","isPartOf":{"@id":"https:\/\/sandzakpress.net\/arhiva\/kavazovic-nasu-vjeru-nazivaju-militantnom-i-pripremaju-nove-zlocine-moramo-reagirati\/"},"author":{"name":"bosniak","@id":"https:\/\/sandzakpress.net\/arhiva\/#\/schema\/person\/c8baee722073534b583ea7bdb2e36c02"},"headline":"Kavazovi\u0107: Na\u0161u vjeru nazivaju militantnom i pripremaju nove zlo\u010dine, moramo reagirati","datePublished":"2019-08-03T08:30:01+00:00","mainEntityOfPage":{"@id":"https:\/\/sandzakpress.net\/arhiva\/kavazovic-nasu-vjeru-nazivaju-militantnom-i-pripremaju-nove-zlocine-moramo-reagirati\/"},"wordCount":1275,"commentCount":0,"publisher":{"@id":"https:\/\/sandzakpress.net\/arhiva\/#\/schema\/person\/6e72b67d6e51910a1117b3b483ba20bd"},"image":{"@id":"https:\/\/sandzakpress.net\/arhiva\/kavazovic-nasu-vjeru-nazivaju-militantnom-i-pripremaju-nove-zlocine-moramo-reagirati\/#primaryimage"},"thumbnailUrl":"https:\/\/sandzakpress.net\/arhiva\/wp-content\/uploads\/2019\/08\/Screenshot_1.png","keywords":["Bosna i Hercegovina"],"articleSection":["Bosna PRESS"],"inLanguage":"bs-BA","potentialAction":[{"@type":"CommentAction","name":"Comment","target":["https:\/\/sandzakpress.net\/arhiva\/kavazovic-nasu-vjeru-nazivaju-militantnom-i-pripremaju-nove-zlocine-moramo-reagirati\/#respond"]}]},{"@type":"WebPage","@id":"https:\/\/sandzakpress.net\/arhiva\/kavazovic-nasu-vjeru-nazivaju-militantnom-i-pripremaju-nove-zlocine-moramo-reagirati\/","url":"https:\/\/sandzakpress.net\/arhiva\/kavazovic-nasu-vjeru-nazivaju-militantnom-i-pripremaju-nove-zlocine-moramo-reagirati\/","name":"Kavazovi\u0107: Na\u0161u vjeru nazivaju militantnom i pripremaju nove zlo\u010dine, moramo reagirati","isPartOf":{"@id":"https:\/\/sandzakpress.net\/arhiva\/#website"},"primaryImageOfPage":{"@id":"https:\/\/sandzakpress.net\/arhiva\/kavazovic-nasu-vjeru-nazivaju-militantnom-i-pripremaju-nove-zlocine-moramo-reagirati\/#primaryimage"},"image":{"@id":"https:\/\/sandzakpress.net\/arhiva\/kavazovic-nasu-vjeru-nazivaju-militantnom-i-pripremaju-nove-zlocine-moramo-reagirati\/#primaryimage"},"thumbnailUrl":"https:\/\/sandzakpress.net\/arhiva\/wp-content\/uploads\/2019\/08\/Screenshot_1.png","datePublished":"2019-08-03T08:30:01+00:00","breadcrumb":{"@id":"https:\/\/sandzakpress.net\/arhiva\/kavazovic-nasu-vjeru-nazivaju-militantnom-i-pripremaju-nove-zlocine-moramo-reagirati\/#breadcrumb"},"inLanguage":"bs-BA","potentialAction":[{"@type":"ReadAction","target":["https:\/\/sandzakpress.net\/arhiva\/kavazovic-nasu-vjeru-nazivaju-militantnom-i-pripremaju-nove-zlocine-moramo-reagirati\/"]}]},{"@type":"ImageObject","inLanguage":"bs-BA","@id":"https:\/\/sandzakpress.net\/arhiva\/kavazovic-nasu-vjeru-nazivaju-militantnom-i-pripremaju-nove-zlocine-moramo-reagirati\/#primaryimage","url":"https:\/\/sandzakpress.net\/arhiva\/wp-content\/uploads\/2019\/08\/Screenshot_1.png","contentUrl":"https:\/\/sandzakpress.net\/arhiva\/wp-content\/uploads\/2019\/08\/Screenshot_1.png","width":819,"height":462},{"@type":"BreadcrumbList","@id":"https:\/\/sandzakpress.net\/arhiva\/kavazovic-nasu-vjeru-nazivaju-militantnom-i-pripremaju-nove-zlocine-moramo-reagirati\/#breadcrumb","itemListElement":[{"@type":"ListItem","position":1,"name":"Home","item":"https:\/\/sandzakpress.net\/arhiva\/"},{"@type":"ListItem","position":2,"name":"Kavazovi\u0107: Na\u0161u vjeru nazivaju militantnom i pripremaju nove zlo\u010dine, moramo reagirati"}]},{"@type":"WebSite","@id":"https:\/\/sandzakpress.net\/arhiva\/#website","url":"https:\/\/sandzakpress.net\/arhiva\/","name":"Sand\u017eak PRESS","description":"Prve elektronske novine u Sand\u017eaku","publisher":{"@id":"https:\/\/sandzakpress.net\/arhiva\/#\/schema\/person\/6e72b67d6e51910a1117b3b483ba20bd"},"potentialAction":[{"@type":"SearchAction","target":{"@type":"EntryPoint","urlTemplate":"https:\/\/sandzakpress.net\/arhiva\/?s={search_term_string}"},"query-input":{"@type":"PropertyValueSpecification","valueRequired":true,"valueName":"search_term_string"}}],"inLanguage":"bs-BA"},{"@type":["Person","Organization"],"@id":"https:\/\/sandzakpress.net\/arhiva\/#\/schema\/person\/6e72b67d6e51910a1117b3b483ba20bd","name":"Kul","image":{"@type":"ImageObject","inLanguage":"bs-BA","@id":"https:\/\/sandzakpress.net\/arhiva\/#\/schema\/person\/image\/","url":"https:\/\/secure.gravatar.com\/avatar\/42263f39aa27ac04c43cab85c280eb2e?s=96&d=mm&r=pg","contentUrl":"https:\/\/secure.gravatar.com\/avatar\/42263f39aa27ac04c43cab85c280eb2e?s=96&d=mm&r=pg","caption":"Kul"},"logo":{"@id":"https:\/\/sandzakpress.net\/arhiva\/#\/schema\/person\/image\/"}},{"@type":"Person","@id":"https:\/\/sandzakpress.net\/arhiva\/#\/schema\/person\/c8baee722073534b583ea7bdb2e36c02","name":"bosniak","image":{"@type":"ImageObject","inLanguage":"bs-BA","@id":"https:\/\/sandzakpress.net\/arhiva\/#\/schema\/person\/image\/","url":"https:\/\/secure.gravatar.com\/avatar\/a04fd330bfe3a36a72a0ad4a6d89fca7?s=96&d=mm&r=pg","contentUrl":"https:\/\/secure.gravatar.com\/avatar\/a04fd330bfe3a36a72a0ad4a6d89fca7?s=96&d=mm&r=pg","caption":"bosniak"},"url":"https:\/\/sandzakpress.net\/arhiva\/author\/bosniak\/"}]}},"_links":{"self":[{"href":"https:\/\/sandzakpress.net\/arhiva\/wp-json\/wp\/v2\/posts\/226778"}],"collection":[{"href":"https:\/\/sandzakpress.net\/arhiva\/wp-json\/wp\/v2\/posts"}],"about":[{"href":"https:\/\/sandzakpress.net\/arhiva\/wp-json\/wp\/v2\/types\/post"}],"author":[{"embeddable":true,"href":"https:\/\/sandzakpress.net\/arhiva\/wp-json\/wp\/v2\/users\/83"}],"replies":[{"embeddable":true,"href":"https:\/\/sandzakpress.net\/arhiva\/wp-json\/wp\/v2\/comments?post=226778"}],"version-history":[{"count":0,"href":"https:\/\/sandzakpress.net\/arhiva\/wp-json\/wp\/v2\/posts\/226778\/revisions"}],"wp:featuredmedia":[{"embeddable":true,"href":"https:\/\/sandzakpress.net\/arhiva\/wp-json\/wp\/v2\/media\/226779"}],"wp:attachment":[{"href":"https:\/\/sandzakpress.net\/arhiva\/wp-json\/wp\/v2\/media?parent=226778"}],"wp:term":[{"taxonomy":"category","embeddable":true,"href":"https:\/\/sandzakpress.net\/arhiva\/wp-json\/wp\/v2\/categories?post=226778"},{"taxonomy":"post_tag","embeddable":true,"href":"https:\/\/sandzakpress.net\/arhiva\/wp-json\/wp\/v2\/tags?post=226778"}],"curies":[{"name":"wp","href":"https:\/\/api.w.org\/{rel}","templated":true}]}}