{"id":226768,"date":"2019-08-02T18:19:20","date_gmt":"2019-08-02T16:19:20","guid":{"rendered":"https:\/\/sandzakpress.net\/arhiva\/?p=226768"},"modified":"2019-08-02T18:19:20","modified_gmt":"2019-08-02T16:19:20","slug":"novopazarka-pred-djecom-pretucena-u-zgradi-mup-a","status":"publish","type":"post","link":"https:\/\/sandzakpress.net\/arhiva\/novopazarka-pred-djecom-pretucena-u-zgradi-mup-a\/","title":{"rendered":"Novopazarka pred djecom pretu\u010dena u zgradi MUP-a"},"content":{"rendered":"<p><img loading=\"lazy\" decoding=\"async\" class=\"alignnone size-full wp-image-226769\" src=\"https:\/\/sandzakpress.net\/arhiva\/wp-content\/uploads\/2019\/08\/Capture.jpg\" alt=\"\" width=\"956\" height=\"680\" srcset=\"https:\/\/sandzakpress.net\/arhiva\/wp-content\/uploads\/2019\/08\/Capture.jpg 956w, https:\/\/sandzakpress.net\/arhiva\/wp-content\/uploads\/2019\/08\/Capture-768x546.jpg 768w, https:\/\/sandzakpress.net\/arhiva\/wp-content\/uploads\/2019\/08\/Capture-616x438.jpg 616w\" sizes=\"(max-width: 956px) 100vw, 956px\" \/><\/p>\n<p><strong>Ovo su fotografije novopazarke Edite Radetinac, koja je pretu\u010dena nao\u010digled dvadesetak ljudi u redu za li\u010dnu kartu u Supu Novi Pazar. <\/strong><\/p>\n<p>Prenosimo izjavu majke dvoje maloljetne djece koja je po njenim rije\u010dima do\u017eivjela torturu:<\/p>\n<p><iframe loading=\"lazy\" style=\"border: none; overflow: hidden;\" src=\"https:\/\/www.facebook.com\/plugins\/post.php?href=https%3A%2F%2Fwww.facebook.com%2Fmerjem1%2Fposts%2F2449841348582480&amp;width=500\" width=\"500\" height=\"764\" frameborder=\"0\" scrolling=\"no\"><\/iframe><\/p>\n<p>&#8220;Dana 31.07.2019. godine, u 12:30h bila sam sa dvoje maloljetne djece, sinom R.H(17god) i R.E.(5<span class=\"text_exposed_show\">god) radi podizanja li\u010dne karte svom sinu. Poslali su nas u tzv. Baraku broj 5, ispred koje se nalazilo 20 ljudi. U\u0161la sam u kancelariju kao svaki normalan gradjanin, da bih pitala \u0161ta mi sve treba od dokumenata za podizanje li\u010dne karte. Zatra\u017eila sam papir i hemijsku olovku. Jedna od radnica mi je rekla da nema, a njen kolega je bio veoma ljubazan i dao mi je i papir i hemijsku. Ja sam po\u010dela da pi\u0161em i u jednom trenutku sam iza\u0161la u hodnik da nastavim sa pisanjem, dok je sluzbena radnica Vesna Ne\u0161kovic iza\u0161la, otela mi papir i hemijsku i po\u010dela je da me udara i da me vuce, pred 20 svjedoka i moje dvoje maloljetne djece. Moj sin (17) je makao Vesnu od mene, u tom trenutku slu\u017ebeno lice (policajka) se zaletela i udarila mog sina (17) dva puta u predelu ledja, tj. bubrega, sa pretnjama &#8220;Zavrsices u zatvoru&#8221;.<br \/>Posle toga im se pridruzio jos jedan policajac.<\/span><\/p>\n<div class=\"text_exposed_show\">\n<p>Po\u010deli su svo troje zajedno, nasilno da izbacuju mene i dva sina napolje. Ispred PU Novi Pazar sam se onesvijestila da bi na moje stanje Vesna Ne\u0161kovic kazala: &#8221; Nemoj da glumi\u0161&#8221;.<br \/>Na to moje stanje niko od pripadnika PU Novi Pazar nije reagovao, da se meni pru\u017ei bilo kakva vrsta pomo\u0107i.<br \/>Li\u0161ena sam slobode, dok je moj sin (5) vristao i govorio: &#8220;Pustite mi mamu, nemojte da je zatvorite.&#8221;<br \/>Drzali su me 7 sati odvojeno od djece, a porodilja sam i imam bebu od 10 meseci.<\/p>\n<p>Pozvan je i Centar za socijalni rad, da se meni oduzmu djeca i odvedu u hraniteljsku porodicu. Oduzeli su mi i to pravo na jedan telefonski poziv, da bih javila porodici gdje sam, jer se moj suprug tada nalazio u Njemackoj.\u00a0<br \/>Verovatno im je smetala moja mahrama koju nosim&#8221;<\/p>\n<\/div>\n","protected":false},"excerpt":{"rendered":"<p>Ovo su fotografije novopazarke Edite Radetinac, koja je pretu\u010dena nao\u010digled dvadesetak ljudi u redu za li\u010dnu kartu u Supu Novi Pazar. Prenosimo izjavu majke dvoje maloljetne djece koja je po njenim rije\u010dima do\u017eivjela torturu: &#8220;Dana 31.07.2019. godine, u 12:30h bila sam sa dvoje maloljetne djece, sinom R.H(17god) i R.E.(5god) radi podizanja li\u010dne karte svom sinu. [&hellip;]<\/p>\n","protected":false},"author":509,"featured_media":226769,"comment_status":"open","ping_status":"open","sticky":false,"template":"","format":"standard","meta":{"footnotes":""},"categories":[72,801,8957],"tags":[],"class_list":{"0":"post-226768","1":"post","2":"type-post","3":"status-publish","4":"format-standard","5":"has-post-thumbnail","7":"category-novi-pazar","8":"category-crna_hronika","9":"category-vijesti-dana"},"yoast_head":"<!-- This site is optimized with the Yoast SEO Premium plugin v23.1 (Yoast SEO v24.9) - https:\/\/yoast.com\/wordpress\/plugins\/seo\/ -->\n<title>Novopazarka pred djecom pretu\u010dena u zgradi MUP-a<\/title>\n<meta name=\"robots\" content=\"index, follow, max-snippet:-1, max-image-preview:large, max-video-preview:-1\" \/>\n<link rel=\"canonical\" href=\"https:\/\/sandzakpress.net\/arhiva\/novopazarka-pred-djecom-pretucena-u-zgradi-mup-a\/\" \/>\n<meta property=\"og:locale\" content=\"bs_BA\" \/>\n<meta property=\"og:type\" content=\"article\" \/>\n<meta property=\"og:title\" content=\"Novopazarka pred djecom pretu\u010dena u zgradi MUP-a\" \/>\n<meta property=\"og:description\" content=\"Ovo su fotografije novopazarke Edite Radetinac, koja je pretu\u010dena nao\u010digled dvadesetak ljudi u redu za li\u010dnu kartu u Supu Novi Pazar. Prenosimo izjavu majke dvoje maloljetne djece koja je po njenim rije\u010dima do\u017eivjela torturu: &#8220;Dana 31.07.2019. godine, u 12:30h bila sam sa dvoje maloljetne djece, sinom R.H(17god) i R.E.(5god) radi podizanja li\u010dne karte svom sinu. [&hellip;]\" \/>\n<meta property=\"og:url\" content=\"https:\/\/sandzakpress.net\/arhiva\/novopazarka-pred-djecom-pretucena-u-zgradi-mup-a\/\" \/>\n<meta property=\"og:site_name\" content=\"Sand\u017eak PRESS\" \/>\n<meta property=\"article:published_time\" content=\"2019-08-02T16:19:20+00:00\" \/>\n<meta property=\"og:image\" content=\"https:\/\/sandzakpress.net\/arhiva\/wp-content\/uploads\/2019\/08\/Capture.jpg\" \/>\n\t<meta property=\"og:image:width\" content=\"956\" \/>\n\t<meta property=\"og:image:height\" content=\"680\" \/>\n\t<meta property=\"og:image:type\" content=\"image\/jpeg\" \/>\n<meta name=\"author\" content=\"Agencija\" \/>\n<meta name=\"twitter:card\" content=\"summary_large_image\" \/>\n<meta name=\"twitter:label1\" content=\"Written by\" \/>\n\t<meta name=\"twitter:data1\" content=\"Agencija\" \/>\n\t<meta name=\"twitter:label2\" content=\"Est. reading time\" \/>\n\t<meta name=\"twitter:data2\" content=\"2 minute\" \/>\n<script type=\"application\/ld+json\" class=\"yoast-schema-graph\">{\"@context\":\"https:\/\/schema.org\",\"@graph\":[{\"@type\":\"Article\",\"@id\":\"https:\/\/sandzakpress.net\/arhiva\/novopazarka-pred-djecom-pretucena-u-zgradi-mup-a\/#article\",\"isPartOf\":{\"@id\":\"https:\/\/sandzakpress.net\/arhiva\/novopazarka-pred-djecom-pretucena-u-zgradi-mup-a\/\"},\"author\":{\"name\":\"Agencija\",\"@id\":\"https:\/\/sandzakpress.net\/arhiva\/#\/schema\/person\/cb59d7e3ab91ab90dd680ad0305a6185\"},\"headline\":\"Novopazarka pred djecom pretu\u010dena u zgradi MUP-a\",\"datePublished\":\"2019-08-02T16:19:20+00:00\",\"mainEntityOfPage\":{\"@id\":\"https:\/\/sandzakpress.net\/arhiva\/novopazarka-pred-djecom-pretucena-u-zgradi-mup-a\/\"},\"wordCount\":366,\"commentCount\":5,\"publisher\":{\"@id\":\"https:\/\/sandzakpress.net\/arhiva\/#\/schema\/person\/6e72b67d6e51910a1117b3b483ba20bd\"},\"image\":{\"@id\":\"https:\/\/sandzakpress.net\/arhiva\/novopazarka-pred-djecom-pretucena-u-zgradi-mup-a\/#primaryimage\"},\"thumbnailUrl\":\"https:\/\/sandzakpress.net\/arhiva\/wp-content\/uploads\/2019\/08\/Capture.jpg\",\"articleSection\":[\"Novi Pazar\",\"Hronika\",\"VIJESTI DANA\"],\"inLanguage\":\"bs-BA\",\"potentialAction\":[{\"@type\":\"CommentAction\",\"name\":\"Comment\",\"target\":[\"https:\/\/sandzakpress.net\/arhiva\/novopazarka-pred-djecom-pretucena-u-zgradi-mup-a\/#respond\"]}]},{\"@type\":\"WebPage\",\"@id\":\"https:\/\/sandzakpress.net\/arhiva\/novopazarka-pred-djecom-pretucena-u-zgradi-mup-a\/\",\"url\":\"https:\/\/sandzakpress.net\/arhiva\/novopazarka-pred-djecom-pretucena-u-zgradi-mup-a\/\",\"name\":\"Novopazarka pred djecom pretu\u010dena u zgradi MUP-a\",\"isPartOf\":{\"@id\":\"https:\/\/sandzakpress.net\/arhiva\/#website\"},\"primaryImageOfPage\":{\"@id\":\"https:\/\/sandzakpress.net\/arhiva\/novopazarka-pred-djecom-pretucena-u-zgradi-mup-a\/#primaryimage\"},\"image\":{\"@id\":\"https:\/\/sandzakpress.net\/arhiva\/novopazarka-pred-djecom-pretucena-u-zgradi-mup-a\/#primaryimage\"},\"thumbnailUrl\":\"https:\/\/sandzakpress.net\/arhiva\/wp-content\/uploads\/2019\/08\/Capture.jpg\",\"datePublished\":\"2019-08-02T16:19:20+00:00\",\"breadcrumb\":{\"@id\":\"https:\/\/sandzakpress.net\/arhiva\/novopazarka-pred-djecom-pretucena-u-zgradi-mup-a\/#breadcrumb\"},\"inLanguage\":\"bs-BA\",\"potentialAction\":[{\"@type\":\"ReadAction\",\"target\":[\"https:\/\/sandzakpress.net\/arhiva\/novopazarka-pred-djecom-pretucena-u-zgradi-mup-a\/\"]}]},{\"@type\":\"ImageObject\",\"inLanguage\":\"bs-BA\",\"@id\":\"https:\/\/sandzakpress.net\/arhiva\/novopazarka-pred-djecom-pretucena-u-zgradi-mup-a\/#primaryimage\",\"url\":\"https:\/\/sandzakpress.net\/arhiva\/wp-content\/uploads\/2019\/08\/Capture.jpg\",\"contentUrl\":\"https:\/\/sandzakpress.net\/arhiva\/wp-content\/uploads\/2019\/08\/Capture.jpg\",\"width\":956,\"height\":680},{\"@type\":\"BreadcrumbList\",\"@id\":\"https:\/\/sandzakpress.net\/arhiva\/novopazarka-pred-djecom-pretucena-u-zgradi-mup-a\/#breadcrumb\",\"itemListElement\":[{\"@type\":\"ListItem\",\"position\":1,\"name\":\"Home\",\"item\":\"https:\/\/sandzakpress.net\/arhiva\/\"},{\"@type\":\"ListItem\",\"position\":2,\"name\":\"Novopazarka pred djecom pretu\u010dena u zgradi MUP-a\"}]},{\"@type\":\"WebSite\",\"@id\":\"https:\/\/sandzakpress.net\/arhiva\/#website\",\"url\":\"https:\/\/sandzakpress.net\/arhiva\/\",\"name\":\"Sand\u017eak PRESS\",\"description\":\"Prve elektronske novine u Sand\u017eaku\",\"publisher\":{\"@id\":\"https:\/\/sandzakpress.net\/arhiva\/#\/schema\/person\/6e72b67d6e51910a1117b3b483ba20bd\"},\"potentialAction\":[{\"@type\":\"SearchAction\",\"target\":{\"@type\":\"EntryPoint\",\"urlTemplate\":\"https:\/\/sandzakpress.net\/arhiva\/?s={search_term_string}\"},\"query-input\":{\"@type\":\"PropertyValueSpecification\",\"valueRequired\":true,\"valueName\":\"search_term_string\"}}],\"inLanguage\":\"bs-BA\"},{\"@type\":[\"Person\",\"Organization\"],\"@id\":\"https:\/\/sandzakpress.net\/arhiva\/#\/schema\/person\/6e72b67d6e51910a1117b3b483ba20bd\",\"name\":\"Kul\",\"image\":{\"@type\":\"ImageObject\",\"inLanguage\":\"bs-BA\",\"@id\":\"https:\/\/sandzakpress.net\/arhiva\/#\/schema\/person\/image\/\",\"url\":\"https:\/\/secure.gravatar.com\/avatar\/42263f39aa27ac04c43cab85c280eb2e?s=96&d=mm&r=pg\",\"contentUrl\":\"https:\/\/secure.gravatar.com\/avatar\/42263f39aa27ac04c43cab85c280eb2e?s=96&d=mm&r=pg\",\"caption\":\"Kul\"},\"logo\":{\"@id\":\"https:\/\/sandzakpress.net\/arhiva\/#\/schema\/person\/image\/\"}},{\"@type\":\"Person\",\"@id\":\"https:\/\/sandzakpress.net\/arhiva\/#\/schema\/person\/cb59d7e3ab91ab90dd680ad0305a6185\",\"name\":\"Agencija\",\"image\":{\"@type\":\"ImageObject\",\"inLanguage\":\"bs-BA\",\"@id\":\"https:\/\/sandzakpress.net\/arhiva\/#\/schema\/person\/image\/\",\"url\":\"https:\/\/secure.gravatar.com\/avatar\/4b7fafa80a22f0c2afe23966b3961fe0?s=96&d=mm&r=pg\",\"contentUrl\":\"https:\/\/secure.gravatar.com\/avatar\/4b7fafa80a22f0c2afe23966b3961fe0?s=96&d=mm&r=pg\",\"caption\":\"Agencija\"},\"url\":\"https:\/\/sandzakpress.net\/arhiva\/author\/agencija\/\"}]}<\/script>\n<!-- \/ Yoast SEO Premium plugin. -->","yoast_head_json":{"title":"Novopazarka pred djecom pretu\u010dena u zgradi MUP-a","robots":{"index":"index","follow":"follow","max-snippet":"max-snippet:-1","max-image-preview":"max-image-preview:large","max-video-preview":"max-video-preview:-1"},"canonical":"https:\/\/sandzakpress.net\/arhiva\/novopazarka-pred-djecom-pretucena-u-zgradi-mup-a\/","og_locale":"bs_BA","og_type":"article","og_title":"Novopazarka pred djecom pretu\u010dena u zgradi MUP-a","og_description":"Ovo su fotografije novopazarke Edite Radetinac, koja je pretu\u010dena nao\u010digled dvadesetak ljudi u redu za li\u010dnu kartu u Supu Novi Pazar. Prenosimo izjavu majke dvoje maloljetne djece koja je po njenim rije\u010dima do\u017eivjela torturu: &#8220;Dana 31.07.2019. godine, u 12:30h bila sam sa dvoje maloljetne djece, sinom R.H(17god) i R.E.(5god) radi podizanja li\u010dne karte svom sinu. [&hellip;]","og_url":"https:\/\/sandzakpress.net\/arhiva\/novopazarka-pred-djecom-pretucena-u-zgradi-mup-a\/","og_site_name":"Sand\u017eak PRESS","article_published_time":"2019-08-02T16:19:20+00:00","og_image":[{"width":956,"height":680,"url":"https:\/\/sandzakpress.net\/arhiva\/wp-content\/uploads\/2019\/08\/Capture.jpg","type":"image\/jpeg"}],"author":"Agencija","twitter_card":"summary_large_image","twitter_misc":{"Written by":"Agencija","Est. reading time":"2 minute"},"schema":{"@context":"https:\/\/schema.org","@graph":[{"@type":"Article","@id":"https:\/\/sandzakpress.net\/arhiva\/novopazarka-pred-djecom-pretucena-u-zgradi-mup-a\/#article","isPartOf":{"@id":"https:\/\/sandzakpress.net\/arhiva\/novopazarka-pred-djecom-pretucena-u-zgradi-mup-a\/"},"author":{"name":"Agencija","@id":"https:\/\/sandzakpress.net\/arhiva\/#\/schema\/person\/cb59d7e3ab91ab90dd680ad0305a6185"},"headline":"Novopazarka pred djecom pretu\u010dena u zgradi MUP-a","datePublished":"2019-08-02T16:19:20+00:00","mainEntityOfPage":{"@id":"https:\/\/sandzakpress.net\/arhiva\/novopazarka-pred-djecom-pretucena-u-zgradi-mup-a\/"},"wordCount":366,"commentCount":5,"publisher":{"@id":"https:\/\/sandzakpress.net\/arhiva\/#\/schema\/person\/6e72b67d6e51910a1117b3b483ba20bd"},"image":{"@id":"https:\/\/sandzakpress.net\/arhiva\/novopazarka-pred-djecom-pretucena-u-zgradi-mup-a\/#primaryimage"},"thumbnailUrl":"https:\/\/sandzakpress.net\/arhiva\/wp-content\/uploads\/2019\/08\/Capture.jpg","articleSection":["Novi Pazar","Hronika","VIJESTI DANA"],"inLanguage":"bs-BA","potentialAction":[{"@type":"CommentAction","name":"Comment","target":["https:\/\/sandzakpress.net\/arhiva\/novopazarka-pred-djecom-pretucena-u-zgradi-mup-a\/#respond"]}]},{"@type":"WebPage","@id":"https:\/\/sandzakpress.net\/arhiva\/novopazarka-pred-djecom-pretucena-u-zgradi-mup-a\/","url":"https:\/\/sandzakpress.net\/arhiva\/novopazarka-pred-djecom-pretucena-u-zgradi-mup-a\/","name":"Novopazarka pred djecom pretu\u010dena u zgradi MUP-a","isPartOf":{"@id":"https:\/\/sandzakpress.net\/arhiva\/#website"},"primaryImageOfPage":{"@id":"https:\/\/sandzakpress.net\/arhiva\/novopazarka-pred-djecom-pretucena-u-zgradi-mup-a\/#primaryimage"},"image":{"@id":"https:\/\/sandzakpress.net\/arhiva\/novopazarka-pred-djecom-pretucena-u-zgradi-mup-a\/#primaryimage"},"thumbnailUrl":"https:\/\/sandzakpress.net\/arhiva\/wp-content\/uploads\/2019\/08\/Capture.jpg","datePublished":"2019-08-02T16:19:20+00:00","breadcrumb":{"@id":"https:\/\/sandzakpress.net\/arhiva\/novopazarka-pred-djecom-pretucena-u-zgradi-mup-a\/#breadcrumb"},"inLanguage":"bs-BA","potentialAction":[{"@type":"ReadAction","target":["https:\/\/sandzakpress.net\/arhiva\/novopazarka-pred-djecom-pretucena-u-zgradi-mup-a\/"]}]},{"@type":"ImageObject","inLanguage":"bs-BA","@id":"https:\/\/sandzakpress.net\/arhiva\/novopazarka-pred-djecom-pretucena-u-zgradi-mup-a\/#primaryimage","url":"https:\/\/sandzakpress.net\/arhiva\/wp-content\/uploads\/2019\/08\/Capture.jpg","contentUrl":"https:\/\/sandzakpress.net\/arhiva\/wp-content\/uploads\/2019\/08\/Capture.jpg","width":956,"height":680},{"@type":"BreadcrumbList","@id":"https:\/\/sandzakpress.net\/arhiva\/novopazarka-pred-djecom-pretucena-u-zgradi-mup-a\/#breadcrumb","itemListElement":[{"@type":"ListItem","position":1,"name":"Home","item":"https:\/\/sandzakpress.net\/arhiva\/"},{"@type":"ListItem","position":2,"name":"Novopazarka pred djecom pretu\u010dena u zgradi MUP-a"}]},{"@type":"WebSite","@id":"https:\/\/sandzakpress.net\/arhiva\/#website","url":"https:\/\/sandzakpress.net\/arhiva\/","name":"Sand\u017eak PRESS","description":"Prve elektronske novine u Sand\u017eaku","publisher":{"@id":"https:\/\/sandzakpress.net\/arhiva\/#\/schema\/person\/6e72b67d6e51910a1117b3b483ba20bd"},"potentialAction":[{"@type":"SearchAction","target":{"@type":"EntryPoint","urlTemplate":"https:\/\/sandzakpress.net\/arhiva\/?s={search_term_string}"},"query-input":{"@type":"PropertyValueSpecification","valueRequired":true,"valueName":"search_term_string"}}],"inLanguage":"bs-BA"},{"@type":["Person","Organization"],"@id":"https:\/\/sandzakpress.net\/arhiva\/#\/schema\/person\/6e72b67d6e51910a1117b3b483ba20bd","name":"Kul","image":{"@type":"ImageObject","inLanguage":"bs-BA","@id":"https:\/\/sandzakpress.net\/arhiva\/#\/schema\/person\/image\/","url":"https:\/\/secure.gravatar.com\/avatar\/42263f39aa27ac04c43cab85c280eb2e?s=96&d=mm&r=pg","contentUrl":"https:\/\/secure.gravatar.com\/avatar\/42263f39aa27ac04c43cab85c280eb2e?s=96&d=mm&r=pg","caption":"Kul"},"logo":{"@id":"https:\/\/sandzakpress.net\/arhiva\/#\/schema\/person\/image\/"}},{"@type":"Person","@id":"https:\/\/sandzakpress.net\/arhiva\/#\/schema\/person\/cb59d7e3ab91ab90dd680ad0305a6185","name":"Agencija","image":{"@type":"ImageObject","inLanguage":"bs-BA","@id":"https:\/\/sandzakpress.net\/arhiva\/#\/schema\/person\/image\/","url":"https:\/\/secure.gravatar.com\/avatar\/4b7fafa80a22f0c2afe23966b3961fe0?s=96&d=mm&r=pg","contentUrl":"https:\/\/secure.gravatar.com\/avatar\/4b7fafa80a22f0c2afe23966b3961fe0?s=96&d=mm&r=pg","caption":"Agencija"},"url":"https:\/\/sandzakpress.net\/arhiva\/author\/agencija\/"}]}},"_links":{"self":[{"href":"https:\/\/sandzakpress.net\/arhiva\/wp-json\/wp\/v2\/posts\/226768"}],"collection":[{"href":"https:\/\/sandzakpress.net\/arhiva\/wp-json\/wp\/v2\/posts"}],"about":[{"href":"https:\/\/sandzakpress.net\/arhiva\/wp-json\/wp\/v2\/types\/post"}],"author":[{"embeddable":true,"href":"https:\/\/sandzakpress.net\/arhiva\/wp-json\/wp\/v2\/users\/509"}],"replies":[{"embeddable":true,"href":"https:\/\/sandzakpress.net\/arhiva\/wp-json\/wp\/v2\/comments?post=226768"}],"version-history":[{"count":0,"href":"https:\/\/sandzakpress.net\/arhiva\/wp-json\/wp\/v2\/posts\/226768\/revisions"}],"wp:featuredmedia":[{"embeddable":true,"href":"https:\/\/sandzakpress.net\/arhiva\/wp-json\/wp\/v2\/media\/226769"}],"wp:attachment":[{"href":"https:\/\/sandzakpress.net\/arhiva\/wp-json\/wp\/v2\/media?parent=226768"}],"wp:term":[{"taxonomy":"category","embeddable":true,"href":"https:\/\/sandzakpress.net\/arhiva\/wp-json\/wp\/v2\/categories?post=226768"},{"taxonomy":"post_tag","embeddable":true,"href":"https:\/\/sandzakpress.net\/arhiva\/wp-json\/wp\/v2\/tags?post=226768"}],"curies":[{"name":"wp","href":"https:\/\/api.w.org\/{rel}","templated":true}]}}