{"id":226751,"date":"2019-08-01T14:21:32","date_gmt":"2019-08-01T12:21:32","guid":{"rendered":"https:\/\/sandzakpress.net\/arhiva\/?p=226751"},"modified":"2019-08-01T14:21:32","modified_gmt":"2019-08-01T12:21:32","slug":"glusica-hvala-svima-koji-su-pomogli-nakon-udesa","status":"publish","type":"post","link":"https:\/\/sandzakpress.net\/arhiva\/glusica-hvala-svima-koji-su-pomogli-nakon-udesa\/","title":{"rendered":"Glu\u0161ica: Hvala svima koji su pomogli nakon udesa"},"content":{"rendered":"<p><img decoding=\"async\" src=\"https:\/\/www.vijesti.me\/media\/20190801120840_dd3090a4-62ab-445c-a788-6a6cd5cb819a.jpeg\" alt=\"Vozilo &quot;Glu\u00c5\u00a1ica prevoza&quot; nakon udesa\" \/><\/p>\n<p><strong>Boro Glu\u0161ica, vlasnik &#8220;Glu\u0161ica prevoza&#8221; iz Nik\u0161i\u0107a, zahvalio se svima koji su pru\u017eili pomo\u0107 nakon\u00a0saobra\u0107ajne nezgode\u00a0na putu Pljevlja &#8211; \u0110ur\u0111evi\u0107a Tara, u kojoj je povrije\u0111ena 41 osoba.<\/strong><\/p>\n<p>Autobus te kompanije, koji je sa 37 putnika i\u0161ao za Vrbas, sudario se 28. jula u ve\u010dernjim satima sa &#8220;mercedesom&#8221; i sletio sa glavnog na put kojim se dovozi ugalj za Termoelektranu.<\/p>\n<p>&#8220;Ovim putem se obra\u0107amo prvenstveno svim putnicima koji su u saobra\u0107ajnom udesu pretrpjeli povrede sa \u017eeljom da se \u0161to prije oporave. Iskreno se nadamo da ovaj doga\u0111aj ne\u0107e ostaviti trajne posledice na va\u0161e zdravlje. Imamo ljudsku i moralnu obavezu da se zahvalimo \u00a0svima \u00a0koji su prisko\u010dili u pomo\u0107 a njih nije bio mali broj. Po\u0161tuju\u0107i njihovu po\u017ertvovanost i doprinos mi \u0107emo ih i spomenuti. Zahvaljujemo op\u0161tini Pljevlja i gradona\u010delniku Igoru Golubovi\u0107u koji je sve op\u0161tinske resurse stavio u slu\u017ebu pomo\u0107i i zbrinjavanju povrije\u0111enih. Medicinskom osoblju Op\u0161te bolnice Pljevlja, na \u010delu sa direktorom Edom Lalovi\u0107em, na ukazanoj brzoj i stru\u010dnoj pomo\u0107i kao i velikom broju gra\u0111ana koji su nesebi\u010dno pru\u017eili pomo\u0107. Svim institucijama &#8211; Ministarstvu unutra\u0161njih poslova, Slu\u017ebi za\u0161tite i spa\u0161avanja, \u00a0Rudniku uglja, Termoelektrani Pljevlja, hotelu Pljevlja koji je ustupio sve svoje kapacitete za rodbinu povrije\u0111enih, kao i onima koje nijesmo spomenuli, a dali su svoj \u00a0dragocjeni doprinos&#8221;, kazao je Glu\u0161ica.<\/p>\n","protected":false},"excerpt":{"rendered":"<p>Boro Glu\u0161ica, vlasnik &#8220;Glu\u0161ica prevoza&#8221; iz Nik\u0161i\u0107a, zahvalio se svima koji su pru\u017eili pomo\u0107 nakon\u00a0saobra\u0107ajne nezgode\u00a0na putu Pljevlja &#8211; \u0110ur\u0111evi\u0107a Tara, u kojoj je povrije\u0111ena 41 osoba. Autobus te kompanije, koji je sa 37 putnika i\u0161ao za Vrbas, sudario se 28. jula u ve\u010dernjim satima sa &#8220;mercedesom&#8221; i sletio sa glavnog na put kojim se [&hellip;]<\/p>\n","protected":false},"author":509,"featured_media":226752,"comment_status":"open","ping_status":"open","sticky":false,"template":"","format":"standard","meta":{"footnotes":""},"categories":[395,801],"tags":[],"class_list":{"0":"post-226751","1":"post","2":"type-post","3":"status-publish","4":"format-standard","5":"has-post-thumbnail","7":"category-pljevlja_","8":"category-crna_hronika"},"yoast_head":"<!-- This site is optimized with the Yoast SEO Premium plugin v23.1 (Yoast SEO v24.9) - https:\/\/yoast.com\/wordpress\/plugins\/seo\/ -->\n<title>Glu\u0161ica: Hvala svima koji su pomogli nakon udesa<\/title>\n<meta name=\"robots\" content=\"index, follow, max-snippet:-1, max-image-preview:large, max-video-preview:-1\" \/>\n<link rel=\"canonical\" href=\"https:\/\/sandzakpress.net\/arhiva\/glusica-hvala-svima-koji-su-pomogli-nakon-udesa\/\" \/>\n<meta property=\"og:locale\" content=\"bs_BA\" \/>\n<meta property=\"og:type\" content=\"article\" \/>\n<meta property=\"og:title\" content=\"Glu\u0161ica: Hvala svima koji su pomogli nakon udesa\" \/>\n<meta property=\"og:description\" content=\"Boro Glu\u0161ica, vlasnik &#8220;Glu\u0161ica prevoza&#8221; iz Nik\u0161i\u0107a, zahvalio se svima koji su pru\u017eili pomo\u0107 nakon\u00a0saobra\u0107ajne nezgode\u00a0na putu Pljevlja &#8211; \u0110ur\u0111evi\u0107a Tara, u kojoj je povrije\u0111ena 41 osoba. Autobus te kompanije, koji je sa 37 putnika i\u0161ao za Vrbas, sudario se 28. jula u ve\u010dernjim satima sa &#8220;mercedesom&#8221; i sletio sa glavnog na put kojim se [&hellip;]\" \/>\n<meta property=\"og:url\" content=\"https:\/\/sandzakpress.net\/arhiva\/glusica-hvala-svima-koji-su-pomogli-nakon-udesa\/\" \/>\n<meta property=\"og:site_name\" content=\"Sand\u017eak PRESS\" \/>\n<meta property=\"article:published_time\" content=\"2019-08-01T12:21:32+00:00\" \/>\n<meta property=\"og:image\" content=\"https:\/\/sandzakpress.net\/arhiva\/wp-content\/uploads\/2019\/08\/20190801120840_dd3090a4-62ab-445c-a788-6a6cd5cb819a.jpeg.jpg\" \/>\n\t<meta property=\"og:image:width\" content=\"800\" \/>\n\t<meta property=\"og:image:height\" content=\"385\" \/>\n\t<meta property=\"og:image:type\" content=\"image\/jpeg\" \/>\n<meta name=\"author\" content=\"Agencija\" \/>\n<meta name=\"twitter:card\" content=\"summary_large_image\" \/>\n<meta name=\"twitter:label1\" content=\"Written by\" \/>\n\t<meta name=\"twitter:data1\" content=\"Agencija\" \/>\n\t<meta name=\"twitter:label2\" content=\"Est. reading time\" \/>\n\t<meta name=\"twitter:data2\" content=\"1 minuta\" \/>\n<script type=\"application\/ld+json\" class=\"yoast-schema-graph\">{\"@context\":\"https:\/\/schema.org\",\"@graph\":[{\"@type\":\"Article\",\"@id\":\"https:\/\/sandzakpress.net\/arhiva\/glusica-hvala-svima-koji-su-pomogli-nakon-udesa\/#article\",\"isPartOf\":{\"@id\":\"https:\/\/sandzakpress.net\/arhiva\/glusica-hvala-svima-koji-su-pomogli-nakon-udesa\/\"},\"author\":{\"name\":\"Agencija\",\"@id\":\"https:\/\/sandzakpress.net\/arhiva\/#\/schema\/person\/cb59d7e3ab91ab90dd680ad0305a6185\"},\"headline\":\"Glu\u0161ica: Hvala svima koji su pomogli nakon udesa\",\"datePublished\":\"2019-08-01T12:21:32+00:00\",\"mainEntityOfPage\":{\"@id\":\"https:\/\/sandzakpress.net\/arhiva\/glusica-hvala-svima-koji-su-pomogli-nakon-udesa\/\"},\"wordCount\":257,\"commentCount\":0,\"publisher\":{\"@id\":\"https:\/\/sandzakpress.net\/arhiva\/#\/schema\/person\/6e72b67d6e51910a1117b3b483ba20bd\"},\"image\":{\"@id\":\"https:\/\/sandzakpress.net\/arhiva\/glusica-hvala-svima-koji-su-pomogli-nakon-udesa\/#primaryimage\"},\"thumbnailUrl\":\"https:\/\/sandzakpress.net\/arhiva\/wp-content\/uploads\/2019\/08\/20190801120840_dd3090a4-62ab-445c-a788-6a6cd5cb819a.jpeg.jpg\",\"articleSection\":[\"Pljevlja\",\"Hronika\"],\"inLanguage\":\"bs-BA\",\"potentialAction\":[{\"@type\":\"CommentAction\",\"name\":\"Comment\",\"target\":[\"https:\/\/sandzakpress.net\/arhiva\/glusica-hvala-svima-koji-su-pomogli-nakon-udesa\/#respond\"]}]},{\"@type\":\"WebPage\",\"@id\":\"https:\/\/sandzakpress.net\/arhiva\/glusica-hvala-svima-koji-su-pomogli-nakon-udesa\/\",\"url\":\"https:\/\/sandzakpress.net\/arhiva\/glusica-hvala-svima-koji-su-pomogli-nakon-udesa\/\",\"name\":\"Glu\u0161ica: Hvala svima koji su pomogli nakon udesa\",\"isPartOf\":{\"@id\":\"https:\/\/sandzakpress.net\/arhiva\/#website\"},\"primaryImageOfPage\":{\"@id\":\"https:\/\/sandzakpress.net\/arhiva\/glusica-hvala-svima-koji-su-pomogli-nakon-udesa\/#primaryimage\"},\"image\":{\"@id\":\"https:\/\/sandzakpress.net\/arhiva\/glusica-hvala-svima-koji-su-pomogli-nakon-udesa\/#primaryimage\"},\"thumbnailUrl\":\"https:\/\/sandzakpress.net\/arhiva\/wp-content\/uploads\/2019\/08\/20190801120840_dd3090a4-62ab-445c-a788-6a6cd5cb819a.jpeg.jpg\",\"datePublished\":\"2019-08-01T12:21:32+00:00\",\"breadcrumb\":{\"@id\":\"https:\/\/sandzakpress.net\/arhiva\/glusica-hvala-svima-koji-su-pomogli-nakon-udesa\/#breadcrumb\"},\"inLanguage\":\"bs-BA\",\"potentialAction\":[{\"@type\":\"ReadAction\",\"target\":[\"https:\/\/sandzakpress.net\/arhiva\/glusica-hvala-svima-koji-su-pomogli-nakon-udesa\/\"]}]},{\"@type\":\"ImageObject\",\"inLanguage\":\"bs-BA\",\"@id\":\"https:\/\/sandzakpress.net\/arhiva\/glusica-hvala-svima-koji-su-pomogli-nakon-udesa\/#primaryimage\",\"url\":\"https:\/\/sandzakpress.net\/arhiva\/wp-content\/uploads\/2019\/08\/20190801120840_dd3090a4-62ab-445c-a788-6a6cd5cb819a.jpeg.jpg\",\"contentUrl\":\"https:\/\/sandzakpress.net\/arhiva\/wp-content\/uploads\/2019\/08\/20190801120840_dd3090a4-62ab-445c-a788-6a6cd5cb819a.jpeg.jpg\",\"width\":800,\"height\":385},{\"@type\":\"BreadcrumbList\",\"@id\":\"https:\/\/sandzakpress.net\/arhiva\/glusica-hvala-svima-koji-su-pomogli-nakon-udesa\/#breadcrumb\",\"itemListElement\":[{\"@type\":\"ListItem\",\"position\":1,\"name\":\"Home\",\"item\":\"https:\/\/sandzakpress.net\/arhiva\/\"},{\"@type\":\"ListItem\",\"position\":2,\"name\":\"Glu\u0161ica: Hvala svima koji su pomogli nakon udesa\"}]},{\"@type\":\"WebSite\",\"@id\":\"https:\/\/sandzakpress.net\/arhiva\/#website\",\"url\":\"https:\/\/sandzakpress.net\/arhiva\/\",\"name\":\"Sand\u017eak PRESS\",\"description\":\"Prve elektronske novine u Sand\u017eaku\",\"publisher\":{\"@id\":\"https:\/\/sandzakpress.net\/arhiva\/#\/schema\/person\/6e72b67d6e51910a1117b3b483ba20bd\"},\"potentialAction\":[{\"@type\":\"SearchAction\",\"target\":{\"@type\":\"EntryPoint\",\"urlTemplate\":\"https:\/\/sandzakpress.net\/arhiva\/?s={search_term_string}\"},\"query-input\":{\"@type\":\"PropertyValueSpecification\",\"valueRequired\":true,\"valueName\":\"search_term_string\"}}],\"inLanguage\":\"bs-BA\"},{\"@type\":[\"Person\",\"Organization\"],\"@id\":\"https:\/\/sandzakpress.net\/arhiva\/#\/schema\/person\/6e72b67d6e51910a1117b3b483ba20bd\",\"name\":\"Kul\",\"image\":{\"@type\":\"ImageObject\",\"inLanguage\":\"bs-BA\",\"@id\":\"https:\/\/sandzakpress.net\/arhiva\/#\/schema\/person\/image\/\",\"url\":\"https:\/\/secure.gravatar.com\/avatar\/42263f39aa27ac04c43cab85c280eb2e?s=96&d=mm&r=pg\",\"contentUrl\":\"https:\/\/secure.gravatar.com\/avatar\/42263f39aa27ac04c43cab85c280eb2e?s=96&d=mm&r=pg\",\"caption\":\"Kul\"},\"logo\":{\"@id\":\"https:\/\/sandzakpress.net\/arhiva\/#\/schema\/person\/image\/\"}},{\"@type\":\"Person\",\"@id\":\"https:\/\/sandzakpress.net\/arhiva\/#\/schema\/person\/cb59d7e3ab91ab90dd680ad0305a6185\",\"name\":\"Agencija\",\"image\":{\"@type\":\"ImageObject\",\"inLanguage\":\"bs-BA\",\"@id\":\"https:\/\/sandzakpress.net\/arhiva\/#\/schema\/person\/image\/\",\"url\":\"https:\/\/secure.gravatar.com\/avatar\/4b7fafa80a22f0c2afe23966b3961fe0?s=96&d=mm&r=pg\",\"contentUrl\":\"https:\/\/secure.gravatar.com\/avatar\/4b7fafa80a22f0c2afe23966b3961fe0?s=96&d=mm&r=pg\",\"caption\":\"Agencija\"},\"url\":\"https:\/\/sandzakpress.net\/arhiva\/author\/agencija\/\"}]}<\/script>\n<!-- \/ Yoast SEO Premium plugin. -->","yoast_head_json":{"title":"Glu\u0161ica: Hvala svima koji su pomogli nakon udesa","robots":{"index":"index","follow":"follow","max-snippet":"max-snippet:-1","max-image-preview":"max-image-preview:large","max-video-preview":"max-video-preview:-1"},"canonical":"https:\/\/sandzakpress.net\/arhiva\/glusica-hvala-svima-koji-su-pomogli-nakon-udesa\/","og_locale":"bs_BA","og_type":"article","og_title":"Glu\u0161ica: Hvala svima koji su pomogli nakon udesa","og_description":"Boro Glu\u0161ica, vlasnik &#8220;Glu\u0161ica prevoza&#8221; iz Nik\u0161i\u0107a, zahvalio se svima koji su pru\u017eili pomo\u0107 nakon\u00a0saobra\u0107ajne nezgode\u00a0na putu Pljevlja &#8211; \u0110ur\u0111evi\u0107a Tara, u kojoj je povrije\u0111ena 41 osoba. Autobus te kompanije, koji je sa 37 putnika i\u0161ao za Vrbas, sudario se 28. jula u ve\u010dernjim satima sa &#8220;mercedesom&#8221; i sletio sa glavnog na put kojim se [&hellip;]","og_url":"https:\/\/sandzakpress.net\/arhiva\/glusica-hvala-svima-koji-su-pomogli-nakon-udesa\/","og_site_name":"Sand\u017eak PRESS","article_published_time":"2019-08-01T12:21:32+00:00","og_image":[{"width":800,"height":385,"url":"https:\/\/sandzakpress.net\/arhiva\/wp-content\/uploads\/2019\/08\/20190801120840_dd3090a4-62ab-445c-a788-6a6cd5cb819a.jpeg.jpg","type":"image\/jpeg"}],"author":"Agencija","twitter_card":"summary_large_image","twitter_misc":{"Written by":"Agencija","Est. reading time":"1 minuta"},"schema":{"@context":"https:\/\/schema.org","@graph":[{"@type":"Article","@id":"https:\/\/sandzakpress.net\/arhiva\/glusica-hvala-svima-koji-su-pomogli-nakon-udesa\/#article","isPartOf":{"@id":"https:\/\/sandzakpress.net\/arhiva\/glusica-hvala-svima-koji-su-pomogli-nakon-udesa\/"},"author":{"name":"Agencija","@id":"https:\/\/sandzakpress.net\/arhiva\/#\/schema\/person\/cb59d7e3ab91ab90dd680ad0305a6185"},"headline":"Glu\u0161ica: Hvala svima koji su pomogli nakon udesa","datePublished":"2019-08-01T12:21:32+00:00","mainEntityOfPage":{"@id":"https:\/\/sandzakpress.net\/arhiva\/glusica-hvala-svima-koji-su-pomogli-nakon-udesa\/"},"wordCount":257,"commentCount":0,"publisher":{"@id":"https:\/\/sandzakpress.net\/arhiva\/#\/schema\/person\/6e72b67d6e51910a1117b3b483ba20bd"},"image":{"@id":"https:\/\/sandzakpress.net\/arhiva\/glusica-hvala-svima-koji-su-pomogli-nakon-udesa\/#primaryimage"},"thumbnailUrl":"https:\/\/sandzakpress.net\/arhiva\/wp-content\/uploads\/2019\/08\/20190801120840_dd3090a4-62ab-445c-a788-6a6cd5cb819a.jpeg.jpg","articleSection":["Pljevlja","Hronika"],"inLanguage":"bs-BA","potentialAction":[{"@type":"CommentAction","name":"Comment","target":["https:\/\/sandzakpress.net\/arhiva\/glusica-hvala-svima-koji-su-pomogli-nakon-udesa\/#respond"]}]},{"@type":"WebPage","@id":"https:\/\/sandzakpress.net\/arhiva\/glusica-hvala-svima-koji-su-pomogli-nakon-udesa\/","url":"https:\/\/sandzakpress.net\/arhiva\/glusica-hvala-svima-koji-su-pomogli-nakon-udesa\/","name":"Glu\u0161ica: Hvala svima koji su pomogli nakon udesa","isPartOf":{"@id":"https:\/\/sandzakpress.net\/arhiva\/#website"},"primaryImageOfPage":{"@id":"https:\/\/sandzakpress.net\/arhiva\/glusica-hvala-svima-koji-su-pomogli-nakon-udesa\/#primaryimage"},"image":{"@id":"https:\/\/sandzakpress.net\/arhiva\/glusica-hvala-svima-koji-su-pomogli-nakon-udesa\/#primaryimage"},"thumbnailUrl":"https:\/\/sandzakpress.net\/arhiva\/wp-content\/uploads\/2019\/08\/20190801120840_dd3090a4-62ab-445c-a788-6a6cd5cb819a.jpeg.jpg","datePublished":"2019-08-01T12:21:32+00:00","breadcrumb":{"@id":"https:\/\/sandzakpress.net\/arhiva\/glusica-hvala-svima-koji-su-pomogli-nakon-udesa\/#breadcrumb"},"inLanguage":"bs-BA","potentialAction":[{"@type":"ReadAction","target":["https:\/\/sandzakpress.net\/arhiva\/glusica-hvala-svima-koji-su-pomogli-nakon-udesa\/"]}]},{"@type":"ImageObject","inLanguage":"bs-BA","@id":"https:\/\/sandzakpress.net\/arhiva\/glusica-hvala-svima-koji-su-pomogli-nakon-udesa\/#primaryimage","url":"https:\/\/sandzakpress.net\/arhiva\/wp-content\/uploads\/2019\/08\/20190801120840_dd3090a4-62ab-445c-a788-6a6cd5cb819a.jpeg.jpg","contentUrl":"https:\/\/sandzakpress.net\/arhiva\/wp-content\/uploads\/2019\/08\/20190801120840_dd3090a4-62ab-445c-a788-6a6cd5cb819a.jpeg.jpg","width":800,"height":385},{"@type":"BreadcrumbList","@id":"https:\/\/sandzakpress.net\/arhiva\/glusica-hvala-svima-koji-su-pomogli-nakon-udesa\/#breadcrumb","itemListElement":[{"@type":"ListItem","position":1,"name":"Home","item":"https:\/\/sandzakpress.net\/arhiva\/"},{"@type":"ListItem","position":2,"name":"Glu\u0161ica: Hvala svima koji su pomogli nakon udesa"}]},{"@type":"WebSite","@id":"https:\/\/sandzakpress.net\/arhiva\/#website","url":"https:\/\/sandzakpress.net\/arhiva\/","name":"Sand\u017eak PRESS","description":"Prve elektronske novine u Sand\u017eaku","publisher":{"@id":"https:\/\/sandzakpress.net\/arhiva\/#\/schema\/person\/6e72b67d6e51910a1117b3b483ba20bd"},"potentialAction":[{"@type":"SearchAction","target":{"@type":"EntryPoint","urlTemplate":"https:\/\/sandzakpress.net\/arhiva\/?s={search_term_string}"},"query-input":{"@type":"PropertyValueSpecification","valueRequired":true,"valueName":"search_term_string"}}],"inLanguage":"bs-BA"},{"@type":["Person","Organization"],"@id":"https:\/\/sandzakpress.net\/arhiva\/#\/schema\/person\/6e72b67d6e51910a1117b3b483ba20bd","name":"Kul","image":{"@type":"ImageObject","inLanguage":"bs-BA","@id":"https:\/\/sandzakpress.net\/arhiva\/#\/schema\/person\/image\/","url":"https:\/\/secure.gravatar.com\/avatar\/42263f39aa27ac04c43cab85c280eb2e?s=96&d=mm&r=pg","contentUrl":"https:\/\/secure.gravatar.com\/avatar\/42263f39aa27ac04c43cab85c280eb2e?s=96&d=mm&r=pg","caption":"Kul"},"logo":{"@id":"https:\/\/sandzakpress.net\/arhiva\/#\/schema\/person\/image\/"}},{"@type":"Person","@id":"https:\/\/sandzakpress.net\/arhiva\/#\/schema\/person\/cb59d7e3ab91ab90dd680ad0305a6185","name":"Agencija","image":{"@type":"ImageObject","inLanguage":"bs-BA","@id":"https:\/\/sandzakpress.net\/arhiva\/#\/schema\/person\/image\/","url":"https:\/\/secure.gravatar.com\/avatar\/4b7fafa80a22f0c2afe23966b3961fe0?s=96&d=mm&r=pg","contentUrl":"https:\/\/secure.gravatar.com\/avatar\/4b7fafa80a22f0c2afe23966b3961fe0?s=96&d=mm&r=pg","caption":"Agencija"},"url":"https:\/\/sandzakpress.net\/arhiva\/author\/agencija\/"}]}},"_links":{"self":[{"href":"https:\/\/sandzakpress.net\/arhiva\/wp-json\/wp\/v2\/posts\/226751"}],"collection":[{"href":"https:\/\/sandzakpress.net\/arhiva\/wp-json\/wp\/v2\/posts"}],"about":[{"href":"https:\/\/sandzakpress.net\/arhiva\/wp-json\/wp\/v2\/types\/post"}],"author":[{"embeddable":true,"href":"https:\/\/sandzakpress.net\/arhiva\/wp-json\/wp\/v2\/users\/509"}],"replies":[{"embeddable":true,"href":"https:\/\/sandzakpress.net\/arhiva\/wp-json\/wp\/v2\/comments?post=226751"}],"version-history":[{"count":0,"href":"https:\/\/sandzakpress.net\/arhiva\/wp-json\/wp\/v2\/posts\/226751\/revisions"}],"wp:featuredmedia":[{"embeddable":true,"href":"https:\/\/sandzakpress.net\/arhiva\/wp-json\/wp\/v2\/media\/226752"}],"wp:attachment":[{"href":"https:\/\/sandzakpress.net\/arhiva\/wp-json\/wp\/v2\/media?parent=226751"}],"wp:term":[{"taxonomy":"category","embeddable":true,"href":"https:\/\/sandzakpress.net\/arhiva\/wp-json\/wp\/v2\/categories?post=226751"},{"taxonomy":"post_tag","embeddable":true,"href":"https:\/\/sandzakpress.net\/arhiva\/wp-json\/wp\/v2\/tags?post=226751"}],"curies":[{"name":"wp","href":"https:\/\/api.w.org\/{rel}","templated":true}]}}