{"id":226726,"date":"2019-08-01T11:29:11","date_gmt":"2019-08-01T09:29:11","guid":{"rendered":"https:\/\/sandzakpress.net\/arhiva\/jerusalem-post-izbrisao-dio-izjave-grabar-kitarovic-o-bih"},"modified":"2019-08-01T11:29:11","modified_gmt":"2019-08-01T09:29:11","slug":"jerusalem-post-izbrisao-dio-izjave-grabar-kitarovic-o-bih","status":"publish","type":"post","link":"https:\/\/sandzakpress.net\/arhiva\/jerusalem-post-izbrisao-dio-izjave-grabar-kitarovic-o-bih\/","title":{"rendered":"Jerusalem Post izbrisao dio izjave Grabar-Kitarovi\u0107 o BiH"},"content":{"rendered":"<p><span class=\"cb-itemprop\"><\/p>\n<p><img decoding=\"async\" src=\"http:\/\/balkans.aljazeera.net\/sites\/default\/files\/styles\/d8\/public\/jp_post.jpg?itok=UL54um4R\" \/><\/p>\n<p><strong><em>The Jerusalem Post<\/em>\u00a0izbrisao je spornu re\u010denicu u tekstu obavljenom na portalu tog izraelskog lista u kojoj se navodi da je predsjednica Republike Hrvatske Kolinda Grabar-Kitarovi\u0107 rekla kako BiH kontroliraju militantni islamisti.<\/strong><\/p>\n<p>\u201eIako gotovo svi tvrde da su izbjeglice iz Sirije, ve\u0107ina su zapravo afri\u010dki ili pakistanski migranti koji poku\u0161avaju probiti granicu te pre\u0107i u Hrvatsku iz BiH za koju je Grabar-Kitarovi\u0107 rekla da je vrlo nestabilna i da su je u nekim aspektima preuzeli ljudi koji imaju veze s Iranom i teroristi\u010dkim organizacijama. Zemlja je pod kontrolom militantnog islama, koji je dominantan u odre\u0111ivanju stavova, kazala je te je dodala da su neki veoma nasilni i da provaljuju u ku\u0107e ljudi\u201d, originalno je navedeno u tekstu\u00a0<em>The Jerusalem Posta<\/em>.<\/p>\n<p>\u010clanak je a\u017euriran 31.07. iako je originalno objavljen 29.07.<\/p>\n<p>Novinarka\u00a0<em>The Jerusalem Posta<\/em>, Greer Fay Cashman koja je navedena kao autorica spornog \u010dlanka u kojem je hrvatska predsjednica Kolinda Grabar-Kitarovi\u0107 navodno kazala kako su \u201cvlasti u BiH povezane s Iranom i nekim teroristi\u010dkim organizacijama\u201d, dan kasnije tvrdi da Grabar-Kitarovi\u0107 nije govorila o vlastima Bosne i Hercegovine.<\/p>\n<p>\u201cNije spomenula vlasti Bosne i Hercegovine, a njena primjedba koja se odnosila na veze s Iranom i teroristima odnosila se SAMO na neke migrante koji su se na\u0161li u Bosni i Hercegovini\u201d, napisala je novinarka u pisanom odgovoru, dostavljenom Al Jazeeri.<\/p>\n<h4>Kratko spominjanje<\/h4>\n<p>Navodi i kako je Grabar-Kitarovi\u0107 \u201cIran spomenula samo jednom rije\u010dju, a vezano uz migrante koji se predstavljaju kao izbjeglice i koji su u nekim slu\u010dajevima povezani sa \u2018sumnjivim elementima'\u201d.<\/p>\n<p>Prethodno je i predsjednica Hrvatske Kolinda Grabar-Kitarovi\u0107 negirala je da je tokom posjete Izraelu rekla da je \u201cBosna i Hercegovina pod kontrolom militantnog islama\u201d, te da je \u201cBiH vrlo nestabilna zemlja koju su je u odre\u0111enom pogledu preuzeli ljudi povezani s Iranom i teroristi\u010dkim organizacijama\u201d.<\/p>\n<p>Izraelski The Jerusalem Post objavio je da Grabar-Kitarovi\u0107 u razgovoru s izraelskim predsjednikom Reuvenom Rivlinom dala ovu izjavu, \u0161to su prenijeli brojni mediji u regiji.<\/p>\n<p>Na pitanje novinara u Hrvatskoj da li su to njene rije\u010di i da li je to rekla tokom sastanka sa Rivlinom, Grabar-Kitarovi\u0107 je odgovorila: \u201cApsolutno ne\u201d.<\/p>\n<p>\u201cS predsjednikom Rivlinom sam razgovarala ono \u0161to uvijek govorim o Bosni i Hercegovini i na\u0161im susjedima i \u0161to sam uostalom rekla na pressicama a to je da \u017eelim da na\u0161e susjedne dr\u017eave \u0161to je mogu\u0107e prije vidjeti u \u010dlanstvu EU.\u201d<\/p>\n<p>\u201cUop\u0107e ne znam kako je do\u0161lo do te izjave jer nisam razgovarala niti s jednim novinarom niti davala izjave\u201d, rekla je hrvatska predsjednica.<\/p>\n<p><em>Izvor: Al Jazeera i agencije<\/em><\/p>\n<p><\/span><br \/>\nPogledajte vijest na izvornom sajtu:<\/p>\n<p><a href=\"https:\/\/bosnapress.net\/jerusalem-post-izbrisao-dio-izjave-grabar-kitarovic-o-bih\/\" target=\"_blank\">Jerusalem Post izbrisao dio izjave Grabar-Kitarovi\u0107 o BiH<\/a><\/p>\n","protected":false},"excerpt":{"rendered":"<p>The Jerusalem Post\u00a0izbrisao je spornu re\u010denicu u tekstu obavljenom na portalu tog izraelskog lista u kojoj se navodi da je predsjednica Republike Hrvatske Kolinda Grabar-Kitarovi\u0107 rekla kako BiH kontroliraju militantni islamisti. \u201eIako gotovo svi tvrde da su izbjeglice iz Sirije, ve\u0107ina su zapravo afri\u010dki ili pakistanski migranti koji poku\u0161avaju probiti granicu te pre\u0107i u Hrvatsku [&hellip;]<\/p>\n","protected":false},"author":83,"featured_media":0,"comment_status":"open","ping_status":"open","sticky":false,"template":"","format":"standard","meta":{"footnotes":""},"categories":[10513],"tags":[10466],"class_list":{"0":"post-226726","1":"post","2":"type-post","3":"status-publish","4":"format-standard","6":"category-bosna-press","7":"tag-bosna-i-hercegovina"},"yoast_head":"<!-- This site is optimized with the Yoast SEO Premium plugin v23.1 (Yoast SEO v24.9) - https:\/\/yoast.com\/wordpress\/plugins\/seo\/ -->\n<title>Jerusalem Post izbrisao dio izjave Grabar-Kitarovi\u0107 o BiH<\/title>\n<meta name=\"robots\" content=\"index, follow, max-snippet:-1, max-image-preview:large, max-video-preview:-1\" \/>\n<link rel=\"canonical\" href=\"https:\/\/sandzakpress.net\/arhiva\/jerusalem-post-izbrisao-dio-izjave-grabar-kitarovic-o-bih\/\" \/>\n<meta property=\"og:locale\" content=\"bs_BA\" \/>\n<meta property=\"og:type\" content=\"article\" \/>\n<meta property=\"og:title\" content=\"Jerusalem Post izbrisao dio izjave Grabar-Kitarovi\u0107 o BiH\" \/>\n<meta property=\"og:description\" content=\"The Jerusalem Post\u00a0izbrisao je spornu re\u010denicu u tekstu obavljenom na portalu tog izraelskog lista u kojoj se navodi da je predsjednica Republike Hrvatske Kolinda Grabar-Kitarovi\u0107 rekla kako BiH kontroliraju militantni islamisti. \u201eIako gotovo svi tvrde da su izbjeglice iz Sirije, ve\u0107ina su zapravo afri\u010dki ili pakistanski migranti koji poku\u0161avaju probiti granicu te pre\u0107i u Hrvatsku [&hellip;]\" \/>\n<meta property=\"og:url\" content=\"https:\/\/sandzakpress.net\/arhiva\/jerusalem-post-izbrisao-dio-izjave-grabar-kitarovic-o-bih\/\" \/>\n<meta property=\"og:site_name\" content=\"Sand\u017eak PRESS\" \/>\n<meta property=\"article:published_time\" content=\"2019-08-01T09:29:11+00:00\" \/>\n<meta property=\"og:image\" content=\"http:\/\/balkans.aljazeera.net\/sites\/default\/files\/styles\/d8\/public\/jp_post.jpg?itok=UL54um4R\" \/>\n<meta name=\"author\" content=\"bosniak\" \/>\n<meta name=\"twitter:card\" content=\"summary_large_image\" \/>\n<meta name=\"twitter:label1\" content=\"Written by\" \/>\n\t<meta name=\"twitter:data1\" content=\"bosniak\" \/>\n\t<meta name=\"twitter:label2\" content=\"Est. reading time\" \/>\n\t<meta name=\"twitter:data2\" content=\"2 minute\" \/>\n<script type=\"application\/ld+json\" class=\"yoast-schema-graph\">{\"@context\":\"https:\/\/schema.org\",\"@graph\":[{\"@type\":\"Article\",\"@id\":\"https:\/\/sandzakpress.net\/arhiva\/jerusalem-post-izbrisao-dio-izjave-grabar-kitarovic-o-bih\/#article\",\"isPartOf\":{\"@id\":\"https:\/\/sandzakpress.net\/arhiva\/jerusalem-post-izbrisao-dio-izjave-grabar-kitarovic-o-bih\/\"},\"author\":{\"name\":\"bosniak\",\"@id\":\"https:\/\/sandzakpress.net\/arhiva\/#\/schema\/person\/c8baee722073534b583ea7bdb2e36c02\"},\"headline\":\"Jerusalem Post izbrisao dio izjave Grabar-Kitarovi\u0107 o BiH\",\"datePublished\":\"2019-08-01T09:29:11+00:00\",\"mainEntityOfPage\":{\"@id\":\"https:\/\/sandzakpress.net\/arhiva\/jerusalem-post-izbrisao-dio-izjave-grabar-kitarovic-o-bih\/\"},\"wordCount\":453,\"commentCount\":0,\"publisher\":{\"@id\":\"https:\/\/sandzakpress.net\/arhiva\/#\/schema\/person\/6e72b67d6e51910a1117b3b483ba20bd\"},\"image\":{\"@id\":\"https:\/\/sandzakpress.net\/arhiva\/jerusalem-post-izbrisao-dio-izjave-grabar-kitarovic-o-bih\/#primaryimage\"},\"thumbnailUrl\":\"http:\/\/balkans.aljazeera.net\/sites\/default\/files\/styles\/d8\/public\/jp_post.jpg?itok=UL54um4R\",\"keywords\":[\"Bosna i Hercegovina\"],\"articleSection\":[\"Bosna PRESS\"],\"inLanguage\":\"bs-BA\",\"potentialAction\":[{\"@type\":\"CommentAction\",\"name\":\"Comment\",\"target\":[\"https:\/\/sandzakpress.net\/arhiva\/jerusalem-post-izbrisao-dio-izjave-grabar-kitarovic-o-bih\/#respond\"]}]},{\"@type\":\"WebPage\",\"@id\":\"https:\/\/sandzakpress.net\/arhiva\/jerusalem-post-izbrisao-dio-izjave-grabar-kitarovic-o-bih\/\",\"url\":\"https:\/\/sandzakpress.net\/arhiva\/jerusalem-post-izbrisao-dio-izjave-grabar-kitarovic-o-bih\/\",\"name\":\"Jerusalem Post izbrisao dio izjave Grabar-Kitarovi\u0107 o BiH\",\"isPartOf\":{\"@id\":\"https:\/\/sandzakpress.net\/arhiva\/#website\"},\"primaryImageOfPage\":{\"@id\":\"https:\/\/sandzakpress.net\/arhiva\/jerusalem-post-izbrisao-dio-izjave-grabar-kitarovic-o-bih\/#primaryimage\"},\"image\":{\"@id\":\"https:\/\/sandzakpress.net\/arhiva\/jerusalem-post-izbrisao-dio-izjave-grabar-kitarovic-o-bih\/#primaryimage\"},\"thumbnailUrl\":\"http:\/\/balkans.aljazeera.net\/sites\/default\/files\/styles\/d8\/public\/jp_post.jpg?itok=UL54um4R\",\"datePublished\":\"2019-08-01T09:29:11+00:00\",\"breadcrumb\":{\"@id\":\"https:\/\/sandzakpress.net\/arhiva\/jerusalem-post-izbrisao-dio-izjave-grabar-kitarovic-o-bih\/#breadcrumb\"},\"inLanguage\":\"bs-BA\",\"potentialAction\":[{\"@type\":\"ReadAction\",\"target\":[\"https:\/\/sandzakpress.net\/arhiva\/jerusalem-post-izbrisao-dio-izjave-grabar-kitarovic-o-bih\/\"]}]},{\"@type\":\"ImageObject\",\"inLanguage\":\"bs-BA\",\"@id\":\"https:\/\/sandzakpress.net\/arhiva\/jerusalem-post-izbrisao-dio-izjave-grabar-kitarovic-o-bih\/#primaryimage\",\"url\":\"http:\/\/balkans.aljazeera.net\/sites\/default\/files\/styles\/d8\/public\/jp_post.jpg?itok=UL54um4R\",\"contentUrl\":\"http:\/\/balkans.aljazeera.net\/sites\/default\/files\/styles\/d8\/public\/jp_post.jpg?itok=UL54um4R\"},{\"@type\":\"BreadcrumbList\",\"@id\":\"https:\/\/sandzakpress.net\/arhiva\/jerusalem-post-izbrisao-dio-izjave-grabar-kitarovic-o-bih\/#breadcrumb\",\"itemListElement\":[{\"@type\":\"ListItem\",\"position\":1,\"name\":\"Home\",\"item\":\"https:\/\/sandzakpress.net\/arhiva\/\"},{\"@type\":\"ListItem\",\"position\":2,\"name\":\"Jerusalem Post izbrisao dio izjave Grabar-Kitarovi\u0107 o BiH\"}]},{\"@type\":\"WebSite\",\"@id\":\"https:\/\/sandzakpress.net\/arhiva\/#website\",\"url\":\"https:\/\/sandzakpress.net\/arhiva\/\",\"name\":\"Sand\u017eak PRESS\",\"description\":\"Prve elektronske novine u Sand\u017eaku\",\"publisher\":{\"@id\":\"https:\/\/sandzakpress.net\/arhiva\/#\/schema\/person\/6e72b67d6e51910a1117b3b483ba20bd\"},\"potentialAction\":[{\"@type\":\"SearchAction\",\"target\":{\"@type\":\"EntryPoint\",\"urlTemplate\":\"https:\/\/sandzakpress.net\/arhiva\/?s={search_term_string}\"},\"query-input\":{\"@type\":\"PropertyValueSpecification\",\"valueRequired\":true,\"valueName\":\"search_term_string\"}}],\"inLanguage\":\"bs-BA\"},{\"@type\":[\"Person\",\"Organization\"],\"@id\":\"https:\/\/sandzakpress.net\/arhiva\/#\/schema\/person\/6e72b67d6e51910a1117b3b483ba20bd\",\"name\":\"Kul\",\"image\":{\"@type\":\"ImageObject\",\"inLanguage\":\"bs-BA\",\"@id\":\"https:\/\/sandzakpress.net\/arhiva\/#\/schema\/person\/image\/\",\"url\":\"https:\/\/secure.gravatar.com\/avatar\/42263f39aa27ac04c43cab85c280eb2e?s=96&d=mm&r=pg\",\"contentUrl\":\"https:\/\/secure.gravatar.com\/avatar\/42263f39aa27ac04c43cab85c280eb2e?s=96&d=mm&r=pg\",\"caption\":\"Kul\"},\"logo\":{\"@id\":\"https:\/\/sandzakpress.net\/arhiva\/#\/schema\/person\/image\/\"}},{\"@type\":\"Person\",\"@id\":\"https:\/\/sandzakpress.net\/arhiva\/#\/schema\/person\/c8baee722073534b583ea7bdb2e36c02\",\"name\":\"bosniak\",\"image\":{\"@type\":\"ImageObject\",\"inLanguage\":\"bs-BA\",\"@id\":\"https:\/\/sandzakpress.net\/arhiva\/#\/schema\/person\/image\/\",\"url\":\"https:\/\/secure.gravatar.com\/avatar\/a04fd330bfe3a36a72a0ad4a6d89fca7?s=96&d=mm&r=pg\",\"contentUrl\":\"https:\/\/secure.gravatar.com\/avatar\/a04fd330bfe3a36a72a0ad4a6d89fca7?s=96&d=mm&r=pg\",\"caption\":\"bosniak\"},\"url\":\"https:\/\/sandzakpress.net\/arhiva\/author\/bosniak\/\"}]}<\/script>\n<!-- \/ Yoast SEO Premium plugin. -->","yoast_head_json":{"title":"Jerusalem Post izbrisao dio izjave Grabar-Kitarovi\u0107 o BiH","robots":{"index":"index","follow":"follow","max-snippet":"max-snippet:-1","max-image-preview":"max-image-preview:large","max-video-preview":"max-video-preview:-1"},"canonical":"https:\/\/sandzakpress.net\/arhiva\/jerusalem-post-izbrisao-dio-izjave-grabar-kitarovic-o-bih\/","og_locale":"bs_BA","og_type":"article","og_title":"Jerusalem Post izbrisao dio izjave Grabar-Kitarovi\u0107 o BiH","og_description":"The Jerusalem Post\u00a0izbrisao je spornu re\u010denicu u tekstu obavljenom na portalu tog izraelskog lista u kojoj se navodi da je predsjednica Republike Hrvatske Kolinda Grabar-Kitarovi\u0107 rekla kako BiH kontroliraju militantni islamisti. \u201eIako gotovo svi tvrde da su izbjeglice iz Sirije, ve\u0107ina su zapravo afri\u010dki ili pakistanski migranti koji poku\u0161avaju probiti granicu te pre\u0107i u Hrvatsku [&hellip;]","og_url":"https:\/\/sandzakpress.net\/arhiva\/jerusalem-post-izbrisao-dio-izjave-grabar-kitarovic-o-bih\/","og_site_name":"Sand\u017eak PRESS","article_published_time":"2019-08-01T09:29:11+00:00","og_image":[{"url":"http:\/\/balkans.aljazeera.net\/sites\/default\/files\/styles\/d8\/public\/jp_post.jpg?itok=UL54um4R","type":"","width":"","height":""}],"author":"bosniak","twitter_card":"summary_large_image","twitter_misc":{"Written by":"bosniak","Est. reading time":"2 minute"},"schema":{"@context":"https:\/\/schema.org","@graph":[{"@type":"Article","@id":"https:\/\/sandzakpress.net\/arhiva\/jerusalem-post-izbrisao-dio-izjave-grabar-kitarovic-o-bih\/#article","isPartOf":{"@id":"https:\/\/sandzakpress.net\/arhiva\/jerusalem-post-izbrisao-dio-izjave-grabar-kitarovic-o-bih\/"},"author":{"name":"bosniak","@id":"https:\/\/sandzakpress.net\/arhiva\/#\/schema\/person\/c8baee722073534b583ea7bdb2e36c02"},"headline":"Jerusalem Post izbrisao dio izjave Grabar-Kitarovi\u0107 o BiH","datePublished":"2019-08-01T09:29:11+00:00","mainEntityOfPage":{"@id":"https:\/\/sandzakpress.net\/arhiva\/jerusalem-post-izbrisao-dio-izjave-grabar-kitarovic-o-bih\/"},"wordCount":453,"commentCount":0,"publisher":{"@id":"https:\/\/sandzakpress.net\/arhiva\/#\/schema\/person\/6e72b67d6e51910a1117b3b483ba20bd"},"image":{"@id":"https:\/\/sandzakpress.net\/arhiva\/jerusalem-post-izbrisao-dio-izjave-grabar-kitarovic-o-bih\/#primaryimage"},"thumbnailUrl":"http:\/\/balkans.aljazeera.net\/sites\/default\/files\/styles\/d8\/public\/jp_post.jpg?itok=UL54um4R","keywords":["Bosna i Hercegovina"],"articleSection":["Bosna PRESS"],"inLanguage":"bs-BA","potentialAction":[{"@type":"CommentAction","name":"Comment","target":["https:\/\/sandzakpress.net\/arhiva\/jerusalem-post-izbrisao-dio-izjave-grabar-kitarovic-o-bih\/#respond"]}]},{"@type":"WebPage","@id":"https:\/\/sandzakpress.net\/arhiva\/jerusalem-post-izbrisao-dio-izjave-grabar-kitarovic-o-bih\/","url":"https:\/\/sandzakpress.net\/arhiva\/jerusalem-post-izbrisao-dio-izjave-grabar-kitarovic-o-bih\/","name":"Jerusalem Post izbrisao dio izjave Grabar-Kitarovi\u0107 o BiH","isPartOf":{"@id":"https:\/\/sandzakpress.net\/arhiva\/#website"},"primaryImageOfPage":{"@id":"https:\/\/sandzakpress.net\/arhiva\/jerusalem-post-izbrisao-dio-izjave-grabar-kitarovic-o-bih\/#primaryimage"},"image":{"@id":"https:\/\/sandzakpress.net\/arhiva\/jerusalem-post-izbrisao-dio-izjave-grabar-kitarovic-o-bih\/#primaryimage"},"thumbnailUrl":"http:\/\/balkans.aljazeera.net\/sites\/default\/files\/styles\/d8\/public\/jp_post.jpg?itok=UL54um4R","datePublished":"2019-08-01T09:29:11+00:00","breadcrumb":{"@id":"https:\/\/sandzakpress.net\/arhiva\/jerusalem-post-izbrisao-dio-izjave-grabar-kitarovic-o-bih\/#breadcrumb"},"inLanguage":"bs-BA","potentialAction":[{"@type":"ReadAction","target":["https:\/\/sandzakpress.net\/arhiva\/jerusalem-post-izbrisao-dio-izjave-grabar-kitarovic-o-bih\/"]}]},{"@type":"ImageObject","inLanguage":"bs-BA","@id":"https:\/\/sandzakpress.net\/arhiva\/jerusalem-post-izbrisao-dio-izjave-grabar-kitarovic-o-bih\/#primaryimage","url":"http:\/\/balkans.aljazeera.net\/sites\/default\/files\/styles\/d8\/public\/jp_post.jpg?itok=UL54um4R","contentUrl":"http:\/\/balkans.aljazeera.net\/sites\/default\/files\/styles\/d8\/public\/jp_post.jpg?itok=UL54um4R"},{"@type":"BreadcrumbList","@id":"https:\/\/sandzakpress.net\/arhiva\/jerusalem-post-izbrisao-dio-izjave-grabar-kitarovic-o-bih\/#breadcrumb","itemListElement":[{"@type":"ListItem","position":1,"name":"Home","item":"https:\/\/sandzakpress.net\/arhiva\/"},{"@type":"ListItem","position":2,"name":"Jerusalem Post izbrisao dio izjave Grabar-Kitarovi\u0107 o BiH"}]},{"@type":"WebSite","@id":"https:\/\/sandzakpress.net\/arhiva\/#website","url":"https:\/\/sandzakpress.net\/arhiva\/","name":"Sand\u017eak PRESS","description":"Prve elektronske novine u Sand\u017eaku","publisher":{"@id":"https:\/\/sandzakpress.net\/arhiva\/#\/schema\/person\/6e72b67d6e51910a1117b3b483ba20bd"},"potentialAction":[{"@type":"SearchAction","target":{"@type":"EntryPoint","urlTemplate":"https:\/\/sandzakpress.net\/arhiva\/?s={search_term_string}"},"query-input":{"@type":"PropertyValueSpecification","valueRequired":true,"valueName":"search_term_string"}}],"inLanguage":"bs-BA"},{"@type":["Person","Organization"],"@id":"https:\/\/sandzakpress.net\/arhiva\/#\/schema\/person\/6e72b67d6e51910a1117b3b483ba20bd","name":"Kul","image":{"@type":"ImageObject","inLanguage":"bs-BA","@id":"https:\/\/sandzakpress.net\/arhiva\/#\/schema\/person\/image\/","url":"https:\/\/secure.gravatar.com\/avatar\/42263f39aa27ac04c43cab85c280eb2e?s=96&d=mm&r=pg","contentUrl":"https:\/\/secure.gravatar.com\/avatar\/42263f39aa27ac04c43cab85c280eb2e?s=96&d=mm&r=pg","caption":"Kul"},"logo":{"@id":"https:\/\/sandzakpress.net\/arhiva\/#\/schema\/person\/image\/"}},{"@type":"Person","@id":"https:\/\/sandzakpress.net\/arhiva\/#\/schema\/person\/c8baee722073534b583ea7bdb2e36c02","name":"bosniak","image":{"@type":"ImageObject","inLanguage":"bs-BA","@id":"https:\/\/sandzakpress.net\/arhiva\/#\/schema\/person\/image\/","url":"https:\/\/secure.gravatar.com\/avatar\/a04fd330bfe3a36a72a0ad4a6d89fca7?s=96&d=mm&r=pg","contentUrl":"https:\/\/secure.gravatar.com\/avatar\/a04fd330bfe3a36a72a0ad4a6d89fca7?s=96&d=mm&r=pg","caption":"bosniak"},"url":"https:\/\/sandzakpress.net\/arhiva\/author\/bosniak\/"}]}},"_links":{"self":[{"href":"https:\/\/sandzakpress.net\/arhiva\/wp-json\/wp\/v2\/posts\/226726"}],"collection":[{"href":"https:\/\/sandzakpress.net\/arhiva\/wp-json\/wp\/v2\/posts"}],"about":[{"href":"https:\/\/sandzakpress.net\/arhiva\/wp-json\/wp\/v2\/types\/post"}],"author":[{"embeddable":true,"href":"https:\/\/sandzakpress.net\/arhiva\/wp-json\/wp\/v2\/users\/83"}],"replies":[{"embeddable":true,"href":"https:\/\/sandzakpress.net\/arhiva\/wp-json\/wp\/v2\/comments?post=226726"}],"version-history":[{"count":0,"href":"https:\/\/sandzakpress.net\/arhiva\/wp-json\/wp\/v2\/posts\/226726\/revisions"}],"wp:attachment":[{"href":"https:\/\/sandzakpress.net\/arhiva\/wp-json\/wp\/v2\/media?parent=226726"}],"wp:term":[{"taxonomy":"category","embeddable":true,"href":"https:\/\/sandzakpress.net\/arhiva\/wp-json\/wp\/v2\/categories?post=226726"},{"taxonomy":"post_tag","embeddable":true,"href":"https:\/\/sandzakpress.net\/arhiva\/wp-json\/wp\/v2\/tags?post=226726"}],"curies":[{"name":"wp","href":"https:\/\/api.w.org\/{rel}","templated":true}]}}