{"id":226688,"date":"2019-07-31T13:55:45","date_gmt":"2019-07-31T11:55:45","guid":{"rendered":"https:\/\/sandzakpress.net\/arhiva\/?p=226688"},"modified":"2019-07-31T13:55:45","modified_gmt":"2019-07-31T11:55:45","slug":"tuzilastvo-istraga-protiv-beloice-zbog-krivicnog-djela-ubistvo-i-dalje-u-toku","status":"publish","type":"post","link":"https:\/\/sandzakpress.net\/arhiva\/tuzilastvo-istraga-protiv-beloice-zbog-krivicnog-djela-ubistvo-i-dalje-u-toku\/","title":{"rendered":"Tu\u017eila\u0161tvo: Istraga protiv Beloice zbog krivi\u010dnog djela ubistvo i dalje u toku"},"content":{"rendered":"<p><img loading=\"lazy\" decoding=\"async\" class=\"size-full wp-image-226691 aligncenter\" src=\"https:\/\/sandzakpress.net\/arhiva\/wp-content\/uploads\/2019\/07\/policija-skarep-696x469.jpg\" alt=\"\" width=\"696\" height=\"469\" srcset=\"https:\/\/sandzakpress.net\/arhiva\/wp-content\/uploads\/2019\/07\/policija-skarep-696x469.jpg 696w, https:\/\/sandzakpress.net\/arhiva\/wp-content\/uploads\/2019\/07\/policija-skarep-696x469-616x415.jpg 616w\" sizes=\"(max-width: 696px) 100vw, 696px\" \/><\/p>\n<p><b>Vi\u0161e javno tu\u017eila\u0161tvo u U\u017eicu odgovorilo je danas radiju Sto plus da jo\u0161 uvijek nije okon\u010dalo istragu protiv policajca Raice Beloice iz Tutina, okrivljenog da je u septembru 2017. godine ubio Fahrudina Skarepa (22).<\/b><\/p>\n<p>Oni su, postupaju\u0107i po zahtjevu za slobodan pristup informacijama od javnog zna\u010daja, naveli da se protiv Beloice vodi istraga zbog krivi\u010dnog djela ubistvo iz \u010dlana 113 Krivi\u010dnog zakonika.<\/p>\n<p>Za to krivi\u010dno djelo propisana je kazna zatvora od pet do 15 godina.<\/p>\n<p>Na pitanje zbog \u010dega istraga jo\u0161 uvijek nije okon\u010dana iz Vi\u0161eg tu\u017eila\u0161tva nisu odgovorili jer \u201csmatraju da bi to ugrozilo vo\u0111enje postupka i dono\u0161enje odluke u vezi sa optu\u017eenjem\u201d.<\/p>\n<p><img loading=\"lazy\" decoding=\"async\" class=\"aligncenter\" src=\"http:\/\/www.radiostoplus.com\/images\/clanci\/RAZNO\/tuzilastvoue_odgovor.jpg\" alt=\"\" width=\"449\" height=\"389\" \/><\/p>\n<p style=\"text-align: center;\"><em>Foto:Odgovor Vi\u0161eg tu\u017eila\u0161tva u U\u017eicu<\/em><\/p>\n<p>Vi\u0161e tu\u017eila\u0161tvo u U\u017eicu predmet ubistva Fahrudina Skarepa zadu\u017eilo je u februaru 2018. godine, nakon \u0161to je Apelaciono tu\u017eila\u0161tvo u Kragujevcu slu\u010daj oduzelo Vi\u0161em tu\u017eila\u0161tvu u Novom Pazaru.<\/p>\n<p>Beloica je osumnji\u010den da je u no\u0107i izme\u0111u 29. i 30. septembra 2017. godine, dok je bio u akciji spre\u010davanja \u0161verca, u blizini sela Dolovo kraj Tutina, ubio Skarepa.<\/p>\n<p>On se tereti da je pucao na vozilo kojim je upravljao Skarep. Metak je pro\u0161ao kroz staklo na voza\u010devim vratima i te\u0161ko ranio mladi\u0107a koji je povredama podlegao u novopazarskoj Op\u0161toj bolnici.<\/p>\n<p>izvor: <a href=\"http:\/\/www.radiostoplus.com\/item\/27046\">Radiostoplus<\/a><\/p>\n<p>&nbsp;<\/p>\n","protected":false},"excerpt":{"rendered":"<p>Vi\u0161e javno tu\u017eila\u0161tvo u U\u017eicu odgovorilo je danas radiju Sto plus da jo\u0161 uvijek nije okon\u010dalo istragu protiv policajca Raice Beloice iz Tutina, okrivljenog da je u septembru 2017. godine ubio Fahrudina Skarepa (22). Oni su, postupaju\u0107i po zahtjevu za slobodan pristup informacijama od javnog zna\u010daja, naveli da se protiv Beloice vodi istraga zbog krivi\u010dnog [&hellip;]<\/p>\n","protected":false},"author":509,"featured_media":226691,"comment_status":"open","ping_status":"open","sticky":false,"template":"","format":"standard","meta":{"footnotes":""},"categories":[327,801,8957],"tags":[],"class_list":{"0":"post-226688","1":"post","2":"type-post","3":"status-publish","4":"format-standard","5":"has-post-thumbnail","7":"category-tutin","8":"category-crna_hronika","9":"category-vijesti-dana"},"yoast_head":"<!-- This site is optimized with the Yoast SEO Premium plugin v23.1 (Yoast SEO v24.9) - https:\/\/yoast.com\/wordpress\/plugins\/seo\/ -->\n<title>Tu\u017eila\u0161tvo: Istraga protiv Beloice zbog krivi\u010dnog djela ubistvo i dalje u toku<\/title>\n<meta name=\"robots\" content=\"index, follow, max-snippet:-1, max-image-preview:large, max-video-preview:-1\" \/>\n<link rel=\"canonical\" href=\"https:\/\/sandzakpress.net\/arhiva\/tuzilastvo-istraga-protiv-beloice-zbog-krivicnog-djela-ubistvo-i-dalje-u-toku\/\" \/>\n<meta property=\"og:locale\" content=\"bs_BA\" \/>\n<meta property=\"og:type\" content=\"article\" \/>\n<meta property=\"og:title\" content=\"Tu\u017eila\u0161tvo: Istraga protiv Beloice zbog krivi\u010dnog djela ubistvo i dalje u toku\" \/>\n<meta property=\"og:description\" content=\"Vi\u0161e javno tu\u017eila\u0161tvo u U\u017eicu odgovorilo je danas radiju Sto plus da jo\u0161 uvijek nije okon\u010dalo istragu protiv policajca Raice Beloice iz Tutina, okrivljenog da je u septembru 2017. godine ubio Fahrudina Skarepa (22). Oni su, postupaju\u0107i po zahtjevu za slobodan pristup informacijama od javnog zna\u010daja, naveli da se protiv Beloice vodi istraga zbog krivi\u010dnog [&hellip;]\" \/>\n<meta property=\"og:url\" content=\"https:\/\/sandzakpress.net\/arhiva\/tuzilastvo-istraga-protiv-beloice-zbog-krivicnog-djela-ubistvo-i-dalje-u-toku\/\" \/>\n<meta property=\"og:site_name\" content=\"Sand\u017eak PRESS\" \/>\n<meta property=\"article:published_time\" content=\"2019-07-31T11:55:45+00:00\" \/>\n<meta property=\"og:image\" content=\"https:\/\/sandzakpress.net\/arhiva\/wp-content\/uploads\/2019\/07\/policija-skarep-696x469.jpg\" \/>\n\t<meta property=\"og:image:width\" content=\"696\" \/>\n\t<meta property=\"og:image:height\" content=\"469\" \/>\n\t<meta property=\"og:image:type\" content=\"image\/jpeg\" \/>\n<meta name=\"author\" content=\"Agencija\" \/>\n<meta name=\"twitter:card\" content=\"summary_large_image\" \/>\n<meta name=\"twitter:label1\" content=\"Written by\" \/>\n\t<meta name=\"twitter:data1\" content=\"Agencija\" \/>\n\t<meta name=\"twitter:label2\" content=\"Est. reading time\" \/>\n\t<meta name=\"twitter:data2\" content=\"1 minuta\" \/>\n<script type=\"application\/ld+json\" class=\"yoast-schema-graph\">{\"@context\":\"https:\/\/schema.org\",\"@graph\":[{\"@type\":\"Article\",\"@id\":\"https:\/\/sandzakpress.net\/arhiva\/tuzilastvo-istraga-protiv-beloice-zbog-krivicnog-djela-ubistvo-i-dalje-u-toku\/#article\",\"isPartOf\":{\"@id\":\"https:\/\/sandzakpress.net\/arhiva\/tuzilastvo-istraga-protiv-beloice-zbog-krivicnog-djela-ubistvo-i-dalje-u-toku\/\"},\"author\":{\"name\":\"Agencija\",\"@id\":\"https:\/\/sandzakpress.net\/arhiva\/#\/schema\/person\/cb59d7e3ab91ab90dd680ad0305a6185\"},\"headline\":\"Tu\u017eila\u0161tvo: Istraga protiv Beloice zbog krivi\u010dnog djela ubistvo i dalje u toku\",\"datePublished\":\"2019-07-31T11:55:45+00:00\",\"mainEntityOfPage\":{\"@id\":\"https:\/\/sandzakpress.net\/arhiva\/tuzilastvo-istraga-protiv-beloice-zbog-krivicnog-djela-ubistvo-i-dalje-u-toku\/\"},\"wordCount\":250,\"commentCount\":0,\"publisher\":{\"@id\":\"https:\/\/sandzakpress.net\/arhiva\/#\/schema\/person\/6e72b67d6e51910a1117b3b483ba20bd\"},\"image\":{\"@id\":\"https:\/\/sandzakpress.net\/arhiva\/tuzilastvo-istraga-protiv-beloice-zbog-krivicnog-djela-ubistvo-i-dalje-u-toku\/#primaryimage\"},\"thumbnailUrl\":\"https:\/\/sandzakpress.net\/arhiva\/wp-content\/uploads\/2019\/07\/policija-skarep-696x469.jpg\",\"articleSection\":[\"Tutin\",\"Hronika\",\"VIJESTI DANA\"],\"inLanguage\":\"bs-BA\",\"potentialAction\":[{\"@type\":\"CommentAction\",\"name\":\"Comment\",\"target\":[\"https:\/\/sandzakpress.net\/arhiva\/tuzilastvo-istraga-protiv-beloice-zbog-krivicnog-djela-ubistvo-i-dalje-u-toku\/#respond\"]}]},{\"@type\":\"WebPage\",\"@id\":\"https:\/\/sandzakpress.net\/arhiva\/tuzilastvo-istraga-protiv-beloice-zbog-krivicnog-djela-ubistvo-i-dalje-u-toku\/\",\"url\":\"https:\/\/sandzakpress.net\/arhiva\/tuzilastvo-istraga-protiv-beloice-zbog-krivicnog-djela-ubistvo-i-dalje-u-toku\/\",\"name\":\"Tu\u017eila\u0161tvo: Istraga protiv Beloice zbog krivi\u010dnog djela ubistvo i dalje u toku\",\"isPartOf\":{\"@id\":\"https:\/\/sandzakpress.net\/arhiva\/#website\"},\"primaryImageOfPage\":{\"@id\":\"https:\/\/sandzakpress.net\/arhiva\/tuzilastvo-istraga-protiv-beloice-zbog-krivicnog-djela-ubistvo-i-dalje-u-toku\/#primaryimage\"},\"image\":{\"@id\":\"https:\/\/sandzakpress.net\/arhiva\/tuzilastvo-istraga-protiv-beloice-zbog-krivicnog-djela-ubistvo-i-dalje-u-toku\/#primaryimage\"},\"thumbnailUrl\":\"https:\/\/sandzakpress.net\/arhiva\/wp-content\/uploads\/2019\/07\/policija-skarep-696x469.jpg\",\"datePublished\":\"2019-07-31T11:55:45+00:00\",\"breadcrumb\":{\"@id\":\"https:\/\/sandzakpress.net\/arhiva\/tuzilastvo-istraga-protiv-beloice-zbog-krivicnog-djela-ubistvo-i-dalje-u-toku\/#breadcrumb\"},\"inLanguage\":\"bs-BA\",\"potentialAction\":[{\"@type\":\"ReadAction\",\"target\":[\"https:\/\/sandzakpress.net\/arhiva\/tuzilastvo-istraga-protiv-beloice-zbog-krivicnog-djela-ubistvo-i-dalje-u-toku\/\"]}]},{\"@type\":\"ImageObject\",\"inLanguage\":\"bs-BA\",\"@id\":\"https:\/\/sandzakpress.net\/arhiva\/tuzilastvo-istraga-protiv-beloice-zbog-krivicnog-djela-ubistvo-i-dalje-u-toku\/#primaryimage\",\"url\":\"https:\/\/sandzakpress.net\/arhiva\/wp-content\/uploads\/2019\/07\/policija-skarep-696x469.jpg\",\"contentUrl\":\"https:\/\/sandzakpress.net\/arhiva\/wp-content\/uploads\/2019\/07\/policija-skarep-696x469.jpg\",\"width\":696,\"height\":469},{\"@type\":\"BreadcrumbList\",\"@id\":\"https:\/\/sandzakpress.net\/arhiva\/tuzilastvo-istraga-protiv-beloice-zbog-krivicnog-djela-ubistvo-i-dalje-u-toku\/#breadcrumb\",\"itemListElement\":[{\"@type\":\"ListItem\",\"position\":1,\"name\":\"Home\",\"item\":\"https:\/\/sandzakpress.net\/arhiva\/\"},{\"@type\":\"ListItem\",\"position\":2,\"name\":\"Tu\u017eila\u0161tvo: Istraga protiv Beloice zbog krivi\u010dnog djela ubistvo i dalje u toku\"}]},{\"@type\":\"WebSite\",\"@id\":\"https:\/\/sandzakpress.net\/arhiva\/#website\",\"url\":\"https:\/\/sandzakpress.net\/arhiva\/\",\"name\":\"Sand\u017eak PRESS\",\"description\":\"Prve elektronske novine u Sand\u017eaku\",\"publisher\":{\"@id\":\"https:\/\/sandzakpress.net\/arhiva\/#\/schema\/person\/6e72b67d6e51910a1117b3b483ba20bd\"},\"potentialAction\":[{\"@type\":\"SearchAction\",\"target\":{\"@type\":\"EntryPoint\",\"urlTemplate\":\"https:\/\/sandzakpress.net\/arhiva\/?s={search_term_string}\"},\"query-input\":{\"@type\":\"PropertyValueSpecification\",\"valueRequired\":true,\"valueName\":\"search_term_string\"}}],\"inLanguage\":\"bs-BA\"},{\"@type\":[\"Person\",\"Organization\"],\"@id\":\"https:\/\/sandzakpress.net\/arhiva\/#\/schema\/person\/6e72b67d6e51910a1117b3b483ba20bd\",\"name\":\"Kul\",\"image\":{\"@type\":\"ImageObject\",\"inLanguage\":\"bs-BA\",\"@id\":\"https:\/\/sandzakpress.net\/arhiva\/#\/schema\/person\/image\/\",\"url\":\"https:\/\/secure.gravatar.com\/avatar\/42263f39aa27ac04c43cab85c280eb2e?s=96&d=mm&r=pg\",\"contentUrl\":\"https:\/\/secure.gravatar.com\/avatar\/42263f39aa27ac04c43cab85c280eb2e?s=96&d=mm&r=pg\",\"caption\":\"Kul\"},\"logo\":{\"@id\":\"https:\/\/sandzakpress.net\/arhiva\/#\/schema\/person\/image\/\"}},{\"@type\":\"Person\",\"@id\":\"https:\/\/sandzakpress.net\/arhiva\/#\/schema\/person\/cb59d7e3ab91ab90dd680ad0305a6185\",\"name\":\"Agencija\",\"image\":{\"@type\":\"ImageObject\",\"inLanguage\":\"bs-BA\",\"@id\":\"https:\/\/sandzakpress.net\/arhiva\/#\/schema\/person\/image\/\",\"url\":\"https:\/\/secure.gravatar.com\/avatar\/4b7fafa80a22f0c2afe23966b3961fe0?s=96&d=mm&r=pg\",\"contentUrl\":\"https:\/\/secure.gravatar.com\/avatar\/4b7fafa80a22f0c2afe23966b3961fe0?s=96&d=mm&r=pg\",\"caption\":\"Agencija\"},\"url\":\"https:\/\/sandzakpress.net\/arhiva\/author\/agencija\/\"}]}<\/script>\n<!-- \/ Yoast SEO Premium plugin. -->","yoast_head_json":{"title":"Tu\u017eila\u0161tvo: Istraga protiv Beloice zbog krivi\u010dnog djela ubistvo i dalje u toku","robots":{"index":"index","follow":"follow","max-snippet":"max-snippet:-1","max-image-preview":"max-image-preview:large","max-video-preview":"max-video-preview:-1"},"canonical":"https:\/\/sandzakpress.net\/arhiva\/tuzilastvo-istraga-protiv-beloice-zbog-krivicnog-djela-ubistvo-i-dalje-u-toku\/","og_locale":"bs_BA","og_type":"article","og_title":"Tu\u017eila\u0161tvo: Istraga protiv Beloice zbog krivi\u010dnog djela ubistvo i dalje u toku","og_description":"Vi\u0161e javno tu\u017eila\u0161tvo u U\u017eicu odgovorilo je danas radiju Sto plus da jo\u0161 uvijek nije okon\u010dalo istragu protiv policajca Raice Beloice iz Tutina, okrivljenog da je u septembru 2017. godine ubio Fahrudina Skarepa (22). Oni su, postupaju\u0107i po zahtjevu za slobodan pristup informacijama od javnog zna\u010daja, naveli da se protiv Beloice vodi istraga zbog krivi\u010dnog [&hellip;]","og_url":"https:\/\/sandzakpress.net\/arhiva\/tuzilastvo-istraga-protiv-beloice-zbog-krivicnog-djela-ubistvo-i-dalje-u-toku\/","og_site_name":"Sand\u017eak PRESS","article_published_time":"2019-07-31T11:55:45+00:00","og_image":[{"width":696,"height":469,"url":"https:\/\/sandzakpress.net\/arhiva\/wp-content\/uploads\/2019\/07\/policija-skarep-696x469.jpg","type":"image\/jpeg"}],"author":"Agencija","twitter_card":"summary_large_image","twitter_misc":{"Written by":"Agencija","Est. reading time":"1 minuta"},"schema":{"@context":"https:\/\/schema.org","@graph":[{"@type":"Article","@id":"https:\/\/sandzakpress.net\/arhiva\/tuzilastvo-istraga-protiv-beloice-zbog-krivicnog-djela-ubistvo-i-dalje-u-toku\/#article","isPartOf":{"@id":"https:\/\/sandzakpress.net\/arhiva\/tuzilastvo-istraga-protiv-beloice-zbog-krivicnog-djela-ubistvo-i-dalje-u-toku\/"},"author":{"name":"Agencija","@id":"https:\/\/sandzakpress.net\/arhiva\/#\/schema\/person\/cb59d7e3ab91ab90dd680ad0305a6185"},"headline":"Tu\u017eila\u0161tvo: Istraga protiv Beloice zbog krivi\u010dnog djela ubistvo i dalje u toku","datePublished":"2019-07-31T11:55:45+00:00","mainEntityOfPage":{"@id":"https:\/\/sandzakpress.net\/arhiva\/tuzilastvo-istraga-protiv-beloice-zbog-krivicnog-djela-ubistvo-i-dalje-u-toku\/"},"wordCount":250,"commentCount":0,"publisher":{"@id":"https:\/\/sandzakpress.net\/arhiva\/#\/schema\/person\/6e72b67d6e51910a1117b3b483ba20bd"},"image":{"@id":"https:\/\/sandzakpress.net\/arhiva\/tuzilastvo-istraga-protiv-beloice-zbog-krivicnog-djela-ubistvo-i-dalje-u-toku\/#primaryimage"},"thumbnailUrl":"https:\/\/sandzakpress.net\/arhiva\/wp-content\/uploads\/2019\/07\/policija-skarep-696x469.jpg","articleSection":["Tutin","Hronika","VIJESTI DANA"],"inLanguage":"bs-BA","potentialAction":[{"@type":"CommentAction","name":"Comment","target":["https:\/\/sandzakpress.net\/arhiva\/tuzilastvo-istraga-protiv-beloice-zbog-krivicnog-djela-ubistvo-i-dalje-u-toku\/#respond"]}]},{"@type":"WebPage","@id":"https:\/\/sandzakpress.net\/arhiva\/tuzilastvo-istraga-protiv-beloice-zbog-krivicnog-djela-ubistvo-i-dalje-u-toku\/","url":"https:\/\/sandzakpress.net\/arhiva\/tuzilastvo-istraga-protiv-beloice-zbog-krivicnog-djela-ubistvo-i-dalje-u-toku\/","name":"Tu\u017eila\u0161tvo: Istraga protiv Beloice zbog krivi\u010dnog djela ubistvo i dalje u toku","isPartOf":{"@id":"https:\/\/sandzakpress.net\/arhiva\/#website"},"primaryImageOfPage":{"@id":"https:\/\/sandzakpress.net\/arhiva\/tuzilastvo-istraga-protiv-beloice-zbog-krivicnog-djela-ubistvo-i-dalje-u-toku\/#primaryimage"},"image":{"@id":"https:\/\/sandzakpress.net\/arhiva\/tuzilastvo-istraga-protiv-beloice-zbog-krivicnog-djela-ubistvo-i-dalje-u-toku\/#primaryimage"},"thumbnailUrl":"https:\/\/sandzakpress.net\/arhiva\/wp-content\/uploads\/2019\/07\/policija-skarep-696x469.jpg","datePublished":"2019-07-31T11:55:45+00:00","breadcrumb":{"@id":"https:\/\/sandzakpress.net\/arhiva\/tuzilastvo-istraga-protiv-beloice-zbog-krivicnog-djela-ubistvo-i-dalje-u-toku\/#breadcrumb"},"inLanguage":"bs-BA","potentialAction":[{"@type":"ReadAction","target":["https:\/\/sandzakpress.net\/arhiva\/tuzilastvo-istraga-protiv-beloice-zbog-krivicnog-djela-ubistvo-i-dalje-u-toku\/"]}]},{"@type":"ImageObject","inLanguage":"bs-BA","@id":"https:\/\/sandzakpress.net\/arhiva\/tuzilastvo-istraga-protiv-beloice-zbog-krivicnog-djela-ubistvo-i-dalje-u-toku\/#primaryimage","url":"https:\/\/sandzakpress.net\/arhiva\/wp-content\/uploads\/2019\/07\/policija-skarep-696x469.jpg","contentUrl":"https:\/\/sandzakpress.net\/arhiva\/wp-content\/uploads\/2019\/07\/policija-skarep-696x469.jpg","width":696,"height":469},{"@type":"BreadcrumbList","@id":"https:\/\/sandzakpress.net\/arhiva\/tuzilastvo-istraga-protiv-beloice-zbog-krivicnog-djela-ubistvo-i-dalje-u-toku\/#breadcrumb","itemListElement":[{"@type":"ListItem","position":1,"name":"Home","item":"https:\/\/sandzakpress.net\/arhiva\/"},{"@type":"ListItem","position":2,"name":"Tu\u017eila\u0161tvo: Istraga protiv Beloice zbog krivi\u010dnog djela ubistvo i dalje u toku"}]},{"@type":"WebSite","@id":"https:\/\/sandzakpress.net\/arhiva\/#website","url":"https:\/\/sandzakpress.net\/arhiva\/","name":"Sand\u017eak PRESS","description":"Prve elektronske novine u Sand\u017eaku","publisher":{"@id":"https:\/\/sandzakpress.net\/arhiva\/#\/schema\/person\/6e72b67d6e51910a1117b3b483ba20bd"},"potentialAction":[{"@type":"SearchAction","target":{"@type":"EntryPoint","urlTemplate":"https:\/\/sandzakpress.net\/arhiva\/?s={search_term_string}"},"query-input":{"@type":"PropertyValueSpecification","valueRequired":true,"valueName":"search_term_string"}}],"inLanguage":"bs-BA"},{"@type":["Person","Organization"],"@id":"https:\/\/sandzakpress.net\/arhiva\/#\/schema\/person\/6e72b67d6e51910a1117b3b483ba20bd","name":"Kul","image":{"@type":"ImageObject","inLanguage":"bs-BA","@id":"https:\/\/sandzakpress.net\/arhiva\/#\/schema\/person\/image\/","url":"https:\/\/secure.gravatar.com\/avatar\/42263f39aa27ac04c43cab85c280eb2e?s=96&d=mm&r=pg","contentUrl":"https:\/\/secure.gravatar.com\/avatar\/42263f39aa27ac04c43cab85c280eb2e?s=96&d=mm&r=pg","caption":"Kul"},"logo":{"@id":"https:\/\/sandzakpress.net\/arhiva\/#\/schema\/person\/image\/"}},{"@type":"Person","@id":"https:\/\/sandzakpress.net\/arhiva\/#\/schema\/person\/cb59d7e3ab91ab90dd680ad0305a6185","name":"Agencija","image":{"@type":"ImageObject","inLanguage":"bs-BA","@id":"https:\/\/sandzakpress.net\/arhiva\/#\/schema\/person\/image\/","url":"https:\/\/secure.gravatar.com\/avatar\/4b7fafa80a22f0c2afe23966b3961fe0?s=96&d=mm&r=pg","contentUrl":"https:\/\/secure.gravatar.com\/avatar\/4b7fafa80a22f0c2afe23966b3961fe0?s=96&d=mm&r=pg","caption":"Agencija"},"url":"https:\/\/sandzakpress.net\/arhiva\/author\/agencija\/"}]}},"_links":{"self":[{"href":"https:\/\/sandzakpress.net\/arhiva\/wp-json\/wp\/v2\/posts\/226688"}],"collection":[{"href":"https:\/\/sandzakpress.net\/arhiva\/wp-json\/wp\/v2\/posts"}],"about":[{"href":"https:\/\/sandzakpress.net\/arhiva\/wp-json\/wp\/v2\/types\/post"}],"author":[{"embeddable":true,"href":"https:\/\/sandzakpress.net\/arhiva\/wp-json\/wp\/v2\/users\/509"}],"replies":[{"embeddable":true,"href":"https:\/\/sandzakpress.net\/arhiva\/wp-json\/wp\/v2\/comments?post=226688"}],"version-history":[{"count":0,"href":"https:\/\/sandzakpress.net\/arhiva\/wp-json\/wp\/v2\/posts\/226688\/revisions"}],"wp:featuredmedia":[{"embeddable":true,"href":"https:\/\/sandzakpress.net\/arhiva\/wp-json\/wp\/v2\/media\/226691"}],"wp:attachment":[{"href":"https:\/\/sandzakpress.net\/arhiva\/wp-json\/wp\/v2\/media?parent=226688"}],"wp:term":[{"taxonomy":"category","embeddable":true,"href":"https:\/\/sandzakpress.net\/arhiva\/wp-json\/wp\/v2\/categories?post=226688"},{"taxonomy":"post_tag","embeddable":true,"href":"https:\/\/sandzakpress.net\/arhiva\/wp-json\/wp\/v2\/tags?post=226688"}],"curies":[{"name":"wp","href":"https:\/\/api.w.org\/{rel}","templated":true}]}}