{"id":226679,"date":"2019-07-31T12:05:12","date_gmt":"2019-07-31T10:05:12","guid":{"rendered":"https:\/\/sandzakpress.net\/arhiva\/zestoka-reakcija-reisa-kavazovica-na-kolindine-izjave-to-je-jedna-dvolicna-osoba-to-je-najgora-vrsta-politicara"},"modified":"2019-07-31T12:05:12","modified_gmt":"2019-07-31T10:05:12","slug":"zestoka-reakcija-reisa-kavazovica-na-kolindine-izjave-to-je-jedna-dvolicna-osoba-to-je-najgora-vrsta-politicara","status":"publish","type":"post","link":"https:\/\/sandzakpress.net\/arhiva\/zestoka-reakcija-reisa-kavazovica-na-kolindine-izjave-to-je-jedna-dvolicna-osoba-to-je-najgora-vrsta-politicara\/","title":{"rendered":"\u017destoka reakcija reisa Kavazovi\u0107a na Kolindine izjave: To je jedna dvoli\u010dna osoba, to je najgora vrsta politi\u010dara"},"content":{"rendered":"<p><span class=\"cb-itemprop\"><\/p>\n<p><img decoding=\"async\" src=\"http:\/\/saff.ba\/wp-content\/uploads\/2019\/03\/5548fe8c-45ac-44e9-baf5-2a0125bbfe5f-reis-kavazovic-690x480.jpg\" \/><\/p>\n<p><strong>Reisu-l-ulema Islamske zajednice u Bosni i Hercegovini Husein ef. Kavazovi\u0107 osudio je izjavu predsjednice Republike Hrvatske Kolinde Grabar-Kitarovi\u0107 koja je tokom zvani\u010dne posjete Izraelu, uz ostalo, nazvala Bosnu i Hercegovinu \u201cnestabilnom zemljom\u201d koja je \u201cpod kontrolom militantnog islama\u201d.<\/strong><\/p>\n<p>Poglavar bosanskohercegova\u010dkih muslimana kazao je da \u0107e \u201cIslamska zajednica upozoriti svijet na njezine istupe\u201d.<\/p>\n<p>\u201cTa persona \u0161to se predsjednicom Hrvatske zove, ve\u0107 je od prije poznata po svojim stavovima i poku\u0161ajima dehumanizacije muslimana. To je jedna dvoli\u010dna osoba, koja po muslimanskim zemljama pri\u010da jednu pri\u010du, a u Izraelu i drugim zemljama \u2013 drugu. Radi se o politi\u010dkom oportunisti i ni\u0161ta vi\u0161e. To je najgora vrsta politi\u010dara. Svjesna je toga ve\u0107ina Hrvata i Bo\u0161njaka. Me\u0111unarodna zajednica je prisutna u BiH, ali i u Hrvatskoj, u kojoj ja\u010daju neofa\u0161isti\u010dke snage. Danas se sve o svakome zna, niko vi\u0161e nije naivan\u201d, kazao je reis Kavazovi\u0107 u izjavi za Radiosarajevo.ba.<\/p>\n<p>Grabar-Kitarovi\u0107 je tokom posjete Izraelu rekla kako su BiH u odre\u0111enom pogledu preuzeli ljudi povezani s Iranom i teroristi\u010dkim organizacijama. Ovakve izjave hrvatske predsjednice osudili su brojni zvani\u010dnici u BiH, politi\u010dke stranke, gra\u0111ani, a osude i izvinjenja upu\u0107ene su i iz Hrvatske.<\/p>\n<p>(Saff)<\/p>\n<p><\/span><br \/>\nPogledajte vijest na izvornom sajtu:<\/p>\n<p><a href=\"https:\/\/bosnapress.net\/zestoka-reakcija-reisa-kavazovica-na-kolindine-izjave-to-je-jedna-dvolicna-osoba-to-je-najgora-vrsta-politicara\/\" target=\"_blank\">\u017destoka reakcija reisa Kavazovi\u0107a na Kolindine izjave: To je jedna dvoli\u010dna osoba, to je najgora vrsta politi\u010dara<\/a><\/p>\n","protected":false},"excerpt":{"rendered":"<p>Reisu-l-ulema Islamske zajednice u Bosni i Hercegovini Husein ef. Kavazovi\u0107 osudio je izjavu predsjednice Republike Hrvatske Kolinde Grabar-Kitarovi\u0107 koja je tokom zvani\u010dne posjete Izraelu, uz ostalo, nazvala Bosnu i Hercegovinu \u201cnestabilnom zemljom\u201d koja je \u201cpod kontrolom militantnog islama\u201d. Poglavar bosanskohercegova\u010dkih muslimana kazao je da \u0107e \u201cIslamska zajednica upozoriti svijet na njezine istupe\u201d. \u201cTa persona \u0161to [&hellip;]<\/p>\n","protected":false},"author":83,"featured_media":226680,"comment_status":"open","ping_status":"open","sticky":false,"template":"","format":"standard","meta":{"footnotes":""},"categories":[10513],"tags":[10466],"class_list":{"0":"post-226679","1":"post","2":"type-post","3":"status-publish","4":"format-standard","5":"has-post-thumbnail","7":"category-bosna-press","8":"tag-bosna-i-hercegovina"},"yoast_head":"<!-- This site is optimized with the Yoast SEO Premium plugin v23.1 (Yoast SEO v24.9) - https:\/\/yoast.com\/wordpress\/plugins\/seo\/ -->\n<title>\u017destoka reakcija reisa Kavazovi\u0107a na Kolindine izjave: To je jedna dvoli\u010dna osoba, to je najgora vrsta politi\u010dara<\/title>\n<meta name=\"robots\" content=\"index, follow, max-snippet:-1, max-image-preview:large, max-video-preview:-1\" \/>\n<link rel=\"canonical\" href=\"https:\/\/sandzakpress.net\/arhiva\/zestoka-reakcija-reisa-kavazovica-na-kolindine-izjave-to-je-jedna-dvolicna-osoba-to-je-najgora-vrsta-politicara\/\" \/>\n<meta property=\"og:locale\" content=\"bs_BA\" \/>\n<meta property=\"og:type\" content=\"article\" \/>\n<meta property=\"og:title\" content=\"\u017destoka reakcija reisa Kavazovi\u0107a na Kolindine izjave: To je jedna dvoli\u010dna osoba, to je najgora vrsta politi\u010dara\" \/>\n<meta property=\"og:description\" content=\"Reisu-l-ulema Islamske zajednice u Bosni i Hercegovini Husein ef. Kavazovi\u0107 osudio je izjavu predsjednice Republike Hrvatske Kolinde Grabar-Kitarovi\u0107 koja je tokom zvani\u010dne posjete Izraelu, uz ostalo, nazvala Bosnu i Hercegovinu \u201cnestabilnom zemljom\u201d koja je \u201cpod kontrolom militantnog islama\u201d. Poglavar bosanskohercegova\u010dkih muslimana kazao je da \u0107e \u201cIslamska zajednica upozoriti svijet na njezine istupe\u201d. \u201cTa persona \u0161to [&hellip;]\" \/>\n<meta property=\"og:url\" content=\"https:\/\/sandzakpress.net\/arhiva\/zestoka-reakcija-reisa-kavazovica-na-kolindine-izjave-to-je-jedna-dvolicna-osoba-to-je-najgora-vrsta-politicara\/\" \/>\n<meta property=\"og:site_name\" content=\"Sand\u017eak PRESS\" \/>\n<meta property=\"article:published_time\" content=\"2019-07-31T10:05:12+00:00\" \/>\n<meta property=\"og:image\" content=\"https:\/\/sandzakpress.net\/arhiva\/wp-content\/uploads\/2019\/07\/5548fe8c-45ac-44e9-baf5-2a0125bbfe5f-reis-kavazovic-690x480.jpg\" \/>\n\t<meta property=\"og:image:width\" content=\"690\" \/>\n\t<meta property=\"og:image:height\" content=\"480\" \/>\n\t<meta property=\"og:image:type\" content=\"image\/jpeg\" \/>\n<meta name=\"author\" content=\"bosniak\" \/>\n<meta name=\"twitter:card\" content=\"summary_large_image\" \/>\n<meta name=\"twitter:label1\" content=\"Written by\" \/>\n\t<meta name=\"twitter:data1\" content=\"bosniak\" \/>\n\t<meta name=\"twitter:label2\" content=\"Est. reading time\" \/>\n\t<meta name=\"twitter:data2\" content=\"1 minuta\" \/>\n<script type=\"application\/ld+json\" class=\"yoast-schema-graph\">{\"@context\":\"https:\/\/schema.org\",\"@graph\":[{\"@type\":\"Article\",\"@id\":\"https:\/\/sandzakpress.net\/arhiva\/zestoka-reakcija-reisa-kavazovica-na-kolindine-izjave-to-je-jedna-dvolicna-osoba-to-je-najgora-vrsta-politicara\/#article\",\"isPartOf\":{\"@id\":\"https:\/\/sandzakpress.net\/arhiva\/zestoka-reakcija-reisa-kavazovica-na-kolindine-izjave-to-je-jedna-dvolicna-osoba-to-je-najgora-vrsta-politicara\/\"},\"author\":{\"name\":\"bosniak\",\"@id\":\"https:\/\/sandzakpress.net\/arhiva\/#\/schema\/person\/c8baee722073534b583ea7bdb2e36c02\"},\"headline\":\"\u017destoka reakcija reisa Kavazovi\u0107a na Kolindine izjave: To je jedna dvoli\u010dna osoba, to je najgora vrsta politi\u010dara\",\"datePublished\":\"2019-07-31T10:05:12+00:00\",\"mainEntityOfPage\":{\"@id\":\"https:\/\/sandzakpress.net\/arhiva\/zestoka-reakcija-reisa-kavazovica-na-kolindine-izjave-to-je-jedna-dvolicna-osoba-to-je-najgora-vrsta-politicara\/\"},\"wordCount\":255,\"commentCount\":0,\"publisher\":{\"@id\":\"https:\/\/sandzakpress.net\/arhiva\/#\/schema\/person\/6e72b67d6e51910a1117b3b483ba20bd\"},\"image\":{\"@id\":\"https:\/\/sandzakpress.net\/arhiva\/zestoka-reakcija-reisa-kavazovica-na-kolindine-izjave-to-je-jedna-dvolicna-osoba-to-je-najgora-vrsta-politicara\/#primaryimage\"},\"thumbnailUrl\":\"https:\/\/sandzakpress.net\/arhiva\/wp-content\/uploads\/2019\/07\/5548fe8c-45ac-44e9-baf5-2a0125bbfe5f-reis-kavazovic-690x480.jpg\",\"keywords\":[\"Bosna i Hercegovina\"],\"articleSection\":[\"Bosna PRESS\"],\"inLanguage\":\"bs-BA\",\"potentialAction\":[{\"@type\":\"CommentAction\",\"name\":\"Comment\",\"target\":[\"https:\/\/sandzakpress.net\/arhiva\/zestoka-reakcija-reisa-kavazovica-na-kolindine-izjave-to-je-jedna-dvolicna-osoba-to-je-najgora-vrsta-politicara\/#respond\"]}]},{\"@type\":\"WebPage\",\"@id\":\"https:\/\/sandzakpress.net\/arhiva\/zestoka-reakcija-reisa-kavazovica-na-kolindine-izjave-to-je-jedna-dvolicna-osoba-to-je-najgora-vrsta-politicara\/\",\"url\":\"https:\/\/sandzakpress.net\/arhiva\/zestoka-reakcija-reisa-kavazovica-na-kolindine-izjave-to-je-jedna-dvolicna-osoba-to-je-najgora-vrsta-politicara\/\",\"name\":\"\u017destoka reakcija reisa Kavazovi\u0107a na Kolindine izjave: To je jedna dvoli\u010dna osoba, to je najgora vrsta politi\u010dara\",\"isPartOf\":{\"@id\":\"https:\/\/sandzakpress.net\/arhiva\/#website\"},\"primaryImageOfPage\":{\"@id\":\"https:\/\/sandzakpress.net\/arhiva\/zestoka-reakcija-reisa-kavazovica-na-kolindine-izjave-to-je-jedna-dvolicna-osoba-to-je-najgora-vrsta-politicara\/#primaryimage\"},\"image\":{\"@id\":\"https:\/\/sandzakpress.net\/arhiva\/zestoka-reakcija-reisa-kavazovica-na-kolindine-izjave-to-je-jedna-dvolicna-osoba-to-je-najgora-vrsta-politicara\/#primaryimage\"},\"thumbnailUrl\":\"https:\/\/sandzakpress.net\/arhiva\/wp-content\/uploads\/2019\/07\/5548fe8c-45ac-44e9-baf5-2a0125bbfe5f-reis-kavazovic-690x480.jpg\",\"datePublished\":\"2019-07-31T10:05:12+00:00\",\"breadcrumb\":{\"@id\":\"https:\/\/sandzakpress.net\/arhiva\/zestoka-reakcija-reisa-kavazovica-na-kolindine-izjave-to-je-jedna-dvolicna-osoba-to-je-najgora-vrsta-politicara\/#breadcrumb\"},\"inLanguage\":\"bs-BA\",\"potentialAction\":[{\"@type\":\"ReadAction\",\"target\":[\"https:\/\/sandzakpress.net\/arhiva\/zestoka-reakcija-reisa-kavazovica-na-kolindine-izjave-to-je-jedna-dvolicna-osoba-to-je-najgora-vrsta-politicara\/\"]}]},{\"@type\":\"ImageObject\",\"inLanguage\":\"bs-BA\",\"@id\":\"https:\/\/sandzakpress.net\/arhiva\/zestoka-reakcija-reisa-kavazovica-na-kolindine-izjave-to-je-jedna-dvolicna-osoba-to-je-najgora-vrsta-politicara\/#primaryimage\",\"url\":\"https:\/\/sandzakpress.net\/arhiva\/wp-content\/uploads\/2019\/07\/5548fe8c-45ac-44e9-baf5-2a0125bbfe5f-reis-kavazovic-690x480.jpg\",\"contentUrl\":\"https:\/\/sandzakpress.net\/arhiva\/wp-content\/uploads\/2019\/07\/5548fe8c-45ac-44e9-baf5-2a0125bbfe5f-reis-kavazovic-690x480.jpg\",\"width\":690,\"height\":480},{\"@type\":\"BreadcrumbList\",\"@id\":\"https:\/\/sandzakpress.net\/arhiva\/zestoka-reakcija-reisa-kavazovica-na-kolindine-izjave-to-je-jedna-dvolicna-osoba-to-je-najgora-vrsta-politicara\/#breadcrumb\",\"itemListElement\":[{\"@type\":\"ListItem\",\"position\":1,\"name\":\"Home\",\"item\":\"https:\/\/sandzakpress.net\/arhiva\/\"},{\"@type\":\"ListItem\",\"position\":2,\"name\":\"\u017destoka reakcija reisa Kavazovi\u0107a na Kolindine izjave: To je jedna dvoli\u010dna osoba, to je najgora vrsta politi\u010dara\"}]},{\"@type\":\"WebSite\",\"@id\":\"https:\/\/sandzakpress.net\/arhiva\/#website\",\"url\":\"https:\/\/sandzakpress.net\/arhiva\/\",\"name\":\"Sand\u017eak PRESS\",\"description\":\"Prve elektronske novine u Sand\u017eaku\",\"publisher\":{\"@id\":\"https:\/\/sandzakpress.net\/arhiva\/#\/schema\/person\/6e72b67d6e51910a1117b3b483ba20bd\"},\"potentialAction\":[{\"@type\":\"SearchAction\",\"target\":{\"@type\":\"EntryPoint\",\"urlTemplate\":\"https:\/\/sandzakpress.net\/arhiva\/?s={search_term_string}\"},\"query-input\":{\"@type\":\"PropertyValueSpecification\",\"valueRequired\":true,\"valueName\":\"search_term_string\"}}],\"inLanguage\":\"bs-BA\"},{\"@type\":[\"Person\",\"Organization\"],\"@id\":\"https:\/\/sandzakpress.net\/arhiva\/#\/schema\/person\/6e72b67d6e51910a1117b3b483ba20bd\",\"name\":\"Kul\",\"image\":{\"@type\":\"ImageObject\",\"inLanguage\":\"bs-BA\",\"@id\":\"https:\/\/sandzakpress.net\/arhiva\/#\/schema\/person\/image\/\",\"url\":\"https:\/\/secure.gravatar.com\/avatar\/42263f39aa27ac04c43cab85c280eb2e?s=96&d=mm&r=pg\",\"contentUrl\":\"https:\/\/secure.gravatar.com\/avatar\/42263f39aa27ac04c43cab85c280eb2e?s=96&d=mm&r=pg\",\"caption\":\"Kul\"},\"logo\":{\"@id\":\"https:\/\/sandzakpress.net\/arhiva\/#\/schema\/person\/image\/\"}},{\"@type\":\"Person\",\"@id\":\"https:\/\/sandzakpress.net\/arhiva\/#\/schema\/person\/c8baee722073534b583ea7bdb2e36c02\",\"name\":\"bosniak\",\"image\":{\"@type\":\"ImageObject\",\"inLanguage\":\"bs-BA\",\"@id\":\"https:\/\/sandzakpress.net\/arhiva\/#\/schema\/person\/image\/\",\"url\":\"https:\/\/secure.gravatar.com\/avatar\/a04fd330bfe3a36a72a0ad4a6d89fca7?s=96&d=mm&r=pg\",\"contentUrl\":\"https:\/\/secure.gravatar.com\/avatar\/a04fd330bfe3a36a72a0ad4a6d89fca7?s=96&d=mm&r=pg\",\"caption\":\"bosniak\"},\"url\":\"https:\/\/sandzakpress.net\/arhiva\/author\/bosniak\/\"}]}<\/script>\n<!-- \/ Yoast SEO Premium plugin. -->","yoast_head_json":{"title":"\u017destoka reakcija reisa Kavazovi\u0107a na Kolindine izjave: To je jedna dvoli\u010dna osoba, to je najgora vrsta politi\u010dara","robots":{"index":"index","follow":"follow","max-snippet":"max-snippet:-1","max-image-preview":"max-image-preview:large","max-video-preview":"max-video-preview:-1"},"canonical":"https:\/\/sandzakpress.net\/arhiva\/zestoka-reakcija-reisa-kavazovica-na-kolindine-izjave-to-je-jedna-dvolicna-osoba-to-je-najgora-vrsta-politicara\/","og_locale":"bs_BA","og_type":"article","og_title":"\u017destoka reakcija reisa Kavazovi\u0107a na Kolindine izjave: To je jedna dvoli\u010dna osoba, to je najgora vrsta politi\u010dara","og_description":"Reisu-l-ulema Islamske zajednice u Bosni i Hercegovini Husein ef. Kavazovi\u0107 osudio je izjavu predsjednice Republike Hrvatske Kolinde Grabar-Kitarovi\u0107 koja je tokom zvani\u010dne posjete Izraelu, uz ostalo, nazvala Bosnu i Hercegovinu \u201cnestabilnom zemljom\u201d koja je \u201cpod kontrolom militantnog islama\u201d. Poglavar bosanskohercegova\u010dkih muslimana kazao je da \u0107e \u201cIslamska zajednica upozoriti svijet na njezine istupe\u201d. \u201cTa persona \u0161to [&hellip;]","og_url":"https:\/\/sandzakpress.net\/arhiva\/zestoka-reakcija-reisa-kavazovica-na-kolindine-izjave-to-je-jedna-dvolicna-osoba-to-je-najgora-vrsta-politicara\/","og_site_name":"Sand\u017eak PRESS","article_published_time":"2019-07-31T10:05:12+00:00","og_image":[{"width":690,"height":480,"url":"https:\/\/sandzakpress.net\/arhiva\/wp-content\/uploads\/2019\/07\/5548fe8c-45ac-44e9-baf5-2a0125bbfe5f-reis-kavazovic-690x480.jpg","type":"image\/jpeg"}],"author":"bosniak","twitter_card":"summary_large_image","twitter_misc":{"Written by":"bosniak","Est. reading time":"1 minuta"},"schema":{"@context":"https:\/\/schema.org","@graph":[{"@type":"Article","@id":"https:\/\/sandzakpress.net\/arhiva\/zestoka-reakcija-reisa-kavazovica-na-kolindine-izjave-to-je-jedna-dvolicna-osoba-to-je-najgora-vrsta-politicara\/#article","isPartOf":{"@id":"https:\/\/sandzakpress.net\/arhiva\/zestoka-reakcija-reisa-kavazovica-na-kolindine-izjave-to-je-jedna-dvolicna-osoba-to-je-najgora-vrsta-politicara\/"},"author":{"name":"bosniak","@id":"https:\/\/sandzakpress.net\/arhiva\/#\/schema\/person\/c8baee722073534b583ea7bdb2e36c02"},"headline":"\u017destoka reakcija reisa Kavazovi\u0107a na Kolindine izjave: To je jedna dvoli\u010dna osoba, to je najgora vrsta politi\u010dara","datePublished":"2019-07-31T10:05:12+00:00","mainEntityOfPage":{"@id":"https:\/\/sandzakpress.net\/arhiva\/zestoka-reakcija-reisa-kavazovica-na-kolindine-izjave-to-je-jedna-dvolicna-osoba-to-je-najgora-vrsta-politicara\/"},"wordCount":255,"commentCount":0,"publisher":{"@id":"https:\/\/sandzakpress.net\/arhiva\/#\/schema\/person\/6e72b67d6e51910a1117b3b483ba20bd"},"image":{"@id":"https:\/\/sandzakpress.net\/arhiva\/zestoka-reakcija-reisa-kavazovica-na-kolindine-izjave-to-je-jedna-dvolicna-osoba-to-je-najgora-vrsta-politicara\/#primaryimage"},"thumbnailUrl":"https:\/\/sandzakpress.net\/arhiva\/wp-content\/uploads\/2019\/07\/5548fe8c-45ac-44e9-baf5-2a0125bbfe5f-reis-kavazovic-690x480.jpg","keywords":["Bosna i Hercegovina"],"articleSection":["Bosna PRESS"],"inLanguage":"bs-BA","potentialAction":[{"@type":"CommentAction","name":"Comment","target":["https:\/\/sandzakpress.net\/arhiva\/zestoka-reakcija-reisa-kavazovica-na-kolindine-izjave-to-je-jedna-dvolicna-osoba-to-je-najgora-vrsta-politicara\/#respond"]}]},{"@type":"WebPage","@id":"https:\/\/sandzakpress.net\/arhiva\/zestoka-reakcija-reisa-kavazovica-na-kolindine-izjave-to-je-jedna-dvolicna-osoba-to-je-najgora-vrsta-politicara\/","url":"https:\/\/sandzakpress.net\/arhiva\/zestoka-reakcija-reisa-kavazovica-na-kolindine-izjave-to-je-jedna-dvolicna-osoba-to-je-najgora-vrsta-politicara\/","name":"\u017destoka reakcija reisa Kavazovi\u0107a na Kolindine izjave: To je jedna dvoli\u010dna osoba, to je najgora vrsta politi\u010dara","isPartOf":{"@id":"https:\/\/sandzakpress.net\/arhiva\/#website"},"primaryImageOfPage":{"@id":"https:\/\/sandzakpress.net\/arhiva\/zestoka-reakcija-reisa-kavazovica-na-kolindine-izjave-to-je-jedna-dvolicna-osoba-to-je-najgora-vrsta-politicara\/#primaryimage"},"image":{"@id":"https:\/\/sandzakpress.net\/arhiva\/zestoka-reakcija-reisa-kavazovica-na-kolindine-izjave-to-je-jedna-dvolicna-osoba-to-je-najgora-vrsta-politicara\/#primaryimage"},"thumbnailUrl":"https:\/\/sandzakpress.net\/arhiva\/wp-content\/uploads\/2019\/07\/5548fe8c-45ac-44e9-baf5-2a0125bbfe5f-reis-kavazovic-690x480.jpg","datePublished":"2019-07-31T10:05:12+00:00","breadcrumb":{"@id":"https:\/\/sandzakpress.net\/arhiva\/zestoka-reakcija-reisa-kavazovica-na-kolindine-izjave-to-je-jedna-dvolicna-osoba-to-je-najgora-vrsta-politicara\/#breadcrumb"},"inLanguage":"bs-BA","potentialAction":[{"@type":"ReadAction","target":["https:\/\/sandzakpress.net\/arhiva\/zestoka-reakcija-reisa-kavazovica-na-kolindine-izjave-to-je-jedna-dvolicna-osoba-to-je-najgora-vrsta-politicara\/"]}]},{"@type":"ImageObject","inLanguage":"bs-BA","@id":"https:\/\/sandzakpress.net\/arhiva\/zestoka-reakcija-reisa-kavazovica-na-kolindine-izjave-to-je-jedna-dvolicna-osoba-to-je-najgora-vrsta-politicara\/#primaryimage","url":"https:\/\/sandzakpress.net\/arhiva\/wp-content\/uploads\/2019\/07\/5548fe8c-45ac-44e9-baf5-2a0125bbfe5f-reis-kavazovic-690x480.jpg","contentUrl":"https:\/\/sandzakpress.net\/arhiva\/wp-content\/uploads\/2019\/07\/5548fe8c-45ac-44e9-baf5-2a0125bbfe5f-reis-kavazovic-690x480.jpg","width":690,"height":480},{"@type":"BreadcrumbList","@id":"https:\/\/sandzakpress.net\/arhiva\/zestoka-reakcija-reisa-kavazovica-na-kolindine-izjave-to-je-jedna-dvolicna-osoba-to-je-najgora-vrsta-politicara\/#breadcrumb","itemListElement":[{"@type":"ListItem","position":1,"name":"Home","item":"https:\/\/sandzakpress.net\/arhiva\/"},{"@type":"ListItem","position":2,"name":"\u017destoka reakcija reisa Kavazovi\u0107a na Kolindine izjave: To je jedna dvoli\u010dna osoba, to je najgora vrsta politi\u010dara"}]},{"@type":"WebSite","@id":"https:\/\/sandzakpress.net\/arhiva\/#website","url":"https:\/\/sandzakpress.net\/arhiva\/","name":"Sand\u017eak PRESS","description":"Prve elektronske novine u Sand\u017eaku","publisher":{"@id":"https:\/\/sandzakpress.net\/arhiva\/#\/schema\/person\/6e72b67d6e51910a1117b3b483ba20bd"},"potentialAction":[{"@type":"SearchAction","target":{"@type":"EntryPoint","urlTemplate":"https:\/\/sandzakpress.net\/arhiva\/?s={search_term_string}"},"query-input":{"@type":"PropertyValueSpecification","valueRequired":true,"valueName":"search_term_string"}}],"inLanguage":"bs-BA"},{"@type":["Person","Organization"],"@id":"https:\/\/sandzakpress.net\/arhiva\/#\/schema\/person\/6e72b67d6e51910a1117b3b483ba20bd","name":"Kul","image":{"@type":"ImageObject","inLanguage":"bs-BA","@id":"https:\/\/sandzakpress.net\/arhiva\/#\/schema\/person\/image\/","url":"https:\/\/secure.gravatar.com\/avatar\/42263f39aa27ac04c43cab85c280eb2e?s=96&d=mm&r=pg","contentUrl":"https:\/\/secure.gravatar.com\/avatar\/42263f39aa27ac04c43cab85c280eb2e?s=96&d=mm&r=pg","caption":"Kul"},"logo":{"@id":"https:\/\/sandzakpress.net\/arhiva\/#\/schema\/person\/image\/"}},{"@type":"Person","@id":"https:\/\/sandzakpress.net\/arhiva\/#\/schema\/person\/c8baee722073534b583ea7bdb2e36c02","name":"bosniak","image":{"@type":"ImageObject","inLanguage":"bs-BA","@id":"https:\/\/sandzakpress.net\/arhiva\/#\/schema\/person\/image\/","url":"https:\/\/secure.gravatar.com\/avatar\/a04fd330bfe3a36a72a0ad4a6d89fca7?s=96&d=mm&r=pg","contentUrl":"https:\/\/secure.gravatar.com\/avatar\/a04fd330bfe3a36a72a0ad4a6d89fca7?s=96&d=mm&r=pg","caption":"bosniak"},"url":"https:\/\/sandzakpress.net\/arhiva\/author\/bosniak\/"}]}},"_links":{"self":[{"href":"https:\/\/sandzakpress.net\/arhiva\/wp-json\/wp\/v2\/posts\/226679"}],"collection":[{"href":"https:\/\/sandzakpress.net\/arhiva\/wp-json\/wp\/v2\/posts"}],"about":[{"href":"https:\/\/sandzakpress.net\/arhiva\/wp-json\/wp\/v2\/types\/post"}],"author":[{"embeddable":true,"href":"https:\/\/sandzakpress.net\/arhiva\/wp-json\/wp\/v2\/users\/83"}],"replies":[{"embeddable":true,"href":"https:\/\/sandzakpress.net\/arhiva\/wp-json\/wp\/v2\/comments?post=226679"}],"version-history":[{"count":0,"href":"https:\/\/sandzakpress.net\/arhiva\/wp-json\/wp\/v2\/posts\/226679\/revisions"}],"wp:featuredmedia":[{"embeddable":true,"href":"https:\/\/sandzakpress.net\/arhiva\/wp-json\/wp\/v2\/media\/226680"}],"wp:attachment":[{"href":"https:\/\/sandzakpress.net\/arhiva\/wp-json\/wp\/v2\/media?parent=226679"}],"wp:term":[{"taxonomy":"category","embeddable":true,"href":"https:\/\/sandzakpress.net\/arhiva\/wp-json\/wp\/v2\/categories?post=226679"},{"taxonomy":"post_tag","embeddable":true,"href":"https:\/\/sandzakpress.net\/arhiva\/wp-json\/wp\/v2\/tags?post=226679"}],"curies":[{"name":"wp","href":"https:\/\/api.w.org\/{rel}","templated":true}]}}