{"id":226635,"date":"2019-07-30T15:08:37","date_gmt":"2019-07-30T13:08:37","guid":{"rendered":"https:\/\/sandzakpress.net\/arhiva\/?p=226635"},"modified":"2019-07-30T15:08:37","modified_gmt":"2019-07-30T13:08:37","slug":"hrapovic-i-nuhodzic-obisli-povrijedjene-iz-udesa-pljevaljsko-zdravstvo-na-visini-zadatka","status":"publish","type":"post","link":"https:\/\/sandzakpress.net\/arhiva\/hrapovic-i-nuhodzic-obisli-povrijedjene-iz-udesa-pljevaljsko-zdravstvo-na-visini-zadatka\/","title":{"rendered":"Hrapovi\u0107 i Nuhod\u017ei\u0107 obi\u0161li povrije\u0111ene iz udesa: Pljevaljsko zdravstvo na visini zadatka"},"content":{"rendered":"<p><img decoding=\"async\" src=\"https:\/\/www.vijesti.me\/media\/20190729150740_679b5346-f5c9-47d5-a63d-f1f535c4d385.jpeg\" alt=\"Obilazak povrije\u00c4\u0091enih\" \/><\/p>\n<p><strong>Ministri zdravlja i unutra\u0161njih poslova Kenan Hrapovi\u0107 i Mevludin Nuhod\u017ei\u0107 obi\u0161li su danas povrije\u0111ene koji su nakon saobra\u0107ajne nesre\u0107e u blizini Termoelektrane Pljevlja smje\u0161teni u pljevaljsku bolnicu. \u00a0<\/strong><\/p>\n<p>Hrapovi\u0107 je novinarima kazao da je u toku no\u0107i primljen \u00a041 povrije\u0111eni, od kojih su \u010detvoro u toku no\u0107i transportovana u Srbiju. \u00a0<\/p>\n<p>\u201eTri su zadr\u017eana u bolnici u Prijepolju, a jedan pacijent je preba\u0107en iz u\u017ei\u010dke bolnice u Klini\u010dki centar Srbije. Tako\u0111e, najte\u017ee povrije\u0111eni dr\u017eavljanin Crne Gore transportovan je u Klini\u010dki centar Crne Gore i prema informacijama koje imam, on je uspje\u0161no operisan i stabilnog je zdravstvenog stanja\u201c, rekao je Hrapovi\u0107, zahvaliv\u0161i se gra\u0111anima Pljevalja koji su pru\u017eali i nudili pomo\u0107.\u00a0\u00a0<\/p>\n<p>On je kazao da je pljevaljsko zdravstvo sino\u0107 bilo na visini zadatka i da su adekvatnom i blagovremenom akcijom pru\u017eili svu neophodnu medicinsku pomo\u0107 povrije\u0111enima. \u00a0<\/p>\n<p>Izra\u017eavaju\u0107i \u017ealjenje zbog saobra\u0107ajne nezgode, ministar unutra\u0161njih poslova Mevludin Nuhod\u017ei\u0107 je pohvalio aktivnosti slu\u017ebe policije, Slu\u017ebe za\u0161tite i Hitne pomo\u0107i koje su \u201ebrzo i sinhronizovano reagovale&#8221; tako da su svi povre\u0111eni dobili brzo medicinsku pomo\u0107. On se zahvalio i policiji Srbije na pomo\u0107i pri transportu povrije\u0111enih u tu dr\u017eavu. \u00a0\u00a0<\/p>\n<p>Direktor bolnice Edo Lalovi\u0107 kazao je da je u bolnici sino\u0107 na opservaciji zadr\u017eano 26 povrije\u0111enih, od kojih je danas 21 optu\u0161teno na ku\u0107no lije\u010denje, a pet je i dalje zadr\u017eano u ovoj zdravstvenoj ustanovi. \u00a0\u00a0<\/p>\n<p>Gradona\u010delnik Pljevalja Igor Golubovi\u0107, koji je zajedno sa ministrima obi\u0161ao povrije\u0111ene, zahvalio se svim \u00a0gra\u0111anima Pljevalja za koje je rekao da su sino\u0107 polo\u017eili ispit humanosti. \u00a0<\/p>\n<p>\u201eZahvalnost \u017eelim da isteknem medicinskom osoblju, posebno srednjem medicinskom osoblju\u201c, rekao je Golubovi\u0107. \u00a0<\/p>\n<p>On je kazao da je Op\u0161tina organizovala smje\u0161taj u Hotelu Pljevlja i Crvenom krstu i sve one koji su poslije opservacije otpu\u0161teni iz bolnice. \u00a0<\/p>\n<p>&#8220;Danas smo organizovali prevoz autobusom, minibusom i individualno za sve oni koji su \u017eeljeli da nastave putovanje. To \u0107e se desiti i u narednom periodu dok traje sanacija ovog doga\u0111aja\u201c, rekao je Golubovi\u0107.<\/p>\n","protected":false},"excerpt":{"rendered":"<p>Ministri zdravlja i unutra\u0161njih poslova Kenan Hrapovi\u0107 i Mevludin Nuhod\u017ei\u0107 obi\u0161li su danas povrije\u0111ene koji su nakon saobra\u0107ajne nesre\u0107e u blizini Termoelektrane Pljevlja smje\u0161teni u pljevaljsku bolnicu. \u00a0 Hrapovi\u0107 je novinarima kazao da je u toku no\u0107i primljen \u00a041 povrije\u0111eni, od kojih su \u010detvoro u toku no\u0107i transportovana u Srbiju. \u00a0 \u201eTri su zadr\u017eana u [&hellip;]<\/p>\n","protected":false},"author":509,"featured_media":226638,"comment_status":"open","ping_status":"open","sticky":false,"template":"","format":"standard","meta":{"footnotes":""},"categories":[395,5],"tags":[],"class_list":{"0":"post-226635","1":"post","2":"type-post","3":"status-publish","4":"format-standard","5":"has-post-thumbnail","7":"category-pljevlja_","8":"category-drustvo"},"yoast_head":"<!-- This site is optimized with the Yoast SEO Premium plugin v23.1 (Yoast SEO v24.9) - https:\/\/yoast.com\/wordpress\/plugins\/seo\/ -->\n<title>Hrapovi\u0107 i Nuhod\u017ei\u0107 obi\u0161li povrije\u0111ene iz udesa: Pljevaljsko zdravstvo na visini zadatka<\/title>\n<meta name=\"robots\" content=\"index, follow, max-snippet:-1, max-image-preview:large, max-video-preview:-1\" \/>\n<link rel=\"canonical\" href=\"https:\/\/sandzakpress.net\/arhiva\/hrapovic-i-nuhodzic-obisli-povrijedjene-iz-udesa-pljevaljsko-zdravstvo-na-visini-zadatka\/\" \/>\n<meta property=\"og:locale\" content=\"bs_BA\" \/>\n<meta property=\"og:type\" content=\"article\" \/>\n<meta property=\"og:title\" content=\"Hrapovi\u0107 i Nuhod\u017ei\u0107 obi\u0161li povrije\u0111ene iz udesa: Pljevaljsko zdravstvo na visini zadatka\" \/>\n<meta property=\"og:description\" content=\"Ministri zdravlja i unutra\u0161njih poslova Kenan Hrapovi\u0107 i Mevludin Nuhod\u017ei\u0107 obi\u0161li su danas povrije\u0111ene koji su nakon saobra\u0107ajne nesre\u0107e u blizini Termoelektrane Pljevlja smje\u0161teni u pljevaljsku bolnicu. \u00a0 Hrapovi\u0107 je novinarima kazao da je u toku no\u0107i primljen \u00a041 povrije\u0111eni, od kojih su \u010detvoro u toku no\u0107i transportovana u Srbiju. \u00a0 \u201eTri su zadr\u017eana u [&hellip;]\" \/>\n<meta property=\"og:url\" content=\"https:\/\/sandzakpress.net\/arhiva\/hrapovic-i-nuhodzic-obisli-povrijedjene-iz-udesa-pljevaljsko-zdravstvo-na-visini-zadatka\/\" \/>\n<meta property=\"og:site_name\" content=\"Sand\u017eak PRESS\" \/>\n<meta property=\"article:published_time\" content=\"2019-07-30T13:08:37+00:00\" \/>\n<meta property=\"og:image\" content=\"https:\/\/sandzakpress.net\/arhiva\/wp-content\/uploads\/2019\/07\/20190729150740_679b5346-f5c9-47d5-a63d-f1f535c4d385.jpeg.jpg\" \/>\n\t<meta property=\"og:image:width\" content=\"800\" \/>\n\t<meta property=\"og:image:height\" content=\"385\" \/>\n\t<meta property=\"og:image:type\" content=\"image\/jpeg\" \/>\n<meta name=\"author\" content=\"Agencija\" \/>\n<meta name=\"twitter:card\" content=\"summary_large_image\" \/>\n<meta name=\"twitter:label1\" content=\"Written by\" \/>\n\t<meta name=\"twitter:data1\" content=\"Agencija\" \/>\n\t<meta name=\"twitter:label2\" content=\"Est. reading time\" \/>\n\t<meta name=\"twitter:data2\" content=\"2 minute\" \/>\n<script type=\"application\/ld+json\" class=\"yoast-schema-graph\">{\"@context\":\"https:\/\/schema.org\",\"@graph\":[{\"@type\":\"Article\",\"@id\":\"https:\/\/sandzakpress.net\/arhiva\/hrapovic-i-nuhodzic-obisli-povrijedjene-iz-udesa-pljevaljsko-zdravstvo-na-visini-zadatka\/#article\",\"isPartOf\":{\"@id\":\"https:\/\/sandzakpress.net\/arhiva\/hrapovic-i-nuhodzic-obisli-povrijedjene-iz-udesa-pljevaljsko-zdravstvo-na-visini-zadatka\/\"},\"author\":{\"name\":\"Agencija\",\"@id\":\"https:\/\/sandzakpress.net\/arhiva\/#\/schema\/person\/cb59d7e3ab91ab90dd680ad0305a6185\"},\"headline\":\"Hrapovi\u0107 i Nuhod\u017ei\u0107 obi\u0161li povrije\u0111ene iz udesa: Pljevaljsko zdravstvo na visini zadatka\",\"datePublished\":\"2019-07-30T13:08:37+00:00\",\"mainEntityOfPage\":{\"@id\":\"https:\/\/sandzakpress.net\/arhiva\/hrapovic-i-nuhodzic-obisli-povrijedjene-iz-udesa-pljevaljsko-zdravstvo-na-visini-zadatka\/\"},\"wordCount\":379,\"commentCount\":0,\"publisher\":{\"@id\":\"https:\/\/sandzakpress.net\/arhiva\/#\/schema\/person\/6e72b67d6e51910a1117b3b483ba20bd\"},\"image\":{\"@id\":\"https:\/\/sandzakpress.net\/arhiva\/hrapovic-i-nuhodzic-obisli-povrijedjene-iz-udesa-pljevaljsko-zdravstvo-na-visini-zadatka\/#primaryimage\"},\"thumbnailUrl\":\"https:\/\/sandzakpress.net\/arhiva\/wp-content\/uploads\/2019\/07\/20190729150740_679b5346-f5c9-47d5-a63d-f1f535c4d385.jpeg.jpg\",\"articleSection\":[\"Pljevlja\",\"Dru\u0161tvo\"],\"inLanguage\":\"bs-BA\",\"potentialAction\":[{\"@type\":\"CommentAction\",\"name\":\"Comment\",\"target\":[\"https:\/\/sandzakpress.net\/arhiva\/hrapovic-i-nuhodzic-obisli-povrijedjene-iz-udesa-pljevaljsko-zdravstvo-na-visini-zadatka\/#respond\"]}]},{\"@type\":\"WebPage\",\"@id\":\"https:\/\/sandzakpress.net\/arhiva\/hrapovic-i-nuhodzic-obisli-povrijedjene-iz-udesa-pljevaljsko-zdravstvo-na-visini-zadatka\/\",\"url\":\"https:\/\/sandzakpress.net\/arhiva\/hrapovic-i-nuhodzic-obisli-povrijedjene-iz-udesa-pljevaljsko-zdravstvo-na-visini-zadatka\/\",\"name\":\"Hrapovi\u0107 i Nuhod\u017ei\u0107 obi\u0161li povrije\u0111ene iz udesa: Pljevaljsko zdravstvo na visini zadatka\",\"isPartOf\":{\"@id\":\"https:\/\/sandzakpress.net\/arhiva\/#website\"},\"primaryImageOfPage\":{\"@id\":\"https:\/\/sandzakpress.net\/arhiva\/hrapovic-i-nuhodzic-obisli-povrijedjene-iz-udesa-pljevaljsko-zdravstvo-na-visini-zadatka\/#primaryimage\"},\"image\":{\"@id\":\"https:\/\/sandzakpress.net\/arhiva\/hrapovic-i-nuhodzic-obisli-povrijedjene-iz-udesa-pljevaljsko-zdravstvo-na-visini-zadatka\/#primaryimage\"},\"thumbnailUrl\":\"https:\/\/sandzakpress.net\/arhiva\/wp-content\/uploads\/2019\/07\/20190729150740_679b5346-f5c9-47d5-a63d-f1f535c4d385.jpeg.jpg\",\"datePublished\":\"2019-07-30T13:08:37+00:00\",\"breadcrumb\":{\"@id\":\"https:\/\/sandzakpress.net\/arhiva\/hrapovic-i-nuhodzic-obisli-povrijedjene-iz-udesa-pljevaljsko-zdravstvo-na-visini-zadatka\/#breadcrumb\"},\"inLanguage\":\"bs-BA\",\"potentialAction\":[{\"@type\":\"ReadAction\",\"target\":[\"https:\/\/sandzakpress.net\/arhiva\/hrapovic-i-nuhodzic-obisli-povrijedjene-iz-udesa-pljevaljsko-zdravstvo-na-visini-zadatka\/\"]}]},{\"@type\":\"ImageObject\",\"inLanguage\":\"bs-BA\",\"@id\":\"https:\/\/sandzakpress.net\/arhiva\/hrapovic-i-nuhodzic-obisli-povrijedjene-iz-udesa-pljevaljsko-zdravstvo-na-visini-zadatka\/#primaryimage\",\"url\":\"https:\/\/sandzakpress.net\/arhiva\/wp-content\/uploads\/2019\/07\/20190729150740_679b5346-f5c9-47d5-a63d-f1f535c4d385.jpeg.jpg\",\"contentUrl\":\"https:\/\/sandzakpress.net\/arhiva\/wp-content\/uploads\/2019\/07\/20190729150740_679b5346-f5c9-47d5-a63d-f1f535c4d385.jpeg.jpg\",\"width\":800,\"height\":385},{\"@type\":\"BreadcrumbList\",\"@id\":\"https:\/\/sandzakpress.net\/arhiva\/hrapovic-i-nuhodzic-obisli-povrijedjene-iz-udesa-pljevaljsko-zdravstvo-na-visini-zadatka\/#breadcrumb\",\"itemListElement\":[{\"@type\":\"ListItem\",\"position\":1,\"name\":\"Home\",\"item\":\"https:\/\/sandzakpress.net\/arhiva\/\"},{\"@type\":\"ListItem\",\"position\":2,\"name\":\"Hrapovi\u0107 i Nuhod\u017ei\u0107 obi\u0161li povrije\u0111ene iz udesa: Pljevaljsko zdravstvo na visini zadatka\"}]},{\"@type\":\"WebSite\",\"@id\":\"https:\/\/sandzakpress.net\/arhiva\/#website\",\"url\":\"https:\/\/sandzakpress.net\/arhiva\/\",\"name\":\"Sand\u017eak PRESS\",\"description\":\"Prve elektronske novine u Sand\u017eaku\",\"publisher\":{\"@id\":\"https:\/\/sandzakpress.net\/arhiva\/#\/schema\/person\/6e72b67d6e51910a1117b3b483ba20bd\"},\"potentialAction\":[{\"@type\":\"SearchAction\",\"target\":{\"@type\":\"EntryPoint\",\"urlTemplate\":\"https:\/\/sandzakpress.net\/arhiva\/?s={search_term_string}\"},\"query-input\":{\"@type\":\"PropertyValueSpecification\",\"valueRequired\":true,\"valueName\":\"search_term_string\"}}],\"inLanguage\":\"bs-BA\"},{\"@type\":[\"Person\",\"Organization\"],\"@id\":\"https:\/\/sandzakpress.net\/arhiva\/#\/schema\/person\/6e72b67d6e51910a1117b3b483ba20bd\",\"name\":\"Kul\",\"image\":{\"@type\":\"ImageObject\",\"inLanguage\":\"bs-BA\",\"@id\":\"https:\/\/sandzakpress.net\/arhiva\/#\/schema\/person\/image\/\",\"url\":\"https:\/\/secure.gravatar.com\/avatar\/42263f39aa27ac04c43cab85c280eb2e?s=96&d=mm&r=pg\",\"contentUrl\":\"https:\/\/secure.gravatar.com\/avatar\/42263f39aa27ac04c43cab85c280eb2e?s=96&d=mm&r=pg\",\"caption\":\"Kul\"},\"logo\":{\"@id\":\"https:\/\/sandzakpress.net\/arhiva\/#\/schema\/person\/image\/\"}},{\"@type\":\"Person\",\"@id\":\"https:\/\/sandzakpress.net\/arhiva\/#\/schema\/person\/cb59d7e3ab91ab90dd680ad0305a6185\",\"name\":\"Agencija\",\"image\":{\"@type\":\"ImageObject\",\"inLanguage\":\"bs-BA\",\"@id\":\"https:\/\/sandzakpress.net\/arhiva\/#\/schema\/person\/image\/\",\"url\":\"https:\/\/secure.gravatar.com\/avatar\/4b7fafa80a22f0c2afe23966b3961fe0?s=96&d=mm&r=pg\",\"contentUrl\":\"https:\/\/secure.gravatar.com\/avatar\/4b7fafa80a22f0c2afe23966b3961fe0?s=96&d=mm&r=pg\",\"caption\":\"Agencija\"},\"url\":\"https:\/\/sandzakpress.net\/arhiva\/author\/agencija\/\"}]}<\/script>\n<!-- \/ Yoast SEO Premium plugin. -->","yoast_head_json":{"title":"Hrapovi\u0107 i Nuhod\u017ei\u0107 obi\u0161li povrije\u0111ene iz udesa: Pljevaljsko zdravstvo na visini zadatka","robots":{"index":"index","follow":"follow","max-snippet":"max-snippet:-1","max-image-preview":"max-image-preview:large","max-video-preview":"max-video-preview:-1"},"canonical":"https:\/\/sandzakpress.net\/arhiva\/hrapovic-i-nuhodzic-obisli-povrijedjene-iz-udesa-pljevaljsko-zdravstvo-na-visini-zadatka\/","og_locale":"bs_BA","og_type":"article","og_title":"Hrapovi\u0107 i Nuhod\u017ei\u0107 obi\u0161li povrije\u0111ene iz udesa: Pljevaljsko zdravstvo na visini zadatka","og_description":"Ministri zdravlja i unutra\u0161njih poslova Kenan Hrapovi\u0107 i Mevludin Nuhod\u017ei\u0107 obi\u0161li su danas povrije\u0111ene koji su nakon saobra\u0107ajne nesre\u0107e u blizini Termoelektrane Pljevlja smje\u0161teni u pljevaljsku bolnicu. \u00a0 Hrapovi\u0107 je novinarima kazao da je u toku no\u0107i primljen \u00a041 povrije\u0111eni, od kojih su \u010detvoro u toku no\u0107i transportovana u Srbiju. \u00a0 \u201eTri su zadr\u017eana u [&hellip;]","og_url":"https:\/\/sandzakpress.net\/arhiva\/hrapovic-i-nuhodzic-obisli-povrijedjene-iz-udesa-pljevaljsko-zdravstvo-na-visini-zadatka\/","og_site_name":"Sand\u017eak PRESS","article_published_time":"2019-07-30T13:08:37+00:00","og_image":[{"width":800,"height":385,"url":"https:\/\/sandzakpress.net\/arhiva\/wp-content\/uploads\/2019\/07\/20190729150740_679b5346-f5c9-47d5-a63d-f1f535c4d385.jpeg.jpg","type":"image\/jpeg"}],"author":"Agencija","twitter_card":"summary_large_image","twitter_misc":{"Written by":"Agencija","Est. reading time":"2 minute"},"schema":{"@context":"https:\/\/schema.org","@graph":[{"@type":"Article","@id":"https:\/\/sandzakpress.net\/arhiva\/hrapovic-i-nuhodzic-obisli-povrijedjene-iz-udesa-pljevaljsko-zdravstvo-na-visini-zadatka\/#article","isPartOf":{"@id":"https:\/\/sandzakpress.net\/arhiva\/hrapovic-i-nuhodzic-obisli-povrijedjene-iz-udesa-pljevaljsko-zdravstvo-na-visini-zadatka\/"},"author":{"name":"Agencija","@id":"https:\/\/sandzakpress.net\/arhiva\/#\/schema\/person\/cb59d7e3ab91ab90dd680ad0305a6185"},"headline":"Hrapovi\u0107 i Nuhod\u017ei\u0107 obi\u0161li povrije\u0111ene iz udesa: Pljevaljsko zdravstvo na visini zadatka","datePublished":"2019-07-30T13:08:37+00:00","mainEntityOfPage":{"@id":"https:\/\/sandzakpress.net\/arhiva\/hrapovic-i-nuhodzic-obisli-povrijedjene-iz-udesa-pljevaljsko-zdravstvo-na-visini-zadatka\/"},"wordCount":379,"commentCount":0,"publisher":{"@id":"https:\/\/sandzakpress.net\/arhiva\/#\/schema\/person\/6e72b67d6e51910a1117b3b483ba20bd"},"image":{"@id":"https:\/\/sandzakpress.net\/arhiva\/hrapovic-i-nuhodzic-obisli-povrijedjene-iz-udesa-pljevaljsko-zdravstvo-na-visini-zadatka\/#primaryimage"},"thumbnailUrl":"https:\/\/sandzakpress.net\/arhiva\/wp-content\/uploads\/2019\/07\/20190729150740_679b5346-f5c9-47d5-a63d-f1f535c4d385.jpeg.jpg","articleSection":["Pljevlja","Dru\u0161tvo"],"inLanguage":"bs-BA","potentialAction":[{"@type":"CommentAction","name":"Comment","target":["https:\/\/sandzakpress.net\/arhiva\/hrapovic-i-nuhodzic-obisli-povrijedjene-iz-udesa-pljevaljsko-zdravstvo-na-visini-zadatka\/#respond"]}]},{"@type":"WebPage","@id":"https:\/\/sandzakpress.net\/arhiva\/hrapovic-i-nuhodzic-obisli-povrijedjene-iz-udesa-pljevaljsko-zdravstvo-na-visini-zadatka\/","url":"https:\/\/sandzakpress.net\/arhiva\/hrapovic-i-nuhodzic-obisli-povrijedjene-iz-udesa-pljevaljsko-zdravstvo-na-visini-zadatka\/","name":"Hrapovi\u0107 i Nuhod\u017ei\u0107 obi\u0161li povrije\u0111ene iz udesa: Pljevaljsko zdravstvo na visini zadatka","isPartOf":{"@id":"https:\/\/sandzakpress.net\/arhiva\/#website"},"primaryImageOfPage":{"@id":"https:\/\/sandzakpress.net\/arhiva\/hrapovic-i-nuhodzic-obisli-povrijedjene-iz-udesa-pljevaljsko-zdravstvo-na-visini-zadatka\/#primaryimage"},"image":{"@id":"https:\/\/sandzakpress.net\/arhiva\/hrapovic-i-nuhodzic-obisli-povrijedjene-iz-udesa-pljevaljsko-zdravstvo-na-visini-zadatka\/#primaryimage"},"thumbnailUrl":"https:\/\/sandzakpress.net\/arhiva\/wp-content\/uploads\/2019\/07\/20190729150740_679b5346-f5c9-47d5-a63d-f1f535c4d385.jpeg.jpg","datePublished":"2019-07-30T13:08:37+00:00","breadcrumb":{"@id":"https:\/\/sandzakpress.net\/arhiva\/hrapovic-i-nuhodzic-obisli-povrijedjene-iz-udesa-pljevaljsko-zdravstvo-na-visini-zadatka\/#breadcrumb"},"inLanguage":"bs-BA","potentialAction":[{"@type":"ReadAction","target":["https:\/\/sandzakpress.net\/arhiva\/hrapovic-i-nuhodzic-obisli-povrijedjene-iz-udesa-pljevaljsko-zdravstvo-na-visini-zadatka\/"]}]},{"@type":"ImageObject","inLanguage":"bs-BA","@id":"https:\/\/sandzakpress.net\/arhiva\/hrapovic-i-nuhodzic-obisli-povrijedjene-iz-udesa-pljevaljsko-zdravstvo-na-visini-zadatka\/#primaryimage","url":"https:\/\/sandzakpress.net\/arhiva\/wp-content\/uploads\/2019\/07\/20190729150740_679b5346-f5c9-47d5-a63d-f1f535c4d385.jpeg.jpg","contentUrl":"https:\/\/sandzakpress.net\/arhiva\/wp-content\/uploads\/2019\/07\/20190729150740_679b5346-f5c9-47d5-a63d-f1f535c4d385.jpeg.jpg","width":800,"height":385},{"@type":"BreadcrumbList","@id":"https:\/\/sandzakpress.net\/arhiva\/hrapovic-i-nuhodzic-obisli-povrijedjene-iz-udesa-pljevaljsko-zdravstvo-na-visini-zadatka\/#breadcrumb","itemListElement":[{"@type":"ListItem","position":1,"name":"Home","item":"https:\/\/sandzakpress.net\/arhiva\/"},{"@type":"ListItem","position":2,"name":"Hrapovi\u0107 i Nuhod\u017ei\u0107 obi\u0161li povrije\u0111ene iz udesa: Pljevaljsko zdravstvo na visini zadatka"}]},{"@type":"WebSite","@id":"https:\/\/sandzakpress.net\/arhiva\/#website","url":"https:\/\/sandzakpress.net\/arhiva\/","name":"Sand\u017eak PRESS","description":"Prve elektronske novine u Sand\u017eaku","publisher":{"@id":"https:\/\/sandzakpress.net\/arhiva\/#\/schema\/person\/6e72b67d6e51910a1117b3b483ba20bd"},"potentialAction":[{"@type":"SearchAction","target":{"@type":"EntryPoint","urlTemplate":"https:\/\/sandzakpress.net\/arhiva\/?s={search_term_string}"},"query-input":{"@type":"PropertyValueSpecification","valueRequired":true,"valueName":"search_term_string"}}],"inLanguage":"bs-BA"},{"@type":["Person","Organization"],"@id":"https:\/\/sandzakpress.net\/arhiva\/#\/schema\/person\/6e72b67d6e51910a1117b3b483ba20bd","name":"Kul","image":{"@type":"ImageObject","inLanguage":"bs-BA","@id":"https:\/\/sandzakpress.net\/arhiva\/#\/schema\/person\/image\/","url":"https:\/\/secure.gravatar.com\/avatar\/42263f39aa27ac04c43cab85c280eb2e?s=96&d=mm&r=pg","contentUrl":"https:\/\/secure.gravatar.com\/avatar\/42263f39aa27ac04c43cab85c280eb2e?s=96&d=mm&r=pg","caption":"Kul"},"logo":{"@id":"https:\/\/sandzakpress.net\/arhiva\/#\/schema\/person\/image\/"}},{"@type":"Person","@id":"https:\/\/sandzakpress.net\/arhiva\/#\/schema\/person\/cb59d7e3ab91ab90dd680ad0305a6185","name":"Agencija","image":{"@type":"ImageObject","inLanguage":"bs-BA","@id":"https:\/\/sandzakpress.net\/arhiva\/#\/schema\/person\/image\/","url":"https:\/\/secure.gravatar.com\/avatar\/4b7fafa80a22f0c2afe23966b3961fe0?s=96&d=mm&r=pg","contentUrl":"https:\/\/secure.gravatar.com\/avatar\/4b7fafa80a22f0c2afe23966b3961fe0?s=96&d=mm&r=pg","caption":"Agencija"},"url":"https:\/\/sandzakpress.net\/arhiva\/author\/agencija\/"}]}},"_links":{"self":[{"href":"https:\/\/sandzakpress.net\/arhiva\/wp-json\/wp\/v2\/posts\/226635"}],"collection":[{"href":"https:\/\/sandzakpress.net\/arhiva\/wp-json\/wp\/v2\/posts"}],"about":[{"href":"https:\/\/sandzakpress.net\/arhiva\/wp-json\/wp\/v2\/types\/post"}],"author":[{"embeddable":true,"href":"https:\/\/sandzakpress.net\/arhiva\/wp-json\/wp\/v2\/users\/509"}],"replies":[{"embeddable":true,"href":"https:\/\/sandzakpress.net\/arhiva\/wp-json\/wp\/v2\/comments?post=226635"}],"version-history":[{"count":0,"href":"https:\/\/sandzakpress.net\/arhiva\/wp-json\/wp\/v2\/posts\/226635\/revisions"}],"wp:featuredmedia":[{"embeddable":true,"href":"https:\/\/sandzakpress.net\/arhiva\/wp-json\/wp\/v2\/media\/226638"}],"wp:attachment":[{"href":"https:\/\/sandzakpress.net\/arhiva\/wp-json\/wp\/v2\/media?parent=226635"}],"wp:term":[{"taxonomy":"category","embeddable":true,"href":"https:\/\/sandzakpress.net\/arhiva\/wp-json\/wp\/v2\/categories?post=226635"},{"taxonomy":"post_tag","embeddable":true,"href":"https:\/\/sandzakpress.net\/arhiva\/wp-json\/wp\/v2\/tags?post=226635"}],"curies":[{"name":"wp","href":"https:\/\/api.w.org\/{rel}","templated":true}]}}