{"id":226595,"date":"2019-07-29T22:47:13","date_gmt":"2019-07-29T20:47:13","guid":{"rendered":"https:\/\/sandzakpress.net\/arhiva\/bik-medonja-ponovo-pobijedio-u-borbama-na-cevljanskoj-koridi"},"modified":"2019-07-29T22:47:13","modified_gmt":"2019-07-29T20:47:13","slug":"bik-medonja-ponovo-pobijedio-u-borbama-na-cevljanskoj-koridi","status":"publish","type":"post","link":"https:\/\/sandzakpress.net\/arhiva\/bik-medonja-ponovo-pobijedio-u-borbama-na-cevljanskoj-koridi\/","title":{"rendered":"Bik Medonja ponovo pobijedio u borbama na \u010cevljanskoj koridi"},"content":{"rendered":"<p><span class=\"cb-itemprop\"><\/p>\n<p><img loading=\"lazy\" decoding=\"async\" class=\"alignnone size-full wp-image-210561\" src=\"https:\/\/bosnapress.net\/wp-content\/uploads\/2019\/07\/Screenshot_1-6.png\" alt=\"\" width=\"928\" height=\"610\" \/><\/p>\n<div class=\"videoWrapper\"><\/div>\n<div class=\"uvod uvod-clanka hidden-xs\">Bik Medonja novi-stari je \u201ckralj\u201d \u010cevljanske koride. On je u udarnoj borbi pobijedio bika Perana Re\u0161ada Por\u010de iz Visokog, a zanimljivo je da je vladar najpopularnije koride na Balkanu bio 40 kilograma lak\u0161i od svog protivnika. Ina\u010de, njegov vlasnik je privatnik iz Olova Habib Bjeli\u0107 Habibi\u0107,<\/div>\n<div class=\"tekst clanak_vijesti\">\u201cNakon pro\u0161logodi\u0161njeg nesretnog poraza znao sam da \u0107e Medonja vratiti svoju titulu. Na \u010cevljanovi\u0107e sam ponio 100.000 KM i bio sam spreman da sve stavim na svog ljubimca. Na moju nesre\u0107u, nisam na\u0161ao nikog da pokrije opkladu. Medonja je bez konkurencije u BiH, i to je ponovo dokazao. Hvala na\u0161im vjernim navija\u010dima na velikoj podr\u0161ci. Siguran sam da je Medonja imao vi\u0161e navija\u010da od Sarajeva na Bilinom polju\u201d, ka\u017ee Habib Bijeli\u0107 Habibi\u0107.<\/p>\n<div class=\"gallerywrapper vsl\">\n<div class=\"gallerycontainer samoslika utekstu\"><\/div>\n<\/div>\n<p>U ostalim borbama slavila su \u010dak \u010detiri bika Perana \u010diji su vlasnici Dragan Derikonja, Amir Dvo\u017eeni\u0107, Samir Hasanbegovi\u0107, Sulejman Husi\u0107, ali i bik Kukan vlasnika Envera Patkovi\u0107a, Tornjak Naima Gljive.<\/p>\n<p>\u201cHiljade ljudi, ljubitelja borbi bikova i va\u0161ara iz cijele BiH, ali i susjednih zemalja \u2013 Srbije, Hrvatske i Crne Gore, danas je u\u017eivalo na \u010cevljanskom polju. Ovo veliko veselje nije pokvarila ni ki\u0161a. Nadam se da \u0107e svi na\u0161i posjetioci bez problema sti\u0107i svojim ku\u0107ama i da \u0107e se svi oni i naredne godine vratiti na \u010cevljansku koridu, ali i povesti svoju rodbinu i prijatelje\u201d, kazao je organizator Besim Gljiva.<\/p>\n<div class=\"gallerywrapper vsl\">\n<div class=\"gallerycontainer samoslika utekstu\">\n<div class=\"novagalerija\">\n<div class=\"galreldiv\">\n<div class=\"normalhelper\"><\/div>\n<p><img decoding=\"async\" src=\"https:\/\/static.klix.ba\/media\/images\/vijesti\/190728066.2_xl.jpg?v=1\" alt=\"\" \/><\/p>\n<\/div>\n<\/div>\n<p><i class=\"icon_fullscreen\"><\/i><i class=\"icon_x\"><\/i><\/p>\n<\/div>\n<\/div>\n<p>Milenko Srdi\u0107 ve\u0107 godinama je voditelj i jedan od za\u0161titnih znakova \u010cevljanske koride.<\/p>\n<p>\u201c\u010cevljanovi\u0107i su danas kao Las Vegas. Pogledajte ovo blje\u0161tavilo i sretna lica. To je nama svima najve\u0107a nagrada\u201d, ka\u017ee Milenko Srdi\u0107.<\/p>\n<p>Prodava\u010di pe\u010denja, ali i oni sa brojnih \u0161tandova raznovrsne robe danas su zadovoljno trljali ruke. Najmla\u0111i su tako\u0111er u\u017eivali u sadr\u017eajima poput vo\u017enje ringi\u0161pilom, jahanja i slikanja na ponijima, vo\u017enje dje\u010dijim autima\u2026<\/p>\n<\/div>\n<div><\/div>\n<div>klix.ba<\/div>\n<p><\/span><br \/>\nPogledajte vijest na izvornom sajtu:<\/p>\n<p><a href=\"https:\/\/bosnapress.net\/bik-medonja-ponovo-pobijedio-u-borbama-na-cevljanskoj-koridi\/\" target=\"_blank\">Bik Medonja ponovo pobijedio u borbama na \u010cevljanskoj koridi<\/a><\/p>\n","protected":false},"excerpt":{"rendered":"<p>Bik Medonja novi-stari je \u201ckralj\u201d \u010cevljanske koride. On je u udarnoj borbi pobijedio bika Perana Re\u0161ada Por\u010de iz Visokog, a zanimljivo je da je vladar najpopularnije koride na Balkanu bio 40 kilograma lak\u0161i od svog protivnika. Ina\u010de, njegov vlasnik je privatnik iz Olova Habib Bjeli\u0107 Habibi\u0107, \u201cNakon pro\u0161logodi\u0161njeg nesretnog poraza znao sam da \u0107e Medonja [&hellip;]<\/p>\n","protected":false},"author":83,"featured_media":226596,"comment_status":"open","ping_status":"open","sticky":false,"template":"","format":"standard","meta":{"footnotes":""},"categories":[10513],"tags":[10466],"class_list":{"0":"post-226595","1":"post","2":"type-post","3":"status-publish","4":"format-standard","5":"has-post-thumbnail","7":"category-bosna-press","8":"tag-bosna-i-hercegovina"},"yoast_head":"<!-- This site is optimized with the Yoast SEO Premium plugin v23.1 (Yoast SEO v24.9) - https:\/\/yoast.com\/wordpress\/plugins\/seo\/ -->\n<title>Bik Medonja ponovo pobijedio u borbama na \u010cevljanskoj koridi<\/title>\n<meta name=\"robots\" content=\"index, follow, max-snippet:-1, max-image-preview:large, max-video-preview:-1\" \/>\n<link rel=\"canonical\" href=\"https:\/\/sandzakpress.net\/arhiva\/bik-medonja-ponovo-pobijedio-u-borbama-na-cevljanskoj-koridi\/\" \/>\n<meta property=\"og:locale\" content=\"bs_BA\" \/>\n<meta property=\"og:type\" content=\"article\" \/>\n<meta property=\"og:title\" content=\"Bik Medonja ponovo pobijedio u borbama na \u010cevljanskoj koridi\" \/>\n<meta property=\"og:description\" content=\"Bik Medonja novi-stari je \u201ckralj\u201d \u010cevljanske koride. On je u udarnoj borbi pobijedio bika Perana Re\u0161ada Por\u010de iz Visokog, a zanimljivo je da je vladar najpopularnije koride na Balkanu bio 40 kilograma lak\u0161i od svog protivnika. Ina\u010de, njegov vlasnik je privatnik iz Olova Habib Bjeli\u0107 Habibi\u0107, \u201cNakon pro\u0161logodi\u0161njeg nesretnog poraza znao sam da \u0107e Medonja [&hellip;]\" \/>\n<meta property=\"og:url\" content=\"https:\/\/sandzakpress.net\/arhiva\/bik-medonja-ponovo-pobijedio-u-borbama-na-cevljanskoj-koridi\/\" \/>\n<meta property=\"og:site_name\" content=\"Sand\u017eak PRESS\" \/>\n<meta property=\"article:published_time\" content=\"2019-07-29T20:47:13+00:00\" \/>\n<meta property=\"og:image\" content=\"https:\/\/sandzakpress.net\/arhiva\/wp-content\/uploads\/2019\/07\/Screenshot_1-6.png\" \/>\n\t<meta property=\"og:image:width\" content=\"928\" \/>\n\t<meta property=\"og:image:height\" content=\"610\" \/>\n\t<meta property=\"og:image:type\" content=\"image\/png\" \/>\n<meta name=\"author\" content=\"bosniak\" \/>\n<meta name=\"twitter:card\" content=\"summary_large_image\" \/>\n<meta name=\"twitter:label1\" content=\"Written by\" \/>\n\t<meta name=\"twitter:data1\" content=\"bosniak\" \/>\n\t<meta name=\"twitter:label2\" content=\"Est. reading time\" \/>\n\t<meta name=\"twitter:data2\" content=\"2 minute\" \/>\n<script type=\"application\/ld+json\" class=\"yoast-schema-graph\">{\"@context\":\"https:\/\/schema.org\",\"@graph\":[{\"@type\":\"Article\",\"@id\":\"https:\/\/sandzakpress.net\/arhiva\/bik-medonja-ponovo-pobijedio-u-borbama-na-cevljanskoj-koridi\/#article\",\"isPartOf\":{\"@id\":\"https:\/\/sandzakpress.net\/arhiva\/bik-medonja-ponovo-pobijedio-u-borbama-na-cevljanskoj-koridi\/\"},\"author\":{\"name\":\"bosniak\",\"@id\":\"https:\/\/sandzakpress.net\/arhiva\/#\/schema\/person\/c8baee722073534b583ea7bdb2e36c02\"},\"headline\":\"Bik Medonja ponovo pobijedio u borbama na \u010cevljanskoj koridi\",\"datePublished\":\"2019-07-29T20:47:13+00:00\",\"mainEntityOfPage\":{\"@id\":\"https:\/\/sandzakpress.net\/arhiva\/bik-medonja-ponovo-pobijedio-u-borbama-na-cevljanskoj-koridi\/\"},\"wordCount\":344,\"commentCount\":0,\"publisher\":{\"@id\":\"https:\/\/sandzakpress.net\/arhiva\/#\/schema\/person\/6e72b67d6e51910a1117b3b483ba20bd\"},\"image\":{\"@id\":\"https:\/\/sandzakpress.net\/arhiva\/bik-medonja-ponovo-pobijedio-u-borbama-na-cevljanskoj-koridi\/#primaryimage\"},\"thumbnailUrl\":\"https:\/\/sandzakpress.net\/arhiva\/wp-content\/uploads\/2019\/07\/Screenshot_1-6.png\",\"keywords\":[\"Bosna i Hercegovina\"],\"articleSection\":[\"Bosna PRESS\"],\"inLanguage\":\"bs-BA\",\"potentialAction\":[{\"@type\":\"CommentAction\",\"name\":\"Comment\",\"target\":[\"https:\/\/sandzakpress.net\/arhiva\/bik-medonja-ponovo-pobijedio-u-borbama-na-cevljanskoj-koridi\/#respond\"]}]},{\"@type\":\"WebPage\",\"@id\":\"https:\/\/sandzakpress.net\/arhiva\/bik-medonja-ponovo-pobijedio-u-borbama-na-cevljanskoj-koridi\/\",\"url\":\"https:\/\/sandzakpress.net\/arhiva\/bik-medonja-ponovo-pobijedio-u-borbama-na-cevljanskoj-koridi\/\",\"name\":\"Bik Medonja ponovo pobijedio u borbama na \u010cevljanskoj koridi\",\"isPartOf\":{\"@id\":\"https:\/\/sandzakpress.net\/arhiva\/#website\"},\"primaryImageOfPage\":{\"@id\":\"https:\/\/sandzakpress.net\/arhiva\/bik-medonja-ponovo-pobijedio-u-borbama-na-cevljanskoj-koridi\/#primaryimage\"},\"image\":{\"@id\":\"https:\/\/sandzakpress.net\/arhiva\/bik-medonja-ponovo-pobijedio-u-borbama-na-cevljanskoj-koridi\/#primaryimage\"},\"thumbnailUrl\":\"https:\/\/sandzakpress.net\/arhiva\/wp-content\/uploads\/2019\/07\/Screenshot_1-6.png\",\"datePublished\":\"2019-07-29T20:47:13+00:00\",\"breadcrumb\":{\"@id\":\"https:\/\/sandzakpress.net\/arhiva\/bik-medonja-ponovo-pobijedio-u-borbama-na-cevljanskoj-koridi\/#breadcrumb\"},\"inLanguage\":\"bs-BA\",\"potentialAction\":[{\"@type\":\"ReadAction\",\"target\":[\"https:\/\/sandzakpress.net\/arhiva\/bik-medonja-ponovo-pobijedio-u-borbama-na-cevljanskoj-koridi\/\"]}]},{\"@type\":\"ImageObject\",\"inLanguage\":\"bs-BA\",\"@id\":\"https:\/\/sandzakpress.net\/arhiva\/bik-medonja-ponovo-pobijedio-u-borbama-na-cevljanskoj-koridi\/#primaryimage\",\"url\":\"https:\/\/sandzakpress.net\/arhiva\/wp-content\/uploads\/2019\/07\/Screenshot_1-6.png\",\"contentUrl\":\"https:\/\/sandzakpress.net\/arhiva\/wp-content\/uploads\/2019\/07\/Screenshot_1-6.png\",\"width\":928,\"height\":610},{\"@type\":\"BreadcrumbList\",\"@id\":\"https:\/\/sandzakpress.net\/arhiva\/bik-medonja-ponovo-pobijedio-u-borbama-na-cevljanskoj-koridi\/#breadcrumb\",\"itemListElement\":[{\"@type\":\"ListItem\",\"position\":1,\"name\":\"Home\",\"item\":\"https:\/\/sandzakpress.net\/arhiva\/\"},{\"@type\":\"ListItem\",\"position\":2,\"name\":\"Bik Medonja ponovo pobijedio u borbama na \u010cevljanskoj koridi\"}]},{\"@type\":\"WebSite\",\"@id\":\"https:\/\/sandzakpress.net\/arhiva\/#website\",\"url\":\"https:\/\/sandzakpress.net\/arhiva\/\",\"name\":\"Sand\u017eak PRESS\",\"description\":\"Prve elektronske novine u Sand\u017eaku\",\"publisher\":{\"@id\":\"https:\/\/sandzakpress.net\/arhiva\/#\/schema\/person\/6e72b67d6e51910a1117b3b483ba20bd\"},\"potentialAction\":[{\"@type\":\"SearchAction\",\"target\":{\"@type\":\"EntryPoint\",\"urlTemplate\":\"https:\/\/sandzakpress.net\/arhiva\/?s={search_term_string}\"},\"query-input\":{\"@type\":\"PropertyValueSpecification\",\"valueRequired\":true,\"valueName\":\"search_term_string\"}}],\"inLanguage\":\"bs-BA\"},{\"@type\":[\"Person\",\"Organization\"],\"@id\":\"https:\/\/sandzakpress.net\/arhiva\/#\/schema\/person\/6e72b67d6e51910a1117b3b483ba20bd\",\"name\":\"Kul\",\"image\":{\"@type\":\"ImageObject\",\"inLanguage\":\"bs-BA\",\"@id\":\"https:\/\/sandzakpress.net\/arhiva\/#\/schema\/person\/image\/\",\"url\":\"https:\/\/secure.gravatar.com\/avatar\/42263f39aa27ac04c43cab85c280eb2e?s=96&d=mm&r=pg\",\"contentUrl\":\"https:\/\/secure.gravatar.com\/avatar\/42263f39aa27ac04c43cab85c280eb2e?s=96&d=mm&r=pg\",\"caption\":\"Kul\"},\"logo\":{\"@id\":\"https:\/\/sandzakpress.net\/arhiva\/#\/schema\/person\/image\/\"}},{\"@type\":\"Person\",\"@id\":\"https:\/\/sandzakpress.net\/arhiva\/#\/schema\/person\/c8baee722073534b583ea7bdb2e36c02\",\"name\":\"bosniak\",\"image\":{\"@type\":\"ImageObject\",\"inLanguage\":\"bs-BA\",\"@id\":\"https:\/\/sandzakpress.net\/arhiva\/#\/schema\/person\/image\/\",\"url\":\"https:\/\/secure.gravatar.com\/avatar\/a04fd330bfe3a36a72a0ad4a6d89fca7?s=96&d=mm&r=pg\",\"contentUrl\":\"https:\/\/secure.gravatar.com\/avatar\/a04fd330bfe3a36a72a0ad4a6d89fca7?s=96&d=mm&r=pg\",\"caption\":\"bosniak\"},\"url\":\"https:\/\/sandzakpress.net\/arhiva\/author\/bosniak\/\"}]}<\/script>\n<!-- \/ Yoast SEO Premium plugin. -->","yoast_head_json":{"title":"Bik Medonja ponovo pobijedio u borbama na \u010cevljanskoj koridi","robots":{"index":"index","follow":"follow","max-snippet":"max-snippet:-1","max-image-preview":"max-image-preview:large","max-video-preview":"max-video-preview:-1"},"canonical":"https:\/\/sandzakpress.net\/arhiva\/bik-medonja-ponovo-pobijedio-u-borbama-na-cevljanskoj-koridi\/","og_locale":"bs_BA","og_type":"article","og_title":"Bik Medonja ponovo pobijedio u borbama na \u010cevljanskoj koridi","og_description":"Bik Medonja novi-stari je \u201ckralj\u201d \u010cevljanske koride. On je u udarnoj borbi pobijedio bika Perana Re\u0161ada Por\u010de iz Visokog, a zanimljivo je da je vladar najpopularnije koride na Balkanu bio 40 kilograma lak\u0161i od svog protivnika. Ina\u010de, njegov vlasnik je privatnik iz Olova Habib Bjeli\u0107 Habibi\u0107, \u201cNakon pro\u0161logodi\u0161njeg nesretnog poraza znao sam da \u0107e Medonja [&hellip;]","og_url":"https:\/\/sandzakpress.net\/arhiva\/bik-medonja-ponovo-pobijedio-u-borbama-na-cevljanskoj-koridi\/","og_site_name":"Sand\u017eak PRESS","article_published_time":"2019-07-29T20:47:13+00:00","og_image":[{"width":928,"height":610,"url":"https:\/\/sandzakpress.net\/arhiva\/wp-content\/uploads\/2019\/07\/Screenshot_1-6.png","type":"image\/png"}],"author":"bosniak","twitter_card":"summary_large_image","twitter_misc":{"Written by":"bosniak","Est. reading time":"2 minute"},"schema":{"@context":"https:\/\/schema.org","@graph":[{"@type":"Article","@id":"https:\/\/sandzakpress.net\/arhiva\/bik-medonja-ponovo-pobijedio-u-borbama-na-cevljanskoj-koridi\/#article","isPartOf":{"@id":"https:\/\/sandzakpress.net\/arhiva\/bik-medonja-ponovo-pobijedio-u-borbama-na-cevljanskoj-koridi\/"},"author":{"name":"bosniak","@id":"https:\/\/sandzakpress.net\/arhiva\/#\/schema\/person\/c8baee722073534b583ea7bdb2e36c02"},"headline":"Bik Medonja ponovo pobijedio u borbama na \u010cevljanskoj koridi","datePublished":"2019-07-29T20:47:13+00:00","mainEntityOfPage":{"@id":"https:\/\/sandzakpress.net\/arhiva\/bik-medonja-ponovo-pobijedio-u-borbama-na-cevljanskoj-koridi\/"},"wordCount":344,"commentCount":0,"publisher":{"@id":"https:\/\/sandzakpress.net\/arhiva\/#\/schema\/person\/6e72b67d6e51910a1117b3b483ba20bd"},"image":{"@id":"https:\/\/sandzakpress.net\/arhiva\/bik-medonja-ponovo-pobijedio-u-borbama-na-cevljanskoj-koridi\/#primaryimage"},"thumbnailUrl":"https:\/\/sandzakpress.net\/arhiva\/wp-content\/uploads\/2019\/07\/Screenshot_1-6.png","keywords":["Bosna i Hercegovina"],"articleSection":["Bosna PRESS"],"inLanguage":"bs-BA","potentialAction":[{"@type":"CommentAction","name":"Comment","target":["https:\/\/sandzakpress.net\/arhiva\/bik-medonja-ponovo-pobijedio-u-borbama-na-cevljanskoj-koridi\/#respond"]}]},{"@type":"WebPage","@id":"https:\/\/sandzakpress.net\/arhiva\/bik-medonja-ponovo-pobijedio-u-borbama-na-cevljanskoj-koridi\/","url":"https:\/\/sandzakpress.net\/arhiva\/bik-medonja-ponovo-pobijedio-u-borbama-na-cevljanskoj-koridi\/","name":"Bik Medonja ponovo pobijedio u borbama na \u010cevljanskoj koridi","isPartOf":{"@id":"https:\/\/sandzakpress.net\/arhiva\/#website"},"primaryImageOfPage":{"@id":"https:\/\/sandzakpress.net\/arhiva\/bik-medonja-ponovo-pobijedio-u-borbama-na-cevljanskoj-koridi\/#primaryimage"},"image":{"@id":"https:\/\/sandzakpress.net\/arhiva\/bik-medonja-ponovo-pobijedio-u-borbama-na-cevljanskoj-koridi\/#primaryimage"},"thumbnailUrl":"https:\/\/sandzakpress.net\/arhiva\/wp-content\/uploads\/2019\/07\/Screenshot_1-6.png","datePublished":"2019-07-29T20:47:13+00:00","breadcrumb":{"@id":"https:\/\/sandzakpress.net\/arhiva\/bik-medonja-ponovo-pobijedio-u-borbama-na-cevljanskoj-koridi\/#breadcrumb"},"inLanguage":"bs-BA","potentialAction":[{"@type":"ReadAction","target":["https:\/\/sandzakpress.net\/arhiva\/bik-medonja-ponovo-pobijedio-u-borbama-na-cevljanskoj-koridi\/"]}]},{"@type":"ImageObject","inLanguage":"bs-BA","@id":"https:\/\/sandzakpress.net\/arhiva\/bik-medonja-ponovo-pobijedio-u-borbama-na-cevljanskoj-koridi\/#primaryimage","url":"https:\/\/sandzakpress.net\/arhiva\/wp-content\/uploads\/2019\/07\/Screenshot_1-6.png","contentUrl":"https:\/\/sandzakpress.net\/arhiva\/wp-content\/uploads\/2019\/07\/Screenshot_1-6.png","width":928,"height":610},{"@type":"BreadcrumbList","@id":"https:\/\/sandzakpress.net\/arhiva\/bik-medonja-ponovo-pobijedio-u-borbama-na-cevljanskoj-koridi\/#breadcrumb","itemListElement":[{"@type":"ListItem","position":1,"name":"Home","item":"https:\/\/sandzakpress.net\/arhiva\/"},{"@type":"ListItem","position":2,"name":"Bik Medonja ponovo pobijedio u borbama na \u010cevljanskoj koridi"}]},{"@type":"WebSite","@id":"https:\/\/sandzakpress.net\/arhiva\/#website","url":"https:\/\/sandzakpress.net\/arhiva\/","name":"Sand\u017eak PRESS","description":"Prve elektronske novine u Sand\u017eaku","publisher":{"@id":"https:\/\/sandzakpress.net\/arhiva\/#\/schema\/person\/6e72b67d6e51910a1117b3b483ba20bd"},"potentialAction":[{"@type":"SearchAction","target":{"@type":"EntryPoint","urlTemplate":"https:\/\/sandzakpress.net\/arhiva\/?s={search_term_string}"},"query-input":{"@type":"PropertyValueSpecification","valueRequired":true,"valueName":"search_term_string"}}],"inLanguage":"bs-BA"},{"@type":["Person","Organization"],"@id":"https:\/\/sandzakpress.net\/arhiva\/#\/schema\/person\/6e72b67d6e51910a1117b3b483ba20bd","name":"Kul","image":{"@type":"ImageObject","inLanguage":"bs-BA","@id":"https:\/\/sandzakpress.net\/arhiva\/#\/schema\/person\/image\/","url":"https:\/\/secure.gravatar.com\/avatar\/42263f39aa27ac04c43cab85c280eb2e?s=96&d=mm&r=pg","contentUrl":"https:\/\/secure.gravatar.com\/avatar\/42263f39aa27ac04c43cab85c280eb2e?s=96&d=mm&r=pg","caption":"Kul"},"logo":{"@id":"https:\/\/sandzakpress.net\/arhiva\/#\/schema\/person\/image\/"}},{"@type":"Person","@id":"https:\/\/sandzakpress.net\/arhiva\/#\/schema\/person\/c8baee722073534b583ea7bdb2e36c02","name":"bosniak","image":{"@type":"ImageObject","inLanguage":"bs-BA","@id":"https:\/\/sandzakpress.net\/arhiva\/#\/schema\/person\/image\/","url":"https:\/\/secure.gravatar.com\/avatar\/a04fd330bfe3a36a72a0ad4a6d89fca7?s=96&d=mm&r=pg","contentUrl":"https:\/\/secure.gravatar.com\/avatar\/a04fd330bfe3a36a72a0ad4a6d89fca7?s=96&d=mm&r=pg","caption":"bosniak"},"url":"https:\/\/sandzakpress.net\/arhiva\/author\/bosniak\/"}]}},"_links":{"self":[{"href":"https:\/\/sandzakpress.net\/arhiva\/wp-json\/wp\/v2\/posts\/226595"}],"collection":[{"href":"https:\/\/sandzakpress.net\/arhiva\/wp-json\/wp\/v2\/posts"}],"about":[{"href":"https:\/\/sandzakpress.net\/arhiva\/wp-json\/wp\/v2\/types\/post"}],"author":[{"embeddable":true,"href":"https:\/\/sandzakpress.net\/arhiva\/wp-json\/wp\/v2\/users\/83"}],"replies":[{"embeddable":true,"href":"https:\/\/sandzakpress.net\/arhiva\/wp-json\/wp\/v2\/comments?post=226595"}],"version-history":[{"count":0,"href":"https:\/\/sandzakpress.net\/arhiva\/wp-json\/wp\/v2\/posts\/226595\/revisions"}],"wp:featuredmedia":[{"embeddable":true,"href":"https:\/\/sandzakpress.net\/arhiva\/wp-json\/wp\/v2\/media\/226596"}],"wp:attachment":[{"href":"https:\/\/sandzakpress.net\/arhiva\/wp-json\/wp\/v2\/media?parent=226595"}],"wp:term":[{"taxonomy":"category","embeddable":true,"href":"https:\/\/sandzakpress.net\/arhiva\/wp-json\/wp\/v2\/categories?post=226595"},{"taxonomy":"post_tag","embeddable":true,"href":"https:\/\/sandzakpress.net\/arhiva\/wp-json\/wp\/v2\/tags?post=226595"}],"curies":[{"name":"wp","href":"https:\/\/api.w.org\/{rel}","templated":true}]}}