{"id":226593,"date":"2019-07-29T22:47:42","date_gmt":"2019-07-29T20:47:42","guid":{"rendered":"https:\/\/sandzakpress.net\/arhiva\/listo-se-oprostio-od-skokova-sa-starog-mosta-idem-u-zasluzenu-penziju"},"modified":"2019-07-29T22:47:42","modified_gmt":"2019-07-29T20:47:42","slug":"listo-se-oprostio-od-skokova-sa-starog-mosta-idem-u-zasluzenu-penziju","status":"publish","type":"post","link":"https:\/\/sandzakpress.net\/arhiva\/listo-se-oprostio-od-skokova-sa-starog-mosta-idem-u-zasluzenu-penziju\/","title":{"rendered":"Listo se oprostio od skokova sa Starog mosta: Idem u zaslu\u017eenu penziju"},"content":{"rendered":"<p><span class=\"cb-itemprop\"><\/p>\n<p><img loading=\"lazy\" decoding=\"async\" class=\"alignnone size-full wp-image-210560\" src=\"https:\/\/bosnapress.net\/wp-content\/uploads\/2019\/07\/Screenshot_3-3.png\" alt=\"\" width=\"839\" height=\"468\" \/><\/p>\n<div class=\"uvod uvod-clanka hidden-xs\">Kao \u0161to je i najavio, Lorens Listo, 13. po redu \u0161ampion u u skokovima na glavu sa Starog mosta, objavio je da je ovo danas u Mostaru bio zadnji njegov skok.<\/div>\n<div class=\"tekst clanak_sport\">\n<p>\u201cNi\u0161ta trenirat \u0107u djecu i mladu raju da ska\u010du sa Starog mosta, a ja idem u zaslu\u017eenu penziju\u201d, izjavio je Listo nakon dana\u0161njeg trijumfa u Mostaru.<\/p>\n<div class=\"gallerywrapper vsl\">\n<div class=\"gallerycontainer samoslika utekstu\">\n<div class=\"novagalerija\">\n<div class=\"galreldiv\">\n<div class=\"normalhelper\"><\/div>\n<p><img decoding=\"async\" src=\"https:\/\/static.klix.ba\/media\/images\/vijesti\/190728060.1_xl.jpg?v=1\" alt=\"Foto: R. D.\/Klix.ba\" \/><span class=\"opis\">Foto: R. D.\/Klix.ba<\/span><\/p>\n<\/div>\n<\/div>\n<p>\u00a0<\/p>\n<\/div>\n<\/div>\n<p>Naime, on je dana\u0161njom pobjedom izjedna\u010dio rekord legendarnog Emira Bali\u0107a s ukupno 13 \u0161ampionskih naslova. Kako ne bi do\u0161ao u priliku da prestigne svog uzora, Listo vi\u0161e ne\u0107e skakati.<\/p>\n<div class=\"embed-container\"><\/div>\n<p>\u201cOsje\u0107aj je fenomenalan. Ovo je bila najte\u017ea moja borba. U prvoj seriji skokova primio sam udarac u glavu te mi se sve vrijeme mantalo. Drugi skok sam izveo napamet budu\u0107i da ska\u010dem ve\u0107 20 godina\u201d, kazao je Listo.<\/p>\n<\/div>\n<div><\/div>\n<div>k<\/div>\n<p><\/span><br \/>\nPogledajte vijest na izvornom sajtu:<\/p>\n<p><a href=\"https:\/\/bosnapress.net\/listo-se-oprostio-od-skokova-sa-starog-mosta-idem-u-zasluzenu-penziju\/\" target=\"_blank\">Listo se oprostio od skokova sa Starog mosta: Idem u zaslu\u017eenu penziju<\/a><\/p>\n","protected":false},"excerpt":{"rendered":"<p>Kao \u0161to je i najavio, Lorens Listo, 13. po redu \u0161ampion u u skokovima na glavu sa Starog mosta, objavio je da je ovo danas u Mostaru bio zadnji njegov skok. \u201cNi\u0161ta trenirat \u0107u djecu i mladu raju da ska\u010du sa Starog mosta, a ja idem u zaslu\u017eenu penziju\u201d, izjavio je Listo nakon dana\u0161njeg trijumfa [&hellip;]<\/p>\n","protected":false},"author":83,"featured_media":226594,"comment_status":"open","ping_status":"open","sticky":false,"template":"","format":"standard","meta":{"footnotes":""},"categories":[10513],"tags":[10466],"class_list":{"0":"post-226593","1":"post","2":"type-post","3":"status-publish","4":"format-standard","5":"has-post-thumbnail","7":"category-bosna-press","8":"tag-bosna-i-hercegovina"},"yoast_head":"<!-- This site is optimized with the Yoast SEO Premium plugin v23.1 (Yoast SEO v24.9) - https:\/\/yoast.com\/wordpress\/plugins\/seo\/ -->\n<title>Listo se oprostio od skokova sa Starog mosta: Idem u zaslu\u017eenu penziju<\/title>\n<meta name=\"robots\" content=\"index, follow, max-snippet:-1, max-image-preview:large, max-video-preview:-1\" \/>\n<link rel=\"canonical\" href=\"https:\/\/sandzakpress.net\/arhiva\/listo-se-oprostio-od-skokova-sa-starog-mosta-idem-u-zasluzenu-penziju\/\" \/>\n<meta property=\"og:locale\" content=\"bs_BA\" \/>\n<meta property=\"og:type\" content=\"article\" \/>\n<meta property=\"og:title\" content=\"Listo se oprostio od skokova sa Starog mosta: Idem u zaslu\u017eenu penziju\" \/>\n<meta property=\"og:description\" content=\"Kao \u0161to je i najavio, Lorens Listo, 13. po redu \u0161ampion u u skokovima na glavu sa Starog mosta, objavio je da je ovo danas u Mostaru bio zadnji njegov skok. \u201cNi\u0161ta trenirat \u0107u djecu i mladu raju da ska\u010du sa Starog mosta, a ja idem u zaslu\u017eenu penziju\u201d, izjavio je Listo nakon dana\u0161njeg trijumfa [&hellip;]\" \/>\n<meta property=\"og:url\" content=\"https:\/\/sandzakpress.net\/arhiva\/listo-se-oprostio-od-skokova-sa-starog-mosta-idem-u-zasluzenu-penziju\/\" \/>\n<meta property=\"og:site_name\" content=\"Sand\u017eak PRESS\" \/>\n<meta property=\"article:published_time\" content=\"2019-07-29T20:47:42+00:00\" \/>\n<meta property=\"og:image\" content=\"https:\/\/sandzakpress.net\/arhiva\/wp-content\/uploads\/2019\/07\/Screenshot_3-3.png\" \/>\n\t<meta property=\"og:image:width\" content=\"839\" \/>\n\t<meta property=\"og:image:height\" content=\"468\" \/>\n\t<meta property=\"og:image:type\" content=\"image\/png\" \/>\n<meta name=\"author\" content=\"bosniak\" \/>\n<meta name=\"twitter:card\" content=\"summary_large_image\" \/>\n<meta name=\"twitter:label1\" content=\"Written by\" \/>\n\t<meta name=\"twitter:data1\" content=\"bosniak\" \/>\n\t<meta name=\"twitter:label2\" content=\"Est. reading time\" \/>\n\t<meta name=\"twitter:data2\" content=\"1 minuta\" \/>\n<script type=\"application\/ld+json\" class=\"yoast-schema-graph\">{\"@context\":\"https:\/\/schema.org\",\"@graph\":[{\"@type\":\"Article\",\"@id\":\"https:\/\/sandzakpress.net\/arhiva\/listo-se-oprostio-od-skokova-sa-starog-mosta-idem-u-zasluzenu-penziju\/#article\",\"isPartOf\":{\"@id\":\"https:\/\/sandzakpress.net\/arhiva\/listo-se-oprostio-od-skokova-sa-starog-mosta-idem-u-zasluzenu-penziju\/\"},\"author\":{\"name\":\"bosniak\",\"@id\":\"https:\/\/sandzakpress.net\/arhiva\/#\/schema\/person\/c8baee722073534b583ea7bdb2e36c02\"},\"headline\":\"Listo se oprostio od skokova sa Starog mosta: Idem u zaslu\u017eenu penziju\",\"datePublished\":\"2019-07-29T20:47:42+00:00\",\"mainEntityOfPage\":{\"@id\":\"https:\/\/sandzakpress.net\/arhiva\/listo-se-oprostio-od-skokova-sa-starog-mosta-idem-u-zasluzenu-penziju\/\"},\"wordCount\":172,\"commentCount\":0,\"publisher\":{\"@id\":\"https:\/\/sandzakpress.net\/arhiva\/#\/schema\/person\/6e72b67d6e51910a1117b3b483ba20bd\"},\"image\":{\"@id\":\"https:\/\/sandzakpress.net\/arhiva\/listo-se-oprostio-od-skokova-sa-starog-mosta-idem-u-zasluzenu-penziju\/#primaryimage\"},\"thumbnailUrl\":\"https:\/\/sandzakpress.net\/arhiva\/wp-content\/uploads\/2019\/07\/Screenshot_3-3.png\",\"keywords\":[\"Bosna i Hercegovina\"],\"articleSection\":[\"Bosna PRESS\"],\"inLanguage\":\"bs-BA\",\"potentialAction\":[{\"@type\":\"CommentAction\",\"name\":\"Comment\",\"target\":[\"https:\/\/sandzakpress.net\/arhiva\/listo-se-oprostio-od-skokova-sa-starog-mosta-idem-u-zasluzenu-penziju\/#respond\"]}]},{\"@type\":\"WebPage\",\"@id\":\"https:\/\/sandzakpress.net\/arhiva\/listo-se-oprostio-od-skokova-sa-starog-mosta-idem-u-zasluzenu-penziju\/\",\"url\":\"https:\/\/sandzakpress.net\/arhiva\/listo-se-oprostio-od-skokova-sa-starog-mosta-idem-u-zasluzenu-penziju\/\",\"name\":\"Listo se oprostio od skokova sa Starog mosta: Idem u zaslu\u017eenu penziju\",\"isPartOf\":{\"@id\":\"https:\/\/sandzakpress.net\/arhiva\/#website\"},\"primaryImageOfPage\":{\"@id\":\"https:\/\/sandzakpress.net\/arhiva\/listo-se-oprostio-od-skokova-sa-starog-mosta-idem-u-zasluzenu-penziju\/#primaryimage\"},\"image\":{\"@id\":\"https:\/\/sandzakpress.net\/arhiva\/listo-se-oprostio-od-skokova-sa-starog-mosta-idem-u-zasluzenu-penziju\/#primaryimage\"},\"thumbnailUrl\":\"https:\/\/sandzakpress.net\/arhiva\/wp-content\/uploads\/2019\/07\/Screenshot_3-3.png\",\"datePublished\":\"2019-07-29T20:47:42+00:00\",\"breadcrumb\":{\"@id\":\"https:\/\/sandzakpress.net\/arhiva\/listo-se-oprostio-od-skokova-sa-starog-mosta-idem-u-zasluzenu-penziju\/#breadcrumb\"},\"inLanguage\":\"bs-BA\",\"potentialAction\":[{\"@type\":\"ReadAction\",\"target\":[\"https:\/\/sandzakpress.net\/arhiva\/listo-se-oprostio-od-skokova-sa-starog-mosta-idem-u-zasluzenu-penziju\/\"]}]},{\"@type\":\"ImageObject\",\"inLanguage\":\"bs-BA\",\"@id\":\"https:\/\/sandzakpress.net\/arhiva\/listo-se-oprostio-od-skokova-sa-starog-mosta-idem-u-zasluzenu-penziju\/#primaryimage\",\"url\":\"https:\/\/sandzakpress.net\/arhiva\/wp-content\/uploads\/2019\/07\/Screenshot_3-3.png\",\"contentUrl\":\"https:\/\/sandzakpress.net\/arhiva\/wp-content\/uploads\/2019\/07\/Screenshot_3-3.png\",\"width\":839,\"height\":468},{\"@type\":\"BreadcrumbList\",\"@id\":\"https:\/\/sandzakpress.net\/arhiva\/listo-se-oprostio-od-skokova-sa-starog-mosta-idem-u-zasluzenu-penziju\/#breadcrumb\",\"itemListElement\":[{\"@type\":\"ListItem\",\"position\":1,\"name\":\"Home\",\"item\":\"https:\/\/sandzakpress.net\/arhiva\/\"},{\"@type\":\"ListItem\",\"position\":2,\"name\":\"Listo se oprostio od skokova sa Starog mosta: Idem u zaslu\u017eenu penziju\"}]},{\"@type\":\"WebSite\",\"@id\":\"https:\/\/sandzakpress.net\/arhiva\/#website\",\"url\":\"https:\/\/sandzakpress.net\/arhiva\/\",\"name\":\"Sand\u017eak PRESS\",\"description\":\"Prve elektronske novine u Sand\u017eaku\",\"publisher\":{\"@id\":\"https:\/\/sandzakpress.net\/arhiva\/#\/schema\/person\/6e72b67d6e51910a1117b3b483ba20bd\"},\"potentialAction\":[{\"@type\":\"SearchAction\",\"target\":{\"@type\":\"EntryPoint\",\"urlTemplate\":\"https:\/\/sandzakpress.net\/arhiva\/?s={search_term_string}\"},\"query-input\":{\"@type\":\"PropertyValueSpecification\",\"valueRequired\":true,\"valueName\":\"search_term_string\"}}],\"inLanguage\":\"bs-BA\"},{\"@type\":[\"Person\",\"Organization\"],\"@id\":\"https:\/\/sandzakpress.net\/arhiva\/#\/schema\/person\/6e72b67d6e51910a1117b3b483ba20bd\",\"name\":\"Kul\",\"image\":{\"@type\":\"ImageObject\",\"inLanguage\":\"bs-BA\",\"@id\":\"https:\/\/sandzakpress.net\/arhiva\/#\/schema\/person\/image\/\",\"url\":\"https:\/\/secure.gravatar.com\/avatar\/42263f39aa27ac04c43cab85c280eb2e?s=96&d=mm&r=pg\",\"contentUrl\":\"https:\/\/secure.gravatar.com\/avatar\/42263f39aa27ac04c43cab85c280eb2e?s=96&d=mm&r=pg\",\"caption\":\"Kul\"},\"logo\":{\"@id\":\"https:\/\/sandzakpress.net\/arhiva\/#\/schema\/person\/image\/\"}},{\"@type\":\"Person\",\"@id\":\"https:\/\/sandzakpress.net\/arhiva\/#\/schema\/person\/c8baee722073534b583ea7bdb2e36c02\",\"name\":\"bosniak\",\"image\":{\"@type\":\"ImageObject\",\"inLanguage\":\"bs-BA\",\"@id\":\"https:\/\/sandzakpress.net\/arhiva\/#\/schema\/person\/image\/\",\"url\":\"https:\/\/secure.gravatar.com\/avatar\/a04fd330bfe3a36a72a0ad4a6d89fca7?s=96&d=mm&r=pg\",\"contentUrl\":\"https:\/\/secure.gravatar.com\/avatar\/a04fd330bfe3a36a72a0ad4a6d89fca7?s=96&d=mm&r=pg\",\"caption\":\"bosniak\"},\"url\":\"https:\/\/sandzakpress.net\/arhiva\/author\/bosniak\/\"}]}<\/script>\n<!-- \/ Yoast SEO Premium plugin. -->","yoast_head_json":{"title":"Listo se oprostio od skokova sa Starog mosta: Idem u zaslu\u017eenu penziju","robots":{"index":"index","follow":"follow","max-snippet":"max-snippet:-1","max-image-preview":"max-image-preview:large","max-video-preview":"max-video-preview:-1"},"canonical":"https:\/\/sandzakpress.net\/arhiva\/listo-se-oprostio-od-skokova-sa-starog-mosta-idem-u-zasluzenu-penziju\/","og_locale":"bs_BA","og_type":"article","og_title":"Listo se oprostio od skokova sa Starog mosta: Idem u zaslu\u017eenu penziju","og_description":"Kao \u0161to je i najavio, Lorens Listo, 13. po redu \u0161ampion u u skokovima na glavu sa Starog mosta, objavio je da je ovo danas u Mostaru bio zadnji njegov skok. \u201cNi\u0161ta trenirat \u0107u djecu i mladu raju da ska\u010du sa Starog mosta, a ja idem u zaslu\u017eenu penziju\u201d, izjavio je Listo nakon dana\u0161njeg trijumfa [&hellip;]","og_url":"https:\/\/sandzakpress.net\/arhiva\/listo-se-oprostio-od-skokova-sa-starog-mosta-idem-u-zasluzenu-penziju\/","og_site_name":"Sand\u017eak PRESS","article_published_time":"2019-07-29T20:47:42+00:00","og_image":[{"width":839,"height":468,"url":"https:\/\/sandzakpress.net\/arhiva\/wp-content\/uploads\/2019\/07\/Screenshot_3-3.png","type":"image\/png"}],"author":"bosniak","twitter_card":"summary_large_image","twitter_misc":{"Written by":"bosniak","Est. reading time":"1 minuta"},"schema":{"@context":"https:\/\/schema.org","@graph":[{"@type":"Article","@id":"https:\/\/sandzakpress.net\/arhiva\/listo-se-oprostio-od-skokova-sa-starog-mosta-idem-u-zasluzenu-penziju\/#article","isPartOf":{"@id":"https:\/\/sandzakpress.net\/arhiva\/listo-se-oprostio-od-skokova-sa-starog-mosta-idem-u-zasluzenu-penziju\/"},"author":{"name":"bosniak","@id":"https:\/\/sandzakpress.net\/arhiva\/#\/schema\/person\/c8baee722073534b583ea7bdb2e36c02"},"headline":"Listo se oprostio od skokova sa Starog mosta: Idem u zaslu\u017eenu penziju","datePublished":"2019-07-29T20:47:42+00:00","mainEntityOfPage":{"@id":"https:\/\/sandzakpress.net\/arhiva\/listo-se-oprostio-od-skokova-sa-starog-mosta-idem-u-zasluzenu-penziju\/"},"wordCount":172,"commentCount":0,"publisher":{"@id":"https:\/\/sandzakpress.net\/arhiva\/#\/schema\/person\/6e72b67d6e51910a1117b3b483ba20bd"},"image":{"@id":"https:\/\/sandzakpress.net\/arhiva\/listo-se-oprostio-od-skokova-sa-starog-mosta-idem-u-zasluzenu-penziju\/#primaryimage"},"thumbnailUrl":"https:\/\/sandzakpress.net\/arhiva\/wp-content\/uploads\/2019\/07\/Screenshot_3-3.png","keywords":["Bosna i Hercegovina"],"articleSection":["Bosna PRESS"],"inLanguage":"bs-BA","potentialAction":[{"@type":"CommentAction","name":"Comment","target":["https:\/\/sandzakpress.net\/arhiva\/listo-se-oprostio-od-skokova-sa-starog-mosta-idem-u-zasluzenu-penziju\/#respond"]}]},{"@type":"WebPage","@id":"https:\/\/sandzakpress.net\/arhiva\/listo-se-oprostio-od-skokova-sa-starog-mosta-idem-u-zasluzenu-penziju\/","url":"https:\/\/sandzakpress.net\/arhiva\/listo-se-oprostio-od-skokova-sa-starog-mosta-idem-u-zasluzenu-penziju\/","name":"Listo se oprostio od skokova sa Starog mosta: Idem u zaslu\u017eenu penziju","isPartOf":{"@id":"https:\/\/sandzakpress.net\/arhiva\/#website"},"primaryImageOfPage":{"@id":"https:\/\/sandzakpress.net\/arhiva\/listo-se-oprostio-od-skokova-sa-starog-mosta-idem-u-zasluzenu-penziju\/#primaryimage"},"image":{"@id":"https:\/\/sandzakpress.net\/arhiva\/listo-se-oprostio-od-skokova-sa-starog-mosta-idem-u-zasluzenu-penziju\/#primaryimage"},"thumbnailUrl":"https:\/\/sandzakpress.net\/arhiva\/wp-content\/uploads\/2019\/07\/Screenshot_3-3.png","datePublished":"2019-07-29T20:47:42+00:00","breadcrumb":{"@id":"https:\/\/sandzakpress.net\/arhiva\/listo-se-oprostio-od-skokova-sa-starog-mosta-idem-u-zasluzenu-penziju\/#breadcrumb"},"inLanguage":"bs-BA","potentialAction":[{"@type":"ReadAction","target":["https:\/\/sandzakpress.net\/arhiva\/listo-se-oprostio-od-skokova-sa-starog-mosta-idem-u-zasluzenu-penziju\/"]}]},{"@type":"ImageObject","inLanguage":"bs-BA","@id":"https:\/\/sandzakpress.net\/arhiva\/listo-se-oprostio-od-skokova-sa-starog-mosta-idem-u-zasluzenu-penziju\/#primaryimage","url":"https:\/\/sandzakpress.net\/arhiva\/wp-content\/uploads\/2019\/07\/Screenshot_3-3.png","contentUrl":"https:\/\/sandzakpress.net\/arhiva\/wp-content\/uploads\/2019\/07\/Screenshot_3-3.png","width":839,"height":468},{"@type":"BreadcrumbList","@id":"https:\/\/sandzakpress.net\/arhiva\/listo-se-oprostio-od-skokova-sa-starog-mosta-idem-u-zasluzenu-penziju\/#breadcrumb","itemListElement":[{"@type":"ListItem","position":1,"name":"Home","item":"https:\/\/sandzakpress.net\/arhiva\/"},{"@type":"ListItem","position":2,"name":"Listo se oprostio od skokova sa Starog mosta: Idem u zaslu\u017eenu penziju"}]},{"@type":"WebSite","@id":"https:\/\/sandzakpress.net\/arhiva\/#website","url":"https:\/\/sandzakpress.net\/arhiva\/","name":"Sand\u017eak PRESS","description":"Prve elektronske novine u Sand\u017eaku","publisher":{"@id":"https:\/\/sandzakpress.net\/arhiva\/#\/schema\/person\/6e72b67d6e51910a1117b3b483ba20bd"},"potentialAction":[{"@type":"SearchAction","target":{"@type":"EntryPoint","urlTemplate":"https:\/\/sandzakpress.net\/arhiva\/?s={search_term_string}"},"query-input":{"@type":"PropertyValueSpecification","valueRequired":true,"valueName":"search_term_string"}}],"inLanguage":"bs-BA"},{"@type":["Person","Organization"],"@id":"https:\/\/sandzakpress.net\/arhiva\/#\/schema\/person\/6e72b67d6e51910a1117b3b483ba20bd","name":"Kul","image":{"@type":"ImageObject","inLanguage":"bs-BA","@id":"https:\/\/sandzakpress.net\/arhiva\/#\/schema\/person\/image\/","url":"https:\/\/secure.gravatar.com\/avatar\/42263f39aa27ac04c43cab85c280eb2e?s=96&d=mm&r=pg","contentUrl":"https:\/\/secure.gravatar.com\/avatar\/42263f39aa27ac04c43cab85c280eb2e?s=96&d=mm&r=pg","caption":"Kul"},"logo":{"@id":"https:\/\/sandzakpress.net\/arhiva\/#\/schema\/person\/image\/"}},{"@type":"Person","@id":"https:\/\/sandzakpress.net\/arhiva\/#\/schema\/person\/c8baee722073534b583ea7bdb2e36c02","name":"bosniak","image":{"@type":"ImageObject","inLanguage":"bs-BA","@id":"https:\/\/sandzakpress.net\/arhiva\/#\/schema\/person\/image\/","url":"https:\/\/secure.gravatar.com\/avatar\/a04fd330bfe3a36a72a0ad4a6d89fca7?s=96&d=mm&r=pg","contentUrl":"https:\/\/secure.gravatar.com\/avatar\/a04fd330bfe3a36a72a0ad4a6d89fca7?s=96&d=mm&r=pg","caption":"bosniak"},"url":"https:\/\/sandzakpress.net\/arhiva\/author\/bosniak\/"}]}},"_links":{"self":[{"href":"https:\/\/sandzakpress.net\/arhiva\/wp-json\/wp\/v2\/posts\/226593"}],"collection":[{"href":"https:\/\/sandzakpress.net\/arhiva\/wp-json\/wp\/v2\/posts"}],"about":[{"href":"https:\/\/sandzakpress.net\/arhiva\/wp-json\/wp\/v2\/types\/post"}],"author":[{"embeddable":true,"href":"https:\/\/sandzakpress.net\/arhiva\/wp-json\/wp\/v2\/users\/83"}],"replies":[{"embeddable":true,"href":"https:\/\/sandzakpress.net\/arhiva\/wp-json\/wp\/v2\/comments?post=226593"}],"version-history":[{"count":0,"href":"https:\/\/sandzakpress.net\/arhiva\/wp-json\/wp\/v2\/posts\/226593\/revisions"}],"wp:featuredmedia":[{"embeddable":true,"href":"https:\/\/sandzakpress.net\/arhiva\/wp-json\/wp\/v2\/media\/226594"}],"wp:attachment":[{"href":"https:\/\/sandzakpress.net\/arhiva\/wp-json\/wp\/v2\/media?parent=226593"}],"wp:term":[{"taxonomy":"category","embeddable":true,"href":"https:\/\/sandzakpress.net\/arhiva\/wp-json\/wp\/v2\/categories?post=226593"},{"taxonomy":"post_tag","embeddable":true,"href":"https:\/\/sandzakpress.net\/arhiva\/wp-json\/wp\/v2\/tags?post=226593"}],"curies":[{"name":"wp","href":"https:\/\/api.w.org\/{rel}","templated":true}]}}