{"id":226587,"date":"2019-07-29T22:52:43","date_gmt":"2019-07-29T20:52:43","guid":{"rendered":"https:\/\/sandzakpress.net\/arhiva\/prve-hadzije-iz-bih-jutros-krenule-prema-medini"},"modified":"2019-07-29T22:52:43","modified_gmt":"2019-07-29T20:52:43","slug":"prve-hadzije-iz-bih-jutros-krenule-prema-medini","status":"publish","type":"post","link":"https:\/\/sandzakpress.net\/arhiva\/prve-hadzije-iz-bih-jutros-krenule-prema-medini\/","title":{"rendered":"Prve had\u017eije iz BiH jutros krenule prema Medini"},"content":{"rendered":"<p><span class=\"cb-itemprop\"><\/p>\n<p><img loading=\"lazy\" decoding=\"async\" class=\"alignnone size-full wp-image-210569\" src=\"https:\/\/bosnapress.net\/wp-content\/uploads\/2019\/07\/Screenshot_4-3.png\" alt=\"\" width=\"726\" height=\"338\" \/><\/p>\n<p>Avion s prvom grupom had\u017eija iz Bosne i Hercegovine jutros je poletio s Me\u0111unarodnog aerodroma Sarajevo za Medinu. Polasku je prethodilo okupljanje u d\u017eamiji \u201eKralj Fahd\u201c u Sarajevu, gdje je zajedni\u010dku ikrar dovu prou\u010dio izaslanik sarajevskog muftije dr. Abdulgafar ef. Veli\u0107.<\/p>\n<p>Zajedni\u010dkoj ikrar dovi za prvu grupu ovogodi\u0161njih had\u017eija prisustvovao je i reisu-l-ulema Husein ef. Kavazaovi\u0107, koji je tom prilikom rekao:<\/p>\n<p>\u201eDo\u0161ao sam da s vama podijelim nekoliko trenutaka pred va\u0161 odlazak, da vam za\u017eelim hairli put na najsvetija mjesta, u na\u0161u Medinu i Mekku, mole\u0107i Dragog Boga da vam ukabuli va\u0161 nijjet. Ono \u0161to je za vas va\u017eno, pored va\u0161eg nijjeta, jeste i sabur. Na svakom putu moramo biti spremni da podnesemo odre\u0111ene napore. Takav je i had\u017e. Had\u017e je napor i tu je potrebna ta unutarnja borba, kako sa samim sobom, tako i sa \u0161ejtanom. Bit \u0107e potrebno da se saburom naoru\u017eate i da ovaj put podnesete kao pravi vjernici. Islamska zajednica, Ured za had\u017e i umru i cijela vodi\u010dka slu\u017eba potrudit \u0107e se da vam ovaj put \u0161to vi\u0161e olak\u0161a.<\/p>\n<p>Najvi\u0161e \u0161ta trebate \u010diniti na had\u017eu je istigfar, odnosno da molite Allaha, d\u017e.\u0161., da vam oprosti grijehe. Stalno tra\u017eite od Gospodara da Vam primi dobra djela, a grijehe oprosti, jer su to najbolja mjesta i najbolje vrijeme za primanje pokajanja. Nastojite da \u0161to vi\u0161e vremena provedete u ibadetu.<\/p>\n<div><\/div>\n<p>Ovo su vru\u0107i dani i te\u0161ki za obaviti had\u017e, \u010duvajte svoje zdravlje. Vi mla\u0111i ste obavezni kao muslimani da pomognete starijim had\u017eijama me\u0111u vama. To je va\u0161a obaveza kao \u0161to je obaveza i namaz obaviti. Vi ste sada jedan d\u017eemat i nastojte da kao bra\u0107a i sestre budete jedni drugima pri ruci.<\/p>\n<p>\u010cujemo nekada me\u0111u nama Bo\u0161njacima da bi Islamska zajednica trebala odvajati had\u017eije i one bogatije smjestiti u bolje, a one siroma\u0161nije u lo\u0161ije hotele. Ali vi kao muslimani, a i mi kao ulema znamo da na had\u017eu obla\u010dimo bijele ihrame. Na had\u017eu nema i ne bi smjelo da bude razlike me\u0111u ljudima. Ova Islamska zajednica, ovakva kakva jeste, ne\u0107e to raditi, ne\u0107e praviti razlike me\u0111u na\u0161im ljudima. Mi smo jedan d\u017eemat i ne trebamo praviti razlike me\u0111u ljudima.<\/p>\n<p>Vi idete na had\u017e i na neki na\u010din prezentujete bosanskohercegova\u010dke muslimane. Molim vas da svojim pona\u0161anjem na svakom koraku poka\u017eete prije svega skru\u0161enost, da se posvetite ibadetu i da prezentujete islam onako kako je to \u010dinio i na\u0161 Poslanik i kako to od nas tra\u017ei na\u0161 Gospodar.<\/p>\n<p>U ime cijele zajednice muslimana u Bosni \u017eelim vam sretan put, da Allah, d\u017e.\u0161., ukabuli va\u0161 nijjet i va\u0161e ibadete, i da nam se vratite sretni i zadovoljni\u201c, poru\u010dio je budu\u0107im had\u017eijama reisu-l-ulema Kavazovi\u0107.<\/p>\n<p>Iz Sarajeva \u0107e danas ka Medini poletjeti jo\u0161 dva aviona s had\u017eijama iz Banjalu\u010dkog, Gora\u017edanskog i dijela Biha\u0107kog muftijstva.<\/p>\n<p>Ostale had\u017eije iz BiH \u0107e put svetih mjesta krenuti prema ranije utvr\u0111enom rasporedu letova.<\/p>\n<p>saff.ba<\/p>\n<p><\/span><br \/>\nPogledajte vijest na izvornom sajtu:<\/p>\n<p><a href=\"https:\/\/bosnapress.net\/prve-hadzije-iz-bih-jutros-krenule-prema-medini\/\" target=\"_blank\">Prve had\u017eije iz BiH jutros krenule prema Medini<\/a><\/p>\n","protected":false},"excerpt":{"rendered":"<p>Avion s prvom grupom had\u017eija iz Bosne i Hercegovine jutros je poletio s Me\u0111unarodnog aerodroma Sarajevo za Medinu. Polasku je prethodilo okupljanje u d\u017eamiji \u201eKralj Fahd\u201c u Sarajevu, gdje je zajedni\u010dku ikrar dovu prou\u010dio izaslanik sarajevskog muftije dr. Abdulgafar ef. Veli\u0107. Zajedni\u010dkoj ikrar dovi za prvu grupu ovogodi\u0161njih had\u017eija prisustvovao je i reisu-l-ulema Husein ef. [&hellip;]<\/p>\n","protected":false},"author":83,"featured_media":226588,"comment_status":"open","ping_status":"open","sticky":false,"template":"","format":"standard","meta":{"footnotes":""},"categories":[10513],"tags":[10466],"class_list":{"0":"post-226587","1":"post","2":"type-post","3":"status-publish","4":"format-standard","5":"has-post-thumbnail","7":"category-bosna-press","8":"tag-bosna-i-hercegovina"},"yoast_head":"<!-- This site is optimized with the Yoast SEO Premium plugin v23.1 (Yoast SEO v24.9) - https:\/\/yoast.com\/wordpress\/plugins\/seo\/ -->\n<title>Prve had\u017eije iz BiH jutros krenule prema Medini<\/title>\n<meta name=\"robots\" content=\"index, follow, max-snippet:-1, max-image-preview:large, max-video-preview:-1\" \/>\n<link rel=\"canonical\" href=\"https:\/\/sandzakpress.net\/arhiva\/prve-hadzije-iz-bih-jutros-krenule-prema-medini\/\" \/>\n<meta property=\"og:locale\" content=\"bs_BA\" \/>\n<meta property=\"og:type\" content=\"article\" \/>\n<meta property=\"og:title\" content=\"Prve had\u017eije iz BiH jutros krenule prema Medini\" \/>\n<meta property=\"og:description\" content=\"Avion s prvom grupom had\u017eija iz Bosne i Hercegovine jutros je poletio s Me\u0111unarodnog aerodroma Sarajevo za Medinu. Polasku je prethodilo okupljanje u d\u017eamiji \u201eKralj Fahd\u201c u Sarajevu, gdje je zajedni\u010dku ikrar dovu prou\u010dio izaslanik sarajevskog muftije dr. Abdulgafar ef. Veli\u0107. Zajedni\u010dkoj ikrar dovi za prvu grupu ovogodi\u0161njih had\u017eija prisustvovao je i reisu-l-ulema Husein ef. [&hellip;]\" \/>\n<meta property=\"og:url\" content=\"https:\/\/sandzakpress.net\/arhiva\/prve-hadzije-iz-bih-jutros-krenule-prema-medini\/\" \/>\n<meta property=\"og:site_name\" content=\"Sand\u017eak PRESS\" \/>\n<meta property=\"article:published_time\" content=\"2019-07-29T20:52:43+00:00\" \/>\n<meta property=\"og:image\" content=\"https:\/\/sandzakpress.net\/arhiva\/wp-content\/uploads\/2019\/07\/Screenshot_4-3-1.png\" \/>\n\t<meta property=\"og:image:width\" content=\"726\" \/>\n\t<meta property=\"og:image:height\" content=\"338\" \/>\n\t<meta property=\"og:image:type\" content=\"image\/png\" \/>\n<meta name=\"author\" content=\"bosniak\" \/>\n<meta name=\"twitter:card\" content=\"summary_large_image\" \/>\n<meta name=\"twitter:label1\" content=\"Written by\" \/>\n\t<meta name=\"twitter:data1\" content=\"bosniak\" \/>\n\t<meta name=\"twitter:label2\" content=\"Est. reading time\" \/>\n\t<meta name=\"twitter:data2\" content=\"3 minute\" \/>\n<script type=\"application\/ld+json\" class=\"yoast-schema-graph\">{\"@context\":\"https:\/\/schema.org\",\"@graph\":[{\"@type\":\"Article\",\"@id\":\"https:\/\/sandzakpress.net\/arhiva\/prve-hadzije-iz-bih-jutros-krenule-prema-medini\/#article\",\"isPartOf\":{\"@id\":\"https:\/\/sandzakpress.net\/arhiva\/prve-hadzije-iz-bih-jutros-krenule-prema-medini\/\"},\"author\":{\"name\":\"bosniak\",\"@id\":\"https:\/\/sandzakpress.net\/arhiva\/#\/schema\/person\/c8baee722073534b583ea7bdb2e36c02\"},\"headline\":\"Prve had\u017eije iz BiH jutros krenule prema Medini\",\"datePublished\":\"2019-07-29T20:52:43+00:00\",\"mainEntityOfPage\":{\"@id\":\"https:\/\/sandzakpress.net\/arhiva\/prve-hadzije-iz-bih-jutros-krenule-prema-medini\/\"},\"wordCount\":553,\"commentCount\":0,\"publisher\":{\"@id\":\"https:\/\/sandzakpress.net\/arhiva\/#\/schema\/person\/6e72b67d6e51910a1117b3b483ba20bd\"},\"image\":{\"@id\":\"https:\/\/sandzakpress.net\/arhiva\/prve-hadzije-iz-bih-jutros-krenule-prema-medini\/#primaryimage\"},\"thumbnailUrl\":\"https:\/\/sandzakpress.net\/arhiva\/wp-content\/uploads\/2019\/07\/Screenshot_4-3-1.png\",\"keywords\":[\"Bosna i Hercegovina\"],\"articleSection\":[\"Bosna PRESS\"],\"inLanguage\":\"bs-BA\",\"potentialAction\":[{\"@type\":\"CommentAction\",\"name\":\"Comment\",\"target\":[\"https:\/\/sandzakpress.net\/arhiva\/prve-hadzije-iz-bih-jutros-krenule-prema-medini\/#respond\"]}]},{\"@type\":\"WebPage\",\"@id\":\"https:\/\/sandzakpress.net\/arhiva\/prve-hadzije-iz-bih-jutros-krenule-prema-medini\/\",\"url\":\"https:\/\/sandzakpress.net\/arhiva\/prve-hadzije-iz-bih-jutros-krenule-prema-medini\/\",\"name\":\"Prve had\u017eije iz BiH jutros krenule prema Medini\",\"isPartOf\":{\"@id\":\"https:\/\/sandzakpress.net\/arhiva\/#website\"},\"primaryImageOfPage\":{\"@id\":\"https:\/\/sandzakpress.net\/arhiva\/prve-hadzije-iz-bih-jutros-krenule-prema-medini\/#primaryimage\"},\"image\":{\"@id\":\"https:\/\/sandzakpress.net\/arhiva\/prve-hadzije-iz-bih-jutros-krenule-prema-medini\/#primaryimage\"},\"thumbnailUrl\":\"https:\/\/sandzakpress.net\/arhiva\/wp-content\/uploads\/2019\/07\/Screenshot_4-3-1.png\",\"datePublished\":\"2019-07-29T20:52:43+00:00\",\"breadcrumb\":{\"@id\":\"https:\/\/sandzakpress.net\/arhiva\/prve-hadzije-iz-bih-jutros-krenule-prema-medini\/#breadcrumb\"},\"inLanguage\":\"bs-BA\",\"potentialAction\":[{\"@type\":\"ReadAction\",\"target\":[\"https:\/\/sandzakpress.net\/arhiva\/prve-hadzije-iz-bih-jutros-krenule-prema-medini\/\"]}]},{\"@type\":\"ImageObject\",\"inLanguage\":\"bs-BA\",\"@id\":\"https:\/\/sandzakpress.net\/arhiva\/prve-hadzije-iz-bih-jutros-krenule-prema-medini\/#primaryimage\",\"url\":\"https:\/\/sandzakpress.net\/arhiva\/wp-content\/uploads\/2019\/07\/Screenshot_4-3-1.png\",\"contentUrl\":\"https:\/\/sandzakpress.net\/arhiva\/wp-content\/uploads\/2019\/07\/Screenshot_4-3-1.png\",\"width\":726,\"height\":338},{\"@type\":\"BreadcrumbList\",\"@id\":\"https:\/\/sandzakpress.net\/arhiva\/prve-hadzije-iz-bih-jutros-krenule-prema-medini\/#breadcrumb\",\"itemListElement\":[{\"@type\":\"ListItem\",\"position\":1,\"name\":\"Home\",\"item\":\"https:\/\/sandzakpress.net\/arhiva\/\"},{\"@type\":\"ListItem\",\"position\":2,\"name\":\"Prve had\u017eije iz BiH jutros krenule prema Medini\"}]},{\"@type\":\"WebSite\",\"@id\":\"https:\/\/sandzakpress.net\/arhiva\/#website\",\"url\":\"https:\/\/sandzakpress.net\/arhiva\/\",\"name\":\"Sand\u017eak PRESS\",\"description\":\"Prve elektronske novine u Sand\u017eaku\",\"publisher\":{\"@id\":\"https:\/\/sandzakpress.net\/arhiva\/#\/schema\/person\/6e72b67d6e51910a1117b3b483ba20bd\"},\"potentialAction\":[{\"@type\":\"SearchAction\",\"target\":{\"@type\":\"EntryPoint\",\"urlTemplate\":\"https:\/\/sandzakpress.net\/arhiva\/?s={search_term_string}\"},\"query-input\":{\"@type\":\"PropertyValueSpecification\",\"valueRequired\":true,\"valueName\":\"search_term_string\"}}],\"inLanguage\":\"bs-BA\"},{\"@type\":[\"Person\",\"Organization\"],\"@id\":\"https:\/\/sandzakpress.net\/arhiva\/#\/schema\/person\/6e72b67d6e51910a1117b3b483ba20bd\",\"name\":\"Kul\",\"image\":{\"@type\":\"ImageObject\",\"inLanguage\":\"bs-BA\",\"@id\":\"https:\/\/sandzakpress.net\/arhiva\/#\/schema\/person\/image\/\",\"url\":\"https:\/\/secure.gravatar.com\/avatar\/42263f39aa27ac04c43cab85c280eb2e?s=96&d=mm&r=pg\",\"contentUrl\":\"https:\/\/secure.gravatar.com\/avatar\/42263f39aa27ac04c43cab85c280eb2e?s=96&d=mm&r=pg\",\"caption\":\"Kul\"},\"logo\":{\"@id\":\"https:\/\/sandzakpress.net\/arhiva\/#\/schema\/person\/image\/\"}},{\"@type\":\"Person\",\"@id\":\"https:\/\/sandzakpress.net\/arhiva\/#\/schema\/person\/c8baee722073534b583ea7bdb2e36c02\",\"name\":\"bosniak\",\"image\":{\"@type\":\"ImageObject\",\"inLanguage\":\"bs-BA\",\"@id\":\"https:\/\/sandzakpress.net\/arhiva\/#\/schema\/person\/image\/\",\"url\":\"https:\/\/secure.gravatar.com\/avatar\/a04fd330bfe3a36a72a0ad4a6d89fca7?s=96&d=mm&r=pg\",\"contentUrl\":\"https:\/\/secure.gravatar.com\/avatar\/a04fd330bfe3a36a72a0ad4a6d89fca7?s=96&d=mm&r=pg\",\"caption\":\"bosniak\"},\"url\":\"https:\/\/sandzakpress.net\/arhiva\/author\/bosniak\/\"}]}<\/script>\n<!-- \/ Yoast SEO Premium plugin. -->","yoast_head_json":{"title":"Prve had\u017eije iz BiH jutros krenule prema Medini","robots":{"index":"index","follow":"follow","max-snippet":"max-snippet:-1","max-image-preview":"max-image-preview:large","max-video-preview":"max-video-preview:-1"},"canonical":"https:\/\/sandzakpress.net\/arhiva\/prve-hadzije-iz-bih-jutros-krenule-prema-medini\/","og_locale":"bs_BA","og_type":"article","og_title":"Prve had\u017eije iz BiH jutros krenule prema Medini","og_description":"Avion s prvom grupom had\u017eija iz Bosne i Hercegovine jutros je poletio s Me\u0111unarodnog aerodroma Sarajevo za Medinu. Polasku je prethodilo okupljanje u d\u017eamiji \u201eKralj Fahd\u201c u Sarajevu, gdje je zajedni\u010dku ikrar dovu prou\u010dio izaslanik sarajevskog muftije dr. Abdulgafar ef. Veli\u0107. Zajedni\u010dkoj ikrar dovi za prvu grupu ovogodi\u0161njih had\u017eija prisustvovao je i reisu-l-ulema Husein ef. [&hellip;]","og_url":"https:\/\/sandzakpress.net\/arhiva\/prve-hadzije-iz-bih-jutros-krenule-prema-medini\/","og_site_name":"Sand\u017eak PRESS","article_published_time":"2019-07-29T20:52:43+00:00","og_image":[{"width":726,"height":338,"url":"https:\/\/sandzakpress.net\/arhiva\/wp-content\/uploads\/2019\/07\/Screenshot_4-3-1.png","type":"image\/png"}],"author":"bosniak","twitter_card":"summary_large_image","twitter_misc":{"Written by":"bosniak","Est. reading time":"3 minute"},"schema":{"@context":"https:\/\/schema.org","@graph":[{"@type":"Article","@id":"https:\/\/sandzakpress.net\/arhiva\/prve-hadzije-iz-bih-jutros-krenule-prema-medini\/#article","isPartOf":{"@id":"https:\/\/sandzakpress.net\/arhiva\/prve-hadzije-iz-bih-jutros-krenule-prema-medini\/"},"author":{"name":"bosniak","@id":"https:\/\/sandzakpress.net\/arhiva\/#\/schema\/person\/c8baee722073534b583ea7bdb2e36c02"},"headline":"Prve had\u017eije iz BiH jutros krenule prema Medini","datePublished":"2019-07-29T20:52:43+00:00","mainEntityOfPage":{"@id":"https:\/\/sandzakpress.net\/arhiva\/prve-hadzije-iz-bih-jutros-krenule-prema-medini\/"},"wordCount":553,"commentCount":0,"publisher":{"@id":"https:\/\/sandzakpress.net\/arhiva\/#\/schema\/person\/6e72b67d6e51910a1117b3b483ba20bd"},"image":{"@id":"https:\/\/sandzakpress.net\/arhiva\/prve-hadzije-iz-bih-jutros-krenule-prema-medini\/#primaryimage"},"thumbnailUrl":"https:\/\/sandzakpress.net\/arhiva\/wp-content\/uploads\/2019\/07\/Screenshot_4-3-1.png","keywords":["Bosna i Hercegovina"],"articleSection":["Bosna PRESS"],"inLanguage":"bs-BA","potentialAction":[{"@type":"CommentAction","name":"Comment","target":["https:\/\/sandzakpress.net\/arhiva\/prve-hadzije-iz-bih-jutros-krenule-prema-medini\/#respond"]}]},{"@type":"WebPage","@id":"https:\/\/sandzakpress.net\/arhiva\/prve-hadzije-iz-bih-jutros-krenule-prema-medini\/","url":"https:\/\/sandzakpress.net\/arhiva\/prve-hadzije-iz-bih-jutros-krenule-prema-medini\/","name":"Prve had\u017eije iz BiH jutros krenule prema Medini","isPartOf":{"@id":"https:\/\/sandzakpress.net\/arhiva\/#website"},"primaryImageOfPage":{"@id":"https:\/\/sandzakpress.net\/arhiva\/prve-hadzije-iz-bih-jutros-krenule-prema-medini\/#primaryimage"},"image":{"@id":"https:\/\/sandzakpress.net\/arhiva\/prve-hadzije-iz-bih-jutros-krenule-prema-medini\/#primaryimage"},"thumbnailUrl":"https:\/\/sandzakpress.net\/arhiva\/wp-content\/uploads\/2019\/07\/Screenshot_4-3-1.png","datePublished":"2019-07-29T20:52:43+00:00","breadcrumb":{"@id":"https:\/\/sandzakpress.net\/arhiva\/prve-hadzije-iz-bih-jutros-krenule-prema-medini\/#breadcrumb"},"inLanguage":"bs-BA","potentialAction":[{"@type":"ReadAction","target":["https:\/\/sandzakpress.net\/arhiva\/prve-hadzije-iz-bih-jutros-krenule-prema-medini\/"]}]},{"@type":"ImageObject","inLanguage":"bs-BA","@id":"https:\/\/sandzakpress.net\/arhiva\/prve-hadzije-iz-bih-jutros-krenule-prema-medini\/#primaryimage","url":"https:\/\/sandzakpress.net\/arhiva\/wp-content\/uploads\/2019\/07\/Screenshot_4-3-1.png","contentUrl":"https:\/\/sandzakpress.net\/arhiva\/wp-content\/uploads\/2019\/07\/Screenshot_4-3-1.png","width":726,"height":338},{"@type":"BreadcrumbList","@id":"https:\/\/sandzakpress.net\/arhiva\/prve-hadzije-iz-bih-jutros-krenule-prema-medini\/#breadcrumb","itemListElement":[{"@type":"ListItem","position":1,"name":"Home","item":"https:\/\/sandzakpress.net\/arhiva\/"},{"@type":"ListItem","position":2,"name":"Prve had\u017eije iz BiH jutros krenule prema Medini"}]},{"@type":"WebSite","@id":"https:\/\/sandzakpress.net\/arhiva\/#website","url":"https:\/\/sandzakpress.net\/arhiva\/","name":"Sand\u017eak PRESS","description":"Prve elektronske novine u Sand\u017eaku","publisher":{"@id":"https:\/\/sandzakpress.net\/arhiva\/#\/schema\/person\/6e72b67d6e51910a1117b3b483ba20bd"},"potentialAction":[{"@type":"SearchAction","target":{"@type":"EntryPoint","urlTemplate":"https:\/\/sandzakpress.net\/arhiva\/?s={search_term_string}"},"query-input":{"@type":"PropertyValueSpecification","valueRequired":true,"valueName":"search_term_string"}}],"inLanguage":"bs-BA"},{"@type":["Person","Organization"],"@id":"https:\/\/sandzakpress.net\/arhiva\/#\/schema\/person\/6e72b67d6e51910a1117b3b483ba20bd","name":"Kul","image":{"@type":"ImageObject","inLanguage":"bs-BA","@id":"https:\/\/sandzakpress.net\/arhiva\/#\/schema\/person\/image\/","url":"https:\/\/secure.gravatar.com\/avatar\/42263f39aa27ac04c43cab85c280eb2e?s=96&d=mm&r=pg","contentUrl":"https:\/\/secure.gravatar.com\/avatar\/42263f39aa27ac04c43cab85c280eb2e?s=96&d=mm&r=pg","caption":"Kul"},"logo":{"@id":"https:\/\/sandzakpress.net\/arhiva\/#\/schema\/person\/image\/"}},{"@type":"Person","@id":"https:\/\/sandzakpress.net\/arhiva\/#\/schema\/person\/c8baee722073534b583ea7bdb2e36c02","name":"bosniak","image":{"@type":"ImageObject","inLanguage":"bs-BA","@id":"https:\/\/sandzakpress.net\/arhiva\/#\/schema\/person\/image\/","url":"https:\/\/secure.gravatar.com\/avatar\/a04fd330bfe3a36a72a0ad4a6d89fca7?s=96&d=mm&r=pg","contentUrl":"https:\/\/secure.gravatar.com\/avatar\/a04fd330bfe3a36a72a0ad4a6d89fca7?s=96&d=mm&r=pg","caption":"bosniak"},"url":"https:\/\/sandzakpress.net\/arhiva\/author\/bosniak\/"}]}},"_links":{"self":[{"href":"https:\/\/sandzakpress.net\/arhiva\/wp-json\/wp\/v2\/posts\/226587"}],"collection":[{"href":"https:\/\/sandzakpress.net\/arhiva\/wp-json\/wp\/v2\/posts"}],"about":[{"href":"https:\/\/sandzakpress.net\/arhiva\/wp-json\/wp\/v2\/types\/post"}],"author":[{"embeddable":true,"href":"https:\/\/sandzakpress.net\/arhiva\/wp-json\/wp\/v2\/users\/83"}],"replies":[{"embeddable":true,"href":"https:\/\/sandzakpress.net\/arhiva\/wp-json\/wp\/v2\/comments?post=226587"}],"version-history":[{"count":0,"href":"https:\/\/sandzakpress.net\/arhiva\/wp-json\/wp\/v2\/posts\/226587\/revisions"}],"wp:featuredmedia":[{"embeddable":true,"href":"https:\/\/sandzakpress.net\/arhiva\/wp-json\/wp\/v2\/media\/226588"}],"wp:attachment":[{"href":"https:\/\/sandzakpress.net\/arhiva\/wp-json\/wp\/v2\/media?parent=226587"}],"wp:term":[{"taxonomy":"category","embeddable":true,"href":"https:\/\/sandzakpress.net\/arhiva\/wp-json\/wp\/v2\/categories?post=226587"},{"taxonomy":"post_tag","embeddable":true,"href":"https:\/\/sandzakpress.net\/arhiva\/wp-json\/wp\/v2\/tags?post=226587"}],"curies":[{"name":"wp","href":"https:\/\/api.w.org\/{rel}","templated":true}]}}