{"id":226585,"date":"2019-07-29T22:56:26","date_gmt":"2019-07-29T20:56:26","guid":{"rendered":"https:\/\/sandzakpress.net\/arhiva\/unicef-omogucio-vakcinaciju-miliona-djece-u-jemenu"},"modified":"2019-07-29T22:56:26","modified_gmt":"2019-07-29T20:56:26","slug":"unicef-omogucio-vakcinaciju-miliona-djece-u-jemenu","status":"publish","type":"post","link":"https:\/\/sandzakpress.net\/arhiva\/unicef-omogucio-vakcinaciju-miliona-djece-u-jemenu\/","title":{"rendered":"UNICEF omogu\u0107io vakcinaciju miliona djece u Jemenu"},"content":{"rendered":"<p><span class=\"cb-itemprop\"><\/p>\n<p><img loading=\"lazy\" decoding=\"async\" class=\"size-full wp-image-46038\" style=\"font-weight: bold;background-color: transparent;color: #464646;font-style: italic;text-align: center\" src=\"https:\/\/islampress.net\/wp-content\/uploads\/2019\/07\/jemen.vakcinacija.epa_.jpg\" alt=\"\" width=\"770\" height=\"433\" \/><\/p>\n<p>U Jemenu protiv ospica i rubeole vakcinisano je 11,9 miliona djece, saop\u0107io je Fond Ujedinjenih naroda za djecu (UNICEF), javlja agencija Anadolija.<\/p>\n<p>UN-ov ured u Jemenu saop\u0107io je kako je 11,9 miliona djece uzrasta od \u0161est mjeseci do petnaest\u00a0godina vakcinisano u okviru kampanje odr\u017eane od januara do juna.<\/p>\n<p>Jemen je du\u017ei niz godina popri\u0161te politi\u010dke nesigurnosti, gdje dolazi do sukoba Husa, koje podr\u017eava Iran i provladinim snagama.<\/p>\n<h4>Pove\u0107an rizik od zaraze<\/h4>\n<p>Husi od septembra 2014. kontroliraju Sanu i jo\u0161 nekoliko podru\u010dja, dok koalicijske snage na \u010delu sa Saudijskom Arabijom od marta 2015. podr\u017eavaju jemensku vladu u borbi protiv Husa.<\/p>\n<p>Lo\u0161i sanitarni uslovi u zemlji i nedostatak zdravstvenih ustanova pove\u0107avaju rizik od \u0161irenja zaraznih bolesti.<\/p>\n<p><em>Izvor: Agencije<\/em><\/p>\n<p><\/span><br \/>\nPogledajte vijest na izvornom sajtu:<\/p>\n<p><a href=\"https:\/\/islampress.net\/46035\/unicef-omogucio-vakcinaciju-miliona-djece-u-jemenu\/\" target=\"_blank\">UNICEF omogu\u0107io vakcinaciju miliona djece u Jemenu<\/a><\/p>\n","protected":false},"excerpt":{"rendered":"<p>U Jemenu protiv ospica i rubeole vakcinisano je 11,9 miliona djece, saop\u0107io je Fond Ujedinjenih naroda za djecu (UNICEF), javlja agencija Anadolija. UN-ov ured u Jemenu saop\u0107io je kako je 11,9 miliona djece uzrasta od \u0161est mjeseci do petnaest\u00a0godina vakcinisano u okviru kampanje odr\u017eane od januara do juna. Jemen je du\u017ei niz godina popri\u0161te politi\u010dke [&hellip;]<\/p>\n","protected":false},"author":83,"featured_media":226586,"comment_status":"open","ping_status":"open","sticky":false,"template":"","format":"standard","meta":{"footnotes":""},"categories":[9],"tags":[10499],"class_list":{"0":"post-226585","1":"post","2":"type-post","3":"status-publish","4":"format-standard","5":"has-post-thumbnail","7":"category-svijet","8":"tag-a"},"yoast_head":"<!-- This site is optimized with the Yoast SEO Premium plugin v23.1 (Yoast SEO v24.9) - https:\/\/yoast.com\/wordpress\/plugins\/seo\/ -->\n<title>UNICEF omogu\u0107io vakcinaciju miliona djece u Jemenu<\/title>\n<meta name=\"robots\" content=\"index, follow, max-snippet:-1, max-image-preview:large, max-video-preview:-1\" \/>\n<link rel=\"canonical\" href=\"https:\/\/sandzakpress.net\/arhiva\/unicef-omogucio-vakcinaciju-miliona-djece-u-jemenu\/\" \/>\n<meta property=\"og:locale\" content=\"bs_BA\" \/>\n<meta property=\"og:type\" content=\"article\" \/>\n<meta property=\"og:title\" content=\"UNICEF omogu\u0107io vakcinaciju miliona djece u Jemenu\" \/>\n<meta property=\"og:description\" content=\"U Jemenu protiv ospica i rubeole vakcinisano je 11,9 miliona djece, saop\u0107io je Fond Ujedinjenih naroda za djecu (UNICEF), javlja agencija Anadolija. UN-ov ured u Jemenu saop\u0107io je kako je 11,9 miliona djece uzrasta od \u0161est mjeseci do petnaest\u00a0godina vakcinisano u okviru kampanje odr\u017eane od januara do juna. Jemen je du\u017ei niz godina popri\u0161te politi\u010dke [&hellip;]\" \/>\n<meta property=\"og:url\" content=\"https:\/\/sandzakpress.net\/arhiva\/unicef-omogucio-vakcinaciju-miliona-djece-u-jemenu\/\" \/>\n<meta property=\"og:site_name\" content=\"Sand\u017eak PRESS\" \/>\n<meta property=\"article:published_time\" content=\"2019-07-29T20:56:26+00:00\" \/>\n<meta property=\"og:image\" content=\"https:\/\/sandzakpress.net\/arhiva\/wp-content\/uploads\/2019\/07\/jemen.vakcinacija.epa_.jpg\" \/>\n\t<meta property=\"og:image:width\" content=\"770\" \/>\n\t<meta property=\"og:image:height\" content=\"433\" \/>\n\t<meta property=\"og:image:type\" content=\"image\/jpeg\" \/>\n<meta name=\"author\" content=\"bosniak\" \/>\n<meta name=\"twitter:card\" content=\"summary_large_image\" \/>\n<meta name=\"twitter:label1\" content=\"Written by\" \/>\n\t<meta name=\"twitter:data1\" content=\"bosniak\" \/>\n\t<meta name=\"twitter:label2\" content=\"Est. reading time\" \/>\n\t<meta name=\"twitter:data2\" content=\"1 minuta\" \/>\n<script type=\"application\/ld+json\" class=\"yoast-schema-graph\">{\"@context\":\"https:\/\/schema.org\",\"@graph\":[{\"@type\":\"Article\",\"@id\":\"https:\/\/sandzakpress.net\/arhiva\/unicef-omogucio-vakcinaciju-miliona-djece-u-jemenu\/#article\",\"isPartOf\":{\"@id\":\"https:\/\/sandzakpress.net\/arhiva\/unicef-omogucio-vakcinaciju-miliona-djece-u-jemenu\/\"},\"author\":{\"name\":\"bosniak\",\"@id\":\"https:\/\/sandzakpress.net\/arhiva\/#\/schema\/person\/c8baee722073534b583ea7bdb2e36c02\"},\"headline\":\"UNICEF omogu\u0107io vakcinaciju miliona djece u Jemenu\",\"datePublished\":\"2019-07-29T20:56:26+00:00\",\"mainEntityOfPage\":{\"@id\":\"https:\/\/sandzakpress.net\/arhiva\/unicef-omogucio-vakcinaciju-miliona-djece-u-jemenu\/\"},\"wordCount\":146,\"commentCount\":0,\"publisher\":{\"@id\":\"https:\/\/sandzakpress.net\/arhiva\/#\/schema\/person\/6e72b67d6e51910a1117b3b483ba20bd\"},\"image\":{\"@id\":\"https:\/\/sandzakpress.net\/arhiva\/unicef-omogucio-vakcinaciju-miliona-djece-u-jemenu\/#primaryimage\"},\"thumbnailUrl\":\"https:\/\/sandzakpress.net\/arhiva\/wp-content\/uploads\/2019\/07\/jemen.vakcinacija.epa_.jpg\",\"keywords\":[\"A\"],\"articleSection\":[\"Svijet\"],\"inLanguage\":\"bs-BA\",\"potentialAction\":[{\"@type\":\"CommentAction\",\"name\":\"Comment\",\"target\":[\"https:\/\/sandzakpress.net\/arhiva\/unicef-omogucio-vakcinaciju-miliona-djece-u-jemenu\/#respond\"]}]},{\"@type\":\"WebPage\",\"@id\":\"https:\/\/sandzakpress.net\/arhiva\/unicef-omogucio-vakcinaciju-miliona-djece-u-jemenu\/\",\"url\":\"https:\/\/sandzakpress.net\/arhiva\/unicef-omogucio-vakcinaciju-miliona-djece-u-jemenu\/\",\"name\":\"UNICEF omogu\u0107io vakcinaciju miliona djece u Jemenu\",\"isPartOf\":{\"@id\":\"https:\/\/sandzakpress.net\/arhiva\/#website\"},\"primaryImageOfPage\":{\"@id\":\"https:\/\/sandzakpress.net\/arhiva\/unicef-omogucio-vakcinaciju-miliona-djece-u-jemenu\/#primaryimage\"},\"image\":{\"@id\":\"https:\/\/sandzakpress.net\/arhiva\/unicef-omogucio-vakcinaciju-miliona-djece-u-jemenu\/#primaryimage\"},\"thumbnailUrl\":\"https:\/\/sandzakpress.net\/arhiva\/wp-content\/uploads\/2019\/07\/jemen.vakcinacija.epa_.jpg\",\"datePublished\":\"2019-07-29T20:56:26+00:00\",\"breadcrumb\":{\"@id\":\"https:\/\/sandzakpress.net\/arhiva\/unicef-omogucio-vakcinaciju-miliona-djece-u-jemenu\/#breadcrumb\"},\"inLanguage\":\"bs-BA\",\"potentialAction\":[{\"@type\":\"ReadAction\",\"target\":[\"https:\/\/sandzakpress.net\/arhiva\/unicef-omogucio-vakcinaciju-miliona-djece-u-jemenu\/\"]}]},{\"@type\":\"ImageObject\",\"inLanguage\":\"bs-BA\",\"@id\":\"https:\/\/sandzakpress.net\/arhiva\/unicef-omogucio-vakcinaciju-miliona-djece-u-jemenu\/#primaryimage\",\"url\":\"https:\/\/sandzakpress.net\/arhiva\/wp-content\/uploads\/2019\/07\/jemen.vakcinacija.epa_.jpg\",\"contentUrl\":\"https:\/\/sandzakpress.net\/arhiva\/wp-content\/uploads\/2019\/07\/jemen.vakcinacija.epa_.jpg\",\"width\":770,\"height\":433},{\"@type\":\"BreadcrumbList\",\"@id\":\"https:\/\/sandzakpress.net\/arhiva\/unicef-omogucio-vakcinaciju-miliona-djece-u-jemenu\/#breadcrumb\",\"itemListElement\":[{\"@type\":\"ListItem\",\"position\":1,\"name\":\"Home\",\"item\":\"https:\/\/sandzakpress.net\/arhiva\/\"},{\"@type\":\"ListItem\",\"position\":2,\"name\":\"UNICEF omogu\u0107io vakcinaciju miliona djece u Jemenu\"}]},{\"@type\":\"WebSite\",\"@id\":\"https:\/\/sandzakpress.net\/arhiva\/#website\",\"url\":\"https:\/\/sandzakpress.net\/arhiva\/\",\"name\":\"Sand\u017eak PRESS\",\"description\":\"Prve elektronske novine u Sand\u017eaku\",\"publisher\":{\"@id\":\"https:\/\/sandzakpress.net\/arhiva\/#\/schema\/person\/6e72b67d6e51910a1117b3b483ba20bd\"},\"potentialAction\":[{\"@type\":\"SearchAction\",\"target\":{\"@type\":\"EntryPoint\",\"urlTemplate\":\"https:\/\/sandzakpress.net\/arhiva\/?s={search_term_string}\"},\"query-input\":{\"@type\":\"PropertyValueSpecification\",\"valueRequired\":true,\"valueName\":\"search_term_string\"}}],\"inLanguage\":\"bs-BA\"},{\"@type\":[\"Person\",\"Organization\"],\"@id\":\"https:\/\/sandzakpress.net\/arhiva\/#\/schema\/person\/6e72b67d6e51910a1117b3b483ba20bd\",\"name\":\"Kul\",\"image\":{\"@type\":\"ImageObject\",\"inLanguage\":\"bs-BA\",\"@id\":\"https:\/\/sandzakpress.net\/arhiva\/#\/schema\/person\/image\/\",\"url\":\"https:\/\/secure.gravatar.com\/avatar\/42263f39aa27ac04c43cab85c280eb2e?s=96&d=mm&r=pg\",\"contentUrl\":\"https:\/\/secure.gravatar.com\/avatar\/42263f39aa27ac04c43cab85c280eb2e?s=96&d=mm&r=pg\",\"caption\":\"Kul\"},\"logo\":{\"@id\":\"https:\/\/sandzakpress.net\/arhiva\/#\/schema\/person\/image\/\"}},{\"@type\":\"Person\",\"@id\":\"https:\/\/sandzakpress.net\/arhiva\/#\/schema\/person\/c8baee722073534b583ea7bdb2e36c02\",\"name\":\"bosniak\",\"image\":{\"@type\":\"ImageObject\",\"inLanguage\":\"bs-BA\",\"@id\":\"https:\/\/sandzakpress.net\/arhiva\/#\/schema\/person\/image\/\",\"url\":\"https:\/\/secure.gravatar.com\/avatar\/a04fd330bfe3a36a72a0ad4a6d89fca7?s=96&d=mm&r=pg\",\"contentUrl\":\"https:\/\/secure.gravatar.com\/avatar\/a04fd330bfe3a36a72a0ad4a6d89fca7?s=96&d=mm&r=pg\",\"caption\":\"bosniak\"},\"url\":\"https:\/\/sandzakpress.net\/arhiva\/author\/bosniak\/\"}]}<\/script>\n<!-- \/ Yoast SEO Premium plugin. -->","yoast_head_json":{"title":"UNICEF omogu\u0107io vakcinaciju miliona djece u Jemenu","robots":{"index":"index","follow":"follow","max-snippet":"max-snippet:-1","max-image-preview":"max-image-preview:large","max-video-preview":"max-video-preview:-1"},"canonical":"https:\/\/sandzakpress.net\/arhiva\/unicef-omogucio-vakcinaciju-miliona-djece-u-jemenu\/","og_locale":"bs_BA","og_type":"article","og_title":"UNICEF omogu\u0107io vakcinaciju miliona djece u Jemenu","og_description":"U Jemenu protiv ospica i rubeole vakcinisano je 11,9 miliona djece, saop\u0107io je Fond Ujedinjenih naroda za djecu (UNICEF), javlja agencija Anadolija. UN-ov ured u Jemenu saop\u0107io je kako je 11,9 miliona djece uzrasta od \u0161est mjeseci do petnaest\u00a0godina vakcinisano u okviru kampanje odr\u017eane od januara do juna. Jemen je du\u017ei niz godina popri\u0161te politi\u010dke [&hellip;]","og_url":"https:\/\/sandzakpress.net\/arhiva\/unicef-omogucio-vakcinaciju-miliona-djece-u-jemenu\/","og_site_name":"Sand\u017eak PRESS","article_published_time":"2019-07-29T20:56:26+00:00","og_image":[{"width":770,"height":433,"url":"https:\/\/sandzakpress.net\/arhiva\/wp-content\/uploads\/2019\/07\/jemen.vakcinacija.epa_.jpg","type":"image\/jpeg"}],"author":"bosniak","twitter_card":"summary_large_image","twitter_misc":{"Written by":"bosniak","Est. reading time":"1 minuta"},"schema":{"@context":"https:\/\/schema.org","@graph":[{"@type":"Article","@id":"https:\/\/sandzakpress.net\/arhiva\/unicef-omogucio-vakcinaciju-miliona-djece-u-jemenu\/#article","isPartOf":{"@id":"https:\/\/sandzakpress.net\/arhiva\/unicef-omogucio-vakcinaciju-miliona-djece-u-jemenu\/"},"author":{"name":"bosniak","@id":"https:\/\/sandzakpress.net\/arhiva\/#\/schema\/person\/c8baee722073534b583ea7bdb2e36c02"},"headline":"UNICEF omogu\u0107io vakcinaciju miliona djece u Jemenu","datePublished":"2019-07-29T20:56:26+00:00","mainEntityOfPage":{"@id":"https:\/\/sandzakpress.net\/arhiva\/unicef-omogucio-vakcinaciju-miliona-djece-u-jemenu\/"},"wordCount":146,"commentCount":0,"publisher":{"@id":"https:\/\/sandzakpress.net\/arhiva\/#\/schema\/person\/6e72b67d6e51910a1117b3b483ba20bd"},"image":{"@id":"https:\/\/sandzakpress.net\/arhiva\/unicef-omogucio-vakcinaciju-miliona-djece-u-jemenu\/#primaryimage"},"thumbnailUrl":"https:\/\/sandzakpress.net\/arhiva\/wp-content\/uploads\/2019\/07\/jemen.vakcinacija.epa_.jpg","keywords":["A"],"articleSection":["Svijet"],"inLanguage":"bs-BA","potentialAction":[{"@type":"CommentAction","name":"Comment","target":["https:\/\/sandzakpress.net\/arhiva\/unicef-omogucio-vakcinaciju-miliona-djece-u-jemenu\/#respond"]}]},{"@type":"WebPage","@id":"https:\/\/sandzakpress.net\/arhiva\/unicef-omogucio-vakcinaciju-miliona-djece-u-jemenu\/","url":"https:\/\/sandzakpress.net\/arhiva\/unicef-omogucio-vakcinaciju-miliona-djece-u-jemenu\/","name":"UNICEF omogu\u0107io vakcinaciju miliona djece u Jemenu","isPartOf":{"@id":"https:\/\/sandzakpress.net\/arhiva\/#website"},"primaryImageOfPage":{"@id":"https:\/\/sandzakpress.net\/arhiva\/unicef-omogucio-vakcinaciju-miliona-djece-u-jemenu\/#primaryimage"},"image":{"@id":"https:\/\/sandzakpress.net\/arhiva\/unicef-omogucio-vakcinaciju-miliona-djece-u-jemenu\/#primaryimage"},"thumbnailUrl":"https:\/\/sandzakpress.net\/arhiva\/wp-content\/uploads\/2019\/07\/jemen.vakcinacija.epa_.jpg","datePublished":"2019-07-29T20:56:26+00:00","breadcrumb":{"@id":"https:\/\/sandzakpress.net\/arhiva\/unicef-omogucio-vakcinaciju-miliona-djece-u-jemenu\/#breadcrumb"},"inLanguage":"bs-BA","potentialAction":[{"@type":"ReadAction","target":["https:\/\/sandzakpress.net\/arhiva\/unicef-omogucio-vakcinaciju-miliona-djece-u-jemenu\/"]}]},{"@type":"ImageObject","inLanguage":"bs-BA","@id":"https:\/\/sandzakpress.net\/arhiva\/unicef-omogucio-vakcinaciju-miliona-djece-u-jemenu\/#primaryimage","url":"https:\/\/sandzakpress.net\/arhiva\/wp-content\/uploads\/2019\/07\/jemen.vakcinacija.epa_.jpg","contentUrl":"https:\/\/sandzakpress.net\/arhiva\/wp-content\/uploads\/2019\/07\/jemen.vakcinacija.epa_.jpg","width":770,"height":433},{"@type":"BreadcrumbList","@id":"https:\/\/sandzakpress.net\/arhiva\/unicef-omogucio-vakcinaciju-miliona-djece-u-jemenu\/#breadcrumb","itemListElement":[{"@type":"ListItem","position":1,"name":"Home","item":"https:\/\/sandzakpress.net\/arhiva\/"},{"@type":"ListItem","position":2,"name":"UNICEF omogu\u0107io vakcinaciju miliona djece u Jemenu"}]},{"@type":"WebSite","@id":"https:\/\/sandzakpress.net\/arhiva\/#website","url":"https:\/\/sandzakpress.net\/arhiva\/","name":"Sand\u017eak PRESS","description":"Prve elektronske novine u Sand\u017eaku","publisher":{"@id":"https:\/\/sandzakpress.net\/arhiva\/#\/schema\/person\/6e72b67d6e51910a1117b3b483ba20bd"},"potentialAction":[{"@type":"SearchAction","target":{"@type":"EntryPoint","urlTemplate":"https:\/\/sandzakpress.net\/arhiva\/?s={search_term_string}"},"query-input":{"@type":"PropertyValueSpecification","valueRequired":true,"valueName":"search_term_string"}}],"inLanguage":"bs-BA"},{"@type":["Person","Organization"],"@id":"https:\/\/sandzakpress.net\/arhiva\/#\/schema\/person\/6e72b67d6e51910a1117b3b483ba20bd","name":"Kul","image":{"@type":"ImageObject","inLanguage":"bs-BA","@id":"https:\/\/sandzakpress.net\/arhiva\/#\/schema\/person\/image\/","url":"https:\/\/secure.gravatar.com\/avatar\/42263f39aa27ac04c43cab85c280eb2e?s=96&d=mm&r=pg","contentUrl":"https:\/\/secure.gravatar.com\/avatar\/42263f39aa27ac04c43cab85c280eb2e?s=96&d=mm&r=pg","caption":"Kul"},"logo":{"@id":"https:\/\/sandzakpress.net\/arhiva\/#\/schema\/person\/image\/"}},{"@type":"Person","@id":"https:\/\/sandzakpress.net\/arhiva\/#\/schema\/person\/c8baee722073534b583ea7bdb2e36c02","name":"bosniak","image":{"@type":"ImageObject","inLanguage":"bs-BA","@id":"https:\/\/sandzakpress.net\/arhiva\/#\/schema\/person\/image\/","url":"https:\/\/secure.gravatar.com\/avatar\/a04fd330bfe3a36a72a0ad4a6d89fca7?s=96&d=mm&r=pg","contentUrl":"https:\/\/secure.gravatar.com\/avatar\/a04fd330bfe3a36a72a0ad4a6d89fca7?s=96&d=mm&r=pg","caption":"bosniak"},"url":"https:\/\/sandzakpress.net\/arhiva\/author\/bosniak\/"}]}},"_links":{"self":[{"href":"https:\/\/sandzakpress.net\/arhiva\/wp-json\/wp\/v2\/posts\/226585"}],"collection":[{"href":"https:\/\/sandzakpress.net\/arhiva\/wp-json\/wp\/v2\/posts"}],"about":[{"href":"https:\/\/sandzakpress.net\/arhiva\/wp-json\/wp\/v2\/types\/post"}],"author":[{"embeddable":true,"href":"https:\/\/sandzakpress.net\/arhiva\/wp-json\/wp\/v2\/users\/83"}],"replies":[{"embeddable":true,"href":"https:\/\/sandzakpress.net\/arhiva\/wp-json\/wp\/v2\/comments?post=226585"}],"version-history":[{"count":0,"href":"https:\/\/sandzakpress.net\/arhiva\/wp-json\/wp\/v2\/posts\/226585\/revisions"}],"wp:featuredmedia":[{"embeddable":true,"href":"https:\/\/sandzakpress.net\/arhiva\/wp-json\/wp\/v2\/media\/226586"}],"wp:attachment":[{"href":"https:\/\/sandzakpress.net\/arhiva\/wp-json\/wp\/v2\/media?parent=226585"}],"wp:term":[{"taxonomy":"category","embeddable":true,"href":"https:\/\/sandzakpress.net\/arhiva\/wp-json\/wp\/v2\/categories?post=226585"},{"taxonomy":"post_tag","embeddable":true,"href":"https:\/\/sandzakpress.net\/arhiva\/wp-json\/wp\/v2\/tags?post=226585"}],"curies":[{"name":"wp","href":"https:\/\/api.w.org\/{rel}","templated":true}]}}