{"id":226562,"date":"2019-07-29T12:38:43","date_gmt":"2019-07-29T10:38:43","guid":{"rendered":"https:\/\/sandzakpress.net\/arhiva\/?p=226562"},"modified":"2019-07-29T12:38:43","modified_gmt":"2019-07-29T10:38:43","slug":"brodarevo-osakacen-sam-za-cijeli-zivot-a-ni-sam-ne-znam-zasto","status":"publish","type":"post","link":"https:\/\/sandzakpress.net\/arhiva\/brodarevo-osakacen-sam-za-cijeli-zivot-a-ni-sam-ne-znam-zasto\/","title":{"rendered":"Brodarevo: Osaka\u0107en sam za cijeli \u017eivot, a ni sam ne znam za\u0161to"},"content":{"rendered":"<p><img decoding=\"async\" src=\"https:\/\/www.sandzaklive.rs\/images\/0\/1926515_1406_ls.jpg\" alt=\"1926515 1406 ls\" \/><\/p>\n<p><strong><em>Elmir Rov\u010danin (27) iz Brodareva, \u017ertva masovne tu\u010de u no\u0107nom klubu u Prijepolju, ka\u017ee za Kurir da ne mo\u017ee da vjeruje da u 21. vijeku neko nekome odsje\u010de dio tijela<\/em><\/strong><\/p>\n<p><strong>Osaka\u0107en sam za ceo \u017eivot! Ostao sam bez uva. Ne mogu da verujem da u 21. vijeku neko nekome odse\u010de dio tijela. Poku\u0161avam da razumem da li je normalno da 30 ljudi tu\u010de jednog \u010dovjeka.<\/strong><\/p>\n<p>Ovim rije\u010dima zapo\u010deo je za Kurir ispovest Elmir Rov\u010danin (27) iz Brodareva, kome je 7. jula u masovnoj tu\u010di u diskoteci u Prijepolju odse\u010deno uvo.<\/p>\n<p><strong>Iza\u0161ao iz bolnice<\/strong><\/p>\n<div class=\"ads\">\n<div id=\"openx_single-second-paragraph-53\">\n<div id=\"beacon_2946d6a337\"><img loading=\"lazy\" decoding=\"async\" src=\"https:\/\/ads.kurir-info.rs\/www\/delivery\/lg.php?bannerid=0&amp;campaignid=0&amp;zoneid=234&amp;source=crna-hronika&amp;loc=https%3A%2F%2Fwww.kurir.rs%2Fcrna-hronika%2F3291221%2Fmladic-kome-su-u-diskoteci-odsekli-uvo-osakacen-sam-za-ceo-zivot-a-ni-sam-ne-znam-zasto&amp;referer=https%3A%2F%2Fnaslovi.net%2F2019-07-26%2Fkurir%2Fmladic-kome-su-u-diskoteci-odsekli-uvo-osakacen-sam-za-ceo-zivot-a-ni-sam-ne-znam-zasto%2F23832201&amp;cb=2946d6a337\" alt=\"\" width=\"0\" height=\"0\" \/>Elmir ka\u017ee da su lekari iz Beograda dali sve od sebe da mu nizom operacija sa\u010duvaju uvo, ali da nisu uspjeli u tome.<\/div>\n<\/div>\n<\/div>\n<p>&#8211; Moje tijelo nije prihvatilo pri\u0161iveno uvo i, nakon kolegijuma ljekara, odlu\u010deno je da mi se ono ipak odsje\u010de &#8211; ka\u017ee Rov\u010danin sa knedlom u grlu i dodaje:<\/p>\n<p>&#8211; Iza\u0161ao sam iz bolnice prije nekoliko dana i sada me \u010deka skidanje konaca. Treba da pro\u0111e mjesec dana kako bih i\u0161ao na plasti\u010dnu operaciju. Tu\u017ean sam i besan, ali poku\u0161avam da budem smiren &#8211; pri\u010da mladi\u0107<\/p>\n<p><ins class=\"adsbygoogle\" data-ad-layout=\"in-article\" data-ad-format=\"fluid\" data-ad-client=\"ca-pub-5196514688049029\" data-ad-slot=\"3989207200\" data-adsbygoogle-status=\"done\"><\/ins><ins id=\"aswift_3_expand\"><\/ins><ins id=\"aswift_3_anchor\"><\/ins>Prema njegovim re\u010dima, on i dalje ne mo\u017ee da shvati zbog \u010dega mu se sve ovo dogodilo.<br \/>&#8211; Vra\u0107am film i pitam se \u0161ta se de\u0161ava sa ljudima. Kako je mogu\u0107e da u 21. veku neko nekom odse\u010de uvo? Pa to nema ni na jednoj utakmici, a kamoli u diskoteci! &#8211; ka\u017ee on i dodaje:<br \/>&#8211; Razmi\u0161ljam da li je motiv ovog napada mo\u017eda nacionalizam. Momci koji su me napali bili su pod dejstvom alkohola i nekih drugih supstanci &#8211; ka\u017ee on.<\/p>\n<p><strong>Nezadovoljan istragom<\/strong><\/p>\n<p>Elmir isti\u010de i da je nezadovaljan istragom o prebijanju i isti\u010de da je ote\u017eavaju\u0107a okolnost to \u0161to klub nema video-nadzor.<br \/>&#8211; Uzeo sam advokata i nadam se da \u0107e se doga\u0111aj rasvetliti. Advokat mi je rekao da u diskoteci ne postoje kamere, tako da napad nije mogao biti snimljen &#8211; rekao je razo\u010darani Elmir.<\/p>\n<p>Podsetimo, Rov\u010danin je povre\u0111en kada je u prijepoljskom disko-klubu, u kome je bio s prijateljima, izbila tu\u010da zbog razbijene fla\u0161e.<\/p>\n<p>&#8211; Nakon gurkanja u diskoteci, Rov\u010danin je sa prijateljima krenuo ku\u0107i. Diskoteka ima dva izlaza. Grupa od 30 mladi\u0107a sa\u010dekala ih je na sporednom izlazu i napala bejzbol palicama i no\u017eevima. U op\u0161toj maklja\u017ei, nekoliko ljudi je nasrnulo na Rov\u010danina, on se onesvestio i tada mu je odse\u010deno uvo &#8211; rekao je ranije izvor i dodao da je, osim Rov\u010danina, povre\u0111en jo\u0161 jedan mladi\u0107.<\/p>\n<p>Policija je posle tu\u010de uhapsila S. K. (37) iz Priboja.<\/p>\n<p><strong>Motiv nepoznat<br \/>Vjerujem da postoji pravda<\/strong><\/p>\n<p>Elmir Rov\u010danin isti\u010de da jo\u0161 uvek nema pouzdanih informacija o motivu brutalnog napada na njega.<br \/>&#8211; Ne znam ko mi je ovo uradio i zbog \u010dega. Verujem da postoji pravda. \u017delim da se zahvalim svojim prijateljima koji su me pose\u0107ivali u bolnici i ispunili mi srce. Sada sam saznao ko su mi pravi prijatelji &#8211; naglasio je povre\u0111eni mladi\u0107.<\/p>\n","protected":false},"excerpt":{"rendered":"<p>Elmir Rov\u010danin (27) iz Brodareva, \u017ertva masovne tu\u010de u no\u0107nom klubu u Prijepolju, ka\u017ee za Kurir da ne mo\u017ee da vjeruje da u 21. vijeku neko nekome odsje\u010de dio tijela Osaka\u0107en sam za ceo \u017eivot! Ostao sam bez uva. Ne mogu da verujem da u 21. vijeku neko nekome odse\u010de dio tijela. Poku\u0161avam da razumem [&hellip;]<\/p>\n","protected":false},"author":509,"featured_media":226566,"comment_status":"open","ping_status":"open","sticky":false,"template":"","format":"standard","meta":{"footnotes":""},"categories":[392,801,10429],"tags":[],"class_list":{"0":"post-226562","1":"post","2":"type-post","3":"status-publish","4":"format-standard","5":"has-post-thumbnail","7":"category-prijepolje_","8":"category-crna_hronika","9":"category-vazno"},"yoast_head":"<!-- This site is optimized with the Yoast SEO Premium plugin v23.1 (Yoast SEO v24.9) - https:\/\/yoast.com\/wordpress\/plugins\/seo\/ -->\n<title>Brodarevo: Osaka\u0107en sam za cijeli \u017eivot, a ni sam ne znam za\u0161to<\/title>\n<meta name=\"robots\" content=\"index, follow, max-snippet:-1, max-image-preview:large, max-video-preview:-1\" \/>\n<link rel=\"canonical\" href=\"https:\/\/sandzakpress.net\/arhiva\/brodarevo-osakacen-sam-za-cijeli-zivot-a-ni-sam-ne-znam-zasto\/\" \/>\n<meta property=\"og:locale\" content=\"bs_BA\" \/>\n<meta property=\"og:type\" content=\"article\" \/>\n<meta property=\"og:title\" content=\"Brodarevo: Osaka\u0107en sam za cijeli \u017eivot, a ni sam ne znam za\u0161to\" \/>\n<meta property=\"og:description\" content=\"Elmir Rov\u010danin (27) iz Brodareva, \u017ertva masovne tu\u010de u no\u0107nom klubu u Prijepolju, ka\u017ee za Kurir da ne mo\u017ee da vjeruje da u 21. vijeku neko nekome odsje\u010de dio tijela Osaka\u0107en sam za ceo \u017eivot! Ostao sam bez uva. Ne mogu da verujem da u 21. vijeku neko nekome odse\u010de dio tijela. Poku\u0161avam da razumem [&hellip;]\" \/>\n<meta property=\"og:url\" content=\"https:\/\/sandzakpress.net\/arhiva\/brodarevo-osakacen-sam-za-cijeli-zivot-a-ni-sam-ne-znam-zasto\/\" \/>\n<meta property=\"og:site_name\" content=\"Sand\u017eak PRESS\" \/>\n<meta property=\"article:published_time\" content=\"2019-07-29T10:38:43+00:00\" \/>\n<meta property=\"og:image\" content=\"https:\/\/sandzakpress.net\/arhiva\/wp-content\/uploads\/2019\/07\/1926515_1406_ls.jpg\" \/>\n\t<meta property=\"og:image:width\" content=\"1000\" \/>\n\t<meta property=\"og:image:height\" content=\"666\" \/>\n\t<meta property=\"og:image:type\" content=\"image\/jpeg\" \/>\n<meta name=\"author\" content=\"Agencija\" \/>\n<meta name=\"twitter:card\" content=\"summary_large_image\" \/>\n<meta name=\"twitter:label1\" content=\"Written by\" \/>\n\t<meta name=\"twitter:data1\" content=\"Agencija\" \/>\n\t<meta name=\"twitter:label2\" content=\"Est. reading time\" \/>\n\t<meta name=\"twitter:data2\" content=\"3 minute\" \/>\n<script type=\"application\/ld+json\" class=\"yoast-schema-graph\">{\"@context\":\"https:\/\/schema.org\",\"@graph\":[{\"@type\":\"Article\",\"@id\":\"https:\/\/sandzakpress.net\/arhiva\/brodarevo-osakacen-sam-za-cijeli-zivot-a-ni-sam-ne-znam-zasto\/#article\",\"isPartOf\":{\"@id\":\"https:\/\/sandzakpress.net\/arhiva\/brodarevo-osakacen-sam-za-cijeli-zivot-a-ni-sam-ne-znam-zasto\/\"},\"author\":{\"name\":\"Agencija\",\"@id\":\"https:\/\/sandzakpress.net\/arhiva\/#\/schema\/person\/cb59d7e3ab91ab90dd680ad0305a6185\"},\"headline\":\"Brodarevo: Osaka\u0107en sam za cijeli \u017eivot, a ni sam ne znam za\u0161to\",\"datePublished\":\"2019-07-29T10:38:43+00:00\",\"mainEntityOfPage\":{\"@id\":\"https:\/\/sandzakpress.net\/arhiva\/brodarevo-osakacen-sam-za-cijeli-zivot-a-ni-sam-ne-znam-zasto\/\"},\"wordCount\":548,\"commentCount\":1,\"publisher\":{\"@id\":\"https:\/\/sandzakpress.net\/arhiva\/#\/schema\/person\/6e72b67d6e51910a1117b3b483ba20bd\"},\"image\":{\"@id\":\"https:\/\/sandzakpress.net\/arhiva\/brodarevo-osakacen-sam-za-cijeli-zivot-a-ni-sam-ne-znam-zasto\/#primaryimage\"},\"thumbnailUrl\":\"https:\/\/sandzakpress.net\/arhiva\/wp-content\/uploads\/2019\/07\/1926515_1406_ls.jpg\",\"articleSection\":[\"Prijepolje\",\"Hronika\",\"VA\u017dNO!\"],\"inLanguage\":\"bs-BA\",\"potentialAction\":[{\"@type\":\"CommentAction\",\"name\":\"Comment\",\"target\":[\"https:\/\/sandzakpress.net\/arhiva\/brodarevo-osakacen-sam-za-cijeli-zivot-a-ni-sam-ne-znam-zasto\/#respond\"]}]},{\"@type\":\"WebPage\",\"@id\":\"https:\/\/sandzakpress.net\/arhiva\/brodarevo-osakacen-sam-za-cijeli-zivot-a-ni-sam-ne-znam-zasto\/\",\"url\":\"https:\/\/sandzakpress.net\/arhiva\/brodarevo-osakacen-sam-za-cijeli-zivot-a-ni-sam-ne-znam-zasto\/\",\"name\":\"Brodarevo: Osaka\u0107en sam za cijeli \u017eivot, a ni sam ne znam za\u0161to\",\"isPartOf\":{\"@id\":\"https:\/\/sandzakpress.net\/arhiva\/#website\"},\"primaryImageOfPage\":{\"@id\":\"https:\/\/sandzakpress.net\/arhiva\/brodarevo-osakacen-sam-za-cijeli-zivot-a-ni-sam-ne-znam-zasto\/#primaryimage\"},\"image\":{\"@id\":\"https:\/\/sandzakpress.net\/arhiva\/brodarevo-osakacen-sam-za-cijeli-zivot-a-ni-sam-ne-znam-zasto\/#primaryimage\"},\"thumbnailUrl\":\"https:\/\/sandzakpress.net\/arhiva\/wp-content\/uploads\/2019\/07\/1926515_1406_ls.jpg\",\"datePublished\":\"2019-07-29T10:38:43+00:00\",\"breadcrumb\":{\"@id\":\"https:\/\/sandzakpress.net\/arhiva\/brodarevo-osakacen-sam-za-cijeli-zivot-a-ni-sam-ne-znam-zasto\/#breadcrumb\"},\"inLanguage\":\"bs-BA\",\"potentialAction\":[{\"@type\":\"ReadAction\",\"target\":[\"https:\/\/sandzakpress.net\/arhiva\/brodarevo-osakacen-sam-za-cijeli-zivot-a-ni-sam-ne-znam-zasto\/\"]}]},{\"@type\":\"ImageObject\",\"inLanguage\":\"bs-BA\",\"@id\":\"https:\/\/sandzakpress.net\/arhiva\/brodarevo-osakacen-sam-za-cijeli-zivot-a-ni-sam-ne-znam-zasto\/#primaryimage\",\"url\":\"https:\/\/sandzakpress.net\/arhiva\/wp-content\/uploads\/2019\/07\/1926515_1406_ls.jpg\",\"contentUrl\":\"https:\/\/sandzakpress.net\/arhiva\/wp-content\/uploads\/2019\/07\/1926515_1406_ls.jpg\",\"width\":1000,\"height\":666},{\"@type\":\"BreadcrumbList\",\"@id\":\"https:\/\/sandzakpress.net\/arhiva\/brodarevo-osakacen-sam-za-cijeli-zivot-a-ni-sam-ne-znam-zasto\/#breadcrumb\",\"itemListElement\":[{\"@type\":\"ListItem\",\"position\":1,\"name\":\"Home\",\"item\":\"https:\/\/sandzakpress.net\/arhiva\/\"},{\"@type\":\"ListItem\",\"position\":2,\"name\":\"Brodarevo: Osaka\u0107en sam za cijeli \u017eivot, a ni sam ne znam za\u0161to\"}]},{\"@type\":\"WebSite\",\"@id\":\"https:\/\/sandzakpress.net\/arhiva\/#website\",\"url\":\"https:\/\/sandzakpress.net\/arhiva\/\",\"name\":\"Sand\u017eak PRESS\",\"description\":\"Prve elektronske novine u Sand\u017eaku\",\"publisher\":{\"@id\":\"https:\/\/sandzakpress.net\/arhiva\/#\/schema\/person\/6e72b67d6e51910a1117b3b483ba20bd\"},\"potentialAction\":[{\"@type\":\"SearchAction\",\"target\":{\"@type\":\"EntryPoint\",\"urlTemplate\":\"https:\/\/sandzakpress.net\/arhiva\/?s={search_term_string}\"},\"query-input\":{\"@type\":\"PropertyValueSpecification\",\"valueRequired\":true,\"valueName\":\"search_term_string\"}}],\"inLanguage\":\"bs-BA\"},{\"@type\":[\"Person\",\"Organization\"],\"@id\":\"https:\/\/sandzakpress.net\/arhiva\/#\/schema\/person\/6e72b67d6e51910a1117b3b483ba20bd\",\"name\":\"Kul\",\"image\":{\"@type\":\"ImageObject\",\"inLanguage\":\"bs-BA\",\"@id\":\"https:\/\/sandzakpress.net\/arhiva\/#\/schema\/person\/image\/\",\"url\":\"https:\/\/secure.gravatar.com\/avatar\/42263f39aa27ac04c43cab85c280eb2e?s=96&d=mm&r=pg\",\"contentUrl\":\"https:\/\/secure.gravatar.com\/avatar\/42263f39aa27ac04c43cab85c280eb2e?s=96&d=mm&r=pg\",\"caption\":\"Kul\"},\"logo\":{\"@id\":\"https:\/\/sandzakpress.net\/arhiva\/#\/schema\/person\/image\/\"}},{\"@type\":\"Person\",\"@id\":\"https:\/\/sandzakpress.net\/arhiva\/#\/schema\/person\/cb59d7e3ab91ab90dd680ad0305a6185\",\"name\":\"Agencija\",\"image\":{\"@type\":\"ImageObject\",\"inLanguage\":\"bs-BA\",\"@id\":\"https:\/\/sandzakpress.net\/arhiva\/#\/schema\/person\/image\/\",\"url\":\"https:\/\/secure.gravatar.com\/avatar\/4b7fafa80a22f0c2afe23966b3961fe0?s=96&d=mm&r=pg\",\"contentUrl\":\"https:\/\/secure.gravatar.com\/avatar\/4b7fafa80a22f0c2afe23966b3961fe0?s=96&d=mm&r=pg\",\"caption\":\"Agencija\"},\"url\":\"https:\/\/sandzakpress.net\/arhiva\/author\/agencija\/\"}]}<\/script>\n<!-- \/ Yoast SEO Premium plugin. -->","yoast_head_json":{"title":"Brodarevo: Osaka\u0107en sam za cijeli \u017eivot, a ni sam ne znam za\u0161to","robots":{"index":"index","follow":"follow","max-snippet":"max-snippet:-1","max-image-preview":"max-image-preview:large","max-video-preview":"max-video-preview:-1"},"canonical":"https:\/\/sandzakpress.net\/arhiva\/brodarevo-osakacen-sam-za-cijeli-zivot-a-ni-sam-ne-znam-zasto\/","og_locale":"bs_BA","og_type":"article","og_title":"Brodarevo: Osaka\u0107en sam za cijeli \u017eivot, a ni sam ne znam za\u0161to","og_description":"Elmir Rov\u010danin (27) iz Brodareva, \u017ertva masovne tu\u010de u no\u0107nom klubu u Prijepolju, ka\u017ee za Kurir da ne mo\u017ee da vjeruje da u 21. vijeku neko nekome odsje\u010de dio tijela Osaka\u0107en sam za ceo \u017eivot! Ostao sam bez uva. Ne mogu da verujem da u 21. vijeku neko nekome odse\u010de dio tijela. Poku\u0161avam da razumem [&hellip;]","og_url":"https:\/\/sandzakpress.net\/arhiva\/brodarevo-osakacen-sam-za-cijeli-zivot-a-ni-sam-ne-znam-zasto\/","og_site_name":"Sand\u017eak PRESS","article_published_time":"2019-07-29T10:38:43+00:00","og_image":[{"width":1000,"height":666,"url":"https:\/\/sandzakpress.net\/arhiva\/wp-content\/uploads\/2019\/07\/1926515_1406_ls.jpg","type":"image\/jpeg"}],"author":"Agencija","twitter_card":"summary_large_image","twitter_misc":{"Written by":"Agencija","Est. reading time":"3 minute"},"schema":{"@context":"https:\/\/schema.org","@graph":[{"@type":"Article","@id":"https:\/\/sandzakpress.net\/arhiva\/brodarevo-osakacen-sam-za-cijeli-zivot-a-ni-sam-ne-znam-zasto\/#article","isPartOf":{"@id":"https:\/\/sandzakpress.net\/arhiva\/brodarevo-osakacen-sam-za-cijeli-zivot-a-ni-sam-ne-znam-zasto\/"},"author":{"name":"Agencija","@id":"https:\/\/sandzakpress.net\/arhiva\/#\/schema\/person\/cb59d7e3ab91ab90dd680ad0305a6185"},"headline":"Brodarevo: Osaka\u0107en sam za cijeli \u017eivot, a ni sam ne znam za\u0161to","datePublished":"2019-07-29T10:38:43+00:00","mainEntityOfPage":{"@id":"https:\/\/sandzakpress.net\/arhiva\/brodarevo-osakacen-sam-za-cijeli-zivot-a-ni-sam-ne-znam-zasto\/"},"wordCount":548,"commentCount":1,"publisher":{"@id":"https:\/\/sandzakpress.net\/arhiva\/#\/schema\/person\/6e72b67d6e51910a1117b3b483ba20bd"},"image":{"@id":"https:\/\/sandzakpress.net\/arhiva\/brodarevo-osakacen-sam-za-cijeli-zivot-a-ni-sam-ne-znam-zasto\/#primaryimage"},"thumbnailUrl":"https:\/\/sandzakpress.net\/arhiva\/wp-content\/uploads\/2019\/07\/1926515_1406_ls.jpg","articleSection":["Prijepolje","Hronika","VA\u017dNO!"],"inLanguage":"bs-BA","potentialAction":[{"@type":"CommentAction","name":"Comment","target":["https:\/\/sandzakpress.net\/arhiva\/brodarevo-osakacen-sam-za-cijeli-zivot-a-ni-sam-ne-znam-zasto\/#respond"]}]},{"@type":"WebPage","@id":"https:\/\/sandzakpress.net\/arhiva\/brodarevo-osakacen-sam-za-cijeli-zivot-a-ni-sam-ne-znam-zasto\/","url":"https:\/\/sandzakpress.net\/arhiva\/brodarevo-osakacen-sam-za-cijeli-zivot-a-ni-sam-ne-znam-zasto\/","name":"Brodarevo: Osaka\u0107en sam za cijeli \u017eivot, a ni sam ne znam za\u0161to","isPartOf":{"@id":"https:\/\/sandzakpress.net\/arhiva\/#website"},"primaryImageOfPage":{"@id":"https:\/\/sandzakpress.net\/arhiva\/brodarevo-osakacen-sam-za-cijeli-zivot-a-ni-sam-ne-znam-zasto\/#primaryimage"},"image":{"@id":"https:\/\/sandzakpress.net\/arhiva\/brodarevo-osakacen-sam-za-cijeli-zivot-a-ni-sam-ne-znam-zasto\/#primaryimage"},"thumbnailUrl":"https:\/\/sandzakpress.net\/arhiva\/wp-content\/uploads\/2019\/07\/1926515_1406_ls.jpg","datePublished":"2019-07-29T10:38:43+00:00","breadcrumb":{"@id":"https:\/\/sandzakpress.net\/arhiva\/brodarevo-osakacen-sam-za-cijeli-zivot-a-ni-sam-ne-znam-zasto\/#breadcrumb"},"inLanguage":"bs-BA","potentialAction":[{"@type":"ReadAction","target":["https:\/\/sandzakpress.net\/arhiva\/brodarevo-osakacen-sam-za-cijeli-zivot-a-ni-sam-ne-znam-zasto\/"]}]},{"@type":"ImageObject","inLanguage":"bs-BA","@id":"https:\/\/sandzakpress.net\/arhiva\/brodarevo-osakacen-sam-za-cijeli-zivot-a-ni-sam-ne-znam-zasto\/#primaryimage","url":"https:\/\/sandzakpress.net\/arhiva\/wp-content\/uploads\/2019\/07\/1926515_1406_ls.jpg","contentUrl":"https:\/\/sandzakpress.net\/arhiva\/wp-content\/uploads\/2019\/07\/1926515_1406_ls.jpg","width":1000,"height":666},{"@type":"BreadcrumbList","@id":"https:\/\/sandzakpress.net\/arhiva\/brodarevo-osakacen-sam-za-cijeli-zivot-a-ni-sam-ne-znam-zasto\/#breadcrumb","itemListElement":[{"@type":"ListItem","position":1,"name":"Home","item":"https:\/\/sandzakpress.net\/arhiva\/"},{"@type":"ListItem","position":2,"name":"Brodarevo: Osaka\u0107en sam za cijeli \u017eivot, a ni sam ne znam za\u0161to"}]},{"@type":"WebSite","@id":"https:\/\/sandzakpress.net\/arhiva\/#website","url":"https:\/\/sandzakpress.net\/arhiva\/","name":"Sand\u017eak PRESS","description":"Prve elektronske novine u Sand\u017eaku","publisher":{"@id":"https:\/\/sandzakpress.net\/arhiva\/#\/schema\/person\/6e72b67d6e51910a1117b3b483ba20bd"},"potentialAction":[{"@type":"SearchAction","target":{"@type":"EntryPoint","urlTemplate":"https:\/\/sandzakpress.net\/arhiva\/?s={search_term_string}"},"query-input":{"@type":"PropertyValueSpecification","valueRequired":true,"valueName":"search_term_string"}}],"inLanguage":"bs-BA"},{"@type":["Person","Organization"],"@id":"https:\/\/sandzakpress.net\/arhiva\/#\/schema\/person\/6e72b67d6e51910a1117b3b483ba20bd","name":"Kul","image":{"@type":"ImageObject","inLanguage":"bs-BA","@id":"https:\/\/sandzakpress.net\/arhiva\/#\/schema\/person\/image\/","url":"https:\/\/secure.gravatar.com\/avatar\/42263f39aa27ac04c43cab85c280eb2e?s=96&d=mm&r=pg","contentUrl":"https:\/\/secure.gravatar.com\/avatar\/42263f39aa27ac04c43cab85c280eb2e?s=96&d=mm&r=pg","caption":"Kul"},"logo":{"@id":"https:\/\/sandzakpress.net\/arhiva\/#\/schema\/person\/image\/"}},{"@type":"Person","@id":"https:\/\/sandzakpress.net\/arhiva\/#\/schema\/person\/cb59d7e3ab91ab90dd680ad0305a6185","name":"Agencija","image":{"@type":"ImageObject","inLanguage":"bs-BA","@id":"https:\/\/sandzakpress.net\/arhiva\/#\/schema\/person\/image\/","url":"https:\/\/secure.gravatar.com\/avatar\/4b7fafa80a22f0c2afe23966b3961fe0?s=96&d=mm&r=pg","contentUrl":"https:\/\/secure.gravatar.com\/avatar\/4b7fafa80a22f0c2afe23966b3961fe0?s=96&d=mm&r=pg","caption":"Agencija"},"url":"https:\/\/sandzakpress.net\/arhiva\/author\/agencija\/"}]}},"_links":{"self":[{"href":"https:\/\/sandzakpress.net\/arhiva\/wp-json\/wp\/v2\/posts\/226562"}],"collection":[{"href":"https:\/\/sandzakpress.net\/arhiva\/wp-json\/wp\/v2\/posts"}],"about":[{"href":"https:\/\/sandzakpress.net\/arhiva\/wp-json\/wp\/v2\/types\/post"}],"author":[{"embeddable":true,"href":"https:\/\/sandzakpress.net\/arhiva\/wp-json\/wp\/v2\/users\/509"}],"replies":[{"embeddable":true,"href":"https:\/\/sandzakpress.net\/arhiva\/wp-json\/wp\/v2\/comments?post=226562"}],"version-history":[{"count":0,"href":"https:\/\/sandzakpress.net\/arhiva\/wp-json\/wp\/v2\/posts\/226562\/revisions"}],"wp:featuredmedia":[{"embeddable":true,"href":"https:\/\/sandzakpress.net\/arhiva\/wp-json\/wp\/v2\/media\/226566"}],"wp:attachment":[{"href":"https:\/\/sandzakpress.net\/arhiva\/wp-json\/wp\/v2\/media?parent=226562"}],"wp:term":[{"taxonomy":"category","embeddable":true,"href":"https:\/\/sandzakpress.net\/arhiva\/wp-json\/wp\/v2\/categories?post=226562"},{"taxonomy":"post_tag","embeddable":true,"href":"https:\/\/sandzakpress.net\/arhiva\/wp-json\/wp\/v2\/tags?post=226562"}],"curies":[{"name":"wp","href":"https:\/\/api.w.org\/{rel}","templated":true}]}}