{"id":226522,"date":"2019-07-27T21:24:49","date_gmt":"2019-07-27T19:24:49","guid":{"rendered":"https:\/\/sandzakpress.net\/arhiva\/bakir-izetbegovic-bit-cu-predsjednik-sda-jos-jedan-mandat"},"modified":"2019-07-27T21:24:49","modified_gmt":"2019-07-27T19:24:49","slug":"bakir-izetbegovic-bit-cu-predsjednik-sda-jos-jedan-mandat","status":"publish","type":"post","link":"https:\/\/sandzakpress.net\/arhiva\/bakir-izetbegovic-bit-cu-predsjednik-sda-jos-jedan-mandat\/","title":{"rendered":"Bakir Izetbegovi\u0107: Bit \u0107u predsjednik SDA jo\u0161 jedan mandat"},"content":{"rendered":"<p><span class=\"cb-itemprop\"><\/p>\n<p><img loading=\"lazy\" decoding=\"async\" class=\"alignnone size-full wp-image-210543\" src=\"https:\/\/bosnapress.net\/wp-content\/uploads\/2019\/07\/873x400-1-1.jpg\" alt=\"\" width=\"753\" height=\"424\" \/><\/p>\n<div class=\"col-sm-12 artikal-text\">\n<p>Za danas je zakazana sjednica Glavnog odbora SDA, a jedna od tema bit \u0107e i Kongres, na kojem \u0107e se birati i predsjednik stranke. Uo\u010di sjednice,\u00a0<a href=\"https:\/\/avaz.ba\/tag\/220\/bakir-izetbegovic\">Bakir Izetbegovi\u0107<\/a>, predsjednik SDA i predsjedavaju\u0107i Doma naroda Parlamenta BiH, u intervjuu za \u201eDnevni avaz\u201c otkriva ho\u0107e li se ponovo kandidirati za predsjednika stranke, ali govori i o ostalim brojnim aktuelnim pitanjima kao \u0161to je formiranje vlasti.<\/p>\n<p><strong>Pandorina kutija<\/strong><\/p>\n<p><em><strong>Je li Va\u0161im ovosedmi\u010dnim susretom s Draganom \u010covi\u0107em, liderom HDZ-a BiH, otko\u010den vi\u0161emjese\u010dni zastoj u razgovorima u vezi s formiranjem vlasti i ho\u0107e li vlast uskoro biti formirana?<\/strong><\/em><\/p>\n<p>\u2013 Nije taj zastoj trajao mjesecima, ja sam se s Dodikom vidio prije mjesec dana, atmosfera tokom razgovora nije bila lo\u0161a, ali je ponovo izostao rezultat. A \u0161to se ti\u010de formiranja vlasti, odnosno imenovanja mandatara Vije\u0107a ministara iz SNSD-a i predsjednika Federacije BiH iz HDZ-a, oboje mo\u017ee krenuti danas. Jedini uslov SDA je da druge dvije stranke ne postavljaju nemogu\u0107e uslove.<\/p>\n<p><em><strong>Koji su to uvjeti?\u00a0\u00a0<\/strong><\/em><\/p>\n<p>\u2013 Konkretno, da SNSD ne postavlja protivustavne i protivzakonite, a HDZ nedosti\u017ene uslove. A upravo to sada rade. Uslov koji postavlja SNSD mo\u017ee se rije\u0161iti kompromisom od par re\u010denica, Ako poka\u017eu minimalan stepen volje da ga rije\u0161e. Uslov koji postavlja HDZ u vezi s Izbornim zakonom nismo uspjeli rije\u0161iti 14 godina, pa ne\u0107emo sigurno ni za 14 dana. Zato taj uslov nazivam nedosti\u017enim.<\/p>\n<p><em><strong>Gdje Vi vidite kompromis kada je u pitanju usvajanje Godi\u0161njeg nacionalnog plana (ANP), koji SNSD odbija?<\/strong><\/em><\/p>\n<p>\u2013 Nama je bitno kretati se u zakonskim okvirima. ANP ne mora biti ambiciozno postavljen, mo\u017ee imati reduciran sadr\u017eaj, prihvatljivo nam je i da se potvrdi da samog \u010dlanstva u NATO-u ne\u0107e biti dok se ne postigne puni konsenzus i ne donesu nove odluke u kojima \u0107e, naravno, u\u010destvovati i predstavnici RS. Ispod ovoga ne mo\u017eemo i\u0107i. Ako bismo pristali na diktat entiteta spram dr\u017eave u pitanjima u kojima entitet nije nadle\u017ean, pristali bismo na ru\u0161enje ustava i vladavine zakona. Pristali bismo, fakti\u010dki, na bezakonje. Uklonili bismo branu daljnjim protivustavnim i protivzakonitim zahtjevima i ucjenama, otvorili bismo Pandorinu kutiju s nesagledivim posljedicama.<\/p>\n<p><em><strong>\u0160ta \u0107e se desiti ako se blokade nastave?<\/strong><\/em><\/p>\n<p>\u2013 \u010cekaju nas te\u0161ke posljedice koje \u0107e pogoditi dr\u017eavu, entitete, sve gra\u0111ane BiH. Ne\u0107e biti dr\u017eavnog bud\u017eeta, ne\u0107e biti novih zakona na dr\u017eavnom nivou, ne\u0107e biti novih projekata podr\u017eanih kreditima EBRD-a, EIB-a, MMF-a, ne\u0107e biti napretka na evropskom putu BiH, usporit \u0107e se izgradnja saobra\u0107ajne i energetske infrastrukture. To \u0107e se odraziti na usporen rast privrede, obeshrabrit \u0107e potencijalne investitore itd. Dakle, to je jako lo\u0161 scenarij koji, uz sve navedeno, ide naruku onima koji \u017eele dokazati da Bosna i Hercegovina ne mo\u017ee funkcionisati. SDA bi, naravno, htjela izbje\u0107i ovo politi\u010dko blato, ne \u017eelimo biti uvu\u010deni u inat-politiku po principu tuk na utuk i iskori\u0161teni kako bi se izazvala kriza i poku\u0161alo dokazati da ne mo\u017eemo \u017eivjeti skupa. Ali, jo\u0161 gori i opasniji scenarij od ovog jeste pristajanje na diktat entiteta, na ru\u0161enje ustava i vladavine zakona.<\/p>\n<\/div>\n<ul id=\"single-672303\" class=\"picture singl-img list-unstyled row comment-box-sep\">\n&lt;li class=&quot;&quot;fb-comments&quot;&quot; data-src=&quot;https:\/\/avaz.ba\/media\/2019\/07\/26\/1008915\/thumbs\/w873.jpg&quot; data-text=&quot;<span>Bakir Izetbegovi\u0107 <\/span> <span>Foto: S.Saletovi\u0107<\/span>&#8221; data-sub-html=&#8221;&#8221;<\/p>\n<div>\n<div>\n<div>\n                        googletag.cmd.push(function() { googletag.display(&#8220;div-gpt-ad-1522844083153-0&#8221;); });\n                    <\/div>\n<\/div>\n<p>\u201d style=\u201dbox-sizing: border-box; position: relative; min-height: 1px; padding-right: 15px; padding-left: 15px; float: left; width: 806.609px;\u201d&gt;<a href=\"https:\/\/avaz.ba\/vijesti\/bih\/505302\/bakir-izetbegovic-bit-cu-predsjednik-sda-jos-jedan-mandat?fbclid=IwAR0NDM7XKz0H6WKHwkUkUNcXbXjNkzPm_FQek43bYLgsbu3eYxW-Q5EpOFE\"><img decoding=\"async\" class=\"img-responsive\" src=\"https:\/\/avaz.ba\/media\/2019\/07\/26\/1008915\/thumbs\/w873.jpg\" alt=\"Bakir Izetbegovi\u0107  - Avaz, Dnevni avaz, avaz.ba\" \/><\/a><\/p>\n<div class=\"sing-img-capt  text-centered  \"><span class=\"article-caption\">Bakir Izetbegovi\u0107<\/span><span class=\"image-source article-source\">Foto: (S.Saletovi\u0107)<\/span><\/div>\n<\/div>\n<\/ul>\n<div class=\"col-sm-12 artikal-text\">\n<p><em><strong>Je li mogu\u0107 ulazak SDS-a u vlast umjesto SNSD-a?\u00a0\u00a0<\/strong><\/em><\/p>\n<p>\u2013 Ne kanimo se upu\u0161tati u takve avanture. Naravno, ako se iracionalna politika SNSD-a nastavi, ako to dugo potraje, tada mo\u017eemo biti prisiljeni da poku\u0161amo spasiti ono \u0161to se mo\u017ee spasiti uz alternativne stranke iz RS. Vije\u0107e ministara mo\u017ee biti imenovano od Predstavni\u010dkog doma PSBiH, bez Doma naroda, kao i institucije i agencije koje imenuje Vije\u0107e ministara, poput SIPA-e i OSA-e. Naravno, ovakav scenarij posljednja je solucija i tra\u017ei suglasnost partnera SBB-a, DF-a, HDZ-a, stranaka koje su sada u opoziciji. Sumnjam da \u0107emo dotle do\u0107i, prevladat \u0107e razum.<\/p>\n<p><em><strong>Sveukupna situacija ne ide u prilog tome da BiH dobije kandidatski status za \u010dlanstvo u EU do kraja ove godine. Kakva su Va\u0161a o\u010dekivanja?<\/strong><\/em><\/p>\n<p>\u2013 Bitno je izbje\u0107i zastoj, pokrenuti se. Trajat \u0107e na\u0161 put do \u010dlanstva podugo, ali svaki korak na tom putu bit \u0107e od koristi. Svaki zakon i odluka koju usvojimo bit \u0107e u skladu s evropskim standardima i zna\u010dit \u0107e bolje funkcionisanje dr\u017eavnog aparata, sudstva, privrede. Veliki dio evropske pravne ste\u010devine usvajat \u0107emo po principu \u201euzmi ili ostavi\u201c, bez pregovora. Trebamo \u0161to prije do\u0107i do te faze, prisilit \u0107e nas da ubrzano gradimo kvalitetnu dr\u017eavu, privredu i dru\u0161tvo.<\/p>\n<p><em><strong>Kakvi su Va\u0161i odnosi s drugim koalicionim partnerima iz FBiH, SBB-om i naro\u010dito DF-om, koji je nedavno u Federalnom parlamentu glasao protiv izbora Mirsada Zaimovi\u0107a na \u010delo Predstavni\u010dkog doma, dok su poslanici SBB-a podr\u017eali taj izbor?<\/strong><\/em><\/p>\n<p>\u2013 Uhodavamo se, i svi imamo svoj mentalitet i mahane. Trebat \u0107e strpljenja i nerava, ali ne vidim alternativu saradnji bo\u0161nja\u010dkih i probosanskih stranaka u suprotstavljanju nacionalisti\u010dkim i separatisti\u010dkim politikama koje ja\u010daju i u BiH i u okru\u017eenju. SDA je povukla poteze koji su dokazali da smo spremni nesebi\u010dno u\u0107i u ovu vrstu saradnje, o\u010dekujemo sli\u010dan odgovor i druga dva aktera.<\/p>\n<p><strong>Status quo nikome ne odgovara<\/strong><\/p>\n<p><em><strong>Koliko stav Milorada Dodika u vezi s gradnjom Pelje\u0161kog mosta ote\u017eava poziciju BiH u rje\u0161avanju tog problema, za koji ste \u010desto isticali da niste protiv njegove gradnje, nego protiv uskra\u0107ivanja prava BiH na pristup moru u skladu s konvencijama koje je donio UN?<\/strong><\/em><\/p>\n<p>\u2013 Upravo tako. Sve \u0161to o\u010dekujemo od Hrvatske je da ratificira ugovor o granici i da nam omogu\u0107i koridor za pristup otvorenom moru u skladu s pravom koje nam garantuje Konvencija UN-a o pravu mora. Stav Milorada Dodika ne podr\u017eava dobar dio politi\u010dkih faktora u RS, i njima je cilj rije\u0161iti pitanja granice, povrat imovine bh. firmi u Hrvatskoj, jer dobar dio njih je iz RS, rije\u0161iti problem deponovanja nuklearnog otpada na granici sa BiH itd. A za\u0161to ne bi bili zainteresirani i za izlaz BiH na otvoreno more? I njima to mo\u017ee jednog dana zatrebati.<\/p>\n<\/div>\n<ul id=\"single-672305\" class=\"picture singl-img list-unstyled row comment-box-sep\">\n&lt;li class=&quot;&quot;fb-comments&quot;&quot; data-src=&quot;https:\/\/avaz.ba\/media\/2019\/07\/26\/1008917\/thumbs\/w873.jpg&quot; data-text=&quot;<span>Bakir Izetbegovi\u0107<\/span> <span>Foto: S.Saletovi\u0107<\/span>&#8221; data-sub-html=&#8221;&#8221;<\/p>\n<div>\n<div>\n<div>\n                        googletag.cmd.push(function() { googletag.display(&#8220;div-gpt-ad-1522844083153-0&#8221;); });\n                    <\/div>\n<\/div>\n<p>\u201d style=\u201dbox-sizing: border-box; position: relative; min-height: 1px; padding-right: 15px; padding-left: 15px; float: left; width: 806.609px;\u201d&gt;<a href=\"https:\/\/avaz.ba\/vijesti\/bih\/505302\/bakir-izetbegovic-bit-cu-predsjednik-sda-jos-jedan-mandat?fbclid=IwAR0NDM7XKz0H6WKHwkUkUNcXbXjNkzPm_FQek43bYLgsbu3eYxW-Q5EpOFE\"><img decoding=\"async\" class=\"img-responsive\" src=\"https:\/\/avaz.ba\/media\/2019\/07\/26\/1008917\/thumbs\/w873.jpg\" alt=\"Bakir Izetbegovi\u0107 - Avaz, Dnevni avaz, avaz.ba\" \/><\/a><\/p>\n<div class=\"sing-img-capt  text-centered  \"><span class=\"article-caption\">Bakir Izetbegovi\u0107<\/span><span class=\"image-source article-source\">Foto: (S.Saletovi\u0107)<\/span><\/div>\n<\/div>\n<\/ul>\n<div class=\"col-sm-12 artikal-text\">\n<p>\u00a0Bi li ovo pitanje rije\u0161ila ratifikacija Sporazuma o granici koji su 1999. godine potpisali tada\u0161nji predsjednici BiH i Hrvatske Alija Izetbegovi\u0107 i Franjo Tu\u0111man i koliko u Hrvatskoj BiH trenutno ima partnera voljnog za rje\u0161avanje ovog pitanja?<\/p>\n<p>\u2013 Treba otvoriti pregovore o tom pitanju, jer i s na\u0161e strane ima zahtjeva za izmjenu granice. Naravno, treba to raditi preko me\u0111udr\u017eavnih komisija. Isto tako treba postupiti i kada je Srbija u pitanju. Status quo nikome ne odgovara.<\/p>\n<p><em><strong>Blok 7, autoput Sarajevo \u2013 Beograd, ali i daljnja gradnja Koridora 5C su na \u010dekanju. Koliko ovi projekti zavise od dogovora u vezi s formiranjem vlasti?<\/strong><\/em><\/p>\n<p>\u2013 Koridor 5C nije na \u010dekanju, radi se najintenzivnije od kada je po\u010dela izgradnja. Samo u protekla dva mjeseca potpisani su ugovori o izgradnji \u010detiri dionice, a u izgradnji imamo jo\u0161 pet dionica. Me\u0111utim, ako do\u0111e do zastoja i te\u0161ke krize o kojoj sam govorio, do\u0107i \u0107e i do usporenja gradnje autoputa.<\/p>\n<p>Blok 7 ne bi smio dalje \u010dekati, svako daljnje odugovla\u010denje od ministra Bevande tuma\u010dili bismo kao namjerno nano\u0161enje \u0161tete Tuzli i bo\u0161nja\u010dkoj strani, a to ne treba hrvatskim predstavnicima. Jer, svi smo povezani, svi imamo probleme i svi jedni drugima trebamo pomagati. Sli\u010dno je i s autoputem Sarajevo \u2013 Beograd. Srbija i RS jako su zainteresirane za ovaj projekt, ali ako se napravi zastoj i kriza o kojoj govorim, ni ovaj projekt ne\u0107e biti pokrenut.<\/p>\n<p><em><strong>Najavljivali ste ranije da \u0107ete i\u0107i u pravcu \u201crekonstrukcije\u201d, odnosno preure\u0111enja, ja\u010danja i podmla\u0111ivanja SDA. De\u0161ava li se taj proces ve\u0107 u SDA, ili \u0107ete neke konkretne poteze vu\u0107i nakon Kongresa?<\/strong><\/em><\/p>\n<p>\u2013 Izmjenama Statuta SDA predvidjeli smo kvote za mlade na svim nivoima organizovanja. Trenuta\u010dno nemamo nijednog omladinca u Predsjedni\u0161tvu stranke, a u Glavnom odboru ih je tek nekoliko. Kvote \u0107e biti odre\u0111ene i za \u017eene, kao i za pripadnike sva tri konstitutivna naroda. Odsim ovoga, ubudu\u0107e \u0107e biti onemogu\u0107ena kumulacija funkcija i predugo ostajanje na poziciji predsjednika na bilo kojem nivou. Sve navedeno trebalo bi unijeti novu energiju, svje\u017einu i dinamiku u SDA.<\/p>\n<p><em><strong>Ho\u0107ete li biti kandidat za novi mandat na \u010delu SDA na Kongresu u septembru i, ako ho\u0107ete, o\u010dekujete li pobjedu?<\/strong><\/em><\/p>\n<p>\u2013 Imam namjeru ostati na \u010delu SDA jo\u0161 jedan mandat, i vjerujem da \u0107u biti podr\u017ean od \u010dlanstva.<\/p>\n<p><strong>O \u201egulenovcima\u201c: \u0160ta \u0107e nam zmija u njedrima<\/strong><\/p>\n<p><em><strong>Dosta se u posljednje vrijeme govori o zahtjevu Turske za izru\u010denje njenih dr\u017eavljana s adresom u BiH koje dovodi u vezu s dr\u017eavnim udarom 2016. godine i s pokretom Fethulaha Gulena (Fethullah). Ve\u0107 ste kazali da te ljude treba izru\u010diti ako se doka\u017ee njihova krivica. No, mo\u017ee li BiH garantirati tim ljudima ostanak u na\u0161oj zemlji ako za optu\u017ebe iz Turske ne bude dokaza?<\/strong><\/em><\/p>\n<p>\u2013 Politi\u010dka filozofija i strategija tog pokreta je podmukla. Bore se za vlast i dominaciju, ali ne rade to na dopu\u0161ten na\u010din, kroz politi\u010dko organizovanje i fer izbornu utakmicu. Oni se postupno infiltriraju u strukturu dr\u017eave, vojsku, policiju, pravosu\u0111e, medije, obrazovni sistem i prave mre\u017eu koja \u0107e vladati bez rizika i politi\u010dke utakmice. Pritom se kriju iza vjere, humanitarnog rada, brige za siroma\u0161ne studente. Prisutni su diljem Evrope i Azije. Glava te hobotnice je u Pensilvaniji i daje instrukcije aktivistima diljem svijeta, pa i u BiH.<\/p>\n<p>Najpoznatija je ona da se \u201etrebaju ubaciti u krvotok i \u010dekati pogodan trenutak\u201c. Svoje pravo lice FETO je pokazao 15. jula 2016. u Turskoj, kada je poku\u0161ao vlast preuzeti krvavim vojnim udarom u kojem su na ulicama Ankare i Istanbula poubijali vi\u0161e od 200 nevinih ljudi, ve\u0107inom civila. Ne vidim za\u0161to bismo davali azil takvoj vrsti ljudi, dopu\u0161tali da nam se \u201eubacuju u krvotok\u201c i pritom kvarili prijateljstvo koje imamo s Turskom. \u0160ta \u0107e nam takva zmija u njedrima? Ne trebamo im davati za\u0161titu, politi\u010dki azil, produ\u017eavati dokumente.<\/p>\n<\/div>\n<ul id=\"single-672307\" class=\"picture singl-img list-unstyled row comment-box-sep\">\n&lt;li class=&quot;&quot;fb-comments&quot;&quot; data-src=&quot;https:\/\/avaz.ba\/media\/2019\/07\/26\/1008919\/thumbs\/w873.jpg&quot; data-text=&quot;<span>Bakir Izetbegovi\u0107<\/span> <span>Foto: S. Saletovi\u0107<\/span>&#8221; data-sub-html=&#8221;&#8221;<\/p>\n<div>\n<div>\n<div>\n                        googletag.cmd.push(function() { googletag.display(&#8220;div-gpt-ad-1522844083153-0&#8221;); });\n                    <\/div>\n<\/div>\n<p>\u201d style=\u201dbox-sizing: border-box; position: relative; min-height: 1px; padding-right: 15px; padding-left: 15px; float: left; width: 806.609px;\u201d&gt;<a href=\"https:\/\/avaz.ba\/vijesti\/bih\/505302\/bakir-izetbegovic-bit-cu-predsjednik-sda-jos-jedan-mandat?fbclid=IwAR0NDM7XKz0H6WKHwkUkUNcXbXjNkzPm_FQek43bYLgsbu3eYxW-Q5EpOFE\"><img decoding=\"async\" class=\"img-responsive\" src=\"https:\/\/avaz.ba\/media\/2019\/07\/26\/1008919\/thumbs\/w873.jpg\" alt=\"Bakir Izetbegovi\u0107 - Avaz, Dnevni avaz, avaz.ba\" \/><\/a><\/p>\n<div class=\"sing-img-capt  text-centered  \"><span class=\"article-caption\">Bakir Izetbegovi\u0107<\/span><span class=\"image-source article-source\">Foto: (S. Saletovi\u0107)<\/span><\/div>\n<\/div>\n<\/ul>\n<div class=\"col-sm-12 artikal-text\">\n<p><strong>I\u0107i \u0107emo u paketu kod formiranja vlada\u00a0\u00a0<\/strong><\/p>\n<p><em><strong>Nedavno ste formirali ve\u0107inu u Tuzlanskom kantonu, o\u010dekujete li da \u0107ete isto mo\u0107i uraditi u drugim kantonima, gdje je nakon pro\u0161logodi\u0161njih izbora formirana vlast bez SDA?<\/strong><\/em><\/p>\n<p>\u2013 Da. U Unsko-sanskom kantonu vjerujem uskoro, a ostalo \u0107e i\u0107i u paketu. Vije\u0107e ministara, Federalna vlada i ostali kantoni, uklju\u010duju\u0107i i Sarajevo, mogli bi biti rije\u0161eni ove jeseni.<\/p>\n<p><strong>O granici sa Srbijom<\/strong><\/p>\n<p><em><strong>Politizira li Srbija preko Dodika pitanje granice sa BiH i kako do\u0107i do sporazuma s tom zemljom o granici, naro\u010dito imaju\u0107i u vidu to \u0161to je rje\u0161enje pitanja granica sa susjedima jedan od uvjeta za ulazak u Evropsku uniju za obje zemlje?<\/strong><\/em><\/p>\n<p>\u2013 Srbija zna da smo mi zainteresirani za demarkaciju granice i cijeni da bismo trebali biti spremni platiti cijenu za to, pa nudi nepovoljna rje\u0161enja za nas, izbjegava anga\u017eman dr\u017eavnih komisija, radije bi da se to prebije preko koljena na nekom sastanku predsjednika. To, naravno, nije ispravan put. Dodik je, tako\u0111er, zauzeo stav da treba aktivirati komisije, nadam se da ne\u0107e odustati. Trebamo se suo\u010diti s \u010dinjenicama, faktima, pa donijeti potrebne politi\u010dke odluke.<\/p>\n<\/div>\n<div class=\"clearfix\"><\/div>\n<div class=\"clearfix\">avaz.ba<\/div>\n<p><\/span><br \/>\nPogledajte vijest na izvornom sajtu:<\/p>\n<p><a href=\"https:\/\/bosnapress.net\/bakir-izetbegovic-bit-cu-predsjednik-sda-jos-jedan-mandat\/\" target=\"_blank\">Bakir Izetbegovi\u0107: Bit \u0107u predsjednik SDA jo\u0161 jedan mandat<\/a><\/p>\n","protected":false},"excerpt":{"rendered":"<p>Za danas je zakazana sjednica Glavnog odbora SDA, a jedna od tema bit \u0107e i Kongres, na kojem \u0107e se birati i predsjednik stranke. Uo\u010di sjednice,\u00a0Bakir Izetbegovi\u0107, predsjednik SDA i predsjedavaju\u0107i Doma naroda Parlamenta BiH, u intervjuu za \u201eDnevni avaz\u201c otkriva ho\u0107e li se ponovo kandidirati za predsjednika stranke, ali govori i o ostalim brojnim [&hellip;]<\/p>\n","protected":false},"author":83,"featured_media":226523,"comment_status":"open","ping_status":"open","sticky":false,"template":"","format":"standard","meta":{"footnotes":""},"categories":[10513],"tags":[10466],"class_list":{"0":"post-226522","1":"post","2":"type-post","3":"status-publish","4":"format-standard","5":"has-post-thumbnail","7":"category-bosna-press","8":"tag-bosna-i-hercegovina"},"yoast_head":"<!-- This site is optimized with the Yoast SEO Premium plugin v23.1 (Yoast SEO v24.9) - https:\/\/yoast.com\/wordpress\/plugins\/seo\/ -->\n<title>Bakir Izetbegovi\u0107: Bit \u0107u predsjednik SDA jo\u0161 jedan mandat<\/title>\n<meta name=\"robots\" content=\"index, follow, max-snippet:-1, max-image-preview:large, max-video-preview:-1\" \/>\n<link rel=\"canonical\" href=\"https:\/\/sandzakpress.net\/arhiva\/bakir-izetbegovic-bit-cu-predsjednik-sda-jos-jedan-mandat\/\" \/>\n<meta property=\"og:locale\" content=\"bs_BA\" \/>\n<meta property=\"og:type\" content=\"article\" \/>\n<meta property=\"og:title\" content=\"Bakir Izetbegovi\u0107: Bit \u0107u predsjednik SDA jo\u0161 jedan mandat\" \/>\n<meta property=\"og:description\" content=\"Za danas je zakazana sjednica Glavnog odbora SDA, a jedna od tema bit \u0107e i Kongres, na kojem \u0107e se birati i predsjednik stranke. Uo\u010di sjednice,\u00a0Bakir Izetbegovi\u0107, predsjednik SDA i predsjedavaju\u0107i Doma naroda Parlamenta BiH, u intervjuu za \u201eDnevni avaz\u201c otkriva ho\u0107e li se ponovo kandidirati za predsjednika stranke, ali govori i o ostalim brojnim [&hellip;]\" \/>\n<meta property=\"og:url\" content=\"https:\/\/sandzakpress.net\/arhiva\/bakir-izetbegovic-bit-cu-predsjednik-sda-jos-jedan-mandat\/\" \/>\n<meta property=\"og:site_name\" content=\"Sand\u017eak PRESS\" \/>\n<meta property=\"article:published_time\" content=\"2019-07-27T19:24:49+00:00\" \/>\n<meta property=\"og:image\" content=\"https:\/\/sandzakpress.net\/arhiva\/wp-content\/uploads\/2019\/07\/873x400-1-1.jpg\" \/>\n\t<meta property=\"og:image:width\" content=\"753\" \/>\n\t<meta property=\"og:image:height\" content=\"424\" \/>\n\t<meta property=\"og:image:type\" content=\"image\/jpeg\" \/>\n<meta name=\"author\" content=\"bosniak\" \/>\n<meta name=\"twitter:card\" content=\"summary_large_image\" \/>\n<meta name=\"twitter:label1\" content=\"Written by\" \/>\n\t<meta name=\"twitter:data1\" content=\"bosniak\" \/>\n\t<meta name=\"twitter:label2\" content=\"Est. reading time\" \/>\n\t<meta name=\"twitter:data2\" content=\"10 minuta\" \/>\n<script type=\"application\/ld+json\" class=\"yoast-schema-graph\">{\"@context\":\"https:\/\/schema.org\",\"@graph\":[{\"@type\":\"Article\",\"@id\":\"https:\/\/sandzakpress.net\/arhiva\/bakir-izetbegovic-bit-cu-predsjednik-sda-jos-jedan-mandat\/#article\",\"isPartOf\":{\"@id\":\"https:\/\/sandzakpress.net\/arhiva\/bakir-izetbegovic-bit-cu-predsjednik-sda-jos-jedan-mandat\/\"},\"author\":{\"name\":\"bosniak\",\"@id\":\"https:\/\/sandzakpress.net\/arhiva\/#\/schema\/person\/c8baee722073534b583ea7bdb2e36c02\"},\"headline\":\"Bakir Izetbegovi\u0107: Bit \u0107u predsjednik SDA jo\u0161 jedan mandat\",\"datePublished\":\"2019-07-27T19:24:49+00:00\",\"mainEntityOfPage\":{\"@id\":\"https:\/\/sandzakpress.net\/arhiva\/bakir-izetbegovic-bit-cu-predsjednik-sda-jos-jedan-mandat\/\"},\"wordCount\":2069,\"commentCount\":0,\"publisher\":{\"@id\":\"https:\/\/sandzakpress.net\/arhiva\/#\/schema\/person\/6e72b67d6e51910a1117b3b483ba20bd\"},\"image\":{\"@id\":\"https:\/\/sandzakpress.net\/arhiva\/bakir-izetbegovic-bit-cu-predsjednik-sda-jos-jedan-mandat\/#primaryimage\"},\"thumbnailUrl\":\"https:\/\/sandzakpress.net\/arhiva\/wp-content\/uploads\/2019\/07\/873x400-1-1.jpg\",\"keywords\":[\"Bosna i Hercegovina\"],\"articleSection\":[\"Bosna PRESS\"],\"inLanguage\":\"bs-BA\",\"potentialAction\":[{\"@type\":\"CommentAction\",\"name\":\"Comment\",\"target\":[\"https:\/\/sandzakpress.net\/arhiva\/bakir-izetbegovic-bit-cu-predsjednik-sda-jos-jedan-mandat\/#respond\"]}]},{\"@type\":\"WebPage\",\"@id\":\"https:\/\/sandzakpress.net\/arhiva\/bakir-izetbegovic-bit-cu-predsjednik-sda-jos-jedan-mandat\/\",\"url\":\"https:\/\/sandzakpress.net\/arhiva\/bakir-izetbegovic-bit-cu-predsjednik-sda-jos-jedan-mandat\/\",\"name\":\"Bakir Izetbegovi\u0107: Bit \u0107u predsjednik SDA jo\u0161 jedan mandat\",\"isPartOf\":{\"@id\":\"https:\/\/sandzakpress.net\/arhiva\/#website\"},\"primaryImageOfPage\":{\"@id\":\"https:\/\/sandzakpress.net\/arhiva\/bakir-izetbegovic-bit-cu-predsjednik-sda-jos-jedan-mandat\/#primaryimage\"},\"image\":{\"@id\":\"https:\/\/sandzakpress.net\/arhiva\/bakir-izetbegovic-bit-cu-predsjednik-sda-jos-jedan-mandat\/#primaryimage\"},\"thumbnailUrl\":\"https:\/\/sandzakpress.net\/arhiva\/wp-content\/uploads\/2019\/07\/873x400-1-1.jpg\",\"datePublished\":\"2019-07-27T19:24:49+00:00\",\"breadcrumb\":{\"@id\":\"https:\/\/sandzakpress.net\/arhiva\/bakir-izetbegovic-bit-cu-predsjednik-sda-jos-jedan-mandat\/#breadcrumb\"},\"inLanguage\":\"bs-BA\",\"potentialAction\":[{\"@type\":\"ReadAction\",\"target\":[\"https:\/\/sandzakpress.net\/arhiva\/bakir-izetbegovic-bit-cu-predsjednik-sda-jos-jedan-mandat\/\"]}]},{\"@type\":\"ImageObject\",\"inLanguage\":\"bs-BA\",\"@id\":\"https:\/\/sandzakpress.net\/arhiva\/bakir-izetbegovic-bit-cu-predsjednik-sda-jos-jedan-mandat\/#primaryimage\",\"url\":\"https:\/\/sandzakpress.net\/arhiva\/wp-content\/uploads\/2019\/07\/873x400-1-1.jpg\",\"contentUrl\":\"https:\/\/sandzakpress.net\/arhiva\/wp-content\/uploads\/2019\/07\/873x400-1-1.jpg\",\"width\":753,\"height\":424},{\"@type\":\"BreadcrumbList\",\"@id\":\"https:\/\/sandzakpress.net\/arhiva\/bakir-izetbegovic-bit-cu-predsjednik-sda-jos-jedan-mandat\/#breadcrumb\",\"itemListElement\":[{\"@type\":\"ListItem\",\"position\":1,\"name\":\"Home\",\"item\":\"https:\/\/sandzakpress.net\/arhiva\/\"},{\"@type\":\"ListItem\",\"position\":2,\"name\":\"Bakir Izetbegovi\u0107: Bit \u0107u predsjednik SDA jo\u0161 jedan mandat\"}]},{\"@type\":\"WebSite\",\"@id\":\"https:\/\/sandzakpress.net\/arhiva\/#website\",\"url\":\"https:\/\/sandzakpress.net\/arhiva\/\",\"name\":\"Sand\u017eak PRESS\",\"description\":\"Prve elektronske novine u Sand\u017eaku\",\"publisher\":{\"@id\":\"https:\/\/sandzakpress.net\/arhiva\/#\/schema\/person\/6e72b67d6e51910a1117b3b483ba20bd\"},\"potentialAction\":[{\"@type\":\"SearchAction\",\"target\":{\"@type\":\"EntryPoint\",\"urlTemplate\":\"https:\/\/sandzakpress.net\/arhiva\/?s={search_term_string}\"},\"query-input\":{\"@type\":\"PropertyValueSpecification\",\"valueRequired\":true,\"valueName\":\"search_term_string\"}}],\"inLanguage\":\"bs-BA\"},{\"@type\":[\"Person\",\"Organization\"],\"@id\":\"https:\/\/sandzakpress.net\/arhiva\/#\/schema\/person\/6e72b67d6e51910a1117b3b483ba20bd\",\"name\":\"Kul\",\"image\":{\"@type\":\"ImageObject\",\"inLanguage\":\"bs-BA\",\"@id\":\"https:\/\/sandzakpress.net\/arhiva\/#\/schema\/person\/image\/\",\"url\":\"https:\/\/secure.gravatar.com\/avatar\/42263f39aa27ac04c43cab85c280eb2e?s=96&d=mm&r=pg\",\"contentUrl\":\"https:\/\/secure.gravatar.com\/avatar\/42263f39aa27ac04c43cab85c280eb2e?s=96&d=mm&r=pg\",\"caption\":\"Kul\"},\"logo\":{\"@id\":\"https:\/\/sandzakpress.net\/arhiva\/#\/schema\/person\/image\/\"}},{\"@type\":\"Person\",\"@id\":\"https:\/\/sandzakpress.net\/arhiva\/#\/schema\/person\/c8baee722073534b583ea7bdb2e36c02\",\"name\":\"bosniak\",\"image\":{\"@type\":\"ImageObject\",\"inLanguage\":\"bs-BA\",\"@id\":\"https:\/\/sandzakpress.net\/arhiva\/#\/schema\/person\/image\/\",\"url\":\"https:\/\/secure.gravatar.com\/avatar\/a04fd330bfe3a36a72a0ad4a6d89fca7?s=96&d=mm&r=pg\",\"contentUrl\":\"https:\/\/secure.gravatar.com\/avatar\/a04fd330bfe3a36a72a0ad4a6d89fca7?s=96&d=mm&r=pg\",\"caption\":\"bosniak\"},\"url\":\"https:\/\/sandzakpress.net\/arhiva\/author\/bosniak\/\"}]}<\/script>\n<!-- \/ Yoast SEO Premium plugin. -->","yoast_head_json":{"title":"Bakir Izetbegovi\u0107: Bit \u0107u predsjednik SDA jo\u0161 jedan mandat","robots":{"index":"index","follow":"follow","max-snippet":"max-snippet:-1","max-image-preview":"max-image-preview:large","max-video-preview":"max-video-preview:-1"},"canonical":"https:\/\/sandzakpress.net\/arhiva\/bakir-izetbegovic-bit-cu-predsjednik-sda-jos-jedan-mandat\/","og_locale":"bs_BA","og_type":"article","og_title":"Bakir Izetbegovi\u0107: Bit \u0107u predsjednik SDA jo\u0161 jedan mandat","og_description":"Za danas je zakazana sjednica Glavnog odbora SDA, a jedna od tema bit \u0107e i Kongres, na kojem \u0107e se birati i predsjednik stranke. Uo\u010di sjednice,\u00a0Bakir Izetbegovi\u0107, predsjednik SDA i predsjedavaju\u0107i Doma naroda Parlamenta BiH, u intervjuu za \u201eDnevni avaz\u201c otkriva ho\u0107e li se ponovo kandidirati za predsjednika stranke, ali govori i o ostalim brojnim [&hellip;]","og_url":"https:\/\/sandzakpress.net\/arhiva\/bakir-izetbegovic-bit-cu-predsjednik-sda-jos-jedan-mandat\/","og_site_name":"Sand\u017eak PRESS","article_published_time":"2019-07-27T19:24:49+00:00","og_image":[{"width":753,"height":424,"url":"https:\/\/sandzakpress.net\/arhiva\/wp-content\/uploads\/2019\/07\/873x400-1-1.jpg","type":"image\/jpeg"}],"author":"bosniak","twitter_card":"summary_large_image","twitter_misc":{"Written by":"bosniak","Est. reading time":"10 minuta"},"schema":{"@context":"https:\/\/schema.org","@graph":[{"@type":"Article","@id":"https:\/\/sandzakpress.net\/arhiva\/bakir-izetbegovic-bit-cu-predsjednik-sda-jos-jedan-mandat\/#article","isPartOf":{"@id":"https:\/\/sandzakpress.net\/arhiva\/bakir-izetbegovic-bit-cu-predsjednik-sda-jos-jedan-mandat\/"},"author":{"name":"bosniak","@id":"https:\/\/sandzakpress.net\/arhiva\/#\/schema\/person\/c8baee722073534b583ea7bdb2e36c02"},"headline":"Bakir Izetbegovi\u0107: Bit \u0107u predsjednik SDA jo\u0161 jedan mandat","datePublished":"2019-07-27T19:24:49+00:00","mainEntityOfPage":{"@id":"https:\/\/sandzakpress.net\/arhiva\/bakir-izetbegovic-bit-cu-predsjednik-sda-jos-jedan-mandat\/"},"wordCount":2069,"commentCount":0,"publisher":{"@id":"https:\/\/sandzakpress.net\/arhiva\/#\/schema\/person\/6e72b67d6e51910a1117b3b483ba20bd"},"image":{"@id":"https:\/\/sandzakpress.net\/arhiva\/bakir-izetbegovic-bit-cu-predsjednik-sda-jos-jedan-mandat\/#primaryimage"},"thumbnailUrl":"https:\/\/sandzakpress.net\/arhiva\/wp-content\/uploads\/2019\/07\/873x400-1-1.jpg","keywords":["Bosna i Hercegovina"],"articleSection":["Bosna PRESS"],"inLanguage":"bs-BA","potentialAction":[{"@type":"CommentAction","name":"Comment","target":["https:\/\/sandzakpress.net\/arhiva\/bakir-izetbegovic-bit-cu-predsjednik-sda-jos-jedan-mandat\/#respond"]}]},{"@type":"WebPage","@id":"https:\/\/sandzakpress.net\/arhiva\/bakir-izetbegovic-bit-cu-predsjednik-sda-jos-jedan-mandat\/","url":"https:\/\/sandzakpress.net\/arhiva\/bakir-izetbegovic-bit-cu-predsjednik-sda-jos-jedan-mandat\/","name":"Bakir Izetbegovi\u0107: Bit \u0107u predsjednik SDA jo\u0161 jedan mandat","isPartOf":{"@id":"https:\/\/sandzakpress.net\/arhiva\/#website"},"primaryImageOfPage":{"@id":"https:\/\/sandzakpress.net\/arhiva\/bakir-izetbegovic-bit-cu-predsjednik-sda-jos-jedan-mandat\/#primaryimage"},"image":{"@id":"https:\/\/sandzakpress.net\/arhiva\/bakir-izetbegovic-bit-cu-predsjednik-sda-jos-jedan-mandat\/#primaryimage"},"thumbnailUrl":"https:\/\/sandzakpress.net\/arhiva\/wp-content\/uploads\/2019\/07\/873x400-1-1.jpg","datePublished":"2019-07-27T19:24:49+00:00","breadcrumb":{"@id":"https:\/\/sandzakpress.net\/arhiva\/bakir-izetbegovic-bit-cu-predsjednik-sda-jos-jedan-mandat\/#breadcrumb"},"inLanguage":"bs-BA","potentialAction":[{"@type":"ReadAction","target":["https:\/\/sandzakpress.net\/arhiva\/bakir-izetbegovic-bit-cu-predsjednik-sda-jos-jedan-mandat\/"]}]},{"@type":"ImageObject","inLanguage":"bs-BA","@id":"https:\/\/sandzakpress.net\/arhiva\/bakir-izetbegovic-bit-cu-predsjednik-sda-jos-jedan-mandat\/#primaryimage","url":"https:\/\/sandzakpress.net\/arhiva\/wp-content\/uploads\/2019\/07\/873x400-1-1.jpg","contentUrl":"https:\/\/sandzakpress.net\/arhiva\/wp-content\/uploads\/2019\/07\/873x400-1-1.jpg","width":753,"height":424},{"@type":"BreadcrumbList","@id":"https:\/\/sandzakpress.net\/arhiva\/bakir-izetbegovic-bit-cu-predsjednik-sda-jos-jedan-mandat\/#breadcrumb","itemListElement":[{"@type":"ListItem","position":1,"name":"Home","item":"https:\/\/sandzakpress.net\/arhiva\/"},{"@type":"ListItem","position":2,"name":"Bakir Izetbegovi\u0107: Bit \u0107u predsjednik SDA jo\u0161 jedan mandat"}]},{"@type":"WebSite","@id":"https:\/\/sandzakpress.net\/arhiva\/#website","url":"https:\/\/sandzakpress.net\/arhiva\/","name":"Sand\u017eak PRESS","description":"Prve elektronske novine u Sand\u017eaku","publisher":{"@id":"https:\/\/sandzakpress.net\/arhiva\/#\/schema\/person\/6e72b67d6e51910a1117b3b483ba20bd"},"potentialAction":[{"@type":"SearchAction","target":{"@type":"EntryPoint","urlTemplate":"https:\/\/sandzakpress.net\/arhiva\/?s={search_term_string}"},"query-input":{"@type":"PropertyValueSpecification","valueRequired":true,"valueName":"search_term_string"}}],"inLanguage":"bs-BA"},{"@type":["Person","Organization"],"@id":"https:\/\/sandzakpress.net\/arhiva\/#\/schema\/person\/6e72b67d6e51910a1117b3b483ba20bd","name":"Kul","image":{"@type":"ImageObject","inLanguage":"bs-BA","@id":"https:\/\/sandzakpress.net\/arhiva\/#\/schema\/person\/image\/","url":"https:\/\/secure.gravatar.com\/avatar\/42263f39aa27ac04c43cab85c280eb2e?s=96&d=mm&r=pg","contentUrl":"https:\/\/secure.gravatar.com\/avatar\/42263f39aa27ac04c43cab85c280eb2e?s=96&d=mm&r=pg","caption":"Kul"},"logo":{"@id":"https:\/\/sandzakpress.net\/arhiva\/#\/schema\/person\/image\/"}},{"@type":"Person","@id":"https:\/\/sandzakpress.net\/arhiva\/#\/schema\/person\/c8baee722073534b583ea7bdb2e36c02","name":"bosniak","image":{"@type":"ImageObject","inLanguage":"bs-BA","@id":"https:\/\/sandzakpress.net\/arhiva\/#\/schema\/person\/image\/","url":"https:\/\/secure.gravatar.com\/avatar\/a04fd330bfe3a36a72a0ad4a6d89fca7?s=96&d=mm&r=pg","contentUrl":"https:\/\/secure.gravatar.com\/avatar\/a04fd330bfe3a36a72a0ad4a6d89fca7?s=96&d=mm&r=pg","caption":"bosniak"},"url":"https:\/\/sandzakpress.net\/arhiva\/author\/bosniak\/"}]}},"_links":{"self":[{"href":"https:\/\/sandzakpress.net\/arhiva\/wp-json\/wp\/v2\/posts\/226522"}],"collection":[{"href":"https:\/\/sandzakpress.net\/arhiva\/wp-json\/wp\/v2\/posts"}],"about":[{"href":"https:\/\/sandzakpress.net\/arhiva\/wp-json\/wp\/v2\/types\/post"}],"author":[{"embeddable":true,"href":"https:\/\/sandzakpress.net\/arhiva\/wp-json\/wp\/v2\/users\/83"}],"replies":[{"embeddable":true,"href":"https:\/\/sandzakpress.net\/arhiva\/wp-json\/wp\/v2\/comments?post=226522"}],"version-history":[{"count":0,"href":"https:\/\/sandzakpress.net\/arhiva\/wp-json\/wp\/v2\/posts\/226522\/revisions"}],"wp:featuredmedia":[{"embeddable":true,"href":"https:\/\/sandzakpress.net\/arhiva\/wp-json\/wp\/v2\/media\/226523"}],"wp:attachment":[{"href":"https:\/\/sandzakpress.net\/arhiva\/wp-json\/wp\/v2\/media?parent=226522"}],"wp:term":[{"taxonomy":"category","embeddable":true,"href":"https:\/\/sandzakpress.net\/arhiva\/wp-json\/wp\/v2\/categories?post=226522"},{"taxonomy":"post_tag","embeddable":true,"href":"https:\/\/sandzakpress.net\/arhiva\/wp-json\/wp\/v2\/tags?post=226522"}],"curies":[{"name":"wp","href":"https:\/\/api.w.org\/{rel}","templated":true}]}}