{"id":226472,"date":"2019-07-24T20:22:09","date_gmt":"2019-07-24T18:22:09","guid":{"rendered":"https:\/\/sandzakpress.net\/arhiva\/mile-stojic-hatidza-mehmedovic-za-mene-je-anticka-heroina-naseg-vremena"},"modified":"2019-07-24T20:22:09","modified_gmt":"2019-07-24T18:22:09","slug":"mile-stojic-hatidza-mehmedovic-za-mene-je-anticka-heroina-naseg-vremena","status":"publish","type":"post","link":"https:\/\/sandzakpress.net\/arhiva\/mile-stojic-hatidza-mehmedovic-za-mene-je-anticka-heroina-naseg-vremena\/","title":{"rendered":"Mile Stoji\u0107: Hatid\u017ea Mehmedovi\u0107 za mene je anti\u010dka heroina na\u0161eg vremena"},"content":{"rendered":"<p><span class=\"cb-itemprop\"><\/p>\n<p><img loading=\"lazy\" decoding=\"async\" class=\"alignnone size-full wp-image-210517\" src=\"https:\/\/bosnapress.net\/wp-content\/uploads\/2019\/07\/Screenshot_1-4.png\" alt=\"\" width=\"833\" height=\"489\" \/><\/p>\n<p><em>Hatid\u017ea govori:<\/em><br \/>\n<em>\u201cSanjam ih, Zovem ih. Tra\u017eim ih.<\/em><br \/>\n<em>Do\u0111u mi na san i ja ka\u017eem:<\/em><br \/>\n<em>\u2018Ljubi vas majka, sanjam li ja ovo<\/em><br \/>\n<em>Ili ste se vi stvarno vratili?\u2019<\/em><\/p>\n<p><em>Oni ka\u017eu: \u2018Do\u0161li smo, majko,<\/em><br \/>\n<em>ne sanja\u0161.\u2019 A onda se probudim<\/em><br \/>\n<em>sama, nigdje nikoga.\u201d<\/em><\/p>\n<p>Stihovi su to iz pjesme \u201cHatid\u017ea\u201d koju je napisao jedan od najva\u017enijih bosanskohercegova\u010dkih \u017eivu\u0107ih pjesnika\u00a0<strong>Mile Stoji\u0107.<\/strong><\/p>\n<p>Srebreni\u010dka majka<strong>\u00a0Hatid\u017ea Mehmedovi\u0107<\/strong>\u00a0za njega\u00a0je anti\u010dka heroina na\u0161eg vremena.\u00a0Pjesnik, esejist, knji\u017eevni kriti\u010dar i prevodilac posvetio joj je pjesmu koju je 2017. godine objavio u knjizi \u201cHimna pora\u017eenih\u201d.<\/p>\n<p>Na dan kad je stigla vijest o njenoj smrti u znak pijeteta postavio je na svoj Facebook profil pjesmu \u201cHatid\u017ea\u201d koja je zatim postala viralna i prevedena na skoro dvadeset jezika svijeta. Rijetko je koja pjesma na na\u0161em jeziku prevedena na toliko svjetskih jezika. Devetnaest prijevoda objedinjeni su zatim u knjizi \u201cHatid\u017ea\u201d \u010diji \u0107e tira\u017e biti poklonjen Memorijalnom centru u Poto\u010darima.<\/p>\n<figure class=\"img-inline\"><img decoding=\"async\" src=\"https:\/\/storage.radiosarajevo.ba\/\/image\/476258\/1180x732\/mile_stojic_DZKRSA08.jpg\" alt=\"Mile Stoji\u0107 - undefined\" \/><figcaption>Devetnaest odjeka jedne pjesme<br \/>\n<\/figcaption><\/figure>\n<pre>U Bo\u0161nja\u010dkom institutu u Sarajevu\u00a0danas\u00a0u 14:00 sati \u0107e biti promovirana zbirka sa prijevodima pjesme \"Hatid\u017ea\" u znak sje\u0107anja na Hatid\u017eu Mehmedovi\u0107 \u010dija je godi\u0161njica smrti obilje\u017eena u ponedjeljak, 22. jula.<\/pre>\n<p>Tim povodom razgovarali smo sa pjesnikom Miletom Stoji\u0107em za\u00a0<em><strong>Radiosarajevo.ba<\/strong><\/em>\u00a0koji nam je ispri\u010dao kako Hatid\u017eu nikada nije upoznao u \u017eivotu.<\/p>\n<p>\u201cVidio sam je jednom u\u017eivo u Narodnom pozori\u0161tu. Pratio sam je na televiziji. Ona je za mene anti\u010dka heroina na\u0161eg vremena, i ne samo ona, ve\u0107 i druge majke Srebrenice. Ali ona se posebno na neki na\u010din utisnula, svojim gestama. Kao ono kada je predsjedniku Srbije Vu\u010di\u0107u stavila Cvijet Srebrenice na rever i rekla:<strong>\u00a0\u2018Sine, \u0161ta ste uradili, nemojte da se ovo vi\u0161e ponavlja\u2019.<\/strong>\u00a0Zna\u010di ona koja je sve izgubila, uradila je to zbog neke vi\u0161e ideje pravde, koja je zapravo sunce ljudskosti. Ona je obi\u0161la cijelu Evropu s tim svojim prijateljicama po institucijama pravde bore\u0107i se za minimum ljudskog dostojanstva\u201d, rekao je Stoji\u0107.<\/p>\n<p>Kako je rekao, pri\u010da o Srebrenici kod nas se razvija u vi\u0161e pravaca. Ima ljudi koji to negiraju i osporavaju da se tu dogodio genocid, a ima i onih koji na drugi na\u010din to prisvajaju, kao da su oni vlasnici toga.<\/p>\n<p><strong>\u201cA ja mislim da je to najve\u0107a nesre\u0107a na\u0161eg doba\u201d,<\/strong>\u00a0dodao je. \u201cUpravo Majke Srebrenice pokazuju da one zapravo nemaju nikakvu pravdu i utjehu, osim ljudi koji to poku\u0161avaju razumijeti. Mislim da sam jedan od tih,<strong>\u00a0i zaista ta pri\u010da o Hatid\u017ei mene li\u010dno poga\u0111a<\/strong>\u201c, rekao je pjesnik za na\u0161 portal.<\/p>\n<p>Ova knjiga je zapravo najprije bila viralna.<\/p>\n<blockquote>\n<p>Kada je stigla vijest da je ona umrla u sarajevskoj bolnici mene je ta vijest potresla, jer sam pratio njen rad. U znak pijeteta stavio sam tu pjesmu na svoj Facebook i datum kad sam je objavio. Nisam je, dakle, objavio taj dan, i kad sam je vidio nisam znao da je bila bolesna. Onda me je iznenadila, ne samo koli\u010dina lajkova i komentara, nego i to da su mi po\u010deli stizati prijevodi. Prvo od jedne Italijanke koju ja do dan-danas nisam upoznao \u2013\u00a0<strong>Marzia Bisognin<\/strong>. Pa mi se javio\u00a0<strong>Du\u0161an \u0160arotar<\/strong>, slovenski pjesnik,\u00a0<strong>Velibor \u010coli\u0107<\/strong>itd. Svi su imali potrebu da to prevedu i meni po\u0161alju, a to zna\u010di da ih je ta pjesma motivirala i inspirirala, ispri\u010dao je Stoji\u0107 za na\u0161 portal.<\/p>\n<\/blockquote>\n<p>Stoji\u0107 je tada odlu\u010dio pozvati svoje prijatelje da mu po\u0161alju vi\u0161e prijevoda, i stiglo ih je vi\u0161e nego \u0161to je moglo stati u ovu knjigu, iz tehni\u010dkih razloga.<\/p>\n<p>Zatim je, kako nam je ispri\u010dao, pozvao prijatelja \u2013 akademskog slikara\u00a0<strong>Halila Tikve\u0161u<\/strong>\u00a0da mu pozajmi fotografije sa izlo\u017ebe o Srebrenici za potrebe knjige.<\/p>\n<p>Dosada\u0161nje reakcije na knjigu su, kako nam je rekao, vrlo pozitivne. \u010cast mu je \u0161to \u0107e na promociji govoriti utjecajna imena poput njegove supruge\u00a0<strong>Hasije Bori\u0107-Stoji\u0107, Mileta Babi\u0107a, Hilme Neimarlije, Enesa Durakovi\u0107a, Enesa Kari\u0107a i Izedina \u0160ikala<\/strong>.<\/p>\n<figure class=\"img-inline\"><img decoding=\"async\" src=\"https:\/\/storage.radiosarajevo.ba\/\/image\/476253\/1180x732\/mile_stojic_DZKRSA02.jpg\" alt=\"Mile Stoji\u0107 - undefined\" \/><figcaption>Mile Stoji\u0107<br \/>\n<\/figcaption><\/figure>\n<pre>Za<em><strong>\u00a0Radiosarajevo.ba<\/strong><\/em>\u00a0\u010duveni pjesnik\u00a0<strong>otkrio je kako ima spremnu knjigu \"Muze i erinije\" koju \u0107e najvjerovatnije objaviti idu\u0107e godine.<\/strong><\/pre>\n<p>Stoji\u0107 je\u00a0<strong>dru\u0161tveno anga\u017eiran<\/strong>\u00a0\u2013 aktivan je na dru\u0161tvenoj mre\u017ei Facebook, a pisao je i za brojne medije. No, ta ga tematika ne inspirira da pi\u0161e poeziju.<\/p>\n<p>\u201c<strong>Mi \u017eivimo u jednoj kalju\u017ei, u jednom odvratnom politi\u010dkom miljeu gdje te ni\u0161ta zapravo ne mo\u017ee inspirirati ni na \u0161ta osim na bijes, ljutnju, gnjev i ponekad i stid \u0161to si uop\u0107e \u017eiv.<\/strong>\u00a0Ali s druge strane, \u010dovjek ima potrebu da ka\u017ee u odre\u0111enom trenutku ne\u0161to, mada to kod nas i nema neki utjecaj. Mi vidimo da mediji u drugim dr\u017eavama ru\u0161e vlade. Kod nas mo\u017eete objaviti \u0161ta ho\u0107ete o meni, ja \u0107u re\u0107i da me mrzite zato \u0161to sam Hrvat i niko vi\u0161e ne\u0107e dovoditi u pitanje to \u0161to sam ja pokrao, \u0161ta sam ja u\u010dinio, napravio. Mada<strong>\u00a0\u010dovjek mora pisati barem zbog neke varljive vjere da \u0107e do\u0107i iza nas neki ljudi koji \u0107e to \u010ditati, vidjeti kakvi smo ljudi bili i dokle smo stigli<\/strong>\u201c, rekao nam je Stoji\u0107.<\/p>\n<p>Smatra da internet, iako je zatrpan, danas ima neki prostor, te kako se na njemu mo\u017ee ne\u0161to re\u0107i i kako su se najbolje stvari kod nas preselile na virtuelne medije.<\/p>\n<pre>Godine<strong>\u00a02017. pristupio je Socijaldemokratskoj partiji Bosne i Hercegovine (<em>SDP<\/em>\u00a0BIH).\u00a0<\/strong><\/pre>\n<p>\u201cNe bavim se aktivno politikom jer \u010dovjek mojih godina to ne mo\u017ee niti mo\u017ee voditi narod u nekakve ustanke. U\u0161ao sam u SDP na nagovor mojih prijatelja. Nije mi to nimalo te\u0161ko palo zbog toga \u0161to ja pripadam toj opciji i<strong>\u00a0smatram da socijaldemokratija mo\u017ee spasiti ovu zemlju.<\/strong>\u00a0Vidimo da nacionalisti ne znaju ni\u0161ta praviti, znaju samo ru\u0161iti a pogotovo vlast. Nisu makli od po\u010detka, znaju se samo sva\u0111ati, prijetiti ratovima. Istovremeno znaju plja\u010dkati, uni\u0161tavati firme i zbunjuju i varaju narod, a brane samo svoje novce i privatne svojine\u201d, prokomentirao je Stoji\u0107.<\/p>\n<p>Stoji\u0107 je prokomentirao kako SDP-u prigovaraju isklju\u010divo nacionalisti da ba\u0161 i ne slijede princip socijaldemokratije.<\/p>\n<p>\u201cStranka ima tradiciju od 100 godina i uvijek kad su bili na vlasti ili nadomak vlasti ne\u0161to su pokrenuli. Napravili su vi\u0161e nego \u0161to su ovi mogli poru\u0161iti\u201d, prokomentirao je Stoji\u0107 navode\u0107i kako su nesuglasice po tom pitanju proizvod brojnih ta\u0161tina.<strong>\u00a0Smatra da ako se ljevica u BiH ne ujedini mi \u0107emo i dalje prisustvovati odlasku mladosti iz dr\u017eave, pusto\u0161enju i plja\u010dkanju ovoga \u0161to je ostalo, ovih krvavih prnja jedne zemlje za koju se oni bore kao bijesni psi.<\/strong><\/p>\n<figure class=\"img-inline\"><img decoding=\"async\" src=\"https:\/\/storage.radiosarajevo.ba\/\/image\/476254\/1180x732\/mile_stojic_DZKRSA03.jpg\" alt=\"Mile Stoji\u0107 - undefined\" \/><figcaption>Mile Stoji\u0107 u Buybooku<br \/>\n<\/figcaption><\/figure>\n<pre>Sa Stoji\u0107em smo razgovarali i o knji\u017eevnim festivalima u BiH - poput Bookstana, Slova Gor\u010dina, na kojima i sam redovno sudjeluje. Dotakli smo se i teme da bi zbog interneta mo\u0107 knjige mogla nestati, da se knjige manje \u010ditaju.<\/pre>\n<p>\u201cMislim da se puno vi\u0161e \u0161tampa nego \u0161to se \u010dita. Na neki na\u010din je to normalno jer je danas normalno da ako ima\u0161 1.000 eura u d\u017eepu mo\u017ee\u0161 izdati knjigu. Tome doprinose i mediji, tehnologija, \u0161tampe i izdava\u010di jer nema zajedni\u010dke politike. Unato\u010d tome<strong>\u00a0u Bosni\u00a0 i dalje nestaje velika knji\u017eevnost koja nije prepoznata jer nemamo politiku koja bi je favorizirala<\/strong>\u201c, smatra Stoji\u0107 navode\u0107i kako brojne svjetske zemlje, poput Austrije, znaju da je kultura najve\u0107a legitimacija jedne zemlje.<\/p>\n<p>\u201cMi imamo sjajne umjetnike, a ve\u0107ina njih djeluje vani, jer ove nacionalisti\u010dke vlasti ni\u0161ta ne zanima\u201d, smatra pjesnik.<\/p>\n<p>Podsje\u0107a da je u periodu komunizma veliki broj politi\u010dara posje\u0107ivao brojne kulturne doga\u0111aje.<\/p>\n<pre><strong>Doma\u0107u knji\u017eevnost \u010dita koliko mo\u017ee<\/strong>, u BiH gotovo sve, a u regiji koliko mu je dostupno, mada nastoji pratiti i regionalnu knji\u017eevnost.<\/pre>\n<p>\u201cMislimo da imamo sjajnih pisaca. Zna\u010dajne knjige su roman<strong>\u00a0Senke Mari\u0107<\/strong>, literatura\u00a0<strong>Faruka \u0160ehi\u0107a<\/strong>, sjajni roman\u00a0<strong>Emira Imamovi\u0107a Pirketa<\/strong>\u00a0\u2018Terorist\u2019 koji propituje taj fenomen na\u0161ih ljudi koji se idu boriti na strana rati\u0161ta\u201d, otkrio nam je Stoji\u0107 navode\u0107i kako \u010dita i stranu literaturu.<\/p>\n<p>\u010cita\u00a0<strong>Pamuka, Uelbeka<\/strong>\u00a0i ina\u010de sve \u0161to mu do\u0111e pod ruku. Ljubitelj je, kako nam je rekao, knji\u017eevnosti koja je ve\u0107 ispisana, pomalo barokna.<\/p>\n<p>\u201cNajnovije \u0161to me je odu\u0161evilo je\u00a0<strong>Ted Hughes<\/strong>\u00a0(op. a. engleski pjesnik i dje\u010diji pisac), njegove pjesme posve\u0107ene njegovoj pokojnoj supruzi Sylviji Plath. Nedavno sam \u010ditao sjajnog srpskog pisca\u00a0<strong>Sr\u0111ana Valjarevi\u0107a.<\/strong>\u00a0To je ne\u0161to \u0161to odgovara mom senzibilitetu, jer danas se vi\u0161e \u010dita ova trendi literatura i knji\u017eevnost koja nastaje iz tzv. novog novinarstva, gdje se pisci bave fenomeni stvarnosti\u201d, rekao je utjecajni bh. pjesnik Mile Stoji\u0107 za\u00a0<em><strong>Radiosarajevo.ba.<\/strong><\/em><\/p>\n<p><\/span><br \/>\nPogledajte vijest na izvornom sajtu:<\/p>\n<p><a href=\"https:\/\/bosnapress.net\/mile-stojic-hatidza-mehmedovic-za-mene-je-anticka-heroina-naseg-vremena\/\" target=\"_blank\">Mile Stoji\u0107: Hatid\u017ea Mehmedovi\u0107 za mene je anti\u010dka heroina na\u0161eg vremena<\/a><\/p>\n","protected":false},"excerpt":{"rendered":"<p>Hatid\u017ea govori: \u201cSanjam ih, Zovem ih. Tra\u017eim ih. Do\u0111u mi na san i ja ka\u017eem: \u2018Ljubi vas majka, sanjam li ja ovo Ili ste se vi stvarno vratili?\u2019 Oni ka\u017eu: \u2018Do\u0161li smo, majko, ne sanja\u0161.\u2019 A onda se probudim sama, nigdje nikoga.\u201d Stihovi su to iz pjesme \u201cHatid\u017ea\u201d koju je napisao jedan od najva\u017enijih bosanskohercegova\u010dkih [&hellip;]<\/p>\n","protected":false},"author":83,"featured_media":226473,"comment_status":"open","ping_status":"open","sticky":false,"template":"","format":"standard","meta":{"footnotes":""},"categories":[10513],"tags":[10466],"class_list":{"0":"post-226472","1":"post","2":"type-post","3":"status-publish","4":"format-standard","5":"has-post-thumbnail","7":"category-bosna-press","8":"tag-bosna-i-hercegovina"},"yoast_head":"<!-- This site is optimized with the Yoast SEO Premium plugin v23.1 (Yoast SEO v24.9) - https:\/\/yoast.com\/wordpress\/plugins\/seo\/ -->\n<title>Mile Stoji\u0107: Hatid\u017ea Mehmedovi\u0107 za mene je anti\u010dka heroina na\u0161eg vremena<\/title>\n<meta name=\"robots\" content=\"index, follow, max-snippet:-1, max-image-preview:large, max-video-preview:-1\" \/>\n<link rel=\"canonical\" href=\"https:\/\/sandzakpress.net\/arhiva\/mile-stojic-hatidza-mehmedovic-za-mene-je-anticka-heroina-naseg-vremena\/\" \/>\n<meta property=\"og:locale\" content=\"bs_BA\" \/>\n<meta property=\"og:type\" content=\"article\" \/>\n<meta property=\"og:title\" content=\"Mile Stoji\u0107: Hatid\u017ea Mehmedovi\u0107 za mene je anti\u010dka heroina na\u0161eg vremena\" \/>\n<meta property=\"og:description\" content=\"Hatid\u017ea govori: \u201cSanjam ih, Zovem ih. Tra\u017eim ih. Do\u0111u mi na san i ja ka\u017eem: \u2018Ljubi vas majka, sanjam li ja ovo Ili ste se vi stvarno vratili?\u2019 Oni ka\u017eu: \u2018Do\u0161li smo, majko, ne sanja\u0161.\u2019 A onda se probudim sama, nigdje nikoga.\u201d Stihovi su to iz pjesme \u201cHatid\u017ea\u201d koju je napisao jedan od najva\u017enijih bosanskohercegova\u010dkih [&hellip;]\" \/>\n<meta property=\"og:url\" content=\"https:\/\/sandzakpress.net\/arhiva\/mile-stojic-hatidza-mehmedovic-za-mene-je-anticka-heroina-naseg-vremena\/\" \/>\n<meta property=\"og:site_name\" content=\"Sand\u017eak PRESS\" \/>\n<meta property=\"article:published_time\" content=\"2019-07-24T18:22:09+00:00\" \/>\n<meta property=\"og:image\" content=\"https:\/\/sandzakpress.net\/arhiva\/wp-content\/uploads\/2019\/07\/Screenshot_1-4-1.png\" \/>\n\t<meta property=\"og:image:width\" content=\"833\" \/>\n\t<meta property=\"og:image:height\" content=\"489\" \/>\n\t<meta property=\"og:image:type\" content=\"image\/png\" \/>\n<meta name=\"author\" content=\"bosniak\" \/>\n<meta name=\"twitter:card\" content=\"summary_large_image\" \/>\n<meta name=\"twitter:label1\" content=\"Written by\" \/>\n\t<meta name=\"twitter:data1\" content=\"bosniak\" \/>\n\t<meta name=\"twitter:label2\" content=\"Est. reading time\" \/>\n\t<meta name=\"twitter:data2\" content=\"8 minuta\" \/>\n<script type=\"application\/ld+json\" class=\"yoast-schema-graph\">{\"@context\":\"https:\/\/schema.org\",\"@graph\":[{\"@type\":\"Article\",\"@id\":\"https:\/\/sandzakpress.net\/arhiva\/mile-stojic-hatidza-mehmedovic-za-mene-je-anticka-heroina-naseg-vremena\/#article\",\"isPartOf\":{\"@id\":\"https:\/\/sandzakpress.net\/arhiva\/mile-stojic-hatidza-mehmedovic-za-mene-je-anticka-heroina-naseg-vremena\/\"},\"author\":{\"name\":\"bosniak\",\"@id\":\"https:\/\/sandzakpress.net\/arhiva\/#\/schema\/person\/c8baee722073534b583ea7bdb2e36c02\"},\"headline\":\"Mile Stoji\u0107: Hatid\u017ea Mehmedovi\u0107 za mene je anti\u010dka heroina na\u0161eg vremena\",\"datePublished\":\"2019-07-24T18:22:09+00:00\",\"mainEntityOfPage\":{\"@id\":\"https:\/\/sandzakpress.net\/arhiva\/mile-stojic-hatidza-mehmedovic-za-mene-je-anticka-heroina-naseg-vremena\/\"},\"wordCount\":1389,\"commentCount\":0,\"publisher\":{\"@id\":\"https:\/\/sandzakpress.net\/arhiva\/#\/schema\/person\/6e72b67d6e51910a1117b3b483ba20bd\"},\"image\":{\"@id\":\"https:\/\/sandzakpress.net\/arhiva\/mile-stojic-hatidza-mehmedovic-za-mene-je-anticka-heroina-naseg-vremena\/#primaryimage\"},\"thumbnailUrl\":\"https:\/\/sandzakpress.net\/arhiva\/wp-content\/uploads\/2019\/07\/Screenshot_1-4-1.png\",\"keywords\":[\"Bosna i Hercegovina\"],\"articleSection\":[\"Bosna PRESS\"],\"inLanguage\":\"bs-BA\",\"potentialAction\":[{\"@type\":\"CommentAction\",\"name\":\"Comment\",\"target\":[\"https:\/\/sandzakpress.net\/arhiva\/mile-stojic-hatidza-mehmedovic-za-mene-je-anticka-heroina-naseg-vremena\/#respond\"]}]},{\"@type\":\"WebPage\",\"@id\":\"https:\/\/sandzakpress.net\/arhiva\/mile-stojic-hatidza-mehmedovic-za-mene-je-anticka-heroina-naseg-vremena\/\",\"url\":\"https:\/\/sandzakpress.net\/arhiva\/mile-stojic-hatidza-mehmedovic-za-mene-je-anticka-heroina-naseg-vremena\/\",\"name\":\"Mile Stoji\u0107: Hatid\u017ea Mehmedovi\u0107 za mene je anti\u010dka heroina na\u0161eg vremena\",\"isPartOf\":{\"@id\":\"https:\/\/sandzakpress.net\/arhiva\/#website\"},\"primaryImageOfPage\":{\"@id\":\"https:\/\/sandzakpress.net\/arhiva\/mile-stojic-hatidza-mehmedovic-za-mene-je-anticka-heroina-naseg-vremena\/#primaryimage\"},\"image\":{\"@id\":\"https:\/\/sandzakpress.net\/arhiva\/mile-stojic-hatidza-mehmedovic-za-mene-je-anticka-heroina-naseg-vremena\/#primaryimage\"},\"thumbnailUrl\":\"https:\/\/sandzakpress.net\/arhiva\/wp-content\/uploads\/2019\/07\/Screenshot_1-4-1.png\",\"datePublished\":\"2019-07-24T18:22:09+00:00\",\"breadcrumb\":{\"@id\":\"https:\/\/sandzakpress.net\/arhiva\/mile-stojic-hatidza-mehmedovic-za-mene-je-anticka-heroina-naseg-vremena\/#breadcrumb\"},\"inLanguage\":\"bs-BA\",\"potentialAction\":[{\"@type\":\"ReadAction\",\"target\":[\"https:\/\/sandzakpress.net\/arhiva\/mile-stojic-hatidza-mehmedovic-za-mene-je-anticka-heroina-naseg-vremena\/\"]}]},{\"@type\":\"ImageObject\",\"inLanguage\":\"bs-BA\",\"@id\":\"https:\/\/sandzakpress.net\/arhiva\/mile-stojic-hatidza-mehmedovic-za-mene-je-anticka-heroina-naseg-vremena\/#primaryimage\",\"url\":\"https:\/\/sandzakpress.net\/arhiva\/wp-content\/uploads\/2019\/07\/Screenshot_1-4-1.png\",\"contentUrl\":\"https:\/\/sandzakpress.net\/arhiva\/wp-content\/uploads\/2019\/07\/Screenshot_1-4-1.png\",\"width\":833,\"height\":489},{\"@type\":\"BreadcrumbList\",\"@id\":\"https:\/\/sandzakpress.net\/arhiva\/mile-stojic-hatidza-mehmedovic-za-mene-je-anticka-heroina-naseg-vremena\/#breadcrumb\",\"itemListElement\":[{\"@type\":\"ListItem\",\"position\":1,\"name\":\"Home\",\"item\":\"https:\/\/sandzakpress.net\/arhiva\/\"},{\"@type\":\"ListItem\",\"position\":2,\"name\":\"Mile Stoji\u0107: Hatid\u017ea Mehmedovi\u0107 za mene je anti\u010dka heroina na\u0161eg vremena\"}]},{\"@type\":\"WebSite\",\"@id\":\"https:\/\/sandzakpress.net\/arhiva\/#website\",\"url\":\"https:\/\/sandzakpress.net\/arhiva\/\",\"name\":\"Sand\u017eak PRESS\",\"description\":\"Prve elektronske novine u Sand\u017eaku\",\"publisher\":{\"@id\":\"https:\/\/sandzakpress.net\/arhiva\/#\/schema\/person\/6e72b67d6e51910a1117b3b483ba20bd\"},\"potentialAction\":[{\"@type\":\"SearchAction\",\"target\":{\"@type\":\"EntryPoint\",\"urlTemplate\":\"https:\/\/sandzakpress.net\/arhiva\/?s={search_term_string}\"},\"query-input\":{\"@type\":\"PropertyValueSpecification\",\"valueRequired\":true,\"valueName\":\"search_term_string\"}}],\"inLanguage\":\"bs-BA\"},{\"@type\":[\"Person\",\"Organization\"],\"@id\":\"https:\/\/sandzakpress.net\/arhiva\/#\/schema\/person\/6e72b67d6e51910a1117b3b483ba20bd\",\"name\":\"Kul\",\"image\":{\"@type\":\"ImageObject\",\"inLanguage\":\"bs-BA\",\"@id\":\"https:\/\/sandzakpress.net\/arhiva\/#\/schema\/person\/image\/\",\"url\":\"https:\/\/secure.gravatar.com\/avatar\/42263f39aa27ac04c43cab85c280eb2e?s=96&d=mm&r=pg\",\"contentUrl\":\"https:\/\/secure.gravatar.com\/avatar\/42263f39aa27ac04c43cab85c280eb2e?s=96&d=mm&r=pg\",\"caption\":\"Kul\"},\"logo\":{\"@id\":\"https:\/\/sandzakpress.net\/arhiva\/#\/schema\/person\/image\/\"}},{\"@type\":\"Person\",\"@id\":\"https:\/\/sandzakpress.net\/arhiva\/#\/schema\/person\/c8baee722073534b583ea7bdb2e36c02\",\"name\":\"bosniak\",\"image\":{\"@type\":\"ImageObject\",\"inLanguage\":\"bs-BA\",\"@id\":\"https:\/\/sandzakpress.net\/arhiva\/#\/schema\/person\/image\/\",\"url\":\"https:\/\/secure.gravatar.com\/avatar\/a04fd330bfe3a36a72a0ad4a6d89fca7?s=96&d=mm&r=pg\",\"contentUrl\":\"https:\/\/secure.gravatar.com\/avatar\/a04fd330bfe3a36a72a0ad4a6d89fca7?s=96&d=mm&r=pg\",\"caption\":\"bosniak\"},\"url\":\"https:\/\/sandzakpress.net\/arhiva\/author\/bosniak\/\"}]}<\/script>\n<!-- \/ Yoast SEO Premium plugin. -->","yoast_head_json":{"title":"Mile Stoji\u0107: Hatid\u017ea Mehmedovi\u0107 za mene je anti\u010dka heroina na\u0161eg vremena","robots":{"index":"index","follow":"follow","max-snippet":"max-snippet:-1","max-image-preview":"max-image-preview:large","max-video-preview":"max-video-preview:-1"},"canonical":"https:\/\/sandzakpress.net\/arhiva\/mile-stojic-hatidza-mehmedovic-za-mene-je-anticka-heroina-naseg-vremena\/","og_locale":"bs_BA","og_type":"article","og_title":"Mile Stoji\u0107: Hatid\u017ea Mehmedovi\u0107 za mene je anti\u010dka heroina na\u0161eg vremena","og_description":"Hatid\u017ea govori: \u201cSanjam ih, Zovem ih. Tra\u017eim ih. Do\u0111u mi na san i ja ka\u017eem: \u2018Ljubi vas majka, sanjam li ja ovo Ili ste se vi stvarno vratili?\u2019 Oni ka\u017eu: \u2018Do\u0161li smo, majko, ne sanja\u0161.\u2019 A onda se probudim sama, nigdje nikoga.\u201d Stihovi su to iz pjesme \u201cHatid\u017ea\u201d koju je napisao jedan od najva\u017enijih bosanskohercegova\u010dkih [&hellip;]","og_url":"https:\/\/sandzakpress.net\/arhiva\/mile-stojic-hatidza-mehmedovic-za-mene-je-anticka-heroina-naseg-vremena\/","og_site_name":"Sand\u017eak PRESS","article_published_time":"2019-07-24T18:22:09+00:00","og_image":[{"width":833,"height":489,"url":"https:\/\/sandzakpress.net\/arhiva\/wp-content\/uploads\/2019\/07\/Screenshot_1-4-1.png","type":"image\/png"}],"author":"bosniak","twitter_card":"summary_large_image","twitter_misc":{"Written by":"bosniak","Est. reading time":"8 minuta"},"schema":{"@context":"https:\/\/schema.org","@graph":[{"@type":"Article","@id":"https:\/\/sandzakpress.net\/arhiva\/mile-stojic-hatidza-mehmedovic-za-mene-je-anticka-heroina-naseg-vremena\/#article","isPartOf":{"@id":"https:\/\/sandzakpress.net\/arhiva\/mile-stojic-hatidza-mehmedovic-za-mene-je-anticka-heroina-naseg-vremena\/"},"author":{"name":"bosniak","@id":"https:\/\/sandzakpress.net\/arhiva\/#\/schema\/person\/c8baee722073534b583ea7bdb2e36c02"},"headline":"Mile Stoji\u0107: Hatid\u017ea Mehmedovi\u0107 za mene je anti\u010dka heroina na\u0161eg vremena","datePublished":"2019-07-24T18:22:09+00:00","mainEntityOfPage":{"@id":"https:\/\/sandzakpress.net\/arhiva\/mile-stojic-hatidza-mehmedovic-za-mene-je-anticka-heroina-naseg-vremena\/"},"wordCount":1389,"commentCount":0,"publisher":{"@id":"https:\/\/sandzakpress.net\/arhiva\/#\/schema\/person\/6e72b67d6e51910a1117b3b483ba20bd"},"image":{"@id":"https:\/\/sandzakpress.net\/arhiva\/mile-stojic-hatidza-mehmedovic-za-mene-je-anticka-heroina-naseg-vremena\/#primaryimage"},"thumbnailUrl":"https:\/\/sandzakpress.net\/arhiva\/wp-content\/uploads\/2019\/07\/Screenshot_1-4-1.png","keywords":["Bosna i Hercegovina"],"articleSection":["Bosna PRESS"],"inLanguage":"bs-BA","potentialAction":[{"@type":"CommentAction","name":"Comment","target":["https:\/\/sandzakpress.net\/arhiva\/mile-stojic-hatidza-mehmedovic-za-mene-je-anticka-heroina-naseg-vremena\/#respond"]}]},{"@type":"WebPage","@id":"https:\/\/sandzakpress.net\/arhiva\/mile-stojic-hatidza-mehmedovic-za-mene-je-anticka-heroina-naseg-vremena\/","url":"https:\/\/sandzakpress.net\/arhiva\/mile-stojic-hatidza-mehmedovic-za-mene-je-anticka-heroina-naseg-vremena\/","name":"Mile Stoji\u0107: Hatid\u017ea Mehmedovi\u0107 za mene je anti\u010dka heroina na\u0161eg vremena","isPartOf":{"@id":"https:\/\/sandzakpress.net\/arhiva\/#website"},"primaryImageOfPage":{"@id":"https:\/\/sandzakpress.net\/arhiva\/mile-stojic-hatidza-mehmedovic-za-mene-je-anticka-heroina-naseg-vremena\/#primaryimage"},"image":{"@id":"https:\/\/sandzakpress.net\/arhiva\/mile-stojic-hatidza-mehmedovic-za-mene-je-anticka-heroina-naseg-vremena\/#primaryimage"},"thumbnailUrl":"https:\/\/sandzakpress.net\/arhiva\/wp-content\/uploads\/2019\/07\/Screenshot_1-4-1.png","datePublished":"2019-07-24T18:22:09+00:00","breadcrumb":{"@id":"https:\/\/sandzakpress.net\/arhiva\/mile-stojic-hatidza-mehmedovic-za-mene-je-anticka-heroina-naseg-vremena\/#breadcrumb"},"inLanguage":"bs-BA","potentialAction":[{"@type":"ReadAction","target":["https:\/\/sandzakpress.net\/arhiva\/mile-stojic-hatidza-mehmedovic-za-mene-je-anticka-heroina-naseg-vremena\/"]}]},{"@type":"ImageObject","inLanguage":"bs-BA","@id":"https:\/\/sandzakpress.net\/arhiva\/mile-stojic-hatidza-mehmedovic-za-mene-je-anticka-heroina-naseg-vremena\/#primaryimage","url":"https:\/\/sandzakpress.net\/arhiva\/wp-content\/uploads\/2019\/07\/Screenshot_1-4-1.png","contentUrl":"https:\/\/sandzakpress.net\/arhiva\/wp-content\/uploads\/2019\/07\/Screenshot_1-4-1.png","width":833,"height":489},{"@type":"BreadcrumbList","@id":"https:\/\/sandzakpress.net\/arhiva\/mile-stojic-hatidza-mehmedovic-za-mene-je-anticka-heroina-naseg-vremena\/#breadcrumb","itemListElement":[{"@type":"ListItem","position":1,"name":"Home","item":"https:\/\/sandzakpress.net\/arhiva\/"},{"@type":"ListItem","position":2,"name":"Mile Stoji\u0107: Hatid\u017ea Mehmedovi\u0107 za mene je anti\u010dka heroina na\u0161eg vremena"}]},{"@type":"WebSite","@id":"https:\/\/sandzakpress.net\/arhiva\/#website","url":"https:\/\/sandzakpress.net\/arhiva\/","name":"Sand\u017eak PRESS","description":"Prve elektronske novine u Sand\u017eaku","publisher":{"@id":"https:\/\/sandzakpress.net\/arhiva\/#\/schema\/person\/6e72b67d6e51910a1117b3b483ba20bd"},"potentialAction":[{"@type":"SearchAction","target":{"@type":"EntryPoint","urlTemplate":"https:\/\/sandzakpress.net\/arhiva\/?s={search_term_string}"},"query-input":{"@type":"PropertyValueSpecification","valueRequired":true,"valueName":"search_term_string"}}],"inLanguage":"bs-BA"},{"@type":["Person","Organization"],"@id":"https:\/\/sandzakpress.net\/arhiva\/#\/schema\/person\/6e72b67d6e51910a1117b3b483ba20bd","name":"Kul","image":{"@type":"ImageObject","inLanguage":"bs-BA","@id":"https:\/\/sandzakpress.net\/arhiva\/#\/schema\/person\/image\/","url":"https:\/\/secure.gravatar.com\/avatar\/42263f39aa27ac04c43cab85c280eb2e?s=96&d=mm&r=pg","contentUrl":"https:\/\/secure.gravatar.com\/avatar\/42263f39aa27ac04c43cab85c280eb2e?s=96&d=mm&r=pg","caption":"Kul"},"logo":{"@id":"https:\/\/sandzakpress.net\/arhiva\/#\/schema\/person\/image\/"}},{"@type":"Person","@id":"https:\/\/sandzakpress.net\/arhiva\/#\/schema\/person\/c8baee722073534b583ea7bdb2e36c02","name":"bosniak","image":{"@type":"ImageObject","inLanguage":"bs-BA","@id":"https:\/\/sandzakpress.net\/arhiva\/#\/schema\/person\/image\/","url":"https:\/\/secure.gravatar.com\/avatar\/a04fd330bfe3a36a72a0ad4a6d89fca7?s=96&d=mm&r=pg","contentUrl":"https:\/\/secure.gravatar.com\/avatar\/a04fd330bfe3a36a72a0ad4a6d89fca7?s=96&d=mm&r=pg","caption":"bosniak"},"url":"https:\/\/sandzakpress.net\/arhiva\/author\/bosniak\/"}]}},"_links":{"self":[{"href":"https:\/\/sandzakpress.net\/arhiva\/wp-json\/wp\/v2\/posts\/226472"}],"collection":[{"href":"https:\/\/sandzakpress.net\/arhiva\/wp-json\/wp\/v2\/posts"}],"about":[{"href":"https:\/\/sandzakpress.net\/arhiva\/wp-json\/wp\/v2\/types\/post"}],"author":[{"embeddable":true,"href":"https:\/\/sandzakpress.net\/arhiva\/wp-json\/wp\/v2\/users\/83"}],"replies":[{"embeddable":true,"href":"https:\/\/sandzakpress.net\/arhiva\/wp-json\/wp\/v2\/comments?post=226472"}],"version-history":[{"count":0,"href":"https:\/\/sandzakpress.net\/arhiva\/wp-json\/wp\/v2\/posts\/226472\/revisions"}],"wp:featuredmedia":[{"embeddable":true,"href":"https:\/\/sandzakpress.net\/arhiva\/wp-json\/wp\/v2\/media\/226473"}],"wp:attachment":[{"href":"https:\/\/sandzakpress.net\/arhiva\/wp-json\/wp\/v2\/media?parent=226472"}],"wp:term":[{"taxonomy":"category","embeddable":true,"href":"https:\/\/sandzakpress.net\/arhiva\/wp-json\/wp\/v2\/categories?post=226472"},{"taxonomy":"post_tag","embeddable":true,"href":"https:\/\/sandzakpress.net\/arhiva\/wp-json\/wp\/v2\/tags?post=226472"}],"curies":[{"name":"wp","href":"https:\/\/api.w.org\/{rel}","templated":true}]}}