{"id":226433,"date":"2019-07-22T15:05:34","date_gmt":"2019-07-22T13:05:34","guid":{"rendered":"https:\/\/sandzakpress.net\/arhiva\/?p=226433"},"modified":"2019-07-22T15:05:36","modified_gmt":"2019-07-22T13:05:36","slug":"akademik-muamer-zukorlic-za-politiku-jezik-bosanski-opasnost-za-srpski-1-dio","status":"publish","type":"post","link":"https:\/\/sandzakpress.net\/arhiva\/akademik-muamer-zukorlic-za-politiku-jezik-bosanski-opasnost-za-srpski-1-dio\/","title":{"rendered":"Akademik Muamer Zukorli\u0107 za Politiku: JEZIK BOSANSKI OPASNOST ZA SRPSKI? (1. dio)"},"content":{"rendered":"<p><img loading=\"lazy\" decoding=\"async\" src=\"https:\/\/sandzakpress.net\/arhiva\/wp-content\/uploads\/2019\/07\/20190722_internacionalni_univerzitet_u_novom_pazaru_08-50-23_604171511-1024x369330843918063022667.jpg\" class=\"wp-image-226432 alignnone size-full\" width=\"1024\" height=\"369\" srcset=\"https:\/\/sandzakpress.net\/arhiva\/wp-content\/uploads\/2019\/07\/20190722_internacionalni_univerzitet_u_novom_pazaru_08-50-23_604171511-1024x369330843918063022667.jpg 1024w, https:\/\/sandzakpress.net\/arhiva\/wp-content\/uploads\/2019\/07\/20190722_internacionalni_univerzitet_u_novom_pazaru_08-50-23_604171511-1024x369330843918063022667-768x277.jpg 768w, https:\/\/sandzakpress.net\/arhiva\/wp-content\/uploads\/2019\/07\/20190722_internacionalni_univerzitet_u_novom_pazaru_08-50-23_604171511-1024x369330843918063022667-616x222.jpg 616w\" sizes=\"(max-width: 1024px) 100vw, 1024px\" \/><\/p>\n<p>Ustavom i zakonima sve precizirano<br \/>\nBosanski jezik je maternji jezik vi\u0161e stotina hiljada Bo\u0161njaka dr\u017eavljana Srbije, najzna\u010dajnije skoncentriranih na prostoru Sand\u017eaka, ali koji \u017eive i u drugim dijelovima Republike Srbije. Uslijed poznatih historijskih \u010dinjenica i doga\u0111anja na Balkanu, pravni status ovog jezika na tom prostoru nekoliko puta je mijenjan, od perioda njegove apsolutne dominacije do 1912. godine pa sve do potpune zabrane i negacije od notirane godine pa do kraja dvadesetog stolje\u0107a i dana\u0161njih nastojanja nosilaca tog jezika da se izbore za njegovu ravnopravnu upotrebu u obrazovnom sistemu i slu\u017ebenoj komunikaciji u javnim ustanovama, za \u0161ta postoje ustavni i zakonodavni okviri, ali i direktna opstrukcija implementacije ste\u010denih prava od strane odre\u0111enih ustanova i pojedinaca koji se stavljaju iznad zakonodavca.<\/p>\n<p>Elementarna je nekultura mije\u0161ati se nekome u njegovo vlastito imenovanje. Svako ima pravo odredi sebi simboliku imena. Nemoralno je i civilizacijski neprimjereno bilo kome spo\u010ditavati da se ne zove onako kako on sebe imenuje, ve\u0107 onako kako mi \u017eelimo da se zove. Kada se upoznajemo sa nekim i kada nam ka\u017ee svoje ime, minimum pristojnost nala\u017ee da ga oslovljavamo onako kako je sam iskazao. Ukoliko neko prelazi te granice moralnosti, pristojnosti, op\u0107e kulture i civiliziranosti, onda se uspostavljaju pravila koja ga usmjeravaju i obavezuju na iste. Tako je i u ovom slu\u010daju me\u0111unarodnim i evropskim konvencijama, Ustavom i zakonima sve detaljno precizirano, i tu apsolutno nema prostora za bilo kakvo druk\u010dije pona\u0161anje niti tuma\u010denje.<\/p>\n<p>Ustav Republike Srbije, iako nepovoljan za Bo\u0161njake i ostale nesrpske narode u na\u010delu, daje garancije manjinskim narodima i zajednicama u pogledu za\u0161tite njihovih posebnih prava u skladu sa najve\u0107im evropskim principima i konvencijama, \u0161to je detaljno tretirano i \u010clanom 79 ovog najzna\u010dajnijeg pravnog dokumenta u kome se ka\u017ee:<\/p>\n<p>Pripadnici nacionalnih manjina imaju pravo na izra\u017eavanje, \u010duvanje, njegovanje, razvijanje i javno izra\u017eavanje nacionalne, etni\u010dke, kulturne i vjerske posebnosti; na upotrebu svojih simbola na javnim mjestima; na kori\u0161\u0107enje svog jezika i pisma; da u sredinama gdje \u010dine zna\u010dajnu populaciju, dr\u017eavni organi, organizacije kojima su povjerena javna ovla\u0161\u0107enja, organi autonomnih pokrajina i jedinica lokalne samouprave vode postupak i na njihovom jeziku; na \u0161kolovanje na svom jeziku u dr\u017eavnim ustanovama i ustanovama autonomnih pokrajina; na osnivanje privatnih obrazovnih ustanova; da na svome jeziku koriste svoje ime i prezime; da u sredinama gdje \u010dine zna\u010dajnu populaciju, tradicionalni lokalni nazivi, imena ulica, naselja i topografske oznake budu ispisane i na njihovom jeziku; na potpuno, blagovremeno i nepristrasno obavje\u0161tavanje na svom jeziku, uklju\u010duju\u0107i i pravo na izra\u017eavanje, primanje, slanje i razmjenu obavje\u0161tenja i ideja; na osnivanje sopstvenih sredstava javnog obavje\u0161tavanja, u skladu sa zakonom.<\/p>\n<p>(Nastavit \u0107e se)<\/p>\n","protected":false},"excerpt":{"rendered":"<p>Ustavom i zakonima sve precizirano Bosanski jezik je maternji jezik vi\u0161e stotina hiljada Bo\u0161njaka dr\u017eavljana Srbije, najzna\u010dajnije skoncentriranih na prostoru Sand\u017eaka, ali koji \u017eive i u drugim dijelovima Republike Srbije. Uslijed poznatih historijskih \u010dinjenica i doga\u0111anja na Balkanu, pravni status ovog jezika na tom prostoru nekoliko puta je mijenjan, od perioda njegove apsolutne dominacije do [&hellip;]<\/p>\n","protected":false},"author":509,"featured_media":226435,"comment_status":"open","ping_status":"open","sticky":false,"template":"","format":"standard","meta":{"footnotes":""},"categories":[800,10503,10504,10307,8957],"tags":[],"class_list":{"0":"post-226433","1":"post","2":"type-post","3":"status-publish","4":"format-standard","5":"has-post-thumbnail","7":"category-nacija","8":"category-sjeverni-sandzak","9":"category-juzni-sandzak-sandzak-2","10":"category-srbija","11":"category-vijesti-dana"},"yoast_head":"<!-- This site is optimized with the Yoast SEO Premium plugin v23.1 (Yoast SEO v24.9) - https:\/\/yoast.com\/wordpress\/plugins\/seo\/ -->\n<title>Akademik Muamer Zukorli\u0107 za Politiku: JEZIK BOSANSKI OPASNOST ZA SRPSKI? (1. dio)<\/title>\n<meta name=\"robots\" content=\"index, follow, max-snippet:-1, max-image-preview:large, max-video-preview:-1\" \/>\n<link rel=\"canonical\" href=\"https:\/\/sandzakpress.net\/arhiva\/akademik-muamer-zukorlic-za-politiku-jezik-bosanski-opasnost-za-srpski-1-dio\/\" \/>\n<meta property=\"og:locale\" content=\"bs_BA\" \/>\n<meta property=\"og:type\" content=\"article\" \/>\n<meta property=\"og:title\" content=\"Akademik Muamer Zukorli\u0107 za Politiku: JEZIK BOSANSKI OPASNOST ZA SRPSKI? (1. dio)\" \/>\n<meta property=\"og:description\" content=\"Ustavom i zakonima sve precizirano Bosanski jezik je maternji jezik vi\u0161e stotina hiljada Bo\u0161njaka dr\u017eavljana Srbije, najzna\u010dajnije skoncentriranih na prostoru Sand\u017eaka, ali koji \u017eive i u drugim dijelovima Republike Srbije. Uslijed poznatih historijskih \u010dinjenica i doga\u0111anja na Balkanu, pravni status ovog jezika na tom prostoru nekoliko puta je mijenjan, od perioda njegove apsolutne dominacije do [&hellip;]\" \/>\n<meta property=\"og:url\" content=\"https:\/\/sandzakpress.net\/arhiva\/akademik-muamer-zukorlic-za-politiku-jezik-bosanski-opasnost-za-srpski-1-dio\/\" \/>\n<meta property=\"og:site_name\" content=\"Sand\u017eak PRESS\" \/>\n<meta property=\"article:published_time\" content=\"2019-07-22T13:05:34+00:00\" \/>\n<meta property=\"article:modified_time\" content=\"2019-07-22T13:05:36+00:00\" \/>\n<meta property=\"og:image\" content=\"https:\/\/sandzakpress.net\/arhiva\/wp-content\/uploads\/2019\/07\/20190722_Internacionalni_Univerzitet_u_Novom_Pazaru_08-50-23_604171511-1024x369.jpg\" \/>\n\t<meta property=\"og:image:width\" content=\"1024\" \/>\n\t<meta property=\"og:image:height\" content=\"369\" \/>\n\t<meta property=\"og:image:type\" content=\"image\/jpeg\" \/>\n<meta name=\"author\" content=\"Agencija\" \/>\n<meta name=\"twitter:card\" content=\"summary_large_image\" \/>\n<meta name=\"twitter:label1\" content=\"Written by\" \/>\n\t<meta name=\"twitter:data1\" content=\"Agencija\" \/>\n\t<meta name=\"twitter:label2\" content=\"Est. reading time\" \/>\n\t<meta name=\"twitter:data2\" content=\"2 minute\" \/>\n<script type=\"application\/ld+json\" class=\"yoast-schema-graph\">{\"@context\":\"https:\/\/schema.org\",\"@graph\":[{\"@type\":\"Article\",\"@id\":\"https:\/\/sandzakpress.net\/arhiva\/akademik-muamer-zukorlic-za-politiku-jezik-bosanski-opasnost-za-srpski-1-dio\/#article\",\"isPartOf\":{\"@id\":\"https:\/\/sandzakpress.net\/arhiva\/akademik-muamer-zukorlic-za-politiku-jezik-bosanski-opasnost-za-srpski-1-dio\/\"},\"author\":{\"name\":\"Agencija\",\"@id\":\"https:\/\/sandzakpress.net\/arhiva\/#\/schema\/person\/cb59d7e3ab91ab90dd680ad0305a6185\"},\"headline\":\"Akademik Muamer Zukorli\u0107 za Politiku: JEZIK BOSANSKI OPASNOST ZA SRPSKI? (1. dio)\",\"datePublished\":\"2019-07-22T13:05:34+00:00\",\"dateModified\":\"2019-07-22T13:05:36+00:00\",\"mainEntityOfPage\":{\"@id\":\"https:\/\/sandzakpress.net\/arhiva\/akademik-muamer-zukorlic-za-politiku-jezik-bosanski-opasnost-za-srpski-1-dio\/\"},\"wordCount\":474,\"commentCount\":1,\"publisher\":{\"@id\":\"https:\/\/sandzakpress.net\/arhiva\/#\/schema\/person\/6e72b67d6e51910a1117b3b483ba20bd\"},\"image\":{\"@id\":\"https:\/\/sandzakpress.net\/arhiva\/akademik-muamer-zukorlic-za-politiku-jezik-bosanski-opasnost-za-srpski-1-dio\/#primaryimage\"},\"thumbnailUrl\":\"https:\/\/sandzakpress.net\/arhiva\/wp-content\/uploads\/2019\/07\/20190722_Internacionalni_Univerzitet_u_Novom_Pazaru_08-50-23_604171511-1024x369.jpg\",\"articleSection\":[\"Nacija\",\"Sjeverni Sand\u017eak\",\"Ju\u017eni Sand\u017eak\",\"Srbija\",\"VIJESTI DANA\"],\"inLanguage\":\"bs-BA\",\"potentialAction\":[{\"@type\":\"CommentAction\",\"name\":\"Comment\",\"target\":[\"https:\/\/sandzakpress.net\/arhiva\/akademik-muamer-zukorlic-za-politiku-jezik-bosanski-opasnost-za-srpski-1-dio\/#respond\"]}]},{\"@type\":\"WebPage\",\"@id\":\"https:\/\/sandzakpress.net\/arhiva\/akademik-muamer-zukorlic-za-politiku-jezik-bosanski-opasnost-za-srpski-1-dio\/\",\"url\":\"https:\/\/sandzakpress.net\/arhiva\/akademik-muamer-zukorlic-za-politiku-jezik-bosanski-opasnost-za-srpski-1-dio\/\",\"name\":\"Akademik Muamer Zukorli\u0107 za Politiku: JEZIK BOSANSKI OPASNOST ZA SRPSKI? (1. dio)\",\"isPartOf\":{\"@id\":\"https:\/\/sandzakpress.net\/arhiva\/#website\"},\"primaryImageOfPage\":{\"@id\":\"https:\/\/sandzakpress.net\/arhiva\/akademik-muamer-zukorlic-za-politiku-jezik-bosanski-opasnost-za-srpski-1-dio\/#primaryimage\"},\"image\":{\"@id\":\"https:\/\/sandzakpress.net\/arhiva\/akademik-muamer-zukorlic-za-politiku-jezik-bosanski-opasnost-za-srpski-1-dio\/#primaryimage\"},\"thumbnailUrl\":\"https:\/\/sandzakpress.net\/arhiva\/wp-content\/uploads\/2019\/07\/20190722_Internacionalni_Univerzitet_u_Novom_Pazaru_08-50-23_604171511-1024x369.jpg\",\"datePublished\":\"2019-07-22T13:05:34+00:00\",\"dateModified\":\"2019-07-22T13:05:36+00:00\",\"breadcrumb\":{\"@id\":\"https:\/\/sandzakpress.net\/arhiva\/akademik-muamer-zukorlic-za-politiku-jezik-bosanski-opasnost-za-srpski-1-dio\/#breadcrumb\"},\"inLanguage\":\"bs-BA\",\"potentialAction\":[{\"@type\":\"ReadAction\",\"target\":[\"https:\/\/sandzakpress.net\/arhiva\/akademik-muamer-zukorlic-za-politiku-jezik-bosanski-opasnost-za-srpski-1-dio\/\"]}]},{\"@type\":\"ImageObject\",\"inLanguage\":\"bs-BA\",\"@id\":\"https:\/\/sandzakpress.net\/arhiva\/akademik-muamer-zukorlic-za-politiku-jezik-bosanski-opasnost-za-srpski-1-dio\/#primaryimage\",\"url\":\"https:\/\/sandzakpress.net\/arhiva\/wp-content\/uploads\/2019\/07\/20190722_Internacionalni_Univerzitet_u_Novom_Pazaru_08-50-23_604171511-1024x369.jpg\",\"contentUrl\":\"https:\/\/sandzakpress.net\/arhiva\/wp-content\/uploads\/2019\/07\/20190722_Internacionalni_Univerzitet_u_Novom_Pazaru_08-50-23_604171511-1024x369.jpg\",\"width\":1024,\"height\":369},{\"@type\":\"BreadcrumbList\",\"@id\":\"https:\/\/sandzakpress.net\/arhiva\/akademik-muamer-zukorlic-za-politiku-jezik-bosanski-opasnost-za-srpski-1-dio\/#breadcrumb\",\"itemListElement\":[{\"@type\":\"ListItem\",\"position\":1,\"name\":\"Home\",\"item\":\"https:\/\/sandzakpress.net\/arhiva\/\"},{\"@type\":\"ListItem\",\"position\":2,\"name\":\"Akademik Muamer Zukorli\u0107 za Politiku: JEZIK BOSANSKI OPASNOST ZA SRPSKI? (1. dio)\"}]},{\"@type\":\"WebSite\",\"@id\":\"https:\/\/sandzakpress.net\/arhiva\/#website\",\"url\":\"https:\/\/sandzakpress.net\/arhiva\/\",\"name\":\"Sand\u017eak PRESS\",\"description\":\"Prve elektronske novine u Sand\u017eaku\",\"publisher\":{\"@id\":\"https:\/\/sandzakpress.net\/arhiva\/#\/schema\/person\/6e72b67d6e51910a1117b3b483ba20bd\"},\"potentialAction\":[{\"@type\":\"SearchAction\",\"target\":{\"@type\":\"EntryPoint\",\"urlTemplate\":\"https:\/\/sandzakpress.net\/arhiva\/?s={search_term_string}\"},\"query-input\":{\"@type\":\"PropertyValueSpecification\",\"valueRequired\":true,\"valueName\":\"search_term_string\"}}],\"inLanguage\":\"bs-BA\"},{\"@type\":[\"Person\",\"Organization\"],\"@id\":\"https:\/\/sandzakpress.net\/arhiva\/#\/schema\/person\/6e72b67d6e51910a1117b3b483ba20bd\",\"name\":\"Kul\",\"image\":{\"@type\":\"ImageObject\",\"inLanguage\":\"bs-BA\",\"@id\":\"https:\/\/sandzakpress.net\/arhiva\/#\/schema\/person\/image\/\",\"url\":\"https:\/\/secure.gravatar.com\/avatar\/42263f39aa27ac04c43cab85c280eb2e?s=96&d=mm&r=pg\",\"contentUrl\":\"https:\/\/secure.gravatar.com\/avatar\/42263f39aa27ac04c43cab85c280eb2e?s=96&d=mm&r=pg\",\"caption\":\"Kul\"},\"logo\":{\"@id\":\"https:\/\/sandzakpress.net\/arhiva\/#\/schema\/person\/image\/\"}},{\"@type\":\"Person\",\"@id\":\"https:\/\/sandzakpress.net\/arhiva\/#\/schema\/person\/cb59d7e3ab91ab90dd680ad0305a6185\",\"name\":\"Agencija\",\"image\":{\"@type\":\"ImageObject\",\"inLanguage\":\"bs-BA\",\"@id\":\"https:\/\/sandzakpress.net\/arhiva\/#\/schema\/person\/image\/\",\"url\":\"https:\/\/secure.gravatar.com\/avatar\/4b7fafa80a22f0c2afe23966b3961fe0?s=96&d=mm&r=pg\",\"contentUrl\":\"https:\/\/secure.gravatar.com\/avatar\/4b7fafa80a22f0c2afe23966b3961fe0?s=96&d=mm&r=pg\",\"caption\":\"Agencija\"},\"url\":\"https:\/\/sandzakpress.net\/arhiva\/author\/agencija\/\"}]}<\/script>\n<!-- \/ Yoast SEO Premium plugin. -->","yoast_head_json":{"title":"Akademik Muamer Zukorli\u0107 za Politiku: JEZIK BOSANSKI OPASNOST ZA SRPSKI? (1. dio)","robots":{"index":"index","follow":"follow","max-snippet":"max-snippet:-1","max-image-preview":"max-image-preview:large","max-video-preview":"max-video-preview:-1"},"canonical":"https:\/\/sandzakpress.net\/arhiva\/akademik-muamer-zukorlic-za-politiku-jezik-bosanski-opasnost-za-srpski-1-dio\/","og_locale":"bs_BA","og_type":"article","og_title":"Akademik Muamer Zukorli\u0107 za Politiku: JEZIK BOSANSKI OPASNOST ZA SRPSKI? (1. dio)","og_description":"Ustavom i zakonima sve precizirano Bosanski jezik je maternji jezik vi\u0161e stotina hiljada Bo\u0161njaka dr\u017eavljana Srbije, najzna\u010dajnije skoncentriranih na prostoru Sand\u017eaka, ali koji \u017eive i u drugim dijelovima Republike Srbije. Uslijed poznatih historijskih \u010dinjenica i doga\u0111anja na Balkanu, pravni status ovog jezika na tom prostoru nekoliko puta je mijenjan, od perioda njegove apsolutne dominacije do [&hellip;]","og_url":"https:\/\/sandzakpress.net\/arhiva\/akademik-muamer-zukorlic-za-politiku-jezik-bosanski-opasnost-za-srpski-1-dio\/","og_site_name":"Sand\u017eak PRESS","article_published_time":"2019-07-22T13:05:34+00:00","article_modified_time":"2019-07-22T13:05:36+00:00","og_image":[{"width":1024,"height":369,"url":"https:\/\/sandzakpress.net\/arhiva\/wp-content\/uploads\/2019\/07\/20190722_Internacionalni_Univerzitet_u_Novom_Pazaru_08-50-23_604171511-1024x369.jpg","type":"image\/jpeg"}],"author":"Agencija","twitter_card":"summary_large_image","twitter_misc":{"Written by":"Agencija","Est. reading time":"2 minute"},"schema":{"@context":"https:\/\/schema.org","@graph":[{"@type":"Article","@id":"https:\/\/sandzakpress.net\/arhiva\/akademik-muamer-zukorlic-za-politiku-jezik-bosanski-opasnost-za-srpski-1-dio\/#article","isPartOf":{"@id":"https:\/\/sandzakpress.net\/arhiva\/akademik-muamer-zukorlic-za-politiku-jezik-bosanski-opasnost-za-srpski-1-dio\/"},"author":{"name":"Agencija","@id":"https:\/\/sandzakpress.net\/arhiva\/#\/schema\/person\/cb59d7e3ab91ab90dd680ad0305a6185"},"headline":"Akademik Muamer Zukorli\u0107 za Politiku: JEZIK BOSANSKI OPASNOST ZA SRPSKI? (1. dio)","datePublished":"2019-07-22T13:05:34+00:00","dateModified":"2019-07-22T13:05:36+00:00","mainEntityOfPage":{"@id":"https:\/\/sandzakpress.net\/arhiva\/akademik-muamer-zukorlic-za-politiku-jezik-bosanski-opasnost-za-srpski-1-dio\/"},"wordCount":474,"commentCount":1,"publisher":{"@id":"https:\/\/sandzakpress.net\/arhiva\/#\/schema\/person\/6e72b67d6e51910a1117b3b483ba20bd"},"image":{"@id":"https:\/\/sandzakpress.net\/arhiva\/akademik-muamer-zukorlic-za-politiku-jezik-bosanski-opasnost-za-srpski-1-dio\/#primaryimage"},"thumbnailUrl":"https:\/\/sandzakpress.net\/arhiva\/wp-content\/uploads\/2019\/07\/20190722_Internacionalni_Univerzitet_u_Novom_Pazaru_08-50-23_604171511-1024x369.jpg","articleSection":["Nacija","Sjeverni Sand\u017eak","Ju\u017eni Sand\u017eak","Srbija","VIJESTI DANA"],"inLanguage":"bs-BA","potentialAction":[{"@type":"CommentAction","name":"Comment","target":["https:\/\/sandzakpress.net\/arhiva\/akademik-muamer-zukorlic-za-politiku-jezik-bosanski-opasnost-za-srpski-1-dio\/#respond"]}]},{"@type":"WebPage","@id":"https:\/\/sandzakpress.net\/arhiva\/akademik-muamer-zukorlic-za-politiku-jezik-bosanski-opasnost-za-srpski-1-dio\/","url":"https:\/\/sandzakpress.net\/arhiva\/akademik-muamer-zukorlic-za-politiku-jezik-bosanski-opasnost-za-srpski-1-dio\/","name":"Akademik Muamer Zukorli\u0107 za Politiku: JEZIK BOSANSKI OPASNOST ZA SRPSKI? (1. dio)","isPartOf":{"@id":"https:\/\/sandzakpress.net\/arhiva\/#website"},"primaryImageOfPage":{"@id":"https:\/\/sandzakpress.net\/arhiva\/akademik-muamer-zukorlic-za-politiku-jezik-bosanski-opasnost-za-srpski-1-dio\/#primaryimage"},"image":{"@id":"https:\/\/sandzakpress.net\/arhiva\/akademik-muamer-zukorlic-za-politiku-jezik-bosanski-opasnost-za-srpski-1-dio\/#primaryimage"},"thumbnailUrl":"https:\/\/sandzakpress.net\/arhiva\/wp-content\/uploads\/2019\/07\/20190722_Internacionalni_Univerzitet_u_Novom_Pazaru_08-50-23_604171511-1024x369.jpg","datePublished":"2019-07-22T13:05:34+00:00","dateModified":"2019-07-22T13:05:36+00:00","breadcrumb":{"@id":"https:\/\/sandzakpress.net\/arhiva\/akademik-muamer-zukorlic-za-politiku-jezik-bosanski-opasnost-za-srpski-1-dio\/#breadcrumb"},"inLanguage":"bs-BA","potentialAction":[{"@type":"ReadAction","target":["https:\/\/sandzakpress.net\/arhiva\/akademik-muamer-zukorlic-za-politiku-jezik-bosanski-opasnost-za-srpski-1-dio\/"]}]},{"@type":"ImageObject","inLanguage":"bs-BA","@id":"https:\/\/sandzakpress.net\/arhiva\/akademik-muamer-zukorlic-za-politiku-jezik-bosanski-opasnost-za-srpski-1-dio\/#primaryimage","url":"https:\/\/sandzakpress.net\/arhiva\/wp-content\/uploads\/2019\/07\/20190722_Internacionalni_Univerzitet_u_Novom_Pazaru_08-50-23_604171511-1024x369.jpg","contentUrl":"https:\/\/sandzakpress.net\/arhiva\/wp-content\/uploads\/2019\/07\/20190722_Internacionalni_Univerzitet_u_Novom_Pazaru_08-50-23_604171511-1024x369.jpg","width":1024,"height":369},{"@type":"BreadcrumbList","@id":"https:\/\/sandzakpress.net\/arhiva\/akademik-muamer-zukorlic-za-politiku-jezik-bosanski-opasnost-za-srpski-1-dio\/#breadcrumb","itemListElement":[{"@type":"ListItem","position":1,"name":"Home","item":"https:\/\/sandzakpress.net\/arhiva\/"},{"@type":"ListItem","position":2,"name":"Akademik Muamer Zukorli\u0107 za Politiku: JEZIK BOSANSKI OPASNOST ZA SRPSKI? (1. dio)"}]},{"@type":"WebSite","@id":"https:\/\/sandzakpress.net\/arhiva\/#website","url":"https:\/\/sandzakpress.net\/arhiva\/","name":"Sand\u017eak PRESS","description":"Prve elektronske novine u Sand\u017eaku","publisher":{"@id":"https:\/\/sandzakpress.net\/arhiva\/#\/schema\/person\/6e72b67d6e51910a1117b3b483ba20bd"},"potentialAction":[{"@type":"SearchAction","target":{"@type":"EntryPoint","urlTemplate":"https:\/\/sandzakpress.net\/arhiva\/?s={search_term_string}"},"query-input":{"@type":"PropertyValueSpecification","valueRequired":true,"valueName":"search_term_string"}}],"inLanguage":"bs-BA"},{"@type":["Person","Organization"],"@id":"https:\/\/sandzakpress.net\/arhiva\/#\/schema\/person\/6e72b67d6e51910a1117b3b483ba20bd","name":"Kul","image":{"@type":"ImageObject","inLanguage":"bs-BA","@id":"https:\/\/sandzakpress.net\/arhiva\/#\/schema\/person\/image\/","url":"https:\/\/secure.gravatar.com\/avatar\/42263f39aa27ac04c43cab85c280eb2e?s=96&d=mm&r=pg","contentUrl":"https:\/\/secure.gravatar.com\/avatar\/42263f39aa27ac04c43cab85c280eb2e?s=96&d=mm&r=pg","caption":"Kul"},"logo":{"@id":"https:\/\/sandzakpress.net\/arhiva\/#\/schema\/person\/image\/"}},{"@type":"Person","@id":"https:\/\/sandzakpress.net\/arhiva\/#\/schema\/person\/cb59d7e3ab91ab90dd680ad0305a6185","name":"Agencija","image":{"@type":"ImageObject","inLanguage":"bs-BA","@id":"https:\/\/sandzakpress.net\/arhiva\/#\/schema\/person\/image\/","url":"https:\/\/secure.gravatar.com\/avatar\/4b7fafa80a22f0c2afe23966b3961fe0?s=96&d=mm&r=pg","contentUrl":"https:\/\/secure.gravatar.com\/avatar\/4b7fafa80a22f0c2afe23966b3961fe0?s=96&d=mm&r=pg","caption":"Agencija"},"url":"https:\/\/sandzakpress.net\/arhiva\/author\/agencija\/"}]}},"_links":{"self":[{"href":"https:\/\/sandzakpress.net\/arhiva\/wp-json\/wp\/v2\/posts\/226433"}],"collection":[{"href":"https:\/\/sandzakpress.net\/arhiva\/wp-json\/wp\/v2\/posts"}],"about":[{"href":"https:\/\/sandzakpress.net\/arhiva\/wp-json\/wp\/v2\/types\/post"}],"author":[{"embeddable":true,"href":"https:\/\/sandzakpress.net\/arhiva\/wp-json\/wp\/v2\/users\/509"}],"replies":[{"embeddable":true,"href":"https:\/\/sandzakpress.net\/arhiva\/wp-json\/wp\/v2\/comments?post=226433"}],"version-history":[{"count":0,"href":"https:\/\/sandzakpress.net\/arhiva\/wp-json\/wp\/v2\/posts\/226433\/revisions"}],"wp:featuredmedia":[{"embeddable":true,"href":"https:\/\/sandzakpress.net\/arhiva\/wp-json\/wp\/v2\/media\/226435"}],"wp:attachment":[{"href":"https:\/\/sandzakpress.net\/arhiva\/wp-json\/wp\/v2\/media?parent=226433"}],"wp:term":[{"taxonomy":"category","embeddable":true,"href":"https:\/\/sandzakpress.net\/arhiva\/wp-json\/wp\/v2\/categories?post=226433"},{"taxonomy":"post_tag","embeddable":true,"href":"https:\/\/sandzakpress.net\/arhiva\/wp-json\/wp\/v2\/tags?post=226433"}],"curies":[{"name":"wp","href":"https:\/\/api.w.org\/{rel}","templated":true}]}}