{"id":226372,"date":"2019-07-19T13:56:34","date_gmt":"2019-07-19T11:56:34","guid":{"rendered":"https:\/\/sandzakpress.net\/arhiva\/?p=226372"},"modified":"2019-07-19T13:56:34","modified_gmt":"2019-07-19T11:56:34","slug":"direktor-te-pljevlja-dao-ostavku-zbog-pomora","status":"publish","type":"post","link":"https:\/\/sandzakpress.net\/arhiva\/direktor-te-pljevlja-dao-ostavku-zbog-pomora\/","title":{"rendered":"Direktor TE Pljevlja dao ostavku zbog pomora"},"content":{"rendered":"<p><strong><img decoding=\"async\" src=\"https:\/\/www.sandzaklive.rs\/images\/0\/sdfrtghzujikkujzhgfdsa.jpg\" alt=\"sdfrtghzujikkujzhgfdsa\" \/><\/strong><\/p>\n<p><strong>Odbor direktora Elektroprivrede Crne Gore prihvatio je ostavku direktora Termoelektrane Pljevlja, Vladimira \u0160estovi\u0107a, zbog ekolo\u0161kog incidenta na rekama Vezi\u0161nici i \u0106ehotini.<\/strong><\/p>\n<p>Krivi\u010dna prijava je podnesena protiv izvr\u0161nog direktora TE Pljevlja V.\u0160, zatim rukovodioca Sektora za operativnu kontrolu i planiranje D.B, kao i protiv smenskog in\u017eenjera R.D. Protiv stru\u010dnog lica za za\u0161titu \u017eivotne sredine, S.V, podnesena prijava zbog nepreduzimanja mera za\u0161tite \u017eivotne sredine. Policija je utvrdila da je rukovalac bager stanice, po prethodno dobijenom usmenom nalogu od smenskog in\u017eenjera R.D, a prema usmenim instrukcijama rukovodioca D.B, sa kojima je bio upoznat izvr\u0161ni direktor V.\u0160, otvorio drena\u017eni ventil koji se nalazi van kruga TE Pljevlja radi izlivanja otpadnih voda iz sistema termoelektrane u reku Vezi\u0161nicu, \u0161to je izazvalo ekolo\u0161ki incident i pomor ribe u ovoj reci i \u0106ehotini.<\/p>\n<p>Odbor direktora je na vanrednoj sednici, odr\u017eanoj u skladu sa zaklju\u010dcima Vlade Crne Gore, analizirao aktuelnu situaciju u TE Pljevlja, njene uzroke i posledice.<\/p>\n<p>&#8220;Elektroprivreda Crne Gore&#8221; izvinila se gra\u0111anima Pljevalja i celokupnoj javnosti zbog ekolo\u0161kog incidenta koji se dogodio 4. jula, kao i neadekvatnog informisanja javnosti o cijelom slu\u010daju.<\/p>\n<p>&#8220;Odbor direktora je zaklju\u010dio da je akcident posledica havarijske drena\u017ee sistema za odvoz pepela i \u0161ljake, u situaciji koja je mogla dovesti do porasta nivoa vode na deponiji, \u0161to bi ozbiljno naru\u0161ilo stabilnost brane deponije &#8216;Maljevac&#8217;, sa nesagledivim \u0161tetnim posledicama po ljudske \u017eivote, stambene objekte i ostala materijalna dobra&#8221;, navodi se u saop\u0161tenju.<\/p>\n<p>Uprava policije Crne Gore podnela je ranije krivi\u010dnu prijavu protiv TE Pljevlja i \u010detiri odgovorna lica u njoj zbog ekolo\u0161kog incidenta i pomora ribe u rekama Vezi\u0161nici i \u0106ehotini.<\/p>\n<p>Crnogorska vlada je zatra\u017eila od Elektroprivrede Crne Gore da hitno sanira \u0161tetu nastalu usled ulivanja otpadnih voda iz TE Pljevlja u te reke.<\/p>\n<p>Izvor:Mondo\/Srna<\/p>\n<p>(Vijesti)<\/p>\n","protected":false},"excerpt":{"rendered":"<p>Odbor direktora Elektroprivrede Crne Gore prihvatio je ostavku direktora Termoelektrane Pljevlja, Vladimira \u0160estovi\u0107a, zbog ekolo\u0161kog incidenta na rekama Vezi\u0161nici i \u0106ehotini. Krivi\u010dna prijava je podnesena protiv izvr\u0161nog direktora TE Pljevlja V.\u0160, zatim rukovodioca Sektora za operativnu kontrolu i planiranje D.B, kao i protiv smenskog in\u017eenjera R.D. Protiv stru\u010dnog lica za za\u0161titu \u017eivotne sredine, S.V, podnesena [&hellip;]<\/p>\n","protected":false},"author":509,"featured_media":226376,"comment_status":"open","ping_status":"open","sticky":false,"template":"","format":"standard","meta":{"footnotes":""},"categories":[3,395],"tags":[],"class_list":{"0":"post-226372","1":"post","2":"type-post","3":"status-publish","4":"format-standard","5":"has-post-thumbnail","7":"category-privreda","8":"category-pljevlja_"},"yoast_head":"<!-- This site is optimized with the Yoast SEO Premium plugin v23.1 (Yoast SEO v24.9) - https:\/\/yoast.com\/wordpress\/plugins\/seo\/ -->\n<title>Direktor TE Pljevlja dao ostavku zbog pomora<\/title>\n<meta name=\"robots\" content=\"index, follow, max-snippet:-1, max-image-preview:large, max-video-preview:-1\" \/>\n<link rel=\"canonical\" href=\"https:\/\/sandzakpress.net\/arhiva\/direktor-te-pljevlja-dao-ostavku-zbog-pomora\/\" \/>\n<meta property=\"og:locale\" content=\"bs_BA\" \/>\n<meta property=\"og:type\" content=\"article\" \/>\n<meta property=\"og:title\" content=\"Direktor TE Pljevlja dao ostavku zbog pomora\" \/>\n<meta property=\"og:description\" content=\"Odbor direktora Elektroprivrede Crne Gore prihvatio je ostavku direktora Termoelektrane Pljevlja, Vladimira \u0160estovi\u0107a, zbog ekolo\u0161kog incidenta na rekama Vezi\u0161nici i \u0106ehotini. Krivi\u010dna prijava je podnesena protiv izvr\u0161nog direktora TE Pljevlja V.\u0160, zatim rukovodioca Sektora za operativnu kontrolu i planiranje D.B, kao i protiv smenskog in\u017eenjera R.D. Protiv stru\u010dnog lica za za\u0161titu \u017eivotne sredine, S.V, podnesena [&hellip;]\" \/>\n<meta property=\"og:url\" content=\"https:\/\/sandzakpress.net\/arhiva\/direktor-te-pljevlja-dao-ostavku-zbog-pomora\/\" \/>\n<meta property=\"og:site_name\" content=\"Sand\u017eak PRESS\" \/>\n<meta property=\"article:published_time\" content=\"2019-07-19T11:56:34+00:00\" \/>\n<meta property=\"og:image\" content=\"https:\/\/sandzakpress.net\/arhiva\/wp-content\/uploads\/2019\/07\/sdfrtghzujikkujzhgfdsa.jpg\" \/>\n\t<meta property=\"og:image:width\" content=\"940\" \/>\n\t<meta property=\"og:image:height\" content=\"529\" \/>\n\t<meta property=\"og:image:type\" content=\"image\/jpeg\" \/>\n<meta name=\"author\" content=\"Agencija\" \/>\n<meta name=\"twitter:card\" content=\"summary_large_image\" \/>\n<meta name=\"twitter:label1\" content=\"Written by\" \/>\n\t<meta name=\"twitter:data1\" content=\"Agencija\" \/>\n\t<meta name=\"twitter:label2\" content=\"Est. reading time\" \/>\n\t<meta name=\"twitter:data2\" content=\"2 minute\" \/>\n<script type=\"application\/ld+json\" class=\"yoast-schema-graph\">{\"@context\":\"https:\/\/schema.org\",\"@graph\":[{\"@type\":\"Article\",\"@id\":\"https:\/\/sandzakpress.net\/arhiva\/direktor-te-pljevlja-dao-ostavku-zbog-pomora\/#article\",\"isPartOf\":{\"@id\":\"https:\/\/sandzakpress.net\/arhiva\/direktor-te-pljevlja-dao-ostavku-zbog-pomora\/\"},\"author\":{\"name\":\"Agencija\",\"@id\":\"https:\/\/sandzakpress.net\/arhiva\/#\/schema\/person\/cb59d7e3ab91ab90dd680ad0305a6185\"},\"headline\":\"Direktor TE Pljevlja dao ostavku zbog pomora\",\"datePublished\":\"2019-07-19T11:56:34+00:00\",\"mainEntityOfPage\":{\"@id\":\"https:\/\/sandzakpress.net\/arhiva\/direktor-te-pljevlja-dao-ostavku-zbog-pomora\/\"},\"wordCount\":323,\"commentCount\":0,\"publisher\":{\"@id\":\"https:\/\/sandzakpress.net\/arhiva\/#\/schema\/person\/6e72b67d6e51910a1117b3b483ba20bd\"},\"image\":{\"@id\":\"https:\/\/sandzakpress.net\/arhiva\/direktor-te-pljevlja-dao-ostavku-zbog-pomora\/#primaryimage\"},\"thumbnailUrl\":\"https:\/\/sandzakpress.net\/arhiva\/wp-content\/uploads\/2019\/07\/sdfrtghzujikkujzhgfdsa.jpg\",\"articleSection\":[\"Privreda\",\"Pljevlja\"],\"inLanguage\":\"bs-BA\",\"potentialAction\":[{\"@type\":\"CommentAction\",\"name\":\"Comment\",\"target\":[\"https:\/\/sandzakpress.net\/arhiva\/direktor-te-pljevlja-dao-ostavku-zbog-pomora\/#respond\"]}]},{\"@type\":\"WebPage\",\"@id\":\"https:\/\/sandzakpress.net\/arhiva\/direktor-te-pljevlja-dao-ostavku-zbog-pomora\/\",\"url\":\"https:\/\/sandzakpress.net\/arhiva\/direktor-te-pljevlja-dao-ostavku-zbog-pomora\/\",\"name\":\"Direktor TE Pljevlja dao ostavku zbog pomora\",\"isPartOf\":{\"@id\":\"https:\/\/sandzakpress.net\/arhiva\/#website\"},\"primaryImageOfPage\":{\"@id\":\"https:\/\/sandzakpress.net\/arhiva\/direktor-te-pljevlja-dao-ostavku-zbog-pomora\/#primaryimage\"},\"image\":{\"@id\":\"https:\/\/sandzakpress.net\/arhiva\/direktor-te-pljevlja-dao-ostavku-zbog-pomora\/#primaryimage\"},\"thumbnailUrl\":\"https:\/\/sandzakpress.net\/arhiva\/wp-content\/uploads\/2019\/07\/sdfrtghzujikkujzhgfdsa.jpg\",\"datePublished\":\"2019-07-19T11:56:34+00:00\",\"breadcrumb\":{\"@id\":\"https:\/\/sandzakpress.net\/arhiva\/direktor-te-pljevlja-dao-ostavku-zbog-pomora\/#breadcrumb\"},\"inLanguage\":\"bs-BA\",\"potentialAction\":[{\"@type\":\"ReadAction\",\"target\":[\"https:\/\/sandzakpress.net\/arhiva\/direktor-te-pljevlja-dao-ostavku-zbog-pomora\/\"]}]},{\"@type\":\"ImageObject\",\"inLanguage\":\"bs-BA\",\"@id\":\"https:\/\/sandzakpress.net\/arhiva\/direktor-te-pljevlja-dao-ostavku-zbog-pomora\/#primaryimage\",\"url\":\"https:\/\/sandzakpress.net\/arhiva\/wp-content\/uploads\/2019\/07\/sdfrtghzujikkujzhgfdsa.jpg\",\"contentUrl\":\"https:\/\/sandzakpress.net\/arhiva\/wp-content\/uploads\/2019\/07\/sdfrtghzujikkujzhgfdsa.jpg\",\"width\":940,\"height\":529},{\"@type\":\"BreadcrumbList\",\"@id\":\"https:\/\/sandzakpress.net\/arhiva\/direktor-te-pljevlja-dao-ostavku-zbog-pomora\/#breadcrumb\",\"itemListElement\":[{\"@type\":\"ListItem\",\"position\":1,\"name\":\"Home\",\"item\":\"https:\/\/sandzakpress.net\/arhiva\/\"},{\"@type\":\"ListItem\",\"position\":2,\"name\":\"Direktor TE Pljevlja dao ostavku zbog pomora\"}]},{\"@type\":\"WebSite\",\"@id\":\"https:\/\/sandzakpress.net\/arhiva\/#website\",\"url\":\"https:\/\/sandzakpress.net\/arhiva\/\",\"name\":\"Sand\u017eak PRESS\",\"description\":\"Prve elektronske novine u Sand\u017eaku\",\"publisher\":{\"@id\":\"https:\/\/sandzakpress.net\/arhiva\/#\/schema\/person\/6e72b67d6e51910a1117b3b483ba20bd\"},\"potentialAction\":[{\"@type\":\"SearchAction\",\"target\":{\"@type\":\"EntryPoint\",\"urlTemplate\":\"https:\/\/sandzakpress.net\/arhiva\/?s={search_term_string}\"},\"query-input\":{\"@type\":\"PropertyValueSpecification\",\"valueRequired\":true,\"valueName\":\"search_term_string\"}}],\"inLanguage\":\"bs-BA\"},{\"@type\":[\"Person\",\"Organization\"],\"@id\":\"https:\/\/sandzakpress.net\/arhiva\/#\/schema\/person\/6e72b67d6e51910a1117b3b483ba20bd\",\"name\":\"Kul\",\"image\":{\"@type\":\"ImageObject\",\"inLanguage\":\"bs-BA\",\"@id\":\"https:\/\/sandzakpress.net\/arhiva\/#\/schema\/person\/image\/\",\"url\":\"https:\/\/secure.gravatar.com\/avatar\/42263f39aa27ac04c43cab85c280eb2e?s=96&d=mm&r=pg\",\"contentUrl\":\"https:\/\/secure.gravatar.com\/avatar\/42263f39aa27ac04c43cab85c280eb2e?s=96&d=mm&r=pg\",\"caption\":\"Kul\"},\"logo\":{\"@id\":\"https:\/\/sandzakpress.net\/arhiva\/#\/schema\/person\/image\/\"}},{\"@type\":\"Person\",\"@id\":\"https:\/\/sandzakpress.net\/arhiva\/#\/schema\/person\/cb59d7e3ab91ab90dd680ad0305a6185\",\"name\":\"Agencija\",\"image\":{\"@type\":\"ImageObject\",\"inLanguage\":\"bs-BA\",\"@id\":\"https:\/\/sandzakpress.net\/arhiva\/#\/schema\/person\/image\/\",\"url\":\"https:\/\/secure.gravatar.com\/avatar\/4b7fafa80a22f0c2afe23966b3961fe0?s=96&d=mm&r=pg\",\"contentUrl\":\"https:\/\/secure.gravatar.com\/avatar\/4b7fafa80a22f0c2afe23966b3961fe0?s=96&d=mm&r=pg\",\"caption\":\"Agencija\"},\"url\":\"https:\/\/sandzakpress.net\/arhiva\/author\/agencija\/\"}]}<\/script>\n<!-- \/ Yoast SEO Premium plugin. -->","yoast_head_json":{"title":"Direktor TE Pljevlja dao ostavku zbog pomora","robots":{"index":"index","follow":"follow","max-snippet":"max-snippet:-1","max-image-preview":"max-image-preview:large","max-video-preview":"max-video-preview:-1"},"canonical":"https:\/\/sandzakpress.net\/arhiva\/direktor-te-pljevlja-dao-ostavku-zbog-pomora\/","og_locale":"bs_BA","og_type":"article","og_title":"Direktor TE Pljevlja dao ostavku zbog pomora","og_description":"Odbor direktora Elektroprivrede Crne Gore prihvatio je ostavku direktora Termoelektrane Pljevlja, Vladimira \u0160estovi\u0107a, zbog ekolo\u0161kog incidenta na rekama Vezi\u0161nici i \u0106ehotini. Krivi\u010dna prijava je podnesena protiv izvr\u0161nog direktora TE Pljevlja V.\u0160, zatim rukovodioca Sektora za operativnu kontrolu i planiranje D.B, kao i protiv smenskog in\u017eenjera R.D. Protiv stru\u010dnog lica za za\u0161titu \u017eivotne sredine, S.V, podnesena [&hellip;]","og_url":"https:\/\/sandzakpress.net\/arhiva\/direktor-te-pljevlja-dao-ostavku-zbog-pomora\/","og_site_name":"Sand\u017eak PRESS","article_published_time":"2019-07-19T11:56:34+00:00","og_image":[{"width":940,"height":529,"url":"https:\/\/sandzakpress.net\/arhiva\/wp-content\/uploads\/2019\/07\/sdfrtghzujikkujzhgfdsa.jpg","type":"image\/jpeg"}],"author":"Agencija","twitter_card":"summary_large_image","twitter_misc":{"Written by":"Agencija","Est. reading time":"2 minute"},"schema":{"@context":"https:\/\/schema.org","@graph":[{"@type":"Article","@id":"https:\/\/sandzakpress.net\/arhiva\/direktor-te-pljevlja-dao-ostavku-zbog-pomora\/#article","isPartOf":{"@id":"https:\/\/sandzakpress.net\/arhiva\/direktor-te-pljevlja-dao-ostavku-zbog-pomora\/"},"author":{"name":"Agencija","@id":"https:\/\/sandzakpress.net\/arhiva\/#\/schema\/person\/cb59d7e3ab91ab90dd680ad0305a6185"},"headline":"Direktor TE Pljevlja dao ostavku zbog pomora","datePublished":"2019-07-19T11:56:34+00:00","mainEntityOfPage":{"@id":"https:\/\/sandzakpress.net\/arhiva\/direktor-te-pljevlja-dao-ostavku-zbog-pomora\/"},"wordCount":323,"commentCount":0,"publisher":{"@id":"https:\/\/sandzakpress.net\/arhiva\/#\/schema\/person\/6e72b67d6e51910a1117b3b483ba20bd"},"image":{"@id":"https:\/\/sandzakpress.net\/arhiva\/direktor-te-pljevlja-dao-ostavku-zbog-pomora\/#primaryimage"},"thumbnailUrl":"https:\/\/sandzakpress.net\/arhiva\/wp-content\/uploads\/2019\/07\/sdfrtghzujikkujzhgfdsa.jpg","articleSection":["Privreda","Pljevlja"],"inLanguage":"bs-BA","potentialAction":[{"@type":"CommentAction","name":"Comment","target":["https:\/\/sandzakpress.net\/arhiva\/direktor-te-pljevlja-dao-ostavku-zbog-pomora\/#respond"]}]},{"@type":"WebPage","@id":"https:\/\/sandzakpress.net\/arhiva\/direktor-te-pljevlja-dao-ostavku-zbog-pomora\/","url":"https:\/\/sandzakpress.net\/arhiva\/direktor-te-pljevlja-dao-ostavku-zbog-pomora\/","name":"Direktor TE Pljevlja dao ostavku zbog pomora","isPartOf":{"@id":"https:\/\/sandzakpress.net\/arhiva\/#website"},"primaryImageOfPage":{"@id":"https:\/\/sandzakpress.net\/arhiva\/direktor-te-pljevlja-dao-ostavku-zbog-pomora\/#primaryimage"},"image":{"@id":"https:\/\/sandzakpress.net\/arhiva\/direktor-te-pljevlja-dao-ostavku-zbog-pomora\/#primaryimage"},"thumbnailUrl":"https:\/\/sandzakpress.net\/arhiva\/wp-content\/uploads\/2019\/07\/sdfrtghzujikkujzhgfdsa.jpg","datePublished":"2019-07-19T11:56:34+00:00","breadcrumb":{"@id":"https:\/\/sandzakpress.net\/arhiva\/direktor-te-pljevlja-dao-ostavku-zbog-pomora\/#breadcrumb"},"inLanguage":"bs-BA","potentialAction":[{"@type":"ReadAction","target":["https:\/\/sandzakpress.net\/arhiva\/direktor-te-pljevlja-dao-ostavku-zbog-pomora\/"]}]},{"@type":"ImageObject","inLanguage":"bs-BA","@id":"https:\/\/sandzakpress.net\/arhiva\/direktor-te-pljevlja-dao-ostavku-zbog-pomora\/#primaryimage","url":"https:\/\/sandzakpress.net\/arhiva\/wp-content\/uploads\/2019\/07\/sdfrtghzujikkujzhgfdsa.jpg","contentUrl":"https:\/\/sandzakpress.net\/arhiva\/wp-content\/uploads\/2019\/07\/sdfrtghzujikkujzhgfdsa.jpg","width":940,"height":529},{"@type":"BreadcrumbList","@id":"https:\/\/sandzakpress.net\/arhiva\/direktor-te-pljevlja-dao-ostavku-zbog-pomora\/#breadcrumb","itemListElement":[{"@type":"ListItem","position":1,"name":"Home","item":"https:\/\/sandzakpress.net\/arhiva\/"},{"@type":"ListItem","position":2,"name":"Direktor TE Pljevlja dao ostavku zbog pomora"}]},{"@type":"WebSite","@id":"https:\/\/sandzakpress.net\/arhiva\/#website","url":"https:\/\/sandzakpress.net\/arhiva\/","name":"Sand\u017eak PRESS","description":"Prve elektronske novine u Sand\u017eaku","publisher":{"@id":"https:\/\/sandzakpress.net\/arhiva\/#\/schema\/person\/6e72b67d6e51910a1117b3b483ba20bd"},"potentialAction":[{"@type":"SearchAction","target":{"@type":"EntryPoint","urlTemplate":"https:\/\/sandzakpress.net\/arhiva\/?s={search_term_string}"},"query-input":{"@type":"PropertyValueSpecification","valueRequired":true,"valueName":"search_term_string"}}],"inLanguage":"bs-BA"},{"@type":["Person","Organization"],"@id":"https:\/\/sandzakpress.net\/arhiva\/#\/schema\/person\/6e72b67d6e51910a1117b3b483ba20bd","name":"Kul","image":{"@type":"ImageObject","inLanguage":"bs-BA","@id":"https:\/\/sandzakpress.net\/arhiva\/#\/schema\/person\/image\/","url":"https:\/\/secure.gravatar.com\/avatar\/42263f39aa27ac04c43cab85c280eb2e?s=96&d=mm&r=pg","contentUrl":"https:\/\/secure.gravatar.com\/avatar\/42263f39aa27ac04c43cab85c280eb2e?s=96&d=mm&r=pg","caption":"Kul"},"logo":{"@id":"https:\/\/sandzakpress.net\/arhiva\/#\/schema\/person\/image\/"}},{"@type":"Person","@id":"https:\/\/sandzakpress.net\/arhiva\/#\/schema\/person\/cb59d7e3ab91ab90dd680ad0305a6185","name":"Agencija","image":{"@type":"ImageObject","inLanguage":"bs-BA","@id":"https:\/\/sandzakpress.net\/arhiva\/#\/schema\/person\/image\/","url":"https:\/\/secure.gravatar.com\/avatar\/4b7fafa80a22f0c2afe23966b3961fe0?s=96&d=mm&r=pg","contentUrl":"https:\/\/secure.gravatar.com\/avatar\/4b7fafa80a22f0c2afe23966b3961fe0?s=96&d=mm&r=pg","caption":"Agencija"},"url":"https:\/\/sandzakpress.net\/arhiva\/author\/agencija\/"}]}},"_links":{"self":[{"href":"https:\/\/sandzakpress.net\/arhiva\/wp-json\/wp\/v2\/posts\/226372"}],"collection":[{"href":"https:\/\/sandzakpress.net\/arhiva\/wp-json\/wp\/v2\/posts"}],"about":[{"href":"https:\/\/sandzakpress.net\/arhiva\/wp-json\/wp\/v2\/types\/post"}],"author":[{"embeddable":true,"href":"https:\/\/sandzakpress.net\/arhiva\/wp-json\/wp\/v2\/users\/509"}],"replies":[{"embeddable":true,"href":"https:\/\/sandzakpress.net\/arhiva\/wp-json\/wp\/v2\/comments?post=226372"}],"version-history":[{"count":0,"href":"https:\/\/sandzakpress.net\/arhiva\/wp-json\/wp\/v2\/posts\/226372\/revisions"}],"wp:featuredmedia":[{"embeddable":true,"href":"https:\/\/sandzakpress.net\/arhiva\/wp-json\/wp\/v2\/media\/226376"}],"wp:attachment":[{"href":"https:\/\/sandzakpress.net\/arhiva\/wp-json\/wp\/v2\/media?parent=226372"}],"wp:term":[{"taxonomy":"category","embeddable":true,"href":"https:\/\/sandzakpress.net\/arhiva\/wp-json\/wp\/v2\/categories?post=226372"},{"taxonomy":"post_tag","embeddable":true,"href":"https:\/\/sandzakpress.net\/arhiva\/wp-json\/wp\/v2\/tags?post=226372"}],"curies":[{"name":"wp","href":"https:\/\/api.w.org\/{rel}","templated":true}]}}