{"id":226343,"date":"2019-07-18T17:45:26","date_gmt":"2019-07-18T15:45:26","guid":{"rendered":"https:\/\/sandzakpress.net\/arhiva\/izetbegovic-dodik-vec-deceniju-kreira-krize-u-bih-a-covic-mu-drzi-stranu"},"modified":"2019-07-18T17:45:26","modified_gmt":"2019-07-18T15:45:26","slug":"izetbegovic-dodik-vec-deceniju-kreira-krize-u-bih-a-covic-mu-drzi-stranu","status":"publish","type":"post","link":"https:\/\/sandzakpress.net\/arhiva\/izetbegovic-dodik-vec-deceniju-kreira-krize-u-bih-a-covic-mu-drzi-stranu\/","title":{"rendered":"Izetbegovi\u0107: Dodik ve\u0107 deceniju kreira krize u BiH, a \u010covi\u0107 mu dr\u017ei stranu"},"content":{"rendered":"<p><span class=\"cb-itemprop\"><\/p>\n<div class=\"post__content post__content--holder\">\n<p><img loading=\"lazy\" decoding=\"async\" class=\"size-full wp-image-210466 aligncenter\" src=\"https:\/\/bosnapress.net\/wp-content\/uploads\/2019\/07\/c00eb4159e6616e03138201e8afb9880.jpg\" alt=\"\" width=\"1024\" height=\"683\" \/><\/p>\n<p>Bakir Izetbegovi\u0107, predsjednik SDA i predsjedavaju\u0107i Doma naroda Parlamentarne skup\u0161tine BiH, u opse\u017enom intervjuu Faktoru, izme\u0111u ostalog, govorio je i o razlozima zbog kojih jo\u0161 nije formirana vlast na federalnom i dr\u017eavnom nivou, koliko je za to \u201ckriva\u201d SDA, kao i Dodikovom aktueliziranju pitanja granice izme\u0111u Srbije i BiH. Izetbegovi\u0107 je tako\u0111er pojasnio i kako funkcionira saradnja SDA sa SBB-om i DF-om,\u00a0 osvrnuo se na odnos\u00a0 dijela predstavnika me\u0111unarodne zajednice koji su poku\u0161avali SDA izbaciti iz vlasti, nu\u017enosti dono\u0161enja zakona o zabrani negiranja genocida i glorifikacije zlo\u010dina i zlo\u010dinaca, te prognozirao do kada \u0107e opstati trenutna vlast u Kantonu Sarajevo.<\/p>\n<p><strong>Predsjedavaju\u0107i Predsjedni\u0161tva BiH Milorad Dodik je aktuelizirao pitanje rje\u0161avanja granica izme\u0111u BiH i Srbije. On insistira da se prihvatiti sporazum koji je predlo\u017eila Srbija, odnosno predsjednik Srbije Aleksandar Vu\u010di\u0107. Dodik je poru\u010dio da prihvata taj sporazum, ali \u201costaje da ga prihvati i bo\u0161nja\u010dka strana\u201d. O kakvom sporazumu govori Dodik? \u0160ta je to Srbija predlo\u017eila, a bo\u0161nja\u010dka strana, odnosno, Vi tada kao \u010dlan Predsjedni\u0161tva BiH odbili?<\/strong><\/p>\n<p>-Ja sam odbio da izmjene granice koje je predlagao predsjednik Srbije Vu\u010di\u0107 prihvatim na zatvorenom sastanku, bez anga\u017eovanja stru\u010dnih komisija i mimo javnosti. Njegov prijedlog je bio usmeno iznesen i predvi\u0111ao je nekoliko izmjena granice na na\u010din da hidrocentrale na rijeci Drini budu definitivno prepu\u0161tene Srbiji, te da se kod mjesta Rudo izvr\u0161i zamjena teritorija tako da Srbija preuzme dio teritorija u BiH sa izgra\u0111enom cestom, a zauzvrat Bosni i Hercegovini preda dio neizgra\u0111enog teritorija pod \u0161umom.<\/p>\n<p>Ivani\u0107 i \u010covi\u0107 su prihvatili prijedlog, a ja sam tra\u017eio da se on dostavi u pisanoj formi i da se njime pozabave mje\u0161ovite stru\u010dne komisije dviju zemalja. To nikada nije slu\u017ebeno ura\u0111eno, tako da, ustvari, zvani\u010dno ne postoji nikakav prijedlog Srbije. Pored ovoga, \u010covi\u0107 je, vjerovatno u \u017eelji da pridobije naklonost Vu\u010di\u0107a, bez ikakve konsultacije sa Ivani\u0107em i sa mnom, ponudio da BiH \u201cprati stavove Srbije kada je u pitanju odnos prema Kosovu\u201d. I tako smo, umjesto dogovora sa Srbijom, dobili incident jer sam ja bio prisiljen da na press konferenciji demantujem \u010covi\u0107a i branim suverenitet BiH.<\/p>\n<p><strong>Kako komentirate to \u0161to Dodik ponovo u centar pa\u017enje stavlja pitanje granica, koriste\u0107i formulacije sli\u010dne onima koje je upotrebljavao Aleksandar Vu\u010di\u0107 kada je Bo\u0161njacima prigovarao da samo oni odbijaju prijedlog Srbije o razgrani\u010denju i razmjeni teritorija. Dodikove izjave su zanimljive i zbog toga \u0161to dolaze samo nekoliko dana poslije Samita na Jahorini, gdje je upravo on inicirao formiranje me\u0111udr\u017eavne komisije, ali se predomislio i insistira isklju\u010divo na prijelogu Srbije.<\/strong><\/p>\n<p>-Dodik o\u010digledno ne zna dovoljno o ovom problemu, njemu su stvari predstavljene na na\u010din da bo\u0161nja\u010dka strana bez razloga pravi problem i odbija jedno izbalansirano rje\u0161enje.\u00a0\u00a0Zato je Dodik, o\u010digledno bez konsultacija sa Beogradom, predlo\u017eio aktivaciju komisija, na \u010demu sam i ja ranije insistirao. Formalno me optu\u017eio, ali me realno podr\u017eao. Uskoro \u0107e odustati od komisija, jer to nije u interesu Srbije, i samo \u0107e bez pravih argumenata nastaviti da optu\u017euje bo\u0161nja\u010dke predstavnike. Srbija ustvari ne \u017eeli transparentan rad na ovom pitanju, ona bi da se problem politi\u010dki \u201cprebije preko koljena\u201d, naravno u njihovu korist. Vjerovatno ra\u010dunaju da je glavni interes BiH kona\u010dna demarkacija granice i da smo spremni platiti cijenu za to.<\/p>\n<p><strong>Ima li uop\u0107e potrebe da se formiraju neke komisije, kako je to Dodik najavio, da bi se utvrdila granica izme\u0111u BiH i Srbije i mo\u017ee li se to pitanje rije\u0161iti bez prethodnog postizanja dogovora o hidroelektranama na Drini, odnosno dugu Srbije prema Bosni i Hercegovini za njihovo kori\u0161tenje?<\/strong><\/p>\n<p>-Granica je rije\u0161ena jo\u0161 1991. godine kroz rad Badinterove arbitra\u017ene komisije, na na\u010din da je republi\u010dka granica pretvorena u dr\u017eavnu. Dakle, granica je utvr\u0111ena, postoji. Preostala je demarkacija, odnosno obilje\u017eavanje grani\u010dne linije, ali Srbija ne \u017eeli pristupiti tom procesu bez prethodnog prihvatanja izmjena granice. To naravno nije fer i nije dobrosusjedski, a jo\u0161 manje je fer tra\u017eiti da se izmjene prihvate na politi\u010dkom nivou, bez rada stru\u010dnih me\u0111udr\u017eavnih tijela. Srbijanska strana tvrdi da su hidroelektrane stoprocentno finansirane od strane Srbije, a na\u0161 odgovor je da \u0107emo to prihvatiti pod uvjetom da to stru\u010dna tijela dokumentuju i doka\u017eu.<\/p>\n<p><strong>Osam mjeseci je pro\u0161lo od potvrde izbornih rezultata, a vlast na dr\u017eavnom i federalnom nivou jo\u0161 nije konstituisana. U jednom trenutku, kada su objavljene informacije o podjeli resora u Vije\u0107u ministara BiH, \u010dinilo se da dogovor blizu. Nakon toga nastupilo je zati\u0161je. Ima li razgovora na tu temu, sastajete li se sa liderima drugih stranaka i gdje je nastao problem, odnosno za\u0161to je sve stalo? Kakva je Va\u0161a procjena kada bi dr\u017eava i Federacija mogle dobiti izvr\u0161nu vlast?<\/strong><\/p>\n<p>-Sve je stalo zato \u0161to predstavnici SNSD-a ne po\u0161tuju Ustav i zakone ove zemlje, odnosno \u0161to poku\u0161avaju da nametnu volju entiteta u sferi odbrane i vanjskih poslova, dakle u sferi onoga \u0161to je isklju\u010diva nadle\u017enost dr\u017eave. Rje\u0161enje je uvijek tu, spremni smo formirati vlast uz jedan jednostavan i jedini logi\u010dan korak \u2013 da se Vije\u0107e ministara koje \u0107e u ovom mandatu predvoditi kadar SNSD-a obave\u017ee da \u0107e raditi u skladu sa Ustavom BiH i po\u0161tuju\u0107i vladavinu zakona.<\/p>\n<p>Kada je u pitanju Federacija, imamo sli\u010dan problem, predstavnici HDZ-a iznesu korektan stav da ne treba ni\u010dim uvjetovati formiranje vlasti, a onda postave nekorektan uvjet \u2013 hitne izmjene Izbornog zakona koje ne uspijevamo dogovoriti ve\u0107 14 godina. I jo\u0161, rje\u0161enje o\u010dekuju od SDA! Predsjednik HDZ-a je prije par godina odbio rje\u0161enje koje je nudio predstavnik EU-a \u0160tefan F\u00fcle po ovom pitanju, HDZ ne nudi nikakvo novo rje\u0161enje, ali poja\u010dava krizu cijene\u0107i da \u0107e pritisak natjerati one kojima je stabilnost BiH na srcu da \u201crode\u201d rje\u0161enje. Mislim da je to krivi i nefer pristup. Svi koji imaju minimum odgovornosti prema gra\u0111anima BiH, prema svom narodu i glasa\u010dima, morali bi prestati sa ucjenama.<\/p>\n<p>Uprkos svemu, uvjeren sam da \u0107e razum prevladati i da \u0107e i jedni i drugi odustati od nemogu\u0107ih zahtjeva. Jesen \u0107e donijeti smirenije rje\u0161enje.<\/p>\n<p><strong>I Dodik, ali i Dragan \u010covi\u0107, predsjednik HDZ-a, prozivaju isklju\u010divo SDA za blokadu. \u010covi\u0107 je najavio \u010dak i o\u0161tar zaokret, te ponovo uvjetuje uspostavu vlasti dogovorom o Izbornom zakonu. Ima li u svemu tome krivice SDA?<\/strong><\/p>\n<p>-Nema krivice SDA, osim ako smo u krivu \u0161to insistiramo na Ustavu i vladavini zakona. Predsjednik SNSD-a ve\u0107 deceniju kreira manje ili ve\u0107e krize u BiH, a predsjednik HDZ-a mu se ne suprotstavlja, ve\u0107 mu uglavnom dr\u017ei stranu. Primjer za taj \u010dudni i pristrasni odnos predsjednika HDZ-a, za njegovu popustljivost prema Dodiku, jeste njegov odlazak u Banju Luku na proslavu 9. januara, a izostanak sa d\u017eenaze u Srebrenici. Tako je to i u svemu ostalome.<\/p>\n<p><strong>Dodik i \u010covi\u0107 uspostavu nove vlasti promatraju kao puki zbir stranaka koje bi u njoj u\u010destvovale, poru\u010duju\u0107i kako niko predstavnicima Srba i Hrvata ne\u0107e nametati svoje interese. Mo\u017ee li ta nova vlast funkcionisati bez minimuma dogovora o nekim programskim na\u010delima?<\/strong><\/p>\n<p>-Niko nikome ne\u0107e nametati vlastite interese, ali vladavinu zakona \u0107e nam svima nametati dr\u017eava i svi to moramo prihvatiti, to je zajedni\u010dki interes. Jer \u0161ta je alternativa vladavini zakona, osim vladavine bezakonja?<\/p>\n<p>A minimum programskih na\u010dela o kojem govorite se, naravno, mora dogovoriti. I tu se mo\u017ee na\u0107i izlaz iz situacije u koju smo dovedeni \u2013 mandatar budu\u0107eg saziva Vije\u0107a ministara mo\u017ee ponuditi si\u017ee vlastitog programa rada koji \u0107e po\u0161tovati Ustav i zakone po svim bitnim pitanjima, uklju\u010duju\u0107i i saradnju BiH sa NATO savezom. Dakle, govorim o saradnji, a ne o \u010dlanstvu u NATO-u, za koji je svakako neophodan konsenzus.<\/p>\n<p><strong>Kako komentari\u0161ete trenutnu situaciju u vezi sa sudbinom mostarskog Aluminija? \u0160ta su, prema Va\u0161em mi\u0161ljenju, stvarni uzroci krize u Aluminiju i mo\u017ee li se odgovornost za te\u0161ko stanje u toj firmi fakturisati Vladi FBiH?\u00a0<\/strong><\/p>\n<p>-Vlada je u\u010dinila sve \u0161to je bilo u njenoj mo\u0107i, to je veoma zorno objasnila i potpredsjednica Vlade Jelka Mili\u010devi\u0107. Uprava Aluminija snosi svu krivicu jer je uporno i\u0161la u pogre\u0161nom smjeru, napravila \u00a0nevjerovatan dug od vi\u0161e od 400 miliona KM, i dovela na ivicu propasti i Aluminij i Elektroprivredu HZHB koja ga je snabdijevala elektri\u010dnom energijom. Precizno utvr\u0111ivanje uzroka krize treba prepustiti stru\u010dnim ljudima, kao i definisanje prijedloga za rje\u0161enje stanja u kom se Aluminij na\u0161ao. Vrijeme je da politi\u010dari prestanu \u201cpomagati\u201d Aluminiju i da eksperti procijene da li je isplativo nastaviti sa proizvodnjom aluminija u BiH, \u0161ta treba poduzeti da se ta proizvodnja eventualno obnovi. Ukoliko to nije realno i isplativo, a vjerovatno nije, tada treba tra\u017eiti spas za radnike koji su sigurno najmanje krivi za kolaps kojem svjedo\u010dimo. Hercegovina nudi raznovrsne mogu\u0107nosti pokretanja profitabilnog biznisa, od proizvodnje energije i hrane, do turizma.<\/p>\n<p><strong>Nakon vi\u0161emjese\u010dne neizvjesnosti SDA je u Tuzlanskom kantonu preuzela inicijativu i na pragu je formiranja izvr\u0161ne vlasti zajedno sa svojim koalicionim partnerima. Najavljuje se sli\u010dan scenarij i u USK. Mnogi Tuzlanski kanton posmatraju i kao prvi test u funkcioniranju trija SDA-SBB-DF. Kako uistinu funkcionira saradnja tih triju stranaka?<\/strong><\/p>\n<p>-Uhodavamo se, i prvi rezultati su tu. Struktura vlasti se postupno formira, usvojen je rebalans bud\u017eeta FBiH, infrastruktura se gradi sve intenzivnije, usvojen je Zakon o demobilisanim borcima itd. \u00a0SBB i DF su donijeli prevagu i pomogli da se pritisak krize, u koju nas namjerno uvode doma\u0107i, ali i neki strani akteri, umanji.<\/p>\n<p><strong>Ko su\u00a0 ti \u201cneki strani akteri\u201d?<\/strong><\/p>\n<p>-Dio ambasadora koji \u0161ute i mute. \u0160ute kada vlasti u RS-u dodjeljuju odlikovanje Radovanu Karad\u017ei\u0107u, kada organizuju protivustavne referendume, ali mute protiv najja\u010de bo\u0161nja\u010dke i patriotske stranke. Pomagali su u poku\u0161ajima da nas, izborne pobjednike, izbace iz vlasti. Nisu uspjeli.<\/p>\n<p><strong>\u0160ta \u0107e biti sa Sarajevskim kantonom, da li je na pomolu dogovor sa Demokratskom frontom i SBB-om o formiranju nove skup\u0161tinske ve\u0107ine?<\/strong><\/p>\n<p>-Treba im dati jo\u0161 par mjeseci da poka\u017eu \u0161ta znaju, odnosno \u0161ta ne znaju. Svakog dana naprave neki gaf, poku\u0161aju sebi i sebi bliskima ne\u0161to uzeti iz dr\u017eavnih fondova i bud\u017eeta. O projektima samo pri\u010daju, ni\u0161ta konkretno se ne radi, projekte ni\u017eih nivoa ko\u010de i zaustavljaju. U \u017eelji da se dodvore stranim mentorima po\u010deli su dovoditi u pitanje istinu o agresiji na BiH, spremni su \u201ci\u0107i u Banju Luku i \u0160iroki Brijeg kako bi se na\u0161ao najmanji zajedni\u010dki imenitelj za ratna de\u0161avanja\u201d! Dakle, spremni su trgovati istinom i patnjom kroz koju je narod pro\u0161ao zarad ostanka na vlasti. Oti\u0107i \u0107e u paketu formiranja Vije\u0107a ministara i Federalne vlade, vjerovatno jesenas.<\/p>\n<p><strong>Kad ve\u0107 govorimo o Kantonu Sarajevo, aktuelna vlast nastoji svim silama SDA predstaviti kao za\u0161titnika korupcije, nekakvih tajkuna i sumnjivih poslova. Kako to komentari\u0161ete, tim prije \u0161to optu\u017ebe dolaze od onih koji su dugo godina bili perjanice SDA u Kantonu Sarajevo?<\/strong><\/p>\n<p>-SDA je vodila kantonalne vlade ve\u0107inu postratnog perioda, i sigurno je bilo gre\u0161aka i pogre\u0161nih kadrovskih rje\u0161enja, ali je ura\u0111en i ogroman posao u obnovi Sarajeva i podizanju \u017eivotnog standarda njegovih stanovnika. Treba pogledati slike Sarajeva od prije 20, 10 i pet godina, pogledati brojke koje govore o broju uposlenih, broju privatnih firmi, broju turista, pogledati rast kantonalnog bud\u017eeta u tom vremenu, rast pla\u0107a itd, pa donositi sud o djelovanju SDA. Sarajevo je od sru\u0161enog grada pretvoreno u jednu od regionalnih metropola i top-kulturnih sredi\u0161ta.<\/p>\n<p><strong>Povodom 11. jula aktualizirana je inicijativa dono\u0161enja zakona o zabrani negiranja genocida. Visoki predstavnik je najavio da \u0107e BiH imati ovaj zakon, a Dodik je odgovorio da \u0107e to voditi referendumu o statusu entiteta RS. Da li \u0107e BiH dobiti ovaj zakon?<\/strong><\/p>\n<p>-Inicijativa je aktuelizirana 11. jula, ali je pokrenuta ranije, pismom koje su 12 udru\u017eenja \u017ertava rata uputile na desetke adresa \u0161irom svijeta. \u010cestitam udru\u017eenjima jer reakcija Dan Prede, Mogherini, Hahna, Inzka, sve je to inicirano njihovom uporno\u0161\u0107u. Upravo u odgovoru na pismo 12 udru\u017eenja, Mogherini i Hahn su definisali stav Evropske unije o negiranju genocida i o onima koji veli\u010daju ratne zlo\u010dince \u2013 za njih ne\u0107e biti mjesta u Evropskoj uniji! Ako, uz ovo, uzmemo u obzir i da je priznanje genocida po\u010dinjenog u Srebrenici jedan od uvjeta za nastavak evropskog puta Srbije, onda je jasno da \u0107e srpski lideri u BiH i Srbiji trebati da se odlu\u010de kojim putem vode vlastiti narod. Pogre\u0161na odluka \u0107e srpski narod u\u010diniti jedinim narodom u Evropi koji je izvan sistema evropskih vrijednosti i EU perspektive.<\/p>\n<p>A \u0161to se ti\u010de Dodikovih prijetnji visokom predstavniku, OHR i PIC \u0107e morati prije ili kasnije odlu\u010dno reagovati na njegove antidejtonske izjave i planove. Prije povla\u010denja OHR-a iz BiH neophodno \u0107e biti usvojiti ili nametnuti niz odluka i zakona koji \u0107e garantovati mir, stabilnost, funkcionisanje dr\u017eavnog aparata i civilizacijsko usmjerenje BiH. Jedan od tih zakona je i zakon o zabrani negiranja genocida i glorifikacije zlo\u010dina i zlo\u010dinaca.<\/p>\n<\/div>\n<p><span class=\"font-size-16 bold post__izvor margin--top-20 margin--right-10 flex--row vertical--center mobile--row\">Izvor:<a class=\"red__color font-size-16 bold text__link\" href=\"https:\/\/faktor.ba\/vijest\/bakir-izetbegovic-dodik-vec-deceniju-kreira-krize-u-bih-a-covic-mu-drzi-stranu\/44649#\" target=\"_blank\" rel=\"noopener\">\u00a0 Faktor<\/a><\/span><\/p>\n<p><\/span><br \/>\nPogledajte vijest na izvornom sajtu:<\/p>\n<p><a href=\"https:\/\/bosnapress.net\/izetbegovic-dodik-vec-deceniju-kreira-krize-u-bih-a-covic-mu-drzi-stranu\/\" target=\"_blank\">Izetbegovi\u0107: Dodik ve\u0107 deceniju kreira krize u BiH, a \u010covi\u0107 mu dr\u017ei stranu<\/a><\/p>\n","protected":false},"excerpt":{"rendered":"<p>Bakir Izetbegovi\u0107, predsjednik SDA i predsjedavaju\u0107i Doma naroda Parlamentarne skup\u0161tine BiH, u opse\u017enom intervjuu Faktoru, izme\u0111u ostalog, govorio je i o razlozima zbog kojih jo\u0161 nije formirana vlast na federalnom i dr\u017eavnom nivou, koliko je za to \u201ckriva\u201d SDA, kao i Dodikovom aktueliziranju pitanja granice izme\u0111u Srbije i BiH. Izetbegovi\u0107 je tako\u0111er pojasnio i kako [&hellip;]<\/p>\n","protected":false},"author":83,"featured_media":226344,"comment_status":"open","ping_status":"open","sticky":false,"template":"","format":"standard","meta":{"footnotes":""},"categories":[10513],"tags":[10466],"class_list":{"0":"post-226343","1":"post","2":"type-post","3":"status-publish","4":"format-standard","5":"has-post-thumbnail","7":"category-bosna-press","8":"tag-bosna-i-hercegovina"},"yoast_head":"<!-- This site is optimized with the Yoast SEO Premium plugin v23.1 (Yoast SEO v24.9) - https:\/\/yoast.com\/wordpress\/plugins\/seo\/ -->\n<title>Izetbegovi\u0107: Dodik ve\u0107 deceniju kreira krize u BiH, a \u010covi\u0107 mu dr\u017ei stranu<\/title>\n<meta name=\"robots\" content=\"index, follow, max-snippet:-1, max-image-preview:large, max-video-preview:-1\" \/>\n<link rel=\"canonical\" href=\"https:\/\/sandzakpress.net\/arhiva\/izetbegovic-dodik-vec-deceniju-kreira-krize-u-bih-a-covic-mu-drzi-stranu\/\" \/>\n<meta property=\"og:locale\" content=\"bs_BA\" \/>\n<meta property=\"og:type\" content=\"article\" \/>\n<meta property=\"og:title\" content=\"Izetbegovi\u0107: Dodik ve\u0107 deceniju kreira krize u BiH, a \u010covi\u0107 mu dr\u017ei stranu\" \/>\n<meta property=\"og:description\" content=\"Bakir Izetbegovi\u0107, predsjednik SDA i predsjedavaju\u0107i Doma naroda Parlamentarne skup\u0161tine BiH, u opse\u017enom intervjuu Faktoru, izme\u0111u ostalog, govorio je i o razlozima zbog kojih jo\u0161 nije formirana vlast na federalnom i dr\u017eavnom nivou, koliko je za to \u201ckriva\u201d SDA, kao i Dodikovom aktueliziranju pitanja granice izme\u0111u Srbije i BiH. Izetbegovi\u0107 je tako\u0111er pojasnio i kako [&hellip;]\" \/>\n<meta property=\"og:url\" content=\"https:\/\/sandzakpress.net\/arhiva\/izetbegovic-dodik-vec-deceniju-kreira-krize-u-bih-a-covic-mu-drzi-stranu\/\" \/>\n<meta property=\"og:site_name\" content=\"Sand\u017eak PRESS\" \/>\n<meta property=\"article:published_time\" content=\"2019-07-18T15:45:26+00:00\" \/>\n<meta property=\"og:image\" content=\"https:\/\/sandzakpress.net\/arhiva\/wp-content\/uploads\/2019\/07\/c00eb4159e6616e03138201e8afb9880.jpg\" \/>\n\t<meta property=\"og:image:width\" content=\"1024\" \/>\n\t<meta property=\"og:image:height\" content=\"683\" \/>\n\t<meta property=\"og:image:type\" content=\"image\/jpeg\" \/>\n<meta name=\"author\" content=\"bosniak\" \/>\n<meta name=\"twitter:card\" content=\"summary_large_image\" \/>\n<meta name=\"twitter:label1\" content=\"Written by\" \/>\n\t<meta name=\"twitter:data1\" content=\"bosniak\" \/>\n\t<meta name=\"twitter:label2\" content=\"Est. reading time\" \/>\n\t<meta name=\"twitter:data2\" content=\"11 minuta\" \/>\n<script type=\"application\/ld+json\" class=\"yoast-schema-graph\">{\"@context\":\"https:\/\/schema.org\",\"@graph\":[{\"@type\":\"Article\",\"@id\":\"https:\/\/sandzakpress.net\/arhiva\/izetbegovic-dodik-vec-deceniju-kreira-krize-u-bih-a-covic-mu-drzi-stranu\/#article\",\"isPartOf\":{\"@id\":\"https:\/\/sandzakpress.net\/arhiva\/izetbegovic-dodik-vec-deceniju-kreira-krize-u-bih-a-covic-mu-drzi-stranu\/\"},\"author\":{\"name\":\"bosniak\",\"@id\":\"https:\/\/sandzakpress.net\/arhiva\/#\/schema\/person\/c8baee722073534b583ea7bdb2e36c02\"},\"headline\":\"Izetbegovi\u0107: Dodik ve\u0107 deceniju kreira krize u BiH, a \u010covi\u0107 mu dr\u017ei stranu\",\"datePublished\":\"2019-07-18T15:45:26+00:00\",\"mainEntityOfPage\":{\"@id\":\"https:\/\/sandzakpress.net\/arhiva\/izetbegovic-dodik-vec-deceniju-kreira-krize-u-bih-a-covic-mu-drzi-stranu\/\"},\"wordCount\":2280,\"commentCount\":0,\"publisher\":{\"@id\":\"https:\/\/sandzakpress.net\/arhiva\/#\/schema\/person\/6e72b67d6e51910a1117b3b483ba20bd\"},\"image\":{\"@id\":\"https:\/\/sandzakpress.net\/arhiva\/izetbegovic-dodik-vec-deceniju-kreira-krize-u-bih-a-covic-mu-drzi-stranu\/#primaryimage\"},\"thumbnailUrl\":\"https:\/\/sandzakpress.net\/arhiva\/wp-content\/uploads\/2019\/07\/c00eb4159e6616e03138201e8afb9880.jpg\",\"keywords\":[\"Bosna i Hercegovina\"],\"articleSection\":[\"Bosna PRESS\"],\"inLanguage\":\"bs-BA\",\"potentialAction\":[{\"@type\":\"CommentAction\",\"name\":\"Comment\",\"target\":[\"https:\/\/sandzakpress.net\/arhiva\/izetbegovic-dodik-vec-deceniju-kreira-krize-u-bih-a-covic-mu-drzi-stranu\/#respond\"]}]},{\"@type\":\"WebPage\",\"@id\":\"https:\/\/sandzakpress.net\/arhiva\/izetbegovic-dodik-vec-deceniju-kreira-krize-u-bih-a-covic-mu-drzi-stranu\/\",\"url\":\"https:\/\/sandzakpress.net\/arhiva\/izetbegovic-dodik-vec-deceniju-kreira-krize-u-bih-a-covic-mu-drzi-stranu\/\",\"name\":\"Izetbegovi\u0107: Dodik ve\u0107 deceniju kreira krize u BiH, a \u010covi\u0107 mu dr\u017ei stranu\",\"isPartOf\":{\"@id\":\"https:\/\/sandzakpress.net\/arhiva\/#website\"},\"primaryImageOfPage\":{\"@id\":\"https:\/\/sandzakpress.net\/arhiva\/izetbegovic-dodik-vec-deceniju-kreira-krize-u-bih-a-covic-mu-drzi-stranu\/#primaryimage\"},\"image\":{\"@id\":\"https:\/\/sandzakpress.net\/arhiva\/izetbegovic-dodik-vec-deceniju-kreira-krize-u-bih-a-covic-mu-drzi-stranu\/#primaryimage\"},\"thumbnailUrl\":\"https:\/\/sandzakpress.net\/arhiva\/wp-content\/uploads\/2019\/07\/c00eb4159e6616e03138201e8afb9880.jpg\",\"datePublished\":\"2019-07-18T15:45:26+00:00\",\"breadcrumb\":{\"@id\":\"https:\/\/sandzakpress.net\/arhiva\/izetbegovic-dodik-vec-deceniju-kreira-krize-u-bih-a-covic-mu-drzi-stranu\/#breadcrumb\"},\"inLanguage\":\"bs-BA\",\"potentialAction\":[{\"@type\":\"ReadAction\",\"target\":[\"https:\/\/sandzakpress.net\/arhiva\/izetbegovic-dodik-vec-deceniju-kreira-krize-u-bih-a-covic-mu-drzi-stranu\/\"]}]},{\"@type\":\"ImageObject\",\"inLanguage\":\"bs-BA\",\"@id\":\"https:\/\/sandzakpress.net\/arhiva\/izetbegovic-dodik-vec-deceniju-kreira-krize-u-bih-a-covic-mu-drzi-stranu\/#primaryimage\",\"url\":\"https:\/\/sandzakpress.net\/arhiva\/wp-content\/uploads\/2019\/07\/c00eb4159e6616e03138201e8afb9880.jpg\",\"contentUrl\":\"https:\/\/sandzakpress.net\/arhiva\/wp-content\/uploads\/2019\/07\/c00eb4159e6616e03138201e8afb9880.jpg\",\"width\":1024,\"height\":683},{\"@type\":\"BreadcrumbList\",\"@id\":\"https:\/\/sandzakpress.net\/arhiva\/izetbegovic-dodik-vec-deceniju-kreira-krize-u-bih-a-covic-mu-drzi-stranu\/#breadcrumb\",\"itemListElement\":[{\"@type\":\"ListItem\",\"position\":1,\"name\":\"Home\",\"item\":\"https:\/\/sandzakpress.net\/arhiva\/\"},{\"@type\":\"ListItem\",\"position\":2,\"name\":\"Izetbegovi\u0107: Dodik ve\u0107 deceniju kreira krize u BiH, a \u010covi\u0107 mu dr\u017ei stranu\"}]},{\"@type\":\"WebSite\",\"@id\":\"https:\/\/sandzakpress.net\/arhiva\/#website\",\"url\":\"https:\/\/sandzakpress.net\/arhiva\/\",\"name\":\"Sand\u017eak PRESS\",\"description\":\"Prve elektronske novine u Sand\u017eaku\",\"publisher\":{\"@id\":\"https:\/\/sandzakpress.net\/arhiva\/#\/schema\/person\/6e72b67d6e51910a1117b3b483ba20bd\"},\"potentialAction\":[{\"@type\":\"SearchAction\",\"target\":{\"@type\":\"EntryPoint\",\"urlTemplate\":\"https:\/\/sandzakpress.net\/arhiva\/?s={search_term_string}\"},\"query-input\":{\"@type\":\"PropertyValueSpecification\",\"valueRequired\":true,\"valueName\":\"search_term_string\"}}],\"inLanguage\":\"bs-BA\"},{\"@type\":[\"Person\",\"Organization\"],\"@id\":\"https:\/\/sandzakpress.net\/arhiva\/#\/schema\/person\/6e72b67d6e51910a1117b3b483ba20bd\",\"name\":\"Kul\",\"image\":{\"@type\":\"ImageObject\",\"inLanguage\":\"bs-BA\",\"@id\":\"https:\/\/sandzakpress.net\/arhiva\/#\/schema\/person\/image\/\",\"url\":\"https:\/\/secure.gravatar.com\/avatar\/42263f39aa27ac04c43cab85c280eb2e?s=96&d=mm&r=pg\",\"contentUrl\":\"https:\/\/secure.gravatar.com\/avatar\/42263f39aa27ac04c43cab85c280eb2e?s=96&d=mm&r=pg\",\"caption\":\"Kul\"},\"logo\":{\"@id\":\"https:\/\/sandzakpress.net\/arhiva\/#\/schema\/person\/image\/\"}},{\"@type\":\"Person\",\"@id\":\"https:\/\/sandzakpress.net\/arhiva\/#\/schema\/person\/c8baee722073534b583ea7bdb2e36c02\",\"name\":\"bosniak\",\"image\":{\"@type\":\"ImageObject\",\"inLanguage\":\"bs-BA\",\"@id\":\"https:\/\/sandzakpress.net\/arhiva\/#\/schema\/person\/image\/\",\"url\":\"https:\/\/secure.gravatar.com\/avatar\/a04fd330bfe3a36a72a0ad4a6d89fca7?s=96&d=mm&r=pg\",\"contentUrl\":\"https:\/\/secure.gravatar.com\/avatar\/a04fd330bfe3a36a72a0ad4a6d89fca7?s=96&d=mm&r=pg\",\"caption\":\"bosniak\"},\"url\":\"https:\/\/sandzakpress.net\/arhiva\/author\/bosniak\/\"}]}<\/script>\n<!-- \/ Yoast SEO Premium plugin. -->","yoast_head_json":{"title":"Izetbegovi\u0107: Dodik ve\u0107 deceniju kreira krize u BiH, a \u010covi\u0107 mu dr\u017ei stranu","robots":{"index":"index","follow":"follow","max-snippet":"max-snippet:-1","max-image-preview":"max-image-preview:large","max-video-preview":"max-video-preview:-1"},"canonical":"https:\/\/sandzakpress.net\/arhiva\/izetbegovic-dodik-vec-deceniju-kreira-krize-u-bih-a-covic-mu-drzi-stranu\/","og_locale":"bs_BA","og_type":"article","og_title":"Izetbegovi\u0107: Dodik ve\u0107 deceniju kreira krize u BiH, a \u010covi\u0107 mu dr\u017ei stranu","og_description":"Bakir Izetbegovi\u0107, predsjednik SDA i predsjedavaju\u0107i Doma naroda Parlamentarne skup\u0161tine BiH, u opse\u017enom intervjuu Faktoru, izme\u0111u ostalog, govorio je i o razlozima zbog kojih jo\u0161 nije formirana vlast na federalnom i dr\u017eavnom nivou, koliko je za to \u201ckriva\u201d SDA, kao i Dodikovom aktueliziranju pitanja granice izme\u0111u Srbije i BiH. Izetbegovi\u0107 je tako\u0111er pojasnio i kako [&hellip;]","og_url":"https:\/\/sandzakpress.net\/arhiva\/izetbegovic-dodik-vec-deceniju-kreira-krize-u-bih-a-covic-mu-drzi-stranu\/","og_site_name":"Sand\u017eak PRESS","article_published_time":"2019-07-18T15:45:26+00:00","og_image":[{"width":1024,"height":683,"url":"https:\/\/sandzakpress.net\/arhiva\/wp-content\/uploads\/2019\/07\/c00eb4159e6616e03138201e8afb9880.jpg","type":"image\/jpeg"}],"author":"bosniak","twitter_card":"summary_large_image","twitter_misc":{"Written by":"bosniak","Est. reading time":"11 minuta"},"schema":{"@context":"https:\/\/schema.org","@graph":[{"@type":"Article","@id":"https:\/\/sandzakpress.net\/arhiva\/izetbegovic-dodik-vec-deceniju-kreira-krize-u-bih-a-covic-mu-drzi-stranu\/#article","isPartOf":{"@id":"https:\/\/sandzakpress.net\/arhiva\/izetbegovic-dodik-vec-deceniju-kreira-krize-u-bih-a-covic-mu-drzi-stranu\/"},"author":{"name":"bosniak","@id":"https:\/\/sandzakpress.net\/arhiva\/#\/schema\/person\/c8baee722073534b583ea7bdb2e36c02"},"headline":"Izetbegovi\u0107: Dodik ve\u0107 deceniju kreira krize u BiH, a \u010covi\u0107 mu dr\u017ei stranu","datePublished":"2019-07-18T15:45:26+00:00","mainEntityOfPage":{"@id":"https:\/\/sandzakpress.net\/arhiva\/izetbegovic-dodik-vec-deceniju-kreira-krize-u-bih-a-covic-mu-drzi-stranu\/"},"wordCount":2280,"commentCount":0,"publisher":{"@id":"https:\/\/sandzakpress.net\/arhiva\/#\/schema\/person\/6e72b67d6e51910a1117b3b483ba20bd"},"image":{"@id":"https:\/\/sandzakpress.net\/arhiva\/izetbegovic-dodik-vec-deceniju-kreira-krize-u-bih-a-covic-mu-drzi-stranu\/#primaryimage"},"thumbnailUrl":"https:\/\/sandzakpress.net\/arhiva\/wp-content\/uploads\/2019\/07\/c00eb4159e6616e03138201e8afb9880.jpg","keywords":["Bosna i Hercegovina"],"articleSection":["Bosna PRESS"],"inLanguage":"bs-BA","potentialAction":[{"@type":"CommentAction","name":"Comment","target":["https:\/\/sandzakpress.net\/arhiva\/izetbegovic-dodik-vec-deceniju-kreira-krize-u-bih-a-covic-mu-drzi-stranu\/#respond"]}]},{"@type":"WebPage","@id":"https:\/\/sandzakpress.net\/arhiva\/izetbegovic-dodik-vec-deceniju-kreira-krize-u-bih-a-covic-mu-drzi-stranu\/","url":"https:\/\/sandzakpress.net\/arhiva\/izetbegovic-dodik-vec-deceniju-kreira-krize-u-bih-a-covic-mu-drzi-stranu\/","name":"Izetbegovi\u0107: Dodik ve\u0107 deceniju kreira krize u BiH, a \u010covi\u0107 mu dr\u017ei stranu","isPartOf":{"@id":"https:\/\/sandzakpress.net\/arhiva\/#website"},"primaryImageOfPage":{"@id":"https:\/\/sandzakpress.net\/arhiva\/izetbegovic-dodik-vec-deceniju-kreira-krize-u-bih-a-covic-mu-drzi-stranu\/#primaryimage"},"image":{"@id":"https:\/\/sandzakpress.net\/arhiva\/izetbegovic-dodik-vec-deceniju-kreira-krize-u-bih-a-covic-mu-drzi-stranu\/#primaryimage"},"thumbnailUrl":"https:\/\/sandzakpress.net\/arhiva\/wp-content\/uploads\/2019\/07\/c00eb4159e6616e03138201e8afb9880.jpg","datePublished":"2019-07-18T15:45:26+00:00","breadcrumb":{"@id":"https:\/\/sandzakpress.net\/arhiva\/izetbegovic-dodik-vec-deceniju-kreira-krize-u-bih-a-covic-mu-drzi-stranu\/#breadcrumb"},"inLanguage":"bs-BA","potentialAction":[{"@type":"ReadAction","target":["https:\/\/sandzakpress.net\/arhiva\/izetbegovic-dodik-vec-deceniju-kreira-krize-u-bih-a-covic-mu-drzi-stranu\/"]}]},{"@type":"ImageObject","inLanguage":"bs-BA","@id":"https:\/\/sandzakpress.net\/arhiva\/izetbegovic-dodik-vec-deceniju-kreira-krize-u-bih-a-covic-mu-drzi-stranu\/#primaryimage","url":"https:\/\/sandzakpress.net\/arhiva\/wp-content\/uploads\/2019\/07\/c00eb4159e6616e03138201e8afb9880.jpg","contentUrl":"https:\/\/sandzakpress.net\/arhiva\/wp-content\/uploads\/2019\/07\/c00eb4159e6616e03138201e8afb9880.jpg","width":1024,"height":683},{"@type":"BreadcrumbList","@id":"https:\/\/sandzakpress.net\/arhiva\/izetbegovic-dodik-vec-deceniju-kreira-krize-u-bih-a-covic-mu-drzi-stranu\/#breadcrumb","itemListElement":[{"@type":"ListItem","position":1,"name":"Home","item":"https:\/\/sandzakpress.net\/arhiva\/"},{"@type":"ListItem","position":2,"name":"Izetbegovi\u0107: Dodik ve\u0107 deceniju kreira krize u BiH, a \u010covi\u0107 mu dr\u017ei stranu"}]},{"@type":"WebSite","@id":"https:\/\/sandzakpress.net\/arhiva\/#website","url":"https:\/\/sandzakpress.net\/arhiva\/","name":"Sand\u017eak PRESS","description":"Prve elektronske novine u Sand\u017eaku","publisher":{"@id":"https:\/\/sandzakpress.net\/arhiva\/#\/schema\/person\/6e72b67d6e51910a1117b3b483ba20bd"},"potentialAction":[{"@type":"SearchAction","target":{"@type":"EntryPoint","urlTemplate":"https:\/\/sandzakpress.net\/arhiva\/?s={search_term_string}"},"query-input":{"@type":"PropertyValueSpecification","valueRequired":true,"valueName":"search_term_string"}}],"inLanguage":"bs-BA"},{"@type":["Person","Organization"],"@id":"https:\/\/sandzakpress.net\/arhiva\/#\/schema\/person\/6e72b67d6e51910a1117b3b483ba20bd","name":"Kul","image":{"@type":"ImageObject","inLanguage":"bs-BA","@id":"https:\/\/sandzakpress.net\/arhiva\/#\/schema\/person\/image\/","url":"https:\/\/secure.gravatar.com\/avatar\/42263f39aa27ac04c43cab85c280eb2e?s=96&d=mm&r=pg","contentUrl":"https:\/\/secure.gravatar.com\/avatar\/42263f39aa27ac04c43cab85c280eb2e?s=96&d=mm&r=pg","caption":"Kul"},"logo":{"@id":"https:\/\/sandzakpress.net\/arhiva\/#\/schema\/person\/image\/"}},{"@type":"Person","@id":"https:\/\/sandzakpress.net\/arhiva\/#\/schema\/person\/c8baee722073534b583ea7bdb2e36c02","name":"bosniak","image":{"@type":"ImageObject","inLanguage":"bs-BA","@id":"https:\/\/sandzakpress.net\/arhiva\/#\/schema\/person\/image\/","url":"https:\/\/secure.gravatar.com\/avatar\/a04fd330bfe3a36a72a0ad4a6d89fca7?s=96&d=mm&r=pg","contentUrl":"https:\/\/secure.gravatar.com\/avatar\/a04fd330bfe3a36a72a0ad4a6d89fca7?s=96&d=mm&r=pg","caption":"bosniak"},"url":"https:\/\/sandzakpress.net\/arhiva\/author\/bosniak\/"}]}},"_links":{"self":[{"href":"https:\/\/sandzakpress.net\/arhiva\/wp-json\/wp\/v2\/posts\/226343"}],"collection":[{"href":"https:\/\/sandzakpress.net\/arhiva\/wp-json\/wp\/v2\/posts"}],"about":[{"href":"https:\/\/sandzakpress.net\/arhiva\/wp-json\/wp\/v2\/types\/post"}],"author":[{"embeddable":true,"href":"https:\/\/sandzakpress.net\/arhiva\/wp-json\/wp\/v2\/users\/83"}],"replies":[{"embeddable":true,"href":"https:\/\/sandzakpress.net\/arhiva\/wp-json\/wp\/v2\/comments?post=226343"}],"version-history":[{"count":0,"href":"https:\/\/sandzakpress.net\/arhiva\/wp-json\/wp\/v2\/posts\/226343\/revisions"}],"wp:featuredmedia":[{"embeddable":true,"href":"https:\/\/sandzakpress.net\/arhiva\/wp-json\/wp\/v2\/media\/226344"}],"wp:attachment":[{"href":"https:\/\/sandzakpress.net\/arhiva\/wp-json\/wp\/v2\/media?parent=226343"}],"wp:term":[{"taxonomy":"category","embeddable":true,"href":"https:\/\/sandzakpress.net\/arhiva\/wp-json\/wp\/v2\/categories?post=226343"},{"taxonomy":"post_tag","embeddable":true,"href":"https:\/\/sandzakpress.net\/arhiva\/wp-json\/wp\/v2\/tags?post=226343"}],"curies":[{"name":"wp","href":"https:\/\/api.w.org\/{rel}","templated":true}]}}