{"id":226338,"date":"2019-07-18T17:51:14","date_gmt":"2019-07-18T15:51:14","guid":{"rendered":"https:\/\/sandzakpress.net\/arhiva\/bijela-kuca-sad-nece-isporuciti-turskoj-avione-f-35"},"modified":"2019-07-18T17:51:14","modified_gmt":"2019-07-18T15:51:14","slug":"bijela-kuca-sad-nece-isporuciti-turskoj-avione-f-35","status":"publish","type":"post","link":"https:\/\/sandzakpress.net\/arhiva\/bijela-kuca-sad-nece-isporuciti-turskoj-avione-f-35\/","title":{"rendered":"Bijela ku\u0107a: SAD ne\u0107e isporu\u010diti Turskoj avione F-35"},"content":{"rendered":"<p><span class=\"cb-itemprop\"><\/p>\n<p><img decoding=\"async\" src=\"http:\/\/balkans.aljazeera.net\/sites\/default\/files\/styles\/d8\/public\/h_54831571_1.jpg?itok=l8c_hHW5\" \/><\/p>\n<p><strong>Sjedinjene Ameri\u010dke Dr\u017eave su potvrdile da ne\u0107e isporu\u010diti avione F-35 Turskoj zbog kupovine ruskog raketnog sistema S-400, koji \u0107e slu\u017eiti za &#8220;otkrivanje tehnolo\u0161kih tajni&#8221;, saop\u0107ila je Bijela ku\u0107a.<\/strong><\/p>\n<p>Washington \u0107e nastaviti sara\u0111ivati\u00a0s\u00a0Ankarom, &#8220;uprkos negativnom utjecaju interne operativnosti Turske&#8221; s\u00a0NATO-om, dodaje se u saop\u0107enju, prenosi Beta.<\/p>\n<p>&#8220;F-35 ne mo\u017ee koegzistirati s\u00a0ruskom platformom za prikupljanje obavje\u0161tajnih podataka&#8221; koja \u0107e se koristiti za otkrivanje tehnolo\u0161kih tajni, dodala je Bijela ku\u0107a.<\/p>\n<p>Ameri\u010dko Ministarstvo odbrane je Turskoj dalo rok do 31. jula da odustane od ruskog raketnog sistema, jer \u0107e u suprotnom biti isklju\u010dena iz programa za proizvodnju aviona F-35, u kojem\u00a0je Turska u\u010destvovala od njegovog pokretanja.<\/p>\n<h4>Isporuka po\u010dela 12. jula<\/h4>\n<p>Sjedinjene Ameri\u010dke Dr\u017eave su u vi\u0161e navrata upozorile Tursku da \u0107e nametnuti sankcije ovoj zemlji \u010dlanici NATO-a i isklju\u010diti je iz programa borbenog aviona F-35\u00a0ako Ankara ne odustane od kupovine S-400.<\/p>\n<p>Turska je odbila povu\u0107i se\u00a0uprkos pritisku SAD-a, rekav\u0161i da je kupovina odbrambenog sistema stvar nacionalnog suvereniteta.<\/p>\n<p>Isporuka raketnog sistema S-400 iz Rusije u Tursku po\u010dela je 12. jula.<\/p>\n<p><em>Izvor: Agencije<\/em><\/p>\n<p><\/span><br \/>\nPogledajte vijest na izvornom sajtu:<\/p>\n<p><a href=\"https:\/\/islampress.net\/45961\/bijela-kuca-sad-nece-isporuciti-turskoj-avione-f-35\/\" target=\"_blank\">Bijela ku\u0107a: SAD ne\u0107e isporu\u010diti Turskoj avione F-35<\/a><\/p>\n","protected":false},"excerpt":{"rendered":"<p>Sjedinjene Ameri\u010dke Dr\u017eave su potvrdile da ne\u0107e isporu\u010diti avione F-35 Turskoj zbog kupovine ruskog raketnog sistema S-400, koji \u0107e slu\u017eiti za &#8220;otkrivanje tehnolo\u0161kih tajni&#8221;, saop\u0107ila je Bijela ku\u0107a. Washington \u0107e nastaviti sara\u0111ivati\u00a0s\u00a0Ankarom, &#8220;uprkos negativnom utjecaju interne operativnosti Turske&#8221; s\u00a0NATO-om, dodaje se u saop\u0107enju, prenosi Beta. &#8220;F-35 ne mo\u017ee koegzistirati s\u00a0ruskom platformom za prikupljanje obavje\u0161tajnih podataka&#8221; [&hellip;]<\/p>\n","protected":false},"author":83,"featured_media":0,"comment_status":"open","ping_status":"open","sticky":false,"template":"","format":"standard","meta":{"footnotes":""},"categories":[9],"tags":[10499],"class_list":{"0":"post-226338","1":"post","2":"type-post","3":"status-publish","4":"format-standard","6":"category-svijet","7":"tag-a"},"yoast_head":"<!-- This site is optimized with the Yoast SEO Premium plugin v23.1 (Yoast SEO v24.9) - https:\/\/yoast.com\/wordpress\/plugins\/seo\/ -->\n<title>Bijela ku\u0107a: SAD ne\u0107e isporu\u010diti Turskoj avione F-35<\/title>\n<meta name=\"robots\" content=\"index, follow, max-snippet:-1, max-image-preview:large, max-video-preview:-1\" \/>\n<link rel=\"canonical\" href=\"https:\/\/sandzakpress.net\/arhiva\/bijela-kuca-sad-nece-isporuciti-turskoj-avione-f-35\/\" \/>\n<meta property=\"og:locale\" content=\"bs_BA\" \/>\n<meta property=\"og:type\" content=\"article\" \/>\n<meta property=\"og:title\" content=\"Bijela ku\u0107a: SAD ne\u0107e isporu\u010diti Turskoj avione F-35\" \/>\n<meta property=\"og:description\" content=\"Sjedinjene Ameri\u010dke Dr\u017eave su potvrdile da ne\u0107e isporu\u010diti avione F-35 Turskoj zbog kupovine ruskog raketnog sistema S-400, koji \u0107e slu\u017eiti za &#8220;otkrivanje tehnolo\u0161kih tajni&#8221;, saop\u0107ila je Bijela ku\u0107a. Washington \u0107e nastaviti sara\u0111ivati\u00a0s\u00a0Ankarom, &#8220;uprkos negativnom utjecaju interne operativnosti Turske&#8221; s\u00a0NATO-om, dodaje se u saop\u0107enju, prenosi Beta. &#8220;F-35 ne mo\u017ee koegzistirati s\u00a0ruskom platformom za prikupljanje obavje\u0161tajnih podataka&#8221; [&hellip;]\" \/>\n<meta property=\"og:url\" content=\"https:\/\/sandzakpress.net\/arhiva\/bijela-kuca-sad-nece-isporuciti-turskoj-avione-f-35\/\" \/>\n<meta property=\"og:site_name\" content=\"Sand\u017eak PRESS\" \/>\n<meta property=\"article:published_time\" content=\"2019-07-18T15:51:14+00:00\" \/>\n<meta property=\"og:image\" content=\"http:\/\/balkans.aljazeera.net\/sites\/default\/files\/styles\/d8\/public\/h_54831571_1.jpg?itok=l8c_hHW5\" \/>\n<meta name=\"author\" content=\"bosniak\" \/>\n<meta name=\"twitter:card\" content=\"summary_large_image\" \/>\n<meta name=\"twitter:label1\" content=\"Written by\" \/>\n\t<meta name=\"twitter:data1\" content=\"bosniak\" \/>\n\t<meta name=\"twitter:label2\" content=\"Est. reading time\" \/>\n\t<meta name=\"twitter:data2\" content=\"1 minuta\" \/>\n<script type=\"application\/ld+json\" class=\"yoast-schema-graph\">{\"@context\":\"https:\/\/schema.org\",\"@graph\":[{\"@type\":\"Article\",\"@id\":\"https:\/\/sandzakpress.net\/arhiva\/bijela-kuca-sad-nece-isporuciti-turskoj-avione-f-35\/#article\",\"isPartOf\":{\"@id\":\"https:\/\/sandzakpress.net\/arhiva\/bijela-kuca-sad-nece-isporuciti-turskoj-avione-f-35\/\"},\"author\":{\"name\":\"bosniak\",\"@id\":\"https:\/\/sandzakpress.net\/arhiva\/#\/schema\/person\/c8baee722073534b583ea7bdb2e36c02\"},\"headline\":\"Bijela ku\u0107a: SAD ne\u0107e isporu\u010diti Turskoj avione F-35\",\"datePublished\":\"2019-07-18T15:51:14+00:00\",\"mainEntityOfPage\":{\"@id\":\"https:\/\/sandzakpress.net\/arhiva\/bijela-kuca-sad-nece-isporuciti-turskoj-avione-f-35\/\"},\"wordCount\":223,\"commentCount\":1,\"publisher\":{\"@id\":\"https:\/\/sandzakpress.net\/arhiva\/#\/schema\/person\/6e72b67d6e51910a1117b3b483ba20bd\"},\"image\":{\"@id\":\"https:\/\/sandzakpress.net\/arhiva\/bijela-kuca-sad-nece-isporuciti-turskoj-avione-f-35\/#primaryimage\"},\"thumbnailUrl\":\"http:\/\/balkans.aljazeera.net\/sites\/default\/files\/styles\/d8\/public\/h_54831571_1.jpg?itok=l8c_hHW5\",\"keywords\":[\"A\"],\"articleSection\":[\"Svijet\"],\"inLanguage\":\"bs-BA\",\"potentialAction\":[{\"@type\":\"CommentAction\",\"name\":\"Comment\",\"target\":[\"https:\/\/sandzakpress.net\/arhiva\/bijela-kuca-sad-nece-isporuciti-turskoj-avione-f-35\/#respond\"]}]},{\"@type\":\"WebPage\",\"@id\":\"https:\/\/sandzakpress.net\/arhiva\/bijela-kuca-sad-nece-isporuciti-turskoj-avione-f-35\/\",\"url\":\"https:\/\/sandzakpress.net\/arhiva\/bijela-kuca-sad-nece-isporuciti-turskoj-avione-f-35\/\",\"name\":\"Bijela ku\u0107a: SAD ne\u0107e isporu\u010diti Turskoj avione F-35\",\"isPartOf\":{\"@id\":\"https:\/\/sandzakpress.net\/arhiva\/#website\"},\"primaryImageOfPage\":{\"@id\":\"https:\/\/sandzakpress.net\/arhiva\/bijela-kuca-sad-nece-isporuciti-turskoj-avione-f-35\/#primaryimage\"},\"image\":{\"@id\":\"https:\/\/sandzakpress.net\/arhiva\/bijela-kuca-sad-nece-isporuciti-turskoj-avione-f-35\/#primaryimage\"},\"thumbnailUrl\":\"http:\/\/balkans.aljazeera.net\/sites\/default\/files\/styles\/d8\/public\/h_54831571_1.jpg?itok=l8c_hHW5\",\"datePublished\":\"2019-07-18T15:51:14+00:00\",\"breadcrumb\":{\"@id\":\"https:\/\/sandzakpress.net\/arhiva\/bijela-kuca-sad-nece-isporuciti-turskoj-avione-f-35\/#breadcrumb\"},\"inLanguage\":\"bs-BA\",\"potentialAction\":[{\"@type\":\"ReadAction\",\"target\":[\"https:\/\/sandzakpress.net\/arhiva\/bijela-kuca-sad-nece-isporuciti-turskoj-avione-f-35\/\"]}]},{\"@type\":\"ImageObject\",\"inLanguage\":\"bs-BA\",\"@id\":\"https:\/\/sandzakpress.net\/arhiva\/bijela-kuca-sad-nece-isporuciti-turskoj-avione-f-35\/#primaryimage\",\"url\":\"http:\/\/balkans.aljazeera.net\/sites\/default\/files\/styles\/d8\/public\/h_54831571_1.jpg?itok=l8c_hHW5\",\"contentUrl\":\"http:\/\/balkans.aljazeera.net\/sites\/default\/files\/styles\/d8\/public\/h_54831571_1.jpg?itok=l8c_hHW5\"},{\"@type\":\"BreadcrumbList\",\"@id\":\"https:\/\/sandzakpress.net\/arhiva\/bijela-kuca-sad-nece-isporuciti-turskoj-avione-f-35\/#breadcrumb\",\"itemListElement\":[{\"@type\":\"ListItem\",\"position\":1,\"name\":\"Home\",\"item\":\"https:\/\/sandzakpress.net\/arhiva\/\"},{\"@type\":\"ListItem\",\"position\":2,\"name\":\"Bijela ku\u0107a: SAD ne\u0107e isporu\u010diti Turskoj avione F-35\"}]},{\"@type\":\"WebSite\",\"@id\":\"https:\/\/sandzakpress.net\/arhiva\/#website\",\"url\":\"https:\/\/sandzakpress.net\/arhiva\/\",\"name\":\"Sand\u017eak PRESS\",\"description\":\"Prve elektronske novine u Sand\u017eaku\",\"publisher\":{\"@id\":\"https:\/\/sandzakpress.net\/arhiva\/#\/schema\/person\/6e72b67d6e51910a1117b3b483ba20bd\"},\"potentialAction\":[{\"@type\":\"SearchAction\",\"target\":{\"@type\":\"EntryPoint\",\"urlTemplate\":\"https:\/\/sandzakpress.net\/arhiva\/?s={search_term_string}\"},\"query-input\":{\"@type\":\"PropertyValueSpecification\",\"valueRequired\":true,\"valueName\":\"search_term_string\"}}],\"inLanguage\":\"bs-BA\"},{\"@type\":[\"Person\",\"Organization\"],\"@id\":\"https:\/\/sandzakpress.net\/arhiva\/#\/schema\/person\/6e72b67d6e51910a1117b3b483ba20bd\",\"name\":\"Kul\",\"image\":{\"@type\":\"ImageObject\",\"inLanguage\":\"bs-BA\",\"@id\":\"https:\/\/sandzakpress.net\/arhiva\/#\/schema\/person\/image\/\",\"url\":\"https:\/\/secure.gravatar.com\/avatar\/42263f39aa27ac04c43cab85c280eb2e?s=96&d=mm&r=pg\",\"contentUrl\":\"https:\/\/secure.gravatar.com\/avatar\/42263f39aa27ac04c43cab85c280eb2e?s=96&d=mm&r=pg\",\"caption\":\"Kul\"},\"logo\":{\"@id\":\"https:\/\/sandzakpress.net\/arhiva\/#\/schema\/person\/image\/\"}},{\"@type\":\"Person\",\"@id\":\"https:\/\/sandzakpress.net\/arhiva\/#\/schema\/person\/c8baee722073534b583ea7bdb2e36c02\",\"name\":\"bosniak\",\"image\":{\"@type\":\"ImageObject\",\"inLanguage\":\"bs-BA\",\"@id\":\"https:\/\/sandzakpress.net\/arhiva\/#\/schema\/person\/image\/\",\"url\":\"https:\/\/secure.gravatar.com\/avatar\/a04fd330bfe3a36a72a0ad4a6d89fca7?s=96&d=mm&r=pg\",\"contentUrl\":\"https:\/\/secure.gravatar.com\/avatar\/a04fd330bfe3a36a72a0ad4a6d89fca7?s=96&d=mm&r=pg\",\"caption\":\"bosniak\"},\"url\":\"https:\/\/sandzakpress.net\/arhiva\/author\/bosniak\/\"}]}<\/script>\n<!-- \/ Yoast SEO Premium plugin. -->","yoast_head_json":{"title":"Bijela ku\u0107a: SAD ne\u0107e isporu\u010diti Turskoj avione F-35","robots":{"index":"index","follow":"follow","max-snippet":"max-snippet:-1","max-image-preview":"max-image-preview:large","max-video-preview":"max-video-preview:-1"},"canonical":"https:\/\/sandzakpress.net\/arhiva\/bijela-kuca-sad-nece-isporuciti-turskoj-avione-f-35\/","og_locale":"bs_BA","og_type":"article","og_title":"Bijela ku\u0107a: SAD ne\u0107e isporu\u010diti Turskoj avione F-35","og_description":"Sjedinjene Ameri\u010dke Dr\u017eave su potvrdile da ne\u0107e isporu\u010diti avione F-35 Turskoj zbog kupovine ruskog raketnog sistema S-400, koji \u0107e slu\u017eiti za &#8220;otkrivanje tehnolo\u0161kih tajni&#8221;, saop\u0107ila je Bijela ku\u0107a. Washington \u0107e nastaviti sara\u0111ivati\u00a0s\u00a0Ankarom, &#8220;uprkos negativnom utjecaju interne operativnosti Turske&#8221; s\u00a0NATO-om, dodaje se u saop\u0107enju, prenosi Beta. &#8220;F-35 ne mo\u017ee koegzistirati s\u00a0ruskom platformom za prikupljanje obavje\u0161tajnih podataka&#8221; [&hellip;]","og_url":"https:\/\/sandzakpress.net\/arhiva\/bijela-kuca-sad-nece-isporuciti-turskoj-avione-f-35\/","og_site_name":"Sand\u017eak PRESS","article_published_time":"2019-07-18T15:51:14+00:00","og_image":[{"url":"http:\/\/balkans.aljazeera.net\/sites\/default\/files\/styles\/d8\/public\/h_54831571_1.jpg?itok=l8c_hHW5","type":"","width":"","height":""}],"author":"bosniak","twitter_card":"summary_large_image","twitter_misc":{"Written by":"bosniak","Est. reading time":"1 minuta"},"schema":{"@context":"https:\/\/schema.org","@graph":[{"@type":"Article","@id":"https:\/\/sandzakpress.net\/arhiva\/bijela-kuca-sad-nece-isporuciti-turskoj-avione-f-35\/#article","isPartOf":{"@id":"https:\/\/sandzakpress.net\/arhiva\/bijela-kuca-sad-nece-isporuciti-turskoj-avione-f-35\/"},"author":{"name":"bosniak","@id":"https:\/\/sandzakpress.net\/arhiva\/#\/schema\/person\/c8baee722073534b583ea7bdb2e36c02"},"headline":"Bijela ku\u0107a: SAD ne\u0107e isporu\u010diti Turskoj avione F-35","datePublished":"2019-07-18T15:51:14+00:00","mainEntityOfPage":{"@id":"https:\/\/sandzakpress.net\/arhiva\/bijela-kuca-sad-nece-isporuciti-turskoj-avione-f-35\/"},"wordCount":223,"commentCount":1,"publisher":{"@id":"https:\/\/sandzakpress.net\/arhiva\/#\/schema\/person\/6e72b67d6e51910a1117b3b483ba20bd"},"image":{"@id":"https:\/\/sandzakpress.net\/arhiva\/bijela-kuca-sad-nece-isporuciti-turskoj-avione-f-35\/#primaryimage"},"thumbnailUrl":"http:\/\/balkans.aljazeera.net\/sites\/default\/files\/styles\/d8\/public\/h_54831571_1.jpg?itok=l8c_hHW5","keywords":["A"],"articleSection":["Svijet"],"inLanguage":"bs-BA","potentialAction":[{"@type":"CommentAction","name":"Comment","target":["https:\/\/sandzakpress.net\/arhiva\/bijela-kuca-sad-nece-isporuciti-turskoj-avione-f-35\/#respond"]}]},{"@type":"WebPage","@id":"https:\/\/sandzakpress.net\/arhiva\/bijela-kuca-sad-nece-isporuciti-turskoj-avione-f-35\/","url":"https:\/\/sandzakpress.net\/arhiva\/bijela-kuca-sad-nece-isporuciti-turskoj-avione-f-35\/","name":"Bijela ku\u0107a: SAD ne\u0107e isporu\u010diti Turskoj avione F-35","isPartOf":{"@id":"https:\/\/sandzakpress.net\/arhiva\/#website"},"primaryImageOfPage":{"@id":"https:\/\/sandzakpress.net\/arhiva\/bijela-kuca-sad-nece-isporuciti-turskoj-avione-f-35\/#primaryimage"},"image":{"@id":"https:\/\/sandzakpress.net\/arhiva\/bijela-kuca-sad-nece-isporuciti-turskoj-avione-f-35\/#primaryimage"},"thumbnailUrl":"http:\/\/balkans.aljazeera.net\/sites\/default\/files\/styles\/d8\/public\/h_54831571_1.jpg?itok=l8c_hHW5","datePublished":"2019-07-18T15:51:14+00:00","breadcrumb":{"@id":"https:\/\/sandzakpress.net\/arhiva\/bijela-kuca-sad-nece-isporuciti-turskoj-avione-f-35\/#breadcrumb"},"inLanguage":"bs-BA","potentialAction":[{"@type":"ReadAction","target":["https:\/\/sandzakpress.net\/arhiva\/bijela-kuca-sad-nece-isporuciti-turskoj-avione-f-35\/"]}]},{"@type":"ImageObject","inLanguage":"bs-BA","@id":"https:\/\/sandzakpress.net\/arhiva\/bijela-kuca-sad-nece-isporuciti-turskoj-avione-f-35\/#primaryimage","url":"http:\/\/balkans.aljazeera.net\/sites\/default\/files\/styles\/d8\/public\/h_54831571_1.jpg?itok=l8c_hHW5","contentUrl":"http:\/\/balkans.aljazeera.net\/sites\/default\/files\/styles\/d8\/public\/h_54831571_1.jpg?itok=l8c_hHW5"},{"@type":"BreadcrumbList","@id":"https:\/\/sandzakpress.net\/arhiva\/bijela-kuca-sad-nece-isporuciti-turskoj-avione-f-35\/#breadcrumb","itemListElement":[{"@type":"ListItem","position":1,"name":"Home","item":"https:\/\/sandzakpress.net\/arhiva\/"},{"@type":"ListItem","position":2,"name":"Bijela ku\u0107a: SAD ne\u0107e isporu\u010diti Turskoj avione F-35"}]},{"@type":"WebSite","@id":"https:\/\/sandzakpress.net\/arhiva\/#website","url":"https:\/\/sandzakpress.net\/arhiva\/","name":"Sand\u017eak PRESS","description":"Prve elektronske novine u Sand\u017eaku","publisher":{"@id":"https:\/\/sandzakpress.net\/arhiva\/#\/schema\/person\/6e72b67d6e51910a1117b3b483ba20bd"},"potentialAction":[{"@type":"SearchAction","target":{"@type":"EntryPoint","urlTemplate":"https:\/\/sandzakpress.net\/arhiva\/?s={search_term_string}"},"query-input":{"@type":"PropertyValueSpecification","valueRequired":true,"valueName":"search_term_string"}}],"inLanguage":"bs-BA"},{"@type":["Person","Organization"],"@id":"https:\/\/sandzakpress.net\/arhiva\/#\/schema\/person\/6e72b67d6e51910a1117b3b483ba20bd","name":"Kul","image":{"@type":"ImageObject","inLanguage":"bs-BA","@id":"https:\/\/sandzakpress.net\/arhiva\/#\/schema\/person\/image\/","url":"https:\/\/secure.gravatar.com\/avatar\/42263f39aa27ac04c43cab85c280eb2e?s=96&d=mm&r=pg","contentUrl":"https:\/\/secure.gravatar.com\/avatar\/42263f39aa27ac04c43cab85c280eb2e?s=96&d=mm&r=pg","caption":"Kul"},"logo":{"@id":"https:\/\/sandzakpress.net\/arhiva\/#\/schema\/person\/image\/"}},{"@type":"Person","@id":"https:\/\/sandzakpress.net\/arhiva\/#\/schema\/person\/c8baee722073534b583ea7bdb2e36c02","name":"bosniak","image":{"@type":"ImageObject","inLanguage":"bs-BA","@id":"https:\/\/sandzakpress.net\/arhiva\/#\/schema\/person\/image\/","url":"https:\/\/secure.gravatar.com\/avatar\/a04fd330bfe3a36a72a0ad4a6d89fca7?s=96&d=mm&r=pg","contentUrl":"https:\/\/secure.gravatar.com\/avatar\/a04fd330bfe3a36a72a0ad4a6d89fca7?s=96&d=mm&r=pg","caption":"bosniak"},"url":"https:\/\/sandzakpress.net\/arhiva\/author\/bosniak\/"}]}},"_links":{"self":[{"href":"https:\/\/sandzakpress.net\/arhiva\/wp-json\/wp\/v2\/posts\/226338"}],"collection":[{"href":"https:\/\/sandzakpress.net\/arhiva\/wp-json\/wp\/v2\/posts"}],"about":[{"href":"https:\/\/sandzakpress.net\/arhiva\/wp-json\/wp\/v2\/types\/post"}],"author":[{"embeddable":true,"href":"https:\/\/sandzakpress.net\/arhiva\/wp-json\/wp\/v2\/users\/83"}],"replies":[{"embeddable":true,"href":"https:\/\/sandzakpress.net\/arhiva\/wp-json\/wp\/v2\/comments?post=226338"}],"version-history":[{"count":0,"href":"https:\/\/sandzakpress.net\/arhiva\/wp-json\/wp\/v2\/posts\/226338\/revisions"}],"wp:attachment":[{"href":"https:\/\/sandzakpress.net\/arhiva\/wp-json\/wp\/v2\/media?parent=226338"}],"wp:term":[{"taxonomy":"category","embeddable":true,"href":"https:\/\/sandzakpress.net\/arhiva\/wp-json\/wp\/v2\/categories?post=226338"},{"taxonomy":"post_tag","embeddable":true,"href":"https:\/\/sandzakpress.net\/arhiva\/wp-json\/wp\/v2\/tags?post=226338"}],"curies":[{"name":"wp","href":"https:\/\/api.w.org\/{rel}","templated":true}]}}