{"id":226294,"date":"2019-07-18T11:56:02","date_gmt":"2019-07-18T09:56:02","guid":{"rendered":"https:\/\/sandzakpress.net\/arhiva\/brammertz-situacija-u-bivsoj-jugoslaviji-pogorsana-zbog-negiranja-zlocina"},"modified":"2019-07-18T11:56:02","modified_gmt":"2019-07-18T09:56:02","slug":"brammertz-situacija-u-bivsoj-jugoslaviji-pogorsana-zbog-negiranja-zlocina","status":"publish","type":"post","link":"https:\/\/sandzakpress.net\/arhiva\/brammertz-situacija-u-bivsoj-jugoslaviji-pogorsana-zbog-negiranja-zlocina\/","title":{"rendered":"Brammertz: Situacija u biv\u0161oj Jugoslaviji pogor\u0161ana zbog negiranja zlo\u010dina"},"content":{"rendered":"<p><span class=\"cb-itemprop\"><\/p>\n<p><img decoding=\"async\" src=\"http:\/\/balkans.aljazeera.net\/sites\/default\/files\/styles\/d8\/public\/bramerc2.epa_.jpg?itok=GOkXtJTZ\" \/><\/p>\n<p><strong>Glavni tu\u017eilac me\u0111unarodnog suda u Hagu Serge Brammertz upozorio je, pred Savetom bezbednosti UN, da se u biv\u0161oj Jugoslaviji \u201csituacija dramati\u010dno pogor\u0161ala\u201d zbog negiranja ratnih zlo\u010dina i slavljenja njihovih po\u010dinilaca.<\/strong><\/p>\n<p>\u201cU biv\u0161oj Jugoslaviji se situacija dramati\u010dno pogor\u0161ala. Pro\u0161le sedmice za vreme obele\u017eavanja 24. godi\u0161njice genocida u Srebrenici, poslanik u parlamentu Srbije je to nazvao briljantnom vojnom operacijom\u201d, naveo je Brammertz, kao primer revizionizma, dok je Savetu bezbednosti podnosio redovan izve\u0161taj o radu ha\u0161kog tu\u017eila\u0161tva.<\/p>\n<p>Prema zvani\u010dnom twitter nalogu suda u Hagu, Brammertz je rekao da \u201cnegiranje (zlo\u010dina) i glorifikacija (po\u010dinilaca) spre\u010davaju pomirenje\u201d naroda u biv\u0161oj Jugoslaviji.<\/p>\n<p>\u201cMe\u0111unarodna zajednica izneverila je \u017ertve u Ruandi i biv\u0161oj Jugoslaviji, ostav\u0161i po strani kada su bili \u010dinjeni zlo\u010dini. Ne smemo ih ponovo izneveriti sada time \u0161to ne\u0107emo di\u0107i glas protiv negiranja i glorifikacije\u201d, podvukao je Brammertz.<\/p>\n<p>On je dodao i da \u201cte\u0161ka zlo\u010dina\u010dka dela protiv pravosudnog procesa moraju biti otkrivena i procesuirana. Svedoci moraju biti za\u0161ti\u0107eni od uznemiravanja i integritet na\u0161ih presuda mora biti obezbe\u0111en\u201d.<\/p>\n<p>Brammertz je rekao da presuda kojom je sud u Hagu osudio biv\u0161eg lidera bosanskih Srba Radovana Karad\u017ei\u0107a na do\u017eivotni zatvor zbog genocida u Srebrenici i drugih zlo\u010dina je \u201csna\u017ean pokazatelj o tome da, kada me\u0111unarodna zajednica ostane odlu\u010dna, pravda mo\u017ee i ho\u0107e prevladati\u201d.<\/p>\n<h4>Jo\u0161 hiljade predmeta za procesuiranje<\/h4>\n<p>Glavni tu\u017eilac sudskog Mehanizma, pravnog naslednika Ha\u0161kog tribunala, rekao je i da se \u201cu biv\u0161oj Jugoslaviji moraju procesuirati jo\u0161 hiljade predmeta\u201d povezanih sa ratnim zlo\u010dinima.<\/p>\n<p>\u201cRegionalna saradnja mora biti poja\u010dana. Tu\u017eila\u0161tvo Mehanizma \u0107e pomo\u0107i proces prosle\u0111ivanja predmeta, koji se ti\u010du zvani\u010dnika srednjeg ranga, iz zemalja u kojima su zlo\u010dini po\u010dinjeni u zemlje u kojima sada \u017eive osumnji\u010deni\u201d, rekao je Brammertz.<\/p>\n<p>On je kazao da su se \u201czemlje biv\u0161e Jugoslavije obavezale da pove\u0107aju tempo procesuiranja ratnih zlo\u010dina i da u zna\u010dajnoj meri smanje broj nere\u0161enih predmeta. Postizanje ovih ciljeva zavisi od kontinuirane i poja\u010dane pomo\u0107i Tu\u017eila\u0161tva Mehanizma u Hagu\u201d.<\/p>\n<p>Predsednik Mehanizma Carmel Agius obavestio je Savet bezbednosti da \u201cglatko napreduju\u201d \u017ealbeni postupak u procesu generalu Ratku Mladi\u0107u i ponovljeno sudjenje Jovici Stani\u0161i\u0107u i Franku Simatovi\u0107u.<\/p>\n<p>Sudija Agius je najavio da \u0107e oba procesa biti okon\u010dana, kako se o\u010dekuje, do kraja 2020. godine.<\/p>\n<p>I on je ukazao na neophodnost da medjunarodna zajednica \u201cstane \u010dvrsto u odbranu pravosudnih procesa i presuda, a protiv negiranja zlo\u010dina i revizionizma u biv\u0161oj Jugoslaviji\u201d.<\/p>\n<p>Prema njegovim re\u010dima, od Beograda je zatra\u017eeno da Hagu vrati slu\u010dajeve \u010dlanova Srpske radikalne stranke Vjerice Radete i Petra Joji\u0107a, koji su optu\u017eeni za nepo\u0161tovanje suda, odnosno zastra\u0161ivanje svedoka.<\/p>\n<p>Agius je naveo da je Srbiji upu\u0107en zahtev da to u\u010dini bez odlaganja, ali da je Beograd ulo\u017eio \u017ealbu.<\/p>\n<h4>Kuburovi\u0107: Ne uslovljavati evrointegracije suradnjom sa sudom<\/h4>\n<p>Ministarka pravde Srbije Nela Kuburovi\u0107 je pred Savetom bezbednosti UN u Njujorku kritikovala stav da napredak Srbije u evrointegracijama treba da bude uslovljen saradnjom sa Me\u0111unarodnim rezidualnim mehanizmom za krivi\u010dne sudove UN.<\/p>\n<p>Na sednici SB UN, na kojoj je razmatran novi \u0161estomese\u010dni izve\u0161taj o radu Mehanizma, Kuburovi\u0107 je rekla da se tim stavom glavnog tu\u017eioca naslednika Ha\u0161kog tribunala Sergea Brammertza Mehanizam vidi kao sredstvo politi\u010dkog pritiska.<\/p>\n<p>Kuburovi\u0107 je navela da je Srbija pobolj\u0161ala svoj pravosudni sistem saradnjom sa Tribunalom i da se \u010dini da stav o uslovljavanju napretka ka EU saradnjom sa Mehanizmom pokazuje da \u201csve godine te\u0161kog rada\u201d nisu bile dovoljne.<\/p>\n<p>Ona je rekla da zvani\u010dnici Mehanizma procenjuju da \u0107e neki postupci biti okon\u010dani do kraja 2020. godine i da, po\u0161to mandat Mehanizma isti\u010de u junu 2020. godine, ostaje otvoreno pitanje institucionalnog okvira za razmatranje preostalih slu\u010dajeva.<\/p>\n<p>Kuburovi\u0107 je kazala da Srbija ispunjava sve obaveze prema Mehanizmu i da je omogu\u0107ila pristup svoj dokumentaciji \u2013 dokazima i arhivama.<\/p>\n<p>Komentari\u0161u\u0107i navode iz izve\u0161taja Tu\u017eila\u0161tva za period od 16. novembra 2018. do 15. maja 2019. godine, o neprocesuiranju izvr\u0161ilaca vi\u0161eg ranga, Kuburovi\u0107 je navela da je Srbija Ha\u0161kom tribunalu isporu\u010dila svoje najvi\u0161e zvani\u010dnike i dodala da \u201cto nije tra\u017eeno ni od jedne druge zemlje\u201d.<\/p>\n<p>Kazala je i da na Kosovu niko nije \u201cpozvan na odgovarnost\u201d za ubistva Srba i drugih nealbanaca.<\/p>\n<p>Od Saveta bezbednosti je zatra\u017eila da se srpskim dr\u017eavljanima omogu\u0107i da slu\u017ee kaznu u Srbiji i dodala da je Beograd spreman da ponudi potrebne garancije.<\/p>\n<p><em>Izvor: Agencije<\/em><\/p>\n<p><\/span><br \/>\nPogledajte vijest na izvornom sajtu:<\/p>\n<p><a href=\"https:\/\/bosnapress.net\/brammertz-situacija-u-bivsoj-jugoslaviji-pogorsana-zbog-negiranja-zlocina\/\" target=\"_blank\">Brammertz: Situacija u biv\u0161oj Jugoslaviji pogor\u0161ana zbog negiranja zlo\u010dina<\/a><\/p>\n","protected":false},"excerpt":{"rendered":"<p>Glavni tu\u017eilac me\u0111unarodnog suda u Hagu Serge Brammertz upozorio je, pred Savetom bezbednosti UN, da se u biv\u0161oj Jugoslaviji \u201csituacija dramati\u010dno pogor\u0161ala\u201d zbog negiranja ratnih zlo\u010dina i slavljenja njihovih po\u010dinilaca. \u201cU biv\u0161oj Jugoslaviji se situacija dramati\u010dno pogor\u0161ala. Pro\u0161le sedmice za vreme obele\u017eavanja 24. godi\u0161njice genocida u Srebrenici, poslanik u parlamentu Srbije je to nazvao briljantnom [&hellip;]<\/p>\n","protected":false},"author":83,"featured_media":0,"comment_status":"open","ping_status":"open","sticky":false,"template":"","format":"standard","meta":{"footnotes":""},"categories":[10513],"tags":[10466],"class_list":{"0":"post-226294","1":"post","2":"type-post","3":"status-publish","4":"format-standard","6":"category-bosna-press","7":"tag-bosna-i-hercegovina"},"yoast_head":"<!-- This site is optimized with the Yoast SEO Premium plugin v23.1 (Yoast SEO v24.9) - https:\/\/yoast.com\/wordpress\/plugins\/seo\/ -->\n<title>Brammertz: Situacija u biv\u0161oj Jugoslaviji pogor\u0161ana zbog negiranja zlo\u010dina<\/title>\n<meta name=\"robots\" content=\"index, follow, max-snippet:-1, max-image-preview:large, max-video-preview:-1\" \/>\n<link rel=\"canonical\" href=\"https:\/\/sandzakpress.net\/arhiva\/brammertz-situacija-u-bivsoj-jugoslaviji-pogorsana-zbog-negiranja-zlocina\/\" \/>\n<meta property=\"og:locale\" content=\"bs_BA\" \/>\n<meta property=\"og:type\" content=\"article\" \/>\n<meta property=\"og:title\" content=\"Brammertz: Situacija u biv\u0161oj Jugoslaviji pogor\u0161ana zbog negiranja zlo\u010dina\" \/>\n<meta property=\"og:description\" content=\"Glavni tu\u017eilac me\u0111unarodnog suda u Hagu Serge Brammertz upozorio je, pred Savetom bezbednosti UN, da se u biv\u0161oj Jugoslaviji \u201csituacija dramati\u010dno pogor\u0161ala\u201d zbog negiranja ratnih zlo\u010dina i slavljenja njihovih po\u010dinilaca. \u201cU biv\u0161oj Jugoslaviji se situacija dramati\u010dno pogor\u0161ala. Pro\u0161le sedmice za vreme obele\u017eavanja 24. godi\u0161njice genocida u Srebrenici, poslanik u parlamentu Srbije je to nazvao briljantnom [&hellip;]\" \/>\n<meta property=\"og:url\" content=\"https:\/\/sandzakpress.net\/arhiva\/brammertz-situacija-u-bivsoj-jugoslaviji-pogorsana-zbog-negiranja-zlocina\/\" \/>\n<meta property=\"og:site_name\" content=\"Sand\u017eak PRESS\" \/>\n<meta property=\"article:published_time\" content=\"2019-07-18T09:56:02+00:00\" \/>\n<meta property=\"og:image\" content=\"http:\/\/balkans.aljazeera.net\/sites\/default\/files\/styles\/d8\/public\/bramerc2.epa_.jpg?itok=GOkXtJTZ\" \/>\n<meta name=\"author\" content=\"bosniak\" \/>\n<meta name=\"twitter:card\" content=\"summary_large_image\" \/>\n<meta name=\"twitter:label1\" content=\"Written by\" \/>\n\t<meta name=\"twitter:data1\" content=\"bosniak\" \/>\n\t<meta name=\"twitter:label2\" content=\"Est. reading time\" \/>\n\t<meta name=\"twitter:data2\" content=\"4 minute\" \/>\n<script type=\"application\/ld+json\" class=\"yoast-schema-graph\">{\"@context\":\"https:\/\/schema.org\",\"@graph\":[{\"@type\":\"Article\",\"@id\":\"https:\/\/sandzakpress.net\/arhiva\/brammertz-situacija-u-bivsoj-jugoslaviji-pogorsana-zbog-negiranja-zlocina\/#article\",\"isPartOf\":{\"@id\":\"https:\/\/sandzakpress.net\/arhiva\/brammertz-situacija-u-bivsoj-jugoslaviji-pogorsana-zbog-negiranja-zlocina\/\"},\"author\":{\"name\":\"bosniak\",\"@id\":\"https:\/\/sandzakpress.net\/arhiva\/#\/schema\/person\/c8baee722073534b583ea7bdb2e36c02\"},\"headline\":\"Brammertz: Situacija u biv\u0161oj Jugoslaviji pogor\u0161ana zbog negiranja zlo\u010dina\",\"datePublished\":\"2019-07-18T09:56:02+00:00\",\"mainEntityOfPage\":{\"@id\":\"https:\/\/sandzakpress.net\/arhiva\/brammertz-situacija-u-bivsoj-jugoslaviji-pogorsana-zbog-negiranja-zlocina\/\"},\"wordCount\":815,\"commentCount\":0,\"publisher\":{\"@id\":\"https:\/\/sandzakpress.net\/arhiva\/#\/schema\/person\/6e72b67d6e51910a1117b3b483ba20bd\"},\"image\":{\"@id\":\"https:\/\/sandzakpress.net\/arhiva\/brammertz-situacija-u-bivsoj-jugoslaviji-pogorsana-zbog-negiranja-zlocina\/#primaryimage\"},\"thumbnailUrl\":\"http:\/\/balkans.aljazeera.net\/sites\/default\/files\/styles\/d8\/public\/bramerc2.epa_.jpg?itok=GOkXtJTZ\",\"keywords\":[\"Bosna i Hercegovina\"],\"articleSection\":[\"Bosna PRESS\"],\"inLanguage\":\"bs-BA\",\"potentialAction\":[{\"@type\":\"CommentAction\",\"name\":\"Comment\",\"target\":[\"https:\/\/sandzakpress.net\/arhiva\/brammertz-situacija-u-bivsoj-jugoslaviji-pogorsana-zbog-negiranja-zlocina\/#respond\"]}]},{\"@type\":\"WebPage\",\"@id\":\"https:\/\/sandzakpress.net\/arhiva\/brammertz-situacija-u-bivsoj-jugoslaviji-pogorsana-zbog-negiranja-zlocina\/\",\"url\":\"https:\/\/sandzakpress.net\/arhiva\/brammertz-situacija-u-bivsoj-jugoslaviji-pogorsana-zbog-negiranja-zlocina\/\",\"name\":\"Brammertz: Situacija u biv\u0161oj Jugoslaviji pogor\u0161ana zbog negiranja zlo\u010dina\",\"isPartOf\":{\"@id\":\"https:\/\/sandzakpress.net\/arhiva\/#website\"},\"primaryImageOfPage\":{\"@id\":\"https:\/\/sandzakpress.net\/arhiva\/brammertz-situacija-u-bivsoj-jugoslaviji-pogorsana-zbog-negiranja-zlocina\/#primaryimage\"},\"image\":{\"@id\":\"https:\/\/sandzakpress.net\/arhiva\/brammertz-situacija-u-bivsoj-jugoslaviji-pogorsana-zbog-negiranja-zlocina\/#primaryimage\"},\"thumbnailUrl\":\"http:\/\/balkans.aljazeera.net\/sites\/default\/files\/styles\/d8\/public\/bramerc2.epa_.jpg?itok=GOkXtJTZ\",\"datePublished\":\"2019-07-18T09:56:02+00:00\",\"breadcrumb\":{\"@id\":\"https:\/\/sandzakpress.net\/arhiva\/brammertz-situacija-u-bivsoj-jugoslaviji-pogorsana-zbog-negiranja-zlocina\/#breadcrumb\"},\"inLanguage\":\"bs-BA\",\"potentialAction\":[{\"@type\":\"ReadAction\",\"target\":[\"https:\/\/sandzakpress.net\/arhiva\/brammertz-situacija-u-bivsoj-jugoslaviji-pogorsana-zbog-negiranja-zlocina\/\"]}]},{\"@type\":\"ImageObject\",\"inLanguage\":\"bs-BA\",\"@id\":\"https:\/\/sandzakpress.net\/arhiva\/brammertz-situacija-u-bivsoj-jugoslaviji-pogorsana-zbog-negiranja-zlocina\/#primaryimage\",\"url\":\"http:\/\/balkans.aljazeera.net\/sites\/default\/files\/styles\/d8\/public\/bramerc2.epa_.jpg?itok=GOkXtJTZ\",\"contentUrl\":\"http:\/\/balkans.aljazeera.net\/sites\/default\/files\/styles\/d8\/public\/bramerc2.epa_.jpg?itok=GOkXtJTZ\"},{\"@type\":\"BreadcrumbList\",\"@id\":\"https:\/\/sandzakpress.net\/arhiva\/brammertz-situacija-u-bivsoj-jugoslaviji-pogorsana-zbog-negiranja-zlocina\/#breadcrumb\",\"itemListElement\":[{\"@type\":\"ListItem\",\"position\":1,\"name\":\"Home\",\"item\":\"https:\/\/sandzakpress.net\/arhiva\/\"},{\"@type\":\"ListItem\",\"position\":2,\"name\":\"Brammertz: Situacija u biv\u0161oj Jugoslaviji pogor\u0161ana zbog negiranja zlo\u010dina\"}]},{\"@type\":\"WebSite\",\"@id\":\"https:\/\/sandzakpress.net\/arhiva\/#website\",\"url\":\"https:\/\/sandzakpress.net\/arhiva\/\",\"name\":\"Sand\u017eak PRESS\",\"description\":\"Prve elektronske novine u Sand\u017eaku\",\"publisher\":{\"@id\":\"https:\/\/sandzakpress.net\/arhiva\/#\/schema\/person\/6e72b67d6e51910a1117b3b483ba20bd\"},\"potentialAction\":[{\"@type\":\"SearchAction\",\"target\":{\"@type\":\"EntryPoint\",\"urlTemplate\":\"https:\/\/sandzakpress.net\/arhiva\/?s={search_term_string}\"},\"query-input\":{\"@type\":\"PropertyValueSpecification\",\"valueRequired\":true,\"valueName\":\"search_term_string\"}}],\"inLanguage\":\"bs-BA\"},{\"@type\":[\"Person\",\"Organization\"],\"@id\":\"https:\/\/sandzakpress.net\/arhiva\/#\/schema\/person\/6e72b67d6e51910a1117b3b483ba20bd\",\"name\":\"Kul\",\"image\":{\"@type\":\"ImageObject\",\"inLanguage\":\"bs-BA\",\"@id\":\"https:\/\/sandzakpress.net\/arhiva\/#\/schema\/person\/image\/\",\"url\":\"https:\/\/secure.gravatar.com\/avatar\/42263f39aa27ac04c43cab85c280eb2e?s=96&d=mm&r=pg\",\"contentUrl\":\"https:\/\/secure.gravatar.com\/avatar\/42263f39aa27ac04c43cab85c280eb2e?s=96&d=mm&r=pg\",\"caption\":\"Kul\"},\"logo\":{\"@id\":\"https:\/\/sandzakpress.net\/arhiva\/#\/schema\/person\/image\/\"}},{\"@type\":\"Person\",\"@id\":\"https:\/\/sandzakpress.net\/arhiva\/#\/schema\/person\/c8baee722073534b583ea7bdb2e36c02\",\"name\":\"bosniak\",\"image\":{\"@type\":\"ImageObject\",\"inLanguage\":\"bs-BA\",\"@id\":\"https:\/\/sandzakpress.net\/arhiva\/#\/schema\/person\/image\/\",\"url\":\"https:\/\/secure.gravatar.com\/avatar\/a04fd330bfe3a36a72a0ad4a6d89fca7?s=96&d=mm&r=pg\",\"contentUrl\":\"https:\/\/secure.gravatar.com\/avatar\/a04fd330bfe3a36a72a0ad4a6d89fca7?s=96&d=mm&r=pg\",\"caption\":\"bosniak\"},\"url\":\"https:\/\/sandzakpress.net\/arhiva\/author\/bosniak\/\"}]}<\/script>\n<!-- \/ Yoast SEO Premium plugin. -->","yoast_head_json":{"title":"Brammertz: Situacija u biv\u0161oj Jugoslaviji pogor\u0161ana zbog negiranja zlo\u010dina","robots":{"index":"index","follow":"follow","max-snippet":"max-snippet:-1","max-image-preview":"max-image-preview:large","max-video-preview":"max-video-preview:-1"},"canonical":"https:\/\/sandzakpress.net\/arhiva\/brammertz-situacija-u-bivsoj-jugoslaviji-pogorsana-zbog-negiranja-zlocina\/","og_locale":"bs_BA","og_type":"article","og_title":"Brammertz: Situacija u biv\u0161oj Jugoslaviji pogor\u0161ana zbog negiranja zlo\u010dina","og_description":"Glavni tu\u017eilac me\u0111unarodnog suda u Hagu Serge Brammertz upozorio je, pred Savetom bezbednosti UN, da se u biv\u0161oj Jugoslaviji \u201csituacija dramati\u010dno pogor\u0161ala\u201d zbog negiranja ratnih zlo\u010dina i slavljenja njihovih po\u010dinilaca. \u201cU biv\u0161oj Jugoslaviji se situacija dramati\u010dno pogor\u0161ala. Pro\u0161le sedmice za vreme obele\u017eavanja 24. godi\u0161njice genocida u Srebrenici, poslanik u parlamentu Srbije je to nazvao briljantnom [&hellip;]","og_url":"https:\/\/sandzakpress.net\/arhiva\/brammertz-situacija-u-bivsoj-jugoslaviji-pogorsana-zbog-negiranja-zlocina\/","og_site_name":"Sand\u017eak PRESS","article_published_time":"2019-07-18T09:56:02+00:00","og_image":[{"url":"http:\/\/balkans.aljazeera.net\/sites\/default\/files\/styles\/d8\/public\/bramerc2.epa_.jpg?itok=GOkXtJTZ","type":"","width":"","height":""}],"author":"bosniak","twitter_card":"summary_large_image","twitter_misc":{"Written by":"bosniak","Est. reading time":"4 minute"},"schema":{"@context":"https:\/\/schema.org","@graph":[{"@type":"Article","@id":"https:\/\/sandzakpress.net\/arhiva\/brammertz-situacija-u-bivsoj-jugoslaviji-pogorsana-zbog-negiranja-zlocina\/#article","isPartOf":{"@id":"https:\/\/sandzakpress.net\/arhiva\/brammertz-situacija-u-bivsoj-jugoslaviji-pogorsana-zbog-negiranja-zlocina\/"},"author":{"name":"bosniak","@id":"https:\/\/sandzakpress.net\/arhiva\/#\/schema\/person\/c8baee722073534b583ea7bdb2e36c02"},"headline":"Brammertz: Situacija u biv\u0161oj Jugoslaviji pogor\u0161ana zbog negiranja zlo\u010dina","datePublished":"2019-07-18T09:56:02+00:00","mainEntityOfPage":{"@id":"https:\/\/sandzakpress.net\/arhiva\/brammertz-situacija-u-bivsoj-jugoslaviji-pogorsana-zbog-negiranja-zlocina\/"},"wordCount":815,"commentCount":0,"publisher":{"@id":"https:\/\/sandzakpress.net\/arhiva\/#\/schema\/person\/6e72b67d6e51910a1117b3b483ba20bd"},"image":{"@id":"https:\/\/sandzakpress.net\/arhiva\/brammertz-situacija-u-bivsoj-jugoslaviji-pogorsana-zbog-negiranja-zlocina\/#primaryimage"},"thumbnailUrl":"http:\/\/balkans.aljazeera.net\/sites\/default\/files\/styles\/d8\/public\/bramerc2.epa_.jpg?itok=GOkXtJTZ","keywords":["Bosna i Hercegovina"],"articleSection":["Bosna PRESS"],"inLanguage":"bs-BA","potentialAction":[{"@type":"CommentAction","name":"Comment","target":["https:\/\/sandzakpress.net\/arhiva\/brammertz-situacija-u-bivsoj-jugoslaviji-pogorsana-zbog-negiranja-zlocina\/#respond"]}]},{"@type":"WebPage","@id":"https:\/\/sandzakpress.net\/arhiva\/brammertz-situacija-u-bivsoj-jugoslaviji-pogorsana-zbog-negiranja-zlocina\/","url":"https:\/\/sandzakpress.net\/arhiva\/brammertz-situacija-u-bivsoj-jugoslaviji-pogorsana-zbog-negiranja-zlocina\/","name":"Brammertz: Situacija u biv\u0161oj Jugoslaviji pogor\u0161ana zbog negiranja zlo\u010dina","isPartOf":{"@id":"https:\/\/sandzakpress.net\/arhiva\/#website"},"primaryImageOfPage":{"@id":"https:\/\/sandzakpress.net\/arhiva\/brammertz-situacija-u-bivsoj-jugoslaviji-pogorsana-zbog-negiranja-zlocina\/#primaryimage"},"image":{"@id":"https:\/\/sandzakpress.net\/arhiva\/brammertz-situacija-u-bivsoj-jugoslaviji-pogorsana-zbog-negiranja-zlocina\/#primaryimage"},"thumbnailUrl":"http:\/\/balkans.aljazeera.net\/sites\/default\/files\/styles\/d8\/public\/bramerc2.epa_.jpg?itok=GOkXtJTZ","datePublished":"2019-07-18T09:56:02+00:00","breadcrumb":{"@id":"https:\/\/sandzakpress.net\/arhiva\/brammertz-situacija-u-bivsoj-jugoslaviji-pogorsana-zbog-negiranja-zlocina\/#breadcrumb"},"inLanguage":"bs-BA","potentialAction":[{"@type":"ReadAction","target":["https:\/\/sandzakpress.net\/arhiva\/brammertz-situacija-u-bivsoj-jugoslaviji-pogorsana-zbog-negiranja-zlocina\/"]}]},{"@type":"ImageObject","inLanguage":"bs-BA","@id":"https:\/\/sandzakpress.net\/arhiva\/brammertz-situacija-u-bivsoj-jugoslaviji-pogorsana-zbog-negiranja-zlocina\/#primaryimage","url":"http:\/\/balkans.aljazeera.net\/sites\/default\/files\/styles\/d8\/public\/bramerc2.epa_.jpg?itok=GOkXtJTZ","contentUrl":"http:\/\/balkans.aljazeera.net\/sites\/default\/files\/styles\/d8\/public\/bramerc2.epa_.jpg?itok=GOkXtJTZ"},{"@type":"BreadcrumbList","@id":"https:\/\/sandzakpress.net\/arhiva\/brammertz-situacija-u-bivsoj-jugoslaviji-pogorsana-zbog-negiranja-zlocina\/#breadcrumb","itemListElement":[{"@type":"ListItem","position":1,"name":"Home","item":"https:\/\/sandzakpress.net\/arhiva\/"},{"@type":"ListItem","position":2,"name":"Brammertz: Situacija u biv\u0161oj Jugoslaviji pogor\u0161ana zbog negiranja zlo\u010dina"}]},{"@type":"WebSite","@id":"https:\/\/sandzakpress.net\/arhiva\/#website","url":"https:\/\/sandzakpress.net\/arhiva\/","name":"Sand\u017eak PRESS","description":"Prve elektronske novine u Sand\u017eaku","publisher":{"@id":"https:\/\/sandzakpress.net\/arhiva\/#\/schema\/person\/6e72b67d6e51910a1117b3b483ba20bd"},"potentialAction":[{"@type":"SearchAction","target":{"@type":"EntryPoint","urlTemplate":"https:\/\/sandzakpress.net\/arhiva\/?s={search_term_string}"},"query-input":{"@type":"PropertyValueSpecification","valueRequired":true,"valueName":"search_term_string"}}],"inLanguage":"bs-BA"},{"@type":["Person","Organization"],"@id":"https:\/\/sandzakpress.net\/arhiva\/#\/schema\/person\/6e72b67d6e51910a1117b3b483ba20bd","name":"Kul","image":{"@type":"ImageObject","inLanguage":"bs-BA","@id":"https:\/\/sandzakpress.net\/arhiva\/#\/schema\/person\/image\/","url":"https:\/\/secure.gravatar.com\/avatar\/42263f39aa27ac04c43cab85c280eb2e?s=96&d=mm&r=pg","contentUrl":"https:\/\/secure.gravatar.com\/avatar\/42263f39aa27ac04c43cab85c280eb2e?s=96&d=mm&r=pg","caption":"Kul"},"logo":{"@id":"https:\/\/sandzakpress.net\/arhiva\/#\/schema\/person\/image\/"}},{"@type":"Person","@id":"https:\/\/sandzakpress.net\/arhiva\/#\/schema\/person\/c8baee722073534b583ea7bdb2e36c02","name":"bosniak","image":{"@type":"ImageObject","inLanguage":"bs-BA","@id":"https:\/\/sandzakpress.net\/arhiva\/#\/schema\/person\/image\/","url":"https:\/\/secure.gravatar.com\/avatar\/a04fd330bfe3a36a72a0ad4a6d89fca7?s=96&d=mm&r=pg","contentUrl":"https:\/\/secure.gravatar.com\/avatar\/a04fd330bfe3a36a72a0ad4a6d89fca7?s=96&d=mm&r=pg","caption":"bosniak"},"url":"https:\/\/sandzakpress.net\/arhiva\/author\/bosniak\/"}]}},"_links":{"self":[{"href":"https:\/\/sandzakpress.net\/arhiva\/wp-json\/wp\/v2\/posts\/226294"}],"collection":[{"href":"https:\/\/sandzakpress.net\/arhiva\/wp-json\/wp\/v2\/posts"}],"about":[{"href":"https:\/\/sandzakpress.net\/arhiva\/wp-json\/wp\/v2\/types\/post"}],"author":[{"embeddable":true,"href":"https:\/\/sandzakpress.net\/arhiva\/wp-json\/wp\/v2\/users\/83"}],"replies":[{"embeddable":true,"href":"https:\/\/sandzakpress.net\/arhiva\/wp-json\/wp\/v2\/comments?post=226294"}],"version-history":[{"count":0,"href":"https:\/\/sandzakpress.net\/arhiva\/wp-json\/wp\/v2\/posts\/226294\/revisions"}],"wp:attachment":[{"href":"https:\/\/sandzakpress.net\/arhiva\/wp-json\/wp\/v2\/media?parent=226294"}],"wp:term":[{"taxonomy":"category","embeddable":true,"href":"https:\/\/sandzakpress.net\/arhiva\/wp-json\/wp\/v2\/categories?post=226294"},{"taxonomy":"post_tag","embeddable":true,"href":"https:\/\/sandzakpress.net\/arhiva\/wp-json\/wp\/v2\/tags?post=226294"}],"curies":[{"name":"wp","href":"https:\/\/api.w.org\/{rel}","templated":true}]}}