{"id":226257,"date":"2019-07-17T12:04:15","date_gmt":"2019-07-17T10:04:15","guid":{"rendered":"https:\/\/sandzakpress.net\/arhiva\/?p=226257"},"modified":"2019-07-17T12:04:15","modified_gmt":"2019-07-17T10:04:15","slug":"neizvjesno-je-da-li-ce-izgradnja-vrtica-u-pljevljima-poceti-i-ove-godine","status":"publish","type":"post","link":"https:\/\/sandzakpress.net\/arhiva\/neizvjesno-je-da-li-ce-izgradnja-vrtica-u-pljevljima-poceti-i-ove-godine\/","title":{"rendered":"Neizvjesno je da li \u0107e izgradnja vrti\u0107a u Pljevljima po\u010deti i ove godine"},"content":{"rendered":"<p><img decoding=\"async\" src=\"https:\/\/www.vijesti.me\/media\/2019071517070_446d3250-b8b0-4018-b504-d2f4898932de.jpeg\" alt=\"Idejno rje\u00c5\u00a1enje\" \/><\/p>\n<p><strong>Izgradnja dje\u010djeg vrti\u0107a u pljevaljskom naselju Guke, najavljena za prolje\u0107e, jo\u0161 nije po\u010dela, a neizvjeno je da li \u0107e se ne\u0161to raditi ove godine s obzirom na to da je nedavno tek raspisan tender za izbor izvo\u0111a\u010da radova.<\/strong><\/p>\n<p>Procijenjena vrijednost nabavke je 800.000 eura, a zainteresovani ponude mogu dostaviti Upravi javnih radova do 16. avgusta.<\/p>\n<p>Pri\u010da o izgradnji vrti\u0107a na Gukama najavljivana je skoro svake godine od 2014. kada je potpisan ugovor o kreditu sa Evropskom razvojnom bankom.<\/p>\n<p>Izgradnjom vrti\u0107a djelimi\u010dno bi se ubla\u017eio problem prebukiranosti pred\u0161kolske ustanove &#8220;Eko bajka&#8221;.<\/p>\n<p>Vrti\u0107 bi se gradio prema idejnom rje\u0161enju autorskog tima &#8211; Ivana Bari\u0161i\u0107, Matija Vukovi\u0107 i Dragana Cuki\u0107, \u010diji je rad osvojio prvu nagradu na konkursu Ministarstva odr\u017eivog razvoja i turizma.<\/p>\n<p>Prema projektnom zadatku, vrti\u0107 \u0107e imati 500 metara kvadratnih, odnosno 444 metra korisnog prostora, za smje\u0161taj 67 djece, kao i kuhinju u kojoj \u0107e mo\u0107i da se spreme obroci za 400 mali\u0161ana.<\/p>\n<p>Vrti\u0107 bi se gradio kreditom Banke savjeta Evrope u okviru projekta \u201cIzgradnja sedam novih pred\u0161kolskih ustanova i renoviranje postoje\u0107e pred\u0161kolske infrastrukture\u201d.<\/p>\n<p>Op\u0161tina Pljevlja je besplatno Ministarstvu prosvjete ustupila gra\u0111evinsko zemlji\u0161te od 1.693 metra kvadratna.<\/p>\n<p>Sada\u0161nje dvije zgrade vrti\u0107a, jedna u centru grada a druga u naselju \u017dabnjak, izgra\u0111ene su 1961.<\/p>\n<p>Zbog nedostatka prostora dio mali\u0161ana od septembra je smje\u0161ten u renovirane prostorije nekada\u0161njeg Studenskog kluba u blizini Akademskog centra.\u00a0<\/p>\n<p>(Vijesti)<\/p>\n","protected":false},"excerpt":{"rendered":"<p>Izgradnja dje\u010djeg vrti\u0107a u pljevaljskom naselju Guke, najavljena za prolje\u0107e, jo\u0161 nije po\u010dela, a neizvjeno je da li \u0107e se ne\u0161to raditi ove godine s obzirom na to da je nedavno tek raspisan tender za izbor izvo\u0111a\u010da radova. Procijenjena vrijednost nabavke je 800.000 eura, a zainteresovani ponude mogu dostaviti Upravi javnih radova do 16. avgusta. [&hellip;]<\/p>\n","protected":false},"author":509,"featured_media":226261,"comment_status":"open","ping_status":"open","sticky":false,"template":"","format":"standard","meta":{"footnotes":""},"categories":[395,5],"tags":[],"class_list":{"0":"post-226257","1":"post","2":"type-post","3":"status-publish","4":"format-standard","5":"has-post-thumbnail","7":"category-pljevlja_","8":"category-drustvo"},"yoast_head":"<!-- This site is optimized with the Yoast SEO Premium plugin v23.1 (Yoast SEO v24.9) - https:\/\/yoast.com\/wordpress\/plugins\/seo\/ -->\n<title>Neizvjesno je da li \u0107e izgradnja vrti\u0107a u Pljevljima po\u010deti i ove godine<\/title>\n<meta name=\"robots\" content=\"index, follow, max-snippet:-1, max-image-preview:large, max-video-preview:-1\" \/>\n<link rel=\"canonical\" href=\"https:\/\/sandzakpress.net\/arhiva\/neizvjesno-je-da-li-ce-izgradnja-vrtica-u-pljevljima-poceti-i-ove-godine\/\" \/>\n<meta property=\"og:locale\" content=\"bs_BA\" \/>\n<meta property=\"og:type\" content=\"article\" \/>\n<meta property=\"og:title\" content=\"Neizvjesno je da li \u0107e izgradnja vrti\u0107a u Pljevljima po\u010deti i ove godine\" \/>\n<meta property=\"og:description\" content=\"Izgradnja dje\u010djeg vrti\u0107a u pljevaljskom naselju Guke, najavljena za prolje\u0107e, jo\u0161 nije po\u010dela, a neizvjeno je da li \u0107e se ne\u0161to raditi ove godine s obzirom na to da je nedavno tek raspisan tender za izbor izvo\u0111a\u010da radova. Procijenjena vrijednost nabavke je 800.000 eura, a zainteresovani ponude mogu dostaviti Upravi javnih radova do 16. avgusta. [&hellip;]\" \/>\n<meta property=\"og:url\" content=\"https:\/\/sandzakpress.net\/arhiva\/neizvjesno-je-da-li-ce-izgradnja-vrtica-u-pljevljima-poceti-i-ove-godine\/\" \/>\n<meta property=\"og:site_name\" content=\"Sand\u017eak PRESS\" \/>\n<meta property=\"article:published_time\" content=\"2019-07-17T10:04:15+00:00\" \/>\n<meta property=\"og:image\" content=\"https:\/\/sandzakpress.net\/arhiva\/wp-content\/uploads\/2019\/07\/2019071517070_446d3250-b8b0-4018-b504-d2f4898932de.jpeg.jpg\" \/>\n\t<meta property=\"og:image:width\" content=\"800\" \/>\n\t<meta property=\"og:image:height\" content=\"385\" \/>\n\t<meta property=\"og:image:type\" content=\"image\/jpeg\" \/>\n<meta name=\"author\" content=\"Agencija\" \/>\n<meta name=\"twitter:card\" content=\"summary_large_image\" \/>\n<meta name=\"twitter:label1\" content=\"Written by\" \/>\n\t<meta name=\"twitter:data1\" content=\"Agencija\" \/>\n\t<meta name=\"twitter:label2\" content=\"Est. reading time\" \/>\n\t<meta name=\"twitter:data2\" content=\"1 minuta\" \/>\n<script type=\"application\/ld+json\" class=\"yoast-schema-graph\">{\"@context\":\"https:\/\/schema.org\",\"@graph\":[{\"@type\":\"Article\",\"@id\":\"https:\/\/sandzakpress.net\/arhiva\/neizvjesno-je-da-li-ce-izgradnja-vrtica-u-pljevljima-poceti-i-ove-godine\/#article\",\"isPartOf\":{\"@id\":\"https:\/\/sandzakpress.net\/arhiva\/neizvjesno-je-da-li-ce-izgradnja-vrtica-u-pljevljima-poceti-i-ove-godine\/\"},\"author\":{\"name\":\"Agencija\",\"@id\":\"https:\/\/sandzakpress.net\/arhiva\/#\/schema\/person\/cb59d7e3ab91ab90dd680ad0305a6185\"},\"headline\":\"Neizvjesno je da li \u0107e izgradnja vrti\u0107a u Pljevljima po\u010deti i ove godine\",\"datePublished\":\"2019-07-17T10:04:15+00:00\",\"mainEntityOfPage\":{\"@id\":\"https:\/\/sandzakpress.net\/arhiva\/neizvjesno-je-da-li-ce-izgradnja-vrtica-u-pljevljima-poceti-i-ove-godine\/\"},\"wordCount\":259,\"commentCount\":0,\"publisher\":{\"@id\":\"https:\/\/sandzakpress.net\/arhiva\/#\/schema\/person\/6e72b67d6e51910a1117b3b483ba20bd\"},\"image\":{\"@id\":\"https:\/\/sandzakpress.net\/arhiva\/neizvjesno-je-da-li-ce-izgradnja-vrtica-u-pljevljima-poceti-i-ove-godine\/#primaryimage\"},\"thumbnailUrl\":\"https:\/\/sandzakpress.net\/arhiva\/wp-content\/uploads\/2019\/07\/2019071517070_446d3250-b8b0-4018-b504-d2f4898932de.jpeg.jpg\",\"articleSection\":[\"Pljevlja\",\"Dru\u0161tvo\"],\"inLanguage\":\"bs-BA\",\"potentialAction\":[{\"@type\":\"CommentAction\",\"name\":\"Comment\",\"target\":[\"https:\/\/sandzakpress.net\/arhiva\/neizvjesno-je-da-li-ce-izgradnja-vrtica-u-pljevljima-poceti-i-ove-godine\/#respond\"]}]},{\"@type\":\"WebPage\",\"@id\":\"https:\/\/sandzakpress.net\/arhiva\/neizvjesno-je-da-li-ce-izgradnja-vrtica-u-pljevljima-poceti-i-ove-godine\/\",\"url\":\"https:\/\/sandzakpress.net\/arhiva\/neizvjesno-je-da-li-ce-izgradnja-vrtica-u-pljevljima-poceti-i-ove-godine\/\",\"name\":\"Neizvjesno je da li \u0107e izgradnja vrti\u0107a u Pljevljima po\u010deti i ove godine\",\"isPartOf\":{\"@id\":\"https:\/\/sandzakpress.net\/arhiva\/#website\"},\"primaryImageOfPage\":{\"@id\":\"https:\/\/sandzakpress.net\/arhiva\/neizvjesno-je-da-li-ce-izgradnja-vrtica-u-pljevljima-poceti-i-ove-godine\/#primaryimage\"},\"image\":{\"@id\":\"https:\/\/sandzakpress.net\/arhiva\/neizvjesno-je-da-li-ce-izgradnja-vrtica-u-pljevljima-poceti-i-ove-godine\/#primaryimage\"},\"thumbnailUrl\":\"https:\/\/sandzakpress.net\/arhiva\/wp-content\/uploads\/2019\/07\/2019071517070_446d3250-b8b0-4018-b504-d2f4898932de.jpeg.jpg\",\"datePublished\":\"2019-07-17T10:04:15+00:00\",\"breadcrumb\":{\"@id\":\"https:\/\/sandzakpress.net\/arhiva\/neizvjesno-je-da-li-ce-izgradnja-vrtica-u-pljevljima-poceti-i-ove-godine\/#breadcrumb\"},\"inLanguage\":\"bs-BA\",\"potentialAction\":[{\"@type\":\"ReadAction\",\"target\":[\"https:\/\/sandzakpress.net\/arhiva\/neizvjesno-je-da-li-ce-izgradnja-vrtica-u-pljevljima-poceti-i-ove-godine\/\"]}]},{\"@type\":\"ImageObject\",\"inLanguage\":\"bs-BA\",\"@id\":\"https:\/\/sandzakpress.net\/arhiva\/neizvjesno-je-da-li-ce-izgradnja-vrtica-u-pljevljima-poceti-i-ove-godine\/#primaryimage\",\"url\":\"https:\/\/sandzakpress.net\/arhiva\/wp-content\/uploads\/2019\/07\/2019071517070_446d3250-b8b0-4018-b504-d2f4898932de.jpeg.jpg\",\"contentUrl\":\"https:\/\/sandzakpress.net\/arhiva\/wp-content\/uploads\/2019\/07\/2019071517070_446d3250-b8b0-4018-b504-d2f4898932de.jpeg.jpg\",\"width\":800,\"height\":385},{\"@type\":\"BreadcrumbList\",\"@id\":\"https:\/\/sandzakpress.net\/arhiva\/neizvjesno-je-da-li-ce-izgradnja-vrtica-u-pljevljima-poceti-i-ove-godine\/#breadcrumb\",\"itemListElement\":[{\"@type\":\"ListItem\",\"position\":1,\"name\":\"Home\",\"item\":\"https:\/\/sandzakpress.net\/arhiva\/\"},{\"@type\":\"ListItem\",\"position\":2,\"name\":\"Neizvjesno je da li \u0107e izgradnja vrti\u0107a u Pljevljima po\u010deti i ove godine\"}]},{\"@type\":\"WebSite\",\"@id\":\"https:\/\/sandzakpress.net\/arhiva\/#website\",\"url\":\"https:\/\/sandzakpress.net\/arhiva\/\",\"name\":\"Sand\u017eak PRESS\",\"description\":\"Prve elektronske novine u Sand\u017eaku\",\"publisher\":{\"@id\":\"https:\/\/sandzakpress.net\/arhiva\/#\/schema\/person\/6e72b67d6e51910a1117b3b483ba20bd\"},\"potentialAction\":[{\"@type\":\"SearchAction\",\"target\":{\"@type\":\"EntryPoint\",\"urlTemplate\":\"https:\/\/sandzakpress.net\/arhiva\/?s={search_term_string}\"},\"query-input\":{\"@type\":\"PropertyValueSpecification\",\"valueRequired\":true,\"valueName\":\"search_term_string\"}}],\"inLanguage\":\"bs-BA\"},{\"@type\":[\"Person\",\"Organization\"],\"@id\":\"https:\/\/sandzakpress.net\/arhiva\/#\/schema\/person\/6e72b67d6e51910a1117b3b483ba20bd\",\"name\":\"Kul\",\"image\":{\"@type\":\"ImageObject\",\"inLanguage\":\"bs-BA\",\"@id\":\"https:\/\/sandzakpress.net\/arhiva\/#\/schema\/person\/image\/\",\"url\":\"https:\/\/secure.gravatar.com\/avatar\/42263f39aa27ac04c43cab85c280eb2e?s=96&d=mm&r=pg\",\"contentUrl\":\"https:\/\/secure.gravatar.com\/avatar\/42263f39aa27ac04c43cab85c280eb2e?s=96&d=mm&r=pg\",\"caption\":\"Kul\"},\"logo\":{\"@id\":\"https:\/\/sandzakpress.net\/arhiva\/#\/schema\/person\/image\/\"}},{\"@type\":\"Person\",\"@id\":\"https:\/\/sandzakpress.net\/arhiva\/#\/schema\/person\/cb59d7e3ab91ab90dd680ad0305a6185\",\"name\":\"Agencija\",\"image\":{\"@type\":\"ImageObject\",\"inLanguage\":\"bs-BA\",\"@id\":\"https:\/\/sandzakpress.net\/arhiva\/#\/schema\/person\/image\/\",\"url\":\"https:\/\/secure.gravatar.com\/avatar\/4b7fafa80a22f0c2afe23966b3961fe0?s=96&d=mm&r=pg\",\"contentUrl\":\"https:\/\/secure.gravatar.com\/avatar\/4b7fafa80a22f0c2afe23966b3961fe0?s=96&d=mm&r=pg\",\"caption\":\"Agencija\"},\"url\":\"https:\/\/sandzakpress.net\/arhiva\/author\/agencija\/\"}]}<\/script>\n<!-- \/ Yoast SEO Premium plugin. -->","yoast_head_json":{"title":"Neizvjesno je da li \u0107e izgradnja vrti\u0107a u Pljevljima po\u010deti i ove godine","robots":{"index":"index","follow":"follow","max-snippet":"max-snippet:-1","max-image-preview":"max-image-preview:large","max-video-preview":"max-video-preview:-1"},"canonical":"https:\/\/sandzakpress.net\/arhiva\/neizvjesno-je-da-li-ce-izgradnja-vrtica-u-pljevljima-poceti-i-ove-godine\/","og_locale":"bs_BA","og_type":"article","og_title":"Neizvjesno je da li \u0107e izgradnja vrti\u0107a u Pljevljima po\u010deti i ove godine","og_description":"Izgradnja dje\u010djeg vrti\u0107a u pljevaljskom naselju Guke, najavljena za prolje\u0107e, jo\u0161 nije po\u010dela, a neizvjeno je da li \u0107e se ne\u0161to raditi ove godine s obzirom na to da je nedavno tek raspisan tender za izbor izvo\u0111a\u010da radova. Procijenjena vrijednost nabavke je 800.000 eura, a zainteresovani ponude mogu dostaviti Upravi javnih radova do 16. avgusta. [&hellip;]","og_url":"https:\/\/sandzakpress.net\/arhiva\/neizvjesno-je-da-li-ce-izgradnja-vrtica-u-pljevljima-poceti-i-ove-godine\/","og_site_name":"Sand\u017eak PRESS","article_published_time":"2019-07-17T10:04:15+00:00","og_image":[{"width":800,"height":385,"url":"https:\/\/sandzakpress.net\/arhiva\/wp-content\/uploads\/2019\/07\/2019071517070_446d3250-b8b0-4018-b504-d2f4898932de.jpeg.jpg","type":"image\/jpeg"}],"author":"Agencija","twitter_card":"summary_large_image","twitter_misc":{"Written by":"Agencija","Est. reading time":"1 minuta"},"schema":{"@context":"https:\/\/schema.org","@graph":[{"@type":"Article","@id":"https:\/\/sandzakpress.net\/arhiva\/neizvjesno-je-da-li-ce-izgradnja-vrtica-u-pljevljima-poceti-i-ove-godine\/#article","isPartOf":{"@id":"https:\/\/sandzakpress.net\/arhiva\/neizvjesno-je-da-li-ce-izgradnja-vrtica-u-pljevljima-poceti-i-ove-godine\/"},"author":{"name":"Agencija","@id":"https:\/\/sandzakpress.net\/arhiva\/#\/schema\/person\/cb59d7e3ab91ab90dd680ad0305a6185"},"headline":"Neizvjesno je da li \u0107e izgradnja vrti\u0107a u Pljevljima po\u010deti i ove godine","datePublished":"2019-07-17T10:04:15+00:00","mainEntityOfPage":{"@id":"https:\/\/sandzakpress.net\/arhiva\/neizvjesno-je-da-li-ce-izgradnja-vrtica-u-pljevljima-poceti-i-ove-godine\/"},"wordCount":259,"commentCount":0,"publisher":{"@id":"https:\/\/sandzakpress.net\/arhiva\/#\/schema\/person\/6e72b67d6e51910a1117b3b483ba20bd"},"image":{"@id":"https:\/\/sandzakpress.net\/arhiva\/neizvjesno-je-da-li-ce-izgradnja-vrtica-u-pljevljima-poceti-i-ove-godine\/#primaryimage"},"thumbnailUrl":"https:\/\/sandzakpress.net\/arhiva\/wp-content\/uploads\/2019\/07\/2019071517070_446d3250-b8b0-4018-b504-d2f4898932de.jpeg.jpg","articleSection":["Pljevlja","Dru\u0161tvo"],"inLanguage":"bs-BA","potentialAction":[{"@type":"CommentAction","name":"Comment","target":["https:\/\/sandzakpress.net\/arhiva\/neizvjesno-je-da-li-ce-izgradnja-vrtica-u-pljevljima-poceti-i-ove-godine\/#respond"]}]},{"@type":"WebPage","@id":"https:\/\/sandzakpress.net\/arhiva\/neizvjesno-je-da-li-ce-izgradnja-vrtica-u-pljevljima-poceti-i-ove-godine\/","url":"https:\/\/sandzakpress.net\/arhiva\/neizvjesno-je-da-li-ce-izgradnja-vrtica-u-pljevljima-poceti-i-ove-godine\/","name":"Neizvjesno je da li \u0107e izgradnja vrti\u0107a u Pljevljima po\u010deti i ove godine","isPartOf":{"@id":"https:\/\/sandzakpress.net\/arhiva\/#website"},"primaryImageOfPage":{"@id":"https:\/\/sandzakpress.net\/arhiva\/neizvjesno-je-da-li-ce-izgradnja-vrtica-u-pljevljima-poceti-i-ove-godine\/#primaryimage"},"image":{"@id":"https:\/\/sandzakpress.net\/arhiva\/neizvjesno-je-da-li-ce-izgradnja-vrtica-u-pljevljima-poceti-i-ove-godine\/#primaryimage"},"thumbnailUrl":"https:\/\/sandzakpress.net\/arhiva\/wp-content\/uploads\/2019\/07\/2019071517070_446d3250-b8b0-4018-b504-d2f4898932de.jpeg.jpg","datePublished":"2019-07-17T10:04:15+00:00","breadcrumb":{"@id":"https:\/\/sandzakpress.net\/arhiva\/neizvjesno-je-da-li-ce-izgradnja-vrtica-u-pljevljima-poceti-i-ove-godine\/#breadcrumb"},"inLanguage":"bs-BA","potentialAction":[{"@type":"ReadAction","target":["https:\/\/sandzakpress.net\/arhiva\/neizvjesno-je-da-li-ce-izgradnja-vrtica-u-pljevljima-poceti-i-ove-godine\/"]}]},{"@type":"ImageObject","inLanguage":"bs-BA","@id":"https:\/\/sandzakpress.net\/arhiva\/neizvjesno-je-da-li-ce-izgradnja-vrtica-u-pljevljima-poceti-i-ove-godine\/#primaryimage","url":"https:\/\/sandzakpress.net\/arhiva\/wp-content\/uploads\/2019\/07\/2019071517070_446d3250-b8b0-4018-b504-d2f4898932de.jpeg.jpg","contentUrl":"https:\/\/sandzakpress.net\/arhiva\/wp-content\/uploads\/2019\/07\/2019071517070_446d3250-b8b0-4018-b504-d2f4898932de.jpeg.jpg","width":800,"height":385},{"@type":"BreadcrumbList","@id":"https:\/\/sandzakpress.net\/arhiva\/neizvjesno-je-da-li-ce-izgradnja-vrtica-u-pljevljima-poceti-i-ove-godine\/#breadcrumb","itemListElement":[{"@type":"ListItem","position":1,"name":"Home","item":"https:\/\/sandzakpress.net\/arhiva\/"},{"@type":"ListItem","position":2,"name":"Neizvjesno je da li \u0107e izgradnja vrti\u0107a u Pljevljima po\u010deti i ove godine"}]},{"@type":"WebSite","@id":"https:\/\/sandzakpress.net\/arhiva\/#website","url":"https:\/\/sandzakpress.net\/arhiva\/","name":"Sand\u017eak PRESS","description":"Prve elektronske novine u Sand\u017eaku","publisher":{"@id":"https:\/\/sandzakpress.net\/arhiva\/#\/schema\/person\/6e72b67d6e51910a1117b3b483ba20bd"},"potentialAction":[{"@type":"SearchAction","target":{"@type":"EntryPoint","urlTemplate":"https:\/\/sandzakpress.net\/arhiva\/?s={search_term_string}"},"query-input":{"@type":"PropertyValueSpecification","valueRequired":true,"valueName":"search_term_string"}}],"inLanguage":"bs-BA"},{"@type":["Person","Organization"],"@id":"https:\/\/sandzakpress.net\/arhiva\/#\/schema\/person\/6e72b67d6e51910a1117b3b483ba20bd","name":"Kul","image":{"@type":"ImageObject","inLanguage":"bs-BA","@id":"https:\/\/sandzakpress.net\/arhiva\/#\/schema\/person\/image\/","url":"https:\/\/secure.gravatar.com\/avatar\/42263f39aa27ac04c43cab85c280eb2e?s=96&d=mm&r=pg","contentUrl":"https:\/\/secure.gravatar.com\/avatar\/42263f39aa27ac04c43cab85c280eb2e?s=96&d=mm&r=pg","caption":"Kul"},"logo":{"@id":"https:\/\/sandzakpress.net\/arhiva\/#\/schema\/person\/image\/"}},{"@type":"Person","@id":"https:\/\/sandzakpress.net\/arhiva\/#\/schema\/person\/cb59d7e3ab91ab90dd680ad0305a6185","name":"Agencija","image":{"@type":"ImageObject","inLanguage":"bs-BA","@id":"https:\/\/sandzakpress.net\/arhiva\/#\/schema\/person\/image\/","url":"https:\/\/secure.gravatar.com\/avatar\/4b7fafa80a22f0c2afe23966b3961fe0?s=96&d=mm&r=pg","contentUrl":"https:\/\/secure.gravatar.com\/avatar\/4b7fafa80a22f0c2afe23966b3961fe0?s=96&d=mm&r=pg","caption":"Agencija"},"url":"https:\/\/sandzakpress.net\/arhiva\/author\/agencija\/"}]}},"_links":{"self":[{"href":"https:\/\/sandzakpress.net\/arhiva\/wp-json\/wp\/v2\/posts\/226257"}],"collection":[{"href":"https:\/\/sandzakpress.net\/arhiva\/wp-json\/wp\/v2\/posts"}],"about":[{"href":"https:\/\/sandzakpress.net\/arhiva\/wp-json\/wp\/v2\/types\/post"}],"author":[{"embeddable":true,"href":"https:\/\/sandzakpress.net\/arhiva\/wp-json\/wp\/v2\/users\/509"}],"replies":[{"embeddable":true,"href":"https:\/\/sandzakpress.net\/arhiva\/wp-json\/wp\/v2\/comments?post=226257"}],"version-history":[{"count":0,"href":"https:\/\/sandzakpress.net\/arhiva\/wp-json\/wp\/v2\/posts\/226257\/revisions"}],"wp:featuredmedia":[{"embeddable":true,"href":"https:\/\/sandzakpress.net\/arhiva\/wp-json\/wp\/v2\/media\/226261"}],"wp:attachment":[{"href":"https:\/\/sandzakpress.net\/arhiva\/wp-json\/wp\/v2\/media?parent=226257"}],"wp:term":[{"taxonomy":"category","embeddable":true,"href":"https:\/\/sandzakpress.net\/arhiva\/wp-json\/wp\/v2\/categories?post=226257"},{"taxonomy":"post_tag","embeddable":true,"href":"https:\/\/sandzakpress.net\/arhiva\/wp-json\/wp\/v2\/tags?post=226257"}],"curies":[{"name":"wp","href":"https:\/\/api.w.org\/{rel}","templated":true}]}}