{"id":226233,"date":"2019-07-17T12:20:52","date_gmt":"2019-07-17T10:20:52","guid":{"rendered":"https:\/\/sandzakpress.net\/arhiva\/?p=226233"},"modified":"2019-07-17T12:32:35","modified_gmt":"2019-07-17T10:32:35","slug":"novopazarska-gimnazija-uskoro-u-novom-ruhu","status":"publish","type":"post","link":"https:\/\/sandzakpress.net\/arhiva\/novopazarska-gimnazija-uskoro-u-novom-ruhu\/","title":{"rendered":"Novopazarska Gimnazija uskoro u novom ruhu"},"content":{"rendered":"<p><img decoding=\"async\" src=\"https:\/\/i1.wp.com\/rtvnp.rs\/wp-content\/uploads\/2019\/07\/GRADILI%C5%A0TE.jpg?resize=800%2C450&amp;ssl=1\" \/><\/p>\n<p><strong>Radovi na kompletnoj rekonstrukciji novopazarske Gimnazije jo\u0161 uvek su u toku i odvijaju se planiranom dinamikom. Glavni inicijator projekta rekonstrukcije \u0161kole je Grad Novi Pazar u partnerstvu sa Kancelarijom za javna ulaganja Vlade Republike Srbije. Projekat je vredan oko sedamdeset miliona dinara.<\/strong><\/p>\n<p>Raspust je idealno vreme da se radovi na \u0161koli nesmetano odvijaju .Gradona\u010delnik Novog Pazara Nihat Bi\u0161evac, obi\u0161ao je danas radove i tom prilikom istakao da \u0107e lokalna samouprava i dalje nastaviti da ula\u017ee u obrazovanje kao i u ovom slu\u010daju. \u201cPotpunom rekonstrukcijom Gimnazije \u00a0stvori\u0107e se bolji uslovi za izvo\u0111enje nastave \u0161to \u0107e umnogome olak\u0161ati rad i nastavnom kadru a i u\u010denicima\u201d, kazao je gradona\u010delnik Nihat Bi\u0161evac. On je najavio da \u0107e u saradnji sa Kancelarijom za javna ulaganja Republike Srbije, po zavr\u0161etku radova na ovoj \u0161koli po\u010deti radovi, tako\u0111e na kompletnoj rekonstrukciji, u O\u0160\u201dBratstvo\u201d i O\u0160\u201dDesanka Maksimovi\u0107\u201d .<\/p>\n<p>Diplomirani in\u017eenjer arhitekture Elvir Hamidovi\u0107 ka\u017ee da se svi radovi izvode u skladu sa planskom dokumentacijom i da je zadovoljan dinamikom kojom radovi teku.\u201dZaista ova \u0161kola posle toliko dugo vremena zaslu\u017euje da bude potpuno rekomstruisana te da I \u0111aci I nastavnici zaslu\u017euju da imaju najbolje uslove za rad\u201d, rekao je Hamidovi\u0107.<\/p>\n<p>Lokalna samouprava zahvaljuje porodici Smailbegovi\u0107 \u0161to je imala razumevanja i dozvolila da se izvedu radovi na fasadi \u0161kole \u010diji se deo nalazi na njihovom posedu. Rok za zavr\u0161etak radova na Gimnaziji je 150 radnih dana. Kada po\u010dne nova \u0161kolska godina, gimnazijalci \u0107e u\u0107i u bukvalno nove u\u010dionice koje \u0107e\u00a0 biti opremljene a spolja\u0161nji radovi \u0107e biti ostavljeni za kraj rekonstrukcije.<\/p>\n<p>(rtvnp)<\/p>\n","protected":false},"excerpt":{"rendered":"<p>Radovi na kompletnoj rekonstrukciji novopazarske Gimnazije jo\u0161 uvek su u toku i odvijaju se planiranom dinamikom. Glavni inicijator projekta rekonstrukcije \u0161kole je Grad Novi Pazar u partnerstvu sa Kancelarijom za javna ulaganja Vlade Republike Srbije. Projekat je vredan oko sedamdeset miliona dinara. Raspust je idealno vreme da se radovi na \u0161koli nesmetano odvijaju .Gradona\u010delnik Novog [&hellip;]<\/p>\n","protected":false},"author":509,"featured_media":226265,"comment_status":"open","ping_status":"open","sticky":false,"template":"","format":"standard","meta":{"footnotes":""},"categories":[72,4,10429],"tags":[],"class_list":{"0":"post-226233","1":"post","2":"type-post","3":"status-publish","4":"format-standard","5":"has-post-thumbnail","7":"category-novi-pazar","8":"category-obrazovanje","9":"category-vazno"},"yoast_head":"<!-- This site is optimized with the Yoast SEO Premium plugin v23.1 (Yoast SEO v24.9) - https:\/\/yoast.com\/wordpress\/plugins\/seo\/ -->\n<title>Novopazarska Gimnazija uskoro u novom ruhu<\/title>\n<meta name=\"robots\" content=\"index, follow, max-snippet:-1, max-image-preview:large, max-video-preview:-1\" \/>\n<link rel=\"canonical\" href=\"https:\/\/sandzakpress.net\/arhiva\/novopazarska-gimnazija-uskoro-u-novom-ruhu\/\" \/>\n<meta property=\"og:locale\" content=\"bs_BA\" \/>\n<meta property=\"og:type\" content=\"article\" \/>\n<meta property=\"og:title\" content=\"Novopazarska Gimnazija uskoro u novom ruhu\" \/>\n<meta property=\"og:description\" content=\"Radovi na kompletnoj rekonstrukciji novopazarske Gimnazije jo\u0161 uvek su u toku i odvijaju se planiranom dinamikom. Glavni inicijator projekta rekonstrukcije \u0161kole je Grad Novi Pazar u partnerstvu sa Kancelarijom za javna ulaganja Vlade Republike Srbije. Projekat je vredan oko sedamdeset miliona dinara. Raspust je idealno vreme da se radovi na \u0161koli nesmetano odvijaju .Gradona\u010delnik Novog [&hellip;]\" \/>\n<meta property=\"og:url\" content=\"https:\/\/sandzakpress.net\/arhiva\/novopazarska-gimnazija-uskoro-u-novom-ruhu\/\" \/>\n<meta property=\"og:site_name\" content=\"Sand\u017eak PRESS\" \/>\n<meta property=\"article:published_time\" content=\"2019-07-17T10:20:52+00:00\" \/>\n<meta property=\"article:modified_time\" content=\"2019-07-17T10:32:35+00:00\" \/>\n<meta property=\"og:image\" content=\"https:\/\/sandzakpress.net\/arhiva\/wp-content\/uploads\/2019\/07\/GRADILI\u0160TE.jpg\" \/>\n\t<meta property=\"og:image:width\" content=\"800\" \/>\n\t<meta property=\"og:image:height\" content=\"450\" \/>\n\t<meta property=\"og:image:type\" content=\"image\/jpeg\" \/>\n<meta name=\"author\" content=\"Agencija\" \/>\n<meta name=\"twitter:card\" content=\"summary_large_image\" \/>\n<meta name=\"twitter:label1\" content=\"Written by\" \/>\n\t<meta name=\"twitter:data1\" content=\"Agencija\" \/>\n\t<meta name=\"twitter:label2\" content=\"Est. reading time\" \/>\n\t<meta name=\"twitter:data2\" content=\"1 minuta\" \/>\n<script type=\"application\/ld+json\" class=\"yoast-schema-graph\">{\"@context\":\"https:\/\/schema.org\",\"@graph\":[{\"@type\":\"Article\",\"@id\":\"https:\/\/sandzakpress.net\/arhiva\/novopazarska-gimnazija-uskoro-u-novom-ruhu\/#article\",\"isPartOf\":{\"@id\":\"https:\/\/sandzakpress.net\/arhiva\/novopazarska-gimnazija-uskoro-u-novom-ruhu\/\"},\"author\":{\"name\":\"Agencija\",\"@id\":\"https:\/\/sandzakpress.net\/arhiva\/#\/schema\/person\/cb59d7e3ab91ab90dd680ad0305a6185\"},\"headline\":\"Novopazarska Gimnazija uskoro u novom ruhu\",\"datePublished\":\"2019-07-17T10:20:52+00:00\",\"dateModified\":\"2019-07-17T10:32:35+00:00\",\"mainEntityOfPage\":{\"@id\":\"https:\/\/sandzakpress.net\/arhiva\/novopazarska-gimnazija-uskoro-u-novom-ruhu\/\"},\"wordCount\":282,\"commentCount\":0,\"publisher\":{\"@id\":\"https:\/\/sandzakpress.net\/arhiva\/#\/schema\/person\/6e72b67d6e51910a1117b3b483ba20bd\"},\"image\":{\"@id\":\"https:\/\/sandzakpress.net\/arhiva\/novopazarska-gimnazija-uskoro-u-novom-ruhu\/#primaryimage\"},\"thumbnailUrl\":\"https:\/\/sandzakpress.net\/arhiva\/wp-content\/uploads\/2019\/07\/GRADILI\u0160TE.jpg\",\"articleSection\":[\"Novi Pazar\",\"Obrazovanje\",\"VA\u017dNO!\"],\"inLanguage\":\"bs-BA\",\"potentialAction\":[{\"@type\":\"CommentAction\",\"name\":\"Comment\",\"target\":[\"https:\/\/sandzakpress.net\/arhiva\/novopazarska-gimnazija-uskoro-u-novom-ruhu\/#respond\"]}]},{\"@type\":\"WebPage\",\"@id\":\"https:\/\/sandzakpress.net\/arhiva\/novopazarska-gimnazija-uskoro-u-novom-ruhu\/\",\"url\":\"https:\/\/sandzakpress.net\/arhiva\/novopazarska-gimnazija-uskoro-u-novom-ruhu\/\",\"name\":\"Novopazarska Gimnazija uskoro u novom ruhu\",\"isPartOf\":{\"@id\":\"https:\/\/sandzakpress.net\/arhiva\/#website\"},\"primaryImageOfPage\":{\"@id\":\"https:\/\/sandzakpress.net\/arhiva\/novopazarska-gimnazija-uskoro-u-novom-ruhu\/#primaryimage\"},\"image\":{\"@id\":\"https:\/\/sandzakpress.net\/arhiva\/novopazarska-gimnazija-uskoro-u-novom-ruhu\/#primaryimage\"},\"thumbnailUrl\":\"https:\/\/sandzakpress.net\/arhiva\/wp-content\/uploads\/2019\/07\/GRADILI\u0160TE.jpg\",\"datePublished\":\"2019-07-17T10:20:52+00:00\",\"dateModified\":\"2019-07-17T10:32:35+00:00\",\"breadcrumb\":{\"@id\":\"https:\/\/sandzakpress.net\/arhiva\/novopazarska-gimnazija-uskoro-u-novom-ruhu\/#breadcrumb\"},\"inLanguage\":\"bs-BA\",\"potentialAction\":[{\"@type\":\"ReadAction\",\"target\":[\"https:\/\/sandzakpress.net\/arhiva\/novopazarska-gimnazija-uskoro-u-novom-ruhu\/\"]}]},{\"@type\":\"ImageObject\",\"inLanguage\":\"bs-BA\",\"@id\":\"https:\/\/sandzakpress.net\/arhiva\/novopazarska-gimnazija-uskoro-u-novom-ruhu\/#primaryimage\",\"url\":\"https:\/\/sandzakpress.net\/arhiva\/wp-content\/uploads\/2019\/07\/GRADILI\u0160TE.jpg\",\"contentUrl\":\"https:\/\/sandzakpress.net\/arhiva\/wp-content\/uploads\/2019\/07\/GRADILI\u0160TE.jpg\",\"width\":800,\"height\":450},{\"@type\":\"BreadcrumbList\",\"@id\":\"https:\/\/sandzakpress.net\/arhiva\/novopazarska-gimnazija-uskoro-u-novom-ruhu\/#breadcrumb\",\"itemListElement\":[{\"@type\":\"ListItem\",\"position\":1,\"name\":\"Home\",\"item\":\"https:\/\/sandzakpress.net\/arhiva\/\"},{\"@type\":\"ListItem\",\"position\":2,\"name\":\"Novopazarska Gimnazija uskoro u novom ruhu\"}]},{\"@type\":\"WebSite\",\"@id\":\"https:\/\/sandzakpress.net\/arhiva\/#website\",\"url\":\"https:\/\/sandzakpress.net\/arhiva\/\",\"name\":\"Sand\u017eak PRESS\",\"description\":\"Prve elektronske novine u Sand\u017eaku\",\"publisher\":{\"@id\":\"https:\/\/sandzakpress.net\/arhiva\/#\/schema\/person\/6e72b67d6e51910a1117b3b483ba20bd\"},\"potentialAction\":[{\"@type\":\"SearchAction\",\"target\":{\"@type\":\"EntryPoint\",\"urlTemplate\":\"https:\/\/sandzakpress.net\/arhiva\/?s={search_term_string}\"},\"query-input\":{\"@type\":\"PropertyValueSpecification\",\"valueRequired\":true,\"valueName\":\"search_term_string\"}}],\"inLanguage\":\"bs-BA\"},{\"@type\":[\"Person\",\"Organization\"],\"@id\":\"https:\/\/sandzakpress.net\/arhiva\/#\/schema\/person\/6e72b67d6e51910a1117b3b483ba20bd\",\"name\":\"Kul\",\"image\":{\"@type\":\"ImageObject\",\"inLanguage\":\"bs-BA\",\"@id\":\"https:\/\/sandzakpress.net\/arhiva\/#\/schema\/person\/image\/\",\"url\":\"https:\/\/secure.gravatar.com\/avatar\/42263f39aa27ac04c43cab85c280eb2e?s=96&d=mm&r=pg\",\"contentUrl\":\"https:\/\/secure.gravatar.com\/avatar\/42263f39aa27ac04c43cab85c280eb2e?s=96&d=mm&r=pg\",\"caption\":\"Kul\"},\"logo\":{\"@id\":\"https:\/\/sandzakpress.net\/arhiva\/#\/schema\/person\/image\/\"}},{\"@type\":\"Person\",\"@id\":\"https:\/\/sandzakpress.net\/arhiva\/#\/schema\/person\/cb59d7e3ab91ab90dd680ad0305a6185\",\"name\":\"Agencija\",\"image\":{\"@type\":\"ImageObject\",\"inLanguage\":\"bs-BA\",\"@id\":\"https:\/\/sandzakpress.net\/arhiva\/#\/schema\/person\/image\/\",\"url\":\"https:\/\/secure.gravatar.com\/avatar\/4b7fafa80a22f0c2afe23966b3961fe0?s=96&d=mm&r=pg\",\"contentUrl\":\"https:\/\/secure.gravatar.com\/avatar\/4b7fafa80a22f0c2afe23966b3961fe0?s=96&d=mm&r=pg\",\"caption\":\"Agencija\"},\"url\":\"https:\/\/sandzakpress.net\/arhiva\/author\/agencija\/\"}]}<\/script>\n<!-- \/ Yoast SEO Premium plugin. -->","yoast_head_json":{"title":"Novopazarska Gimnazija uskoro u novom ruhu","robots":{"index":"index","follow":"follow","max-snippet":"max-snippet:-1","max-image-preview":"max-image-preview:large","max-video-preview":"max-video-preview:-1"},"canonical":"https:\/\/sandzakpress.net\/arhiva\/novopazarska-gimnazija-uskoro-u-novom-ruhu\/","og_locale":"bs_BA","og_type":"article","og_title":"Novopazarska Gimnazija uskoro u novom ruhu","og_description":"Radovi na kompletnoj rekonstrukciji novopazarske Gimnazije jo\u0161 uvek su u toku i odvijaju se planiranom dinamikom. Glavni inicijator projekta rekonstrukcije \u0161kole je Grad Novi Pazar u partnerstvu sa Kancelarijom za javna ulaganja Vlade Republike Srbije. Projekat je vredan oko sedamdeset miliona dinara. Raspust je idealno vreme da se radovi na \u0161koli nesmetano odvijaju .Gradona\u010delnik Novog [&hellip;]","og_url":"https:\/\/sandzakpress.net\/arhiva\/novopazarska-gimnazija-uskoro-u-novom-ruhu\/","og_site_name":"Sand\u017eak PRESS","article_published_time":"2019-07-17T10:20:52+00:00","article_modified_time":"2019-07-17T10:32:35+00:00","og_image":[{"width":800,"height":450,"url":"https:\/\/sandzakpress.net\/arhiva\/wp-content\/uploads\/2019\/07\/GRADILI\u0160TE.jpg","type":"image\/jpeg"}],"author":"Agencija","twitter_card":"summary_large_image","twitter_misc":{"Written by":"Agencija","Est. reading time":"1 minuta"},"schema":{"@context":"https:\/\/schema.org","@graph":[{"@type":"Article","@id":"https:\/\/sandzakpress.net\/arhiva\/novopazarska-gimnazija-uskoro-u-novom-ruhu\/#article","isPartOf":{"@id":"https:\/\/sandzakpress.net\/arhiva\/novopazarska-gimnazija-uskoro-u-novom-ruhu\/"},"author":{"name":"Agencija","@id":"https:\/\/sandzakpress.net\/arhiva\/#\/schema\/person\/cb59d7e3ab91ab90dd680ad0305a6185"},"headline":"Novopazarska Gimnazija uskoro u novom ruhu","datePublished":"2019-07-17T10:20:52+00:00","dateModified":"2019-07-17T10:32:35+00:00","mainEntityOfPage":{"@id":"https:\/\/sandzakpress.net\/arhiva\/novopazarska-gimnazija-uskoro-u-novom-ruhu\/"},"wordCount":282,"commentCount":0,"publisher":{"@id":"https:\/\/sandzakpress.net\/arhiva\/#\/schema\/person\/6e72b67d6e51910a1117b3b483ba20bd"},"image":{"@id":"https:\/\/sandzakpress.net\/arhiva\/novopazarska-gimnazija-uskoro-u-novom-ruhu\/#primaryimage"},"thumbnailUrl":"https:\/\/sandzakpress.net\/arhiva\/wp-content\/uploads\/2019\/07\/GRADILI\u0160TE.jpg","articleSection":["Novi Pazar","Obrazovanje","VA\u017dNO!"],"inLanguage":"bs-BA","potentialAction":[{"@type":"CommentAction","name":"Comment","target":["https:\/\/sandzakpress.net\/arhiva\/novopazarska-gimnazija-uskoro-u-novom-ruhu\/#respond"]}]},{"@type":"WebPage","@id":"https:\/\/sandzakpress.net\/arhiva\/novopazarska-gimnazija-uskoro-u-novom-ruhu\/","url":"https:\/\/sandzakpress.net\/arhiva\/novopazarska-gimnazija-uskoro-u-novom-ruhu\/","name":"Novopazarska Gimnazija uskoro u novom ruhu","isPartOf":{"@id":"https:\/\/sandzakpress.net\/arhiva\/#website"},"primaryImageOfPage":{"@id":"https:\/\/sandzakpress.net\/arhiva\/novopazarska-gimnazija-uskoro-u-novom-ruhu\/#primaryimage"},"image":{"@id":"https:\/\/sandzakpress.net\/arhiva\/novopazarska-gimnazija-uskoro-u-novom-ruhu\/#primaryimage"},"thumbnailUrl":"https:\/\/sandzakpress.net\/arhiva\/wp-content\/uploads\/2019\/07\/GRADILI\u0160TE.jpg","datePublished":"2019-07-17T10:20:52+00:00","dateModified":"2019-07-17T10:32:35+00:00","breadcrumb":{"@id":"https:\/\/sandzakpress.net\/arhiva\/novopazarska-gimnazija-uskoro-u-novom-ruhu\/#breadcrumb"},"inLanguage":"bs-BA","potentialAction":[{"@type":"ReadAction","target":["https:\/\/sandzakpress.net\/arhiva\/novopazarska-gimnazija-uskoro-u-novom-ruhu\/"]}]},{"@type":"ImageObject","inLanguage":"bs-BA","@id":"https:\/\/sandzakpress.net\/arhiva\/novopazarska-gimnazija-uskoro-u-novom-ruhu\/#primaryimage","url":"https:\/\/sandzakpress.net\/arhiva\/wp-content\/uploads\/2019\/07\/GRADILI\u0160TE.jpg","contentUrl":"https:\/\/sandzakpress.net\/arhiva\/wp-content\/uploads\/2019\/07\/GRADILI\u0160TE.jpg","width":800,"height":450},{"@type":"BreadcrumbList","@id":"https:\/\/sandzakpress.net\/arhiva\/novopazarska-gimnazija-uskoro-u-novom-ruhu\/#breadcrumb","itemListElement":[{"@type":"ListItem","position":1,"name":"Home","item":"https:\/\/sandzakpress.net\/arhiva\/"},{"@type":"ListItem","position":2,"name":"Novopazarska Gimnazija uskoro u novom ruhu"}]},{"@type":"WebSite","@id":"https:\/\/sandzakpress.net\/arhiva\/#website","url":"https:\/\/sandzakpress.net\/arhiva\/","name":"Sand\u017eak PRESS","description":"Prve elektronske novine u Sand\u017eaku","publisher":{"@id":"https:\/\/sandzakpress.net\/arhiva\/#\/schema\/person\/6e72b67d6e51910a1117b3b483ba20bd"},"potentialAction":[{"@type":"SearchAction","target":{"@type":"EntryPoint","urlTemplate":"https:\/\/sandzakpress.net\/arhiva\/?s={search_term_string}"},"query-input":{"@type":"PropertyValueSpecification","valueRequired":true,"valueName":"search_term_string"}}],"inLanguage":"bs-BA"},{"@type":["Person","Organization"],"@id":"https:\/\/sandzakpress.net\/arhiva\/#\/schema\/person\/6e72b67d6e51910a1117b3b483ba20bd","name":"Kul","image":{"@type":"ImageObject","inLanguage":"bs-BA","@id":"https:\/\/sandzakpress.net\/arhiva\/#\/schema\/person\/image\/","url":"https:\/\/secure.gravatar.com\/avatar\/42263f39aa27ac04c43cab85c280eb2e?s=96&d=mm&r=pg","contentUrl":"https:\/\/secure.gravatar.com\/avatar\/42263f39aa27ac04c43cab85c280eb2e?s=96&d=mm&r=pg","caption":"Kul"},"logo":{"@id":"https:\/\/sandzakpress.net\/arhiva\/#\/schema\/person\/image\/"}},{"@type":"Person","@id":"https:\/\/sandzakpress.net\/arhiva\/#\/schema\/person\/cb59d7e3ab91ab90dd680ad0305a6185","name":"Agencija","image":{"@type":"ImageObject","inLanguage":"bs-BA","@id":"https:\/\/sandzakpress.net\/arhiva\/#\/schema\/person\/image\/","url":"https:\/\/secure.gravatar.com\/avatar\/4b7fafa80a22f0c2afe23966b3961fe0?s=96&d=mm&r=pg","contentUrl":"https:\/\/secure.gravatar.com\/avatar\/4b7fafa80a22f0c2afe23966b3961fe0?s=96&d=mm&r=pg","caption":"Agencija"},"url":"https:\/\/sandzakpress.net\/arhiva\/author\/agencija\/"}]}},"_links":{"self":[{"href":"https:\/\/sandzakpress.net\/arhiva\/wp-json\/wp\/v2\/posts\/226233"}],"collection":[{"href":"https:\/\/sandzakpress.net\/arhiva\/wp-json\/wp\/v2\/posts"}],"about":[{"href":"https:\/\/sandzakpress.net\/arhiva\/wp-json\/wp\/v2\/types\/post"}],"author":[{"embeddable":true,"href":"https:\/\/sandzakpress.net\/arhiva\/wp-json\/wp\/v2\/users\/509"}],"replies":[{"embeddable":true,"href":"https:\/\/sandzakpress.net\/arhiva\/wp-json\/wp\/v2\/comments?post=226233"}],"version-history":[{"count":0,"href":"https:\/\/sandzakpress.net\/arhiva\/wp-json\/wp\/v2\/posts\/226233\/revisions"}],"wp:featuredmedia":[{"embeddable":true,"href":"https:\/\/sandzakpress.net\/arhiva\/wp-json\/wp\/v2\/media\/226265"}],"wp:attachment":[{"href":"https:\/\/sandzakpress.net\/arhiva\/wp-json\/wp\/v2\/media?parent=226233"}],"wp:term":[{"taxonomy":"category","embeddable":true,"href":"https:\/\/sandzakpress.net\/arhiva\/wp-json\/wp\/v2\/categories?post=226233"},{"taxonomy":"post_tag","embeddable":true,"href":"https:\/\/sandzakpress.net\/arhiva\/wp-json\/wp\/v2\/tags?post=226233"}],"curies":[{"name":"wp","href":"https:\/\/api.w.org\/{rel}","templated":true}]}}