{"id":226230,"date":"2019-07-16T17:47:30","date_gmt":"2019-07-16T15:47:30","guid":{"rendered":"https:\/\/sandzakpress.net\/arhiva\/rajko-vasic-clan-glavnog-odbora-snsd-a-na-twitteru-zaprijetio-novim-genocidom"},"modified":"2019-07-16T17:47:30","modified_gmt":"2019-07-16T15:47:30","slug":"rajko-vasic-clan-glavnog-odbora-snsd-a-na-twitteru-zaprijetio-novim-genocidom","status":"publish","type":"post","link":"https:\/\/sandzakpress.net\/arhiva\/rajko-vasic-clan-glavnog-odbora-snsd-a-na-twitteru-zaprijetio-novim-genocidom\/","title":{"rendered":"Rajko Vasi\u0107, \u010dlan Glavnog odbora SNSD-a na Twitteru zaprijetio novim genocidom"},"content":{"rendered":"<p><span class=\"cb-itemprop\"><\/p>\n<p><img decoding=\"async\" src=\"http:\/\/saff.ba\/wp-content\/uploads\/2018\/07\/b_180711025-copy.jpg\" \/><\/p>\n<p><strong>Rajko Vasi\u0107, aktuelni \u010dlan Glavnog odbora SNSD-a i nekada\u0161nji generalni sekretar ove stranke, objavio je na Twitteru skandaloznu poruku u kojoj je zaprijetio novim genocidom.<br \/>\n<\/strong><br \/>\n\u201cNe\u0161to mislim, ako toliko volite taj genocid nad vama, sa\u010dekajte sljede\u0107u priliku\u201d, napisao je Vasi\u0107.<\/p>\n<p>Ubrzo nakon toga Vasi\u0107 je objavio niz poruka mr\u017enje kojim negira genocid u Srebrenici. Tako je, izme\u0111u ostalog, napisao \u201cgenocid je ha\u0161ko-sarajevska la\u017e u kojoj uvijek stradaju bosanski muslimani\u201d.<\/p>\n<p><img loading=\"lazy\" decoding=\"async\" class=\"alignnone wp-image-47350 size-large\" src=\"http:\/\/saff.ba\/wp-content\/uploads\/2018\/07\/Screen-Shot-2018-07-11-at-09.54.10-1024x373.jpg\" alt=\"\" width=\"696\" height=\"254\" \/><img loading=\"lazy\" decoding=\"async\" class=\"alignnone size-full wp-image-210438\" src=\"https:\/\/bosnapress.net\/wp-content\/uploads\/2019\/07\/Screen-Shot-2018-07-11-at-09.54.10-768x280.jpg\" alt=\"\" width=\"768\" height=\"280\" \/><\/p>\n<p>Na Twitteru su se povodom ovog eklatantnog sijanja mr\u017enje javile reakcije.<\/p>\n<p>Tako je knji\u017eevnik Faruk \u0160ehi\u0107 napisao:<\/p>\n<p>\u201cRajko Vasi\u0107 javno prijeti novim genocidom. Lik je eksponent politike koja vlada, kako \u2018Mi\u0107ko\u2019 re\u010de: boljim dijelom BiH. nije nikakav marginalac ni budala. Voli \u010dovjek \u0161to je genocidan\u201d.<\/p>\n<p>\u201cDakle, nije vi\u0161e samo ludi Rajko Vasi\u0107, du\u017enosnici SNSD-a sada bez trunke zadr\u0161ke, javno, Bo\u0161njake zovu Turcima. Ako treba precizno obja\u0161njenje kako je Karad\u017ei\u0107 koristio ovi vrstu dehumanizacije kako bi sproveo sistematsko nasilje, pogledati presudu, poglavlje o ideologiji\u201d, napisao je Refik Hod\u017ei\u0107.<\/p>\n<p><img loading=\"lazy\" decoding=\"async\" class=\"alignnone wp-image-47351 size-large\" src=\"http:\/\/saff.ba\/wp-content\/uploads\/2018\/07\/Screen-Shot-2018-07-11-at-09.53.49-887x1024.jpg\" alt=\"\" width=\"696\" height=\"803\" \/><\/p>\n<p>Klix<\/p>\n<p><\/span><br \/>\nPogledajte vijest na izvornom sajtu:<\/p>\n<p><a href=\"https:\/\/bosnapress.net\/rajko-vasic-clan-glavnog-odbora-snsd-a-na-twitteru-zaprijetio-novim-genocidom\/\" target=\"_blank\">Rajko Vasi\u0107, \u010dlan Glavnog odbora SNSD-a na Twitteru zaprijetio novim genocidom<\/a><\/p>\n","protected":false},"excerpt":{"rendered":"<p>Rajko Vasi\u0107, aktuelni \u010dlan Glavnog odbora SNSD-a i nekada\u0161nji generalni sekretar ove stranke, objavio je na Twitteru skandaloznu poruku u kojoj je zaprijetio novim genocidom. \u201cNe\u0161to mislim, ako toliko volite taj genocid nad vama, sa\u010dekajte sljede\u0107u priliku\u201d, napisao je Vasi\u0107. Ubrzo nakon toga Vasi\u0107 je objavio niz poruka mr\u017enje kojim negira genocid u Srebrenici. Tako [&hellip;]<\/p>\n","protected":false},"author":83,"featured_media":226231,"comment_status":"open","ping_status":"open","sticky":false,"template":"","format":"standard","meta":{"footnotes":""},"categories":[10513],"tags":[10466],"class_list":{"0":"post-226230","1":"post","2":"type-post","3":"status-publish","4":"format-standard","5":"has-post-thumbnail","7":"category-bosna-press","8":"tag-bosna-i-hercegovina"},"yoast_head":"<!-- This site is optimized with the Yoast SEO Premium plugin v23.1 (Yoast SEO v24.9) - https:\/\/yoast.com\/wordpress\/plugins\/seo\/ -->\n<title>Rajko Vasi\u0107, \u010dlan Glavnog odbora SNSD-a na Twitteru zaprijetio novim genocidom<\/title>\n<meta name=\"robots\" content=\"index, follow, max-snippet:-1, max-image-preview:large, max-video-preview:-1\" \/>\n<link rel=\"canonical\" href=\"https:\/\/sandzakpress.net\/arhiva\/rajko-vasic-clan-glavnog-odbora-snsd-a-na-twitteru-zaprijetio-novim-genocidom\/\" \/>\n<meta property=\"og:locale\" content=\"bs_BA\" \/>\n<meta property=\"og:type\" content=\"article\" \/>\n<meta property=\"og:title\" content=\"Rajko Vasi\u0107, \u010dlan Glavnog odbora SNSD-a na Twitteru zaprijetio novim genocidom\" \/>\n<meta property=\"og:description\" content=\"Rajko Vasi\u0107, aktuelni \u010dlan Glavnog odbora SNSD-a i nekada\u0161nji generalni sekretar ove stranke, objavio je na Twitteru skandaloznu poruku u kojoj je zaprijetio novim genocidom. \u201cNe\u0161to mislim, ako toliko volite taj genocid nad vama, sa\u010dekajte sljede\u0107u priliku\u201d, napisao je Vasi\u0107. Ubrzo nakon toga Vasi\u0107 je objavio niz poruka mr\u017enje kojim negira genocid u Srebrenici. Tako [&hellip;]\" \/>\n<meta property=\"og:url\" content=\"https:\/\/sandzakpress.net\/arhiva\/rajko-vasic-clan-glavnog-odbora-snsd-a-na-twitteru-zaprijetio-novim-genocidom\/\" \/>\n<meta property=\"og:site_name\" content=\"Sand\u017eak PRESS\" \/>\n<meta property=\"article:published_time\" content=\"2019-07-16T15:47:30+00:00\" \/>\n<meta property=\"og:image\" content=\"https:\/\/sandzakpress.net\/arhiva\/wp-content\/uploads\/2019\/07\/b_180711025-copy.jpg\" \/>\n\t<meta property=\"og:image:width\" content=\"850\" \/>\n\t<meta property=\"og:image:height\" content=\"566\" \/>\n\t<meta property=\"og:image:type\" content=\"image\/jpeg\" \/>\n<meta name=\"author\" content=\"bosniak\" \/>\n<meta name=\"twitter:card\" content=\"summary_large_image\" \/>\n<meta name=\"twitter:label1\" content=\"Written by\" \/>\n\t<meta name=\"twitter:data1\" content=\"bosniak\" \/>\n\t<meta name=\"twitter:label2\" content=\"Est. reading time\" \/>\n\t<meta name=\"twitter:data2\" content=\"1 minuta\" \/>\n<script type=\"application\/ld+json\" class=\"yoast-schema-graph\">{\"@context\":\"https:\/\/schema.org\",\"@graph\":[{\"@type\":\"Article\",\"@id\":\"https:\/\/sandzakpress.net\/arhiva\/rajko-vasic-clan-glavnog-odbora-snsd-a-na-twitteru-zaprijetio-novim-genocidom\/#article\",\"isPartOf\":{\"@id\":\"https:\/\/sandzakpress.net\/arhiva\/rajko-vasic-clan-glavnog-odbora-snsd-a-na-twitteru-zaprijetio-novim-genocidom\/\"},\"author\":{\"name\":\"bosniak\",\"@id\":\"https:\/\/sandzakpress.net\/arhiva\/#\/schema\/person\/c8baee722073534b583ea7bdb2e36c02\"},\"headline\":\"Rajko Vasi\u0107, \u010dlan Glavnog odbora SNSD-a na Twitteru zaprijetio novim genocidom\",\"datePublished\":\"2019-07-16T15:47:30+00:00\",\"mainEntityOfPage\":{\"@id\":\"https:\/\/sandzakpress.net\/arhiva\/rajko-vasic-clan-glavnog-odbora-snsd-a-na-twitteru-zaprijetio-novim-genocidom\/\"},\"wordCount\":202,\"commentCount\":2,\"publisher\":{\"@id\":\"https:\/\/sandzakpress.net\/arhiva\/#\/schema\/person\/6e72b67d6e51910a1117b3b483ba20bd\"},\"image\":{\"@id\":\"https:\/\/sandzakpress.net\/arhiva\/rajko-vasic-clan-glavnog-odbora-snsd-a-na-twitteru-zaprijetio-novim-genocidom\/#primaryimage\"},\"thumbnailUrl\":\"https:\/\/sandzakpress.net\/arhiva\/wp-content\/uploads\/2019\/07\/b_180711025-copy.jpg\",\"keywords\":[\"Bosna i Hercegovina\"],\"articleSection\":[\"Bosna PRESS\"],\"inLanguage\":\"bs-BA\",\"potentialAction\":[{\"@type\":\"CommentAction\",\"name\":\"Comment\",\"target\":[\"https:\/\/sandzakpress.net\/arhiva\/rajko-vasic-clan-glavnog-odbora-snsd-a-na-twitteru-zaprijetio-novim-genocidom\/#respond\"]}]},{\"@type\":\"WebPage\",\"@id\":\"https:\/\/sandzakpress.net\/arhiva\/rajko-vasic-clan-glavnog-odbora-snsd-a-na-twitteru-zaprijetio-novim-genocidom\/\",\"url\":\"https:\/\/sandzakpress.net\/arhiva\/rajko-vasic-clan-glavnog-odbora-snsd-a-na-twitteru-zaprijetio-novim-genocidom\/\",\"name\":\"Rajko Vasi\u0107, \u010dlan Glavnog odbora SNSD-a na Twitteru zaprijetio novim genocidom\",\"isPartOf\":{\"@id\":\"https:\/\/sandzakpress.net\/arhiva\/#website\"},\"primaryImageOfPage\":{\"@id\":\"https:\/\/sandzakpress.net\/arhiva\/rajko-vasic-clan-glavnog-odbora-snsd-a-na-twitteru-zaprijetio-novim-genocidom\/#primaryimage\"},\"image\":{\"@id\":\"https:\/\/sandzakpress.net\/arhiva\/rajko-vasic-clan-glavnog-odbora-snsd-a-na-twitteru-zaprijetio-novim-genocidom\/#primaryimage\"},\"thumbnailUrl\":\"https:\/\/sandzakpress.net\/arhiva\/wp-content\/uploads\/2019\/07\/b_180711025-copy.jpg\",\"datePublished\":\"2019-07-16T15:47:30+00:00\",\"breadcrumb\":{\"@id\":\"https:\/\/sandzakpress.net\/arhiva\/rajko-vasic-clan-glavnog-odbora-snsd-a-na-twitteru-zaprijetio-novim-genocidom\/#breadcrumb\"},\"inLanguage\":\"bs-BA\",\"potentialAction\":[{\"@type\":\"ReadAction\",\"target\":[\"https:\/\/sandzakpress.net\/arhiva\/rajko-vasic-clan-glavnog-odbora-snsd-a-na-twitteru-zaprijetio-novim-genocidom\/\"]}]},{\"@type\":\"ImageObject\",\"inLanguage\":\"bs-BA\",\"@id\":\"https:\/\/sandzakpress.net\/arhiva\/rajko-vasic-clan-glavnog-odbora-snsd-a-na-twitteru-zaprijetio-novim-genocidom\/#primaryimage\",\"url\":\"https:\/\/sandzakpress.net\/arhiva\/wp-content\/uploads\/2019\/07\/b_180711025-copy.jpg\",\"contentUrl\":\"https:\/\/sandzakpress.net\/arhiva\/wp-content\/uploads\/2019\/07\/b_180711025-copy.jpg\",\"width\":850,\"height\":566},{\"@type\":\"BreadcrumbList\",\"@id\":\"https:\/\/sandzakpress.net\/arhiva\/rajko-vasic-clan-glavnog-odbora-snsd-a-na-twitteru-zaprijetio-novim-genocidom\/#breadcrumb\",\"itemListElement\":[{\"@type\":\"ListItem\",\"position\":1,\"name\":\"Home\",\"item\":\"https:\/\/sandzakpress.net\/arhiva\/\"},{\"@type\":\"ListItem\",\"position\":2,\"name\":\"Rajko Vasi\u0107, \u010dlan Glavnog odbora SNSD-a na Twitteru zaprijetio novim genocidom\"}]},{\"@type\":\"WebSite\",\"@id\":\"https:\/\/sandzakpress.net\/arhiva\/#website\",\"url\":\"https:\/\/sandzakpress.net\/arhiva\/\",\"name\":\"Sand\u017eak PRESS\",\"description\":\"Prve elektronske novine u Sand\u017eaku\",\"publisher\":{\"@id\":\"https:\/\/sandzakpress.net\/arhiva\/#\/schema\/person\/6e72b67d6e51910a1117b3b483ba20bd\"},\"potentialAction\":[{\"@type\":\"SearchAction\",\"target\":{\"@type\":\"EntryPoint\",\"urlTemplate\":\"https:\/\/sandzakpress.net\/arhiva\/?s={search_term_string}\"},\"query-input\":{\"@type\":\"PropertyValueSpecification\",\"valueRequired\":true,\"valueName\":\"search_term_string\"}}],\"inLanguage\":\"bs-BA\"},{\"@type\":[\"Person\",\"Organization\"],\"@id\":\"https:\/\/sandzakpress.net\/arhiva\/#\/schema\/person\/6e72b67d6e51910a1117b3b483ba20bd\",\"name\":\"Kul\",\"image\":{\"@type\":\"ImageObject\",\"inLanguage\":\"bs-BA\",\"@id\":\"https:\/\/sandzakpress.net\/arhiva\/#\/schema\/person\/image\/\",\"url\":\"https:\/\/secure.gravatar.com\/avatar\/42263f39aa27ac04c43cab85c280eb2e?s=96&d=mm&r=pg\",\"contentUrl\":\"https:\/\/secure.gravatar.com\/avatar\/42263f39aa27ac04c43cab85c280eb2e?s=96&d=mm&r=pg\",\"caption\":\"Kul\"},\"logo\":{\"@id\":\"https:\/\/sandzakpress.net\/arhiva\/#\/schema\/person\/image\/\"}},{\"@type\":\"Person\",\"@id\":\"https:\/\/sandzakpress.net\/arhiva\/#\/schema\/person\/c8baee722073534b583ea7bdb2e36c02\",\"name\":\"bosniak\",\"image\":{\"@type\":\"ImageObject\",\"inLanguage\":\"bs-BA\",\"@id\":\"https:\/\/sandzakpress.net\/arhiva\/#\/schema\/person\/image\/\",\"url\":\"https:\/\/secure.gravatar.com\/avatar\/a04fd330bfe3a36a72a0ad4a6d89fca7?s=96&d=mm&r=pg\",\"contentUrl\":\"https:\/\/secure.gravatar.com\/avatar\/a04fd330bfe3a36a72a0ad4a6d89fca7?s=96&d=mm&r=pg\",\"caption\":\"bosniak\"},\"url\":\"https:\/\/sandzakpress.net\/arhiva\/author\/bosniak\/\"}]}<\/script>\n<!-- \/ Yoast SEO Premium plugin. -->","yoast_head_json":{"title":"Rajko Vasi\u0107, \u010dlan Glavnog odbora SNSD-a na Twitteru zaprijetio novim genocidom","robots":{"index":"index","follow":"follow","max-snippet":"max-snippet:-1","max-image-preview":"max-image-preview:large","max-video-preview":"max-video-preview:-1"},"canonical":"https:\/\/sandzakpress.net\/arhiva\/rajko-vasic-clan-glavnog-odbora-snsd-a-na-twitteru-zaprijetio-novim-genocidom\/","og_locale":"bs_BA","og_type":"article","og_title":"Rajko Vasi\u0107, \u010dlan Glavnog odbora SNSD-a na Twitteru zaprijetio novim genocidom","og_description":"Rajko Vasi\u0107, aktuelni \u010dlan Glavnog odbora SNSD-a i nekada\u0161nji generalni sekretar ove stranke, objavio je na Twitteru skandaloznu poruku u kojoj je zaprijetio novim genocidom. \u201cNe\u0161to mislim, ako toliko volite taj genocid nad vama, sa\u010dekajte sljede\u0107u priliku\u201d, napisao je Vasi\u0107. Ubrzo nakon toga Vasi\u0107 je objavio niz poruka mr\u017enje kojim negira genocid u Srebrenici. Tako [&hellip;]","og_url":"https:\/\/sandzakpress.net\/arhiva\/rajko-vasic-clan-glavnog-odbora-snsd-a-na-twitteru-zaprijetio-novim-genocidom\/","og_site_name":"Sand\u017eak PRESS","article_published_time":"2019-07-16T15:47:30+00:00","og_image":[{"width":850,"height":566,"url":"https:\/\/sandzakpress.net\/arhiva\/wp-content\/uploads\/2019\/07\/b_180711025-copy.jpg","type":"image\/jpeg"}],"author":"bosniak","twitter_card":"summary_large_image","twitter_misc":{"Written by":"bosniak","Est. reading time":"1 minuta"},"schema":{"@context":"https:\/\/schema.org","@graph":[{"@type":"Article","@id":"https:\/\/sandzakpress.net\/arhiva\/rajko-vasic-clan-glavnog-odbora-snsd-a-na-twitteru-zaprijetio-novim-genocidom\/#article","isPartOf":{"@id":"https:\/\/sandzakpress.net\/arhiva\/rajko-vasic-clan-glavnog-odbora-snsd-a-na-twitteru-zaprijetio-novim-genocidom\/"},"author":{"name":"bosniak","@id":"https:\/\/sandzakpress.net\/arhiva\/#\/schema\/person\/c8baee722073534b583ea7bdb2e36c02"},"headline":"Rajko Vasi\u0107, \u010dlan Glavnog odbora SNSD-a na Twitteru zaprijetio novim genocidom","datePublished":"2019-07-16T15:47:30+00:00","mainEntityOfPage":{"@id":"https:\/\/sandzakpress.net\/arhiva\/rajko-vasic-clan-glavnog-odbora-snsd-a-na-twitteru-zaprijetio-novim-genocidom\/"},"wordCount":202,"commentCount":2,"publisher":{"@id":"https:\/\/sandzakpress.net\/arhiva\/#\/schema\/person\/6e72b67d6e51910a1117b3b483ba20bd"},"image":{"@id":"https:\/\/sandzakpress.net\/arhiva\/rajko-vasic-clan-glavnog-odbora-snsd-a-na-twitteru-zaprijetio-novim-genocidom\/#primaryimage"},"thumbnailUrl":"https:\/\/sandzakpress.net\/arhiva\/wp-content\/uploads\/2019\/07\/b_180711025-copy.jpg","keywords":["Bosna i Hercegovina"],"articleSection":["Bosna PRESS"],"inLanguage":"bs-BA","potentialAction":[{"@type":"CommentAction","name":"Comment","target":["https:\/\/sandzakpress.net\/arhiva\/rajko-vasic-clan-glavnog-odbora-snsd-a-na-twitteru-zaprijetio-novim-genocidom\/#respond"]}]},{"@type":"WebPage","@id":"https:\/\/sandzakpress.net\/arhiva\/rajko-vasic-clan-glavnog-odbora-snsd-a-na-twitteru-zaprijetio-novim-genocidom\/","url":"https:\/\/sandzakpress.net\/arhiva\/rajko-vasic-clan-glavnog-odbora-snsd-a-na-twitteru-zaprijetio-novim-genocidom\/","name":"Rajko Vasi\u0107, \u010dlan Glavnog odbora SNSD-a na Twitteru zaprijetio novim genocidom","isPartOf":{"@id":"https:\/\/sandzakpress.net\/arhiva\/#website"},"primaryImageOfPage":{"@id":"https:\/\/sandzakpress.net\/arhiva\/rajko-vasic-clan-glavnog-odbora-snsd-a-na-twitteru-zaprijetio-novim-genocidom\/#primaryimage"},"image":{"@id":"https:\/\/sandzakpress.net\/arhiva\/rajko-vasic-clan-glavnog-odbora-snsd-a-na-twitteru-zaprijetio-novim-genocidom\/#primaryimage"},"thumbnailUrl":"https:\/\/sandzakpress.net\/arhiva\/wp-content\/uploads\/2019\/07\/b_180711025-copy.jpg","datePublished":"2019-07-16T15:47:30+00:00","breadcrumb":{"@id":"https:\/\/sandzakpress.net\/arhiva\/rajko-vasic-clan-glavnog-odbora-snsd-a-na-twitteru-zaprijetio-novim-genocidom\/#breadcrumb"},"inLanguage":"bs-BA","potentialAction":[{"@type":"ReadAction","target":["https:\/\/sandzakpress.net\/arhiva\/rajko-vasic-clan-glavnog-odbora-snsd-a-na-twitteru-zaprijetio-novim-genocidom\/"]}]},{"@type":"ImageObject","inLanguage":"bs-BA","@id":"https:\/\/sandzakpress.net\/arhiva\/rajko-vasic-clan-glavnog-odbora-snsd-a-na-twitteru-zaprijetio-novim-genocidom\/#primaryimage","url":"https:\/\/sandzakpress.net\/arhiva\/wp-content\/uploads\/2019\/07\/b_180711025-copy.jpg","contentUrl":"https:\/\/sandzakpress.net\/arhiva\/wp-content\/uploads\/2019\/07\/b_180711025-copy.jpg","width":850,"height":566},{"@type":"BreadcrumbList","@id":"https:\/\/sandzakpress.net\/arhiva\/rajko-vasic-clan-glavnog-odbora-snsd-a-na-twitteru-zaprijetio-novim-genocidom\/#breadcrumb","itemListElement":[{"@type":"ListItem","position":1,"name":"Home","item":"https:\/\/sandzakpress.net\/arhiva\/"},{"@type":"ListItem","position":2,"name":"Rajko Vasi\u0107, \u010dlan Glavnog odbora SNSD-a na Twitteru zaprijetio novim genocidom"}]},{"@type":"WebSite","@id":"https:\/\/sandzakpress.net\/arhiva\/#website","url":"https:\/\/sandzakpress.net\/arhiva\/","name":"Sand\u017eak PRESS","description":"Prve elektronske novine u Sand\u017eaku","publisher":{"@id":"https:\/\/sandzakpress.net\/arhiva\/#\/schema\/person\/6e72b67d6e51910a1117b3b483ba20bd"},"potentialAction":[{"@type":"SearchAction","target":{"@type":"EntryPoint","urlTemplate":"https:\/\/sandzakpress.net\/arhiva\/?s={search_term_string}"},"query-input":{"@type":"PropertyValueSpecification","valueRequired":true,"valueName":"search_term_string"}}],"inLanguage":"bs-BA"},{"@type":["Person","Organization"],"@id":"https:\/\/sandzakpress.net\/arhiva\/#\/schema\/person\/6e72b67d6e51910a1117b3b483ba20bd","name":"Kul","image":{"@type":"ImageObject","inLanguage":"bs-BA","@id":"https:\/\/sandzakpress.net\/arhiva\/#\/schema\/person\/image\/","url":"https:\/\/secure.gravatar.com\/avatar\/42263f39aa27ac04c43cab85c280eb2e?s=96&d=mm&r=pg","contentUrl":"https:\/\/secure.gravatar.com\/avatar\/42263f39aa27ac04c43cab85c280eb2e?s=96&d=mm&r=pg","caption":"Kul"},"logo":{"@id":"https:\/\/sandzakpress.net\/arhiva\/#\/schema\/person\/image\/"}},{"@type":"Person","@id":"https:\/\/sandzakpress.net\/arhiva\/#\/schema\/person\/c8baee722073534b583ea7bdb2e36c02","name":"bosniak","image":{"@type":"ImageObject","inLanguage":"bs-BA","@id":"https:\/\/sandzakpress.net\/arhiva\/#\/schema\/person\/image\/","url":"https:\/\/secure.gravatar.com\/avatar\/a04fd330bfe3a36a72a0ad4a6d89fca7?s=96&d=mm&r=pg","contentUrl":"https:\/\/secure.gravatar.com\/avatar\/a04fd330bfe3a36a72a0ad4a6d89fca7?s=96&d=mm&r=pg","caption":"bosniak"},"url":"https:\/\/sandzakpress.net\/arhiva\/author\/bosniak\/"}]}},"_links":{"self":[{"href":"https:\/\/sandzakpress.net\/arhiva\/wp-json\/wp\/v2\/posts\/226230"}],"collection":[{"href":"https:\/\/sandzakpress.net\/arhiva\/wp-json\/wp\/v2\/posts"}],"about":[{"href":"https:\/\/sandzakpress.net\/arhiva\/wp-json\/wp\/v2\/types\/post"}],"author":[{"embeddable":true,"href":"https:\/\/sandzakpress.net\/arhiva\/wp-json\/wp\/v2\/users\/83"}],"replies":[{"embeddable":true,"href":"https:\/\/sandzakpress.net\/arhiva\/wp-json\/wp\/v2\/comments?post=226230"}],"version-history":[{"count":0,"href":"https:\/\/sandzakpress.net\/arhiva\/wp-json\/wp\/v2\/posts\/226230\/revisions"}],"wp:featuredmedia":[{"embeddable":true,"href":"https:\/\/sandzakpress.net\/arhiva\/wp-json\/wp\/v2\/media\/226231"}],"wp:attachment":[{"href":"https:\/\/sandzakpress.net\/arhiva\/wp-json\/wp\/v2\/media?parent=226230"}],"wp:term":[{"taxonomy":"category","embeddable":true,"href":"https:\/\/sandzakpress.net\/arhiva\/wp-json\/wp\/v2\/categories?post=226230"},{"taxonomy":"post_tag","embeddable":true,"href":"https:\/\/sandzakpress.net\/arhiva\/wp-json\/wp\/v2\/tags?post=226230"}],"curies":[{"name":"wp","href":"https:\/\/api.w.org\/{rel}","templated":true}]}}