{"id":226227,"date":"2019-07-16T17:41:16","date_gmt":"2019-07-16T15:41:16","guid":{"rendered":"https:\/\/sandzakpress.net\/arhiva\/?p=226227"},"modified":"2019-07-16T17:41:16","modified_gmt":"2019-07-16T15:41:16","slug":"na-danasnji-dan-1878-berlinskim-ugovorom-definisan-je-novopazarski-sandzak","status":"publish","type":"post","link":"https:\/\/sandzakpress.net\/arhiva\/na-danasnji-dan-1878-berlinskim-ugovorom-definisan-je-novopazarski-sandzak\/","title":{"rendered":"Na dana\u0161nji dan 1878. Berlinskim ugovorom definisan je Novopazarski sand\u017eak"},"content":{"rendered":"<p><img loading=\"lazy\" decoding=\"async\" class=\"size-full wp-image-226228 aligncenter\" src=\"https:\/\/sandzakpress.net\/arhiva\/wp-content\/uploads\/2019\/07\/novopazarski-sandzak-696x469.jpg\" alt=\"\" width=\"696\" height=\"469\" srcset=\"https:\/\/sandzakpress.net\/arhiva\/wp-content\/uploads\/2019\/07\/novopazarski-sandzak-696x469.jpg 696w, https:\/\/sandzakpress.net\/arhiva\/wp-content\/uploads\/2019\/07\/novopazarski-sandzak-696x469-616x415.jpg 616w\" sizes=\"(max-width: 696px) 100vw, 696px\" \/><\/p>\n<p><strong>Na dana\u0161nji dan, 13. juna 1878. godine, odlukom Berlinskog ugovora Austro-Ugarskoj je priznato pravo da u Pljevljima, Prijepolju i Priboju stacionira 4 do 5 hiljada vojnika i oficira, s tim \u0161to je i Osmanskom carstvu odobreno da na tom podru\u010dju mo\u017ee dr\u017eati istovjetne vojne snage.<\/strong><\/p>\n<p>Tajnom konvencijom i vojnim ugovorom, iz jula 1876. godine, Srbija i Crna Gora su dogovorile podjelu Sand\u017eaka na dvije interesne sfere, linijom Bijelo Polje \u2013 Sto\u017eer \u2013 Ljubi\u0161nja \u2013 sastav Pive i Tare, ju\u017eno Crnoj Gori, a sjeverno Srbiji.<\/p>\n<p>Sa ciljem zadr\u017eavanja Sand\u017eaka u svom sastavu, Osmansko carstvo je, 2. februara 1877. godine, odvojilo Sand\u017eak iz Bosanskog i priklju\u010dilo ga Kosovskom vilajetu. Novopazarski sand\u017eak, sa sjedi\u0161tem u Sjenici, se tada sastojao iz sljede\u0107ih kaza: Novi Pazar, Bijelo Polje i Bihor, Berane, Mitrovica, Ro\u017eaje, Pljevlja, Kola\u0161in, Prijepolje, Nova Varo\u0161, Sjenica i Priboj.<\/p>\n<p>Sanstefanskim mirovnim ugovorom od 19. februara (3. marta) 1878. godine, stvorena je tzv. velika Bugarska. Po ovom ugovoru Srbija je trebalo da ustupi novoformiranoj bugarskoj dr\u017eavi, ne samo dana\u0161nje bugarske gradove Trn, Kulu, Breznik i Radomir, nego i Ni\u0161, Vranje i Pirot. Kao naknadu za to, Srbija je trebalo da dobije pro\u0161irenje na jugoistoku, u pravcu Mitrovice i Novog Pazara, ali bez ova dva grada, a tu teritoriju je trebalo da osvoji ili da joj ustupi Osmansko carstvo. Za Srbiju je, \u010dlanom 3. ovog ugovora, bilo odre\u0111eno priznanje nezavisnosti i teritorijalno pro\u0161irenje od 150 kvadratnih kilometara.<\/p>\n<p>Odlukama Berlinskog kongresa (13. jun \u2013 13. jul 1878. godine) Austro-Ugarska je dobila pravo da okupira Bosnu i Hercegovinu. Njen cilj bio je, me\u0111utim, i okupacija Novopazarskog sand\u017eaka, koji je imao izuzetan zna\u010daj za njene planove prema istoku. Tim odlukama ovo podru\u010dje je i dalje ostalo u sastavu Osmanskog carstva, kao me\u0111uprostor izme\u0111u Bosne i Hercegovine, tada okupirane od strane Austro-Ugarske, na jednoj, te Kne\u017eevine Srbije, Kosova i Crne Gore, na drugoj strani. Kao posebna oblast, Sand\u017eak je u to vrijeme obuhvatao 11 tada\u0161njih kaza (srezova): Taslid\u017eu (Pljevlja), Priboj, Prijepolje, Donji Kola\u0161in, Bijelo Polje, Berane, Ro\u017eaje, Novi Pazar, Sjenicu, Novu Varo\u0161 i Mitrovicu.<\/p>\n<p>\u010clanom 25. Berlinskog ugovora, od 13. jula 1878. godine, potvr\u0111enog, ne\u0161to kasnije, i Carigradskom (Novopazarskom) konvencijom, u Sarajevu 21. aprila 1879. godine, Austro-Ugarskoj je priznato pravo da u Pljevljima, Prijepolju i Priboju stacionira 4 do 5 hiljada vojnika i oficira, s tim \u0161to je i Osmanskom carstvu odobreno da na tom podru\u010dju mo\u017ee dr\u017eati istovjetne vojne snage.<\/p>\n<p>Prostor Kola\u0161ina, koji je od 1373. godine bio u sastavu bosanske srednjovjekovne dr\u017eave, a grad Kola\u0161in, od svog nastanka 1650. godine, u sastavu Hercegova\u010dkog sand\u017eaka, sa sjedi\u0161tem u Taslid\u017ei, izdvojen je odlukama Berlinskog kongresa i pripojen Kne\u017eevini Crnoj Gori. Kola\u0161in je predat crnogorskoj vojsci 4. oktobra 1878. godine, dok su se Plav i Gusinje suprostavili tome pa su, nakon dva \u017eestoka poraza crnogorske vojske (4. decembra 1879. godine, na Nok\u0161i\u0107u kod Plava, i 8. januara 1880. godine, na Murini), ostali u sastavu Osmanskog carstva, a Crna Gora, umjesto njih, dobila Ulcinj sa zalije\u0111em.<\/p>\n<p>Na zvani\u010dnom sajtu Ministarstva spoljnjih poslova Republike Srbije objavljeni su dijelovi Berlinskog ugovora prevedeni na srpski jezik, koji se, kako je navedeno, odnose na Balkan. \u010clan 25. ovog ugovora odnosi se na Novopazarski sand\u017eak.<\/p>\n<p>\u201cProvinciju Bosnu i Hercegovinu \u0107e zaposesti i njima upravljati Austro-Ugarska. Budu\u0107i da vlada Austro-Ugarske ne \u017eeli da preuzme upravljanje u Novopazarskom sand\u017eaku, koji se prostire izme\u0111u Srbije i Crne Gore u pravcu jugoistoka na drugoj strani Mitrovice, otomanska administracija \u0107e tamo i dalje obavljati svoje funkcije. Me\u0111utim, da bi se obezbedili odr\u017eavanje novog politi\u010dkog stanja, kao i sloboda i bezbednost komunikacija, Austro-Ugarska zadr\u017eava pravo da u celom ovom delu nekada\u0161njeg vilajeta Bosne dr\u017ei svoje garnizone i da koristi vojne i trgova\u010dke puteve. U tom cilju, vlade Austro-Ugarske i Turske zadr\u017eavaju za sebe pravo da se dogovore o detaljima.\u201d<\/p>\n<p>Izvor:\u00a0<strong>Monografija \u201cSand\u017ea\u010dki Bo\u0161njaci\u201d, Muhedin Fijuljanin, CBS, 2010.<\/strong><\/p>\n","protected":false},"excerpt":{"rendered":"<p>Na dana\u0161nji dan, 13. juna 1878. godine, odlukom Berlinskog ugovora Austro-Ugarskoj je priznato pravo da u Pljevljima, Prijepolju i Priboju stacionira 4 do 5 hiljada vojnika i oficira, s tim \u0161to je i Osmanskom carstvu odobreno da na tom podru\u010dju mo\u017ee dr\u017eati istovjetne vojne snage. Tajnom konvencijom i vojnim ugovorom, iz jula 1876. godine, Srbija [&hellip;]<\/p>\n","protected":false},"author":509,"featured_media":226228,"comment_status":"open","ping_status":"open","sticky":false,"template":"","format":"standard","meta":{"footnotes":""},"categories":[14,72],"tags":[],"class_list":{"0":"post-226227","1":"post","2":"type-post","3":"status-publish","4":"format-standard","5":"has-post-thumbnail","7":"category-sandzak-historija","8":"category-novi-pazar"},"yoast_head":"<!-- This site is optimized with the Yoast SEO Premium plugin v23.1 (Yoast SEO v24.9) - https:\/\/yoast.com\/wordpress\/plugins\/seo\/ -->\n<title>Na dana\u0161nji dan 1878. Berlinskim ugovorom definisan je Novopazarski sand\u017eak<\/title>\n<meta name=\"robots\" content=\"index, follow, max-snippet:-1, max-image-preview:large, max-video-preview:-1\" \/>\n<link rel=\"canonical\" href=\"https:\/\/sandzakpress.net\/arhiva\/na-danasnji-dan-1878-berlinskim-ugovorom-definisan-je-novopazarski-sandzak\/\" \/>\n<meta property=\"og:locale\" content=\"bs_BA\" \/>\n<meta property=\"og:type\" content=\"article\" \/>\n<meta property=\"og:title\" content=\"Na dana\u0161nji dan 1878. Berlinskim ugovorom definisan je Novopazarski sand\u017eak\" \/>\n<meta property=\"og:description\" content=\"Na dana\u0161nji dan, 13. juna 1878. godine, odlukom Berlinskog ugovora Austro-Ugarskoj je priznato pravo da u Pljevljima, Prijepolju i Priboju stacionira 4 do 5 hiljada vojnika i oficira, s tim \u0161to je i Osmanskom carstvu odobreno da na tom podru\u010dju mo\u017ee dr\u017eati istovjetne vojne snage. Tajnom konvencijom i vojnim ugovorom, iz jula 1876. godine, Srbija [&hellip;]\" \/>\n<meta property=\"og:url\" content=\"https:\/\/sandzakpress.net\/arhiva\/na-danasnji-dan-1878-berlinskim-ugovorom-definisan-je-novopazarski-sandzak\/\" \/>\n<meta property=\"og:site_name\" content=\"Sand\u017eak PRESS\" \/>\n<meta property=\"article:published_time\" content=\"2019-07-16T15:41:16+00:00\" \/>\n<meta property=\"og:image\" content=\"https:\/\/sandzakpress.net\/arhiva\/wp-content\/uploads\/2019\/07\/novopazarski-sandzak-696x469.jpg\" \/>\n\t<meta property=\"og:image:width\" content=\"696\" \/>\n\t<meta property=\"og:image:height\" content=\"469\" \/>\n\t<meta property=\"og:image:type\" content=\"image\/jpeg\" \/>\n<meta name=\"author\" content=\"Agencija\" \/>\n<meta name=\"twitter:card\" content=\"summary_large_image\" \/>\n<meta name=\"twitter:label1\" content=\"Written by\" \/>\n\t<meta name=\"twitter:data1\" content=\"Agencija\" \/>\n\t<meta name=\"twitter:label2\" content=\"Est. reading time\" \/>\n\t<meta name=\"twitter:data2\" content=\"3 minute\" \/>\n<script type=\"application\/ld+json\" class=\"yoast-schema-graph\">{\"@context\":\"https:\/\/schema.org\",\"@graph\":[{\"@type\":\"Article\",\"@id\":\"https:\/\/sandzakpress.net\/arhiva\/na-danasnji-dan-1878-berlinskim-ugovorom-definisan-je-novopazarski-sandzak\/#article\",\"isPartOf\":{\"@id\":\"https:\/\/sandzakpress.net\/arhiva\/na-danasnji-dan-1878-berlinskim-ugovorom-definisan-je-novopazarski-sandzak\/\"},\"author\":{\"name\":\"Agencija\",\"@id\":\"https:\/\/sandzakpress.net\/arhiva\/#\/schema\/person\/cb59d7e3ab91ab90dd680ad0305a6185\"},\"headline\":\"Na dana\u0161nji dan 1878. Berlinskim ugovorom definisan je Novopazarski sand\u017eak\",\"datePublished\":\"2019-07-16T15:41:16+00:00\",\"mainEntityOfPage\":{\"@id\":\"https:\/\/sandzakpress.net\/arhiva\/na-danasnji-dan-1878-berlinskim-ugovorom-definisan-je-novopazarski-sandzak\/\"},\"wordCount\":666,\"commentCount\":0,\"publisher\":{\"@id\":\"https:\/\/sandzakpress.net\/arhiva\/#\/schema\/person\/6e72b67d6e51910a1117b3b483ba20bd\"},\"image\":{\"@id\":\"https:\/\/sandzakpress.net\/arhiva\/na-danasnji-dan-1878-berlinskim-ugovorom-definisan-je-novopazarski-sandzak\/#primaryimage\"},\"thumbnailUrl\":\"https:\/\/sandzakpress.net\/arhiva\/wp-content\/uploads\/2019\/07\/novopazarski-sandzak-696x469.jpg\",\"articleSection\":[\"Sand\u017eak HISTORIJA\",\"Novi Pazar\"],\"inLanguage\":\"bs-BA\",\"potentialAction\":[{\"@type\":\"CommentAction\",\"name\":\"Comment\",\"target\":[\"https:\/\/sandzakpress.net\/arhiva\/na-danasnji-dan-1878-berlinskim-ugovorom-definisan-je-novopazarski-sandzak\/#respond\"]}]},{\"@type\":\"WebPage\",\"@id\":\"https:\/\/sandzakpress.net\/arhiva\/na-danasnji-dan-1878-berlinskim-ugovorom-definisan-je-novopazarski-sandzak\/\",\"url\":\"https:\/\/sandzakpress.net\/arhiva\/na-danasnji-dan-1878-berlinskim-ugovorom-definisan-je-novopazarski-sandzak\/\",\"name\":\"Na dana\u0161nji dan 1878. Berlinskim ugovorom definisan je Novopazarski sand\u017eak\",\"isPartOf\":{\"@id\":\"https:\/\/sandzakpress.net\/arhiva\/#website\"},\"primaryImageOfPage\":{\"@id\":\"https:\/\/sandzakpress.net\/arhiva\/na-danasnji-dan-1878-berlinskim-ugovorom-definisan-je-novopazarski-sandzak\/#primaryimage\"},\"image\":{\"@id\":\"https:\/\/sandzakpress.net\/arhiva\/na-danasnji-dan-1878-berlinskim-ugovorom-definisan-je-novopazarski-sandzak\/#primaryimage\"},\"thumbnailUrl\":\"https:\/\/sandzakpress.net\/arhiva\/wp-content\/uploads\/2019\/07\/novopazarski-sandzak-696x469.jpg\",\"datePublished\":\"2019-07-16T15:41:16+00:00\",\"breadcrumb\":{\"@id\":\"https:\/\/sandzakpress.net\/arhiva\/na-danasnji-dan-1878-berlinskim-ugovorom-definisan-je-novopazarski-sandzak\/#breadcrumb\"},\"inLanguage\":\"bs-BA\",\"potentialAction\":[{\"@type\":\"ReadAction\",\"target\":[\"https:\/\/sandzakpress.net\/arhiva\/na-danasnji-dan-1878-berlinskim-ugovorom-definisan-je-novopazarski-sandzak\/\"]}]},{\"@type\":\"ImageObject\",\"inLanguage\":\"bs-BA\",\"@id\":\"https:\/\/sandzakpress.net\/arhiva\/na-danasnji-dan-1878-berlinskim-ugovorom-definisan-je-novopazarski-sandzak\/#primaryimage\",\"url\":\"https:\/\/sandzakpress.net\/arhiva\/wp-content\/uploads\/2019\/07\/novopazarski-sandzak-696x469.jpg\",\"contentUrl\":\"https:\/\/sandzakpress.net\/arhiva\/wp-content\/uploads\/2019\/07\/novopazarski-sandzak-696x469.jpg\",\"width\":696,\"height\":469},{\"@type\":\"BreadcrumbList\",\"@id\":\"https:\/\/sandzakpress.net\/arhiva\/na-danasnji-dan-1878-berlinskim-ugovorom-definisan-je-novopazarski-sandzak\/#breadcrumb\",\"itemListElement\":[{\"@type\":\"ListItem\",\"position\":1,\"name\":\"Home\",\"item\":\"https:\/\/sandzakpress.net\/arhiva\/\"},{\"@type\":\"ListItem\",\"position\":2,\"name\":\"Na dana\u0161nji dan 1878. Berlinskim ugovorom definisan je Novopazarski sand\u017eak\"}]},{\"@type\":\"WebSite\",\"@id\":\"https:\/\/sandzakpress.net\/arhiva\/#website\",\"url\":\"https:\/\/sandzakpress.net\/arhiva\/\",\"name\":\"Sand\u017eak PRESS\",\"description\":\"Prve elektronske novine u Sand\u017eaku\",\"publisher\":{\"@id\":\"https:\/\/sandzakpress.net\/arhiva\/#\/schema\/person\/6e72b67d6e51910a1117b3b483ba20bd\"},\"potentialAction\":[{\"@type\":\"SearchAction\",\"target\":{\"@type\":\"EntryPoint\",\"urlTemplate\":\"https:\/\/sandzakpress.net\/arhiva\/?s={search_term_string}\"},\"query-input\":{\"@type\":\"PropertyValueSpecification\",\"valueRequired\":true,\"valueName\":\"search_term_string\"}}],\"inLanguage\":\"bs-BA\"},{\"@type\":[\"Person\",\"Organization\"],\"@id\":\"https:\/\/sandzakpress.net\/arhiva\/#\/schema\/person\/6e72b67d6e51910a1117b3b483ba20bd\",\"name\":\"Kul\",\"image\":{\"@type\":\"ImageObject\",\"inLanguage\":\"bs-BA\",\"@id\":\"https:\/\/sandzakpress.net\/arhiva\/#\/schema\/person\/image\/\",\"url\":\"https:\/\/secure.gravatar.com\/avatar\/42263f39aa27ac04c43cab85c280eb2e?s=96&d=mm&r=pg\",\"contentUrl\":\"https:\/\/secure.gravatar.com\/avatar\/42263f39aa27ac04c43cab85c280eb2e?s=96&d=mm&r=pg\",\"caption\":\"Kul\"},\"logo\":{\"@id\":\"https:\/\/sandzakpress.net\/arhiva\/#\/schema\/person\/image\/\"}},{\"@type\":\"Person\",\"@id\":\"https:\/\/sandzakpress.net\/arhiva\/#\/schema\/person\/cb59d7e3ab91ab90dd680ad0305a6185\",\"name\":\"Agencija\",\"image\":{\"@type\":\"ImageObject\",\"inLanguage\":\"bs-BA\",\"@id\":\"https:\/\/sandzakpress.net\/arhiva\/#\/schema\/person\/image\/\",\"url\":\"https:\/\/secure.gravatar.com\/avatar\/4b7fafa80a22f0c2afe23966b3961fe0?s=96&d=mm&r=pg\",\"contentUrl\":\"https:\/\/secure.gravatar.com\/avatar\/4b7fafa80a22f0c2afe23966b3961fe0?s=96&d=mm&r=pg\",\"caption\":\"Agencija\"},\"url\":\"https:\/\/sandzakpress.net\/arhiva\/author\/agencija\/\"}]}<\/script>\n<!-- \/ Yoast SEO Premium plugin. -->","yoast_head_json":{"title":"Na dana\u0161nji dan 1878. Berlinskim ugovorom definisan je Novopazarski sand\u017eak","robots":{"index":"index","follow":"follow","max-snippet":"max-snippet:-1","max-image-preview":"max-image-preview:large","max-video-preview":"max-video-preview:-1"},"canonical":"https:\/\/sandzakpress.net\/arhiva\/na-danasnji-dan-1878-berlinskim-ugovorom-definisan-je-novopazarski-sandzak\/","og_locale":"bs_BA","og_type":"article","og_title":"Na dana\u0161nji dan 1878. Berlinskim ugovorom definisan je Novopazarski sand\u017eak","og_description":"Na dana\u0161nji dan, 13. juna 1878. godine, odlukom Berlinskog ugovora Austro-Ugarskoj je priznato pravo da u Pljevljima, Prijepolju i Priboju stacionira 4 do 5 hiljada vojnika i oficira, s tim \u0161to je i Osmanskom carstvu odobreno da na tom podru\u010dju mo\u017ee dr\u017eati istovjetne vojne snage. Tajnom konvencijom i vojnim ugovorom, iz jula 1876. godine, Srbija [&hellip;]","og_url":"https:\/\/sandzakpress.net\/arhiva\/na-danasnji-dan-1878-berlinskim-ugovorom-definisan-je-novopazarski-sandzak\/","og_site_name":"Sand\u017eak PRESS","article_published_time":"2019-07-16T15:41:16+00:00","og_image":[{"width":696,"height":469,"url":"https:\/\/sandzakpress.net\/arhiva\/wp-content\/uploads\/2019\/07\/novopazarski-sandzak-696x469.jpg","type":"image\/jpeg"}],"author":"Agencija","twitter_card":"summary_large_image","twitter_misc":{"Written by":"Agencija","Est. reading time":"3 minute"},"schema":{"@context":"https:\/\/schema.org","@graph":[{"@type":"Article","@id":"https:\/\/sandzakpress.net\/arhiva\/na-danasnji-dan-1878-berlinskim-ugovorom-definisan-je-novopazarski-sandzak\/#article","isPartOf":{"@id":"https:\/\/sandzakpress.net\/arhiva\/na-danasnji-dan-1878-berlinskim-ugovorom-definisan-je-novopazarski-sandzak\/"},"author":{"name":"Agencija","@id":"https:\/\/sandzakpress.net\/arhiva\/#\/schema\/person\/cb59d7e3ab91ab90dd680ad0305a6185"},"headline":"Na dana\u0161nji dan 1878. Berlinskim ugovorom definisan je Novopazarski sand\u017eak","datePublished":"2019-07-16T15:41:16+00:00","mainEntityOfPage":{"@id":"https:\/\/sandzakpress.net\/arhiva\/na-danasnji-dan-1878-berlinskim-ugovorom-definisan-je-novopazarski-sandzak\/"},"wordCount":666,"commentCount":0,"publisher":{"@id":"https:\/\/sandzakpress.net\/arhiva\/#\/schema\/person\/6e72b67d6e51910a1117b3b483ba20bd"},"image":{"@id":"https:\/\/sandzakpress.net\/arhiva\/na-danasnji-dan-1878-berlinskim-ugovorom-definisan-je-novopazarski-sandzak\/#primaryimage"},"thumbnailUrl":"https:\/\/sandzakpress.net\/arhiva\/wp-content\/uploads\/2019\/07\/novopazarski-sandzak-696x469.jpg","articleSection":["Sand\u017eak HISTORIJA","Novi Pazar"],"inLanguage":"bs-BA","potentialAction":[{"@type":"CommentAction","name":"Comment","target":["https:\/\/sandzakpress.net\/arhiva\/na-danasnji-dan-1878-berlinskim-ugovorom-definisan-je-novopazarski-sandzak\/#respond"]}]},{"@type":"WebPage","@id":"https:\/\/sandzakpress.net\/arhiva\/na-danasnji-dan-1878-berlinskim-ugovorom-definisan-je-novopazarski-sandzak\/","url":"https:\/\/sandzakpress.net\/arhiva\/na-danasnji-dan-1878-berlinskim-ugovorom-definisan-je-novopazarski-sandzak\/","name":"Na dana\u0161nji dan 1878. Berlinskim ugovorom definisan je Novopazarski sand\u017eak","isPartOf":{"@id":"https:\/\/sandzakpress.net\/arhiva\/#website"},"primaryImageOfPage":{"@id":"https:\/\/sandzakpress.net\/arhiva\/na-danasnji-dan-1878-berlinskim-ugovorom-definisan-je-novopazarski-sandzak\/#primaryimage"},"image":{"@id":"https:\/\/sandzakpress.net\/arhiva\/na-danasnji-dan-1878-berlinskim-ugovorom-definisan-je-novopazarski-sandzak\/#primaryimage"},"thumbnailUrl":"https:\/\/sandzakpress.net\/arhiva\/wp-content\/uploads\/2019\/07\/novopazarski-sandzak-696x469.jpg","datePublished":"2019-07-16T15:41:16+00:00","breadcrumb":{"@id":"https:\/\/sandzakpress.net\/arhiva\/na-danasnji-dan-1878-berlinskim-ugovorom-definisan-je-novopazarski-sandzak\/#breadcrumb"},"inLanguage":"bs-BA","potentialAction":[{"@type":"ReadAction","target":["https:\/\/sandzakpress.net\/arhiva\/na-danasnji-dan-1878-berlinskim-ugovorom-definisan-je-novopazarski-sandzak\/"]}]},{"@type":"ImageObject","inLanguage":"bs-BA","@id":"https:\/\/sandzakpress.net\/arhiva\/na-danasnji-dan-1878-berlinskim-ugovorom-definisan-je-novopazarski-sandzak\/#primaryimage","url":"https:\/\/sandzakpress.net\/arhiva\/wp-content\/uploads\/2019\/07\/novopazarski-sandzak-696x469.jpg","contentUrl":"https:\/\/sandzakpress.net\/arhiva\/wp-content\/uploads\/2019\/07\/novopazarski-sandzak-696x469.jpg","width":696,"height":469},{"@type":"BreadcrumbList","@id":"https:\/\/sandzakpress.net\/arhiva\/na-danasnji-dan-1878-berlinskim-ugovorom-definisan-je-novopazarski-sandzak\/#breadcrumb","itemListElement":[{"@type":"ListItem","position":1,"name":"Home","item":"https:\/\/sandzakpress.net\/arhiva\/"},{"@type":"ListItem","position":2,"name":"Na dana\u0161nji dan 1878. Berlinskim ugovorom definisan je Novopazarski sand\u017eak"}]},{"@type":"WebSite","@id":"https:\/\/sandzakpress.net\/arhiva\/#website","url":"https:\/\/sandzakpress.net\/arhiva\/","name":"Sand\u017eak PRESS","description":"Prve elektronske novine u Sand\u017eaku","publisher":{"@id":"https:\/\/sandzakpress.net\/arhiva\/#\/schema\/person\/6e72b67d6e51910a1117b3b483ba20bd"},"potentialAction":[{"@type":"SearchAction","target":{"@type":"EntryPoint","urlTemplate":"https:\/\/sandzakpress.net\/arhiva\/?s={search_term_string}"},"query-input":{"@type":"PropertyValueSpecification","valueRequired":true,"valueName":"search_term_string"}}],"inLanguage":"bs-BA"},{"@type":["Person","Organization"],"@id":"https:\/\/sandzakpress.net\/arhiva\/#\/schema\/person\/6e72b67d6e51910a1117b3b483ba20bd","name":"Kul","image":{"@type":"ImageObject","inLanguage":"bs-BA","@id":"https:\/\/sandzakpress.net\/arhiva\/#\/schema\/person\/image\/","url":"https:\/\/secure.gravatar.com\/avatar\/42263f39aa27ac04c43cab85c280eb2e?s=96&d=mm&r=pg","contentUrl":"https:\/\/secure.gravatar.com\/avatar\/42263f39aa27ac04c43cab85c280eb2e?s=96&d=mm&r=pg","caption":"Kul"},"logo":{"@id":"https:\/\/sandzakpress.net\/arhiva\/#\/schema\/person\/image\/"}},{"@type":"Person","@id":"https:\/\/sandzakpress.net\/arhiva\/#\/schema\/person\/cb59d7e3ab91ab90dd680ad0305a6185","name":"Agencija","image":{"@type":"ImageObject","inLanguage":"bs-BA","@id":"https:\/\/sandzakpress.net\/arhiva\/#\/schema\/person\/image\/","url":"https:\/\/secure.gravatar.com\/avatar\/4b7fafa80a22f0c2afe23966b3961fe0?s=96&d=mm&r=pg","contentUrl":"https:\/\/secure.gravatar.com\/avatar\/4b7fafa80a22f0c2afe23966b3961fe0?s=96&d=mm&r=pg","caption":"Agencija"},"url":"https:\/\/sandzakpress.net\/arhiva\/author\/agencija\/"}]}},"_links":{"self":[{"href":"https:\/\/sandzakpress.net\/arhiva\/wp-json\/wp\/v2\/posts\/226227"}],"collection":[{"href":"https:\/\/sandzakpress.net\/arhiva\/wp-json\/wp\/v2\/posts"}],"about":[{"href":"https:\/\/sandzakpress.net\/arhiva\/wp-json\/wp\/v2\/types\/post"}],"author":[{"embeddable":true,"href":"https:\/\/sandzakpress.net\/arhiva\/wp-json\/wp\/v2\/users\/509"}],"replies":[{"embeddable":true,"href":"https:\/\/sandzakpress.net\/arhiva\/wp-json\/wp\/v2\/comments?post=226227"}],"version-history":[{"count":0,"href":"https:\/\/sandzakpress.net\/arhiva\/wp-json\/wp\/v2\/posts\/226227\/revisions"}],"wp:featuredmedia":[{"embeddable":true,"href":"https:\/\/sandzakpress.net\/arhiva\/wp-json\/wp\/v2\/media\/226228"}],"wp:attachment":[{"href":"https:\/\/sandzakpress.net\/arhiva\/wp-json\/wp\/v2\/media?parent=226227"}],"wp:term":[{"taxonomy":"category","embeddable":true,"href":"https:\/\/sandzakpress.net\/arhiva\/wp-json\/wp\/v2\/categories?post=226227"},{"taxonomy":"post_tag","embeddable":true,"href":"https:\/\/sandzakpress.net\/arhiva\/wp-json\/wp\/v2\/tags?post=226227"}],"curies":[{"name":"wp","href":"https:\/\/api.w.org\/{rel}","templated":true}]}}