{"id":226151,"date":"2019-07-15T12:16:54","date_gmt":"2019-07-15T10:16:54","guid":{"rendered":"https:\/\/sandzakpress.net\/arhiva\/?p=226151"},"modified":"2019-07-15T12:16:54","modified_gmt":"2019-07-15T10:16:54","slug":"zavrsen-sjenicki-biatlon-rastic-pobijedio-u-sprintu-milanko-petrovic-slavio-za-kraj","status":"publish","type":"post","link":"https:\/\/sandzakpress.net\/arhiva\/zavrsen-sjenicki-biatlon-rastic-pobijedio-u-sprintu-milanko-petrovic-slavio-za-kraj\/","title":{"rendered":"ZAVR\u0160EN SJENI\u010cKI BIATLON: Rasti\u0107 pobijedio u sprintu, Milanko Petrovi\u0107 slavio za kraj"},"content":{"rendered":"<p><img loading=\"lazy\" decoding=\"async\" class=\"alignnone size-full wp-image-226163\" src=\"https:\/\/sandzakpress.net\/arhiva\/wp-content\/uploads\/2019\/07\/1915929_biatlon-51111111111_ff.jpg\" alt=\"\" width=\"1000\" height=\"690\" srcset=\"https:\/\/sandzakpress.net\/arhiva\/wp-content\/uploads\/2019\/07\/1915929_biatlon-51111111111_ff.jpg 1000w, https:\/\/sandzakpress.net\/arhiva\/wp-content\/uploads\/2019\/07\/1915929_biatlon-51111111111_ff-768x530.jpg 768w, https:\/\/sandzakpress.net\/arhiva\/wp-content\/uploads\/2019\/07\/1915929_biatlon-51111111111_ff-616x425.jpg 616w\" sizes=\"(max-width: 1000px) 100vw, 1000px\" \/><\/p>\n<p><strong>Sjajno takm\u010denje sportista iz pet dr\u017eava, koji su pokazali da i leti umeju da se snalaze na skijama.<\/strong><\/p>\n<p>Zavr\u0161en je i drugi takmi\u010darski dan na Balkan kupu i Otvorenom prvenstvu Srbije u letnjem biatlonu. Disciplina sprint,distance sedam i po i \u0161est kilometara, mesto identi\u010dno, Nacionalni biatlon centar \u017dari kod Sjenice, ali konkurencija, za kraj sjajnog vikenda, malo ja\u010da.<\/p>\n<p>Opet je na startu bilo oko stotinu takmi\u010dara iz pet zemalja &#8211; Bosne i Hercegovine, Severne Makedonije, Bugarske, Hrvatske i Srbije ali ovoga puta se pojavio i Milanko Petrovi\u0107, nekada\u0161nji pobednik Univerzijade. On je u pobedio u senirskoj konkurenciji, najve\u0107i rival mu je bio Damir Rasti\u0107 koji je slavio ju\u010de a zahvaljuju\u0107i preciznijem ga\u0111anju na streli\u0161tu, imao je samo dva proma\u0161aja, nasuprot \u0161est proma\u0161aja Rasti\u0107a, Milanko Petrovi\u0107 je pobedio u ovoj trci, i to sa vremenom boljim za 18 sekundi. Kod seniorki je, o\u010dekivano, slavila Avakumova ali ovoga puta veoma ubedljivo uz maksimalan u\u010dinak na streli\u0161tu, pogodila je svih deset puta.<\/p>\n<p>Kod omladinaca je ponovo slavio predstavnik Severne Makedonije, Stavre Jada,dok je kod juniorki najbolja bila Sandra Banac, koja je bila bolja od ju\u010dera\u0161nje pobednice Maide Drndi\u0107.<\/p>\n<p>Juniori su bili podeljeni u dve uzrasne kategorije, na starije i mla\u0111e. Blagoj Todev iz Bugarske i Omar Hod\u017ei\u0107, doma\u0107i takmi\u010dar bili su najbolji, a kod juniorki su jo\u0161 jednom trijumfovale Berina Sinadinovi\u0107 i Bugarka Valentina Dimitrova.<\/p>\n<p>Sumiraju\u0107i utiske sa ovoga takmi\u010denja Damir Rasti\u0107 nam je rekao da jo\u0161 uvek nije zadovoljan formom u kojoj se nalazi, ali da se nada da \u0107e u narednom periodu dosti\u0107i \u017eeljeni nivo i da \u0107e na Svetskom prvenstu u Minsku, koje je na programu za malo vi\u0161e od mesec dana, biti na visini zadatka.<\/p>\n<p>(Kurir.rs\/Kurir sport, Foto: Branko Filipovi\u0107)<\/p>\n","protected":false},"excerpt":{"rendered":"<p>Sjajno takm\u010denje sportista iz pet dr\u017eava, koji su pokazali da i leti umeju da se snalaze na skijama. Zavr\u0161en je i drugi takmi\u010darski dan na Balkan kupu i Otvorenom prvenstvu Srbije u letnjem biatlonu. Disciplina sprint,distance sedam i po i \u0161est kilometara, mesto identi\u010dno, Nacionalni biatlon centar \u017dari kod Sjenice, ali konkurencija, za kraj sjajnog [&hellip;]<\/p>\n","protected":false},"author":509,"featured_media":226163,"comment_status":"open","ping_status":"open","sticky":false,"template":"","format":"standard","meta":{"footnotes":""},"categories":[52,13,8957],"tags":[],"class_list":{"0":"post-226151","1":"post","2":"type-post","3":"status-publish","4":"format-standard","5":"has-post-thumbnail","7":"category-sjenica","8":"category-sport","9":"category-vijesti-dana"},"yoast_head":"<!-- This site is optimized with the Yoast SEO Premium plugin v23.1 (Yoast SEO v24.9) - https:\/\/yoast.com\/wordpress\/plugins\/seo\/ -->\n<title>ZAVR\u0160EN SJENI\u010cKI BIATLON: Rasti\u0107 pobijedio u sprintu, Milanko Petrovi\u0107 slavio za kraj<\/title>\n<meta name=\"robots\" content=\"index, follow, max-snippet:-1, max-image-preview:large, max-video-preview:-1\" \/>\n<link rel=\"canonical\" href=\"https:\/\/sandzakpress.net\/arhiva\/zavrsen-sjenicki-biatlon-rastic-pobijedio-u-sprintu-milanko-petrovic-slavio-za-kraj\/\" \/>\n<meta property=\"og:locale\" content=\"bs_BA\" \/>\n<meta property=\"og:type\" content=\"article\" \/>\n<meta property=\"og:title\" content=\"ZAVR\u0160EN SJENI\u010cKI BIATLON: Rasti\u0107 pobijedio u sprintu, Milanko Petrovi\u0107 slavio za kraj\" \/>\n<meta property=\"og:description\" content=\"Sjajno takm\u010denje sportista iz pet dr\u017eava, koji su pokazali da i leti umeju da se snalaze na skijama. Zavr\u0161en je i drugi takmi\u010darski dan na Balkan kupu i Otvorenom prvenstvu Srbije u letnjem biatlonu. Disciplina sprint,distance sedam i po i \u0161est kilometara, mesto identi\u010dno, Nacionalni biatlon centar \u017dari kod Sjenice, ali konkurencija, za kraj sjajnog [&hellip;]\" \/>\n<meta property=\"og:url\" content=\"https:\/\/sandzakpress.net\/arhiva\/zavrsen-sjenicki-biatlon-rastic-pobijedio-u-sprintu-milanko-petrovic-slavio-za-kraj\/\" \/>\n<meta property=\"og:site_name\" content=\"Sand\u017eak PRESS\" \/>\n<meta property=\"article:published_time\" content=\"2019-07-15T10:16:54+00:00\" \/>\n<meta property=\"og:image\" content=\"https:\/\/sandzakpress.net\/arhiva\/wp-content\/uploads\/2019\/07\/1915929_biatlon-51111111111_ff.jpg\" \/>\n\t<meta property=\"og:image:width\" content=\"1000\" \/>\n\t<meta property=\"og:image:height\" content=\"690\" \/>\n\t<meta property=\"og:image:type\" content=\"image\/jpeg\" \/>\n<meta name=\"author\" content=\"Agencija\" \/>\n<meta name=\"twitter:card\" content=\"summary_large_image\" \/>\n<meta name=\"twitter:label1\" content=\"Written by\" \/>\n\t<meta name=\"twitter:data1\" content=\"Agencija\" \/>\n\t<meta name=\"twitter:label2\" content=\"Est. reading time\" \/>\n\t<meta name=\"twitter:data2\" content=\"2 minute\" \/>\n<script type=\"application\/ld+json\" class=\"yoast-schema-graph\">{\"@context\":\"https:\/\/schema.org\",\"@graph\":[{\"@type\":\"Article\",\"@id\":\"https:\/\/sandzakpress.net\/arhiva\/zavrsen-sjenicki-biatlon-rastic-pobijedio-u-sprintu-milanko-petrovic-slavio-za-kraj\/#article\",\"isPartOf\":{\"@id\":\"https:\/\/sandzakpress.net\/arhiva\/zavrsen-sjenicki-biatlon-rastic-pobijedio-u-sprintu-milanko-petrovic-slavio-za-kraj\/\"},\"author\":{\"name\":\"Agencija\",\"@id\":\"https:\/\/sandzakpress.net\/arhiva\/#\/schema\/person\/cb59d7e3ab91ab90dd680ad0305a6185\"},\"headline\":\"ZAVR\u0160EN SJENI\u010cKI BIATLON: Rasti\u0107 pobijedio u sprintu, Milanko Petrovi\u0107 slavio za kraj\",\"datePublished\":\"2019-07-15T10:16:54+00:00\",\"mainEntityOfPage\":{\"@id\":\"https:\/\/sandzakpress.net\/arhiva\/zavrsen-sjenicki-biatlon-rastic-pobijedio-u-sprintu-milanko-petrovic-slavio-za-kraj\/\"},\"wordCount\":327,\"commentCount\":0,\"publisher\":{\"@id\":\"https:\/\/sandzakpress.net\/arhiva\/#\/schema\/person\/6e72b67d6e51910a1117b3b483ba20bd\"},\"image\":{\"@id\":\"https:\/\/sandzakpress.net\/arhiva\/zavrsen-sjenicki-biatlon-rastic-pobijedio-u-sprintu-milanko-petrovic-slavio-za-kraj\/#primaryimage\"},\"thumbnailUrl\":\"https:\/\/sandzakpress.net\/arhiva\/wp-content\/uploads\/2019\/07\/1915929_biatlon-51111111111_ff.jpg\",\"articleSection\":[\"Sjenica\",\"Sport\",\"VIJESTI DANA\"],\"inLanguage\":\"bs-BA\",\"potentialAction\":[{\"@type\":\"CommentAction\",\"name\":\"Comment\",\"target\":[\"https:\/\/sandzakpress.net\/arhiva\/zavrsen-sjenicki-biatlon-rastic-pobijedio-u-sprintu-milanko-petrovic-slavio-za-kraj\/#respond\"]}]},{\"@type\":\"WebPage\",\"@id\":\"https:\/\/sandzakpress.net\/arhiva\/zavrsen-sjenicki-biatlon-rastic-pobijedio-u-sprintu-milanko-petrovic-slavio-za-kraj\/\",\"url\":\"https:\/\/sandzakpress.net\/arhiva\/zavrsen-sjenicki-biatlon-rastic-pobijedio-u-sprintu-milanko-petrovic-slavio-za-kraj\/\",\"name\":\"ZAVR\u0160EN SJENI\u010cKI BIATLON: Rasti\u0107 pobijedio u sprintu, Milanko Petrovi\u0107 slavio za kraj\",\"isPartOf\":{\"@id\":\"https:\/\/sandzakpress.net\/arhiva\/#website\"},\"primaryImageOfPage\":{\"@id\":\"https:\/\/sandzakpress.net\/arhiva\/zavrsen-sjenicki-biatlon-rastic-pobijedio-u-sprintu-milanko-petrovic-slavio-za-kraj\/#primaryimage\"},\"image\":{\"@id\":\"https:\/\/sandzakpress.net\/arhiva\/zavrsen-sjenicki-biatlon-rastic-pobijedio-u-sprintu-milanko-petrovic-slavio-za-kraj\/#primaryimage\"},\"thumbnailUrl\":\"https:\/\/sandzakpress.net\/arhiva\/wp-content\/uploads\/2019\/07\/1915929_biatlon-51111111111_ff.jpg\",\"datePublished\":\"2019-07-15T10:16:54+00:00\",\"breadcrumb\":{\"@id\":\"https:\/\/sandzakpress.net\/arhiva\/zavrsen-sjenicki-biatlon-rastic-pobijedio-u-sprintu-milanko-petrovic-slavio-za-kraj\/#breadcrumb\"},\"inLanguage\":\"bs-BA\",\"potentialAction\":[{\"@type\":\"ReadAction\",\"target\":[\"https:\/\/sandzakpress.net\/arhiva\/zavrsen-sjenicki-biatlon-rastic-pobijedio-u-sprintu-milanko-petrovic-slavio-za-kraj\/\"]}]},{\"@type\":\"ImageObject\",\"inLanguage\":\"bs-BA\",\"@id\":\"https:\/\/sandzakpress.net\/arhiva\/zavrsen-sjenicki-biatlon-rastic-pobijedio-u-sprintu-milanko-petrovic-slavio-za-kraj\/#primaryimage\",\"url\":\"https:\/\/sandzakpress.net\/arhiva\/wp-content\/uploads\/2019\/07\/1915929_biatlon-51111111111_ff.jpg\",\"contentUrl\":\"https:\/\/sandzakpress.net\/arhiva\/wp-content\/uploads\/2019\/07\/1915929_biatlon-51111111111_ff.jpg\",\"width\":1000,\"height\":690},{\"@type\":\"BreadcrumbList\",\"@id\":\"https:\/\/sandzakpress.net\/arhiva\/zavrsen-sjenicki-biatlon-rastic-pobijedio-u-sprintu-milanko-petrovic-slavio-za-kraj\/#breadcrumb\",\"itemListElement\":[{\"@type\":\"ListItem\",\"position\":1,\"name\":\"Home\",\"item\":\"https:\/\/sandzakpress.net\/arhiva\/\"},{\"@type\":\"ListItem\",\"position\":2,\"name\":\"ZAVR\u0160EN SJENI\u010cKI BIATLON: Rasti\u0107 pobijedio u sprintu, Milanko Petrovi\u0107 slavio za kraj\"}]},{\"@type\":\"WebSite\",\"@id\":\"https:\/\/sandzakpress.net\/arhiva\/#website\",\"url\":\"https:\/\/sandzakpress.net\/arhiva\/\",\"name\":\"Sand\u017eak PRESS\",\"description\":\"Prve elektronske novine u Sand\u017eaku\",\"publisher\":{\"@id\":\"https:\/\/sandzakpress.net\/arhiva\/#\/schema\/person\/6e72b67d6e51910a1117b3b483ba20bd\"},\"potentialAction\":[{\"@type\":\"SearchAction\",\"target\":{\"@type\":\"EntryPoint\",\"urlTemplate\":\"https:\/\/sandzakpress.net\/arhiva\/?s={search_term_string}\"},\"query-input\":{\"@type\":\"PropertyValueSpecification\",\"valueRequired\":true,\"valueName\":\"search_term_string\"}}],\"inLanguage\":\"bs-BA\"},{\"@type\":[\"Person\",\"Organization\"],\"@id\":\"https:\/\/sandzakpress.net\/arhiva\/#\/schema\/person\/6e72b67d6e51910a1117b3b483ba20bd\",\"name\":\"Kul\",\"image\":{\"@type\":\"ImageObject\",\"inLanguage\":\"bs-BA\",\"@id\":\"https:\/\/sandzakpress.net\/arhiva\/#\/schema\/person\/image\/\",\"url\":\"https:\/\/secure.gravatar.com\/avatar\/42263f39aa27ac04c43cab85c280eb2e?s=96&d=mm&r=pg\",\"contentUrl\":\"https:\/\/secure.gravatar.com\/avatar\/42263f39aa27ac04c43cab85c280eb2e?s=96&d=mm&r=pg\",\"caption\":\"Kul\"},\"logo\":{\"@id\":\"https:\/\/sandzakpress.net\/arhiva\/#\/schema\/person\/image\/\"}},{\"@type\":\"Person\",\"@id\":\"https:\/\/sandzakpress.net\/arhiva\/#\/schema\/person\/cb59d7e3ab91ab90dd680ad0305a6185\",\"name\":\"Agencija\",\"image\":{\"@type\":\"ImageObject\",\"inLanguage\":\"bs-BA\",\"@id\":\"https:\/\/sandzakpress.net\/arhiva\/#\/schema\/person\/image\/\",\"url\":\"https:\/\/secure.gravatar.com\/avatar\/4b7fafa80a22f0c2afe23966b3961fe0?s=96&d=mm&r=pg\",\"contentUrl\":\"https:\/\/secure.gravatar.com\/avatar\/4b7fafa80a22f0c2afe23966b3961fe0?s=96&d=mm&r=pg\",\"caption\":\"Agencija\"},\"url\":\"https:\/\/sandzakpress.net\/arhiva\/author\/agencija\/\"}]}<\/script>\n<!-- \/ Yoast SEO Premium plugin. -->","yoast_head_json":{"title":"ZAVR\u0160EN SJENI\u010cKI BIATLON: Rasti\u0107 pobijedio u sprintu, Milanko Petrovi\u0107 slavio za kraj","robots":{"index":"index","follow":"follow","max-snippet":"max-snippet:-1","max-image-preview":"max-image-preview:large","max-video-preview":"max-video-preview:-1"},"canonical":"https:\/\/sandzakpress.net\/arhiva\/zavrsen-sjenicki-biatlon-rastic-pobijedio-u-sprintu-milanko-petrovic-slavio-za-kraj\/","og_locale":"bs_BA","og_type":"article","og_title":"ZAVR\u0160EN SJENI\u010cKI BIATLON: Rasti\u0107 pobijedio u sprintu, Milanko Petrovi\u0107 slavio za kraj","og_description":"Sjajno takm\u010denje sportista iz pet dr\u017eava, koji su pokazali da i leti umeju da se snalaze na skijama. Zavr\u0161en je i drugi takmi\u010darski dan na Balkan kupu i Otvorenom prvenstvu Srbije u letnjem biatlonu. Disciplina sprint,distance sedam i po i \u0161est kilometara, mesto identi\u010dno, Nacionalni biatlon centar \u017dari kod Sjenice, ali konkurencija, za kraj sjajnog [&hellip;]","og_url":"https:\/\/sandzakpress.net\/arhiva\/zavrsen-sjenicki-biatlon-rastic-pobijedio-u-sprintu-milanko-petrovic-slavio-za-kraj\/","og_site_name":"Sand\u017eak PRESS","article_published_time":"2019-07-15T10:16:54+00:00","og_image":[{"width":1000,"height":690,"url":"https:\/\/sandzakpress.net\/arhiva\/wp-content\/uploads\/2019\/07\/1915929_biatlon-51111111111_ff.jpg","type":"image\/jpeg"}],"author":"Agencija","twitter_card":"summary_large_image","twitter_misc":{"Written by":"Agencija","Est. reading time":"2 minute"},"schema":{"@context":"https:\/\/schema.org","@graph":[{"@type":"Article","@id":"https:\/\/sandzakpress.net\/arhiva\/zavrsen-sjenicki-biatlon-rastic-pobijedio-u-sprintu-milanko-petrovic-slavio-za-kraj\/#article","isPartOf":{"@id":"https:\/\/sandzakpress.net\/arhiva\/zavrsen-sjenicki-biatlon-rastic-pobijedio-u-sprintu-milanko-petrovic-slavio-za-kraj\/"},"author":{"name":"Agencija","@id":"https:\/\/sandzakpress.net\/arhiva\/#\/schema\/person\/cb59d7e3ab91ab90dd680ad0305a6185"},"headline":"ZAVR\u0160EN SJENI\u010cKI BIATLON: Rasti\u0107 pobijedio u sprintu, Milanko Petrovi\u0107 slavio za kraj","datePublished":"2019-07-15T10:16:54+00:00","mainEntityOfPage":{"@id":"https:\/\/sandzakpress.net\/arhiva\/zavrsen-sjenicki-biatlon-rastic-pobijedio-u-sprintu-milanko-petrovic-slavio-za-kraj\/"},"wordCount":327,"commentCount":0,"publisher":{"@id":"https:\/\/sandzakpress.net\/arhiva\/#\/schema\/person\/6e72b67d6e51910a1117b3b483ba20bd"},"image":{"@id":"https:\/\/sandzakpress.net\/arhiva\/zavrsen-sjenicki-biatlon-rastic-pobijedio-u-sprintu-milanko-petrovic-slavio-za-kraj\/#primaryimage"},"thumbnailUrl":"https:\/\/sandzakpress.net\/arhiva\/wp-content\/uploads\/2019\/07\/1915929_biatlon-51111111111_ff.jpg","articleSection":["Sjenica","Sport","VIJESTI DANA"],"inLanguage":"bs-BA","potentialAction":[{"@type":"CommentAction","name":"Comment","target":["https:\/\/sandzakpress.net\/arhiva\/zavrsen-sjenicki-biatlon-rastic-pobijedio-u-sprintu-milanko-petrovic-slavio-za-kraj\/#respond"]}]},{"@type":"WebPage","@id":"https:\/\/sandzakpress.net\/arhiva\/zavrsen-sjenicki-biatlon-rastic-pobijedio-u-sprintu-milanko-petrovic-slavio-za-kraj\/","url":"https:\/\/sandzakpress.net\/arhiva\/zavrsen-sjenicki-biatlon-rastic-pobijedio-u-sprintu-milanko-petrovic-slavio-za-kraj\/","name":"ZAVR\u0160EN SJENI\u010cKI BIATLON: Rasti\u0107 pobijedio u sprintu, Milanko Petrovi\u0107 slavio za kraj","isPartOf":{"@id":"https:\/\/sandzakpress.net\/arhiva\/#website"},"primaryImageOfPage":{"@id":"https:\/\/sandzakpress.net\/arhiva\/zavrsen-sjenicki-biatlon-rastic-pobijedio-u-sprintu-milanko-petrovic-slavio-za-kraj\/#primaryimage"},"image":{"@id":"https:\/\/sandzakpress.net\/arhiva\/zavrsen-sjenicki-biatlon-rastic-pobijedio-u-sprintu-milanko-petrovic-slavio-za-kraj\/#primaryimage"},"thumbnailUrl":"https:\/\/sandzakpress.net\/arhiva\/wp-content\/uploads\/2019\/07\/1915929_biatlon-51111111111_ff.jpg","datePublished":"2019-07-15T10:16:54+00:00","breadcrumb":{"@id":"https:\/\/sandzakpress.net\/arhiva\/zavrsen-sjenicki-biatlon-rastic-pobijedio-u-sprintu-milanko-petrovic-slavio-za-kraj\/#breadcrumb"},"inLanguage":"bs-BA","potentialAction":[{"@type":"ReadAction","target":["https:\/\/sandzakpress.net\/arhiva\/zavrsen-sjenicki-biatlon-rastic-pobijedio-u-sprintu-milanko-petrovic-slavio-za-kraj\/"]}]},{"@type":"ImageObject","inLanguage":"bs-BA","@id":"https:\/\/sandzakpress.net\/arhiva\/zavrsen-sjenicki-biatlon-rastic-pobijedio-u-sprintu-milanko-petrovic-slavio-za-kraj\/#primaryimage","url":"https:\/\/sandzakpress.net\/arhiva\/wp-content\/uploads\/2019\/07\/1915929_biatlon-51111111111_ff.jpg","contentUrl":"https:\/\/sandzakpress.net\/arhiva\/wp-content\/uploads\/2019\/07\/1915929_biatlon-51111111111_ff.jpg","width":1000,"height":690},{"@type":"BreadcrumbList","@id":"https:\/\/sandzakpress.net\/arhiva\/zavrsen-sjenicki-biatlon-rastic-pobijedio-u-sprintu-milanko-petrovic-slavio-za-kraj\/#breadcrumb","itemListElement":[{"@type":"ListItem","position":1,"name":"Home","item":"https:\/\/sandzakpress.net\/arhiva\/"},{"@type":"ListItem","position":2,"name":"ZAVR\u0160EN SJENI\u010cKI BIATLON: Rasti\u0107 pobijedio u sprintu, Milanko Petrovi\u0107 slavio za kraj"}]},{"@type":"WebSite","@id":"https:\/\/sandzakpress.net\/arhiva\/#website","url":"https:\/\/sandzakpress.net\/arhiva\/","name":"Sand\u017eak PRESS","description":"Prve elektronske novine u Sand\u017eaku","publisher":{"@id":"https:\/\/sandzakpress.net\/arhiva\/#\/schema\/person\/6e72b67d6e51910a1117b3b483ba20bd"},"potentialAction":[{"@type":"SearchAction","target":{"@type":"EntryPoint","urlTemplate":"https:\/\/sandzakpress.net\/arhiva\/?s={search_term_string}"},"query-input":{"@type":"PropertyValueSpecification","valueRequired":true,"valueName":"search_term_string"}}],"inLanguage":"bs-BA"},{"@type":["Person","Organization"],"@id":"https:\/\/sandzakpress.net\/arhiva\/#\/schema\/person\/6e72b67d6e51910a1117b3b483ba20bd","name":"Kul","image":{"@type":"ImageObject","inLanguage":"bs-BA","@id":"https:\/\/sandzakpress.net\/arhiva\/#\/schema\/person\/image\/","url":"https:\/\/secure.gravatar.com\/avatar\/42263f39aa27ac04c43cab85c280eb2e?s=96&d=mm&r=pg","contentUrl":"https:\/\/secure.gravatar.com\/avatar\/42263f39aa27ac04c43cab85c280eb2e?s=96&d=mm&r=pg","caption":"Kul"},"logo":{"@id":"https:\/\/sandzakpress.net\/arhiva\/#\/schema\/person\/image\/"}},{"@type":"Person","@id":"https:\/\/sandzakpress.net\/arhiva\/#\/schema\/person\/cb59d7e3ab91ab90dd680ad0305a6185","name":"Agencija","image":{"@type":"ImageObject","inLanguage":"bs-BA","@id":"https:\/\/sandzakpress.net\/arhiva\/#\/schema\/person\/image\/","url":"https:\/\/secure.gravatar.com\/avatar\/4b7fafa80a22f0c2afe23966b3961fe0?s=96&d=mm&r=pg","contentUrl":"https:\/\/secure.gravatar.com\/avatar\/4b7fafa80a22f0c2afe23966b3961fe0?s=96&d=mm&r=pg","caption":"Agencija"},"url":"https:\/\/sandzakpress.net\/arhiva\/author\/agencija\/"}]}},"_links":{"self":[{"href":"https:\/\/sandzakpress.net\/arhiva\/wp-json\/wp\/v2\/posts\/226151"}],"collection":[{"href":"https:\/\/sandzakpress.net\/arhiva\/wp-json\/wp\/v2\/posts"}],"about":[{"href":"https:\/\/sandzakpress.net\/arhiva\/wp-json\/wp\/v2\/types\/post"}],"author":[{"embeddable":true,"href":"https:\/\/sandzakpress.net\/arhiva\/wp-json\/wp\/v2\/users\/509"}],"replies":[{"embeddable":true,"href":"https:\/\/sandzakpress.net\/arhiva\/wp-json\/wp\/v2\/comments?post=226151"}],"version-history":[{"count":0,"href":"https:\/\/sandzakpress.net\/arhiva\/wp-json\/wp\/v2\/posts\/226151\/revisions"}],"wp:featuredmedia":[{"embeddable":true,"href":"https:\/\/sandzakpress.net\/arhiva\/wp-json\/wp\/v2\/media\/226163"}],"wp:attachment":[{"href":"https:\/\/sandzakpress.net\/arhiva\/wp-json\/wp\/v2\/media?parent=226151"}],"wp:term":[{"taxonomy":"category","embeddable":true,"href":"https:\/\/sandzakpress.net\/arhiva\/wp-json\/wp\/v2\/categories?post=226151"},{"taxonomy":"post_tag","embeddable":true,"href":"https:\/\/sandzakpress.net\/arhiva\/wp-json\/wp\/v2\/tags?post=226151"}],"curies":[{"name":"wp","href":"https:\/\/api.w.org\/{rel}","templated":true}]}}