{"id":226144,"date":"2019-07-13T22:55:35","date_gmt":"2019-07-13T20:55:35","guid":{"rendered":"https:\/\/sandzakpress.net\/arhiva\/fotografija-majka-srebrenice-almina-zrne-izlozena-u-istanbulu"},"modified":"2019-07-13T22:55:35","modified_gmt":"2019-07-13T20:55:35","slug":"fotografija-majka-srebrenice-almina-zrne-izlozena-u-istanbulu","status":"publish","type":"post","link":"https:\/\/sandzakpress.net\/arhiva\/fotografija-majka-srebrenice-almina-zrne-izlozena-u-istanbulu\/","title":{"rendered":"Fotografija \u201cMajka Srebrenice\u201d Almina Zrne izlo\u017eena u Istanbulu"},"content":{"rendered":"<p><span class=\"cb-itemprop\"><\/p>\n<p><img loading=\"lazy\" decoding=\"async\" class=\"alignnone size-full wp-image-210395\" src=\"https:\/\/bosnapress.net\/wp-content\/uploads\/2019\/07\/Screenshot_2-3.png\" alt=\"\" width=\"845\" height=\"484\" \/><\/p>\n<div class=\"uvod uvod-clanka hidden-xs\">Fotografija \u201cMajka Srebrenice\u201d koju je istaknuti bh. fotograf Almin Zrno zabilje\u017eio 2001. godine u Poto\u010darima izlo\u017eena je na trgu Taksim u Istanbulu.<\/div>\n<div class=\"tekst clanak_magazin\">\u201cMajka Srebrenice\u201d jedna je od njegovih najpoznatijih fotografija koja obi\u0161la cijeli svijet i poslu\u017eila kao inspiracija mnogim doma\u0107im i inostranim umjetnicima. U Istanbulu je izlo\u017eena u dimenziji 12 metara visine.<\/p>\n<div class=\"gallerywrapper vsl\">\n<div class=\"gallerycontainer samoslika utekstu\">\n<div class=\"novagalerija\">\n<div class=\"galreldiv\">\n<div class=\"normalhelper\"><\/div>\n<p><img decoding=\"async\" src=\"https:\/\/static.klix.ba\/media\/images\/vijesti\/190712153.1_mn.jpg?v=3\" alt=\"Foto: Facebook\" \/><\/p>\n<\/div>\n<\/div>\n<p><i class=\"icon_fullscreen\"><\/i><i class=\"icon_x\"><\/i><\/p>\n<\/div>\n<\/div>\n<p>Rije\u010d je o projektu asocijacije IKASD- Istanbul iz Turske koja, u saradnji sa partnerskim organizacijama, fotografiju izla\u017ee kako bi iznova podsjetila svijet na genocid i stradanje Bo\u0161njaka u Bosni i Hercegovini u minulom ratu. CIlj je prenijeti poruku i pouku, naro\u010dito mla\u0111im generacijama, o bezumnom stradanju u nadi da se takav zlo\u010din vi\u0161e nikome, nigdje i nikada ne\u0107e ponoviti.<\/p>\n<p>Fotografija \u201cMajka Srebrenice\u201d prethodno je na ovaj na\u010din bila izlo\u017eena na fasadi Umjetni\u010dke galerije Bosne i Hercegovine 2015. godine.<\/p>\n<\/div>\n<div><\/div>\n<div><em>klix.ba<\/em><\/div>\n<div><\/div>\n<div><\/div>\n<p><\/span><br \/>\nPogledajte vijest na izvornom sajtu:<\/p>\n<p><a href=\"https:\/\/bosnapress.net\/fotografija-majka-srebrenice-almina-zrne-izlozena-u-istanbulu\/\" target=\"_blank\">Fotografija \u201cMajka Srebrenice\u201d Almina Zrne izlo\u017eena u Istanbulu<\/a><\/p>\n","protected":false},"excerpt":{"rendered":"<p>Fotografija \u201cMajka Srebrenice\u201d koju je istaknuti bh. fotograf Almin Zrno zabilje\u017eio 2001. godine u Poto\u010darima izlo\u017eena je na trgu Taksim u Istanbulu. \u201cMajka Srebrenice\u201d jedna je od njegovih najpoznatijih fotografija koja obi\u0161la cijeli svijet i poslu\u017eila kao inspiracija mnogim doma\u0107im i inostranim umjetnicima. U Istanbulu je izlo\u017eena u dimenziji 12 metara visine. Rije\u010d je o [&hellip;]<\/p>\n","protected":false},"author":83,"featured_media":226145,"comment_status":"open","ping_status":"open","sticky":false,"template":"","format":"standard","meta":{"footnotes":""},"categories":[10513],"tags":[10466],"class_list":{"0":"post-226144","1":"post","2":"type-post","3":"status-publish","4":"format-standard","5":"has-post-thumbnail","7":"category-bosna-press","8":"tag-bosna-i-hercegovina"},"yoast_head":"<!-- This site is optimized with the Yoast SEO Premium plugin v23.1 (Yoast SEO v24.9) - https:\/\/yoast.com\/wordpress\/plugins\/seo\/ -->\n<title>Fotografija \u201cMajka Srebrenice\u201d Almina Zrne izlo\u017eena u Istanbulu<\/title>\n<meta name=\"robots\" content=\"index, follow, max-snippet:-1, max-image-preview:large, max-video-preview:-1\" \/>\n<link rel=\"canonical\" href=\"https:\/\/sandzakpress.net\/arhiva\/fotografija-majka-srebrenice-almina-zrne-izlozena-u-istanbulu\/\" \/>\n<meta property=\"og:locale\" content=\"bs_BA\" \/>\n<meta property=\"og:type\" content=\"article\" \/>\n<meta property=\"og:title\" content=\"Fotografija \u201cMajka Srebrenice\u201d Almina Zrne izlo\u017eena u Istanbulu\" \/>\n<meta property=\"og:description\" content=\"Fotografija \u201cMajka Srebrenice\u201d koju je istaknuti bh. fotograf Almin Zrno zabilje\u017eio 2001. godine u Poto\u010darima izlo\u017eena je na trgu Taksim u Istanbulu. \u201cMajka Srebrenice\u201d jedna je od njegovih najpoznatijih fotografija koja obi\u0161la cijeli svijet i poslu\u017eila kao inspiracija mnogim doma\u0107im i inostranim umjetnicima. U Istanbulu je izlo\u017eena u dimenziji 12 metara visine. Rije\u010d je o [&hellip;]\" \/>\n<meta property=\"og:url\" content=\"https:\/\/sandzakpress.net\/arhiva\/fotografija-majka-srebrenice-almina-zrne-izlozena-u-istanbulu\/\" \/>\n<meta property=\"og:site_name\" content=\"Sand\u017eak PRESS\" \/>\n<meta property=\"article:published_time\" content=\"2019-07-13T20:55:35+00:00\" \/>\n<meta property=\"og:image\" content=\"https:\/\/sandzakpress.net\/arhiva\/wp-content\/uploads\/2019\/07\/Screenshot_2-3.png\" \/>\n\t<meta property=\"og:image:width\" content=\"845\" \/>\n\t<meta property=\"og:image:height\" content=\"484\" \/>\n\t<meta property=\"og:image:type\" content=\"image\/png\" \/>\n<meta name=\"author\" content=\"bosniak\" \/>\n<meta name=\"twitter:card\" content=\"summary_large_image\" \/>\n<meta name=\"twitter:label1\" content=\"Written by\" \/>\n\t<meta name=\"twitter:data1\" content=\"bosniak\" \/>\n\t<meta name=\"twitter:label2\" content=\"Est. reading time\" \/>\n\t<meta name=\"twitter:data2\" content=\"1 minuta\" \/>\n<script type=\"application\/ld+json\" class=\"yoast-schema-graph\">{\"@context\":\"https:\/\/schema.org\",\"@graph\":[{\"@type\":\"Article\",\"@id\":\"https:\/\/sandzakpress.net\/arhiva\/fotografija-majka-srebrenice-almina-zrne-izlozena-u-istanbulu\/#article\",\"isPartOf\":{\"@id\":\"https:\/\/sandzakpress.net\/arhiva\/fotografija-majka-srebrenice-almina-zrne-izlozena-u-istanbulu\/\"},\"author\":{\"name\":\"bosniak\",\"@id\":\"https:\/\/sandzakpress.net\/arhiva\/#\/schema\/person\/c8baee722073534b583ea7bdb2e36c02\"},\"headline\":\"Fotografija \u201cMajka Srebrenice\u201d Almina Zrne izlo\u017eena u Istanbulu\",\"datePublished\":\"2019-07-13T20:55:35+00:00\",\"mainEntityOfPage\":{\"@id\":\"https:\/\/sandzakpress.net\/arhiva\/fotografija-majka-srebrenice-almina-zrne-izlozena-u-istanbulu\/\"},\"wordCount\":169,\"commentCount\":0,\"publisher\":{\"@id\":\"https:\/\/sandzakpress.net\/arhiva\/#\/schema\/person\/6e72b67d6e51910a1117b3b483ba20bd\"},\"image\":{\"@id\":\"https:\/\/sandzakpress.net\/arhiva\/fotografija-majka-srebrenice-almina-zrne-izlozena-u-istanbulu\/#primaryimage\"},\"thumbnailUrl\":\"https:\/\/sandzakpress.net\/arhiva\/wp-content\/uploads\/2019\/07\/Screenshot_2-3.png\",\"keywords\":[\"Bosna i Hercegovina\"],\"articleSection\":[\"Bosna PRESS\"],\"inLanguage\":\"bs-BA\",\"potentialAction\":[{\"@type\":\"CommentAction\",\"name\":\"Comment\",\"target\":[\"https:\/\/sandzakpress.net\/arhiva\/fotografija-majka-srebrenice-almina-zrne-izlozena-u-istanbulu\/#respond\"]}]},{\"@type\":\"WebPage\",\"@id\":\"https:\/\/sandzakpress.net\/arhiva\/fotografija-majka-srebrenice-almina-zrne-izlozena-u-istanbulu\/\",\"url\":\"https:\/\/sandzakpress.net\/arhiva\/fotografija-majka-srebrenice-almina-zrne-izlozena-u-istanbulu\/\",\"name\":\"Fotografija \u201cMajka Srebrenice\u201d Almina Zrne izlo\u017eena u Istanbulu\",\"isPartOf\":{\"@id\":\"https:\/\/sandzakpress.net\/arhiva\/#website\"},\"primaryImageOfPage\":{\"@id\":\"https:\/\/sandzakpress.net\/arhiva\/fotografija-majka-srebrenice-almina-zrne-izlozena-u-istanbulu\/#primaryimage\"},\"image\":{\"@id\":\"https:\/\/sandzakpress.net\/arhiva\/fotografija-majka-srebrenice-almina-zrne-izlozena-u-istanbulu\/#primaryimage\"},\"thumbnailUrl\":\"https:\/\/sandzakpress.net\/arhiva\/wp-content\/uploads\/2019\/07\/Screenshot_2-3.png\",\"datePublished\":\"2019-07-13T20:55:35+00:00\",\"breadcrumb\":{\"@id\":\"https:\/\/sandzakpress.net\/arhiva\/fotografija-majka-srebrenice-almina-zrne-izlozena-u-istanbulu\/#breadcrumb\"},\"inLanguage\":\"bs-BA\",\"potentialAction\":[{\"@type\":\"ReadAction\",\"target\":[\"https:\/\/sandzakpress.net\/arhiva\/fotografija-majka-srebrenice-almina-zrne-izlozena-u-istanbulu\/\"]}]},{\"@type\":\"ImageObject\",\"inLanguage\":\"bs-BA\",\"@id\":\"https:\/\/sandzakpress.net\/arhiva\/fotografija-majka-srebrenice-almina-zrne-izlozena-u-istanbulu\/#primaryimage\",\"url\":\"https:\/\/sandzakpress.net\/arhiva\/wp-content\/uploads\/2019\/07\/Screenshot_2-3.png\",\"contentUrl\":\"https:\/\/sandzakpress.net\/arhiva\/wp-content\/uploads\/2019\/07\/Screenshot_2-3.png\",\"width\":845,\"height\":484},{\"@type\":\"BreadcrumbList\",\"@id\":\"https:\/\/sandzakpress.net\/arhiva\/fotografija-majka-srebrenice-almina-zrne-izlozena-u-istanbulu\/#breadcrumb\",\"itemListElement\":[{\"@type\":\"ListItem\",\"position\":1,\"name\":\"Home\",\"item\":\"https:\/\/sandzakpress.net\/arhiva\/\"},{\"@type\":\"ListItem\",\"position\":2,\"name\":\"Fotografija \u201cMajka Srebrenice\u201d Almina Zrne izlo\u017eena u Istanbulu\"}]},{\"@type\":\"WebSite\",\"@id\":\"https:\/\/sandzakpress.net\/arhiva\/#website\",\"url\":\"https:\/\/sandzakpress.net\/arhiva\/\",\"name\":\"Sand\u017eak PRESS\",\"description\":\"Prve elektronske novine u Sand\u017eaku\",\"publisher\":{\"@id\":\"https:\/\/sandzakpress.net\/arhiva\/#\/schema\/person\/6e72b67d6e51910a1117b3b483ba20bd\"},\"potentialAction\":[{\"@type\":\"SearchAction\",\"target\":{\"@type\":\"EntryPoint\",\"urlTemplate\":\"https:\/\/sandzakpress.net\/arhiva\/?s={search_term_string}\"},\"query-input\":{\"@type\":\"PropertyValueSpecification\",\"valueRequired\":true,\"valueName\":\"search_term_string\"}}],\"inLanguage\":\"bs-BA\"},{\"@type\":[\"Person\",\"Organization\"],\"@id\":\"https:\/\/sandzakpress.net\/arhiva\/#\/schema\/person\/6e72b67d6e51910a1117b3b483ba20bd\",\"name\":\"Kul\",\"image\":{\"@type\":\"ImageObject\",\"inLanguage\":\"bs-BA\",\"@id\":\"https:\/\/sandzakpress.net\/arhiva\/#\/schema\/person\/image\/\",\"url\":\"https:\/\/secure.gravatar.com\/avatar\/42263f39aa27ac04c43cab85c280eb2e?s=96&d=mm&r=pg\",\"contentUrl\":\"https:\/\/secure.gravatar.com\/avatar\/42263f39aa27ac04c43cab85c280eb2e?s=96&d=mm&r=pg\",\"caption\":\"Kul\"},\"logo\":{\"@id\":\"https:\/\/sandzakpress.net\/arhiva\/#\/schema\/person\/image\/\"}},{\"@type\":\"Person\",\"@id\":\"https:\/\/sandzakpress.net\/arhiva\/#\/schema\/person\/c8baee722073534b583ea7bdb2e36c02\",\"name\":\"bosniak\",\"image\":{\"@type\":\"ImageObject\",\"inLanguage\":\"bs-BA\",\"@id\":\"https:\/\/sandzakpress.net\/arhiva\/#\/schema\/person\/image\/\",\"url\":\"https:\/\/secure.gravatar.com\/avatar\/a04fd330bfe3a36a72a0ad4a6d89fca7?s=96&d=mm&r=pg\",\"contentUrl\":\"https:\/\/secure.gravatar.com\/avatar\/a04fd330bfe3a36a72a0ad4a6d89fca7?s=96&d=mm&r=pg\",\"caption\":\"bosniak\"},\"url\":\"https:\/\/sandzakpress.net\/arhiva\/author\/bosniak\/\"}]}<\/script>\n<!-- \/ Yoast SEO Premium plugin. -->","yoast_head_json":{"title":"Fotografija \u201cMajka Srebrenice\u201d Almina Zrne izlo\u017eena u Istanbulu","robots":{"index":"index","follow":"follow","max-snippet":"max-snippet:-1","max-image-preview":"max-image-preview:large","max-video-preview":"max-video-preview:-1"},"canonical":"https:\/\/sandzakpress.net\/arhiva\/fotografija-majka-srebrenice-almina-zrne-izlozena-u-istanbulu\/","og_locale":"bs_BA","og_type":"article","og_title":"Fotografija \u201cMajka Srebrenice\u201d Almina Zrne izlo\u017eena u Istanbulu","og_description":"Fotografija \u201cMajka Srebrenice\u201d koju je istaknuti bh. fotograf Almin Zrno zabilje\u017eio 2001. godine u Poto\u010darima izlo\u017eena je na trgu Taksim u Istanbulu. \u201cMajka Srebrenice\u201d jedna je od njegovih najpoznatijih fotografija koja obi\u0161la cijeli svijet i poslu\u017eila kao inspiracija mnogim doma\u0107im i inostranim umjetnicima. U Istanbulu je izlo\u017eena u dimenziji 12 metara visine. Rije\u010d je o [&hellip;]","og_url":"https:\/\/sandzakpress.net\/arhiva\/fotografija-majka-srebrenice-almina-zrne-izlozena-u-istanbulu\/","og_site_name":"Sand\u017eak PRESS","article_published_time":"2019-07-13T20:55:35+00:00","og_image":[{"width":845,"height":484,"url":"https:\/\/sandzakpress.net\/arhiva\/wp-content\/uploads\/2019\/07\/Screenshot_2-3.png","type":"image\/png"}],"author":"bosniak","twitter_card":"summary_large_image","twitter_misc":{"Written by":"bosniak","Est. reading time":"1 minuta"},"schema":{"@context":"https:\/\/schema.org","@graph":[{"@type":"Article","@id":"https:\/\/sandzakpress.net\/arhiva\/fotografija-majka-srebrenice-almina-zrne-izlozena-u-istanbulu\/#article","isPartOf":{"@id":"https:\/\/sandzakpress.net\/arhiva\/fotografija-majka-srebrenice-almina-zrne-izlozena-u-istanbulu\/"},"author":{"name":"bosniak","@id":"https:\/\/sandzakpress.net\/arhiva\/#\/schema\/person\/c8baee722073534b583ea7bdb2e36c02"},"headline":"Fotografija \u201cMajka Srebrenice\u201d Almina Zrne izlo\u017eena u Istanbulu","datePublished":"2019-07-13T20:55:35+00:00","mainEntityOfPage":{"@id":"https:\/\/sandzakpress.net\/arhiva\/fotografija-majka-srebrenice-almina-zrne-izlozena-u-istanbulu\/"},"wordCount":169,"commentCount":0,"publisher":{"@id":"https:\/\/sandzakpress.net\/arhiva\/#\/schema\/person\/6e72b67d6e51910a1117b3b483ba20bd"},"image":{"@id":"https:\/\/sandzakpress.net\/arhiva\/fotografija-majka-srebrenice-almina-zrne-izlozena-u-istanbulu\/#primaryimage"},"thumbnailUrl":"https:\/\/sandzakpress.net\/arhiva\/wp-content\/uploads\/2019\/07\/Screenshot_2-3.png","keywords":["Bosna i Hercegovina"],"articleSection":["Bosna PRESS"],"inLanguage":"bs-BA","potentialAction":[{"@type":"CommentAction","name":"Comment","target":["https:\/\/sandzakpress.net\/arhiva\/fotografija-majka-srebrenice-almina-zrne-izlozena-u-istanbulu\/#respond"]}]},{"@type":"WebPage","@id":"https:\/\/sandzakpress.net\/arhiva\/fotografija-majka-srebrenice-almina-zrne-izlozena-u-istanbulu\/","url":"https:\/\/sandzakpress.net\/arhiva\/fotografija-majka-srebrenice-almina-zrne-izlozena-u-istanbulu\/","name":"Fotografija \u201cMajka Srebrenice\u201d Almina Zrne izlo\u017eena u Istanbulu","isPartOf":{"@id":"https:\/\/sandzakpress.net\/arhiva\/#website"},"primaryImageOfPage":{"@id":"https:\/\/sandzakpress.net\/arhiva\/fotografija-majka-srebrenice-almina-zrne-izlozena-u-istanbulu\/#primaryimage"},"image":{"@id":"https:\/\/sandzakpress.net\/arhiva\/fotografija-majka-srebrenice-almina-zrne-izlozena-u-istanbulu\/#primaryimage"},"thumbnailUrl":"https:\/\/sandzakpress.net\/arhiva\/wp-content\/uploads\/2019\/07\/Screenshot_2-3.png","datePublished":"2019-07-13T20:55:35+00:00","breadcrumb":{"@id":"https:\/\/sandzakpress.net\/arhiva\/fotografija-majka-srebrenice-almina-zrne-izlozena-u-istanbulu\/#breadcrumb"},"inLanguage":"bs-BA","potentialAction":[{"@type":"ReadAction","target":["https:\/\/sandzakpress.net\/arhiva\/fotografija-majka-srebrenice-almina-zrne-izlozena-u-istanbulu\/"]}]},{"@type":"ImageObject","inLanguage":"bs-BA","@id":"https:\/\/sandzakpress.net\/arhiva\/fotografija-majka-srebrenice-almina-zrne-izlozena-u-istanbulu\/#primaryimage","url":"https:\/\/sandzakpress.net\/arhiva\/wp-content\/uploads\/2019\/07\/Screenshot_2-3.png","contentUrl":"https:\/\/sandzakpress.net\/arhiva\/wp-content\/uploads\/2019\/07\/Screenshot_2-3.png","width":845,"height":484},{"@type":"BreadcrumbList","@id":"https:\/\/sandzakpress.net\/arhiva\/fotografija-majka-srebrenice-almina-zrne-izlozena-u-istanbulu\/#breadcrumb","itemListElement":[{"@type":"ListItem","position":1,"name":"Home","item":"https:\/\/sandzakpress.net\/arhiva\/"},{"@type":"ListItem","position":2,"name":"Fotografija \u201cMajka Srebrenice\u201d Almina Zrne izlo\u017eena u Istanbulu"}]},{"@type":"WebSite","@id":"https:\/\/sandzakpress.net\/arhiva\/#website","url":"https:\/\/sandzakpress.net\/arhiva\/","name":"Sand\u017eak PRESS","description":"Prve elektronske novine u Sand\u017eaku","publisher":{"@id":"https:\/\/sandzakpress.net\/arhiva\/#\/schema\/person\/6e72b67d6e51910a1117b3b483ba20bd"},"potentialAction":[{"@type":"SearchAction","target":{"@type":"EntryPoint","urlTemplate":"https:\/\/sandzakpress.net\/arhiva\/?s={search_term_string}"},"query-input":{"@type":"PropertyValueSpecification","valueRequired":true,"valueName":"search_term_string"}}],"inLanguage":"bs-BA"},{"@type":["Person","Organization"],"@id":"https:\/\/sandzakpress.net\/arhiva\/#\/schema\/person\/6e72b67d6e51910a1117b3b483ba20bd","name":"Kul","image":{"@type":"ImageObject","inLanguage":"bs-BA","@id":"https:\/\/sandzakpress.net\/arhiva\/#\/schema\/person\/image\/","url":"https:\/\/secure.gravatar.com\/avatar\/42263f39aa27ac04c43cab85c280eb2e?s=96&d=mm&r=pg","contentUrl":"https:\/\/secure.gravatar.com\/avatar\/42263f39aa27ac04c43cab85c280eb2e?s=96&d=mm&r=pg","caption":"Kul"},"logo":{"@id":"https:\/\/sandzakpress.net\/arhiva\/#\/schema\/person\/image\/"}},{"@type":"Person","@id":"https:\/\/sandzakpress.net\/arhiva\/#\/schema\/person\/c8baee722073534b583ea7bdb2e36c02","name":"bosniak","image":{"@type":"ImageObject","inLanguage":"bs-BA","@id":"https:\/\/sandzakpress.net\/arhiva\/#\/schema\/person\/image\/","url":"https:\/\/secure.gravatar.com\/avatar\/a04fd330bfe3a36a72a0ad4a6d89fca7?s=96&d=mm&r=pg","contentUrl":"https:\/\/secure.gravatar.com\/avatar\/a04fd330bfe3a36a72a0ad4a6d89fca7?s=96&d=mm&r=pg","caption":"bosniak"},"url":"https:\/\/sandzakpress.net\/arhiva\/author\/bosniak\/"}]}},"_links":{"self":[{"href":"https:\/\/sandzakpress.net\/arhiva\/wp-json\/wp\/v2\/posts\/226144"}],"collection":[{"href":"https:\/\/sandzakpress.net\/arhiva\/wp-json\/wp\/v2\/posts"}],"about":[{"href":"https:\/\/sandzakpress.net\/arhiva\/wp-json\/wp\/v2\/types\/post"}],"author":[{"embeddable":true,"href":"https:\/\/sandzakpress.net\/arhiva\/wp-json\/wp\/v2\/users\/83"}],"replies":[{"embeddable":true,"href":"https:\/\/sandzakpress.net\/arhiva\/wp-json\/wp\/v2\/comments?post=226144"}],"version-history":[{"count":0,"href":"https:\/\/sandzakpress.net\/arhiva\/wp-json\/wp\/v2\/posts\/226144\/revisions"}],"wp:featuredmedia":[{"embeddable":true,"href":"https:\/\/sandzakpress.net\/arhiva\/wp-json\/wp\/v2\/media\/226145"}],"wp:attachment":[{"href":"https:\/\/sandzakpress.net\/arhiva\/wp-json\/wp\/v2\/media?parent=226144"}],"wp:term":[{"taxonomy":"category","embeddable":true,"href":"https:\/\/sandzakpress.net\/arhiva\/wp-json\/wp\/v2\/categories?post=226144"},{"taxonomy":"post_tag","embeddable":true,"href":"https:\/\/sandzakpress.net\/arhiva\/wp-json\/wp\/v2\/tags?post=226144"}],"curies":[{"name":"wp","href":"https:\/\/api.w.org\/{rel}","templated":true}]}}