{"id":226112,"date":"2019-07-13T13:13:11","date_gmt":"2019-07-13T11:13:11","guid":{"rendered":"https:\/\/sandzakpress.net\/arhiva\/?p=226112"},"modified":"2019-07-13T13:13:11","modified_gmt":"2019-07-13T11:13:11","slug":"na-internacionalnom-univerzitetu-predstavljen-projekat-podrske-eu-razvoju-poslovnih-inkubatora","status":"publish","type":"post","link":"https:\/\/sandzakpress.net\/arhiva\/na-internacionalnom-univerzitetu-predstavljen-projekat-podrske-eu-razvoju-poslovnih-inkubatora\/","title":{"rendered":"Na Internacionalnom univerzitetu predstavljen projekat podr\u0161ke EU razvoju poslovnih inkubatora"},"content":{"rendered":"<p><img loading=\"lazy\" decoding=\"async\" class=\"size-full wp-image-226134 aligncenter\" src=\"https:\/\/sandzakpress.net\/arhiva\/wp-content\/uploads\/2019\/07\/Hvataj-9.jpg\" alt=\"\" width=\"1262\" height=\"705\" srcset=\"https:\/\/sandzakpress.net\/arhiva\/wp-content\/uploads\/2019\/07\/Hvataj-9.jpg 1262w, https:\/\/sandzakpress.net\/arhiva\/wp-content\/uploads\/2019\/07\/Hvataj-9-768x429.jpg 768w, https:\/\/sandzakpress.net\/arhiva\/wp-content\/uploads\/2019\/07\/Hvataj-9-616x344.jpg 616w\" sizes=\"(max-width: 1262px) 100vw, 1262px\" \/><\/p>\n<p>U saradnji sa Ministarstvom privrede pokrenut je i projekat EUBID \u201cPodr\u0161ka Evropske unije razvoju poslovnih inkubatora\u201d, \u010dija je osnovna svrha da u naredne dvije godine doprinese razvoju kapaciteta poslovnih inkubatora kako bi mogli da pru\u017ee \u0161to bolje usluge po\u010detnicima u poslovanju. Tim stru\u010dnjaka EUBID projekta je ve\u0107 po\u010deo posjete inicijativama poslovne inkubacije \u0161irom Srbije a jedna od tih posjeta bila je i na Internacionalnom univerzitetu u Novom Pazaru, sa idejom da se napravi presjek stanja i procena u kojoj se fazi razvoja nalazi svaki inkubator, kao i da se identifikuju najzna\u010dajnije potrebe samih inkubatora.<\/p>\n<p>\u201cOvaj projekat ima dve komponente, jedna se odnosi na inkubatore odnosno inicijativu koje podr\u017eavaju razvoj visoko tehnolo\u0161kih kompanija i druga je ona koja se odnosi na razvoj kompanija koje rade na programu zapo\u0161ljavanja. Ovaj projekat je prepoznao da u Novom Pazaru postoje potencijali ali i potrebe da pomogne ovakav centar kakav postoji na univerzitetu i zato su danas predstavnici i eksperti EUBID projekta ovde\u201d, isti\u010de ekspert EUBID projekta, mr. Milo\u0161 Kova\u010devi\u0107.<\/p>\n<div class=\"youtube-embed\" data-video_id=\"eyABOr03HL4\"><iframe loading=\"lazy\" title=\"Projekat EUBID na IUNP\" width=\"696\" height=\"392\" src=\"https:\/\/www.youtube.com\/embed\/eyABOr03HL4?start=24&#038;feature=oembed\" frameborder=\"0\" allow=\"accelerometer; autoplay; encrypted-media; gyroscope; picture-in-picture\" allowfullscreen><\/iframe><\/div>\n<p>Od velikog zna\u010daja je posjeta EUBID projekta Internacionalnom univerzitetu jer su na taj na\u010din uvideli kakvo mi teorijsko ali i prakti\u010dno znanje pru\u017eamo studentima, istakao je \u0160emsudin Plojovi\u0107 rukovodilac Departmana za ra\u010dunarske nauke Internacionalnog univerziteta u Novom Pazaru.<\/p>\n<p>\u201cTaj deo inkubacije biznisa su prepoznali iz EUBID projekta i danas su tu da vide \u0161ta mi to radimo sa na\u0161im studentima i \u0161ta im poma\u017ee da oni budu spremni za tr\u017ei\u0161te rada, da pokrenu svoje preduze\u0107e i da budu spremni radnici za neko preduze\u0107e. Ujedno, i da vide \u0161ta je nama potrebno i \u0161ta bi mi u budu\u0107nosti trebali da unapredimo u radu sa studentima. Drago mi je \u0161to smo mi kao institucija i kao organizacija prepoznati i \u0161to \u0107emo i mi pove\u0107ati na\u0161e interne kapacitete i ubudu\u0107e pru\u017eimo podr\u0161ku koji kre\u0107u sa svojim projektima\u201d, dodaje Rukovodilac Departmana za ra\u010dunarske nauke IUNP-a, prof.dr. \u0160emsudin Plojovi\u0107.<\/p>\n<p>Svrha projekta je da pomogne inkubatorima da unaprede usluge koje pru\u017eaju stanarima, kako bi proces njihovog \u201codrastanja\u201d i razvoja u\u010dinili \u0161to lak\u0161im i uspje\u0161nijim. U EU postoji vi\u0161e od 900 razli\u010ditih modela, a njihovo postojanje mo\u017ee unaprijediti preduzetni\u0161tvo u zemlji u tranziciji koja je pogodna za Srbiju.<\/p>\n<p>SANA<\/p>\n","protected":false},"excerpt":{"rendered":"<p>U saradnji sa Ministarstvom privrede pokrenut je i projekat EUBID \u201cPodr\u0161ka Evropske unije razvoju poslovnih inkubatora\u201d, \u010dija je osnovna svrha da u naredne dvije godine doprinese razvoju kapaciteta poslovnih inkubatora kako bi mogli da pru\u017ee \u0161to bolje usluge po\u010detnicima u poslovanju. Tim stru\u010dnjaka EUBID projekta je ve\u0107 po\u010deo posjete inicijativama poslovne inkubacije \u0161irom Srbije a [&hellip;]<\/p>\n","protected":false},"author":509,"featured_media":226134,"comment_status":"open","ping_status":"open","sticky":false,"template":"","format":"standard","meta":{"footnotes":""},"categories":[72,4,8957],"tags":[],"class_list":{"0":"post-226112","1":"post","2":"type-post","3":"status-publish","4":"format-standard","5":"has-post-thumbnail","7":"category-novi-pazar","8":"category-obrazovanje","9":"category-vijesti-dana"},"yoast_head":"<!-- This site is optimized with the Yoast SEO Premium plugin v23.1 (Yoast SEO v24.9) - https:\/\/yoast.com\/wordpress\/plugins\/seo\/ -->\n<title>Na Internacionalnom univerzitetu predstavljen projekat podr\u0161ke EU razvoju poslovnih inkubatora<\/title>\n<meta name=\"robots\" content=\"index, follow, max-snippet:-1, max-image-preview:large, max-video-preview:-1\" \/>\n<link rel=\"canonical\" href=\"https:\/\/sandzakpress.net\/arhiva\/na-internacionalnom-univerzitetu-predstavljen-projekat-podrske-eu-razvoju-poslovnih-inkubatora\/\" \/>\n<meta property=\"og:locale\" content=\"bs_BA\" \/>\n<meta property=\"og:type\" content=\"article\" \/>\n<meta property=\"og:title\" content=\"Na Internacionalnom univerzitetu predstavljen projekat podr\u0161ke EU razvoju poslovnih inkubatora\" \/>\n<meta property=\"og:description\" content=\"U saradnji sa Ministarstvom privrede pokrenut je i projekat EUBID \u201cPodr\u0161ka Evropske unije razvoju poslovnih inkubatora\u201d, \u010dija je osnovna svrha da u naredne dvije godine doprinese razvoju kapaciteta poslovnih inkubatora kako bi mogli da pru\u017ee \u0161to bolje usluge po\u010detnicima u poslovanju. Tim stru\u010dnjaka EUBID projekta je ve\u0107 po\u010deo posjete inicijativama poslovne inkubacije \u0161irom Srbije a [&hellip;]\" \/>\n<meta property=\"og:url\" content=\"https:\/\/sandzakpress.net\/arhiva\/na-internacionalnom-univerzitetu-predstavljen-projekat-podrske-eu-razvoju-poslovnih-inkubatora\/\" \/>\n<meta property=\"og:site_name\" content=\"Sand\u017eak PRESS\" \/>\n<meta property=\"article:published_time\" content=\"2019-07-13T11:13:11+00:00\" \/>\n<meta property=\"og:image\" content=\"https:\/\/sandzakpress.net\/arhiva\/wp-content\/uploads\/2019\/07\/Hvataj-9.jpg\" \/>\n\t<meta property=\"og:image:width\" content=\"1262\" \/>\n\t<meta property=\"og:image:height\" content=\"705\" \/>\n\t<meta property=\"og:image:type\" content=\"image\/jpeg\" \/>\n<meta name=\"author\" content=\"Agencija\" \/>\n<meta name=\"twitter:card\" content=\"summary_large_image\" \/>\n<meta name=\"twitter:label1\" content=\"Written by\" \/>\n\t<meta name=\"twitter:data1\" content=\"Agencija\" \/>\n\t<meta name=\"twitter:label2\" content=\"Est. reading time\" \/>\n\t<meta name=\"twitter:data2\" content=\"2 minute\" \/>\n<script type=\"application\/ld+json\" class=\"yoast-schema-graph\">{\"@context\":\"https:\/\/schema.org\",\"@graph\":[{\"@type\":\"Article\",\"@id\":\"https:\/\/sandzakpress.net\/arhiva\/na-internacionalnom-univerzitetu-predstavljen-projekat-podrske-eu-razvoju-poslovnih-inkubatora\/#article\",\"isPartOf\":{\"@id\":\"https:\/\/sandzakpress.net\/arhiva\/na-internacionalnom-univerzitetu-predstavljen-projekat-podrske-eu-razvoju-poslovnih-inkubatora\/\"},\"author\":{\"name\":\"Agencija\",\"@id\":\"https:\/\/sandzakpress.net\/arhiva\/#\/schema\/person\/cb59d7e3ab91ab90dd680ad0305a6185\"},\"headline\":\"Na Internacionalnom univerzitetu predstavljen projekat podr\u0161ke EU razvoju poslovnih inkubatora\",\"datePublished\":\"2019-07-13T11:13:11+00:00\",\"mainEntityOfPage\":{\"@id\":\"https:\/\/sandzakpress.net\/arhiva\/na-internacionalnom-univerzitetu-predstavljen-projekat-podrske-eu-razvoju-poslovnih-inkubatora\/\"},\"wordCount\":417,\"commentCount\":0,\"publisher\":{\"@id\":\"https:\/\/sandzakpress.net\/arhiva\/#\/schema\/person\/6e72b67d6e51910a1117b3b483ba20bd\"},\"image\":{\"@id\":\"https:\/\/sandzakpress.net\/arhiva\/na-internacionalnom-univerzitetu-predstavljen-projekat-podrske-eu-razvoju-poslovnih-inkubatora\/#primaryimage\"},\"thumbnailUrl\":\"https:\/\/sandzakpress.net\/arhiva\/wp-content\/uploads\/2019\/07\/Hvataj-9.jpg\",\"articleSection\":[\"Novi Pazar\",\"Obrazovanje\",\"VIJESTI DANA\"],\"inLanguage\":\"bs-BA\",\"potentialAction\":[{\"@type\":\"CommentAction\",\"name\":\"Comment\",\"target\":[\"https:\/\/sandzakpress.net\/arhiva\/na-internacionalnom-univerzitetu-predstavljen-projekat-podrske-eu-razvoju-poslovnih-inkubatora\/#respond\"]}]},{\"@type\":\"WebPage\",\"@id\":\"https:\/\/sandzakpress.net\/arhiva\/na-internacionalnom-univerzitetu-predstavljen-projekat-podrske-eu-razvoju-poslovnih-inkubatora\/\",\"url\":\"https:\/\/sandzakpress.net\/arhiva\/na-internacionalnom-univerzitetu-predstavljen-projekat-podrske-eu-razvoju-poslovnih-inkubatora\/\",\"name\":\"Na Internacionalnom univerzitetu predstavljen projekat podr\u0161ke EU razvoju poslovnih inkubatora\",\"isPartOf\":{\"@id\":\"https:\/\/sandzakpress.net\/arhiva\/#website\"},\"primaryImageOfPage\":{\"@id\":\"https:\/\/sandzakpress.net\/arhiva\/na-internacionalnom-univerzitetu-predstavljen-projekat-podrske-eu-razvoju-poslovnih-inkubatora\/#primaryimage\"},\"image\":{\"@id\":\"https:\/\/sandzakpress.net\/arhiva\/na-internacionalnom-univerzitetu-predstavljen-projekat-podrske-eu-razvoju-poslovnih-inkubatora\/#primaryimage\"},\"thumbnailUrl\":\"https:\/\/sandzakpress.net\/arhiva\/wp-content\/uploads\/2019\/07\/Hvataj-9.jpg\",\"datePublished\":\"2019-07-13T11:13:11+00:00\",\"breadcrumb\":{\"@id\":\"https:\/\/sandzakpress.net\/arhiva\/na-internacionalnom-univerzitetu-predstavljen-projekat-podrske-eu-razvoju-poslovnih-inkubatora\/#breadcrumb\"},\"inLanguage\":\"bs-BA\",\"potentialAction\":[{\"@type\":\"ReadAction\",\"target\":[\"https:\/\/sandzakpress.net\/arhiva\/na-internacionalnom-univerzitetu-predstavljen-projekat-podrske-eu-razvoju-poslovnih-inkubatora\/\"]}]},{\"@type\":\"ImageObject\",\"inLanguage\":\"bs-BA\",\"@id\":\"https:\/\/sandzakpress.net\/arhiva\/na-internacionalnom-univerzitetu-predstavljen-projekat-podrske-eu-razvoju-poslovnih-inkubatora\/#primaryimage\",\"url\":\"https:\/\/sandzakpress.net\/arhiva\/wp-content\/uploads\/2019\/07\/Hvataj-9.jpg\",\"contentUrl\":\"https:\/\/sandzakpress.net\/arhiva\/wp-content\/uploads\/2019\/07\/Hvataj-9.jpg\",\"width\":1262,\"height\":705},{\"@type\":\"BreadcrumbList\",\"@id\":\"https:\/\/sandzakpress.net\/arhiva\/na-internacionalnom-univerzitetu-predstavljen-projekat-podrske-eu-razvoju-poslovnih-inkubatora\/#breadcrumb\",\"itemListElement\":[{\"@type\":\"ListItem\",\"position\":1,\"name\":\"Home\",\"item\":\"https:\/\/sandzakpress.net\/arhiva\/\"},{\"@type\":\"ListItem\",\"position\":2,\"name\":\"Na Internacionalnom univerzitetu predstavljen projekat podr\u0161ke EU razvoju poslovnih inkubatora\"}]},{\"@type\":\"WebSite\",\"@id\":\"https:\/\/sandzakpress.net\/arhiva\/#website\",\"url\":\"https:\/\/sandzakpress.net\/arhiva\/\",\"name\":\"Sand\u017eak PRESS\",\"description\":\"Prve elektronske novine u Sand\u017eaku\",\"publisher\":{\"@id\":\"https:\/\/sandzakpress.net\/arhiva\/#\/schema\/person\/6e72b67d6e51910a1117b3b483ba20bd\"},\"potentialAction\":[{\"@type\":\"SearchAction\",\"target\":{\"@type\":\"EntryPoint\",\"urlTemplate\":\"https:\/\/sandzakpress.net\/arhiva\/?s={search_term_string}\"},\"query-input\":{\"@type\":\"PropertyValueSpecification\",\"valueRequired\":true,\"valueName\":\"search_term_string\"}}],\"inLanguage\":\"bs-BA\"},{\"@type\":[\"Person\",\"Organization\"],\"@id\":\"https:\/\/sandzakpress.net\/arhiva\/#\/schema\/person\/6e72b67d6e51910a1117b3b483ba20bd\",\"name\":\"Kul\",\"image\":{\"@type\":\"ImageObject\",\"inLanguage\":\"bs-BA\",\"@id\":\"https:\/\/sandzakpress.net\/arhiva\/#\/schema\/person\/image\/\",\"url\":\"https:\/\/secure.gravatar.com\/avatar\/42263f39aa27ac04c43cab85c280eb2e?s=96&d=mm&r=pg\",\"contentUrl\":\"https:\/\/secure.gravatar.com\/avatar\/42263f39aa27ac04c43cab85c280eb2e?s=96&d=mm&r=pg\",\"caption\":\"Kul\"},\"logo\":{\"@id\":\"https:\/\/sandzakpress.net\/arhiva\/#\/schema\/person\/image\/\"}},{\"@type\":\"Person\",\"@id\":\"https:\/\/sandzakpress.net\/arhiva\/#\/schema\/person\/cb59d7e3ab91ab90dd680ad0305a6185\",\"name\":\"Agencija\",\"image\":{\"@type\":\"ImageObject\",\"inLanguage\":\"bs-BA\",\"@id\":\"https:\/\/sandzakpress.net\/arhiva\/#\/schema\/person\/image\/\",\"url\":\"https:\/\/secure.gravatar.com\/avatar\/4b7fafa80a22f0c2afe23966b3961fe0?s=96&d=mm&r=pg\",\"contentUrl\":\"https:\/\/secure.gravatar.com\/avatar\/4b7fafa80a22f0c2afe23966b3961fe0?s=96&d=mm&r=pg\",\"caption\":\"Agencija\"},\"url\":\"https:\/\/sandzakpress.net\/arhiva\/author\/agencija\/\"}]}<\/script>\n<!-- \/ Yoast SEO Premium plugin. -->","yoast_head_json":{"title":"Na Internacionalnom univerzitetu predstavljen projekat podr\u0161ke EU razvoju poslovnih inkubatora","robots":{"index":"index","follow":"follow","max-snippet":"max-snippet:-1","max-image-preview":"max-image-preview:large","max-video-preview":"max-video-preview:-1"},"canonical":"https:\/\/sandzakpress.net\/arhiva\/na-internacionalnom-univerzitetu-predstavljen-projekat-podrske-eu-razvoju-poslovnih-inkubatora\/","og_locale":"bs_BA","og_type":"article","og_title":"Na Internacionalnom univerzitetu predstavljen projekat podr\u0161ke EU razvoju poslovnih inkubatora","og_description":"U saradnji sa Ministarstvom privrede pokrenut je i projekat EUBID \u201cPodr\u0161ka Evropske unije razvoju poslovnih inkubatora\u201d, \u010dija je osnovna svrha da u naredne dvije godine doprinese razvoju kapaciteta poslovnih inkubatora kako bi mogli da pru\u017ee \u0161to bolje usluge po\u010detnicima u poslovanju. Tim stru\u010dnjaka EUBID projekta je ve\u0107 po\u010deo posjete inicijativama poslovne inkubacije \u0161irom Srbije a [&hellip;]","og_url":"https:\/\/sandzakpress.net\/arhiva\/na-internacionalnom-univerzitetu-predstavljen-projekat-podrske-eu-razvoju-poslovnih-inkubatora\/","og_site_name":"Sand\u017eak PRESS","article_published_time":"2019-07-13T11:13:11+00:00","og_image":[{"width":1262,"height":705,"url":"https:\/\/sandzakpress.net\/arhiva\/wp-content\/uploads\/2019\/07\/Hvataj-9.jpg","type":"image\/jpeg"}],"author":"Agencija","twitter_card":"summary_large_image","twitter_misc":{"Written by":"Agencija","Est. reading time":"2 minute"},"schema":{"@context":"https:\/\/schema.org","@graph":[{"@type":"Article","@id":"https:\/\/sandzakpress.net\/arhiva\/na-internacionalnom-univerzitetu-predstavljen-projekat-podrske-eu-razvoju-poslovnih-inkubatora\/#article","isPartOf":{"@id":"https:\/\/sandzakpress.net\/arhiva\/na-internacionalnom-univerzitetu-predstavljen-projekat-podrske-eu-razvoju-poslovnih-inkubatora\/"},"author":{"name":"Agencija","@id":"https:\/\/sandzakpress.net\/arhiva\/#\/schema\/person\/cb59d7e3ab91ab90dd680ad0305a6185"},"headline":"Na Internacionalnom univerzitetu predstavljen projekat podr\u0161ke EU razvoju poslovnih inkubatora","datePublished":"2019-07-13T11:13:11+00:00","mainEntityOfPage":{"@id":"https:\/\/sandzakpress.net\/arhiva\/na-internacionalnom-univerzitetu-predstavljen-projekat-podrske-eu-razvoju-poslovnih-inkubatora\/"},"wordCount":417,"commentCount":0,"publisher":{"@id":"https:\/\/sandzakpress.net\/arhiva\/#\/schema\/person\/6e72b67d6e51910a1117b3b483ba20bd"},"image":{"@id":"https:\/\/sandzakpress.net\/arhiva\/na-internacionalnom-univerzitetu-predstavljen-projekat-podrske-eu-razvoju-poslovnih-inkubatora\/#primaryimage"},"thumbnailUrl":"https:\/\/sandzakpress.net\/arhiva\/wp-content\/uploads\/2019\/07\/Hvataj-9.jpg","articleSection":["Novi Pazar","Obrazovanje","VIJESTI DANA"],"inLanguage":"bs-BA","potentialAction":[{"@type":"CommentAction","name":"Comment","target":["https:\/\/sandzakpress.net\/arhiva\/na-internacionalnom-univerzitetu-predstavljen-projekat-podrske-eu-razvoju-poslovnih-inkubatora\/#respond"]}]},{"@type":"WebPage","@id":"https:\/\/sandzakpress.net\/arhiva\/na-internacionalnom-univerzitetu-predstavljen-projekat-podrske-eu-razvoju-poslovnih-inkubatora\/","url":"https:\/\/sandzakpress.net\/arhiva\/na-internacionalnom-univerzitetu-predstavljen-projekat-podrske-eu-razvoju-poslovnih-inkubatora\/","name":"Na Internacionalnom univerzitetu predstavljen projekat podr\u0161ke EU razvoju poslovnih inkubatora","isPartOf":{"@id":"https:\/\/sandzakpress.net\/arhiva\/#website"},"primaryImageOfPage":{"@id":"https:\/\/sandzakpress.net\/arhiva\/na-internacionalnom-univerzitetu-predstavljen-projekat-podrske-eu-razvoju-poslovnih-inkubatora\/#primaryimage"},"image":{"@id":"https:\/\/sandzakpress.net\/arhiva\/na-internacionalnom-univerzitetu-predstavljen-projekat-podrske-eu-razvoju-poslovnih-inkubatora\/#primaryimage"},"thumbnailUrl":"https:\/\/sandzakpress.net\/arhiva\/wp-content\/uploads\/2019\/07\/Hvataj-9.jpg","datePublished":"2019-07-13T11:13:11+00:00","breadcrumb":{"@id":"https:\/\/sandzakpress.net\/arhiva\/na-internacionalnom-univerzitetu-predstavljen-projekat-podrske-eu-razvoju-poslovnih-inkubatora\/#breadcrumb"},"inLanguage":"bs-BA","potentialAction":[{"@type":"ReadAction","target":["https:\/\/sandzakpress.net\/arhiva\/na-internacionalnom-univerzitetu-predstavljen-projekat-podrske-eu-razvoju-poslovnih-inkubatora\/"]}]},{"@type":"ImageObject","inLanguage":"bs-BA","@id":"https:\/\/sandzakpress.net\/arhiva\/na-internacionalnom-univerzitetu-predstavljen-projekat-podrske-eu-razvoju-poslovnih-inkubatora\/#primaryimage","url":"https:\/\/sandzakpress.net\/arhiva\/wp-content\/uploads\/2019\/07\/Hvataj-9.jpg","contentUrl":"https:\/\/sandzakpress.net\/arhiva\/wp-content\/uploads\/2019\/07\/Hvataj-9.jpg","width":1262,"height":705},{"@type":"BreadcrumbList","@id":"https:\/\/sandzakpress.net\/arhiva\/na-internacionalnom-univerzitetu-predstavljen-projekat-podrske-eu-razvoju-poslovnih-inkubatora\/#breadcrumb","itemListElement":[{"@type":"ListItem","position":1,"name":"Home","item":"https:\/\/sandzakpress.net\/arhiva\/"},{"@type":"ListItem","position":2,"name":"Na Internacionalnom univerzitetu predstavljen projekat podr\u0161ke EU razvoju poslovnih inkubatora"}]},{"@type":"WebSite","@id":"https:\/\/sandzakpress.net\/arhiva\/#website","url":"https:\/\/sandzakpress.net\/arhiva\/","name":"Sand\u017eak PRESS","description":"Prve elektronske novine u Sand\u017eaku","publisher":{"@id":"https:\/\/sandzakpress.net\/arhiva\/#\/schema\/person\/6e72b67d6e51910a1117b3b483ba20bd"},"potentialAction":[{"@type":"SearchAction","target":{"@type":"EntryPoint","urlTemplate":"https:\/\/sandzakpress.net\/arhiva\/?s={search_term_string}"},"query-input":{"@type":"PropertyValueSpecification","valueRequired":true,"valueName":"search_term_string"}}],"inLanguage":"bs-BA"},{"@type":["Person","Organization"],"@id":"https:\/\/sandzakpress.net\/arhiva\/#\/schema\/person\/6e72b67d6e51910a1117b3b483ba20bd","name":"Kul","image":{"@type":"ImageObject","inLanguage":"bs-BA","@id":"https:\/\/sandzakpress.net\/arhiva\/#\/schema\/person\/image\/","url":"https:\/\/secure.gravatar.com\/avatar\/42263f39aa27ac04c43cab85c280eb2e?s=96&d=mm&r=pg","contentUrl":"https:\/\/secure.gravatar.com\/avatar\/42263f39aa27ac04c43cab85c280eb2e?s=96&d=mm&r=pg","caption":"Kul"},"logo":{"@id":"https:\/\/sandzakpress.net\/arhiva\/#\/schema\/person\/image\/"}},{"@type":"Person","@id":"https:\/\/sandzakpress.net\/arhiva\/#\/schema\/person\/cb59d7e3ab91ab90dd680ad0305a6185","name":"Agencija","image":{"@type":"ImageObject","inLanguage":"bs-BA","@id":"https:\/\/sandzakpress.net\/arhiva\/#\/schema\/person\/image\/","url":"https:\/\/secure.gravatar.com\/avatar\/4b7fafa80a22f0c2afe23966b3961fe0?s=96&d=mm&r=pg","contentUrl":"https:\/\/secure.gravatar.com\/avatar\/4b7fafa80a22f0c2afe23966b3961fe0?s=96&d=mm&r=pg","caption":"Agencija"},"url":"https:\/\/sandzakpress.net\/arhiva\/author\/agencija\/"}]}},"_links":{"self":[{"href":"https:\/\/sandzakpress.net\/arhiva\/wp-json\/wp\/v2\/posts\/226112"}],"collection":[{"href":"https:\/\/sandzakpress.net\/arhiva\/wp-json\/wp\/v2\/posts"}],"about":[{"href":"https:\/\/sandzakpress.net\/arhiva\/wp-json\/wp\/v2\/types\/post"}],"author":[{"embeddable":true,"href":"https:\/\/sandzakpress.net\/arhiva\/wp-json\/wp\/v2\/users\/509"}],"replies":[{"embeddable":true,"href":"https:\/\/sandzakpress.net\/arhiva\/wp-json\/wp\/v2\/comments?post=226112"}],"version-history":[{"count":0,"href":"https:\/\/sandzakpress.net\/arhiva\/wp-json\/wp\/v2\/posts\/226112\/revisions"}],"wp:featuredmedia":[{"embeddable":true,"href":"https:\/\/sandzakpress.net\/arhiva\/wp-json\/wp\/v2\/media\/226134"}],"wp:attachment":[{"href":"https:\/\/sandzakpress.net\/arhiva\/wp-json\/wp\/v2\/media?parent=226112"}],"wp:term":[{"taxonomy":"category","embeddable":true,"href":"https:\/\/sandzakpress.net\/arhiva\/wp-json\/wp\/v2\/categories?post=226112"},{"taxonomy":"post_tag","embeddable":true,"href":"https:\/\/sandzakpress.net\/arhiva\/wp-json\/wp\/v2\/tags?post=226112"}],"curies":[{"name":"wp","href":"https:\/\/api.w.org\/{rel}","templated":true}]}}