{"id":226090,"date":"2019-07-12T15:37:53","date_gmt":"2019-07-12T13:37:53","guid":{"rendered":"https:\/\/sandzakpress.net\/arhiva\/?p=226090"},"modified":"2019-07-12T15:37:53","modified_gmt":"2019-07-12T13:37:53","slug":"tehnicka-skola-u-prijepolju-tokom-ljeta-planira-sredjivanje-i-asfaltiranje-dvorista","status":"publish","type":"post","link":"https:\/\/sandzakpress.net\/arhiva\/tehnicka-skola-u-prijepolju-tokom-ljeta-planira-sredjivanje-i-asfaltiranje-dvorista\/","title":{"rendered":"Tehni\u010dka \u0161kola u Prijepolju tokom ljeta planira sre\u0111ivanje i asfaltiranje dvori\u0161ta"},"content":{"rendered":"<p><strong><img decoding=\"async\" src=\"http:\/\/foruminfo.rs\/wp-content\/uploads\/2019\/07\/skola-2-681x383.jpg\" \/><\/strong><\/p>\n<p><strong>Najobimniji radovi tokom leta o\u010dekuju najve\u0107u srednju stru\u010dnu \u0161kolu u Prijepolju, Tehni\u010dku \u0161kolu, koja je u prethodnih nekoliko godina u znatnoj meri unapredila svoju infrastrukturu. Osim redovnog odr\u017eavanja \u0161kole, kre\u010denja i sre\u0111ivanja podova tokom leta u planu su i radovi van \u0161kole.<\/strong><\/p>\n<p>U ovom periodu treba da odradimo asfaltiranje \u0161kolskog dvori\u0161ta, da ga dovedemo u jedan red koji mi \u017eelimo. Sredstva su odobrena bud\u017eetom op\u0161tine Prijepolje, tako da u ovom periodu radimo projekat i raspisujemo tender za izvo\u0111enje radova po pitanju \u0161kolskog dvori\u0161ta i okru\u017eenja nekada\u0161njeg Titovog parka ili gaja, kako ga ko zove. \u017delimo da ga malo rekonstrui\u0161emo, renoviramo i dovedemo u jedan lep ambijent koji smo zamislili u na\u0161im glavama. Nadamo se da \u0107e i na\u0161i projektanti poslu\u0161ati nas i odraditi to kako valja da oplemenimo ovaj prostor koji imamo \u2013 ka\u017ee direktor Tehni\u010dke \u0161kole u Prijepolju Neboj\u0161a Jevtovi\u0107.<br \/>I Ekonomsko \u2013 trgovinska \u0161kola i Prijepoljska gimnazija \u0107e spremno do\u010dekati novu \u0161kolsku godinu.<\/p>\n<p>Planiramo osve\u017eavanje prostorija i kre\u010denje. Radi\u0107e se neke stvari koje u prethodnom periodu nismo stigli da uradimo \u2013 rekla nam je pedago\u0161kinja Ekonomsko \u2013 trgovinske \u0161kole Jasmina Mu\u0161ovi\u0107, dok direktor Prijepoljske gimnazije Vojislav \u010cabarkapa najavljuje opremanje jo\u0161 jednog informati\u010dkog kabineta i dodaje da oprema postoji, samo treba odrediti koju u\u010dionicu iskoristiti za ovu namenu.<br \/>Svi najavljeni radovi trebalo bi da budu zavr\u0161eni do 2. septembra, kada i zvani\u010dno po\u010dinje nova \u0161kolska godina.<\/p>\n<p><iframe loading=\"lazy\" title=\"Radovi u tri srednje \u0161kole tokom leta\" width=\"696\" height=\"392\" src=\"https:\/\/www.youtube.com\/embed\/3TqRRAZf6hs?feature=oembed\" frameborder=\"0\" allow=\"accelerometer; autoplay; encrypted-media; gyroscope; picture-in-picture\" allowfullscreen><\/iframe><\/p>\n","protected":false},"excerpt":{"rendered":"<p>Najobimniji radovi tokom leta o\u010dekuju najve\u0107u srednju stru\u010dnu \u0161kolu u Prijepolju, Tehni\u010dku \u0161kolu, koja je u prethodnih nekoliko godina u znatnoj meri unapredila svoju infrastrukturu. Osim redovnog odr\u017eavanja \u0161kole, kre\u010denja i sre\u0111ivanja podova tokom leta u planu su i radovi van \u0161kole. U ovom periodu treba da odradimo asfaltiranje \u0161kolskog dvori\u0161ta, da ga dovedemo u [&hellip;]<\/p>\n","protected":false},"author":509,"featured_media":226091,"comment_status":"open","ping_status":"open","sticky":false,"template":"","format":"standard","meta":{"footnotes":""},"categories":[392,4],"tags":[],"class_list":{"0":"post-226090","1":"post","2":"type-post","3":"status-publish","4":"format-standard","5":"has-post-thumbnail","7":"category-prijepolje_","8":"category-obrazovanje"},"yoast_head":"<!-- This site is optimized with the Yoast SEO Premium plugin v23.1 (Yoast SEO v24.9) - https:\/\/yoast.com\/wordpress\/plugins\/seo\/ -->\n<title>Tehni\u010dka \u0161kola u Prijepolju tokom ljeta planira sre\u0111ivanje i asfaltiranje dvori\u0161ta<\/title>\n<meta name=\"robots\" content=\"index, follow, max-snippet:-1, max-image-preview:large, max-video-preview:-1\" \/>\n<link rel=\"canonical\" href=\"https:\/\/sandzakpress.net\/arhiva\/tehnicka-skola-u-prijepolju-tokom-ljeta-planira-sredjivanje-i-asfaltiranje-dvorista\/\" \/>\n<meta property=\"og:locale\" content=\"bs_BA\" \/>\n<meta property=\"og:type\" content=\"article\" \/>\n<meta property=\"og:title\" content=\"Tehni\u010dka \u0161kola u Prijepolju tokom ljeta planira sre\u0111ivanje i asfaltiranje dvori\u0161ta\" \/>\n<meta property=\"og:description\" content=\"Najobimniji radovi tokom leta o\u010dekuju najve\u0107u srednju stru\u010dnu \u0161kolu u Prijepolju, Tehni\u010dku \u0161kolu, koja je u prethodnih nekoliko godina u znatnoj meri unapredila svoju infrastrukturu. Osim redovnog odr\u017eavanja \u0161kole, kre\u010denja i sre\u0111ivanja podova tokom leta u planu su i radovi van \u0161kole. U ovom periodu treba da odradimo asfaltiranje \u0161kolskog dvori\u0161ta, da ga dovedemo u [&hellip;]\" \/>\n<meta property=\"og:url\" content=\"https:\/\/sandzakpress.net\/arhiva\/tehnicka-skola-u-prijepolju-tokom-ljeta-planira-sredjivanje-i-asfaltiranje-dvorista\/\" \/>\n<meta property=\"og:site_name\" content=\"Sand\u017eak PRESS\" \/>\n<meta property=\"article:published_time\" content=\"2019-07-12T13:37:53+00:00\" \/>\n<meta property=\"og:image\" content=\"https:\/\/sandzakpress.net\/arhiva\/wp-content\/uploads\/2019\/07\/skola-2-681x383.jpg\" \/>\n\t<meta property=\"og:image:width\" content=\"681\" \/>\n\t<meta property=\"og:image:height\" content=\"383\" \/>\n\t<meta property=\"og:image:type\" content=\"image\/jpeg\" \/>\n<meta name=\"author\" content=\"Agencija\" \/>\n<meta name=\"twitter:card\" content=\"summary_large_image\" \/>\n<meta name=\"twitter:label1\" content=\"Written by\" \/>\n\t<meta name=\"twitter:data1\" content=\"Agencija\" \/>\n\t<meta name=\"twitter:label2\" content=\"Est. reading time\" \/>\n\t<meta name=\"twitter:data2\" content=\"1 minuta\" \/>\n<script type=\"application\/ld+json\" class=\"yoast-schema-graph\">{\"@context\":\"https:\/\/schema.org\",\"@graph\":[{\"@type\":\"Article\",\"@id\":\"https:\/\/sandzakpress.net\/arhiva\/tehnicka-skola-u-prijepolju-tokom-ljeta-planira-sredjivanje-i-asfaltiranje-dvorista\/#article\",\"isPartOf\":{\"@id\":\"https:\/\/sandzakpress.net\/arhiva\/tehnicka-skola-u-prijepolju-tokom-ljeta-planira-sredjivanje-i-asfaltiranje-dvorista\/\"},\"author\":{\"name\":\"Agencija\",\"@id\":\"https:\/\/sandzakpress.net\/arhiva\/#\/schema\/person\/cb59d7e3ab91ab90dd680ad0305a6185\"},\"headline\":\"Tehni\u010dka \u0161kola u Prijepolju tokom ljeta planira sre\u0111ivanje i asfaltiranje dvori\u0161ta\",\"datePublished\":\"2019-07-12T13:37:53+00:00\",\"mainEntityOfPage\":{\"@id\":\"https:\/\/sandzakpress.net\/arhiva\/tehnicka-skola-u-prijepolju-tokom-ljeta-planira-sredjivanje-i-asfaltiranje-dvorista\/\"},\"wordCount\":273,\"commentCount\":0,\"publisher\":{\"@id\":\"https:\/\/sandzakpress.net\/arhiva\/#\/schema\/person\/6e72b67d6e51910a1117b3b483ba20bd\"},\"image\":{\"@id\":\"https:\/\/sandzakpress.net\/arhiva\/tehnicka-skola-u-prijepolju-tokom-ljeta-planira-sredjivanje-i-asfaltiranje-dvorista\/#primaryimage\"},\"thumbnailUrl\":\"https:\/\/sandzakpress.net\/arhiva\/wp-content\/uploads\/2019\/07\/skola-2-681x383.jpg\",\"articleSection\":[\"Prijepolje\",\"Obrazovanje\"],\"inLanguage\":\"bs-BA\",\"potentialAction\":[{\"@type\":\"CommentAction\",\"name\":\"Comment\",\"target\":[\"https:\/\/sandzakpress.net\/arhiva\/tehnicka-skola-u-prijepolju-tokom-ljeta-planira-sredjivanje-i-asfaltiranje-dvorista\/#respond\"]}]},{\"@type\":\"WebPage\",\"@id\":\"https:\/\/sandzakpress.net\/arhiva\/tehnicka-skola-u-prijepolju-tokom-ljeta-planira-sredjivanje-i-asfaltiranje-dvorista\/\",\"url\":\"https:\/\/sandzakpress.net\/arhiva\/tehnicka-skola-u-prijepolju-tokom-ljeta-planira-sredjivanje-i-asfaltiranje-dvorista\/\",\"name\":\"Tehni\u010dka \u0161kola u Prijepolju tokom ljeta planira sre\u0111ivanje i asfaltiranje dvori\u0161ta\",\"isPartOf\":{\"@id\":\"https:\/\/sandzakpress.net\/arhiva\/#website\"},\"primaryImageOfPage\":{\"@id\":\"https:\/\/sandzakpress.net\/arhiva\/tehnicka-skola-u-prijepolju-tokom-ljeta-planira-sredjivanje-i-asfaltiranje-dvorista\/#primaryimage\"},\"image\":{\"@id\":\"https:\/\/sandzakpress.net\/arhiva\/tehnicka-skola-u-prijepolju-tokom-ljeta-planira-sredjivanje-i-asfaltiranje-dvorista\/#primaryimage\"},\"thumbnailUrl\":\"https:\/\/sandzakpress.net\/arhiva\/wp-content\/uploads\/2019\/07\/skola-2-681x383.jpg\",\"datePublished\":\"2019-07-12T13:37:53+00:00\",\"breadcrumb\":{\"@id\":\"https:\/\/sandzakpress.net\/arhiva\/tehnicka-skola-u-prijepolju-tokom-ljeta-planira-sredjivanje-i-asfaltiranje-dvorista\/#breadcrumb\"},\"inLanguage\":\"bs-BA\",\"potentialAction\":[{\"@type\":\"ReadAction\",\"target\":[\"https:\/\/sandzakpress.net\/arhiva\/tehnicka-skola-u-prijepolju-tokom-ljeta-planira-sredjivanje-i-asfaltiranje-dvorista\/\"]}]},{\"@type\":\"ImageObject\",\"inLanguage\":\"bs-BA\",\"@id\":\"https:\/\/sandzakpress.net\/arhiva\/tehnicka-skola-u-prijepolju-tokom-ljeta-planira-sredjivanje-i-asfaltiranje-dvorista\/#primaryimage\",\"url\":\"https:\/\/sandzakpress.net\/arhiva\/wp-content\/uploads\/2019\/07\/skola-2-681x383.jpg\",\"contentUrl\":\"https:\/\/sandzakpress.net\/arhiva\/wp-content\/uploads\/2019\/07\/skola-2-681x383.jpg\",\"width\":681,\"height\":383},{\"@type\":\"BreadcrumbList\",\"@id\":\"https:\/\/sandzakpress.net\/arhiva\/tehnicka-skola-u-prijepolju-tokom-ljeta-planira-sredjivanje-i-asfaltiranje-dvorista\/#breadcrumb\",\"itemListElement\":[{\"@type\":\"ListItem\",\"position\":1,\"name\":\"Home\",\"item\":\"https:\/\/sandzakpress.net\/arhiva\/\"},{\"@type\":\"ListItem\",\"position\":2,\"name\":\"Tehni\u010dka \u0161kola u Prijepolju tokom ljeta planira sre\u0111ivanje i asfaltiranje dvori\u0161ta\"}]},{\"@type\":\"WebSite\",\"@id\":\"https:\/\/sandzakpress.net\/arhiva\/#website\",\"url\":\"https:\/\/sandzakpress.net\/arhiva\/\",\"name\":\"Sand\u017eak PRESS\",\"description\":\"Prve elektronske novine u Sand\u017eaku\",\"publisher\":{\"@id\":\"https:\/\/sandzakpress.net\/arhiva\/#\/schema\/person\/6e72b67d6e51910a1117b3b483ba20bd\"},\"potentialAction\":[{\"@type\":\"SearchAction\",\"target\":{\"@type\":\"EntryPoint\",\"urlTemplate\":\"https:\/\/sandzakpress.net\/arhiva\/?s={search_term_string}\"},\"query-input\":{\"@type\":\"PropertyValueSpecification\",\"valueRequired\":true,\"valueName\":\"search_term_string\"}}],\"inLanguage\":\"bs-BA\"},{\"@type\":[\"Person\",\"Organization\"],\"@id\":\"https:\/\/sandzakpress.net\/arhiva\/#\/schema\/person\/6e72b67d6e51910a1117b3b483ba20bd\",\"name\":\"Kul\",\"image\":{\"@type\":\"ImageObject\",\"inLanguage\":\"bs-BA\",\"@id\":\"https:\/\/sandzakpress.net\/arhiva\/#\/schema\/person\/image\/\",\"url\":\"https:\/\/secure.gravatar.com\/avatar\/42263f39aa27ac04c43cab85c280eb2e?s=96&d=mm&r=pg\",\"contentUrl\":\"https:\/\/secure.gravatar.com\/avatar\/42263f39aa27ac04c43cab85c280eb2e?s=96&d=mm&r=pg\",\"caption\":\"Kul\"},\"logo\":{\"@id\":\"https:\/\/sandzakpress.net\/arhiva\/#\/schema\/person\/image\/\"}},{\"@type\":\"Person\",\"@id\":\"https:\/\/sandzakpress.net\/arhiva\/#\/schema\/person\/cb59d7e3ab91ab90dd680ad0305a6185\",\"name\":\"Agencija\",\"image\":{\"@type\":\"ImageObject\",\"inLanguage\":\"bs-BA\",\"@id\":\"https:\/\/sandzakpress.net\/arhiva\/#\/schema\/person\/image\/\",\"url\":\"https:\/\/secure.gravatar.com\/avatar\/4b7fafa80a22f0c2afe23966b3961fe0?s=96&d=mm&r=pg\",\"contentUrl\":\"https:\/\/secure.gravatar.com\/avatar\/4b7fafa80a22f0c2afe23966b3961fe0?s=96&d=mm&r=pg\",\"caption\":\"Agencija\"},\"url\":\"https:\/\/sandzakpress.net\/arhiva\/author\/agencija\/\"}]}<\/script>\n<!-- \/ Yoast SEO Premium plugin. -->","yoast_head_json":{"title":"Tehni\u010dka \u0161kola u Prijepolju tokom ljeta planira sre\u0111ivanje i asfaltiranje dvori\u0161ta","robots":{"index":"index","follow":"follow","max-snippet":"max-snippet:-1","max-image-preview":"max-image-preview:large","max-video-preview":"max-video-preview:-1"},"canonical":"https:\/\/sandzakpress.net\/arhiva\/tehnicka-skola-u-prijepolju-tokom-ljeta-planira-sredjivanje-i-asfaltiranje-dvorista\/","og_locale":"bs_BA","og_type":"article","og_title":"Tehni\u010dka \u0161kola u Prijepolju tokom ljeta planira sre\u0111ivanje i asfaltiranje dvori\u0161ta","og_description":"Najobimniji radovi tokom leta o\u010dekuju najve\u0107u srednju stru\u010dnu \u0161kolu u Prijepolju, Tehni\u010dku \u0161kolu, koja je u prethodnih nekoliko godina u znatnoj meri unapredila svoju infrastrukturu. Osim redovnog odr\u017eavanja \u0161kole, kre\u010denja i sre\u0111ivanja podova tokom leta u planu su i radovi van \u0161kole. U ovom periodu treba da odradimo asfaltiranje \u0161kolskog dvori\u0161ta, da ga dovedemo u [&hellip;]","og_url":"https:\/\/sandzakpress.net\/arhiva\/tehnicka-skola-u-prijepolju-tokom-ljeta-planira-sredjivanje-i-asfaltiranje-dvorista\/","og_site_name":"Sand\u017eak PRESS","article_published_time":"2019-07-12T13:37:53+00:00","og_image":[{"width":681,"height":383,"url":"https:\/\/sandzakpress.net\/arhiva\/wp-content\/uploads\/2019\/07\/skola-2-681x383.jpg","type":"image\/jpeg"}],"author":"Agencija","twitter_card":"summary_large_image","twitter_misc":{"Written by":"Agencija","Est. reading time":"1 minuta"},"schema":{"@context":"https:\/\/schema.org","@graph":[{"@type":"Article","@id":"https:\/\/sandzakpress.net\/arhiva\/tehnicka-skola-u-prijepolju-tokom-ljeta-planira-sredjivanje-i-asfaltiranje-dvorista\/#article","isPartOf":{"@id":"https:\/\/sandzakpress.net\/arhiva\/tehnicka-skola-u-prijepolju-tokom-ljeta-planira-sredjivanje-i-asfaltiranje-dvorista\/"},"author":{"name":"Agencija","@id":"https:\/\/sandzakpress.net\/arhiva\/#\/schema\/person\/cb59d7e3ab91ab90dd680ad0305a6185"},"headline":"Tehni\u010dka \u0161kola u Prijepolju tokom ljeta planira sre\u0111ivanje i asfaltiranje dvori\u0161ta","datePublished":"2019-07-12T13:37:53+00:00","mainEntityOfPage":{"@id":"https:\/\/sandzakpress.net\/arhiva\/tehnicka-skola-u-prijepolju-tokom-ljeta-planira-sredjivanje-i-asfaltiranje-dvorista\/"},"wordCount":273,"commentCount":0,"publisher":{"@id":"https:\/\/sandzakpress.net\/arhiva\/#\/schema\/person\/6e72b67d6e51910a1117b3b483ba20bd"},"image":{"@id":"https:\/\/sandzakpress.net\/arhiva\/tehnicka-skola-u-prijepolju-tokom-ljeta-planira-sredjivanje-i-asfaltiranje-dvorista\/#primaryimage"},"thumbnailUrl":"https:\/\/sandzakpress.net\/arhiva\/wp-content\/uploads\/2019\/07\/skola-2-681x383.jpg","articleSection":["Prijepolje","Obrazovanje"],"inLanguage":"bs-BA","potentialAction":[{"@type":"CommentAction","name":"Comment","target":["https:\/\/sandzakpress.net\/arhiva\/tehnicka-skola-u-prijepolju-tokom-ljeta-planira-sredjivanje-i-asfaltiranje-dvorista\/#respond"]}]},{"@type":"WebPage","@id":"https:\/\/sandzakpress.net\/arhiva\/tehnicka-skola-u-prijepolju-tokom-ljeta-planira-sredjivanje-i-asfaltiranje-dvorista\/","url":"https:\/\/sandzakpress.net\/arhiva\/tehnicka-skola-u-prijepolju-tokom-ljeta-planira-sredjivanje-i-asfaltiranje-dvorista\/","name":"Tehni\u010dka \u0161kola u Prijepolju tokom ljeta planira sre\u0111ivanje i asfaltiranje dvori\u0161ta","isPartOf":{"@id":"https:\/\/sandzakpress.net\/arhiva\/#website"},"primaryImageOfPage":{"@id":"https:\/\/sandzakpress.net\/arhiva\/tehnicka-skola-u-prijepolju-tokom-ljeta-planira-sredjivanje-i-asfaltiranje-dvorista\/#primaryimage"},"image":{"@id":"https:\/\/sandzakpress.net\/arhiva\/tehnicka-skola-u-prijepolju-tokom-ljeta-planira-sredjivanje-i-asfaltiranje-dvorista\/#primaryimage"},"thumbnailUrl":"https:\/\/sandzakpress.net\/arhiva\/wp-content\/uploads\/2019\/07\/skola-2-681x383.jpg","datePublished":"2019-07-12T13:37:53+00:00","breadcrumb":{"@id":"https:\/\/sandzakpress.net\/arhiva\/tehnicka-skola-u-prijepolju-tokom-ljeta-planira-sredjivanje-i-asfaltiranje-dvorista\/#breadcrumb"},"inLanguage":"bs-BA","potentialAction":[{"@type":"ReadAction","target":["https:\/\/sandzakpress.net\/arhiva\/tehnicka-skola-u-prijepolju-tokom-ljeta-planira-sredjivanje-i-asfaltiranje-dvorista\/"]}]},{"@type":"ImageObject","inLanguage":"bs-BA","@id":"https:\/\/sandzakpress.net\/arhiva\/tehnicka-skola-u-prijepolju-tokom-ljeta-planira-sredjivanje-i-asfaltiranje-dvorista\/#primaryimage","url":"https:\/\/sandzakpress.net\/arhiva\/wp-content\/uploads\/2019\/07\/skola-2-681x383.jpg","contentUrl":"https:\/\/sandzakpress.net\/arhiva\/wp-content\/uploads\/2019\/07\/skola-2-681x383.jpg","width":681,"height":383},{"@type":"BreadcrumbList","@id":"https:\/\/sandzakpress.net\/arhiva\/tehnicka-skola-u-prijepolju-tokom-ljeta-planira-sredjivanje-i-asfaltiranje-dvorista\/#breadcrumb","itemListElement":[{"@type":"ListItem","position":1,"name":"Home","item":"https:\/\/sandzakpress.net\/arhiva\/"},{"@type":"ListItem","position":2,"name":"Tehni\u010dka \u0161kola u Prijepolju tokom ljeta planira sre\u0111ivanje i asfaltiranje dvori\u0161ta"}]},{"@type":"WebSite","@id":"https:\/\/sandzakpress.net\/arhiva\/#website","url":"https:\/\/sandzakpress.net\/arhiva\/","name":"Sand\u017eak PRESS","description":"Prve elektronske novine u Sand\u017eaku","publisher":{"@id":"https:\/\/sandzakpress.net\/arhiva\/#\/schema\/person\/6e72b67d6e51910a1117b3b483ba20bd"},"potentialAction":[{"@type":"SearchAction","target":{"@type":"EntryPoint","urlTemplate":"https:\/\/sandzakpress.net\/arhiva\/?s={search_term_string}"},"query-input":{"@type":"PropertyValueSpecification","valueRequired":true,"valueName":"search_term_string"}}],"inLanguage":"bs-BA"},{"@type":["Person","Organization"],"@id":"https:\/\/sandzakpress.net\/arhiva\/#\/schema\/person\/6e72b67d6e51910a1117b3b483ba20bd","name":"Kul","image":{"@type":"ImageObject","inLanguage":"bs-BA","@id":"https:\/\/sandzakpress.net\/arhiva\/#\/schema\/person\/image\/","url":"https:\/\/secure.gravatar.com\/avatar\/42263f39aa27ac04c43cab85c280eb2e?s=96&d=mm&r=pg","contentUrl":"https:\/\/secure.gravatar.com\/avatar\/42263f39aa27ac04c43cab85c280eb2e?s=96&d=mm&r=pg","caption":"Kul"},"logo":{"@id":"https:\/\/sandzakpress.net\/arhiva\/#\/schema\/person\/image\/"}},{"@type":"Person","@id":"https:\/\/sandzakpress.net\/arhiva\/#\/schema\/person\/cb59d7e3ab91ab90dd680ad0305a6185","name":"Agencija","image":{"@type":"ImageObject","inLanguage":"bs-BA","@id":"https:\/\/sandzakpress.net\/arhiva\/#\/schema\/person\/image\/","url":"https:\/\/secure.gravatar.com\/avatar\/4b7fafa80a22f0c2afe23966b3961fe0?s=96&d=mm&r=pg","contentUrl":"https:\/\/secure.gravatar.com\/avatar\/4b7fafa80a22f0c2afe23966b3961fe0?s=96&d=mm&r=pg","caption":"Agencija"},"url":"https:\/\/sandzakpress.net\/arhiva\/author\/agencija\/"}]}},"_links":{"self":[{"href":"https:\/\/sandzakpress.net\/arhiva\/wp-json\/wp\/v2\/posts\/226090"}],"collection":[{"href":"https:\/\/sandzakpress.net\/arhiva\/wp-json\/wp\/v2\/posts"}],"about":[{"href":"https:\/\/sandzakpress.net\/arhiva\/wp-json\/wp\/v2\/types\/post"}],"author":[{"embeddable":true,"href":"https:\/\/sandzakpress.net\/arhiva\/wp-json\/wp\/v2\/users\/509"}],"replies":[{"embeddable":true,"href":"https:\/\/sandzakpress.net\/arhiva\/wp-json\/wp\/v2\/comments?post=226090"}],"version-history":[{"count":0,"href":"https:\/\/sandzakpress.net\/arhiva\/wp-json\/wp\/v2\/posts\/226090\/revisions"}],"wp:featuredmedia":[{"embeddable":true,"href":"https:\/\/sandzakpress.net\/arhiva\/wp-json\/wp\/v2\/media\/226091"}],"wp:attachment":[{"href":"https:\/\/sandzakpress.net\/arhiva\/wp-json\/wp\/v2\/media?parent=226090"}],"wp:term":[{"taxonomy":"category","embeddable":true,"href":"https:\/\/sandzakpress.net\/arhiva\/wp-json\/wp\/v2\/categories?post=226090"},{"taxonomy":"post_tag","embeddable":true,"href":"https:\/\/sandzakpress.net\/arhiva\/wp-json\/wp\/v2\/tags?post=226090"}],"curies":[{"name":"wp","href":"https:\/\/api.w.org\/{rel}","templated":true}]}}