{"id":226035,"date":"2019-07-11T22:42:37","date_gmt":"2019-07-11T20:42:37","guid":{"rendered":"https:\/\/sandzakpress.net\/arhiva\/na-sarajevskoj-vijecnici-izlozena-fotografija-majka-srebrenice"},"modified":"2019-07-11T22:42:37","modified_gmt":"2019-07-11T20:42:37","slug":"na-sarajevskoj-vijecnici-izlozena-fotografija-majka-srebrenice","status":"publish","type":"post","link":"https:\/\/sandzakpress.net\/arhiva\/na-sarajevskoj-vijecnici-izlozena-fotografija-majka-srebrenice\/","title":{"rendered":"Na sarajevskoj Vije\u0107nici izlo\u017eena fotografija \u201cMajka Srebrenice\u201d"},"content":{"rendered":"<p><span class=\"cb-itemprop\"><\/p>\n<p><img loading=\"lazy\" decoding=\"async\" class=\"alignnone size-full wp-image-210335\" src=\"https:\/\/bosnapress.net\/wp-content\/uploads\/2019\/07\/Screenshot_2-2.png\" alt=\"\" width=\"844\" height=\"661\" \/><\/p>\n<div class=\"uvod uvod-clanka hidden-xs\">Povodom obilje\u017eavanja 24. godi\u0161njice genocida u Srebrenici na sarajevskoj Vije\u0107nici je izlo\u017eena fotografija \u201cMajka Srebrenice\u201d nastala 2001. godine u Poto\u010darima, objavio je gradona\u010delnik Sarajeva Abdulah Skaka.<\/div>\n<div class=\"tekst clanak_vijesti\">Ova fotografija obi\u0161la je cijeli svijet i prikazuje svu patnju, bol i nemo\u0107 srebreni\u010dkih majki koje su u Srebrenici izgubile svoje najvoljenije: sinove, supruge i ostale \u010dlanove porodice.<\/p>\n<p>Ovakvi fotografski zapisi srebreni\u010dkog genocida garant su da se istina nikada ne\u0107e zaboraviti. Fotografiju koja je dosad obi\u0161la cijeli svijet je snimio bh. fotograf Almin Zrno i za nju dobio dvije nagrade.<\/p>\n<p>Na ovaj na\u010din Grad Sarajevo je odao po\u010dast \u017ertvama srebreni\u010dkog genocida.<\/p>\n<p>Osim u Sarajevu, fotografija \u201cMajka Srebrenice\u201d danas \u0107e biti izlo\u017eena i na trgu Taksim u Istanbulu.<\/p>\n<p>Podsje\u0107amo, u Poto\u010darima \u0107e danas biti ukopani posmrtni ostaci 33 \u017ertve genocida. Najmla\u0111a \u017ertva koja \u0107e biti ukopana je 16-godi\u0161nji Osman Cvrk, dok je najstarija 82-godi\u0161nja \u0160aha Cvrk.<\/p>\n<\/div>\n<div><\/div>\n<div><em>klix.ba<\/em><\/div>\n<p><\/span><br \/>\nPogledajte vijest na izvornom sajtu:<\/p>\n<p><a href=\"https:\/\/bosnapress.net\/na-sarajevskoj-vijecnici-izlozena-fotografija-majka-srebrenice\/\" target=\"_blank\">Na sarajevskoj Vije\u0107nici izlo\u017eena fotografija \u201cMajka Srebrenice\u201d<\/a><\/p>\n","protected":false},"excerpt":{"rendered":"<p>Povodom obilje\u017eavanja 24. godi\u0161njice genocida u Srebrenici na sarajevskoj Vije\u0107nici je izlo\u017eena fotografija \u201cMajka Srebrenice\u201d nastala 2001. godine u Poto\u010darima, objavio je gradona\u010delnik Sarajeva Abdulah Skaka. Ova fotografija obi\u0161la je cijeli svijet i prikazuje svu patnju, bol i nemo\u0107 srebreni\u010dkih majki koje su u Srebrenici izgubile svoje najvoljenije: sinove, supruge i ostale \u010dlanove porodice. Ovakvi [&hellip;]<\/p>\n","protected":false},"author":83,"featured_media":226036,"comment_status":"open","ping_status":"open","sticky":false,"template":"","format":"standard","meta":{"footnotes":""},"categories":[10513],"tags":[10466],"class_list":{"0":"post-226035","1":"post","2":"type-post","3":"status-publish","4":"format-standard","5":"has-post-thumbnail","7":"category-bosna-press","8":"tag-bosna-i-hercegovina"},"yoast_head":"<!-- This site is optimized with the Yoast SEO Premium plugin v23.1 (Yoast SEO v24.9) - https:\/\/yoast.com\/wordpress\/plugins\/seo\/ -->\n<title>Na sarajevskoj Vije\u0107nici izlo\u017eena fotografija \u201cMajka Srebrenice\u201d<\/title>\n<meta name=\"robots\" content=\"index, follow, max-snippet:-1, max-image-preview:large, max-video-preview:-1\" \/>\n<link rel=\"canonical\" href=\"https:\/\/sandzakpress.net\/arhiva\/na-sarajevskoj-vijecnici-izlozena-fotografija-majka-srebrenice\/\" \/>\n<meta property=\"og:locale\" content=\"bs_BA\" \/>\n<meta property=\"og:type\" content=\"article\" \/>\n<meta property=\"og:title\" content=\"Na sarajevskoj Vije\u0107nici izlo\u017eena fotografija \u201cMajka Srebrenice\u201d\" \/>\n<meta property=\"og:description\" content=\"Povodom obilje\u017eavanja 24. godi\u0161njice genocida u Srebrenici na sarajevskoj Vije\u0107nici je izlo\u017eena fotografija \u201cMajka Srebrenice\u201d nastala 2001. godine u Poto\u010darima, objavio je gradona\u010delnik Sarajeva Abdulah Skaka. Ova fotografija obi\u0161la je cijeli svijet i prikazuje svu patnju, bol i nemo\u0107 srebreni\u010dkih majki koje su u Srebrenici izgubile svoje najvoljenije: sinove, supruge i ostale \u010dlanove porodice. Ovakvi [&hellip;]\" \/>\n<meta property=\"og:url\" content=\"https:\/\/sandzakpress.net\/arhiva\/na-sarajevskoj-vijecnici-izlozena-fotografija-majka-srebrenice\/\" \/>\n<meta property=\"og:site_name\" content=\"Sand\u017eak PRESS\" \/>\n<meta property=\"article:published_time\" content=\"2019-07-11T20:42:37+00:00\" \/>\n<meta property=\"og:image\" content=\"https:\/\/sandzakpress.net\/arhiva\/wp-content\/uploads\/2019\/07\/Screenshot_2-2.png\" \/>\n\t<meta property=\"og:image:width\" content=\"844\" \/>\n\t<meta property=\"og:image:height\" content=\"661\" \/>\n\t<meta property=\"og:image:type\" content=\"image\/png\" \/>\n<meta name=\"author\" content=\"bosniak\" \/>\n<meta name=\"twitter:card\" content=\"summary_large_image\" \/>\n<meta name=\"twitter:label1\" content=\"Written by\" \/>\n\t<meta name=\"twitter:data1\" content=\"bosniak\" \/>\n\t<meta name=\"twitter:label2\" content=\"Est. reading time\" \/>\n\t<meta name=\"twitter:data2\" content=\"1 minuta\" \/>\n<script type=\"application\/ld+json\" class=\"yoast-schema-graph\">{\"@context\":\"https:\/\/schema.org\",\"@graph\":[{\"@type\":\"Article\",\"@id\":\"https:\/\/sandzakpress.net\/arhiva\/na-sarajevskoj-vijecnici-izlozena-fotografija-majka-srebrenice\/#article\",\"isPartOf\":{\"@id\":\"https:\/\/sandzakpress.net\/arhiva\/na-sarajevskoj-vijecnici-izlozena-fotografija-majka-srebrenice\/\"},\"author\":{\"name\":\"bosniak\",\"@id\":\"https:\/\/sandzakpress.net\/arhiva\/#\/schema\/person\/c8baee722073534b583ea7bdb2e36c02\"},\"headline\":\"Na sarajevskoj Vije\u0107nici izlo\u017eena fotografija \u201cMajka Srebrenice\u201d\",\"datePublished\":\"2019-07-11T20:42:37+00:00\",\"mainEntityOfPage\":{\"@id\":\"https:\/\/sandzakpress.net\/arhiva\/na-sarajevskoj-vijecnici-izlozena-fotografija-majka-srebrenice\/\"},\"wordCount\":183,\"commentCount\":0,\"publisher\":{\"@id\":\"https:\/\/sandzakpress.net\/arhiva\/#\/schema\/person\/6e72b67d6e51910a1117b3b483ba20bd\"},\"image\":{\"@id\":\"https:\/\/sandzakpress.net\/arhiva\/na-sarajevskoj-vijecnici-izlozena-fotografija-majka-srebrenice\/#primaryimage\"},\"thumbnailUrl\":\"https:\/\/sandzakpress.net\/arhiva\/wp-content\/uploads\/2019\/07\/Screenshot_2-2.png\",\"keywords\":[\"Bosna i Hercegovina\"],\"articleSection\":[\"Bosna PRESS\"],\"inLanguage\":\"bs-BA\",\"potentialAction\":[{\"@type\":\"CommentAction\",\"name\":\"Comment\",\"target\":[\"https:\/\/sandzakpress.net\/arhiva\/na-sarajevskoj-vijecnici-izlozena-fotografija-majka-srebrenice\/#respond\"]}]},{\"@type\":\"WebPage\",\"@id\":\"https:\/\/sandzakpress.net\/arhiva\/na-sarajevskoj-vijecnici-izlozena-fotografija-majka-srebrenice\/\",\"url\":\"https:\/\/sandzakpress.net\/arhiva\/na-sarajevskoj-vijecnici-izlozena-fotografija-majka-srebrenice\/\",\"name\":\"Na sarajevskoj Vije\u0107nici izlo\u017eena fotografija \u201cMajka Srebrenice\u201d\",\"isPartOf\":{\"@id\":\"https:\/\/sandzakpress.net\/arhiva\/#website\"},\"primaryImageOfPage\":{\"@id\":\"https:\/\/sandzakpress.net\/arhiva\/na-sarajevskoj-vijecnici-izlozena-fotografija-majka-srebrenice\/#primaryimage\"},\"image\":{\"@id\":\"https:\/\/sandzakpress.net\/arhiva\/na-sarajevskoj-vijecnici-izlozena-fotografija-majka-srebrenice\/#primaryimage\"},\"thumbnailUrl\":\"https:\/\/sandzakpress.net\/arhiva\/wp-content\/uploads\/2019\/07\/Screenshot_2-2.png\",\"datePublished\":\"2019-07-11T20:42:37+00:00\",\"breadcrumb\":{\"@id\":\"https:\/\/sandzakpress.net\/arhiva\/na-sarajevskoj-vijecnici-izlozena-fotografija-majka-srebrenice\/#breadcrumb\"},\"inLanguage\":\"bs-BA\",\"potentialAction\":[{\"@type\":\"ReadAction\",\"target\":[\"https:\/\/sandzakpress.net\/arhiva\/na-sarajevskoj-vijecnici-izlozena-fotografija-majka-srebrenice\/\"]}]},{\"@type\":\"ImageObject\",\"inLanguage\":\"bs-BA\",\"@id\":\"https:\/\/sandzakpress.net\/arhiva\/na-sarajevskoj-vijecnici-izlozena-fotografija-majka-srebrenice\/#primaryimage\",\"url\":\"https:\/\/sandzakpress.net\/arhiva\/wp-content\/uploads\/2019\/07\/Screenshot_2-2.png\",\"contentUrl\":\"https:\/\/sandzakpress.net\/arhiva\/wp-content\/uploads\/2019\/07\/Screenshot_2-2.png\",\"width\":844,\"height\":661},{\"@type\":\"BreadcrumbList\",\"@id\":\"https:\/\/sandzakpress.net\/arhiva\/na-sarajevskoj-vijecnici-izlozena-fotografija-majka-srebrenice\/#breadcrumb\",\"itemListElement\":[{\"@type\":\"ListItem\",\"position\":1,\"name\":\"Home\",\"item\":\"https:\/\/sandzakpress.net\/arhiva\/\"},{\"@type\":\"ListItem\",\"position\":2,\"name\":\"Na sarajevskoj Vije\u0107nici izlo\u017eena fotografija \u201cMajka Srebrenice\u201d\"}]},{\"@type\":\"WebSite\",\"@id\":\"https:\/\/sandzakpress.net\/arhiva\/#website\",\"url\":\"https:\/\/sandzakpress.net\/arhiva\/\",\"name\":\"Sand\u017eak PRESS\",\"description\":\"Prve elektronske novine u Sand\u017eaku\",\"publisher\":{\"@id\":\"https:\/\/sandzakpress.net\/arhiva\/#\/schema\/person\/6e72b67d6e51910a1117b3b483ba20bd\"},\"potentialAction\":[{\"@type\":\"SearchAction\",\"target\":{\"@type\":\"EntryPoint\",\"urlTemplate\":\"https:\/\/sandzakpress.net\/arhiva\/?s={search_term_string}\"},\"query-input\":{\"@type\":\"PropertyValueSpecification\",\"valueRequired\":true,\"valueName\":\"search_term_string\"}}],\"inLanguage\":\"bs-BA\"},{\"@type\":[\"Person\",\"Organization\"],\"@id\":\"https:\/\/sandzakpress.net\/arhiva\/#\/schema\/person\/6e72b67d6e51910a1117b3b483ba20bd\",\"name\":\"Kul\",\"image\":{\"@type\":\"ImageObject\",\"inLanguage\":\"bs-BA\",\"@id\":\"https:\/\/sandzakpress.net\/arhiva\/#\/schema\/person\/image\/\",\"url\":\"https:\/\/secure.gravatar.com\/avatar\/42263f39aa27ac04c43cab85c280eb2e?s=96&d=mm&r=pg\",\"contentUrl\":\"https:\/\/secure.gravatar.com\/avatar\/42263f39aa27ac04c43cab85c280eb2e?s=96&d=mm&r=pg\",\"caption\":\"Kul\"},\"logo\":{\"@id\":\"https:\/\/sandzakpress.net\/arhiva\/#\/schema\/person\/image\/\"}},{\"@type\":\"Person\",\"@id\":\"https:\/\/sandzakpress.net\/arhiva\/#\/schema\/person\/c8baee722073534b583ea7bdb2e36c02\",\"name\":\"bosniak\",\"image\":{\"@type\":\"ImageObject\",\"inLanguage\":\"bs-BA\",\"@id\":\"https:\/\/sandzakpress.net\/arhiva\/#\/schema\/person\/image\/\",\"url\":\"https:\/\/secure.gravatar.com\/avatar\/a04fd330bfe3a36a72a0ad4a6d89fca7?s=96&d=mm&r=pg\",\"contentUrl\":\"https:\/\/secure.gravatar.com\/avatar\/a04fd330bfe3a36a72a0ad4a6d89fca7?s=96&d=mm&r=pg\",\"caption\":\"bosniak\"},\"url\":\"https:\/\/sandzakpress.net\/arhiva\/author\/bosniak\/\"}]}<\/script>\n<!-- \/ Yoast SEO Premium plugin. -->","yoast_head_json":{"title":"Na sarajevskoj Vije\u0107nici izlo\u017eena fotografija \u201cMajka Srebrenice\u201d","robots":{"index":"index","follow":"follow","max-snippet":"max-snippet:-1","max-image-preview":"max-image-preview:large","max-video-preview":"max-video-preview:-1"},"canonical":"https:\/\/sandzakpress.net\/arhiva\/na-sarajevskoj-vijecnici-izlozena-fotografija-majka-srebrenice\/","og_locale":"bs_BA","og_type":"article","og_title":"Na sarajevskoj Vije\u0107nici izlo\u017eena fotografija \u201cMajka Srebrenice\u201d","og_description":"Povodom obilje\u017eavanja 24. godi\u0161njice genocida u Srebrenici na sarajevskoj Vije\u0107nici je izlo\u017eena fotografija \u201cMajka Srebrenice\u201d nastala 2001. godine u Poto\u010darima, objavio je gradona\u010delnik Sarajeva Abdulah Skaka. Ova fotografija obi\u0161la je cijeli svijet i prikazuje svu patnju, bol i nemo\u0107 srebreni\u010dkih majki koje su u Srebrenici izgubile svoje najvoljenije: sinove, supruge i ostale \u010dlanove porodice. Ovakvi [&hellip;]","og_url":"https:\/\/sandzakpress.net\/arhiva\/na-sarajevskoj-vijecnici-izlozena-fotografija-majka-srebrenice\/","og_site_name":"Sand\u017eak PRESS","article_published_time":"2019-07-11T20:42:37+00:00","og_image":[{"width":844,"height":661,"url":"https:\/\/sandzakpress.net\/arhiva\/wp-content\/uploads\/2019\/07\/Screenshot_2-2.png","type":"image\/png"}],"author":"bosniak","twitter_card":"summary_large_image","twitter_misc":{"Written by":"bosniak","Est. reading time":"1 minuta"},"schema":{"@context":"https:\/\/schema.org","@graph":[{"@type":"Article","@id":"https:\/\/sandzakpress.net\/arhiva\/na-sarajevskoj-vijecnici-izlozena-fotografija-majka-srebrenice\/#article","isPartOf":{"@id":"https:\/\/sandzakpress.net\/arhiva\/na-sarajevskoj-vijecnici-izlozena-fotografija-majka-srebrenice\/"},"author":{"name":"bosniak","@id":"https:\/\/sandzakpress.net\/arhiva\/#\/schema\/person\/c8baee722073534b583ea7bdb2e36c02"},"headline":"Na sarajevskoj Vije\u0107nici izlo\u017eena fotografija \u201cMajka Srebrenice\u201d","datePublished":"2019-07-11T20:42:37+00:00","mainEntityOfPage":{"@id":"https:\/\/sandzakpress.net\/arhiva\/na-sarajevskoj-vijecnici-izlozena-fotografija-majka-srebrenice\/"},"wordCount":183,"commentCount":0,"publisher":{"@id":"https:\/\/sandzakpress.net\/arhiva\/#\/schema\/person\/6e72b67d6e51910a1117b3b483ba20bd"},"image":{"@id":"https:\/\/sandzakpress.net\/arhiva\/na-sarajevskoj-vijecnici-izlozena-fotografija-majka-srebrenice\/#primaryimage"},"thumbnailUrl":"https:\/\/sandzakpress.net\/arhiva\/wp-content\/uploads\/2019\/07\/Screenshot_2-2.png","keywords":["Bosna i Hercegovina"],"articleSection":["Bosna PRESS"],"inLanguage":"bs-BA","potentialAction":[{"@type":"CommentAction","name":"Comment","target":["https:\/\/sandzakpress.net\/arhiva\/na-sarajevskoj-vijecnici-izlozena-fotografija-majka-srebrenice\/#respond"]}]},{"@type":"WebPage","@id":"https:\/\/sandzakpress.net\/arhiva\/na-sarajevskoj-vijecnici-izlozena-fotografija-majka-srebrenice\/","url":"https:\/\/sandzakpress.net\/arhiva\/na-sarajevskoj-vijecnici-izlozena-fotografija-majka-srebrenice\/","name":"Na sarajevskoj Vije\u0107nici izlo\u017eena fotografija \u201cMajka Srebrenice\u201d","isPartOf":{"@id":"https:\/\/sandzakpress.net\/arhiva\/#website"},"primaryImageOfPage":{"@id":"https:\/\/sandzakpress.net\/arhiva\/na-sarajevskoj-vijecnici-izlozena-fotografija-majka-srebrenice\/#primaryimage"},"image":{"@id":"https:\/\/sandzakpress.net\/arhiva\/na-sarajevskoj-vijecnici-izlozena-fotografija-majka-srebrenice\/#primaryimage"},"thumbnailUrl":"https:\/\/sandzakpress.net\/arhiva\/wp-content\/uploads\/2019\/07\/Screenshot_2-2.png","datePublished":"2019-07-11T20:42:37+00:00","breadcrumb":{"@id":"https:\/\/sandzakpress.net\/arhiva\/na-sarajevskoj-vijecnici-izlozena-fotografija-majka-srebrenice\/#breadcrumb"},"inLanguage":"bs-BA","potentialAction":[{"@type":"ReadAction","target":["https:\/\/sandzakpress.net\/arhiva\/na-sarajevskoj-vijecnici-izlozena-fotografija-majka-srebrenice\/"]}]},{"@type":"ImageObject","inLanguage":"bs-BA","@id":"https:\/\/sandzakpress.net\/arhiva\/na-sarajevskoj-vijecnici-izlozena-fotografija-majka-srebrenice\/#primaryimage","url":"https:\/\/sandzakpress.net\/arhiva\/wp-content\/uploads\/2019\/07\/Screenshot_2-2.png","contentUrl":"https:\/\/sandzakpress.net\/arhiva\/wp-content\/uploads\/2019\/07\/Screenshot_2-2.png","width":844,"height":661},{"@type":"BreadcrumbList","@id":"https:\/\/sandzakpress.net\/arhiva\/na-sarajevskoj-vijecnici-izlozena-fotografija-majka-srebrenice\/#breadcrumb","itemListElement":[{"@type":"ListItem","position":1,"name":"Home","item":"https:\/\/sandzakpress.net\/arhiva\/"},{"@type":"ListItem","position":2,"name":"Na sarajevskoj Vije\u0107nici izlo\u017eena fotografija \u201cMajka Srebrenice\u201d"}]},{"@type":"WebSite","@id":"https:\/\/sandzakpress.net\/arhiva\/#website","url":"https:\/\/sandzakpress.net\/arhiva\/","name":"Sand\u017eak PRESS","description":"Prve elektronske novine u Sand\u017eaku","publisher":{"@id":"https:\/\/sandzakpress.net\/arhiva\/#\/schema\/person\/6e72b67d6e51910a1117b3b483ba20bd"},"potentialAction":[{"@type":"SearchAction","target":{"@type":"EntryPoint","urlTemplate":"https:\/\/sandzakpress.net\/arhiva\/?s={search_term_string}"},"query-input":{"@type":"PropertyValueSpecification","valueRequired":true,"valueName":"search_term_string"}}],"inLanguage":"bs-BA"},{"@type":["Person","Organization"],"@id":"https:\/\/sandzakpress.net\/arhiva\/#\/schema\/person\/6e72b67d6e51910a1117b3b483ba20bd","name":"Kul","image":{"@type":"ImageObject","inLanguage":"bs-BA","@id":"https:\/\/sandzakpress.net\/arhiva\/#\/schema\/person\/image\/","url":"https:\/\/secure.gravatar.com\/avatar\/42263f39aa27ac04c43cab85c280eb2e?s=96&d=mm&r=pg","contentUrl":"https:\/\/secure.gravatar.com\/avatar\/42263f39aa27ac04c43cab85c280eb2e?s=96&d=mm&r=pg","caption":"Kul"},"logo":{"@id":"https:\/\/sandzakpress.net\/arhiva\/#\/schema\/person\/image\/"}},{"@type":"Person","@id":"https:\/\/sandzakpress.net\/arhiva\/#\/schema\/person\/c8baee722073534b583ea7bdb2e36c02","name":"bosniak","image":{"@type":"ImageObject","inLanguage":"bs-BA","@id":"https:\/\/sandzakpress.net\/arhiva\/#\/schema\/person\/image\/","url":"https:\/\/secure.gravatar.com\/avatar\/a04fd330bfe3a36a72a0ad4a6d89fca7?s=96&d=mm&r=pg","contentUrl":"https:\/\/secure.gravatar.com\/avatar\/a04fd330bfe3a36a72a0ad4a6d89fca7?s=96&d=mm&r=pg","caption":"bosniak"},"url":"https:\/\/sandzakpress.net\/arhiva\/author\/bosniak\/"}]}},"_links":{"self":[{"href":"https:\/\/sandzakpress.net\/arhiva\/wp-json\/wp\/v2\/posts\/226035"}],"collection":[{"href":"https:\/\/sandzakpress.net\/arhiva\/wp-json\/wp\/v2\/posts"}],"about":[{"href":"https:\/\/sandzakpress.net\/arhiva\/wp-json\/wp\/v2\/types\/post"}],"author":[{"embeddable":true,"href":"https:\/\/sandzakpress.net\/arhiva\/wp-json\/wp\/v2\/users\/83"}],"replies":[{"embeddable":true,"href":"https:\/\/sandzakpress.net\/arhiva\/wp-json\/wp\/v2\/comments?post=226035"}],"version-history":[{"count":0,"href":"https:\/\/sandzakpress.net\/arhiva\/wp-json\/wp\/v2\/posts\/226035\/revisions"}],"wp:featuredmedia":[{"embeddable":true,"href":"https:\/\/sandzakpress.net\/arhiva\/wp-json\/wp\/v2\/media\/226036"}],"wp:attachment":[{"href":"https:\/\/sandzakpress.net\/arhiva\/wp-json\/wp\/v2\/media?parent=226035"}],"wp:term":[{"taxonomy":"category","embeddable":true,"href":"https:\/\/sandzakpress.net\/arhiva\/wp-json\/wp\/v2\/categories?post=226035"},{"taxonomy":"post_tag","embeddable":true,"href":"https:\/\/sandzakpress.net\/arhiva\/wp-json\/wp\/v2\/tags?post=226035"}],"curies":[{"name":"wp","href":"https:\/\/api.w.org\/{rel}","templated":true}]}}