{"id":226032,"date":"2019-07-11T17:57:11","date_gmt":"2019-07-11T15:57:11","guid":{"rendered":"https:\/\/sandzakpress.net\/arhiva\/jovanovic-u-srebrenici-srbija-24-godine-gleda-svijet-jednim-okom-a-zapravo-je-slijepa"},"modified":"2019-07-11T17:57:11","modified_gmt":"2019-07-11T15:57:11","slug":"jovanovic-u-srebrenici-srbija-24-godine-gleda-svijet-jednim-okom-a-zapravo-je-slijepa","status":"publish","type":"post","link":"https:\/\/sandzakpress.net\/arhiva\/jovanovic-u-srebrenici-srbija-24-godine-gleda-svijet-jednim-okom-a-zapravo-je-slijepa\/","title":{"rendered":"Jovanovi\u0107 u Srebrenici: Srbija 24 godine gleda svijet jednim okom, a zapravo je slijepa"},"content":{"rendered":"<p><span class=\"cb-itemprop\"><\/p>\n<div><strong><img decoding=\"async\" src=\"https:\/\/static.klix.ba\/media\/images\/vijesti\/190711099.2_xl.jpg?v=1\" alt=\"Foto: H. M.\/Klix.ba\" \/><\/strong><\/div>\n<div class=\"uvod uvod-clanka hidden-xs\"><strong>\u010cedomir Jovanovi\u0107, predsjednik LDP-a, savjetnik \u010dlana Predsjedni\u0161tva BiH \u017deljka Kom\u0161i\u0107a i ove godine, 11. jula u Poto\u010darima je javno govorio o tome da je u Srebrenici po\u010dinjen genocid.<\/strong><\/div>\n<div><\/div>\n<div class=\"tekst clanak_vijesti\">Kazao je da na obilje\u017eavanje godi\u0161njice genocida svake godine dolazi, izme\u0111u ostalog, zbog Srbije i srpskog naroda koje mora prihvatiti ono \u0161to se dogodilo 1995. godine.<\/p>\n<p>\u201cTaj teret, koliko god bio veliki, moj narod \u0107e morati da ga podnese. Sve vi\u0161e Srebrenica mu\u010di Srbiju i Srbe, a sve vi\u0161e Bo\u0161njaci uz podr\u0161ku svijeta pronalaze svoj mir. Srbija mora da otvori o\u010di, mora da bude hrabra, mora da prizna i preuzme svoj dio odgovornosti za genocid u Srebrenici, jer je takva Srbija potrebna Srbima, Bo\u0161njacima, Hrvatima u Srbiji, Bosni i \u010ditavom regionu. Ona 24 godine gleda svijet jednim okom, a zapravo je slijepa\u201d, istakao je Jovanovi\u0107.<\/p>\n<div class=\"gallerywrapper vsl\">\n<div class=\"gallerycontainer samoslika utekstu\">\n<div class=\"novagalerija\">\n<div class=\"galreldiv\">\n<div class=\"normalhelper\"><\/div>\n<\/div>\n<\/div>\n<\/div>\n<\/div>\n<p>Do negiranja genocida dolazi, kazao je Jovanovi\u0107, zato \u0161to je to dopu\u0161teno i zato \u0161to je danas dru\u0161tvo mnogo lu\u0111e nego 1992. godine.<\/p>\n<p>\u201cDanas je sve mnogo lo\u0161ije zbog toga \u0161to taj rat nismo zavr\u0161ili. On mora biti zavr\u0161en\u201d, rekao je Jovanovi\u0107.<\/p>\n<p>Istakao je da se nijedan narod ne mo\u017ee proglasiti zlo\u010dina\u010dkim, ali da, isto tako, nijedan narod ne mo\u017ee biti li\u0161en odgovornosti.<\/p>\n<p>\u201cSrebrenica je bila industrija smrti, to nije pojedina\u010dni \u010din nekoga koga je to zlo odvelo u neku vrstu ratnog ludila. Ona je bila pod za\u0161titom UN-a\u201d, ka\u017ee Jovanovi\u0107.<\/p>\n<\/div>\n<p><\/span><br \/>\nPogledajte vijest na izvornom sajtu:<\/p>\n<p><a href=\"https:\/\/bosnapress.net\/jovanovic-u-srebrenici-srbija-24-godine-gleda-svijet-jednim-okom-a-zapravo-je-slijepa\/\" target=\"_blank\">Jovanovi\u0107 u Srebrenici: Srbija 24 godine gleda svijet jednim okom, a zapravo je slijepa<\/a><\/p>\n","protected":false},"excerpt":{"rendered":"<p>\u010cedomir Jovanovi\u0107, predsjednik LDP-a, savjetnik \u010dlana Predsjedni\u0161tva BiH \u017deljka Kom\u0161i\u0107a i ove godine, 11. jula u Poto\u010darima je javno govorio o tome da je u Srebrenici po\u010dinjen genocid. Kazao je da na obilje\u017eavanje godi\u0161njice genocida svake godine dolazi, izme\u0111u ostalog, zbog Srbije i srpskog naroda koje mora prihvatiti ono \u0161to se dogodilo 1995. godine. \u201cTaj [&hellip;]<\/p>\n","protected":false},"author":83,"featured_media":0,"comment_status":"open","ping_status":"open","sticky":false,"template":"","format":"standard","meta":{"footnotes":""},"categories":[10513],"tags":[10466],"class_list":{"0":"post-226032","1":"post","2":"type-post","3":"status-publish","4":"format-standard","6":"category-bosna-press","7":"tag-bosna-i-hercegovina"},"yoast_head":"<!-- This site is optimized with the Yoast SEO Premium plugin v23.1 (Yoast SEO v24.9) - https:\/\/yoast.com\/wordpress\/plugins\/seo\/ -->\n<title>Jovanovi\u0107 u Srebrenici: Srbija 24 godine gleda svijet jednim okom, a zapravo je slijepa<\/title>\n<meta name=\"robots\" content=\"index, follow, max-snippet:-1, max-image-preview:large, max-video-preview:-1\" \/>\n<link rel=\"canonical\" href=\"https:\/\/sandzakpress.net\/arhiva\/jovanovic-u-srebrenici-srbija-24-godine-gleda-svijet-jednim-okom-a-zapravo-je-slijepa\/\" \/>\n<meta property=\"og:locale\" content=\"bs_BA\" \/>\n<meta property=\"og:type\" content=\"article\" \/>\n<meta property=\"og:title\" content=\"Jovanovi\u0107 u Srebrenici: Srbija 24 godine gleda svijet jednim okom, a zapravo je slijepa\" \/>\n<meta property=\"og:description\" content=\"\u010cedomir Jovanovi\u0107, predsjednik LDP-a, savjetnik \u010dlana Predsjedni\u0161tva BiH \u017deljka Kom\u0161i\u0107a i ove godine, 11. jula u Poto\u010darima je javno govorio o tome da je u Srebrenici po\u010dinjen genocid. Kazao je da na obilje\u017eavanje godi\u0161njice genocida svake godine dolazi, izme\u0111u ostalog, zbog Srbije i srpskog naroda koje mora prihvatiti ono \u0161to se dogodilo 1995. godine. \u201cTaj [&hellip;]\" \/>\n<meta property=\"og:url\" content=\"https:\/\/sandzakpress.net\/arhiva\/jovanovic-u-srebrenici-srbija-24-godine-gleda-svijet-jednim-okom-a-zapravo-je-slijepa\/\" \/>\n<meta property=\"og:site_name\" content=\"Sand\u017eak PRESS\" \/>\n<meta property=\"article:published_time\" content=\"2019-07-11T15:57:11+00:00\" \/>\n<meta property=\"og:image\" content=\"https:\/\/static.klix.ba\/media\/images\/vijesti\/190711099.2_xl.jpg?v=1\" \/>\n<meta name=\"author\" content=\"bosniak\" \/>\n<meta name=\"twitter:card\" content=\"summary_large_image\" \/>\n<meta name=\"twitter:label1\" content=\"Written by\" \/>\n\t<meta name=\"twitter:data1\" content=\"bosniak\" \/>\n\t<meta name=\"twitter:label2\" content=\"Est. reading time\" \/>\n\t<meta name=\"twitter:data2\" content=\"1 minuta\" \/>\n<script type=\"application\/ld+json\" class=\"yoast-schema-graph\">{\"@context\":\"https:\/\/schema.org\",\"@graph\":[{\"@type\":\"Article\",\"@id\":\"https:\/\/sandzakpress.net\/arhiva\/jovanovic-u-srebrenici-srbija-24-godine-gleda-svijet-jednim-okom-a-zapravo-je-slijepa\/#article\",\"isPartOf\":{\"@id\":\"https:\/\/sandzakpress.net\/arhiva\/jovanovic-u-srebrenici-srbija-24-godine-gleda-svijet-jednim-okom-a-zapravo-je-slijepa\/\"},\"author\":{\"name\":\"bosniak\",\"@id\":\"https:\/\/sandzakpress.net\/arhiva\/#\/schema\/person\/c8baee722073534b583ea7bdb2e36c02\"},\"headline\":\"Jovanovi\u0107 u Srebrenici: Srbija 24 godine gleda svijet jednim okom, a zapravo je slijepa\",\"datePublished\":\"2019-07-11T15:57:11+00:00\",\"mainEntityOfPage\":{\"@id\":\"https:\/\/sandzakpress.net\/arhiva\/jovanovic-u-srebrenici-srbija-24-godine-gleda-svijet-jednim-okom-a-zapravo-je-slijepa\/\"},\"wordCount\":280,\"commentCount\":0,\"publisher\":{\"@id\":\"https:\/\/sandzakpress.net\/arhiva\/#\/schema\/person\/6e72b67d6e51910a1117b3b483ba20bd\"},\"image\":{\"@id\":\"https:\/\/sandzakpress.net\/arhiva\/jovanovic-u-srebrenici-srbija-24-godine-gleda-svijet-jednim-okom-a-zapravo-je-slijepa\/#primaryimage\"},\"thumbnailUrl\":\"https:\/\/static.klix.ba\/media\/images\/vijesti\/190711099.2_xl.jpg?v=1\",\"keywords\":[\"Bosna i Hercegovina\"],\"articleSection\":[\"Bosna PRESS\"],\"inLanguage\":\"bs-BA\",\"potentialAction\":[{\"@type\":\"CommentAction\",\"name\":\"Comment\",\"target\":[\"https:\/\/sandzakpress.net\/arhiva\/jovanovic-u-srebrenici-srbija-24-godine-gleda-svijet-jednim-okom-a-zapravo-je-slijepa\/#respond\"]}]},{\"@type\":\"WebPage\",\"@id\":\"https:\/\/sandzakpress.net\/arhiva\/jovanovic-u-srebrenici-srbija-24-godine-gleda-svijet-jednim-okom-a-zapravo-je-slijepa\/\",\"url\":\"https:\/\/sandzakpress.net\/arhiva\/jovanovic-u-srebrenici-srbija-24-godine-gleda-svijet-jednim-okom-a-zapravo-je-slijepa\/\",\"name\":\"Jovanovi\u0107 u Srebrenici: Srbija 24 godine gleda svijet jednim okom, a zapravo je slijepa\",\"isPartOf\":{\"@id\":\"https:\/\/sandzakpress.net\/arhiva\/#website\"},\"primaryImageOfPage\":{\"@id\":\"https:\/\/sandzakpress.net\/arhiva\/jovanovic-u-srebrenici-srbija-24-godine-gleda-svijet-jednim-okom-a-zapravo-je-slijepa\/#primaryimage\"},\"image\":{\"@id\":\"https:\/\/sandzakpress.net\/arhiva\/jovanovic-u-srebrenici-srbija-24-godine-gleda-svijet-jednim-okom-a-zapravo-je-slijepa\/#primaryimage\"},\"thumbnailUrl\":\"https:\/\/static.klix.ba\/media\/images\/vijesti\/190711099.2_xl.jpg?v=1\",\"datePublished\":\"2019-07-11T15:57:11+00:00\",\"breadcrumb\":{\"@id\":\"https:\/\/sandzakpress.net\/arhiva\/jovanovic-u-srebrenici-srbija-24-godine-gleda-svijet-jednim-okom-a-zapravo-je-slijepa\/#breadcrumb\"},\"inLanguage\":\"bs-BA\",\"potentialAction\":[{\"@type\":\"ReadAction\",\"target\":[\"https:\/\/sandzakpress.net\/arhiva\/jovanovic-u-srebrenici-srbija-24-godine-gleda-svijet-jednim-okom-a-zapravo-je-slijepa\/\"]}]},{\"@type\":\"ImageObject\",\"inLanguage\":\"bs-BA\",\"@id\":\"https:\/\/sandzakpress.net\/arhiva\/jovanovic-u-srebrenici-srbija-24-godine-gleda-svijet-jednim-okom-a-zapravo-je-slijepa\/#primaryimage\",\"url\":\"https:\/\/static.klix.ba\/media\/images\/vijesti\/190711099.2_xl.jpg?v=1\",\"contentUrl\":\"https:\/\/static.klix.ba\/media\/images\/vijesti\/190711099.2_xl.jpg?v=1\"},{\"@type\":\"BreadcrumbList\",\"@id\":\"https:\/\/sandzakpress.net\/arhiva\/jovanovic-u-srebrenici-srbija-24-godine-gleda-svijet-jednim-okom-a-zapravo-je-slijepa\/#breadcrumb\",\"itemListElement\":[{\"@type\":\"ListItem\",\"position\":1,\"name\":\"Home\",\"item\":\"https:\/\/sandzakpress.net\/arhiva\/\"},{\"@type\":\"ListItem\",\"position\":2,\"name\":\"Jovanovi\u0107 u Srebrenici: Srbija 24 godine gleda svijet jednim okom, a zapravo je slijepa\"}]},{\"@type\":\"WebSite\",\"@id\":\"https:\/\/sandzakpress.net\/arhiva\/#website\",\"url\":\"https:\/\/sandzakpress.net\/arhiva\/\",\"name\":\"Sand\u017eak PRESS\",\"description\":\"Prve elektronske novine u Sand\u017eaku\",\"publisher\":{\"@id\":\"https:\/\/sandzakpress.net\/arhiva\/#\/schema\/person\/6e72b67d6e51910a1117b3b483ba20bd\"},\"potentialAction\":[{\"@type\":\"SearchAction\",\"target\":{\"@type\":\"EntryPoint\",\"urlTemplate\":\"https:\/\/sandzakpress.net\/arhiva\/?s={search_term_string}\"},\"query-input\":{\"@type\":\"PropertyValueSpecification\",\"valueRequired\":true,\"valueName\":\"search_term_string\"}}],\"inLanguage\":\"bs-BA\"},{\"@type\":[\"Person\",\"Organization\"],\"@id\":\"https:\/\/sandzakpress.net\/arhiva\/#\/schema\/person\/6e72b67d6e51910a1117b3b483ba20bd\",\"name\":\"Kul\",\"image\":{\"@type\":\"ImageObject\",\"inLanguage\":\"bs-BA\",\"@id\":\"https:\/\/sandzakpress.net\/arhiva\/#\/schema\/person\/image\/\",\"url\":\"https:\/\/secure.gravatar.com\/avatar\/42263f39aa27ac04c43cab85c280eb2e?s=96&d=mm&r=pg\",\"contentUrl\":\"https:\/\/secure.gravatar.com\/avatar\/42263f39aa27ac04c43cab85c280eb2e?s=96&d=mm&r=pg\",\"caption\":\"Kul\"},\"logo\":{\"@id\":\"https:\/\/sandzakpress.net\/arhiva\/#\/schema\/person\/image\/\"}},{\"@type\":\"Person\",\"@id\":\"https:\/\/sandzakpress.net\/arhiva\/#\/schema\/person\/c8baee722073534b583ea7bdb2e36c02\",\"name\":\"bosniak\",\"image\":{\"@type\":\"ImageObject\",\"inLanguage\":\"bs-BA\",\"@id\":\"https:\/\/sandzakpress.net\/arhiva\/#\/schema\/person\/image\/\",\"url\":\"https:\/\/secure.gravatar.com\/avatar\/a04fd330bfe3a36a72a0ad4a6d89fca7?s=96&d=mm&r=pg\",\"contentUrl\":\"https:\/\/secure.gravatar.com\/avatar\/a04fd330bfe3a36a72a0ad4a6d89fca7?s=96&d=mm&r=pg\",\"caption\":\"bosniak\"},\"url\":\"https:\/\/sandzakpress.net\/arhiva\/author\/bosniak\/\"}]}<\/script>\n<!-- \/ Yoast SEO Premium plugin. -->","yoast_head_json":{"title":"Jovanovi\u0107 u Srebrenici: Srbija 24 godine gleda svijet jednim okom, a zapravo je slijepa","robots":{"index":"index","follow":"follow","max-snippet":"max-snippet:-1","max-image-preview":"max-image-preview:large","max-video-preview":"max-video-preview:-1"},"canonical":"https:\/\/sandzakpress.net\/arhiva\/jovanovic-u-srebrenici-srbija-24-godine-gleda-svijet-jednim-okom-a-zapravo-je-slijepa\/","og_locale":"bs_BA","og_type":"article","og_title":"Jovanovi\u0107 u Srebrenici: Srbija 24 godine gleda svijet jednim okom, a zapravo je slijepa","og_description":"\u010cedomir Jovanovi\u0107, predsjednik LDP-a, savjetnik \u010dlana Predsjedni\u0161tva BiH \u017deljka Kom\u0161i\u0107a i ove godine, 11. jula u Poto\u010darima je javno govorio o tome da je u Srebrenici po\u010dinjen genocid. Kazao je da na obilje\u017eavanje godi\u0161njice genocida svake godine dolazi, izme\u0111u ostalog, zbog Srbije i srpskog naroda koje mora prihvatiti ono \u0161to se dogodilo 1995. godine. \u201cTaj [&hellip;]","og_url":"https:\/\/sandzakpress.net\/arhiva\/jovanovic-u-srebrenici-srbija-24-godine-gleda-svijet-jednim-okom-a-zapravo-je-slijepa\/","og_site_name":"Sand\u017eak PRESS","article_published_time":"2019-07-11T15:57:11+00:00","og_image":[{"url":"https:\/\/static.klix.ba\/media\/images\/vijesti\/190711099.2_xl.jpg?v=1","type":"","width":"","height":""}],"author":"bosniak","twitter_card":"summary_large_image","twitter_misc":{"Written by":"bosniak","Est. reading time":"1 minuta"},"schema":{"@context":"https:\/\/schema.org","@graph":[{"@type":"Article","@id":"https:\/\/sandzakpress.net\/arhiva\/jovanovic-u-srebrenici-srbija-24-godine-gleda-svijet-jednim-okom-a-zapravo-je-slijepa\/#article","isPartOf":{"@id":"https:\/\/sandzakpress.net\/arhiva\/jovanovic-u-srebrenici-srbija-24-godine-gleda-svijet-jednim-okom-a-zapravo-je-slijepa\/"},"author":{"name":"bosniak","@id":"https:\/\/sandzakpress.net\/arhiva\/#\/schema\/person\/c8baee722073534b583ea7bdb2e36c02"},"headline":"Jovanovi\u0107 u Srebrenici: Srbija 24 godine gleda svijet jednim okom, a zapravo je slijepa","datePublished":"2019-07-11T15:57:11+00:00","mainEntityOfPage":{"@id":"https:\/\/sandzakpress.net\/arhiva\/jovanovic-u-srebrenici-srbija-24-godine-gleda-svijet-jednim-okom-a-zapravo-je-slijepa\/"},"wordCount":280,"commentCount":0,"publisher":{"@id":"https:\/\/sandzakpress.net\/arhiva\/#\/schema\/person\/6e72b67d6e51910a1117b3b483ba20bd"},"image":{"@id":"https:\/\/sandzakpress.net\/arhiva\/jovanovic-u-srebrenici-srbija-24-godine-gleda-svijet-jednim-okom-a-zapravo-je-slijepa\/#primaryimage"},"thumbnailUrl":"https:\/\/static.klix.ba\/media\/images\/vijesti\/190711099.2_xl.jpg?v=1","keywords":["Bosna i Hercegovina"],"articleSection":["Bosna PRESS"],"inLanguage":"bs-BA","potentialAction":[{"@type":"CommentAction","name":"Comment","target":["https:\/\/sandzakpress.net\/arhiva\/jovanovic-u-srebrenici-srbija-24-godine-gleda-svijet-jednim-okom-a-zapravo-je-slijepa\/#respond"]}]},{"@type":"WebPage","@id":"https:\/\/sandzakpress.net\/arhiva\/jovanovic-u-srebrenici-srbija-24-godine-gleda-svijet-jednim-okom-a-zapravo-je-slijepa\/","url":"https:\/\/sandzakpress.net\/arhiva\/jovanovic-u-srebrenici-srbija-24-godine-gleda-svijet-jednim-okom-a-zapravo-je-slijepa\/","name":"Jovanovi\u0107 u Srebrenici: Srbija 24 godine gleda svijet jednim okom, a zapravo je slijepa","isPartOf":{"@id":"https:\/\/sandzakpress.net\/arhiva\/#website"},"primaryImageOfPage":{"@id":"https:\/\/sandzakpress.net\/arhiva\/jovanovic-u-srebrenici-srbija-24-godine-gleda-svijet-jednim-okom-a-zapravo-je-slijepa\/#primaryimage"},"image":{"@id":"https:\/\/sandzakpress.net\/arhiva\/jovanovic-u-srebrenici-srbija-24-godine-gleda-svijet-jednim-okom-a-zapravo-je-slijepa\/#primaryimage"},"thumbnailUrl":"https:\/\/static.klix.ba\/media\/images\/vijesti\/190711099.2_xl.jpg?v=1","datePublished":"2019-07-11T15:57:11+00:00","breadcrumb":{"@id":"https:\/\/sandzakpress.net\/arhiva\/jovanovic-u-srebrenici-srbija-24-godine-gleda-svijet-jednim-okom-a-zapravo-je-slijepa\/#breadcrumb"},"inLanguage":"bs-BA","potentialAction":[{"@type":"ReadAction","target":["https:\/\/sandzakpress.net\/arhiva\/jovanovic-u-srebrenici-srbija-24-godine-gleda-svijet-jednim-okom-a-zapravo-je-slijepa\/"]}]},{"@type":"ImageObject","inLanguage":"bs-BA","@id":"https:\/\/sandzakpress.net\/arhiva\/jovanovic-u-srebrenici-srbija-24-godine-gleda-svijet-jednim-okom-a-zapravo-je-slijepa\/#primaryimage","url":"https:\/\/static.klix.ba\/media\/images\/vijesti\/190711099.2_xl.jpg?v=1","contentUrl":"https:\/\/static.klix.ba\/media\/images\/vijesti\/190711099.2_xl.jpg?v=1"},{"@type":"BreadcrumbList","@id":"https:\/\/sandzakpress.net\/arhiva\/jovanovic-u-srebrenici-srbija-24-godine-gleda-svijet-jednim-okom-a-zapravo-je-slijepa\/#breadcrumb","itemListElement":[{"@type":"ListItem","position":1,"name":"Home","item":"https:\/\/sandzakpress.net\/arhiva\/"},{"@type":"ListItem","position":2,"name":"Jovanovi\u0107 u Srebrenici: Srbija 24 godine gleda svijet jednim okom, a zapravo je slijepa"}]},{"@type":"WebSite","@id":"https:\/\/sandzakpress.net\/arhiva\/#website","url":"https:\/\/sandzakpress.net\/arhiva\/","name":"Sand\u017eak PRESS","description":"Prve elektronske novine u Sand\u017eaku","publisher":{"@id":"https:\/\/sandzakpress.net\/arhiva\/#\/schema\/person\/6e72b67d6e51910a1117b3b483ba20bd"},"potentialAction":[{"@type":"SearchAction","target":{"@type":"EntryPoint","urlTemplate":"https:\/\/sandzakpress.net\/arhiva\/?s={search_term_string}"},"query-input":{"@type":"PropertyValueSpecification","valueRequired":true,"valueName":"search_term_string"}}],"inLanguage":"bs-BA"},{"@type":["Person","Organization"],"@id":"https:\/\/sandzakpress.net\/arhiva\/#\/schema\/person\/6e72b67d6e51910a1117b3b483ba20bd","name":"Kul","image":{"@type":"ImageObject","inLanguage":"bs-BA","@id":"https:\/\/sandzakpress.net\/arhiva\/#\/schema\/person\/image\/","url":"https:\/\/secure.gravatar.com\/avatar\/42263f39aa27ac04c43cab85c280eb2e?s=96&d=mm&r=pg","contentUrl":"https:\/\/secure.gravatar.com\/avatar\/42263f39aa27ac04c43cab85c280eb2e?s=96&d=mm&r=pg","caption":"Kul"},"logo":{"@id":"https:\/\/sandzakpress.net\/arhiva\/#\/schema\/person\/image\/"}},{"@type":"Person","@id":"https:\/\/sandzakpress.net\/arhiva\/#\/schema\/person\/c8baee722073534b583ea7bdb2e36c02","name":"bosniak","image":{"@type":"ImageObject","inLanguage":"bs-BA","@id":"https:\/\/sandzakpress.net\/arhiva\/#\/schema\/person\/image\/","url":"https:\/\/secure.gravatar.com\/avatar\/a04fd330bfe3a36a72a0ad4a6d89fca7?s=96&d=mm&r=pg","contentUrl":"https:\/\/secure.gravatar.com\/avatar\/a04fd330bfe3a36a72a0ad4a6d89fca7?s=96&d=mm&r=pg","caption":"bosniak"},"url":"https:\/\/sandzakpress.net\/arhiva\/author\/bosniak\/"}]}},"_links":{"self":[{"href":"https:\/\/sandzakpress.net\/arhiva\/wp-json\/wp\/v2\/posts\/226032"}],"collection":[{"href":"https:\/\/sandzakpress.net\/arhiva\/wp-json\/wp\/v2\/posts"}],"about":[{"href":"https:\/\/sandzakpress.net\/arhiva\/wp-json\/wp\/v2\/types\/post"}],"author":[{"embeddable":true,"href":"https:\/\/sandzakpress.net\/arhiva\/wp-json\/wp\/v2\/users\/83"}],"replies":[{"embeddable":true,"href":"https:\/\/sandzakpress.net\/arhiva\/wp-json\/wp\/v2\/comments?post=226032"}],"version-history":[{"count":0,"href":"https:\/\/sandzakpress.net\/arhiva\/wp-json\/wp\/v2\/posts\/226032\/revisions"}],"wp:attachment":[{"href":"https:\/\/sandzakpress.net\/arhiva\/wp-json\/wp\/v2\/media?parent=226032"}],"wp:term":[{"taxonomy":"category","embeddable":true,"href":"https:\/\/sandzakpress.net\/arhiva\/wp-json\/wp\/v2\/categories?post=226032"},{"taxonomy":"post_tag","embeddable":true,"href":"https:\/\/sandzakpress.net\/arhiva\/wp-json\/wp\/v2\/tags?post=226032"}],"curies":[{"name":"wp","href":"https:\/\/api.w.org\/{rel}","templated":true}]}}