{"id":225966,"date":"2019-07-11T09:01:12","date_gmt":"2019-07-11T07:01:12","guid":{"rendered":"https:\/\/sandzakpress.net\/arhiva\/beba-amila-les-broj-172"},"modified":"2019-07-11T09:01:12","modified_gmt":"2019-07-11T07:01:12","slug":"beba-amila-les-broj-172","status":"publish","type":"post","link":"https:\/\/sandzakpress.net\/arhiva\/beba-amila-les-broj-172\/","title":{"rendered":"Beba Amila \u2013 le\u0161 broj 172"},"content":{"rendered":"<p><span class=\"cb-itemprop\"><\/p>\n<p><img loading=\"lazy\" decoding=\"async\" class=\"alignnone size-medium wp-image-210269\" src=\"https:\/\/bosnapress.net\/wp-content\/uploads\/2019\/07\/amila5-300x220.jpg\" alt=\"\" width=\"300\" height=\"220\" \/><\/p>\n<p>Zapisnik sa obdukcije: strana 70, le\u0161 br. 172.<\/p>\n<p><em>Amila D\u017eaferagi\u0107, k\u0107i \u0160emse, ro\u0111ena 29. 02. 1992. godine u Biljanima \u2013 Klju\u010d, prepoznata po ocu \u0160emsi.<\/em><\/p>\n<p><em>Odje\u0107a:\u00a0Dje\u010dija benkica bijela na kop\u010danje sa tri dugmeta, dje\u010dije gegice sive, pamu\u010dne bijele duge ga\u0107e, \u0161tramplice dje\u010dije bijele, melni ga\u0107ice i pamu\u010dna bijela pelena unutra\u2026<\/em><\/p>\n<p><em>Na\u0111eni predmeti:\u00a0Jedna bijela i jedna plava dje\u010dija cucla-duda\u2026<\/em><\/p>\n<p>U zapisniku pi\u0161e dalje:\u00a0<em>Likvidirana pucnjem u glavu.<\/em><\/p>\n<h4>Gotovo u trenu nestali su\u00a0Biljani<\/h4>\n<p>Kako vjerovati da smrt petomjese\u010dne Amile nije bila planirana, mo\u017eda slu\u010dajno pogo\u0111ena, dok ju je majka dr\u017eala u naru\u010dju\u2026<\/p>\n<p>Ubijena je u poku\u0161aju pravljenja \u201cdr\u017eave srpkog naroda\u201d, u kojoj je i beba po imenu Amila smetala i za \u010dije je nestajanje morala biti skrivena, kao da nikad nije ni postojala \u2013 u prirodnoj jami \u2013 pe\u0107ini u podno\u017eju planine Grme\u010d, iznad kraji\u0161kog gradi\u0107a Klju\u010da.<\/p>\n<p>U jednom trenu ubijena su jo\u0161 263 Amilina sugra\u0111anina. Gotovo u tom trenu nestali su\u00a0Biljani.<\/p>\n<p>Bilo je to\u00a010. jula 1992. godine.<\/p>\n<p>I njihovo je postojanje, poput Amilinog, moralo biti skriveno. U istoj prirodnoj jami, ali i drugim u blizini. Po imenima Lani\u0161te\u00a0I i II, Crvena zemlja, Prhovo\u2026<\/p>\n<h4>Polje bijelih ni\u0161ana<\/h4>\n<p>Juli je, 26\u00a0godina kasnije. U polju bijelih ni\u0161ana. Ti\u0161inu remeti tek cvrkut ptica i pokoji korak posjetilaca u mezarju Memorijalnog centra u Biljanima, petnaestak kilometara od sredi\u0161ta op\u0107ine Klju\u010d u Bosanskoj krajini.<\/p>\n<p>\u0160emso D\u017eaferagi\u0107 je iznad ni\u0161ana svoje Amile. Pored nje su ukopani i stariji brat, s\u00a0nepune \u010detiri godine, supruga i majka, zatim otac mu, brat, sestra, sestri\u010dna\u2026 I dalje jo\u0161 260 nedu\u017enih Biljan\u010dana, koji su ubijeni ovdje, ispred nekada\u0161nje zgrade osnovne \u0161kole i Doma kulture.<\/p>\n<p>Pre\u017eivjelo ih je pedesetak,\u00a0onih koji su pukom sre\u0107om negdje \u201czastali\u201d u vo\u0107njacima, \u0161umi iznad sela\u2026 Ili su bili \u201cna privremenom radu\u201d u inostranstvu. Nisu se tog julskog dana zatekli u Biljanima.<\/p>\n<p>\u0160emso je jedini mu\u0161karac u porodici koji je pre\u017eivio tog dana.<\/p>\n<p>\u201cPogledom sam ih ispratio u smrt. Gledao s ruba \u0161ume\u00a0kada su ih odvodili\u2026 Dvadeset i \u0161est godina tra\u017eim odgovor \u2013 gdje to ima da neko tako sve uni\u0161ti, pobije, sve unakazi\u2026\u00a0Zamisli tu moju Amilu, one njene rukice, mogu li one njene rukice\u2026 da ih vi\u0161e nema, da ih se nagleda\u0161, da pi\u0161u, da idu u \u0161kolu\u2026 Kako koje jutro osvane. krije\u0161 o\u010di, da ne vidi\u0161 jutra, da ne vidi\u0161 kako djeca idu u \u0161kolu, kako ljudi idu na posao\u2026 Znate, sama \u010dinjenica da moram prou\u010diti sedam\u00a0<em>Fatiha<\/em>\u00a0je te\u0161ka. Te\u0161ko je to opisati. Te\u0161ko je ovdje \u017eivjeti kada vas sve podsje\u0107a na pro\u0161lost, na tragediju. Mnogi to danas\u00a0ne razumiju. Pogledajte, kud se god okrenete,\u00a0pred vama su bijeli ni\u0161ani. Kad u\u010di\u0161\u00a0<em>Fatihu,<\/em>\u00a0bori\u0161 se sam sa sobom,\u00a0i to je neopisivo, neizdr\u017eivo\u2026\u201d<\/p>\n<h4>Stare i bolesne zapalili u \u0161tali<\/h4>\n<p>Malo dalje iznad ni\u0161ana majke Nesima, Devleta, Senada, pa Ale\u2026<\/p>\n<p>Govore: \u201cEvo, gledajte, gotovo svi Avdi\u0107i su ubijeni, pa Botonji\u0107i, \u010caji\u0107i, Bajri\u0107i, Domazeti\u2026\u00a0Svaki dan nam \u00a0se vra\u0107aju te slike. Ne znamo \u0161ta da ka\u017eemo. Jo\u0161 nam pred o\u010dima gomila ubijenih, ovdje, u dvori\u0161tu ispred \u0161kole\u2026\u201d<\/p>\n<p>Senada je to sve gledala sa tavana obli\u017enje ku\u0107e.<\/p>\n<p>\u201cKrvava trava. Cucla male Amile, koju su, s bratom i sestrom, ubili u maj\u010dinom naru\u010dju. Stalno mi se vra\u0107a ta cucla pred o\u010di. I danas vidim kada iz ruku majke joj\u00a0otimaju fla\u0161icu i bacaju je\u2026\u201d<\/p>\n<p>Otimaju se \u0161krte rije\u010di dalje.<\/p>\n<p>\u201cU dijelu Biljana, naselja kojeg smo zvali Botonji\u0107i, ubijeni su svi. Njih 57 iz \u010detrdesetak ku\u0107a. A kako su i \u0161ta radili govori i to da su jedanaestoro starih i bolesnih zapalili u \u0161tali.\u00a0I jo\u0161 dvoje staraca Beharu i Pa\u0161u Botonji\u0107a u njihovoj ku\u0107i.\u201d<\/p>\n<p>Suhom oko\u0161talom rukom ni\u0161ane miluje i Aj\u0161a. Sinovi su joj tu \u2013 Ferhat, Mustafa, Muharem i Husein.<\/p>\n<p>Tu je i Hidajet Botonji\u0107. Prona\u0161ao je i ukopao kosti majke, koju su zapalili u \u0161tali.<\/p>\n<p>I Elvis Be\u0107irevi\u0107 je tu. U to vrijeme desetogodi\u0161njak. Izgubio je cijelu porodicu.<\/p>\n<h4>Rukopis zlo\u010dina kao i u\u00a0Srebrenici<\/h4>\n<p>\u201cAli, kako?\u201d, pita se \u0160emso D\u017eaferovi\u0107.<\/p>\n<p>\u201cOvo je isto Srebrenica. Klju\u010d je malo mjesto, ali i u njemu je po\u010dinjen genocid. Rukopis zlo\u010dina isti je kao i u Srebrenici. I ovaj zlo\u010din po\u010dinjen ovdje jedan je od zlo\u010dina koji nekako ostaje u sjeni srebreni\u010dke tragedije, koji se dogodio tri godine ranije. Srebreni\u010dki je genocid sasvim logi\u010dno slijed poduzete zlo\u010dina\u010dke politike. Da je me\u0111unarodna zajednica reagirala tog 10. jula 1992. godine u Biljanima, ili koji dan kasnije u Prhovu, ili u susjednom Sanskom Mostu, pa u Prijedoru, ne bi bilo Srebrenice. Ali\u2026\u201d<\/p>\n<p>Zato im ni 26\u00a0godina kasnije nije jasno \u2013 za\u0161to?<\/p>\n<p>\u0160ta je to pokrenulo njihovog u\u010ditelja Dragu Samard\u017eiju, pa Marka Samard\u017eiju da, s\u00a0pripadnicima 17. lake pje\u0161adijske brigade srpske vojske i pripadnicima rezervnog sastava policije Klju\u010d ubiju 264 civila Bo\u0161njaka iz Biljana, Osmanovi\u0107a, Domazeta, D\u017eaferagi\u0107a, \u0106ehi\u0107a, Me\u0161ana i Jabukovca, nakon \u0161to su ih u zgradi biv\u0161e osnovne \u0161kole i Doma kulture dan i no\u0107 mu\u010dili i\u00a0onda ih bacili u \u0161umske jame?\u00a0Kako odgovoriti i za ubijanje \u0161estoro djece me\u0111u njima?<\/p>\n<h4>Hida iz Prhova<\/h4>\n<p>A tamo, malo dalje, u brdima, na lijevoj obali Sane \u2013 Prhovo. I druga, susjedna sela. Na desnoj obali su srpska, povezana mostovima jedna sa\u00a0drugim.<\/p>\n<p>Tu, u Prhovu, \u017eivjela je Hida sa svojih pet k\u0107eri i sinom. Mu\u017e joj je, poput gotovo svih drugih \u201cmu\u0161kih glava\u201d iz sela, radio u Velenju, u Sloveniji, i svakog vikenda donosio zaradu. Izgradili lijepu ku\u0107u, \u0161kolovali djecu. Kad je svojim materinskim instinktom Hida osjetila da im svima prijeti zlo, prelazila Sanu i i\u0161la kod kom\u0161ija Srba, da pita\u00a0\u0161ta se to, zapravo, sprema. Me\u0111utim, ni\u0161ta joj nije pomoglo. Ni njoj, ni ostalim mje\u0161tanima Prhova.<\/p>\n<p>Ku\u0107e su topovima ru\u0161ene, a njih 57 skupilo se na poljanu. Sabili ih u tor i ga\u0111ali topovskim granatama. Hida je pala po svojoj Semiri, Emiri, Zemini i Ned\u017eadu, a kom\u0161inica po najmla\u0111oj, trogodi\u0161njoj Azri. Ostala je \u017eiva, ni sama ne znaju\u0107i kako. Azru joj kom\u0161inica dovela sutradan. Vode\u0107i je za ruku, stigla je nekoliko mjeseci kasnije do mu\u017ea u Sloveniju.<\/p>\n<p>Azra se danas poku\u0161ava sjetiti svega. I dalje joj nejasne slike titraju pred o\u010dima.<\/p>\n<p>\u201cJedino \u010desto osjetim po rukama, po dlanovima, toplu krv, onu koja mi se od ubijene bra\u0107e i sestara razlijevala, poku\u0161avam je saprati, ali ne ide\u201d, kazuje.<\/p>\n<p>U\u010dila je Azra u Sloveniji da u gr\u010dkoj mitologiji i u gr\u010dkim tragedijama postoji ne\u0161to sli\u010dno ovom i njenoj sudbini. Me\u0111utim, pita se: \u201cIma li tamo Amila, ima li Hida, Ned\u017ead, mo\u017eeli se to zaboraviti?\u201d<\/p>\n<h4>Niko se ne bi sagnuo da se napije rijeke zaborava<\/h4>\n<p>Zna da u toj mitologiji postoji rijeka Leta, i ako se napije\u0161 njene vode \u2013 sve zaboravi\u0161.<\/p>\n<p>\u201cNiko od nas ne bi se sagnuo da se napije\u00a0te vode zaborava, ne znam da kako je \u017eedan, jer ne bi mogao zaboraviti zlo koje se desilo Prhovu, Biljanima, koje se desilo \u0160emsi, Hidi, Amili, zlo koje su napravili oni koji su sa brda komandovali topd\u017eijama\u201d,\u00a0sigurna je Azra.<\/p>\n<p>Zlo\u010dini u Biljanima, u Prhovu, u Klju\u010du\u2026 bili su predmet Me\u0111unarodnog suda u Hagu i Tu\u017eila\u0161tva Bosne i Hercegovine. Me\u0111utim, tek su trojica odgovornih procesuirana, a svi raspolo\u017eivi podaci ukazuju da je i zlo\u010din ovdje, u dolini Sane \u2013 nad civilima\u00a0Bo\u0161njacima \u2013 izvr\u0161en s\u00a0dobro poznatom velikosrpskom ideologijom o uni\u0161tenju Bosne i Hercegovine\u00a0i istrebljenju Bo\u0161njaka.<\/p>\n<p>Govori to i \u010dinjenica da je od maja do septembra 1992. godine u Klju\u010du ubijeno 612 Bo\u0161njaka i Hrvata. Od tog broja, 563 su prona\u0111ena u masovnim grobnicama Lani\u0161te I, Lani\u0161te II, Crvena zemlja, Prhovo i u ostalih 13. Kroz logore Manja\u010da i Kamenica pro\u0161lo je vi\u0161e od 1.200 Klju\u010dana.<\/p>\n<p>Svaki je Klju\u010danin danas\u00a0jedna tu\u017ena i neotvorena knjiga, pogotovo \u0161to su tek trojica iz kolone po\u010dinilaca zlo\u010dina privedeni sudu pravde. Zato, kazat \u0107e svi, ne mo\u017ee se \u0161utjeti o tom zlo\u010dinu, uprkos gor\u010dini koju osje\u0107aju danas \u2013 ne mo\u017ee se \u0161utjeti.<\/p>\n<h4>Rije\u010d bolja od ti\u0161ine, \u0161utnje\u2026<\/h4>\n<p><em>\u201cKad bi neko i u snu poubijao ovoliko ljudi, probu\u0111en on bi sam pred sobom crvenio se\u201d<\/em>, odjekuju stihovi pjesnika Klju\u010danina Enesa Ki\u0161evi\u0107a, koji je ovako opisao Biljane, Prhovo, Velagi\u0107e, Klju\u010d. I nastavlja dalje tra\u017eiti u pjesmi na\u010din da prekine lanac mr\u017enje.<\/p>\n<p><em>\u201cLako je pisati rije\u010di, lupetati rije\u010di, koje donose mr\u017enju, koje donose vatru. Lako je\u00a0to, ali treba donositi rije\u010d, rije\u010d koja \u0107e biti bolja od ti\u0161ine, prirode. Bolja od \u0161utnje, biljanske. Samo takva\u00a0rije\u010d\u00a0mo\u017ee otvarati ljudima razbor.\u201d<\/em><\/p>\n<p>Zato se i okupljaju svakog 10. jula u Memorijalnom centru, u polju bijelih ni\u0161ana. I ovoga su jula do\u0161li.<\/p>\n<p>\u0160emso, Azra, Hida, Ned\u017ead, Ale\u2026 kao i drugi u Biljanima i Prhovu, koji su izgubili najbli\u017ee, na pri\u010daju puno o svojoj pro\u0161losti, jer je dobrim dijelom, kako ka\u017eu, \u017eive. Koliko god ih \u017eivot gura dalje, ka budu\u0107nosti, oni jednim dijelom \u017eive u pro\u0161losti, koja je za njih sveta.<\/p>\n<p>Zato i ovoga jula podsje\u0107anje na dan kada su Biljani i Prhovo\u00a0gotovo nestali. I \u0161utnja u polju bijelih ni\u0161ana, jer se tu ne mo\u017ee pri\u010dati. Ali, zbog njih se dolazi.<\/p>\n<p><em>Izvor: Al Jazeera<\/em><\/p>\n<p><\/span><br \/>\nPogledajte vijest na izvornom sajtu:<\/p>\n<p><a href=\"https:\/\/bosnapress.net\/beba-amila-les-broj-172-2\/\" target=\"_blank\">Beba Amila \u2013 le\u0161 broj 172<\/a><\/p>\n","protected":false},"excerpt":{"rendered":"<p>Zapisnik sa obdukcije: strana 70, le\u0161 br. 172. Amila D\u017eaferagi\u0107, k\u0107i \u0160emse, ro\u0111ena 29. 02. 1992. godine u Biljanima \u2013 Klju\u010d, prepoznata po ocu \u0160emsi. Odje\u0107a:\u00a0Dje\u010dija benkica bijela na kop\u010danje sa tri dugmeta, dje\u010dije gegice sive, pamu\u010dne bijele duge ga\u0107e, \u0161tramplice dje\u010dije bijele, melni ga\u0107ice i pamu\u010dna bijela pelena unutra\u2026 Na\u0111eni predmeti:\u00a0Jedna bijela i jedna [&hellip;]<\/p>\n","protected":false},"author":83,"featured_media":225967,"comment_status":"open","ping_status":"open","sticky":false,"template":"","format":"standard","meta":{"footnotes":""},"categories":[10513],"tags":[10466],"class_list":{"0":"post-225966","1":"post","2":"type-post","3":"status-publish","4":"format-standard","5":"has-post-thumbnail","7":"category-bosna-press","8":"tag-bosna-i-hercegovina"},"yoast_head":"<!-- This site is optimized with the Yoast SEO Premium plugin v23.1 (Yoast SEO v24.9) - https:\/\/yoast.com\/wordpress\/plugins\/seo\/ -->\n<title>Beba Amila \u2013 le\u0161 broj 172<\/title>\n<meta name=\"robots\" content=\"index, follow, max-snippet:-1, max-image-preview:large, max-video-preview:-1\" \/>\n<link rel=\"canonical\" href=\"https:\/\/sandzakpress.net\/arhiva\/beba-amila-les-broj-172\/\" \/>\n<meta property=\"og:locale\" content=\"bs_BA\" \/>\n<meta property=\"og:type\" content=\"article\" \/>\n<meta property=\"og:title\" content=\"Beba Amila \u2013 le\u0161 broj 172\" \/>\n<meta property=\"og:description\" content=\"Zapisnik sa obdukcije: strana 70, le\u0161 br. 172. Amila D\u017eaferagi\u0107, k\u0107i \u0160emse, ro\u0111ena 29. 02. 1992. godine u Biljanima \u2013 Klju\u010d, prepoznata po ocu \u0160emsi. Odje\u0107a:\u00a0Dje\u010dija benkica bijela na kop\u010danje sa tri dugmeta, dje\u010dije gegice sive, pamu\u010dne bijele duge ga\u0107e, \u0161tramplice dje\u010dije bijele, melni ga\u0107ice i pamu\u010dna bijela pelena unutra\u2026 Na\u0111eni predmeti:\u00a0Jedna bijela i jedna [&hellip;]\" \/>\n<meta property=\"og:url\" content=\"https:\/\/sandzakpress.net\/arhiva\/beba-amila-les-broj-172\/\" \/>\n<meta property=\"og:site_name\" content=\"Sand\u017eak PRESS\" \/>\n<meta property=\"article:published_time\" content=\"2019-07-11T07:01:12+00:00\" \/>\n<meta property=\"og:image\" content=\"https:\/\/sandzakpress.net\/arhiva\/wp-content\/uploads\/2019\/07\/amila5-300x220.jpg\" \/>\n\t<meta property=\"og:image:width\" content=\"300\" \/>\n\t<meta property=\"og:image:height\" content=\"220\" \/>\n\t<meta property=\"og:image:type\" content=\"image\/jpeg\" \/>\n<meta name=\"author\" content=\"bosniak\" \/>\n<meta name=\"twitter:card\" content=\"summary_large_image\" \/>\n<meta name=\"twitter:label1\" content=\"Written by\" \/>\n\t<meta name=\"twitter:data1\" content=\"bosniak\" \/>\n\t<meta name=\"twitter:label2\" content=\"Est. reading time\" \/>\n\t<meta name=\"twitter:data2\" content=\"8 minuta\" \/>\n<script type=\"application\/ld+json\" class=\"yoast-schema-graph\">{\"@context\":\"https:\/\/schema.org\",\"@graph\":[{\"@type\":\"Article\",\"@id\":\"https:\/\/sandzakpress.net\/arhiva\/beba-amila-les-broj-172\/#article\",\"isPartOf\":{\"@id\":\"https:\/\/sandzakpress.net\/arhiva\/beba-amila-les-broj-172\/\"},\"author\":{\"name\":\"bosniak\",\"@id\":\"https:\/\/sandzakpress.net\/arhiva\/#\/schema\/person\/c8baee722073534b583ea7bdb2e36c02\"},\"headline\":\"Beba Amila \u2013 le\u0161 broj 172\",\"datePublished\":\"2019-07-11T07:01:12+00:00\",\"mainEntityOfPage\":{\"@id\":\"https:\/\/sandzakpress.net\/arhiva\/beba-amila-les-broj-172\/\"},\"wordCount\":1653,\"commentCount\":0,\"publisher\":{\"@id\":\"https:\/\/sandzakpress.net\/arhiva\/#\/schema\/person\/6e72b67d6e51910a1117b3b483ba20bd\"},\"image\":{\"@id\":\"https:\/\/sandzakpress.net\/arhiva\/beba-amila-les-broj-172\/#primaryimage\"},\"thumbnailUrl\":\"https:\/\/sandzakpress.net\/arhiva\/wp-content\/uploads\/2019\/07\/amila5-300x220.jpg\",\"keywords\":[\"Bosna i Hercegovina\"],\"articleSection\":[\"Bosna PRESS\"],\"inLanguage\":\"bs-BA\",\"potentialAction\":[{\"@type\":\"CommentAction\",\"name\":\"Comment\",\"target\":[\"https:\/\/sandzakpress.net\/arhiva\/beba-amila-les-broj-172\/#respond\"]}]},{\"@type\":\"WebPage\",\"@id\":\"https:\/\/sandzakpress.net\/arhiva\/beba-amila-les-broj-172\/\",\"url\":\"https:\/\/sandzakpress.net\/arhiva\/beba-amila-les-broj-172\/\",\"name\":\"Beba Amila \u2013 le\u0161 broj 172\",\"isPartOf\":{\"@id\":\"https:\/\/sandzakpress.net\/arhiva\/#website\"},\"primaryImageOfPage\":{\"@id\":\"https:\/\/sandzakpress.net\/arhiva\/beba-amila-les-broj-172\/#primaryimage\"},\"image\":{\"@id\":\"https:\/\/sandzakpress.net\/arhiva\/beba-amila-les-broj-172\/#primaryimage\"},\"thumbnailUrl\":\"https:\/\/sandzakpress.net\/arhiva\/wp-content\/uploads\/2019\/07\/amila5-300x220.jpg\",\"datePublished\":\"2019-07-11T07:01:12+00:00\",\"breadcrumb\":{\"@id\":\"https:\/\/sandzakpress.net\/arhiva\/beba-amila-les-broj-172\/#breadcrumb\"},\"inLanguage\":\"bs-BA\",\"potentialAction\":[{\"@type\":\"ReadAction\",\"target\":[\"https:\/\/sandzakpress.net\/arhiva\/beba-amila-les-broj-172\/\"]}]},{\"@type\":\"ImageObject\",\"inLanguage\":\"bs-BA\",\"@id\":\"https:\/\/sandzakpress.net\/arhiva\/beba-amila-les-broj-172\/#primaryimage\",\"url\":\"https:\/\/sandzakpress.net\/arhiva\/wp-content\/uploads\/2019\/07\/amila5-300x220.jpg\",\"contentUrl\":\"https:\/\/sandzakpress.net\/arhiva\/wp-content\/uploads\/2019\/07\/amila5-300x220.jpg\",\"width\":300,\"height\":220},{\"@type\":\"BreadcrumbList\",\"@id\":\"https:\/\/sandzakpress.net\/arhiva\/beba-amila-les-broj-172\/#breadcrumb\",\"itemListElement\":[{\"@type\":\"ListItem\",\"position\":1,\"name\":\"Home\",\"item\":\"https:\/\/sandzakpress.net\/arhiva\/\"},{\"@type\":\"ListItem\",\"position\":2,\"name\":\"Beba Amila \u2013 le\u0161 broj 172\"}]},{\"@type\":\"WebSite\",\"@id\":\"https:\/\/sandzakpress.net\/arhiva\/#website\",\"url\":\"https:\/\/sandzakpress.net\/arhiva\/\",\"name\":\"Sand\u017eak PRESS\",\"description\":\"Prve elektronske novine u Sand\u017eaku\",\"publisher\":{\"@id\":\"https:\/\/sandzakpress.net\/arhiva\/#\/schema\/person\/6e72b67d6e51910a1117b3b483ba20bd\"},\"potentialAction\":[{\"@type\":\"SearchAction\",\"target\":{\"@type\":\"EntryPoint\",\"urlTemplate\":\"https:\/\/sandzakpress.net\/arhiva\/?s={search_term_string}\"},\"query-input\":{\"@type\":\"PropertyValueSpecification\",\"valueRequired\":true,\"valueName\":\"search_term_string\"}}],\"inLanguage\":\"bs-BA\"},{\"@type\":[\"Person\",\"Organization\"],\"@id\":\"https:\/\/sandzakpress.net\/arhiva\/#\/schema\/person\/6e72b67d6e51910a1117b3b483ba20bd\",\"name\":\"Kul\",\"image\":{\"@type\":\"ImageObject\",\"inLanguage\":\"bs-BA\",\"@id\":\"https:\/\/sandzakpress.net\/arhiva\/#\/schema\/person\/image\/\",\"url\":\"https:\/\/secure.gravatar.com\/avatar\/42263f39aa27ac04c43cab85c280eb2e?s=96&d=mm&r=pg\",\"contentUrl\":\"https:\/\/secure.gravatar.com\/avatar\/42263f39aa27ac04c43cab85c280eb2e?s=96&d=mm&r=pg\",\"caption\":\"Kul\"},\"logo\":{\"@id\":\"https:\/\/sandzakpress.net\/arhiva\/#\/schema\/person\/image\/\"}},{\"@type\":\"Person\",\"@id\":\"https:\/\/sandzakpress.net\/arhiva\/#\/schema\/person\/c8baee722073534b583ea7bdb2e36c02\",\"name\":\"bosniak\",\"image\":{\"@type\":\"ImageObject\",\"inLanguage\":\"bs-BA\",\"@id\":\"https:\/\/sandzakpress.net\/arhiva\/#\/schema\/person\/image\/\",\"url\":\"https:\/\/secure.gravatar.com\/avatar\/a04fd330bfe3a36a72a0ad4a6d89fca7?s=96&d=mm&r=pg\",\"contentUrl\":\"https:\/\/secure.gravatar.com\/avatar\/a04fd330bfe3a36a72a0ad4a6d89fca7?s=96&d=mm&r=pg\",\"caption\":\"bosniak\"},\"url\":\"https:\/\/sandzakpress.net\/arhiva\/author\/bosniak\/\"}]}<\/script>\n<!-- \/ Yoast SEO Premium plugin. -->","yoast_head_json":{"title":"Beba Amila \u2013 le\u0161 broj 172","robots":{"index":"index","follow":"follow","max-snippet":"max-snippet:-1","max-image-preview":"max-image-preview:large","max-video-preview":"max-video-preview:-1"},"canonical":"https:\/\/sandzakpress.net\/arhiva\/beba-amila-les-broj-172\/","og_locale":"bs_BA","og_type":"article","og_title":"Beba Amila \u2013 le\u0161 broj 172","og_description":"Zapisnik sa obdukcije: strana 70, le\u0161 br. 172. Amila D\u017eaferagi\u0107, k\u0107i \u0160emse, ro\u0111ena 29. 02. 1992. godine u Biljanima \u2013 Klju\u010d, prepoznata po ocu \u0160emsi. Odje\u0107a:\u00a0Dje\u010dija benkica bijela na kop\u010danje sa tri dugmeta, dje\u010dije gegice sive, pamu\u010dne bijele duge ga\u0107e, \u0161tramplice dje\u010dije bijele, melni ga\u0107ice i pamu\u010dna bijela pelena unutra\u2026 Na\u0111eni predmeti:\u00a0Jedna bijela i jedna [&hellip;]","og_url":"https:\/\/sandzakpress.net\/arhiva\/beba-amila-les-broj-172\/","og_site_name":"Sand\u017eak PRESS","article_published_time":"2019-07-11T07:01:12+00:00","og_image":[{"width":300,"height":220,"url":"https:\/\/sandzakpress.net\/arhiva\/wp-content\/uploads\/2019\/07\/amila5-300x220.jpg","type":"image\/jpeg"}],"author":"bosniak","twitter_card":"summary_large_image","twitter_misc":{"Written by":"bosniak","Est. reading time":"8 minuta"},"schema":{"@context":"https:\/\/schema.org","@graph":[{"@type":"Article","@id":"https:\/\/sandzakpress.net\/arhiva\/beba-amila-les-broj-172\/#article","isPartOf":{"@id":"https:\/\/sandzakpress.net\/arhiva\/beba-amila-les-broj-172\/"},"author":{"name":"bosniak","@id":"https:\/\/sandzakpress.net\/arhiva\/#\/schema\/person\/c8baee722073534b583ea7bdb2e36c02"},"headline":"Beba Amila \u2013 le\u0161 broj 172","datePublished":"2019-07-11T07:01:12+00:00","mainEntityOfPage":{"@id":"https:\/\/sandzakpress.net\/arhiva\/beba-amila-les-broj-172\/"},"wordCount":1653,"commentCount":0,"publisher":{"@id":"https:\/\/sandzakpress.net\/arhiva\/#\/schema\/person\/6e72b67d6e51910a1117b3b483ba20bd"},"image":{"@id":"https:\/\/sandzakpress.net\/arhiva\/beba-amila-les-broj-172\/#primaryimage"},"thumbnailUrl":"https:\/\/sandzakpress.net\/arhiva\/wp-content\/uploads\/2019\/07\/amila5-300x220.jpg","keywords":["Bosna i Hercegovina"],"articleSection":["Bosna PRESS"],"inLanguage":"bs-BA","potentialAction":[{"@type":"CommentAction","name":"Comment","target":["https:\/\/sandzakpress.net\/arhiva\/beba-amila-les-broj-172\/#respond"]}]},{"@type":"WebPage","@id":"https:\/\/sandzakpress.net\/arhiva\/beba-amila-les-broj-172\/","url":"https:\/\/sandzakpress.net\/arhiva\/beba-amila-les-broj-172\/","name":"Beba Amila \u2013 le\u0161 broj 172","isPartOf":{"@id":"https:\/\/sandzakpress.net\/arhiva\/#website"},"primaryImageOfPage":{"@id":"https:\/\/sandzakpress.net\/arhiva\/beba-amila-les-broj-172\/#primaryimage"},"image":{"@id":"https:\/\/sandzakpress.net\/arhiva\/beba-amila-les-broj-172\/#primaryimage"},"thumbnailUrl":"https:\/\/sandzakpress.net\/arhiva\/wp-content\/uploads\/2019\/07\/amila5-300x220.jpg","datePublished":"2019-07-11T07:01:12+00:00","breadcrumb":{"@id":"https:\/\/sandzakpress.net\/arhiva\/beba-amila-les-broj-172\/#breadcrumb"},"inLanguage":"bs-BA","potentialAction":[{"@type":"ReadAction","target":["https:\/\/sandzakpress.net\/arhiva\/beba-amila-les-broj-172\/"]}]},{"@type":"ImageObject","inLanguage":"bs-BA","@id":"https:\/\/sandzakpress.net\/arhiva\/beba-amila-les-broj-172\/#primaryimage","url":"https:\/\/sandzakpress.net\/arhiva\/wp-content\/uploads\/2019\/07\/amila5-300x220.jpg","contentUrl":"https:\/\/sandzakpress.net\/arhiva\/wp-content\/uploads\/2019\/07\/amila5-300x220.jpg","width":300,"height":220},{"@type":"BreadcrumbList","@id":"https:\/\/sandzakpress.net\/arhiva\/beba-amila-les-broj-172\/#breadcrumb","itemListElement":[{"@type":"ListItem","position":1,"name":"Home","item":"https:\/\/sandzakpress.net\/arhiva\/"},{"@type":"ListItem","position":2,"name":"Beba Amila \u2013 le\u0161 broj 172"}]},{"@type":"WebSite","@id":"https:\/\/sandzakpress.net\/arhiva\/#website","url":"https:\/\/sandzakpress.net\/arhiva\/","name":"Sand\u017eak PRESS","description":"Prve elektronske novine u Sand\u017eaku","publisher":{"@id":"https:\/\/sandzakpress.net\/arhiva\/#\/schema\/person\/6e72b67d6e51910a1117b3b483ba20bd"},"potentialAction":[{"@type":"SearchAction","target":{"@type":"EntryPoint","urlTemplate":"https:\/\/sandzakpress.net\/arhiva\/?s={search_term_string}"},"query-input":{"@type":"PropertyValueSpecification","valueRequired":true,"valueName":"search_term_string"}}],"inLanguage":"bs-BA"},{"@type":["Person","Organization"],"@id":"https:\/\/sandzakpress.net\/arhiva\/#\/schema\/person\/6e72b67d6e51910a1117b3b483ba20bd","name":"Kul","image":{"@type":"ImageObject","inLanguage":"bs-BA","@id":"https:\/\/sandzakpress.net\/arhiva\/#\/schema\/person\/image\/","url":"https:\/\/secure.gravatar.com\/avatar\/42263f39aa27ac04c43cab85c280eb2e?s=96&d=mm&r=pg","contentUrl":"https:\/\/secure.gravatar.com\/avatar\/42263f39aa27ac04c43cab85c280eb2e?s=96&d=mm&r=pg","caption":"Kul"},"logo":{"@id":"https:\/\/sandzakpress.net\/arhiva\/#\/schema\/person\/image\/"}},{"@type":"Person","@id":"https:\/\/sandzakpress.net\/arhiva\/#\/schema\/person\/c8baee722073534b583ea7bdb2e36c02","name":"bosniak","image":{"@type":"ImageObject","inLanguage":"bs-BA","@id":"https:\/\/sandzakpress.net\/arhiva\/#\/schema\/person\/image\/","url":"https:\/\/secure.gravatar.com\/avatar\/a04fd330bfe3a36a72a0ad4a6d89fca7?s=96&d=mm&r=pg","contentUrl":"https:\/\/secure.gravatar.com\/avatar\/a04fd330bfe3a36a72a0ad4a6d89fca7?s=96&d=mm&r=pg","caption":"bosniak"},"url":"https:\/\/sandzakpress.net\/arhiva\/author\/bosniak\/"}]}},"_links":{"self":[{"href":"https:\/\/sandzakpress.net\/arhiva\/wp-json\/wp\/v2\/posts\/225966"}],"collection":[{"href":"https:\/\/sandzakpress.net\/arhiva\/wp-json\/wp\/v2\/posts"}],"about":[{"href":"https:\/\/sandzakpress.net\/arhiva\/wp-json\/wp\/v2\/types\/post"}],"author":[{"embeddable":true,"href":"https:\/\/sandzakpress.net\/arhiva\/wp-json\/wp\/v2\/users\/83"}],"replies":[{"embeddable":true,"href":"https:\/\/sandzakpress.net\/arhiva\/wp-json\/wp\/v2\/comments?post=225966"}],"version-history":[{"count":0,"href":"https:\/\/sandzakpress.net\/arhiva\/wp-json\/wp\/v2\/posts\/225966\/revisions"}],"wp:featuredmedia":[{"embeddable":true,"href":"https:\/\/sandzakpress.net\/arhiva\/wp-json\/wp\/v2\/media\/225967"}],"wp:attachment":[{"href":"https:\/\/sandzakpress.net\/arhiva\/wp-json\/wp\/v2\/media?parent=225966"}],"wp:term":[{"taxonomy":"category","embeddable":true,"href":"https:\/\/sandzakpress.net\/arhiva\/wp-json\/wp\/v2\/categories?post=225966"},{"taxonomy":"post_tag","embeddable":true,"href":"https:\/\/sandzakpress.net\/arhiva\/wp-json\/wp\/v2\/tags?post=225966"}],"curies":[{"name":"wp","href":"https:\/\/api.w.org\/{rel}","templated":true}]}}