{"id":225948,"date":"2019-07-10T15:43:36","date_gmt":"2019-07-10T13:43:36","guid":{"rendered":"https:\/\/sandzakpress.net\/arhiva\/?p=225948"},"modified":"2019-07-10T15:43:36","modified_gmt":"2019-07-10T13:43:36","slug":"zavrsen-prvi-krug-upisa-u-srednje-skole-najvise-slobodnih-mjesta-u-prijepolju-u-tehnickoj-skoli","status":"publish","type":"post","link":"https:\/\/sandzakpress.net\/arhiva\/zavrsen-prvi-krug-upisa-u-srednje-skole-najvise-slobodnih-mjesta-u-prijepolju-u-tehnickoj-skoli\/","title":{"rendered":"Zavr\u0161en prvi krug upisa u srednje \u0161kole \u2013 Najvi\u0161e slobodnih mjesta u Prijepolju u Tehni\u010dkoj \u0161koli"},"content":{"rendered":"<p><img decoding=\"async\" src=\"http:\/\/foruminfo.rs\/wp-content\/uploads\/2019\/07\/upis-681x383.jpg\" \/><\/p>\n<p><strong>Na upisnom mestu u Ekonomsko \u2013 trgovinskoj \u0161koli danas nije bilo gu\u017eve. Kako ka\u017eu, ve\u0107ina u\u010denika i u\u010denica upisala se prvog dana, dok je mali broj njih to uradio danas. Drugog upisnog roka u ovoj \u0161koli ne\u0107e biti, jer su sva mesta popunjena ve\u0107 u prvom krugu.<\/strong><\/p>\n<p>U ovoj \u0161kolskoj godinio Ekonomsko \u2013 trgovinska \u0161kola upisala je 120 u\u010denika, koliko je i planirala. Imamo \u010detiri smera u na\u0161oj \u0161koli: tri na \u010detvrtom stepenu (finansijski administartor, ekonomski tehni\u010dar i trgovionski tehni\u010dar) i kombinovano odeljenje kuvara i konobara na tre\u0107em stepenu. Sva odeljenja su upisala po 30 \u0111aka \u2013 rekla je pedago\u0161kinja u Ekonomsko-trgovinskoj \u0161koli Jasmina Mu\u0161ovi\u0107 i dodala da drugog kruga upisa ne\u0107e biti jer su sva mesta popunjena.<br \/>Tehni\u010dka \u0161kola u Prijepolju trebalo je da upi\u0161e 120 \u0111aka na pet obrazovnih profila. Neo\u010dekivano za ovu \u0161kolu, upisao se mali broj u\u010denika pa je za drugi upisni rok ostalo 46 slobodnih mesta.<\/p>\n<p>Upisali smo 13 modnih kroja\u010da, koji se \u0161koluju po dualnom modelu obrazovanja, 30 elektromehani\u010dara i elektroinstalatera, 15 ma\u0161inskih tehni\u010dara za kompjutersko konstruisanje i 16 elektrotehni\u010dara ra\u010dunara. Ove godine smo neo\u010dekivano izgubili tehni\u010darski obrazovni profil u oblasti elektrotehnike i ma\u0161instva. Ne znam \u0161ta se desilo, gde su ta deca oti\u0161la ali ono \u0161to je do sada bilo popunjeno u prvom krugu sada je ostalo slobodno \u2013 razo\u010daran je direktor Tehni\u010dke \u0161kole Neboj\u0161a Jevtovi\u0107.<br \/>Drugi upisni krug za kandidate koji su ostali neupisani prakti\u010dno je po\u010deo ju\u010de, kada su \u0111aci popunjavali listu \u017eelja za drugi krug.<\/p>\n<p>U \u010detvrtak o\u010dekujem da oni koji su ostali neupisani do\u0111u i upi\u0161u se na neko od slobodnih mesta \u2013 17 na smeru modni kroja\u010d i 14 odnosno 15 na smerovima elektrotehni\u010dar i ma\u0161inski tehni\u010dar \u2013 ka\u017ee Jevtovi\u0107 i dodaje da su to profili koji daju dobru prohodnost na fakultete uz poziv u\u010denicima da se upi\u0161u na ove smerove.<br \/>U sredu 10. jula bi\u0107e objavljen raspored u\u010denika po \u0161kolama u drugom upisnom krugu, dok \u0107e upis biti odr\u017ean u \u010detvrtak 11. jula od 8 do 15 sati.<\/p>\n<p><iframe loading=\"lazy\" title=\"Upis u srednje skole 2019. - Ekonomnska  i Tehni\u010dka \u0161kola\" width=\"696\" height=\"392\" src=\"https:\/\/www.youtube.com\/embed\/Vdg0LhVcHOM?feature=oembed\" frameborder=\"0\" allow=\"accelerometer; autoplay; encrypted-media; gyroscope; picture-in-picture\" allowfullscreen><\/iframe><\/p>\n<p>&nbsp;<\/p>\n","protected":false},"excerpt":{"rendered":"<p>Na upisnom mestu u Ekonomsko \u2013 trgovinskoj \u0161koli danas nije bilo gu\u017eve. Kako ka\u017eu, ve\u0107ina u\u010denika i u\u010denica upisala se prvog dana, dok je mali broj njih to uradio danas. Drugog upisnog roka u ovoj \u0161koli ne\u0107e biti, jer su sva mesta popunjena ve\u0107 u prvom krugu. U ovoj \u0161kolskoj godinio Ekonomsko \u2013 trgovinska \u0161kola [&hellip;]<\/p>\n","protected":false},"author":509,"featured_media":225951,"comment_status":"open","ping_status":"open","sticky":false,"template":"","format":"standard","meta":{"footnotes":""},"categories":[392,4],"tags":[],"class_list":{"0":"post-225948","1":"post","2":"type-post","3":"status-publish","4":"format-standard","5":"has-post-thumbnail","7":"category-prijepolje_","8":"category-obrazovanje"},"yoast_head":"<!-- This site is optimized with the Yoast SEO Premium plugin v23.1 (Yoast SEO v24.9) - https:\/\/yoast.com\/wordpress\/plugins\/seo\/ -->\n<title>Zavr\u0161en prvi krug upisa u srednje \u0161kole \u2013 Najvi\u0161e slobodnih mjesta u Prijepolju u Tehni\u010dkoj \u0161koli<\/title>\n<meta name=\"robots\" content=\"index, follow, max-snippet:-1, max-image-preview:large, max-video-preview:-1\" \/>\n<link rel=\"canonical\" href=\"https:\/\/sandzakpress.net\/arhiva\/zavrsen-prvi-krug-upisa-u-srednje-skole-najvise-slobodnih-mjesta-u-prijepolju-u-tehnickoj-skoli\/\" \/>\n<meta property=\"og:locale\" content=\"bs_BA\" \/>\n<meta property=\"og:type\" content=\"article\" \/>\n<meta property=\"og:title\" content=\"Zavr\u0161en prvi krug upisa u srednje \u0161kole \u2013 Najvi\u0161e slobodnih mjesta u Prijepolju u Tehni\u010dkoj \u0161koli\" \/>\n<meta property=\"og:description\" content=\"Na upisnom mestu u Ekonomsko \u2013 trgovinskoj \u0161koli danas nije bilo gu\u017eve. Kako ka\u017eu, ve\u0107ina u\u010denika i u\u010denica upisala se prvog dana, dok je mali broj njih to uradio danas. Drugog upisnog roka u ovoj \u0161koli ne\u0107e biti, jer su sva mesta popunjena ve\u0107 u prvom krugu. U ovoj \u0161kolskoj godinio Ekonomsko \u2013 trgovinska \u0161kola [&hellip;]\" \/>\n<meta property=\"og:url\" content=\"https:\/\/sandzakpress.net\/arhiva\/zavrsen-prvi-krug-upisa-u-srednje-skole-najvise-slobodnih-mjesta-u-prijepolju-u-tehnickoj-skoli\/\" \/>\n<meta property=\"og:site_name\" content=\"Sand\u017eak PRESS\" \/>\n<meta property=\"article:published_time\" content=\"2019-07-10T13:43:36+00:00\" \/>\n<meta property=\"og:image\" content=\"https:\/\/sandzakpress.net\/arhiva\/wp-content\/uploads\/2019\/07\/upis-681x383.jpg\" \/>\n\t<meta property=\"og:image:width\" content=\"681\" \/>\n\t<meta property=\"og:image:height\" content=\"383\" \/>\n\t<meta property=\"og:image:type\" content=\"image\/jpeg\" \/>\n<meta name=\"author\" content=\"Agencija\" \/>\n<meta name=\"twitter:card\" content=\"summary_large_image\" \/>\n<meta name=\"twitter:label1\" content=\"Written by\" \/>\n\t<meta name=\"twitter:data1\" content=\"Agencija\" \/>\n\t<meta name=\"twitter:label2\" content=\"Est. reading time\" \/>\n\t<meta name=\"twitter:data2\" content=\"2 minute\" \/>\n<script type=\"application\/ld+json\" class=\"yoast-schema-graph\">{\"@context\":\"https:\/\/schema.org\",\"@graph\":[{\"@type\":\"Article\",\"@id\":\"https:\/\/sandzakpress.net\/arhiva\/zavrsen-prvi-krug-upisa-u-srednje-skole-najvise-slobodnih-mjesta-u-prijepolju-u-tehnickoj-skoli\/#article\",\"isPartOf\":{\"@id\":\"https:\/\/sandzakpress.net\/arhiva\/zavrsen-prvi-krug-upisa-u-srednje-skole-najvise-slobodnih-mjesta-u-prijepolju-u-tehnickoj-skoli\/\"},\"author\":{\"name\":\"Agencija\",\"@id\":\"https:\/\/sandzakpress.net\/arhiva\/#\/schema\/person\/cb59d7e3ab91ab90dd680ad0305a6185\"},\"headline\":\"Zavr\u0161en prvi krug upisa u srednje \u0161kole \u2013 Najvi\u0161e slobodnih mjesta u Prijepolju u Tehni\u010dkoj \u0161koli\",\"datePublished\":\"2019-07-10T13:43:36+00:00\",\"mainEntityOfPage\":{\"@id\":\"https:\/\/sandzakpress.net\/arhiva\/zavrsen-prvi-krug-upisa-u-srednje-skole-najvise-slobodnih-mjesta-u-prijepolju-u-tehnickoj-skoli\/\"},\"wordCount\":380,\"commentCount\":0,\"publisher\":{\"@id\":\"https:\/\/sandzakpress.net\/arhiva\/#\/schema\/person\/6e72b67d6e51910a1117b3b483ba20bd\"},\"image\":{\"@id\":\"https:\/\/sandzakpress.net\/arhiva\/zavrsen-prvi-krug-upisa-u-srednje-skole-najvise-slobodnih-mjesta-u-prijepolju-u-tehnickoj-skoli\/#primaryimage\"},\"thumbnailUrl\":\"https:\/\/sandzakpress.net\/arhiva\/wp-content\/uploads\/2019\/07\/upis-681x383.jpg\",\"articleSection\":[\"Prijepolje\",\"Obrazovanje\"],\"inLanguage\":\"bs-BA\",\"potentialAction\":[{\"@type\":\"CommentAction\",\"name\":\"Comment\",\"target\":[\"https:\/\/sandzakpress.net\/arhiva\/zavrsen-prvi-krug-upisa-u-srednje-skole-najvise-slobodnih-mjesta-u-prijepolju-u-tehnickoj-skoli\/#respond\"]}]},{\"@type\":\"WebPage\",\"@id\":\"https:\/\/sandzakpress.net\/arhiva\/zavrsen-prvi-krug-upisa-u-srednje-skole-najvise-slobodnih-mjesta-u-prijepolju-u-tehnickoj-skoli\/\",\"url\":\"https:\/\/sandzakpress.net\/arhiva\/zavrsen-prvi-krug-upisa-u-srednje-skole-najvise-slobodnih-mjesta-u-prijepolju-u-tehnickoj-skoli\/\",\"name\":\"Zavr\u0161en prvi krug upisa u srednje \u0161kole \u2013 Najvi\u0161e slobodnih mjesta u Prijepolju u Tehni\u010dkoj \u0161koli\",\"isPartOf\":{\"@id\":\"https:\/\/sandzakpress.net\/arhiva\/#website\"},\"primaryImageOfPage\":{\"@id\":\"https:\/\/sandzakpress.net\/arhiva\/zavrsen-prvi-krug-upisa-u-srednje-skole-najvise-slobodnih-mjesta-u-prijepolju-u-tehnickoj-skoli\/#primaryimage\"},\"image\":{\"@id\":\"https:\/\/sandzakpress.net\/arhiva\/zavrsen-prvi-krug-upisa-u-srednje-skole-najvise-slobodnih-mjesta-u-prijepolju-u-tehnickoj-skoli\/#primaryimage\"},\"thumbnailUrl\":\"https:\/\/sandzakpress.net\/arhiva\/wp-content\/uploads\/2019\/07\/upis-681x383.jpg\",\"datePublished\":\"2019-07-10T13:43:36+00:00\",\"breadcrumb\":{\"@id\":\"https:\/\/sandzakpress.net\/arhiva\/zavrsen-prvi-krug-upisa-u-srednje-skole-najvise-slobodnih-mjesta-u-prijepolju-u-tehnickoj-skoli\/#breadcrumb\"},\"inLanguage\":\"bs-BA\",\"potentialAction\":[{\"@type\":\"ReadAction\",\"target\":[\"https:\/\/sandzakpress.net\/arhiva\/zavrsen-prvi-krug-upisa-u-srednje-skole-najvise-slobodnih-mjesta-u-prijepolju-u-tehnickoj-skoli\/\"]}]},{\"@type\":\"ImageObject\",\"inLanguage\":\"bs-BA\",\"@id\":\"https:\/\/sandzakpress.net\/arhiva\/zavrsen-prvi-krug-upisa-u-srednje-skole-najvise-slobodnih-mjesta-u-prijepolju-u-tehnickoj-skoli\/#primaryimage\",\"url\":\"https:\/\/sandzakpress.net\/arhiva\/wp-content\/uploads\/2019\/07\/upis-681x383.jpg\",\"contentUrl\":\"https:\/\/sandzakpress.net\/arhiva\/wp-content\/uploads\/2019\/07\/upis-681x383.jpg\",\"width\":681,\"height\":383},{\"@type\":\"BreadcrumbList\",\"@id\":\"https:\/\/sandzakpress.net\/arhiva\/zavrsen-prvi-krug-upisa-u-srednje-skole-najvise-slobodnih-mjesta-u-prijepolju-u-tehnickoj-skoli\/#breadcrumb\",\"itemListElement\":[{\"@type\":\"ListItem\",\"position\":1,\"name\":\"Home\",\"item\":\"https:\/\/sandzakpress.net\/arhiva\/\"},{\"@type\":\"ListItem\",\"position\":2,\"name\":\"Zavr\u0161en prvi krug upisa u srednje \u0161kole \u2013 Najvi\u0161e slobodnih mjesta u Prijepolju u Tehni\u010dkoj \u0161koli\"}]},{\"@type\":\"WebSite\",\"@id\":\"https:\/\/sandzakpress.net\/arhiva\/#website\",\"url\":\"https:\/\/sandzakpress.net\/arhiva\/\",\"name\":\"Sand\u017eak PRESS\",\"description\":\"Prve elektronske novine u Sand\u017eaku\",\"publisher\":{\"@id\":\"https:\/\/sandzakpress.net\/arhiva\/#\/schema\/person\/6e72b67d6e51910a1117b3b483ba20bd\"},\"potentialAction\":[{\"@type\":\"SearchAction\",\"target\":{\"@type\":\"EntryPoint\",\"urlTemplate\":\"https:\/\/sandzakpress.net\/arhiva\/?s={search_term_string}\"},\"query-input\":{\"@type\":\"PropertyValueSpecification\",\"valueRequired\":true,\"valueName\":\"search_term_string\"}}],\"inLanguage\":\"bs-BA\"},{\"@type\":[\"Person\",\"Organization\"],\"@id\":\"https:\/\/sandzakpress.net\/arhiva\/#\/schema\/person\/6e72b67d6e51910a1117b3b483ba20bd\",\"name\":\"Kul\",\"image\":{\"@type\":\"ImageObject\",\"inLanguage\":\"bs-BA\",\"@id\":\"https:\/\/sandzakpress.net\/arhiva\/#\/schema\/person\/image\/\",\"url\":\"https:\/\/secure.gravatar.com\/avatar\/42263f39aa27ac04c43cab85c280eb2e?s=96&d=mm&r=pg\",\"contentUrl\":\"https:\/\/secure.gravatar.com\/avatar\/42263f39aa27ac04c43cab85c280eb2e?s=96&d=mm&r=pg\",\"caption\":\"Kul\"},\"logo\":{\"@id\":\"https:\/\/sandzakpress.net\/arhiva\/#\/schema\/person\/image\/\"}},{\"@type\":\"Person\",\"@id\":\"https:\/\/sandzakpress.net\/arhiva\/#\/schema\/person\/cb59d7e3ab91ab90dd680ad0305a6185\",\"name\":\"Agencija\",\"image\":{\"@type\":\"ImageObject\",\"inLanguage\":\"bs-BA\",\"@id\":\"https:\/\/sandzakpress.net\/arhiva\/#\/schema\/person\/image\/\",\"url\":\"https:\/\/secure.gravatar.com\/avatar\/4b7fafa80a22f0c2afe23966b3961fe0?s=96&d=mm&r=pg\",\"contentUrl\":\"https:\/\/secure.gravatar.com\/avatar\/4b7fafa80a22f0c2afe23966b3961fe0?s=96&d=mm&r=pg\",\"caption\":\"Agencija\"},\"url\":\"https:\/\/sandzakpress.net\/arhiva\/author\/agencija\/\"}]}<\/script>\n<!-- \/ Yoast SEO Premium plugin. -->","yoast_head_json":{"title":"Zavr\u0161en prvi krug upisa u srednje \u0161kole \u2013 Najvi\u0161e slobodnih mjesta u Prijepolju u Tehni\u010dkoj \u0161koli","robots":{"index":"index","follow":"follow","max-snippet":"max-snippet:-1","max-image-preview":"max-image-preview:large","max-video-preview":"max-video-preview:-1"},"canonical":"https:\/\/sandzakpress.net\/arhiva\/zavrsen-prvi-krug-upisa-u-srednje-skole-najvise-slobodnih-mjesta-u-prijepolju-u-tehnickoj-skoli\/","og_locale":"bs_BA","og_type":"article","og_title":"Zavr\u0161en prvi krug upisa u srednje \u0161kole \u2013 Najvi\u0161e slobodnih mjesta u Prijepolju u Tehni\u010dkoj \u0161koli","og_description":"Na upisnom mestu u Ekonomsko \u2013 trgovinskoj \u0161koli danas nije bilo gu\u017eve. Kako ka\u017eu, ve\u0107ina u\u010denika i u\u010denica upisala se prvog dana, dok je mali broj njih to uradio danas. Drugog upisnog roka u ovoj \u0161koli ne\u0107e biti, jer su sva mesta popunjena ve\u0107 u prvom krugu. U ovoj \u0161kolskoj godinio Ekonomsko \u2013 trgovinska \u0161kola [&hellip;]","og_url":"https:\/\/sandzakpress.net\/arhiva\/zavrsen-prvi-krug-upisa-u-srednje-skole-najvise-slobodnih-mjesta-u-prijepolju-u-tehnickoj-skoli\/","og_site_name":"Sand\u017eak PRESS","article_published_time":"2019-07-10T13:43:36+00:00","og_image":[{"width":681,"height":383,"url":"https:\/\/sandzakpress.net\/arhiva\/wp-content\/uploads\/2019\/07\/upis-681x383.jpg","type":"image\/jpeg"}],"author":"Agencija","twitter_card":"summary_large_image","twitter_misc":{"Written by":"Agencija","Est. reading time":"2 minute"},"schema":{"@context":"https:\/\/schema.org","@graph":[{"@type":"Article","@id":"https:\/\/sandzakpress.net\/arhiva\/zavrsen-prvi-krug-upisa-u-srednje-skole-najvise-slobodnih-mjesta-u-prijepolju-u-tehnickoj-skoli\/#article","isPartOf":{"@id":"https:\/\/sandzakpress.net\/arhiva\/zavrsen-prvi-krug-upisa-u-srednje-skole-najvise-slobodnih-mjesta-u-prijepolju-u-tehnickoj-skoli\/"},"author":{"name":"Agencija","@id":"https:\/\/sandzakpress.net\/arhiva\/#\/schema\/person\/cb59d7e3ab91ab90dd680ad0305a6185"},"headline":"Zavr\u0161en prvi krug upisa u srednje \u0161kole \u2013 Najvi\u0161e slobodnih mjesta u Prijepolju u Tehni\u010dkoj \u0161koli","datePublished":"2019-07-10T13:43:36+00:00","mainEntityOfPage":{"@id":"https:\/\/sandzakpress.net\/arhiva\/zavrsen-prvi-krug-upisa-u-srednje-skole-najvise-slobodnih-mjesta-u-prijepolju-u-tehnickoj-skoli\/"},"wordCount":380,"commentCount":0,"publisher":{"@id":"https:\/\/sandzakpress.net\/arhiva\/#\/schema\/person\/6e72b67d6e51910a1117b3b483ba20bd"},"image":{"@id":"https:\/\/sandzakpress.net\/arhiva\/zavrsen-prvi-krug-upisa-u-srednje-skole-najvise-slobodnih-mjesta-u-prijepolju-u-tehnickoj-skoli\/#primaryimage"},"thumbnailUrl":"https:\/\/sandzakpress.net\/arhiva\/wp-content\/uploads\/2019\/07\/upis-681x383.jpg","articleSection":["Prijepolje","Obrazovanje"],"inLanguage":"bs-BA","potentialAction":[{"@type":"CommentAction","name":"Comment","target":["https:\/\/sandzakpress.net\/arhiva\/zavrsen-prvi-krug-upisa-u-srednje-skole-najvise-slobodnih-mjesta-u-prijepolju-u-tehnickoj-skoli\/#respond"]}]},{"@type":"WebPage","@id":"https:\/\/sandzakpress.net\/arhiva\/zavrsen-prvi-krug-upisa-u-srednje-skole-najvise-slobodnih-mjesta-u-prijepolju-u-tehnickoj-skoli\/","url":"https:\/\/sandzakpress.net\/arhiva\/zavrsen-prvi-krug-upisa-u-srednje-skole-najvise-slobodnih-mjesta-u-prijepolju-u-tehnickoj-skoli\/","name":"Zavr\u0161en prvi krug upisa u srednje \u0161kole \u2013 Najvi\u0161e slobodnih mjesta u Prijepolju u Tehni\u010dkoj \u0161koli","isPartOf":{"@id":"https:\/\/sandzakpress.net\/arhiva\/#website"},"primaryImageOfPage":{"@id":"https:\/\/sandzakpress.net\/arhiva\/zavrsen-prvi-krug-upisa-u-srednje-skole-najvise-slobodnih-mjesta-u-prijepolju-u-tehnickoj-skoli\/#primaryimage"},"image":{"@id":"https:\/\/sandzakpress.net\/arhiva\/zavrsen-prvi-krug-upisa-u-srednje-skole-najvise-slobodnih-mjesta-u-prijepolju-u-tehnickoj-skoli\/#primaryimage"},"thumbnailUrl":"https:\/\/sandzakpress.net\/arhiva\/wp-content\/uploads\/2019\/07\/upis-681x383.jpg","datePublished":"2019-07-10T13:43:36+00:00","breadcrumb":{"@id":"https:\/\/sandzakpress.net\/arhiva\/zavrsen-prvi-krug-upisa-u-srednje-skole-najvise-slobodnih-mjesta-u-prijepolju-u-tehnickoj-skoli\/#breadcrumb"},"inLanguage":"bs-BA","potentialAction":[{"@type":"ReadAction","target":["https:\/\/sandzakpress.net\/arhiva\/zavrsen-prvi-krug-upisa-u-srednje-skole-najvise-slobodnih-mjesta-u-prijepolju-u-tehnickoj-skoli\/"]}]},{"@type":"ImageObject","inLanguage":"bs-BA","@id":"https:\/\/sandzakpress.net\/arhiva\/zavrsen-prvi-krug-upisa-u-srednje-skole-najvise-slobodnih-mjesta-u-prijepolju-u-tehnickoj-skoli\/#primaryimage","url":"https:\/\/sandzakpress.net\/arhiva\/wp-content\/uploads\/2019\/07\/upis-681x383.jpg","contentUrl":"https:\/\/sandzakpress.net\/arhiva\/wp-content\/uploads\/2019\/07\/upis-681x383.jpg","width":681,"height":383},{"@type":"BreadcrumbList","@id":"https:\/\/sandzakpress.net\/arhiva\/zavrsen-prvi-krug-upisa-u-srednje-skole-najvise-slobodnih-mjesta-u-prijepolju-u-tehnickoj-skoli\/#breadcrumb","itemListElement":[{"@type":"ListItem","position":1,"name":"Home","item":"https:\/\/sandzakpress.net\/arhiva\/"},{"@type":"ListItem","position":2,"name":"Zavr\u0161en prvi krug upisa u srednje \u0161kole \u2013 Najvi\u0161e slobodnih mjesta u Prijepolju u Tehni\u010dkoj \u0161koli"}]},{"@type":"WebSite","@id":"https:\/\/sandzakpress.net\/arhiva\/#website","url":"https:\/\/sandzakpress.net\/arhiva\/","name":"Sand\u017eak PRESS","description":"Prve elektronske novine u Sand\u017eaku","publisher":{"@id":"https:\/\/sandzakpress.net\/arhiva\/#\/schema\/person\/6e72b67d6e51910a1117b3b483ba20bd"},"potentialAction":[{"@type":"SearchAction","target":{"@type":"EntryPoint","urlTemplate":"https:\/\/sandzakpress.net\/arhiva\/?s={search_term_string}"},"query-input":{"@type":"PropertyValueSpecification","valueRequired":true,"valueName":"search_term_string"}}],"inLanguage":"bs-BA"},{"@type":["Person","Organization"],"@id":"https:\/\/sandzakpress.net\/arhiva\/#\/schema\/person\/6e72b67d6e51910a1117b3b483ba20bd","name":"Kul","image":{"@type":"ImageObject","inLanguage":"bs-BA","@id":"https:\/\/sandzakpress.net\/arhiva\/#\/schema\/person\/image\/","url":"https:\/\/secure.gravatar.com\/avatar\/42263f39aa27ac04c43cab85c280eb2e?s=96&d=mm&r=pg","contentUrl":"https:\/\/secure.gravatar.com\/avatar\/42263f39aa27ac04c43cab85c280eb2e?s=96&d=mm&r=pg","caption":"Kul"},"logo":{"@id":"https:\/\/sandzakpress.net\/arhiva\/#\/schema\/person\/image\/"}},{"@type":"Person","@id":"https:\/\/sandzakpress.net\/arhiva\/#\/schema\/person\/cb59d7e3ab91ab90dd680ad0305a6185","name":"Agencija","image":{"@type":"ImageObject","inLanguage":"bs-BA","@id":"https:\/\/sandzakpress.net\/arhiva\/#\/schema\/person\/image\/","url":"https:\/\/secure.gravatar.com\/avatar\/4b7fafa80a22f0c2afe23966b3961fe0?s=96&d=mm&r=pg","contentUrl":"https:\/\/secure.gravatar.com\/avatar\/4b7fafa80a22f0c2afe23966b3961fe0?s=96&d=mm&r=pg","caption":"Agencija"},"url":"https:\/\/sandzakpress.net\/arhiva\/author\/agencija\/"}]}},"_links":{"self":[{"href":"https:\/\/sandzakpress.net\/arhiva\/wp-json\/wp\/v2\/posts\/225948"}],"collection":[{"href":"https:\/\/sandzakpress.net\/arhiva\/wp-json\/wp\/v2\/posts"}],"about":[{"href":"https:\/\/sandzakpress.net\/arhiva\/wp-json\/wp\/v2\/types\/post"}],"author":[{"embeddable":true,"href":"https:\/\/sandzakpress.net\/arhiva\/wp-json\/wp\/v2\/users\/509"}],"replies":[{"embeddable":true,"href":"https:\/\/sandzakpress.net\/arhiva\/wp-json\/wp\/v2\/comments?post=225948"}],"version-history":[{"count":0,"href":"https:\/\/sandzakpress.net\/arhiva\/wp-json\/wp\/v2\/posts\/225948\/revisions"}],"wp:featuredmedia":[{"embeddable":true,"href":"https:\/\/sandzakpress.net\/arhiva\/wp-json\/wp\/v2\/media\/225951"}],"wp:attachment":[{"href":"https:\/\/sandzakpress.net\/arhiva\/wp-json\/wp\/v2\/media?parent=225948"}],"wp:term":[{"taxonomy":"category","embeddable":true,"href":"https:\/\/sandzakpress.net\/arhiva\/wp-json\/wp\/v2\/categories?post=225948"},{"taxonomy":"post_tag","embeddable":true,"href":"https:\/\/sandzakpress.net\/arhiva\/wp-json\/wp\/v2\/tags?post=225948"}],"curies":[{"name":"wp","href":"https:\/\/api.w.org\/{rel}","templated":true}]}}