{"id":225928,"date":"2019-07-10T15:29:47","date_gmt":"2019-07-10T13:29:47","guid":{"rendered":"https:\/\/sandzakpress.net\/arhiva\/?p=225928"},"modified":"2019-07-10T15:29:47","modified_gmt":"2019-07-10T13:29:47","slug":"politicko-djelovanje-gospodina-nihada-becirovica-u-njemackoj","status":"publish","type":"post","link":"https:\/\/sandzakpress.net\/arhiva\/politicko-djelovanje-gospodina-nihada-becirovica-u-njemackoj\/","title":{"rendered":"Politi\u010dko djelovanje gospodina Nihada Be\u0107irovi\u0107a u Njema\u010dkoj"},"content":{"rendered":"<p><img decoding=\"async\" src=\"http:\/\/www.zsd.eu.com\/wp-content\/uploads\/2019\/07\/2BBEDAC5-2F3B-427D-B2B8-06AE327C6B19-600x597-1.jpeg-600x400.jpg\" \/><\/p>\n<p><strong>-Gospodine Be\u0107irovi\u0107u, kako ste do\u0161li i uspjeli da budete dio jedne bitne, velike stranke BIG u Njema\u010dkoj kao Bo\u0161njak?<\/strong><\/p>\n<p>\u2014- Prije svega da se zahvalim Vama i Va\u0161oj medijskoj ku\u0107i na interesovanju o djelovanju Bo\u0161njaka u politi\u010dkom \u017eivotu u Njema\u010dkoj.\u00a0<\/p>\n<p>Poslije mog li\u010dnog anga\u017eovanja u PAN Bo\u0161nja\u010dkom pokretu i shvatanja koliko je neizbje\u017eno i neophodno se baviti i biti dio kreiranja \u017eivotne sfere u mjestu gdje \u017eivite i radite, a koju, na\u017ealost, kreira politika shvatio sam odmah poslije kratkog vremena da mi Bo\u0161njaci koji \u017eivimo u Njema\u010dkoj moramo tako\u0111er \u0161to prije se pokrenuti na tom putu. Poslije desetine savjetovanja i razgovora sa vrhom PAN Bo\u0161nja\u010dkog pokreta, a onda i razli\u010dita zasijedanja sa Bo\u0161njacima u Njema\u010dkoj smo do\u0161li do zaklju\u010dka da trebamo \u0161to prije se uklju\u010diti u javni kulturno-politi\u010dki \u017eivot u Njema\u010dkoj. Svoju Bo\u0161nja\u010dku stranku nije bilo mogu\u0107nosti osnovati, jer nas Bo\u0161njaka nema dovoljan broj u Njema\u010dkoj da bi uspjeli pre\u0107i cenzus od pet posto tako da nam je ostalo jedino da se priklju\u010dujemo etabilinarim strankama ili priklju\u010dimo stranci BIG. Po\u0161to smo sa Bo\u0161njacima koji su tada, a i danas na \u010delu raznih vjerskih, kulturnih i sportski udru\u017eenja razmotrili prvo pitanje, da li se priklju\u010diti etabiliniranim strankama?<\/p>\n<p>Odgovor poslije sagledavanja stanja i uzimaju\u0107i u obzir da dr\u017eavljani u Njema\u010dkoj porijeklom iz Turske ve\u0107 vi\u0161e od dvije decenije su u\u0161li u skoro svaku etabiliranu straku u Njema\u010dkoj i da kada se radilo o bitnim pitanjima o njihovom identitetu, njihovom \u017eivotu u Njema\u010dkoj i borbi protiv asimilacije tada su im ba\u0161 sve stranke dale do znanja da to pod njihovim krovom ne smiju i ne\u0107e nikada do\u010dekati, \u0161to je kasnije bio i razlog osnivanja stranke BIG, mi smo zajedni\u010dki do\u0161li do zaklju\u010dka da Bo\u0161njaci ne bi trebali i\u0107i istim putem i poslije nekoliko decenija ulo\u017eenog rada, vremena i truda do\u017eivimo isti slu\u010daj kao \u0161to su to do\u017eivjeli i Turci koji ve\u0107 u svojoj petoj generaciji \u017eive u Njema\u010dkoj.\u00a0<\/p>\n<p>Na taj na\u010din smo do\u0161li do zaklju\u010dka da je jedini i trenutno najoptimalniji na\u010din za uklju\u010divanje Bo\u0161njaka u javnom kulturno-politi\u010dkom \u017eivotu bio upravo kroz stranku BIG jer je pokrenuta i osnovana od strane ljudi koji se tako\u0111e bore za sli\u010dan ili bolje re\u010deno isti cilj, a to je za jednakopravnost, o\u010duvanje svog identiteta, o\u010duvanje svog maternjeg jezika, vjeronauka u \u0161kolama i borba protiv asimilacije i sve ve\u0107eg rasta fa\u0161izma.<\/p>\n<p>Tako smo i mi Bo\u0161njaci od po\u010detka 2007. godine se po\u010deli uklju\u010divati u stranku BIG i pored jednog mjesta u predsjedni\u0161tvu stranke imamo i u svakom pokrajinskom odboru kao i gradskom odboru najmanje po jednog Bo\u0161njaka, a radimo na tome da u slijede\u0107ih par godina taj broj bude i ve\u0107i.<\/p>\n<p><strong>-Da li ste zadovoljni tim rezultatom, jer ste, koliko mi je poznato po prvi put sa BIG strankom iza\u0161li na EU izbore?<\/strong><\/p>\n<p>\u2014- Znate kako, uzimaju\u0107i u obzir da po prvi put uzimamo u\u010de\u0161\u0107e na izborima za Evropski parlament i da po prvi put od osnivanja Evropske unije je izlaznost bila preko 60%, a velikoj izlaznosti smo i mi kao stranka BIG i samim tim mi Bo\u0161njaci doprinijeli, a zatim i da glasa\u010de koje smo mi poku\u0161ali osvijestiti o tome koliko je bitno uzeti u\u010de\u0161\u0107e na izborima, jer je najve\u0107i dio nas gra\u0111ana u Njema\u010dkoj sa migracionom pozadinom najvi\u0161e iz jednog razloga do\u0161lo u Njema\u010dku, a to je za bolji \u017eivot i za poslom, i dodatno da nismo imali medije na raspolaganju pa \u010dak ni onoliko koliko nam je ustavom zagarantovano, jer su nam i to uskratili, ja ali i mi u stranci smo veoma zadovoljni, jer smo uspjeli pokrenuti 70.000 gradjana.\u00a0<\/p>\n<p>Tako da je odgovor veoma jasan i veoma ohrabruju\u0107i, jako smo zadovoljni rezultatom.\u00a0<\/p>\n<p>Ja bih iskoristio ovu priliku jo\u0161 jednom da se svima koji su nam povjerili glas zahvalim a naravno posebno da se zahvalim mojim Bo\u0161njacima koji su prepoznali va\u017enost izlaska na izbore.<\/p>\n<p><strong>Da li \u0107ete se u budu\u0107nosti<\/strong>\u00a0<strong>odazvati novim predstoje\u0107im izborima u Njema\u010dkoj?<\/strong><\/p>\n<p>\u2013 Naravno. Znate kako, kao \u0161to to moj veliki u\u010ditelj re\u010de: \u201cPoliti\u010dka stranka je tu da bi se takmi\u010dila na izborima\u201d, tako da \u0107emo sigurno uzimati u\u010de\u0161\u0107e na svim predstoje\u0107im izborima, a ve\u0107 sljede\u0107e godine 2020. u prolje\u0107e i jesen imamo izbore za lokalne samouprave u pokrajinama Nordreinwestfalen, Bayer i Hamburg.<\/p>\n<p><strong>-Kakvi su planovi BIG stranke u budu\u0107nosti?<\/strong><\/p>\n<p>Na\u0161 glavni i najve\u0107i cilj jeste da u\u010dvrstimo temelj u politi\u010dkom \u017eivotu za budu\u0107u generaciju, kao \u0161to su to na\u0161e prethodne generacije uradile sa vjerskim i kuturno-sportskim \u017eivotom, naravno borba protiv asimilacije i za jednaka prava za sve dr\u017eavljane Njema\u010dke bez obzira da li imali ili nemami migracionu pozadinu.<\/p>\n<p><strong>-Da li radi va\u0161a stranka na polju spre\u010davanja asimilacije Bo\u0161njaka?<\/strong><\/p>\n<p>Da, to je jedan od na\u0161ih fundamentalnih na\u010dela na kojem je stranka i osnovana te 2010. godine.\u00a0<\/p>\n<p><strong>\u2013 Kakvi su vam odnosi sa Bosnom i Sand\u017eakom, obzirom da ste sa tih krajeva?<\/strong><\/p>\n<p>\u2014\u2014 Vemoa dobri ako skoro nisu i savr\u0161eni, odmah poslije ulaska to jest priklju\u010divanja Bo\u0161njaka BIG stranci smo organizovali putovanje na\u0161ih \u010delnih ljudi prvo u Bosnu i Hercegovinu, zatim Sand\u017eaku, pa Kosovu, Sjevernoj Makedoniji i Bugarskoj. Tada smo posjetili vrhovnog vjerskog poglavara reisul ulemu mr. Huseina ef. Kavazovi\u0107a, zatim predsjednika Svjetskog Bo\u0161nja\u010dkog Kongresa Dr. Ceri\u0107a, zatim dana\u0161njeg \u010dlana predsjedni\u0161tva ispred Bo\u0161nja\u010dkog naroda u BiH gospodina D\u017eaferovi\u0107a i predsjednika Asocijacije Mladih SDA gospodina Zild\u017ei\u0107a, zatim u Sand\u017eaku se sastali sa predsjednikom Me\u0161ihata i glavnim muftijom u Srbiji dr. Dudi\u0107em i predsjednikom Stranke Pravde i Pomirenja dr. Zukorli\u0107em, zatim smo obi\u0161li i Bo\u0161njake na Kosovu i sastali se sa gospo\u0111om Red\u017eepi, a zatim i premijerom Kosova gospodinom Haradinajem i nastavili dalje za Makedoniju i Bugarsku gdje smo se sa predsjenicima stranke BESA i Stranke DOST sastali i sa svima, a na pomenutim politi\u010dkim udru\u017eenjima smo napravili jedan na\u010delan dogovor o strate\u0161kom partnerstvu i zajedni\u010dkoj saradnji.<\/p>\n<p><strong>-Kakvu poruku imate za Bo\u0161njake u Njema\u010dkoj?<\/strong><\/p>\n<p>Istu onu koju \u0107ete sigurno pro\u010ditati i shvatiti iz cijelog intervjua. Dakle, prijeko potrebno i va\u017eno je na\u0161e anga\u017eovanje u javnom kulturno-politi\u010dkom \u017eivotu u Njema\u010dkoj zato pozivam sve Bo\u0161njake da se maksimalno anga\u017euju po ovom pitanju, jer se radi o na\u0161oj djeci koju ostavljamo za nama i njihovoj budu\u0107nosti, a bolju i sigurniju budu\u0107nost mogu samo izdejstvovati kroz politi\u010dko djelovanje i na taj na\u010din uticati na razvoj i proces \u017eivota u Njema\u010dkoj. A mo\u017eda najva\u017enija poruka jeste:<\/p>\n<p>\u201cAko mi Bo\u0161njaci ne shvatimo koliko je va\u017eno biti dio politi\u010dkog \u017eivota i ne uzmemo u\u010de\u0161\u0107e u njemu, do\u0107i \u0107e politi\u010dari koje mi Bo\u0161njaci \u0107emo jo\u0161 manje zanimati ili koji \u0107e se jo\u0161 manje interesovati za nas i na\u0161u djecu koju ostavljamo za nama na ovim prostorima\u201d.<\/p>\n","protected":false},"excerpt":{"rendered":"<p>-Gospodine Be\u0107irovi\u0107u, kako ste do\u0161li i uspjeli da budete dio jedne bitne, velike stranke BIG u Njema\u010dkoj kao Bo\u0161njak? \u2014- Prije svega da se zahvalim Vama i Va\u0161oj medijskoj ku\u0107i na interesovanju o djelovanju Bo\u0161njaka u politi\u010dkom \u017eivotu u Njema\u010dkoj.\u00a0 Poslije mog li\u010dnog anga\u017eovanja u PAN Bo\u0161nja\u010dkom pokretu i shvatanja koliko je neizbje\u017eno i neophodno [&hellip;]<\/p>\n","protected":false},"author":509,"featured_media":225929,"comment_status":"open","ping_status":"open","sticky":false,"template":"","format":"standard","meta":{"footnotes":""},"categories":[9538,1],"tags":[],"class_list":{"0":"post-225928","1":"post","2":"type-post","3":"status-publish","4":"format-standard","5":"has-post-thumbnail","7":"category-njemacka-dijaspora-gradovi-vase-vijesti","8":"category-politika"},"yoast_head":"<!-- This site is optimized with the Yoast SEO Premium plugin v23.1 (Yoast SEO v24.9) - https:\/\/yoast.com\/wordpress\/plugins\/seo\/ -->\n<title>Politi\u010dko djelovanje gospodina Nihada Be\u0107irovi\u0107a u Njema\u010dkoj<\/title>\n<meta name=\"robots\" content=\"index, follow, max-snippet:-1, max-image-preview:large, max-video-preview:-1\" \/>\n<link rel=\"canonical\" href=\"https:\/\/sandzakpress.net\/arhiva\/politicko-djelovanje-gospodina-nihada-becirovica-u-njemackoj\/\" \/>\n<meta property=\"og:locale\" content=\"bs_BA\" \/>\n<meta property=\"og:type\" content=\"article\" \/>\n<meta property=\"og:title\" content=\"Politi\u010dko djelovanje gospodina Nihada Be\u0107irovi\u0107a u Njema\u010dkoj\" \/>\n<meta property=\"og:description\" content=\"-Gospodine Be\u0107irovi\u0107u, kako ste do\u0161li i uspjeli da budete dio jedne bitne, velike stranke BIG u Njema\u010dkoj kao Bo\u0161njak? \u2014- Prije svega da se zahvalim Vama i Va\u0161oj medijskoj ku\u0107i na interesovanju o djelovanju Bo\u0161njaka u politi\u010dkom \u017eivotu u Njema\u010dkoj.\u00a0 Poslije mog li\u010dnog anga\u017eovanja u PAN Bo\u0161nja\u010dkom pokretu i shvatanja koliko je neizbje\u017eno i neophodno [&hellip;]\" \/>\n<meta property=\"og:url\" content=\"https:\/\/sandzakpress.net\/arhiva\/politicko-djelovanje-gospodina-nihada-becirovica-u-njemackoj\/\" \/>\n<meta property=\"og:site_name\" content=\"Sand\u017eak PRESS\" \/>\n<meta property=\"article:published_time\" content=\"2019-07-10T13:29:47+00:00\" \/>\n<meta property=\"og:image\" content=\"https:\/\/sandzakpress.net\/arhiva\/wp-content\/uploads\/2019\/07\/2BBEDAC5-2F3B-427D-B2B8-06AE327C6B19-600x597-1.jpeg-600x400.jpg\" \/>\n\t<meta property=\"og:image:width\" content=\"600\" \/>\n\t<meta property=\"og:image:height\" content=\"400\" \/>\n\t<meta property=\"og:image:type\" content=\"image\/jpeg\" \/>\n<meta name=\"author\" content=\"Agencija\" \/>\n<meta name=\"twitter:card\" content=\"summary_large_image\" \/>\n<meta name=\"twitter:label1\" content=\"Written by\" \/>\n\t<meta name=\"twitter:data1\" content=\"Agencija\" \/>\n\t<meta name=\"twitter:label2\" content=\"Est. reading time\" \/>\n\t<meta name=\"twitter:data2\" content=\"6 minuta\" \/>\n<script type=\"application\/ld+json\" class=\"yoast-schema-graph\">{\"@context\":\"https:\/\/schema.org\",\"@graph\":[{\"@type\":\"Article\",\"@id\":\"https:\/\/sandzakpress.net\/arhiva\/politicko-djelovanje-gospodina-nihada-becirovica-u-njemackoj\/#article\",\"isPartOf\":{\"@id\":\"https:\/\/sandzakpress.net\/arhiva\/politicko-djelovanje-gospodina-nihada-becirovica-u-njemackoj\/\"},\"author\":{\"name\":\"Agencija\",\"@id\":\"https:\/\/sandzakpress.net\/arhiva\/#\/schema\/person\/cb59d7e3ab91ab90dd680ad0305a6185\"},\"headline\":\"Politi\u010dko djelovanje gospodina Nihada Be\u0107irovi\u0107a u Njema\u010dkoj\",\"datePublished\":\"2019-07-10T13:29:47+00:00\",\"mainEntityOfPage\":{\"@id\":\"https:\/\/sandzakpress.net\/arhiva\/politicko-djelovanje-gospodina-nihada-becirovica-u-njemackoj\/\"},\"wordCount\":1261,\"commentCount\":0,\"publisher\":{\"@id\":\"https:\/\/sandzakpress.net\/arhiva\/#\/schema\/person\/6e72b67d6e51910a1117b3b483ba20bd\"},\"image\":{\"@id\":\"https:\/\/sandzakpress.net\/arhiva\/politicko-djelovanje-gospodina-nihada-becirovica-u-njemackoj\/#primaryimage\"},\"thumbnailUrl\":\"https:\/\/sandzakpress.net\/arhiva\/wp-content\/uploads\/2019\/07\/2BBEDAC5-2F3B-427D-B2B8-06AE327C6B19-600x597-1.jpeg-600x400.jpg\",\"articleSection\":[\"Njema\u010dka\",\"Politika\"],\"inLanguage\":\"bs-BA\",\"potentialAction\":[{\"@type\":\"CommentAction\",\"name\":\"Comment\",\"target\":[\"https:\/\/sandzakpress.net\/arhiva\/politicko-djelovanje-gospodina-nihada-becirovica-u-njemackoj\/#respond\"]}]},{\"@type\":\"WebPage\",\"@id\":\"https:\/\/sandzakpress.net\/arhiva\/politicko-djelovanje-gospodina-nihada-becirovica-u-njemackoj\/\",\"url\":\"https:\/\/sandzakpress.net\/arhiva\/politicko-djelovanje-gospodina-nihada-becirovica-u-njemackoj\/\",\"name\":\"Politi\u010dko djelovanje gospodina Nihada Be\u0107irovi\u0107a u Njema\u010dkoj\",\"isPartOf\":{\"@id\":\"https:\/\/sandzakpress.net\/arhiva\/#website\"},\"primaryImageOfPage\":{\"@id\":\"https:\/\/sandzakpress.net\/arhiva\/politicko-djelovanje-gospodina-nihada-becirovica-u-njemackoj\/#primaryimage\"},\"image\":{\"@id\":\"https:\/\/sandzakpress.net\/arhiva\/politicko-djelovanje-gospodina-nihada-becirovica-u-njemackoj\/#primaryimage\"},\"thumbnailUrl\":\"https:\/\/sandzakpress.net\/arhiva\/wp-content\/uploads\/2019\/07\/2BBEDAC5-2F3B-427D-B2B8-06AE327C6B19-600x597-1.jpeg-600x400.jpg\",\"datePublished\":\"2019-07-10T13:29:47+00:00\",\"breadcrumb\":{\"@id\":\"https:\/\/sandzakpress.net\/arhiva\/politicko-djelovanje-gospodina-nihada-becirovica-u-njemackoj\/#breadcrumb\"},\"inLanguage\":\"bs-BA\",\"potentialAction\":[{\"@type\":\"ReadAction\",\"target\":[\"https:\/\/sandzakpress.net\/arhiva\/politicko-djelovanje-gospodina-nihada-becirovica-u-njemackoj\/\"]}]},{\"@type\":\"ImageObject\",\"inLanguage\":\"bs-BA\",\"@id\":\"https:\/\/sandzakpress.net\/arhiva\/politicko-djelovanje-gospodina-nihada-becirovica-u-njemackoj\/#primaryimage\",\"url\":\"https:\/\/sandzakpress.net\/arhiva\/wp-content\/uploads\/2019\/07\/2BBEDAC5-2F3B-427D-B2B8-06AE327C6B19-600x597-1.jpeg-600x400.jpg\",\"contentUrl\":\"https:\/\/sandzakpress.net\/arhiva\/wp-content\/uploads\/2019\/07\/2BBEDAC5-2F3B-427D-B2B8-06AE327C6B19-600x597-1.jpeg-600x400.jpg\",\"width\":600,\"height\":400},{\"@type\":\"BreadcrumbList\",\"@id\":\"https:\/\/sandzakpress.net\/arhiva\/politicko-djelovanje-gospodina-nihada-becirovica-u-njemackoj\/#breadcrumb\",\"itemListElement\":[{\"@type\":\"ListItem\",\"position\":1,\"name\":\"Home\",\"item\":\"https:\/\/sandzakpress.net\/arhiva\/\"},{\"@type\":\"ListItem\",\"position\":2,\"name\":\"Politi\u010dko djelovanje gospodina Nihada Be\u0107irovi\u0107a u Njema\u010dkoj\"}]},{\"@type\":\"WebSite\",\"@id\":\"https:\/\/sandzakpress.net\/arhiva\/#website\",\"url\":\"https:\/\/sandzakpress.net\/arhiva\/\",\"name\":\"Sand\u017eak PRESS\",\"description\":\"Prve elektronske novine u Sand\u017eaku\",\"publisher\":{\"@id\":\"https:\/\/sandzakpress.net\/arhiva\/#\/schema\/person\/6e72b67d6e51910a1117b3b483ba20bd\"},\"potentialAction\":[{\"@type\":\"SearchAction\",\"target\":{\"@type\":\"EntryPoint\",\"urlTemplate\":\"https:\/\/sandzakpress.net\/arhiva\/?s={search_term_string}\"},\"query-input\":{\"@type\":\"PropertyValueSpecification\",\"valueRequired\":true,\"valueName\":\"search_term_string\"}}],\"inLanguage\":\"bs-BA\"},{\"@type\":[\"Person\",\"Organization\"],\"@id\":\"https:\/\/sandzakpress.net\/arhiva\/#\/schema\/person\/6e72b67d6e51910a1117b3b483ba20bd\",\"name\":\"Kul\",\"image\":{\"@type\":\"ImageObject\",\"inLanguage\":\"bs-BA\",\"@id\":\"https:\/\/sandzakpress.net\/arhiva\/#\/schema\/person\/image\/\",\"url\":\"https:\/\/secure.gravatar.com\/avatar\/42263f39aa27ac04c43cab85c280eb2e?s=96&d=mm&r=pg\",\"contentUrl\":\"https:\/\/secure.gravatar.com\/avatar\/42263f39aa27ac04c43cab85c280eb2e?s=96&d=mm&r=pg\",\"caption\":\"Kul\"},\"logo\":{\"@id\":\"https:\/\/sandzakpress.net\/arhiva\/#\/schema\/person\/image\/\"}},{\"@type\":\"Person\",\"@id\":\"https:\/\/sandzakpress.net\/arhiva\/#\/schema\/person\/cb59d7e3ab91ab90dd680ad0305a6185\",\"name\":\"Agencija\",\"image\":{\"@type\":\"ImageObject\",\"inLanguage\":\"bs-BA\",\"@id\":\"https:\/\/sandzakpress.net\/arhiva\/#\/schema\/person\/image\/\",\"url\":\"https:\/\/secure.gravatar.com\/avatar\/4b7fafa80a22f0c2afe23966b3961fe0?s=96&d=mm&r=pg\",\"contentUrl\":\"https:\/\/secure.gravatar.com\/avatar\/4b7fafa80a22f0c2afe23966b3961fe0?s=96&d=mm&r=pg\",\"caption\":\"Agencija\"},\"url\":\"https:\/\/sandzakpress.net\/arhiva\/author\/agencija\/\"}]}<\/script>\n<!-- \/ Yoast SEO Premium plugin. -->","yoast_head_json":{"title":"Politi\u010dko djelovanje gospodina Nihada Be\u0107irovi\u0107a u Njema\u010dkoj","robots":{"index":"index","follow":"follow","max-snippet":"max-snippet:-1","max-image-preview":"max-image-preview:large","max-video-preview":"max-video-preview:-1"},"canonical":"https:\/\/sandzakpress.net\/arhiva\/politicko-djelovanje-gospodina-nihada-becirovica-u-njemackoj\/","og_locale":"bs_BA","og_type":"article","og_title":"Politi\u010dko djelovanje gospodina Nihada Be\u0107irovi\u0107a u Njema\u010dkoj","og_description":"-Gospodine Be\u0107irovi\u0107u, kako ste do\u0161li i uspjeli da budete dio jedne bitne, velike stranke BIG u Njema\u010dkoj kao Bo\u0161njak? \u2014- Prije svega da se zahvalim Vama i Va\u0161oj medijskoj ku\u0107i na interesovanju o djelovanju Bo\u0161njaka u politi\u010dkom \u017eivotu u Njema\u010dkoj.\u00a0 Poslije mog li\u010dnog anga\u017eovanja u PAN Bo\u0161nja\u010dkom pokretu i shvatanja koliko je neizbje\u017eno i neophodno [&hellip;]","og_url":"https:\/\/sandzakpress.net\/arhiva\/politicko-djelovanje-gospodina-nihada-becirovica-u-njemackoj\/","og_site_name":"Sand\u017eak PRESS","article_published_time":"2019-07-10T13:29:47+00:00","og_image":[{"width":600,"height":400,"url":"https:\/\/sandzakpress.net\/arhiva\/wp-content\/uploads\/2019\/07\/2BBEDAC5-2F3B-427D-B2B8-06AE327C6B19-600x597-1.jpeg-600x400.jpg","type":"image\/jpeg"}],"author":"Agencija","twitter_card":"summary_large_image","twitter_misc":{"Written by":"Agencija","Est. reading time":"6 minuta"},"schema":{"@context":"https:\/\/schema.org","@graph":[{"@type":"Article","@id":"https:\/\/sandzakpress.net\/arhiva\/politicko-djelovanje-gospodina-nihada-becirovica-u-njemackoj\/#article","isPartOf":{"@id":"https:\/\/sandzakpress.net\/arhiva\/politicko-djelovanje-gospodina-nihada-becirovica-u-njemackoj\/"},"author":{"name":"Agencija","@id":"https:\/\/sandzakpress.net\/arhiva\/#\/schema\/person\/cb59d7e3ab91ab90dd680ad0305a6185"},"headline":"Politi\u010dko djelovanje gospodina Nihada Be\u0107irovi\u0107a u Njema\u010dkoj","datePublished":"2019-07-10T13:29:47+00:00","mainEntityOfPage":{"@id":"https:\/\/sandzakpress.net\/arhiva\/politicko-djelovanje-gospodina-nihada-becirovica-u-njemackoj\/"},"wordCount":1261,"commentCount":0,"publisher":{"@id":"https:\/\/sandzakpress.net\/arhiva\/#\/schema\/person\/6e72b67d6e51910a1117b3b483ba20bd"},"image":{"@id":"https:\/\/sandzakpress.net\/arhiva\/politicko-djelovanje-gospodina-nihada-becirovica-u-njemackoj\/#primaryimage"},"thumbnailUrl":"https:\/\/sandzakpress.net\/arhiva\/wp-content\/uploads\/2019\/07\/2BBEDAC5-2F3B-427D-B2B8-06AE327C6B19-600x597-1.jpeg-600x400.jpg","articleSection":["Njema\u010dka","Politika"],"inLanguage":"bs-BA","potentialAction":[{"@type":"CommentAction","name":"Comment","target":["https:\/\/sandzakpress.net\/arhiva\/politicko-djelovanje-gospodina-nihada-becirovica-u-njemackoj\/#respond"]}]},{"@type":"WebPage","@id":"https:\/\/sandzakpress.net\/arhiva\/politicko-djelovanje-gospodina-nihada-becirovica-u-njemackoj\/","url":"https:\/\/sandzakpress.net\/arhiva\/politicko-djelovanje-gospodina-nihada-becirovica-u-njemackoj\/","name":"Politi\u010dko djelovanje gospodina Nihada Be\u0107irovi\u0107a u Njema\u010dkoj","isPartOf":{"@id":"https:\/\/sandzakpress.net\/arhiva\/#website"},"primaryImageOfPage":{"@id":"https:\/\/sandzakpress.net\/arhiva\/politicko-djelovanje-gospodina-nihada-becirovica-u-njemackoj\/#primaryimage"},"image":{"@id":"https:\/\/sandzakpress.net\/arhiva\/politicko-djelovanje-gospodina-nihada-becirovica-u-njemackoj\/#primaryimage"},"thumbnailUrl":"https:\/\/sandzakpress.net\/arhiva\/wp-content\/uploads\/2019\/07\/2BBEDAC5-2F3B-427D-B2B8-06AE327C6B19-600x597-1.jpeg-600x400.jpg","datePublished":"2019-07-10T13:29:47+00:00","breadcrumb":{"@id":"https:\/\/sandzakpress.net\/arhiva\/politicko-djelovanje-gospodina-nihada-becirovica-u-njemackoj\/#breadcrumb"},"inLanguage":"bs-BA","potentialAction":[{"@type":"ReadAction","target":["https:\/\/sandzakpress.net\/arhiva\/politicko-djelovanje-gospodina-nihada-becirovica-u-njemackoj\/"]}]},{"@type":"ImageObject","inLanguage":"bs-BA","@id":"https:\/\/sandzakpress.net\/arhiva\/politicko-djelovanje-gospodina-nihada-becirovica-u-njemackoj\/#primaryimage","url":"https:\/\/sandzakpress.net\/arhiva\/wp-content\/uploads\/2019\/07\/2BBEDAC5-2F3B-427D-B2B8-06AE327C6B19-600x597-1.jpeg-600x400.jpg","contentUrl":"https:\/\/sandzakpress.net\/arhiva\/wp-content\/uploads\/2019\/07\/2BBEDAC5-2F3B-427D-B2B8-06AE327C6B19-600x597-1.jpeg-600x400.jpg","width":600,"height":400},{"@type":"BreadcrumbList","@id":"https:\/\/sandzakpress.net\/arhiva\/politicko-djelovanje-gospodina-nihada-becirovica-u-njemackoj\/#breadcrumb","itemListElement":[{"@type":"ListItem","position":1,"name":"Home","item":"https:\/\/sandzakpress.net\/arhiva\/"},{"@type":"ListItem","position":2,"name":"Politi\u010dko djelovanje gospodina Nihada Be\u0107irovi\u0107a u Njema\u010dkoj"}]},{"@type":"WebSite","@id":"https:\/\/sandzakpress.net\/arhiva\/#website","url":"https:\/\/sandzakpress.net\/arhiva\/","name":"Sand\u017eak PRESS","description":"Prve elektronske novine u Sand\u017eaku","publisher":{"@id":"https:\/\/sandzakpress.net\/arhiva\/#\/schema\/person\/6e72b67d6e51910a1117b3b483ba20bd"},"potentialAction":[{"@type":"SearchAction","target":{"@type":"EntryPoint","urlTemplate":"https:\/\/sandzakpress.net\/arhiva\/?s={search_term_string}"},"query-input":{"@type":"PropertyValueSpecification","valueRequired":true,"valueName":"search_term_string"}}],"inLanguage":"bs-BA"},{"@type":["Person","Organization"],"@id":"https:\/\/sandzakpress.net\/arhiva\/#\/schema\/person\/6e72b67d6e51910a1117b3b483ba20bd","name":"Kul","image":{"@type":"ImageObject","inLanguage":"bs-BA","@id":"https:\/\/sandzakpress.net\/arhiva\/#\/schema\/person\/image\/","url":"https:\/\/secure.gravatar.com\/avatar\/42263f39aa27ac04c43cab85c280eb2e?s=96&d=mm&r=pg","contentUrl":"https:\/\/secure.gravatar.com\/avatar\/42263f39aa27ac04c43cab85c280eb2e?s=96&d=mm&r=pg","caption":"Kul"},"logo":{"@id":"https:\/\/sandzakpress.net\/arhiva\/#\/schema\/person\/image\/"}},{"@type":"Person","@id":"https:\/\/sandzakpress.net\/arhiva\/#\/schema\/person\/cb59d7e3ab91ab90dd680ad0305a6185","name":"Agencija","image":{"@type":"ImageObject","inLanguage":"bs-BA","@id":"https:\/\/sandzakpress.net\/arhiva\/#\/schema\/person\/image\/","url":"https:\/\/secure.gravatar.com\/avatar\/4b7fafa80a22f0c2afe23966b3961fe0?s=96&d=mm&r=pg","contentUrl":"https:\/\/secure.gravatar.com\/avatar\/4b7fafa80a22f0c2afe23966b3961fe0?s=96&d=mm&r=pg","caption":"Agencija"},"url":"https:\/\/sandzakpress.net\/arhiva\/author\/agencija\/"}]}},"_links":{"self":[{"href":"https:\/\/sandzakpress.net\/arhiva\/wp-json\/wp\/v2\/posts\/225928"}],"collection":[{"href":"https:\/\/sandzakpress.net\/arhiva\/wp-json\/wp\/v2\/posts"}],"about":[{"href":"https:\/\/sandzakpress.net\/arhiva\/wp-json\/wp\/v2\/types\/post"}],"author":[{"embeddable":true,"href":"https:\/\/sandzakpress.net\/arhiva\/wp-json\/wp\/v2\/users\/509"}],"replies":[{"embeddable":true,"href":"https:\/\/sandzakpress.net\/arhiva\/wp-json\/wp\/v2\/comments?post=225928"}],"version-history":[{"count":0,"href":"https:\/\/sandzakpress.net\/arhiva\/wp-json\/wp\/v2\/posts\/225928\/revisions"}],"wp:featuredmedia":[{"embeddable":true,"href":"https:\/\/sandzakpress.net\/arhiva\/wp-json\/wp\/v2\/media\/225929"}],"wp:attachment":[{"href":"https:\/\/sandzakpress.net\/arhiva\/wp-json\/wp\/v2\/media?parent=225928"}],"wp:term":[{"taxonomy":"category","embeddable":true,"href":"https:\/\/sandzakpress.net\/arhiva\/wp-json\/wp\/v2\/categories?post=225928"},{"taxonomy":"post_tag","embeddable":true,"href":"https:\/\/sandzakpress.net\/arhiva\/wp-json\/wp\/v2\/tags?post=225928"}],"curies":[{"name":"wp","href":"https:\/\/api.w.org\/{rel}","templated":true}]}}