{"id":225861,"date":"2019-07-09T13:25:15","date_gmt":"2019-07-09T11:25:15","guid":{"rendered":"https:\/\/sandzakpress.net\/arhiva\/?p=225861"},"modified":"2019-07-09T13:25:15","modified_gmt":"2019-07-09T11:25:15","slug":"izlozba-milutina-obradovica-otvorena-u-beranama","status":"publish","type":"post","link":"https:\/\/sandzakpress.net\/arhiva\/izlozba-milutina-obradovica-otvorena-u-beranama\/","title":{"rendered":"Izlo\u017eba Milutina Obradovi\u0107a otvorena u Beranama"},"content":{"rendered":"<p><img decoding=\"async\" src=\"https:\/\/www.vijesti.me\/media\/20190707120736_c21ecc75-32af-422b-a05f-5b5a811859c4.jpeg\" alt=\"Obradovi\u00c4\u0087\" \/><\/p>\n<p><strong>Akademski slikar Milutin Obradovi\u0107 predstavio se izlo\u017ebom &#8220;Obi\u010dan malecki san&#8221; u galeriji Polimskog muzeja u Beranama, u sklopu manifestacije &#8220;Beransko kulturno ljeto&#8221;.<\/strong><\/p>\n<p>Galerije od Ljubljane, preko Sarajeva, Beograda i Podgorice bile su adresa izlo\u017ebe koju je sino\u0107 sve\u010dano otvorio predsjednik Op\u0161tine Berane, Dragoslav \u0160\u0107eki\u0107, koji je kazao da je Obradovi\u0107 jedan od najprestiznijih mladih savremenih slikara Crne Gore. \u00a0<\/p>\n<p>&#8220;U moru savremenih umjetnika te\u0161ko je izboriti se svoje mjesto pod slikarskim nebom, a naro\u010dito na\u0107i se na stubu me\u0111unarodno priznatih afirmisanih evropskih slikara. Milutinu je to po\u0161lo za rukom, to nama dovoljno govori o tome koliki je njegov kvalitet i potencijal&#8221;, rekao je \u0160\u0107eki\u0107.<\/p>\n<div class=\"contentAd contentAd--noBackground marginBottom30\">\u00a0<\/div>\n<p>Direktorica Polimskog muzeja, Violeta Foli\u0107, na otvaranju je u ime doma\u0107ina izlo\u017ebe kazala da joj predstavlja \u010dast sto je ova izlo\u017eba u\u0161la u sastav Beranskog kulturnog ljeta, koje ove godine slavi jubilej &#8211; 40 godina postojanja manifestacije.\u00a0<\/p>\n<p>Autor izlo\u017ebe, koja \u0107e biti otvorena do 19. jula, obratio se posjetiocima \u010ditanjem svoje poeme &#8220;Ti i on&#8221;.<\/p>\n<p>Izlo\u017eba \u201cObi\u010dan malecki san\u201d bi\u0107e predstavljena u Zagrebu u maju 2020. godine.<\/p>\n<p><img loading=\"lazy\" decoding=\"async\" src=\"https:\/\/www.vijesti.me\/media\/20190707120736_3f2e870d0a6993f17f3a2a7ccb2295d68202df6e9e915d0d7903a7e71fbcae92.jpeg\" alt=\"\" width=\"1210\" height=\"852\" data-media-id=\"editor_1\" data-image-id=\"20190707120736_3f2e870d0a6993f17f3a2a7ccb2295d68202df6e9e915d0d7903a7e71fbcae92\" data-rendition-name=\"original\" \/><\/p>\n","protected":false},"excerpt":{"rendered":"<p>Akademski slikar Milutin Obradovi\u0107 predstavio se izlo\u017ebom &#8220;Obi\u010dan malecki san&#8221; u galeriji Polimskog muzeja u Beranama, u sklopu manifestacije &#8220;Beransko kulturno ljeto&#8221;. Galerije od Ljubljane, preko Sarajeva, Beograda i Podgorice bile su adresa izlo\u017ebe koju je sino\u0107 sve\u010dano otvorio predsjednik Op\u0161tine Berane, Dragoslav \u0160\u0107eki\u0107, koji je kazao da je Obradovi\u0107 jedan od najprestiznijih mladih savremenih [&hellip;]<\/p>\n","protected":false},"author":509,"featured_media":225863,"comment_status":"open","ping_status":"open","sticky":false,"template":"","format":"standard","meta":{"footnotes":""},"categories":[397,5],"tags":[],"class_list":{"0":"post-225861","1":"post","2":"type-post","3":"status-publish","4":"format-standard","5":"has-post-thumbnail","7":"category-berane","8":"category-drustvo"},"yoast_head":"<!-- This site is optimized with the Yoast SEO Premium plugin v23.1 (Yoast SEO v24.9) - https:\/\/yoast.com\/wordpress\/plugins\/seo\/ -->\n<title>Izlo\u017eba Milutina Obradovi\u0107a otvorena u Beranama<\/title>\n<meta name=\"robots\" content=\"index, follow, max-snippet:-1, max-image-preview:large, max-video-preview:-1\" \/>\n<link rel=\"canonical\" href=\"https:\/\/sandzakpress.net\/arhiva\/izlozba-milutina-obradovica-otvorena-u-beranama\/\" \/>\n<meta property=\"og:locale\" content=\"bs_BA\" \/>\n<meta property=\"og:type\" content=\"article\" \/>\n<meta property=\"og:title\" content=\"Izlo\u017eba Milutina Obradovi\u0107a otvorena u Beranama\" \/>\n<meta property=\"og:description\" content=\"Akademski slikar Milutin Obradovi\u0107 predstavio se izlo\u017ebom &#8220;Obi\u010dan malecki san&#8221; u galeriji Polimskog muzeja u Beranama, u sklopu manifestacije &#8220;Beransko kulturno ljeto&#8221;. Galerije od Ljubljane, preko Sarajeva, Beograda i Podgorice bile su adresa izlo\u017ebe koju je sino\u0107 sve\u010dano otvorio predsjednik Op\u0161tine Berane, Dragoslav \u0160\u0107eki\u0107, koji je kazao da je Obradovi\u0107 jedan od najprestiznijih mladih savremenih [&hellip;]\" \/>\n<meta property=\"og:url\" content=\"https:\/\/sandzakpress.net\/arhiva\/izlozba-milutina-obradovica-otvorena-u-beranama\/\" \/>\n<meta property=\"og:site_name\" content=\"Sand\u017eak PRESS\" \/>\n<meta property=\"article:published_time\" content=\"2019-07-09T11:25:15+00:00\" \/>\n<meta property=\"og:image\" content=\"https:\/\/sandzakpress.net\/arhiva\/wp-content\/uploads\/2019\/07\/20190707120736_c21ecc75-32af-422b-a05f-5b5a811859c4.jpeg.jpg\" \/>\n\t<meta property=\"og:image:width\" content=\"800\" \/>\n\t<meta property=\"og:image:height\" content=\"385\" \/>\n\t<meta property=\"og:image:type\" content=\"image\/jpeg\" \/>\n<meta name=\"author\" content=\"Agencija\" \/>\n<meta name=\"twitter:card\" content=\"summary_large_image\" \/>\n<meta name=\"twitter:label1\" content=\"Written by\" \/>\n\t<meta name=\"twitter:data1\" content=\"Agencija\" \/>\n\t<meta name=\"twitter:label2\" content=\"Est. reading time\" \/>\n\t<meta name=\"twitter:data2\" content=\"1 minuta\" \/>\n<script type=\"application\/ld+json\" class=\"yoast-schema-graph\">{\"@context\":\"https:\/\/schema.org\",\"@graph\":[{\"@type\":\"Article\",\"@id\":\"https:\/\/sandzakpress.net\/arhiva\/izlozba-milutina-obradovica-otvorena-u-beranama\/#article\",\"isPartOf\":{\"@id\":\"https:\/\/sandzakpress.net\/arhiva\/izlozba-milutina-obradovica-otvorena-u-beranama\/\"},\"author\":{\"name\":\"Agencija\",\"@id\":\"https:\/\/sandzakpress.net\/arhiva\/#\/schema\/person\/cb59d7e3ab91ab90dd680ad0305a6185\"},\"headline\":\"Izlo\u017eba Milutina Obradovi\u0107a otvorena u Beranama\",\"datePublished\":\"2019-07-09T11:25:15+00:00\",\"mainEntityOfPage\":{\"@id\":\"https:\/\/sandzakpress.net\/arhiva\/izlozba-milutina-obradovica-otvorena-u-beranama\/\"},\"wordCount\":193,\"commentCount\":0,\"publisher\":{\"@id\":\"https:\/\/sandzakpress.net\/arhiva\/#\/schema\/person\/6e72b67d6e51910a1117b3b483ba20bd\"},\"image\":{\"@id\":\"https:\/\/sandzakpress.net\/arhiva\/izlozba-milutina-obradovica-otvorena-u-beranama\/#primaryimage\"},\"thumbnailUrl\":\"https:\/\/sandzakpress.net\/arhiva\/wp-content\/uploads\/2019\/07\/20190707120736_c21ecc75-32af-422b-a05f-5b5a811859c4.jpeg.jpg\",\"articleSection\":[\"Berane\",\"Dru\u0161tvo\"],\"inLanguage\":\"bs-BA\",\"potentialAction\":[{\"@type\":\"CommentAction\",\"name\":\"Comment\",\"target\":[\"https:\/\/sandzakpress.net\/arhiva\/izlozba-milutina-obradovica-otvorena-u-beranama\/#respond\"]}]},{\"@type\":\"WebPage\",\"@id\":\"https:\/\/sandzakpress.net\/arhiva\/izlozba-milutina-obradovica-otvorena-u-beranama\/\",\"url\":\"https:\/\/sandzakpress.net\/arhiva\/izlozba-milutina-obradovica-otvorena-u-beranama\/\",\"name\":\"Izlo\u017eba Milutina Obradovi\u0107a otvorena u Beranama\",\"isPartOf\":{\"@id\":\"https:\/\/sandzakpress.net\/arhiva\/#website\"},\"primaryImageOfPage\":{\"@id\":\"https:\/\/sandzakpress.net\/arhiva\/izlozba-milutina-obradovica-otvorena-u-beranama\/#primaryimage\"},\"image\":{\"@id\":\"https:\/\/sandzakpress.net\/arhiva\/izlozba-milutina-obradovica-otvorena-u-beranama\/#primaryimage\"},\"thumbnailUrl\":\"https:\/\/sandzakpress.net\/arhiva\/wp-content\/uploads\/2019\/07\/20190707120736_c21ecc75-32af-422b-a05f-5b5a811859c4.jpeg.jpg\",\"datePublished\":\"2019-07-09T11:25:15+00:00\",\"breadcrumb\":{\"@id\":\"https:\/\/sandzakpress.net\/arhiva\/izlozba-milutina-obradovica-otvorena-u-beranama\/#breadcrumb\"},\"inLanguage\":\"bs-BA\",\"potentialAction\":[{\"@type\":\"ReadAction\",\"target\":[\"https:\/\/sandzakpress.net\/arhiva\/izlozba-milutina-obradovica-otvorena-u-beranama\/\"]}]},{\"@type\":\"ImageObject\",\"inLanguage\":\"bs-BA\",\"@id\":\"https:\/\/sandzakpress.net\/arhiva\/izlozba-milutina-obradovica-otvorena-u-beranama\/#primaryimage\",\"url\":\"https:\/\/sandzakpress.net\/arhiva\/wp-content\/uploads\/2019\/07\/20190707120736_c21ecc75-32af-422b-a05f-5b5a811859c4.jpeg.jpg\",\"contentUrl\":\"https:\/\/sandzakpress.net\/arhiva\/wp-content\/uploads\/2019\/07\/20190707120736_c21ecc75-32af-422b-a05f-5b5a811859c4.jpeg.jpg\",\"width\":800,\"height\":385},{\"@type\":\"BreadcrumbList\",\"@id\":\"https:\/\/sandzakpress.net\/arhiva\/izlozba-milutina-obradovica-otvorena-u-beranama\/#breadcrumb\",\"itemListElement\":[{\"@type\":\"ListItem\",\"position\":1,\"name\":\"Home\",\"item\":\"https:\/\/sandzakpress.net\/arhiva\/\"},{\"@type\":\"ListItem\",\"position\":2,\"name\":\"Izlo\u017eba Milutina Obradovi\u0107a otvorena u Beranama\"}]},{\"@type\":\"WebSite\",\"@id\":\"https:\/\/sandzakpress.net\/arhiva\/#website\",\"url\":\"https:\/\/sandzakpress.net\/arhiva\/\",\"name\":\"Sand\u017eak PRESS\",\"description\":\"Prve elektronske novine u Sand\u017eaku\",\"publisher\":{\"@id\":\"https:\/\/sandzakpress.net\/arhiva\/#\/schema\/person\/6e72b67d6e51910a1117b3b483ba20bd\"},\"potentialAction\":[{\"@type\":\"SearchAction\",\"target\":{\"@type\":\"EntryPoint\",\"urlTemplate\":\"https:\/\/sandzakpress.net\/arhiva\/?s={search_term_string}\"},\"query-input\":{\"@type\":\"PropertyValueSpecification\",\"valueRequired\":true,\"valueName\":\"search_term_string\"}}],\"inLanguage\":\"bs-BA\"},{\"@type\":[\"Person\",\"Organization\"],\"@id\":\"https:\/\/sandzakpress.net\/arhiva\/#\/schema\/person\/6e72b67d6e51910a1117b3b483ba20bd\",\"name\":\"Kul\",\"image\":{\"@type\":\"ImageObject\",\"inLanguage\":\"bs-BA\",\"@id\":\"https:\/\/sandzakpress.net\/arhiva\/#\/schema\/person\/image\/\",\"url\":\"https:\/\/secure.gravatar.com\/avatar\/42263f39aa27ac04c43cab85c280eb2e?s=96&d=mm&r=pg\",\"contentUrl\":\"https:\/\/secure.gravatar.com\/avatar\/42263f39aa27ac04c43cab85c280eb2e?s=96&d=mm&r=pg\",\"caption\":\"Kul\"},\"logo\":{\"@id\":\"https:\/\/sandzakpress.net\/arhiva\/#\/schema\/person\/image\/\"}},{\"@type\":\"Person\",\"@id\":\"https:\/\/sandzakpress.net\/arhiva\/#\/schema\/person\/cb59d7e3ab91ab90dd680ad0305a6185\",\"name\":\"Agencija\",\"image\":{\"@type\":\"ImageObject\",\"inLanguage\":\"bs-BA\",\"@id\":\"https:\/\/sandzakpress.net\/arhiva\/#\/schema\/person\/image\/\",\"url\":\"https:\/\/secure.gravatar.com\/avatar\/4b7fafa80a22f0c2afe23966b3961fe0?s=96&d=mm&r=pg\",\"contentUrl\":\"https:\/\/secure.gravatar.com\/avatar\/4b7fafa80a22f0c2afe23966b3961fe0?s=96&d=mm&r=pg\",\"caption\":\"Agencija\"},\"url\":\"https:\/\/sandzakpress.net\/arhiva\/author\/agencija\/\"}]}<\/script>\n<!-- \/ Yoast SEO Premium plugin. -->","yoast_head_json":{"title":"Izlo\u017eba Milutina Obradovi\u0107a otvorena u Beranama","robots":{"index":"index","follow":"follow","max-snippet":"max-snippet:-1","max-image-preview":"max-image-preview:large","max-video-preview":"max-video-preview:-1"},"canonical":"https:\/\/sandzakpress.net\/arhiva\/izlozba-milutina-obradovica-otvorena-u-beranama\/","og_locale":"bs_BA","og_type":"article","og_title":"Izlo\u017eba Milutina Obradovi\u0107a otvorena u Beranama","og_description":"Akademski slikar Milutin Obradovi\u0107 predstavio se izlo\u017ebom &#8220;Obi\u010dan malecki san&#8221; u galeriji Polimskog muzeja u Beranama, u sklopu manifestacije &#8220;Beransko kulturno ljeto&#8221;. Galerije od Ljubljane, preko Sarajeva, Beograda i Podgorice bile su adresa izlo\u017ebe koju je sino\u0107 sve\u010dano otvorio predsjednik Op\u0161tine Berane, Dragoslav \u0160\u0107eki\u0107, koji je kazao da je Obradovi\u0107 jedan od najprestiznijih mladih savremenih [&hellip;]","og_url":"https:\/\/sandzakpress.net\/arhiva\/izlozba-milutina-obradovica-otvorena-u-beranama\/","og_site_name":"Sand\u017eak PRESS","article_published_time":"2019-07-09T11:25:15+00:00","og_image":[{"width":800,"height":385,"url":"https:\/\/sandzakpress.net\/arhiva\/wp-content\/uploads\/2019\/07\/20190707120736_c21ecc75-32af-422b-a05f-5b5a811859c4.jpeg.jpg","type":"image\/jpeg"}],"author":"Agencija","twitter_card":"summary_large_image","twitter_misc":{"Written by":"Agencija","Est. reading time":"1 minuta"},"schema":{"@context":"https:\/\/schema.org","@graph":[{"@type":"Article","@id":"https:\/\/sandzakpress.net\/arhiva\/izlozba-milutina-obradovica-otvorena-u-beranama\/#article","isPartOf":{"@id":"https:\/\/sandzakpress.net\/arhiva\/izlozba-milutina-obradovica-otvorena-u-beranama\/"},"author":{"name":"Agencija","@id":"https:\/\/sandzakpress.net\/arhiva\/#\/schema\/person\/cb59d7e3ab91ab90dd680ad0305a6185"},"headline":"Izlo\u017eba Milutina Obradovi\u0107a otvorena u Beranama","datePublished":"2019-07-09T11:25:15+00:00","mainEntityOfPage":{"@id":"https:\/\/sandzakpress.net\/arhiva\/izlozba-milutina-obradovica-otvorena-u-beranama\/"},"wordCount":193,"commentCount":0,"publisher":{"@id":"https:\/\/sandzakpress.net\/arhiva\/#\/schema\/person\/6e72b67d6e51910a1117b3b483ba20bd"},"image":{"@id":"https:\/\/sandzakpress.net\/arhiva\/izlozba-milutina-obradovica-otvorena-u-beranama\/#primaryimage"},"thumbnailUrl":"https:\/\/sandzakpress.net\/arhiva\/wp-content\/uploads\/2019\/07\/20190707120736_c21ecc75-32af-422b-a05f-5b5a811859c4.jpeg.jpg","articleSection":["Berane","Dru\u0161tvo"],"inLanguage":"bs-BA","potentialAction":[{"@type":"CommentAction","name":"Comment","target":["https:\/\/sandzakpress.net\/arhiva\/izlozba-milutina-obradovica-otvorena-u-beranama\/#respond"]}]},{"@type":"WebPage","@id":"https:\/\/sandzakpress.net\/arhiva\/izlozba-milutina-obradovica-otvorena-u-beranama\/","url":"https:\/\/sandzakpress.net\/arhiva\/izlozba-milutina-obradovica-otvorena-u-beranama\/","name":"Izlo\u017eba Milutina Obradovi\u0107a otvorena u Beranama","isPartOf":{"@id":"https:\/\/sandzakpress.net\/arhiva\/#website"},"primaryImageOfPage":{"@id":"https:\/\/sandzakpress.net\/arhiva\/izlozba-milutina-obradovica-otvorena-u-beranama\/#primaryimage"},"image":{"@id":"https:\/\/sandzakpress.net\/arhiva\/izlozba-milutina-obradovica-otvorena-u-beranama\/#primaryimage"},"thumbnailUrl":"https:\/\/sandzakpress.net\/arhiva\/wp-content\/uploads\/2019\/07\/20190707120736_c21ecc75-32af-422b-a05f-5b5a811859c4.jpeg.jpg","datePublished":"2019-07-09T11:25:15+00:00","breadcrumb":{"@id":"https:\/\/sandzakpress.net\/arhiva\/izlozba-milutina-obradovica-otvorena-u-beranama\/#breadcrumb"},"inLanguage":"bs-BA","potentialAction":[{"@type":"ReadAction","target":["https:\/\/sandzakpress.net\/arhiva\/izlozba-milutina-obradovica-otvorena-u-beranama\/"]}]},{"@type":"ImageObject","inLanguage":"bs-BA","@id":"https:\/\/sandzakpress.net\/arhiva\/izlozba-milutina-obradovica-otvorena-u-beranama\/#primaryimage","url":"https:\/\/sandzakpress.net\/arhiva\/wp-content\/uploads\/2019\/07\/20190707120736_c21ecc75-32af-422b-a05f-5b5a811859c4.jpeg.jpg","contentUrl":"https:\/\/sandzakpress.net\/arhiva\/wp-content\/uploads\/2019\/07\/20190707120736_c21ecc75-32af-422b-a05f-5b5a811859c4.jpeg.jpg","width":800,"height":385},{"@type":"BreadcrumbList","@id":"https:\/\/sandzakpress.net\/arhiva\/izlozba-milutina-obradovica-otvorena-u-beranama\/#breadcrumb","itemListElement":[{"@type":"ListItem","position":1,"name":"Home","item":"https:\/\/sandzakpress.net\/arhiva\/"},{"@type":"ListItem","position":2,"name":"Izlo\u017eba Milutina Obradovi\u0107a otvorena u Beranama"}]},{"@type":"WebSite","@id":"https:\/\/sandzakpress.net\/arhiva\/#website","url":"https:\/\/sandzakpress.net\/arhiva\/","name":"Sand\u017eak PRESS","description":"Prve elektronske novine u Sand\u017eaku","publisher":{"@id":"https:\/\/sandzakpress.net\/arhiva\/#\/schema\/person\/6e72b67d6e51910a1117b3b483ba20bd"},"potentialAction":[{"@type":"SearchAction","target":{"@type":"EntryPoint","urlTemplate":"https:\/\/sandzakpress.net\/arhiva\/?s={search_term_string}"},"query-input":{"@type":"PropertyValueSpecification","valueRequired":true,"valueName":"search_term_string"}}],"inLanguage":"bs-BA"},{"@type":["Person","Organization"],"@id":"https:\/\/sandzakpress.net\/arhiva\/#\/schema\/person\/6e72b67d6e51910a1117b3b483ba20bd","name":"Kul","image":{"@type":"ImageObject","inLanguage":"bs-BA","@id":"https:\/\/sandzakpress.net\/arhiva\/#\/schema\/person\/image\/","url":"https:\/\/secure.gravatar.com\/avatar\/42263f39aa27ac04c43cab85c280eb2e?s=96&d=mm&r=pg","contentUrl":"https:\/\/secure.gravatar.com\/avatar\/42263f39aa27ac04c43cab85c280eb2e?s=96&d=mm&r=pg","caption":"Kul"},"logo":{"@id":"https:\/\/sandzakpress.net\/arhiva\/#\/schema\/person\/image\/"}},{"@type":"Person","@id":"https:\/\/sandzakpress.net\/arhiva\/#\/schema\/person\/cb59d7e3ab91ab90dd680ad0305a6185","name":"Agencija","image":{"@type":"ImageObject","inLanguage":"bs-BA","@id":"https:\/\/sandzakpress.net\/arhiva\/#\/schema\/person\/image\/","url":"https:\/\/secure.gravatar.com\/avatar\/4b7fafa80a22f0c2afe23966b3961fe0?s=96&d=mm&r=pg","contentUrl":"https:\/\/secure.gravatar.com\/avatar\/4b7fafa80a22f0c2afe23966b3961fe0?s=96&d=mm&r=pg","caption":"Agencija"},"url":"https:\/\/sandzakpress.net\/arhiva\/author\/agencija\/"}]}},"_links":{"self":[{"href":"https:\/\/sandzakpress.net\/arhiva\/wp-json\/wp\/v2\/posts\/225861"}],"collection":[{"href":"https:\/\/sandzakpress.net\/arhiva\/wp-json\/wp\/v2\/posts"}],"about":[{"href":"https:\/\/sandzakpress.net\/arhiva\/wp-json\/wp\/v2\/types\/post"}],"author":[{"embeddable":true,"href":"https:\/\/sandzakpress.net\/arhiva\/wp-json\/wp\/v2\/users\/509"}],"replies":[{"embeddable":true,"href":"https:\/\/sandzakpress.net\/arhiva\/wp-json\/wp\/v2\/comments?post=225861"}],"version-history":[{"count":0,"href":"https:\/\/sandzakpress.net\/arhiva\/wp-json\/wp\/v2\/posts\/225861\/revisions"}],"wp:featuredmedia":[{"embeddable":true,"href":"https:\/\/sandzakpress.net\/arhiva\/wp-json\/wp\/v2\/media\/225863"}],"wp:attachment":[{"href":"https:\/\/sandzakpress.net\/arhiva\/wp-json\/wp\/v2\/media?parent=225861"}],"wp:term":[{"taxonomy":"category","embeddable":true,"href":"https:\/\/sandzakpress.net\/arhiva\/wp-json\/wp\/v2\/categories?post=225861"},{"taxonomy":"post_tag","embeddable":true,"href":"https:\/\/sandzakpress.net\/arhiva\/wp-json\/wp\/v2\/tags?post=225861"}],"curies":[{"name":"wp","href":"https:\/\/api.w.org\/{rel}","templated":true}]}}