{"id":225832,"date":"2019-07-09T00:32:12","date_gmt":"2019-07-08T22:32:12","guid":{"rendered":"https:\/\/sandzakpress.net\/arhiva\/turska-dobila-novog-baspehlivana-u-edirneu-odrzano-takmicenje-hrvaca-namazanih-uljem"},"modified":"2019-07-09T00:32:12","modified_gmt":"2019-07-08T22:32:12","slug":"turska-dobila-novog-baspehlivana-u-edirneu-odrzano-takmicenje-hrvaca-namazanih-uljem","status":"publish","type":"post","link":"https:\/\/sandzakpress.net\/arhiva\/turska-dobila-novog-baspehlivana-u-edirneu-odrzano-takmicenje-hrvaca-namazanih-uljem\/","title":{"rendered":"Turska dobila novog ba\u0161pehlivana: U Edirneu odr\u017eano takmi\u010denje hrva\u010da namazanih uljem"},"content":{"rendered":"<p><span class=\"cb-itemprop\"><\/p>\n<p><img loading=\"lazy\" decoding=\"async\" class=\"alignnone size-full wp-image-45900\" src=\"https:\/\/islampress.net\/wp-content\/uploads\/2019\/07\/5d22f44d4171a.jpg\" alt=\"\" width=\"610\" height=\"343\" \/><\/p>\n<p>U turskom gradu\u00a0Edirne odr\u017eava se 658. tradicionalno hrvanje pehlivana, hrva\u010da koji se bore namazani uljem, a pobjednik jedinstvnog takmi\u010denja i osvaja\u010d presti\u017ene titule \u201cba\u0161pehlivana\u201c je Ali Gurbuz.<\/p>\n<p>U finalu takmi\u010denja sastala su se dva rivala iz Antalije pro\u0161logodi\u0161nji pobjednik Orhan Okulu i Ali Gurbuz.<\/p>\n<p>Gurbuz je nakon skoro sat borbe uspio pobijediti i okititi se titulom.<\/p>\n<p>Zlatni pojas novom ba\u0161pehlivanu Turske Gurbuzu je dodijelio turski ministar sporta i omladine Mehmet Muharrem Kasapoglu.<\/p>\n<p>Takmi\u010denja\u00a0su nekada bila vremenski neograni\u010dena i borbe su trajale satima, pa \u010dak i danima, dok jedan od takmi\u010dara ne baci protivnika na le\u0111a. Sada je situacija druga\u010dija, jer su borbe vremenski ograni\u010dene, a najneizvjesniji me\u010devi zavr\u0161e sudijskim bodovanjem.<\/p>\n<p>Ba\u0161pehlivani, odnosno pobjednici takmi\u010denja u\u00a0Kirkpinaru, izuzetno su cijenjeni u Turskoj. Onaj koji tri puta zaredom osvoji titulu ba\u0161pehlivana postaje stalni vlasnik zlatnog pojasa.<\/p>\n<p>Hrva\u010di koji se bore namazani uljem u Turskoj se nazivaju pehlivani, \u0161to u prevodu s perzijskog jezika primarno ozna\u010dava osobu koja se odlikuje izuzetnom hrabro\u0161\u0107u i motori\u010dkim sposobnostima.<\/p>\n<p>Upravo hrvanje ove vrste bilo je inspiracija i za pisanje stru\u010dnih radova u Turskoj, u kojoj se hrvanje smatra nacionalnim sportom.<\/p>\n<p>Festival hrvanja u\u00a0Kirkpinaru jedan je od najstarijih sportskih doga\u0111aja na svijetu. Odr\u017eava se svake godine u gradu Edirne od daleke 1362.<\/p>\n<p><em>trt.net.tr<\/em><\/p>\n<p><\/span><br \/>\nPogledajte vijest na izvornom sajtu:<\/p>\n<p><a href=\"https:\/\/islampress.net\/45894\/turska-dobila-novog-baspehlivana-u-edirneu-odrzano-takmicenje-hrvaca-namazanih-uljem\/\" target=\"_blank\">Turska dobila novog ba\u0161pehlivana: U Edirneu odr\u017eano takmi\u010denje hrva\u010da namazanih uljem<\/a><\/p>\n","protected":false},"excerpt":{"rendered":"<p>U turskom gradu\u00a0Edirne odr\u017eava se 658. tradicionalno hrvanje pehlivana, hrva\u010da koji se bore namazani uljem, a pobjednik jedinstvnog takmi\u010denja i osvaja\u010d presti\u017ene titule \u201cba\u0161pehlivana\u201c je Ali Gurbuz. U finalu takmi\u010denja sastala su se dva rivala iz Antalije pro\u0161logodi\u0161nji pobjednik Orhan Okulu i Ali Gurbuz. Gurbuz je nakon skoro sat borbe uspio pobijediti i okititi se [&hellip;]<\/p>\n","protected":false},"author":83,"featured_media":225833,"comment_status":"open","ping_status":"open","sticky":false,"template":"","format":"standard","meta":{"footnotes":""},"categories":[9],"tags":[10499],"class_list":{"0":"post-225832","1":"post","2":"type-post","3":"status-publish","4":"format-standard","5":"has-post-thumbnail","7":"category-svijet","8":"tag-a"},"yoast_head":"<!-- This site is optimized with the Yoast SEO Premium plugin v23.1 (Yoast SEO v24.9) - https:\/\/yoast.com\/wordpress\/plugins\/seo\/ -->\n<title>Turska dobila novog ba\u0161pehlivana: U Edirneu odr\u017eano takmi\u010denje hrva\u010da namazanih uljem<\/title>\n<meta name=\"robots\" content=\"index, follow, max-snippet:-1, max-image-preview:large, max-video-preview:-1\" \/>\n<link rel=\"canonical\" href=\"https:\/\/sandzakpress.net\/arhiva\/turska-dobila-novog-baspehlivana-u-edirneu-odrzano-takmicenje-hrvaca-namazanih-uljem\/\" \/>\n<meta property=\"og:locale\" content=\"bs_BA\" \/>\n<meta property=\"og:type\" content=\"article\" \/>\n<meta property=\"og:title\" content=\"Turska dobila novog ba\u0161pehlivana: U Edirneu odr\u017eano takmi\u010denje hrva\u010da namazanih uljem\" \/>\n<meta property=\"og:description\" content=\"U turskom gradu\u00a0Edirne odr\u017eava se 658. tradicionalno hrvanje pehlivana, hrva\u010da koji se bore namazani uljem, a pobjednik jedinstvnog takmi\u010denja i osvaja\u010d presti\u017ene titule \u201cba\u0161pehlivana\u201c je Ali Gurbuz. U finalu takmi\u010denja sastala su se dva rivala iz Antalije pro\u0161logodi\u0161nji pobjednik Orhan Okulu i Ali Gurbuz. Gurbuz je nakon skoro sat borbe uspio pobijediti i okititi se [&hellip;]\" \/>\n<meta property=\"og:url\" content=\"https:\/\/sandzakpress.net\/arhiva\/turska-dobila-novog-baspehlivana-u-edirneu-odrzano-takmicenje-hrvaca-namazanih-uljem\/\" \/>\n<meta property=\"og:site_name\" content=\"Sand\u017eak PRESS\" \/>\n<meta property=\"article:published_time\" content=\"2019-07-08T22:32:12+00:00\" \/>\n<meta property=\"og:image\" content=\"https:\/\/sandzakpress.net\/arhiva\/wp-content\/uploads\/2019\/07\/5d22f44d4171a.jpg\" \/>\n\t<meta property=\"og:image:width\" content=\"610\" \/>\n\t<meta property=\"og:image:height\" content=\"343\" \/>\n\t<meta property=\"og:image:type\" content=\"image\/jpeg\" \/>\n<meta name=\"author\" content=\"bosniak\" \/>\n<meta name=\"twitter:card\" content=\"summary_large_image\" \/>\n<meta name=\"twitter:label1\" content=\"Written by\" \/>\n\t<meta name=\"twitter:data1\" content=\"bosniak\" \/>\n\t<meta name=\"twitter:label2\" content=\"Est. reading time\" \/>\n\t<meta name=\"twitter:data2\" content=\"1 minuta\" \/>\n<script type=\"application\/ld+json\" class=\"yoast-schema-graph\">{\"@context\":\"https:\/\/schema.org\",\"@graph\":[{\"@type\":\"Article\",\"@id\":\"https:\/\/sandzakpress.net\/arhiva\/turska-dobila-novog-baspehlivana-u-edirneu-odrzano-takmicenje-hrvaca-namazanih-uljem\/#article\",\"isPartOf\":{\"@id\":\"https:\/\/sandzakpress.net\/arhiva\/turska-dobila-novog-baspehlivana-u-edirneu-odrzano-takmicenje-hrvaca-namazanih-uljem\/\"},\"author\":{\"name\":\"bosniak\",\"@id\":\"https:\/\/sandzakpress.net\/arhiva\/#\/schema\/person\/c8baee722073534b583ea7bdb2e36c02\"},\"headline\":\"Turska dobila novog ba\u0161pehlivana: U Edirneu odr\u017eano takmi\u010denje hrva\u010da namazanih uljem\",\"datePublished\":\"2019-07-08T22:32:12+00:00\",\"mainEntityOfPage\":{\"@id\":\"https:\/\/sandzakpress.net\/arhiva\/turska-dobila-novog-baspehlivana-u-edirneu-odrzano-takmicenje-hrvaca-namazanih-uljem\/\"},\"wordCount\":270,\"commentCount\":0,\"publisher\":{\"@id\":\"https:\/\/sandzakpress.net\/arhiva\/#\/schema\/person\/6e72b67d6e51910a1117b3b483ba20bd\"},\"image\":{\"@id\":\"https:\/\/sandzakpress.net\/arhiva\/turska-dobila-novog-baspehlivana-u-edirneu-odrzano-takmicenje-hrvaca-namazanih-uljem\/#primaryimage\"},\"thumbnailUrl\":\"https:\/\/sandzakpress.net\/arhiva\/wp-content\/uploads\/2019\/07\/5d22f44d4171a.jpg\",\"keywords\":[\"A\"],\"articleSection\":[\"Svijet\"],\"inLanguage\":\"bs-BA\",\"potentialAction\":[{\"@type\":\"CommentAction\",\"name\":\"Comment\",\"target\":[\"https:\/\/sandzakpress.net\/arhiva\/turska-dobila-novog-baspehlivana-u-edirneu-odrzano-takmicenje-hrvaca-namazanih-uljem\/#respond\"]}]},{\"@type\":\"WebPage\",\"@id\":\"https:\/\/sandzakpress.net\/arhiva\/turska-dobila-novog-baspehlivana-u-edirneu-odrzano-takmicenje-hrvaca-namazanih-uljem\/\",\"url\":\"https:\/\/sandzakpress.net\/arhiva\/turska-dobila-novog-baspehlivana-u-edirneu-odrzano-takmicenje-hrvaca-namazanih-uljem\/\",\"name\":\"Turska dobila novog ba\u0161pehlivana: U Edirneu odr\u017eano takmi\u010denje hrva\u010da namazanih uljem\",\"isPartOf\":{\"@id\":\"https:\/\/sandzakpress.net\/arhiva\/#website\"},\"primaryImageOfPage\":{\"@id\":\"https:\/\/sandzakpress.net\/arhiva\/turska-dobila-novog-baspehlivana-u-edirneu-odrzano-takmicenje-hrvaca-namazanih-uljem\/#primaryimage\"},\"image\":{\"@id\":\"https:\/\/sandzakpress.net\/arhiva\/turska-dobila-novog-baspehlivana-u-edirneu-odrzano-takmicenje-hrvaca-namazanih-uljem\/#primaryimage\"},\"thumbnailUrl\":\"https:\/\/sandzakpress.net\/arhiva\/wp-content\/uploads\/2019\/07\/5d22f44d4171a.jpg\",\"datePublished\":\"2019-07-08T22:32:12+00:00\",\"breadcrumb\":{\"@id\":\"https:\/\/sandzakpress.net\/arhiva\/turska-dobila-novog-baspehlivana-u-edirneu-odrzano-takmicenje-hrvaca-namazanih-uljem\/#breadcrumb\"},\"inLanguage\":\"bs-BA\",\"potentialAction\":[{\"@type\":\"ReadAction\",\"target\":[\"https:\/\/sandzakpress.net\/arhiva\/turska-dobila-novog-baspehlivana-u-edirneu-odrzano-takmicenje-hrvaca-namazanih-uljem\/\"]}]},{\"@type\":\"ImageObject\",\"inLanguage\":\"bs-BA\",\"@id\":\"https:\/\/sandzakpress.net\/arhiva\/turska-dobila-novog-baspehlivana-u-edirneu-odrzano-takmicenje-hrvaca-namazanih-uljem\/#primaryimage\",\"url\":\"https:\/\/sandzakpress.net\/arhiva\/wp-content\/uploads\/2019\/07\/5d22f44d4171a.jpg\",\"contentUrl\":\"https:\/\/sandzakpress.net\/arhiva\/wp-content\/uploads\/2019\/07\/5d22f44d4171a.jpg\",\"width\":610,\"height\":343},{\"@type\":\"BreadcrumbList\",\"@id\":\"https:\/\/sandzakpress.net\/arhiva\/turska-dobila-novog-baspehlivana-u-edirneu-odrzano-takmicenje-hrvaca-namazanih-uljem\/#breadcrumb\",\"itemListElement\":[{\"@type\":\"ListItem\",\"position\":1,\"name\":\"Home\",\"item\":\"https:\/\/sandzakpress.net\/arhiva\/\"},{\"@type\":\"ListItem\",\"position\":2,\"name\":\"Turska dobila novog ba\u0161pehlivana: U Edirneu odr\u017eano takmi\u010denje hrva\u010da namazanih uljem\"}]},{\"@type\":\"WebSite\",\"@id\":\"https:\/\/sandzakpress.net\/arhiva\/#website\",\"url\":\"https:\/\/sandzakpress.net\/arhiva\/\",\"name\":\"Sand\u017eak PRESS\",\"description\":\"Prve elektronske novine u Sand\u017eaku\",\"publisher\":{\"@id\":\"https:\/\/sandzakpress.net\/arhiva\/#\/schema\/person\/6e72b67d6e51910a1117b3b483ba20bd\"},\"potentialAction\":[{\"@type\":\"SearchAction\",\"target\":{\"@type\":\"EntryPoint\",\"urlTemplate\":\"https:\/\/sandzakpress.net\/arhiva\/?s={search_term_string}\"},\"query-input\":{\"@type\":\"PropertyValueSpecification\",\"valueRequired\":true,\"valueName\":\"search_term_string\"}}],\"inLanguage\":\"bs-BA\"},{\"@type\":[\"Person\",\"Organization\"],\"@id\":\"https:\/\/sandzakpress.net\/arhiva\/#\/schema\/person\/6e72b67d6e51910a1117b3b483ba20bd\",\"name\":\"Kul\",\"image\":{\"@type\":\"ImageObject\",\"inLanguage\":\"bs-BA\",\"@id\":\"https:\/\/sandzakpress.net\/arhiva\/#\/schema\/person\/image\/\",\"url\":\"https:\/\/secure.gravatar.com\/avatar\/42263f39aa27ac04c43cab85c280eb2e?s=96&d=mm&r=pg\",\"contentUrl\":\"https:\/\/secure.gravatar.com\/avatar\/42263f39aa27ac04c43cab85c280eb2e?s=96&d=mm&r=pg\",\"caption\":\"Kul\"},\"logo\":{\"@id\":\"https:\/\/sandzakpress.net\/arhiva\/#\/schema\/person\/image\/\"}},{\"@type\":\"Person\",\"@id\":\"https:\/\/sandzakpress.net\/arhiva\/#\/schema\/person\/c8baee722073534b583ea7bdb2e36c02\",\"name\":\"bosniak\",\"image\":{\"@type\":\"ImageObject\",\"inLanguage\":\"bs-BA\",\"@id\":\"https:\/\/sandzakpress.net\/arhiva\/#\/schema\/person\/image\/\",\"url\":\"https:\/\/secure.gravatar.com\/avatar\/a04fd330bfe3a36a72a0ad4a6d89fca7?s=96&d=mm&r=pg\",\"contentUrl\":\"https:\/\/secure.gravatar.com\/avatar\/a04fd330bfe3a36a72a0ad4a6d89fca7?s=96&d=mm&r=pg\",\"caption\":\"bosniak\"},\"url\":\"https:\/\/sandzakpress.net\/arhiva\/author\/bosniak\/\"}]}<\/script>\n<!-- \/ Yoast SEO Premium plugin. -->","yoast_head_json":{"title":"Turska dobila novog ba\u0161pehlivana: U Edirneu odr\u017eano takmi\u010denje hrva\u010da namazanih uljem","robots":{"index":"index","follow":"follow","max-snippet":"max-snippet:-1","max-image-preview":"max-image-preview:large","max-video-preview":"max-video-preview:-1"},"canonical":"https:\/\/sandzakpress.net\/arhiva\/turska-dobila-novog-baspehlivana-u-edirneu-odrzano-takmicenje-hrvaca-namazanih-uljem\/","og_locale":"bs_BA","og_type":"article","og_title":"Turska dobila novog ba\u0161pehlivana: U Edirneu odr\u017eano takmi\u010denje hrva\u010da namazanih uljem","og_description":"U turskom gradu\u00a0Edirne odr\u017eava se 658. tradicionalno hrvanje pehlivana, hrva\u010da koji se bore namazani uljem, a pobjednik jedinstvnog takmi\u010denja i osvaja\u010d presti\u017ene titule \u201cba\u0161pehlivana\u201c je Ali Gurbuz. U finalu takmi\u010denja sastala su se dva rivala iz Antalije pro\u0161logodi\u0161nji pobjednik Orhan Okulu i Ali Gurbuz. Gurbuz je nakon skoro sat borbe uspio pobijediti i okititi se [&hellip;]","og_url":"https:\/\/sandzakpress.net\/arhiva\/turska-dobila-novog-baspehlivana-u-edirneu-odrzano-takmicenje-hrvaca-namazanih-uljem\/","og_site_name":"Sand\u017eak PRESS","article_published_time":"2019-07-08T22:32:12+00:00","og_image":[{"width":610,"height":343,"url":"https:\/\/sandzakpress.net\/arhiva\/wp-content\/uploads\/2019\/07\/5d22f44d4171a.jpg","type":"image\/jpeg"}],"author":"bosniak","twitter_card":"summary_large_image","twitter_misc":{"Written by":"bosniak","Est. reading time":"1 minuta"},"schema":{"@context":"https:\/\/schema.org","@graph":[{"@type":"Article","@id":"https:\/\/sandzakpress.net\/arhiva\/turska-dobila-novog-baspehlivana-u-edirneu-odrzano-takmicenje-hrvaca-namazanih-uljem\/#article","isPartOf":{"@id":"https:\/\/sandzakpress.net\/arhiva\/turska-dobila-novog-baspehlivana-u-edirneu-odrzano-takmicenje-hrvaca-namazanih-uljem\/"},"author":{"name":"bosniak","@id":"https:\/\/sandzakpress.net\/arhiva\/#\/schema\/person\/c8baee722073534b583ea7bdb2e36c02"},"headline":"Turska dobila novog ba\u0161pehlivana: U Edirneu odr\u017eano takmi\u010denje hrva\u010da namazanih uljem","datePublished":"2019-07-08T22:32:12+00:00","mainEntityOfPage":{"@id":"https:\/\/sandzakpress.net\/arhiva\/turska-dobila-novog-baspehlivana-u-edirneu-odrzano-takmicenje-hrvaca-namazanih-uljem\/"},"wordCount":270,"commentCount":0,"publisher":{"@id":"https:\/\/sandzakpress.net\/arhiva\/#\/schema\/person\/6e72b67d6e51910a1117b3b483ba20bd"},"image":{"@id":"https:\/\/sandzakpress.net\/arhiva\/turska-dobila-novog-baspehlivana-u-edirneu-odrzano-takmicenje-hrvaca-namazanih-uljem\/#primaryimage"},"thumbnailUrl":"https:\/\/sandzakpress.net\/arhiva\/wp-content\/uploads\/2019\/07\/5d22f44d4171a.jpg","keywords":["A"],"articleSection":["Svijet"],"inLanguage":"bs-BA","potentialAction":[{"@type":"CommentAction","name":"Comment","target":["https:\/\/sandzakpress.net\/arhiva\/turska-dobila-novog-baspehlivana-u-edirneu-odrzano-takmicenje-hrvaca-namazanih-uljem\/#respond"]}]},{"@type":"WebPage","@id":"https:\/\/sandzakpress.net\/arhiva\/turska-dobila-novog-baspehlivana-u-edirneu-odrzano-takmicenje-hrvaca-namazanih-uljem\/","url":"https:\/\/sandzakpress.net\/arhiva\/turska-dobila-novog-baspehlivana-u-edirneu-odrzano-takmicenje-hrvaca-namazanih-uljem\/","name":"Turska dobila novog ba\u0161pehlivana: U Edirneu odr\u017eano takmi\u010denje hrva\u010da namazanih uljem","isPartOf":{"@id":"https:\/\/sandzakpress.net\/arhiva\/#website"},"primaryImageOfPage":{"@id":"https:\/\/sandzakpress.net\/arhiva\/turska-dobila-novog-baspehlivana-u-edirneu-odrzano-takmicenje-hrvaca-namazanih-uljem\/#primaryimage"},"image":{"@id":"https:\/\/sandzakpress.net\/arhiva\/turska-dobila-novog-baspehlivana-u-edirneu-odrzano-takmicenje-hrvaca-namazanih-uljem\/#primaryimage"},"thumbnailUrl":"https:\/\/sandzakpress.net\/arhiva\/wp-content\/uploads\/2019\/07\/5d22f44d4171a.jpg","datePublished":"2019-07-08T22:32:12+00:00","breadcrumb":{"@id":"https:\/\/sandzakpress.net\/arhiva\/turska-dobila-novog-baspehlivana-u-edirneu-odrzano-takmicenje-hrvaca-namazanih-uljem\/#breadcrumb"},"inLanguage":"bs-BA","potentialAction":[{"@type":"ReadAction","target":["https:\/\/sandzakpress.net\/arhiva\/turska-dobila-novog-baspehlivana-u-edirneu-odrzano-takmicenje-hrvaca-namazanih-uljem\/"]}]},{"@type":"ImageObject","inLanguage":"bs-BA","@id":"https:\/\/sandzakpress.net\/arhiva\/turska-dobila-novog-baspehlivana-u-edirneu-odrzano-takmicenje-hrvaca-namazanih-uljem\/#primaryimage","url":"https:\/\/sandzakpress.net\/arhiva\/wp-content\/uploads\/2019\/07\/5d22f44d4171a.jpg","contentUrl":"https:\/\/sandzakpress.net\/arhiva\/wp-content\/uploads\/2019\/07\/5d22f44d4171a.jpg","width":610,"height":343},{"@type":"BreadcrumbList","@id":"https:\/\/sandzakpress.net\/arhiva\/turska-dobila-novog-baspehlivana-u-edirneu-odrzano-takmicenje-hrvaca-namazanih-uljem\/#breadcrumb","itemListElement":[{"@type":"ListItem","position":1,"name":"Home","item":"https:\/\/sandzakpress.net\/arhiva\/"},{"@type":"ListItem","position":2,"name":"Turska dobila novog ba\u0161pehlivana: U Edirneu odr\u017eano takmi\u010denje hrva\u010da namazanih uljem"}]},{"@type":"WebSite","@id":"https:\/\/sandzakpress.net\/arhiva\/#website","url":"https:\/\/sandzakpress.net\/arhiva\/","name":"Sand\u017eak PRESS","description":"Prve elektronske novine u Sand\u017eaku","publisher":{"@id":"https:\/\/sandzakpress.net\/arhiva\/#\/schema\/person\/6e72b67d6e51910a1117b3b483ba20bd"},"potentialAction":[{"@type":"SearchAction","target":{"@type":"EntryPoint","urlTemplate":"https:\/\/sandzakpress.net\/arhiva\/?s={search_term_string}"},"query-input":{"@type":"PropertyValueSpecification","valueRequired":true,"valueName":"search_term_string"}}],"inLanguage":"bs-BA"},{"@type":["Person","Organization"],"@id":"https:\/\/sandzakpress.net\/arhiva\/#\/schema\/person\/6e72b67d6e51910a1117b3b483ba20bd","name":"Kul","image":{"@type":"ImageObject","inLanguage":"bs-BA","@id":"https:\/\/sandzakpress.net\/arhiva\/#\/schema\/person\/image\/","url":"https:\/\/secure.gravatar.com\/avatar\/42263f39aa27ac04c43cab85c280eb2e?s=96&d=mm&r=pg","contentUrl":"https:\/\/secure.gravatar.com\/avatar\/42263f39aa27ac04c43cab85c280eb2e?s=96&d=mm&r=pg","caption":"Kul"},"logo":{"@id":"https:\/\/sandzakpress.net\/arhiva\/#\/schema\/person\/image\/"}},{"@type":"Person","@id":"https:\/\/sandzakpress.net\/arhiva\/#\/schema\/person\/c8baee722073534b583ea7bdb2e36c02","name":"bosniak","image":{"@type":"ImageObject","inLanguage":"bs-BA","@id":"https:\/\/sandzakpress.net\/arhiva\/#\/schema\/person\/image\/","url":"https:\/\/secure.gravatar.com\/avatar\/a04fd330bfe3a36a72a0ad4a6d89fca7?s=96&d=mm&r=pg","contentUrl":"https:\/\/secure.gravatar.com\/avatar\/a04fd330bfe3a36a72a0ad4a6d89fca7?s=96&d=mm&r=pg","caption":"bosniak"},"url":"https:\/\/sandzakpress.net\/arhiva\/author\/bosniak\/"}]}},"_links":{"self":[{"href":"https:\/\/sandzakpress.net\/arhiva\/wp-json\/wp\/v2\/posts\/225832"}],"collection":[{"href":"https:\/\/sandzakpress.net\/arhiva\/wp-json\/wp\/v2\/posts"}],"about":[{"href":"https:\/\/sandzakpress.net\/arhiva\/wp-json\/wp\/v2\/types\/post"}],"author":[{"embeddable":true,"href":"https:\/\/sandzakpress.net\/arhiva\/wp-json\/wp\/v2\/users\/83"}],"replies":[{"embeddable":true,"href":"https:\/\/sandzakpress.net\/arhiva\/wp-json\/wp\/v2\/comments?post=225832"}],"version-history":[{"count":0,"href":"https:\/\/sandzakpress.net\/arhiva\/wp-json\/wp\/v2\/posts\/225832\/revisions"}],"wp:featuredmedia":[{"embeddable":true,"href":"https:\/\/sandzakpress.net\/arhiva\/wp-json\/wp\/v2\/media\/225833"}],"wp:attachment":[{"href":"https:\/\/sandzakpress.net\/arhiva\/wp-json\/wp\/v2\/media?parent=225832"}],"wp:term":[{"taxonomy":"category","embeddable":true,"href":"https:\/\/sandzakpress.net\/arhiva\/wp-json\/wp\/v2\/categories?post=225832"},{"taxonomy":"post_tag","embeddable":true,"href":"https:\/\/sandzakpress.net\/arhiva\/wp-json\/wp\/v2\/tags?post=225832"}],"curies":[{"name":"wp","href":"https:\/\/api.w.org\/{rel}","templated":true}]}}