{"id":225819,"date":"2019-07-08T22:19:01","date_gmt":"2019-07-08T20:19:01","guid":{"rendered":"https:\/\/sandzakpress.net\/arhiva\/kad-fotografija-govori-majka-srebrenice"},"modified":"2019-07-08T22:19:01","modified_gmt":"2019-07-08T20:19:01","slug":"kad-fotografija-govori-majka-srebrenice","status":"publish","type":"post","link":"https:\/\/sandzakpress.net\/arhiva\/kad-fotografija-govori-majka-srebrenice\/","title":{"rendered":"Kad fotografija govori: Majka Srebrenice"},"content":{"rendered":"<p><span class=\"cb-itemprop\"><\/p>\n<p><img loading=\"lazy\" decoding=\"async\" class=\"alignnone size-full wp-image-210090\" src=\"https:\/\/bosnapress.net\/wp-content\/uploads\/2019\/07\/majka_srebrenica.jpg\" alt=\"\" width=\"770\" height=\"433\" \/><\/p>\n<p>Jedna fotografija bolje od mnogih ispri\u010danih pri\u010da govori o tragediji srebreni\u010dkog genocida, a za\u010dudo snimljena je godinama nakon masovnih ubistava iz 1995 godine. Na toj fotografiji \u201euhva\u0107eno\u201c je lice \u017eene koja nije u stanju prikriti bol, a ekspresija njenog lica svjedo\u010di ne samo o u\u017easu genocida nego pripovijeda i pri\u010du o onima koji su pre\u017eivjeli taj kobni juli.<\/p>\n<p>A pre\u017eivjele su mahom \u017eene i svaka od njih mo\u017ee posvjedo\u010diti jednu u\u017easnu pripovijest, pri\u010du o tome kako su odvajane od svojih mu\u0161karaca i kako su u godinama koje su uslijedile, u svojim prognani\u010dkim samo\u0107ama, vapile da doznaju makar samo jedan detalj iz sudbina svojih nestalih. A onda su se po\u010dele okupljati na kolektivnim d\u017eenazama u Poto\u010darima sahranjuju\u0107i posmrtne ostatke svojih o\u010deva, mu\u017eeva, bra\u0107e i sinova pokazuju\u0107i tugu koju su cijele godine krile stamenim dostojanstvom.<\/p>\n<p><span class=\"ds-1col file file-image file-image-jpeg media media-element-container media-wysiwyg view-mode-wysiwyg clearfix\"><img loading=\"lazy\" decoding=\"async\" class=\"media-element file-wysiwyg img-responsive\" src=\"http:\/\/balkans.aljazeera.net\/sites\/default\/files\/resize\/styles\/varbase_wysiwyg_image\/public\/66437804_2823723924310403_8459079157672837120_n_0-670x1191.jpg?itok=thr36JUl\" alt=\"\" width=\"670\" height=\"1191\" \/><\/span><\/p>\n<p>Kada pri\u010da o fotografiji,\u00a0Almin Zrno suspre\u017ee ljutnju i bol jer memorirati pre\u017eivjele \u017ertve srebreni\u010dkog genocida uvijek je bio profesionalni zadatak koji je nadilazio uobi\u010dajeno. I fotografija koja \u0107e potresti svakog onog ko je vidio \u017eenu \u201euhva\u0107enu\u201c u trenutku ispoljavanja osje\u0107aja nastala je na \u201eradnom zadatku\u201c.<\/p>\n<p>Prisje\u0107aju\u0107i se trenutka kada je nastala Zrno ka\u017ee da se, nakon \u0161to je shvatio kakvu fotografiju ima, ne\u0161to promijenilo u njemu i od tog trenutka na stvarnost je po\u010deo gledati iz druga\u010dije perspektive.<\/p>\n<h4>Nastala u Poto\u010darima<\/h4>\n<p>\u201eFotografija je nastala 2001. na jednom od prvih velikih ukopa srebreni\u010dkih \u017ertava u Poto\u010darima. Tada sam radio u magazinu\u00a0<em>BH\u00a0Dani<\/em>\u00a0i oti\u0161ao sam po zadatku na taj tu\u017eni doga\u0111aj i u moru nekih fotografija koje sam radio tada uradio sam i ovaj portret majke Srebrenice. Kada je objavljen izazvao je mnogobrojne reakcije i poslu\u017eio je kao inspiracija za mnoge umjetnike svijeta\u201c.<\/p>\n<p>Izraz tog lica natjerao je Zrnu da postavi sebi bezbroj pitanja i u tom tra\u017eenju obja\u0161njenja ili bilo kakvog smisla kojim bi bio u stanju objasniti sebi motive i razmjere po\u010dinjenog zlo\u010dina slika \u017eene neprekidno mu je titrala pred o\u010dima. Uspio je tada, prisje\u0107a se, doznati dio njene tragi\u010dne sudbine a godinama kasnije pamti njeno ime: \u201e\u017dena se zove \u0160uhra Mali\u0107. Po onome \u0161to ja znam izgubila je dva sina u srebreni\u010dkom genocidu i u\u017easu i, koliko znam, i dan danas je \u017eiva. Prema mojim zadnjim\u00a0informacijama ona\u00a0i \u017eivi u Srebrenici\u201c.<\/p>\n<p>Fotografija je medij koji najpreciznije bilje\u017ei ono \u0161to se desilo i fotografski zapisi srebreni\u010dkog genocida garant su da se istina nikada ne\u0107e zaboraviti. Svjestan va\u017enosti svog zanimanja Zrno je godinama bilje\u017eio \u201ete\u0161ke trenutke\u201c u \u017eivotima onih koji su pre\u017eivjeli srebreni\u010dki genocid.<\/p>\n<p>Ali, priznaje, jednog trenutka je shvatio da mora prekinuti s\u00a0tim jer su osje\u0107aji nelagode i krivnje po\u010deli nadja\u010davati osje\u0107aj du\u017enosti.<\/p>\n<p>\u201eDefintivno zna\u010daj jednog takvog posla je neupitan. Medij fotografije u svojoj osnovi je jedan od najboljih dokumenata za bilo koji vid doga\u0111aja u na\u0161im \u017eivotima i na\u0161oj historiji. Me\u0111utim, moram spomenuti da je taj momenat bio za mene presudan. Poslije tog portreta ja sam, nakon godinu ili dvije,\u00a0odlu\u010dio da vi\u0161e ne\u0107u da se bavim tim vidom fotografije jer mi je bilo veoma te\u0161ko praviti prezentaciju putem takvih djela. Imao sam moralne sukobe unutar sebe i nisam ih mogao prevazi\u0107i i odmaknuo sam se od tog vida fotografije\u201c.<\/p>\n<p>Gotovo dvije decenije kasnije Zrno \u0107e fotografiju srebreni\u010dke majke pokazati javnosti. Ovaj put bi\u0107e to u Istanbulu a cilj izlo\u017ebe je da se podsjeti na srebreni\u010dki genocid i stradanje Bo\u0161njaka u proteklom ratu.<\/p>\n<h4>Poruka i pouka<\/h4>\n<p>Fotografija poznata kao \u201eMajka Srebrenice\u201c \u0107e biti izlo\u017eena u \u010detvrtak, 11. jula, na dan obilje\u017eavanja 24. godi\u0161njice genocida u Srebrenici, na trgu Taksim u Istanbulu.<\/p>\n<p>Rije\u010d je o projektu asocijacije IKASD- Istanbul iz Turske koja, u saradnji sa partnerskim organizacijama, fotografiju izla\u017ee kako bi iznova podsjetila svijet na genocid i stradanje Bo\u0161njaka u Bosni i Hercegovini u minulom ratu. Prenijet \u0107e poruku i pouku, posebice mla\u0111im generacijama, o bezumnom stradanju u nadi da se takav zlo\u010din vi\u0161e nikome, nigdje i nikada ne\u0107e ponoviti.<\/p>\n<p>Fotografija \u201eMajka Srebrenice\u201c nastala je 2001. godine u Poto\u010darima. Do sada je, u sklopu zajedni\u010dkih izlo\u017ebi, obi\u0161la cijeli svijet. Poslu\u017eila je kao inspiracija mnogim doma\u0107im i inostranim umjetnicima. U Istanbulu \u0107e fotografija biti izlo\u017eena u dimenziji 12 metara visine, a prethodno je na ovaj na\u010din bila izlo\u017eena na fasadi Umjetni\u010dke galerije Bosne i Hercegovine 2015. godine.<\/p>\n<p>Zrno je za ovu fotografiju 2002. godine dobio dvije nagrade, prvu od Udru\u017eenja novinara Bosne i Hercegovine za najbolju objavljenu fotografiju i drugu od Udru\u017eenja likovnih umjetnika primjenjenih umjetnosti i dizajnera (ULUPUBiH) za najbolji foto-dizajn.<\/p>\n<p><em>Izvor: Al Jazeera<\/em><\/p>\n<p><\/span><br \/>\nPogledajte vijest na izvornom sajtu:<\/p>\n<p><a href=\"https:\/\/bosnapress.net\/kad-fotografija-govori-majka-srebrenice\/\" target=\"_blank\">Kad fotografija govori: Majka Srebrenice<\/a><\/p>\n","protected":false},"excerpt":{"rendered":"<p>Jedna fotografija bolje od mnogih ispri\u010danih pri\u010da govori o tragediji srebreni\u010dkog genocida, a za\u010dudo snimljena je godinama nakon masovnih ubistava iz 1995 godine. Na toj fotografiji \u201euhva\u0107eno\u201c je lice \u017eene koja nije u stanju prikriti bol, a ekspresija njenog lica svjedo\u010di ne samo o u\u017easu genocida nego pripovijeda i pri\u010du o onima koji su pre\u017eivjeli [&hellip;]<\/p>\n","protected":false},"author":83,"featured_media":225820,"comment_status":"open","ping_status":"open","sticky":false,"template":"","format":"standard","meta":{"footnotes":""},"categories":[10513],"tags":[10466],"class_list":{"0":"post-225819","1":"post","2":"type-post","3":"status-publish","4":"format-standard","5":"has-post-thumbnail","7":"category-bosna-press","8":"tag-bosna-i-hercegovina"},"yoast_head":"<!-- This site is optimized with the Yoast SEO Premium plugin v23.1 (Yoast SEO v24.9) - https:\/\/yoast.com\/wordpress\/plugins\/seo\/ -->\n<title>Kad fotografija govori: Majka Srebrenice<\/title>\n<meta name=\"robots\" content=\"index, follow, max-snippet:-1, max-image-preview:large, max-video-preview:-1\" \/>\n<link rel=\"canonical\" href=\"https:\/\/sandzakpress.net\/arhiva\/kad-fotografija-govori-majka-srebrenice\/\" \/>\n<meta property=\"og:locale\" content=\"bs_BA\" \/>\n<meta property=\"og:type\" content=\"article\" \/>\n<meta property=\"og:title\" content=\"Kad fotografija govori: Majka Srebrenice\" \/>\n<meta property=\"og:description\" content=\"Jedna fotografija bolje od mnogih ispri\u010danih pri\u010da govori o tragediji srebreni\u010dkog genocida, a za\u010dudo snimljena je godinama nakon masovnih ubistava iz 1995 godine. Na toj fotografiji \u201euhva\u0107eno\u201c je lice \u017eene koja nije u stanju prikriti bol, a ekspresija njenog lica svjedo\u010di ne samo o u\u017easu genocida nego pripovijeda i pri\u010du o onima koji su pre\u017eivjeli [&hellip;]\" \/>\n<meta property=\"og:url\" content=\"https:\/\/sandzakpress.net\/arhiva\/kad-fotografija-govori-majka-srebrenice\/\" \/>\n<meta property=\"og:site_name\" content=\"Sand\u017eak PRESS\" \/>\n<meta property=\"article:published_time\" content=\"2019-07-08T20:19:01+00:00\" \/>\n<meta property=\"og:image\" content=\"https:\/\/sandzakpress.net\/arhiva\/wp-content\/uploads\/2019\/07\/majka_srebrenica.jpg\" \/>\n\t<meta property=\"og:image:width\" content=\"770\" \/>\n\t<meta property=\"og:image:height\" content=\"433\" \/>\n\t<meta property=\"og:image:type\" content=\"image\/jpeg\" \/>\n<meta name=\"author\" content=\"bosniak\" \/>\n<meta name=\"twitter:card\" content=\"summary_large_image\" \/>\n<meta name=\"twitter:label1\" content=\"Written by\" \/>\n\t<meta name=\"twitter:data1\" content=\"bosniak\" \/>\n\t<meta name=\"twitter:label2\" content=\"Est. reading time\" \/>\n\t<meta name=\"twitter:data2\" content=\"4 minute\" \/>\n<script type=\"application\/ld+json\" class=\"yoast-schema-graph\">{\"@context\":\"https:\/\/schema.org\",\"@graph\":[{\"@type\":\"Article\",\"@id\":\"https:\/\/sandzakpress.net\/arhiva\/kad-fotografija-govori-majka-srebrenice\/#article\",\"isPartOf\":{\"@id\":\"https:\/\/sandzakpress.net\/arhiva\/kad-fotografija-govori-majka-srebrenice\/\"},\"author\":{\"name\":\"bosniak\",\"@id\":\"https:\/\/sandzakpress.net\/arhiva\/#\/schema\/person\/c8baee722073534b583ea7bdb2e36c02\"},\"headline\":\"Kad fotografija govori: Majka Srebrenice\",\"datePublished\":\"2019-07-08T20:19:01+00:00\",\"mainEntityOfPage\":{\"@id\":\"https:\/\/sandzakpress.net\/arhiva\/kad-fotografija-govori-majka-srebrenice\/\"},\"wordCount\":842,\"commentCount\":0,\"publisher\":{\"@id\":\"https:\/\/sandzakpress.net\/arhiva\/#\/schema\/person\/6e72b67d6e51910a1117b3b483ba20bd\"},\"image\":{\"@id\":\"https:\/\/sandzakpress.net\/arhiva\/kad-fotografija-govori-majka-srebrenice\/#primaryimage\"},\"thumbnailUrl\":\"https:\/\/sandzakpress.net\/arhiva\/wp-content\/uploads\/2019\/07\/majka_srebrenica.jpg\",\"keywords\":[\"Bosna i Hercegovina\"],\"articleSection\":[\"Bosna PRESS\"],\"inLanguage\":\"bs-BA\",\"potentialAction\":[{\"@type\":\"CommentAction\",\"name\":\"Comment\",\"target\":[\"https:\/\/sandzakpress.net\/arhiva\/kad-fotografija-govori-majka-srebrenice\/#respond\"]}]},{\"@type\":\"WebPage\",\"@id\":\"https:\/\/sandzakpress.net\/arhiva\/kad-fotografija-govori-majka-srebrenice\/\",\"url\":\"https:\/\/sandzakpress.net\/arhiva\/kad-fotografija-govori-majka-srebrenice\/\",\"name\":\"Kad fotografija govori: Majka Srebrenice\",\"isPartOf\":{\"@id\":\"https:\/\/sandzakpress.net\/arhiva\/#website\"},\"primaryImageOfPage\":{\"@id\":\"https:\/\/sandzakpress.net\/arhiva\/kad-fotografija-govori-majka-srebrenice\/#primaryimage\"},\"image\":{\"@id\":\"https:\/\/sandzakpress.net\/arhiva\/kad-fotografija-govori-majka-srebrenice\/#primaryimage\"},\"thumbnailUrl\":\"https:\/\/sandzakpress.net\/arhiva\/wp-content\/uploads\/2019\/07\/majka_srebrenica.jpg\",\"datePublished\":\"2019-07-08T20:19:01+00:00\",\"breadcrumb\":{\"@id\":\"https:\/\/sandzakpress.net\/arhiva\/kad-fotografija-govori-majka-srebrenice\/#breadcrumb\"},\"inLanguage\":\"bs-BA\",\"potentialAction\":[{\"@type\":\"ReadAction\",\"target\":[\"https:\/\/sandzakpress.net\/arhiva\/kad-fotografija-govori-majka-srebrenice\/\"]}]},{\"@type\":\"ImageObject\",\"inLanguage\":\"bs-BA\",\"@id\":\"https:\/\/sandzakpress.net\/arhiva\/kad-fotografija-govori-majka-srebrenice\/#primaryimage\",\"url\":\"https:\/\/sandzakpress.net\/arhiva\/wp-content\/uploads\/2019\/07\/majka_srebrenica.jpg\",\"contentUrl\":\"https:\/\/sandzakpress.net\/arhiva\/wp-content\/uploads\/2019\/07\/majka_srebrenica.jpg\",\"width\":770,\"height\":433},{\"@type\":\"BreadcrumbList\",\"@id\":\"https:\/\/sandzakpress.net\/arhiva\/kad-fotografija-govori-majka-srebrenice\/#breadcrumb\",\"itemListElement\":[{\"@type\":\"ListItem\",\"position\":1,\"name\":\"Home\",\"item\":\"https:\/\/sandzakpress.net\/arhiva\/\"},{\"@type\":\"ListItem\",\"position\":2,\"name\":\"Kad fotografija govori: Majka Srebrenice\"}]},{\"@type\":\"WebSite\",\"@id\":\"https:\/\/sandzakpress.net\/arhiva\/#website\",\"url\":\"https:\/\/sandzakpress.net\/arhiva\/\",\"name\":\"Sand\u017eak PRESS\",\"description\":\"Prve elektronske novine u Sand\u017eaku\",\"publisher\":{\"@id\":\"https:\/\/sandzakpress.net\/arhiva\/#\/schema\/person\/6e72b67d6e51910a1117b3b483ba20bd\"},\"potentialAction\":[{\"@type\":\"SearchAction\",\"target\":{\"@type\":\"EntryPoint\",\"urlTemplate\":\"https:\/\/sandzakpress.net\/arhiva\/?s={search_term_string}\"},\"query-input\":{\"@type\":\"PropertyValueSpecification\",\"valueRequired\":true,\"valueName\":\"search_term_string\"}}],\"inLanguage\":\"bs-BA\"},{\"@type\":[\"Person\",\"Organization\"],\"@id\":\"https:\/\/sandzakpress.net\/arhiva\/#\/schema\/person\/6e72b67d6e51910a1117b3b483ba20bd\",\"name\":\"Kul\",\"image\":{\"@type\":\"ImageObject\",\"inLanguage\":\"bs-BA\",\"@id\":\"https:\/\/sandzakpress.net\/arhiva\/#\/schema\/person\/image\/\",\"url\":\"https:\/\/secure.gravatar.com\/avatar\/42263f39aa27ac04c43cab85c280eb2e?s=96&d=mm&r=pg\",\"contentUrl\":\"https:\/\/secure.gravatar.com\/avatar\/42263f39aa27ac04c43cab85c280eb2e?s=96&d=mm&r=pg\",\"caption\":\"Kul\"},\"logo\":{\"@id\":\"https:\/\/sandzakpress.net\/arhiva\/#\/schema\/person\/image\/\"}},{\"@type\":\"Person\",\"@id\":\"https:\/\/sandzakpress.net\/arhiva\/#\/schema\/person\/c8baee722073534b583ea7bdb2e36c02\",\"name\":\"bosniak\",\"image\":{\"@type\":\"ImageObject\",\"inLanguage\":\"bs-BA\",\"@id\":\"https:\/\/sandzakpress.net\/arhiva\/#\/schema\/person\/image\/\",\"url\":\"https:\/\/secure.gravatar.com\/avatar\/a04fd330bfe3a36a72a0ad4a6d89fca7?s=96&d=mm&r=pg\",\"contentUrl\":\"https:\/\/secure.gravatar.com\/avatar\/a04fd330bfe3a36a72a0ad4a6d89fca7?s=96&d=mm&r=pg\",\"caption\":\"bosniak\"},\"url\":\"https:\/\/sandzakpress.net\/arhiva\/author\/bosniak\/\"}]}<\/script>\n<!-- \/ Yoast SEO Premium plugin. -->","yoast_head_json":{"title":"Kad fotografija govori: Majka Srebrenice","robots":{"index":"index","follow":"follow","max-snippet":"max-snippet:-1","max-image-preview":"max-image-preview:large","max-video-preview":"max-video-preview:-1"},"canonical":"https:\/\/sandzakpress.net\/arhiva\/kad-fotografija-govori-majka-srebrenice\/","og_locale":"bs_BA","og_type":"article","og_title":"Kad fotografija govori: Majka Srebrenice","og_description":"Jedna fotografija bolje od mnogih ispri\u010danih pri\u010da govori o tragediji srebreni\u010dkog genocida, a za\u010dudo snimljena je godinama nakon masovnih ubistava iz 1995 godine. Na toj fotografiji \u201euhva\u0107eno\u201c je lice \u017eene koja nije u stanju prikriti bol, a ekspresija njenog lica svjedo\u010di ne samo o u\u017easu genocida nego pripovijeda i pri\u010du o onima koji su pre\u017eivjeli [&hellip;]","og_url":"https:\/\/sandzakpress.net\/arhiva\/kad-fotografija-govori-majka-srebrenice\/","og_site_name":"Sand\u017eak PRESS","article_published_time":"2019-07-08T20:19:01+00:00","og_image":[{"width":770,"height":433,"url":"https:\/\/sandzakpress.net\/arhiva\/wp-content\/uploads\/2019\/07\/majka_srebrenica.jpg","type":"image\/jpeg"}],"author":"bosniak","twitter_card":"summary_large_image","twitter_misc":{"Written by":"bosniak","Est. reading time":"4 minute"},"schema":{"@context":"https:\/\/schema.org","@graph":[{"@type":"Article","@id":"https:\/\/sandzakpress.net\/arhiva\/kad-fotografija-govori-majka-srebrenice\/#article","isPartOf":{"@id":"https:\/\/sandzakpress.net\/arhiva\/kad-fotografija-govori-majka-srebrenice\/"},"author":{"name":"bosniak","@id":"https:\/\/sandzakpress.net\/arhiva\/#\/schema\/person\/c8baee722073534b583ea7bdb2e36c02"},"headline":"Kad fotografija govori: Majka Srebrenice","datePublished":"2019-07-08T20:19:01+00:00","mainEntityOfPage":{"@id":"https:\/\/sandzakpress.net\/arhiva\/kad-fotografija-govori-majka-srebrenice\/"},"wordCount":842,"commentCount":0,"publisher":{"@id":"https:\/\/sandzakpress.net\/arhiva\/#\/schema\/person\/6e72b67d6e51910a1117b3b483ba20bd"},"image":{"@id":"https:\/\/sandzakpress.net\/arhiva\/kad-fotografija-govori-majka-srebrenice\/#primaryimage"},"thumbnailUrl":"https:\/\/sandzakpress.net\/arhiva\/wp-content\/uploads\/2019\/07\/majka_srebrenica.jpg","keywords":["Bosna i Hercegovina"],"articleSection":["Bosna PRESS"],"inLanguage":"bs-BA","potentialAction":[{"@type":"CommentAction","name":"Comment","target":["https:\/\/sandzakpress.net\/arhiva\/kad-fotografija-govori-majka-srebrenice\/#respond"]}]},{"@type":"WebPage","@id":"https:\/\/sandzakpress.net\/arhiva\/kad-fotografija-govori-majka-srebrenice\/","url":"https:\/\/sandzakpress.net\/arhiva\/kad-fotografija-govori-majka-srebrenice\/","name":"Kad fotografija govori: Majka Srebrenice","isPartOf":{"@id":"https:\/\/sandzakpress.net\/arhiva\/#website"},"primaryImageOfPage":{"@id":"https:\/\/sandzakpress.net\/arhiva\/kad-fotografija-govori-majka-srebrenice\/#primaryimage"},"image":{"@id":"https:\/\/sandzakpress.net\/arhiva\/kad-fotografija-govori-majka-srebrenice\/#primaryimage"},"thumbnailUrl":"https:\/\/sandzakpress.net\/arhiva\/wp-content\/uploads\/2019\/07\/majka_srebrenica.jpg","datePublished":"2019-07-08T20:19:01+00:00","breadcrumb":{"@id":"https:\/\/sandzakpress.net\/arhiva\/kad-fotografija-govori-majka-srebrenice\/#breadcrumb"},"inLanguage":"bs-BA","potentialAction":[{"@type":"ReadAction","target":["https:\/\/sandzakpress.net\/arhiva\/kad-fotografija-govori-majka-srebrenice\/"]}]},{"@type":"ImageObject","inLanguage":"bs-BA","@id":"https:\/\/sandzakpress.net\/arhiva\/kad-fotografija-govori-majka-srebrenice\/#primaryimage","url":"https:\/\/sandzakpress.net\/arhiva\/wp-content\/uploads\/2019\/07\/majka_srebrenica.jpg","contentUrl":"https:\/\/sandzakpress.net\/arhiva\/wp-content\/uploads\/2019\/07\/majka_srebrenica.jpg","width":770,"height":433},{"@type":"BreadcrumbList","@id":"https:\/\/sandzakpress.net\/arhiva\/kad-fotografija-govori-majka-srebrenice\/#breadcrumb","itemListElement":[{"@type":"ListItem","position":1,"name":"Home","item":"https:\/\/sandzakpress.net\/arhiva\/"},{"@type":"ListItem","position":2,"name":"Kad fotografija govori: Majka Srebrenice"}]},{"@type":"WebSite","@id":"https:\/\/sandzakpress.net\/arhiva\/#website","url":"https:\/\/sandzakpress.net\/arhiva\/","name":"Sand\u017eak PRESS","description":"Prve elektronske novine u Sand\u017eaku","publisher":{"@id":"https:\/\/sandzakpress.net\/arhiva\/#\/schema\/person\/6e72b67d6e51910a1117b3b483ba20bd"},"potentialAction":[{"@type":"SearchAction","target":{"@type":"EntryPoint","urlTemplate":"https:\/\/sandzakpress.net\/arhiva\/?s={search_term_string}"},"query-input":{"@type":"PropertyValueSpecification","valueRequired":true,"valueName":"search_term_string"}}],"inLanguage":"bs-BA"},{"@type":["Person","Organization"],"@id":"https:\/\/sandzakpress.net\/arhiva\/#\/schema\/person\/6e72b67d6e51910a1117b3b483ba20bd","name":"Kul","image":{"@type":"ImageObject","inLanguage":"bs-BA","@id":"https:\/\/sandzakpress.net\/arhiva\/#\/schema\/person\/image\/","url":"https:\/\/secure.gravatar.com\/avatar\/42263f39aa27ac04c43cab85c280eb2e?s=96&d=mm&r=pg","contentUrl":"https:\/\/secure.gravatar.com\/avatar\/42263f39aa27ac04c43cab85c280eb2e?s=96&d=mm&r=pg","caption":"Kul"},"logo":{"@id":"https:\/\/sandzakpress.net\/arhiva\/#\/schema\/person\/image\/"}},{"@type":"Person","@id":"https:\/\/sandzakpress.net\/arhiva\/#\/schema\/person\/c8baee722073534b583ea7bdb2e36c02","name":"bosniak","image":{"@type":"ImageObject","inLanguage":"bs-BA","@id":"https:\/\/sandzakpress.net\/arhiva\/#\/schema\/person\/image\/","url":"https:\/\/secure.gravatar.com\/avatar\/a04fd330bfe3a36a72a0ad4a6d89fca7?s=96&d=mm&r=pg","contentUrl":"https:\/\/secure.gravatar.com\/avatar\/a04fd330bfe3a36a72a0ad4a6d89fca7?s=96&d=mm&r=pg","caption":"bosniak"},"url":"https:\/\/sandzakpress.net\/arhiva\/author\/bosniak\/"}]}},"_links":{"self":[{"href":"https:\/\/sandzakpress.net\/arhiva\/wp-json\/wp\/v2\/posts\/225819"}],"collection":[{"href":"https:\/\/sandzakpress.net\/arhiva\/wp-json\/wp\/v2\/posts"}],"about":[{"href":"https:\/\/sandzakpress.net\/arhiva\/wp-json\/wp\/v2\/types\/post"}],"author":[{"embeddable":true,"href":"https:\/\/sandzakpress.net\/arhiva\/wp-json\/wp\/v2\/users\/83"}],"replies":[{"embeddable":true,"href":"https:\/\/sandzakpress.net\/arhiva\/wp-json\/wp\/v2\/comments?post=225819"}],"version-history":[{"count":0,"href":"https:\/\/sandzakpress.net\/arhiva\/wp-json\/wp\/v2\/posts\/225819\/revisions"}],"wp:featuredmedia":[{"embeddable":true,"href":"https:\/\/sandzakpress.net\/arhiva\/wp-json\/wp\/v2\/media\/225820"}],"wp:attachment":[{"href":"https:\/\/sandzakpress.net\/arhiva\/wp-json\/wp\/v2\/media?parent=225819"}],"wp:term":[{"taxonomy":"category","embeddable":true,"href":"https:\/\/sandzakpress.net\/arhiva\/wp-json\/wp\/v2\/categories?post=225819"},{"taxonomy":"post_tag","embeddable":true,"href":"https:\/\/sandzakpress.net\/arhiva\/wp-json\/wp\/v2\/tags?post=225819"}],"curies":[{"name":"wp","href":"https:\/\/api.w.org\/{rel}","templated":true}]}}