{"id":225815,"date":"2019-07-08T22:23:10","date_gmt":"2019-07-08T20:23:10","guid":{"rendered":"https:\/\/sandzakpress.net\/arhiva\/naser-oric-pred-pocetak-marsa-mira-tesko-je-svake-godine-i-postaje-sve-teze"},"modified":"2019-07-08T22:23:10","modified_gmt":"2019-07-08T20:23:10","slug":"naser-oric-pred-pocetak-marsa-mira-tesko-je-svake-godine-i-postaje-sve-teze","status":"publish","type":"post","link":"https:\/\/sandzakpress.net\/arhiva\/naser-oric-pred-pocetak-marsa-mira-tesko-je-svake-godine-i-postaje-sve-teze\/","title":{"rendered":"Naser Ori\u0107 pred po\u010detak Mar\u0161a mira: Te\u0161ko je svake godine i postaje sve te\u017ee"},"content":{"rendered":"<p><span class=\"cb-itemprop\"><\/p>\n<p><img loading=\"lazy\" decoding=\"async\" class=\"alignnone size-full wp-image-210096\" src=\"https:\/\/bosnapress.net\/wp-content\/uploads\/2019\/07\/Screenshot_4.png\" alt=\"\" width=\"542\" height=\"593\" \/><\/p>\n<p>Heroj odbrane Srebrenice i komadant 28. diverzantskog odreda\u00a0<strong>Naser Ori\u0107<\/strong>\u00a0prije polaska kolone ovogodi\u0161njeg Mar\u0161a mira iz Nezuka govorio je za\u00a0<strong><em>Radiosarajevo.ba<\/em><\/strong>.<\/p>\n<p>Kako je kazao, svake godine iz Nezuka se \u0161alje druga poruka.<\/p>\n<p>\u201cNijedne godine nije isto.\u00a0<strong>Prisje\u0107amo se nevino stradalih Bo\u0161njaka i mojih saboraca<\/strong>koji su dali neminovni doprinos odbrani Bosne i Hercegovine\u201d, kazao je Ori\u0107.<\/p>\n<p>Ove godine komadant Ori\u0107 hodat \u0107e putem stradanja svojih sunarodnjaka iz Srebrenice.<\/p>\n<p>\u201c<strong>Te\u0161ko je svake godine, i postaje sve te\u017ee<\/strong>. \u017delim da ovim putem odam po\u010dast svojim ljudima koji su nevino stradali\u201d, istakao je Ori\u0107.<\/p>\n<p>Nezuk je, kako ka\u017ee Ori\u0107, mjesto spasa za Bo\u0161njake Podrinja, ali i mjesto velike pogibije.<\/p>\n<p>\u201c\u017delim samo na ovom mjestu kazati da se trebamo kona\u010dno okrenuti ka zabrani negiranja genocida i zlo\u010dina koji su po\u010dinjeni na ovom prostoru\u201d, kazao je na kraju Ori\u0107.<\/p>\n<p><strong>Mar\u0161 mira na putu smrti<\/strong>\u00a0po\u0161ao je i ovog jutra iz sapljanskog naselja Nezuk.<\/p>\n<p>Kolona u kojoj je hiljade u\u010desnika i ove je\u00a0godine, \u0161esti put zaredom, krenula pje\u0161a\u010diti 110 kilometara, putem koji\u00a0\u0107e ih 10. jula nave\u010der dovesti u Memorijalni centar Srebrenica u Poto\u010darima.<\/p>\n<p>Mar\u0161 mira traje tri dana, od 8. do 10. jula svake godine, s isto toliko etapa. Svaka etapa duga je izme\u0111u 25 i 30 km. U\u010desnici prolaze sljede\u0107om mar\u0161rutom: Nezuk \u2013 Baljkovica \u2013 Parlog \u2013 Crni Vrh \u2013 Snagovo \u2013 Liplje \u2013 Jo\u0161anica \u2013 Donja Kamenica \u2013 Bakra\u010di \u2013 Glodi \u2013 Udr\u010d \u2013 Cerska \u2013 Kaldrmica \u2013 \u0110ugum \u2013 Mravinjci \u2013 Burnice \u2013 Kameni\u010dko Brdo \u2013 Ravni Buljim \u2013 Jagli\u0107i \u2013 \u0160u\u0161njari \u2013 Budak \u2013 Poto\u010dari (Memorijalni centar)<\/p>\n<p><em>radiosarajevo.ba<\/em><\/p>\n<p><\/span><br \/>\nPogledajte vijest na izvornom sajtu:<\/p>\n<p><a href=\"https:\/\/bosnapress.net\/naser-oric-pred-pocetak-marsa-mira-tesko-je-svake-godine-i-postaje-sve-teze\/\" target=\"_blank\">Naser Ori\u0107 pred po\u010detak Mar\u0161a mira: Te\u0161ko je svake godine i postaje sve te\u017ee<\/a><\/p>\n","protected":false},"excerpt":{"rendered":"<p>Heroj odbrane Srebrenice i komadant 28. diverzantskog odreda\u00a0Naser Ori\u0107\u00a0prije polaska kolone ovogodi\u0161njeg Mar\u0161a mira iz Nezuka govorio je za\u00a0Radiosarajevo.ba. Kako je kazao, svake godine iz Nezuka se \u0161alje druga poruka. \u201cNijedne godine nije isto.\u00a0Prisje\u0107amo se nevino stradalih Bo\u0161njaka i mojih saboracakoji su dali neminovni doprinos odbrani Bosne i Hercegovine\u201d, kazao je Ori\u0107. Ove godine komadant [&hellip;]<\/p>\n","protected":false},"author":83,"featured_media":225816,"comment_status":"open","ping_status":"open","sticky":false,"template":"","format":"standard","meta":{"footnotes":""},"categories":[10513],"tags":[10466],"class_list":{"0":"post-225815","1":"post","2":"type-post","3":"status-publish","4":"format-standard","5":"has-post-thumbnail","7":"category-bosna-press","8":"tag-bosna-i-hercegovina"},"yoast_head":"<!-- This site is optimized with the Yoast SEO Premium plugin v23.1 (Yoast SEO v24.9) - https:\/\/yoast.com\/wordpress\/plugins\/seo\/ -->\n<title>Naser Ori\u0107 pred po\u010detak Mar\u0161a mira: Te\u0161ko je svake godine i postaje sve te\u017ee<\/title>\n<meta name=\"robots\" content=\"index, follow, max-snippet:-1, max-image-preview:large, max-video-preview:-1\" \/>\n<link rel=\"canonical\" href=\"https:\/\/sandzakpress.net\/arhiva\/naser-oric-pred-pocetak-marsa-mira-tesko-je-svake-godine-i-postaje-sve-teze\/\" \/>\n<meta property=\"og:locale\" content=\"bs_BA\" \/>\n<meta property=\"og:type\" content=\"article\" \/>\n<meta property=\"og:title\" content=\"Naser Ori\u0107 pred po\u010detak Mar\u0161a mira: Te\u0161ko je svake godine i postaje sve te\u017ee\" \/>\n<meta property=\"og:description\" content=\"Heroj odbrane Srebrenice i komadant 28. diverzantskog odreda\u00a0Naser Ori\u0107\u00a0prije polaska kolone ovogodi\u0161njeg Mar\u0161a mira iz Nezuka govorio je za\u00a0Radiosarajevo.ba. Kako je kazao, svake godine iz Nezuka se \u0161alje druga poruka. \u201cNijedne godine nije isto.\u00a0Prisje\u0107amo se nevino stradalih Bo\u0161njaka i mojih saboracakoji su dali neminovni doprinos odbrani Bosne i Hercegovine\u201d, kazao je Ori\u0107. Ove godine komadant [&hellip;]\" \/>\n<meta property=\"og:url\" content=\"https:\/\/sandzakpress.net\/arhiva\/naser-oric-pred-pocetak-marsa-mira-tesko-je-svake-godine-i-postaje-sve-teze\/\" \/>\n<meta property=\"og:site_name\" content=\"Sand\u017eak PRESS\" \/>\n<meta property=\"article:published_time\" content=\"2019-07-08T20:23:10+00:00\" \/>\n<meta property=\"og:image\" content=\"https:\/\/sandzakpress.net\/arhiva\/wp-content\/uploads\/2019\/07\/Screenshot_4.png\" \/>\n\t<meta property=\"og:image:width\" content=\"542\" \/>\n\t<meta property=\"og:image:height\" content=\"593\" \/>\n\t<meta property=\"og:image:type\" content=\"image\/png\" \/>\n<meta name=\"author\" content=\"bosniak\" \/>\n<meta name=\"twitter:card\" content=\"summary_large_image\" \/>\n<meta name=\"twitter:label1\" content=\"Written by\" \/>\n\t<meta name=\"twitter:data1\" content=\"bosniak\" \/>\n\t<meta name=\"twitter:label2\" content=\"Est. reading time\" \/>\n\t<meta name=\"twitter:data2\" content=\"1 minuta\" \/>\n<script type=\"application\/ld+json\" class=\"yoast-schema-graph\">{\"@context\":\"https:\/\/schema.org\",\"@graph\":[{\"@type\":\"Article\",\"@id\":\"https:\/\/sandzakpress.net\/arhiva\/naser-oric-pred-pocetak-marsa-mira-tesko-je-svake-godine-i-postaje-sve-teze\/#article\",\"isPartOf\":{\"@id\":\"https:\/\/sandzakpress.net\/arhiva\/naser-oric-pred-pocetak-marsa-mira-tesko-je-svake-godine-i-postaje-sve-teze\/\"},\"author\":{\"name\":\"bosniak\",\"@id\":\"https:\/\/sandzakpress.net\/arhiva\/#\/schema\/person\/c8baee722073534b583ea7bdb2e36c02\"},\"headline\":\"Naser Ori\u0107 pred po\u010detak Mar\u0161a mira: Te\u0161ko je svake godine i postaje sve te\u017ee\",\"datePublished\":\"2019-07-08T20:23:10+00:00\",\"mainEntityOfPage\":{\"@id\":\"https:\/\/sandzakpress.net\/arhiva\/naser-oric-pred-pocetak-marsa-mira-tesko-je-svake-godine-i-postaje-sve-teze\/\"},\"wordCount\":301,\"commentCount\":0,\"publisher\":{\"@id\":\"https:\/\/sandzakpress.net\/arhiva\/#\/schema\/person\/6e72b67d6e51910a1117b3b483ba20bd\"},\"image\":{\"@id\":\"https:\/\/sandzakpress.net\/arhiva\/naser-oric-pred-pocetak-marsa-mira-tesko-je-svake-godine-i-postaje-sve-teze\/#primaryimage\"},\"thumbnailUrl\":\"https:\/\/sandzakpress.net\/arhiva\/wp-content\/uploads\/2019\/07\/Screenshot_4.png\",\"keywords\":[\"Bosna i Hercegovina\"],\"articleSection\":[\"Bosna PRESS\"],\"inLanguage\":\"bs-BA\",\"potentialAction\":[{\"@type\":\"CommentAction\",\"name\":\"Comment\",\"target\":[\"https:\/\/sandzakpress.net\/arhiva\/naser-oric-pred-pocetak-marsa-mira-tesko-je-svake-godine-i-postaje-sve-teze\/#respond\"]}]},{\"@type\":\"WebPage\",\"@id\":\"https:\/\/sandzakpress.net\/arhiva\/naser-oric-pred-pocetak-marsa-mira-tesko-je-svake-godine-i-postaje-sve-teze\/\",\"url\":\"https:\/\/sandzakpress.net\/arhiva\/naser-oric-pred-pocetak-marsa-mira-tesko-je-svake-godine-i-postaje-sve-teze\/\",\"name\":\"Naser Ori\u0107 pred po\u010detak Mar\u0161a mira: Te\u0161ko je svake godine i postaje sve te\u017ee\",\"isPartOf\":{\"@id\":\"https:\/\/sandzakpress.net\/arhiva\/#website\"},\"primaryImageOfPage\":{\"@id\":\"https:\/\/sandzakpress.net\/arhiva\/naser-oric-pred-pocetak-marsa-mira-tesko-je-svake-godine-i-postaje-sve-teze\/#primaryimage\"},\"image\":{\"@id\":\"https:\/\/sandzakpress.net\/arhiva\/naser-oric-pred-pocetak-marsa-mira-tesko-je-svake-godine-i-postaje-sve-teze\/#primaryimage\"},\"thumbnailUrl\":\"https:\/\/sandzakpress.net\/arhiva\/wp-content\/uploads\/2019\/07\/Screenshot_4.png\",\"datePublished\":\"2019-07-08T20:23:10+00:00\",\"breadcrumb\":{\"@id\":\"https:\/\/sandzakpress.net\/arhiva\/naser-oric-pred-pocetak-marsa-mira-tesko-je-svake-godine-i-postaje-sve-teze\/#breadcrumb\"},\"inLanguage\":\"bs-BA\",\"potentialAction\":[{\"@type\":\"ReadAction\",\"target\":[\"https:\/\/sandzakpress.net\/arhiva\/naser-oric-pred-pocetak-marsa-mira-tesko-je-svake-godine-i-postaje-sve-teze\/\"]}]},{\"@type\":\"ImageObject\",\"inLanguage\":\"bs-BA\",\"@id\":\"https:\/\/sandzakpress.net\/arhiva\/naser-oric-pred-pocetak-marsa-mira-tesko-je-svake-godine-i-postaje-sve-teze\/#primaryimage\",\"url\":\"https:\/\/sandzakpress.net\/arhiva\/wp-content\/uploads\/2019\/07\/Screenshot_4.png\",\"contentUrl\":\"https:\/\/sandzakpress.net\/arhiva\/wp-content\/uploads\/2019\/07\/Screenshot_4.png\",\"width\":542,\"height\":593},{\"@type\":\"BreadcrumbList\",\"@id\":\"https:\/\/sandzakpress.net\/arhiva\/naser-oric-pred-pocetak-marsa-mira-tesko-je-svake-godine-i-postaje-sve-teze\/#breadcrumb\",\"itemListElement\":[{\"@type\":\"ListItem\",\"position\":1,\"name\":\"Home\",\"item\":\"https:\/\/sandzakpress.net\/arhiva\/\"},{\"@type\":\"ListItem\",\"position\":2,\"name\":\"Naser Ori\u0107 pred po\u010detak Mar\u0161a mira: Te\u0161ko je svake godine i postaje sve te\u017ee\"}]},{\"@type\":\"WebSite\",\"@id\":\"https:\/\/sandzakpress.net\/arhiva\/#website\",\"url\":\"https:\/\/sandzakpress.net\/arhiva\/\",\"name\":\"Sand\u017eak PRESS\",\"description\":\"Prve elektronske novine u Sand\u017eaku\",\"publisher\":{\"@id\":\"https:\/\/sandzakpress.net\/arhiva\/#\/schema\/person\/6e72b67d6e51910a1117b3b483ba20bd\"},\"potentialAction\":[{\"@type\":\"SearchAction\",\"target\":{\"@type\":\"EntryPoint\",\"urlTemplate\":\"https:\/\/sandzakpress.net\/arhiva\/?s={search_term_string}\"},\"query-input\":{\"@type\":\"PropertyValueSpecification\",\"valueRequired\":true,\"valueName\":\"search_term_string\"}}],\"inLanguage\":\"bs-BA\"},{\"@type\":[\"Person\",\"Organization\"],\"@id\":\"https:\/\/sandzakpress.net\/arhiva\/#\/schema\/person\/6e72b67d6e51910a1117b3b483ba20bd\",\"name\":\"Kul\",\"image\":{\"@type\":\"ImageObject\",\"inLanguage\":\"bs-BA\",\"@id\":\"https:\/\/sandzakpress.net\/arhiva\/#\/schema\/person\/image\/\",\"url\":\"https:\/\/secure.gravatar.com\/avatar\/42263f39aa27ac04c43cab85c280eb2e?s=96&d=mm&r=pg\",\"contentUrl\":\"https:\/\/secure.gravatar.com\/avatar\/42263f39aa27ac04c43cab85c280eb2e?s=96&d=mm&r=pg\",\"caption\":\"Kul\"},\"logo\":{\"@id\":\"https:\/\/sandzakpress.net\/arhiva\/#\/schema\/person\/image\/\"}},{\"@type\":\"Person\",\"@id\":\"https:\/\/sandzakpress.net\/arhiva\/#\/schema\/person\/c8baee722073534b583ea7bdb2e36c02\",\"name\":\"bosniak\",\"image\":{\"@type\":\"ImageObject\",\"inLanguage\":\"bs-BA\",\"@id\":\"https:\/\/sandzakpress.net\/arhiva\/#\/schema\/person\/image\/\",\"url\":\"https:\/\/secure.gravatar.com\/avatar\/a04fd330bfe3a36a72a0ad4a6d89fca7?s=96&d=mm&r=pg\",\"contentUrl\":\"https:\/\/secure.gravatar.com\/avatar\/a04fd330bfe3a36a72a0ad4a6d89fca7?s=96&d=mm&r=pg\",\"caption\":\"bosniak\"},\"url\":\"https:\/\/sandzakpress.net\/arhiva\/author\/bosniak\/\"}]}<\/script>\n<!-- \/ Yoast SEO Premium plugin. -->","yoast_head_json":{"title":"Naser Ori\u0107 pred po\u010detak Mar\u0161a mira: Te\u0161ko je svake godine i postaje sve te\u017ee","robots":{"index":"index","follow":"follow","max-snippet":"max-snippet:-1","max-image-preview":"max-image-preview:large","max-video-preview":"max-video-preview:-1"},"canonical":"https:\/\/sandzakpress.net\/arhiva\/naser-oric-pred-pocetak-marsa-mira-tesko-je-svake-godine-i-postaje-sve-teze\/","og_locale":"bs_BA","og_type":"article","og_title":"Naser Ori\u0107 pred po\u010detak Mar\u0161a mira: Te\u0161ko je svake godine i postaje sve te\u017ee","og_description":"Heroj odbrane Srebrenice i komadant 28. diverzantskog odreda\u00a0Naser Ori\u0107\u00a0prije polaska kolone ovogodi\u0161njeg Mar\u0161a mira iz Nezuka govorio je za\u00a0Radiosarajevo.ba. Kako je kazao, svake godine iz Nezuka se \u0161alje druga poruka. \u201cNijedne godine nije isto.\u00a0Prisje\u0107amo se nevino stradalih Bo\u0161njaka i mojih saboracakoji su dali neminovni doprinos odbrani Bosne i Hercegovine\u201d, kazao je Ori\u0107. Ove godine komadant [&hellip;]","og_url":"https:\/\/sandzakpress.net\/arhiva\/naser-oric-pred-pocetak-marsa-mira-tesko-je-svake-godine-i-postaje-sve-teze\/","og_site_name":"Sand\u017eak PRESS","article_published_time":"2019-07-08T20:23:10+00:00","og_image":[{"width":542,"height":593,"url":"https:\/\/sandzakpress.net\/arhiva\/wp-content\/uploads\/2019\/07\/Screenshot_4.png","type":"image\/png"}],"author":"bosniak","twitter_card":"summary_large_image","twitter_misc":{"Written by":"bosniak","Est. reading time":"1 minuta"},"schema":{"@context":"https:\/\/schema.org","@graph":[{"@type":"Article","@id":"https:\/\/sandzakpress.net\/arhiva\/naser-oric-pred-pocetak-marsa-mira-tesko-je-svake-godine-i-postaje-sve-teze\/#article","isPartOf":{"@id":"https:\/\/sandzakpress.net\/arhiva\/naser-oric-pred-pocetak-marsa-mira-tesko-je-svake-godine-i-postaje-sve-teze\/"},"author":{"name":"bosniak","@id":"https:\/\/sandzakpress.net\/arhiva\/#\/schema\/person\/c8baee722073534b583ea7bdb2e36c02"},"headline":"Naser Ori\u0107 pred po\u010detak Mar\u0161a mira: Te\u0161ko je svake godine i postaje sve te\u017ee","datePublished":"2019-07-08T20:23:10+00:00","mainEntityOfPage":{"@id":"https:\/\/sandzakpress.net\/arhiva\/naser-oric-pred-pocetak-marsa-mira-tesko-je-svake-godine-i-postaje-sve-teze\/"},"wordCount":301,"commentCount":0,"publisher":{"@id":"https:\/\/sandzakpress.net\/arhiva\/#\/schema\/person\/6e72b67d6e51910a1117b3b483ba20bd"},"image":{"@id":"https:\/\/sandzakpress.net\/arhiva\/naser-oric-pred-pocetak-marsa-mira-tesko-je-svake-godine-i-postaje-sve-teze\/#primaryimage"},"thumbnailUrl":"https:\/\/sandzakpress.net\/arhiva\/wp-content\/uploads\/2019\/07\/Screenshot_4.png","keywords":["Bosna i Hercegovina"],"articleSection":["Bosna PRESS"],"inLanguage":"bs-BA","potentialAction":[{"@type":"CommentAction","name":"Comment","target":["https:\/\/sandzakpress.net\/arhiva\/naser-oric-pred-pocetak-marsa-mira-tesko-je-svake-godine-i-postaje-sve-teze\/#respond"]}]},{"@type":"WebPage","@id":"https:\/\/sandzakpress.net\/arhiva\/naser-oric-pred-pocetak-marsa-mira-tesko-je-svake-godine-i-postaje-sve-teze\/","url":"https:\/\/sandzakpress.net\/arhiva\/naser-oric-pred-pocetak-marsa-mira-tesko-je-svake-godine-i-postaje-sve-teze\/","name":"Naser Ori\u0107 pred po\u010detak Mar\u0161a mira: Te\u0161ko je svake godine i postaje sve te\u017ee","isPartOf":{"@id":"https:\/\/sandzakpress.net\/arhiva\/#website"},"primaryImageOfPage":{"@id":"https:\/\/sandzakpress.net\/arhiva\/naser-oric-pred-pocetak-marsa-mira-tesko-je-svake-godine-i-postaje-sve-teze\/#primaryimage"},"image":{"@id":"https:\/\/sandzakpress.net\/arhiva\/naser-oric-pred-pocetak-marsa-mira-tesko-je-svake-godine-i-postaje-sve-teze\/#primaryimage"},"thumbnailUrl":"https:\/\/sandzakpress.net\/arhiva\/wp-content\/uploads\/2019\/07\/Screenshot_4.png","datePublished":"2019-07-08T20:23:10+00:00","breadcrumb":{"@id":"https:\/\/sandzakpress.net\/arhiva\/naser-oric-pred-pocetak-marsa-mira-tesko-je-svake-godine-i-postaje-sve-teze\/#breadcrumb"},"inLanguage":"bs-BA","potentialAction":[{"@type":"ReadAction","target":["https:\/\/sandzakpress.net\/arhiva\/naser-oric-pred-pocetak-marsa-mira-tesko-je-svake-godine-i-postaje-sve-teze\/"]}]},{"@type":"ImageObject","inLanguage":"bs-BA","@id":"https:\/\/sandzakpress.net\/arhiva\/naser-oric-pred-pocetak-marsa-mira-tesko-je-svake-godine-i-postaje-sve-teze\/#primaryimage","url":"https:\/\/sandzakpress.net\/arhiva\/wp-content\/uploads\/2019\/07\/Screenshot_4.png","contentUrl":"https:\/\/sandzakpress.net\/arhiva\/wp-content\/uploads\/2019\/07\/Screenshot_4.png","width":542,"height":593},{"@type":"BreadcrumbList","@id":"https:\/\/sandzakpress.net\/arhiva\/naser-oric-pred-pocetak-marsa-mira-tesko-je-svake-godine-i-postaje-sve-teze\/#breadcrumb","itemListElement":[{"@type":"ListItem","position":1,"name":"Home","item":"https:\/\/sandzakpress.net\/arhiva\/"},{"@type":"ListItem","position":2,"name":"Naser Ori\u0107 pred po\u010detak Mar\u0161a mira: Te\u0161ko je svake godine i postaje sve te\u017ee"}]},{"@type":"WebSite","@id":"https:\/\/sandzakpress.net\/arhiva\/#website","url":"https:\/\/sandzakpress.net\/arhiva\/","name":"Sand\u017eak PRESS","description":"Prve elektronske novine u Sand\u017eaku","publisher":{"@id":"https:\/\/sandzakpress.net\/arhiva\/#\/schema\/person\/6e72b67d6e51910a1117b3b483ba20bd"},"potentialAction":[{"@type":"SearchAction","target":{"@type":"EntryPoint","urlTemplate":"https:\/\/sandzakpress.net\/arhiva\/?s={search_term_string}"},"query-input":{"@type":"PropertyValueSpecification","valueRequired":true,"valueName":"search_term_string"}}],"inLanguage":"bs-BA"},{"@type":["Person","Organization"],"@id":"https:\/\/sandzakpress.net\/arhiva\/#\/schema\/person\/6e72b67d6e51910a1117b3b483ba20bd","name":"Kul","image":{"@type":"ImageObject","inLanguage":"bs-BA","@id":"https:\/\/sandzakpress.net\/arhiva\/#\/schema\/person\/image\/","url":"https:\/\/secure.gravatar.com\/avatar\/42263f39aa27ac04c43cab85c280eb2e?s=96&d=mm&r=pg","contentUrl":"https:\/\/secure.gravatar.com\/avatar\/42263f39aa27ac04c43cab85c280eb2e?s=96&d=mm&r=pg","caption":"Kul"},"logo":{"@id":"https:\/\/sandzakpress.net\/arhiva\/#\/schema\/person\/image\/"}},{"@type":"Person","@id":"https:\/\/sandzakpress.net\/arhiva\/#\/schema\/person\/c8baee722073534b583ea7bdb2e36c02","name":"bosniak","image":{"@type":"ImageObject","inLanguage":"bs-BA","@id":"https:\/\/sandzakpress.net\/arhiva\/#\/schema\/person\/image\/","url":"https:\/\/secure.gravatar.com\/avatar\/a04fd330bfe3a36a72a0ad4a6d89fca7?s=96&d=mm&r=pg","contentUrl":"https:\/\/secure.gravatar.com\/avatar\/a04fd330bfe3a36a72a0ad4a6d89fca7?s=96&d=mm&r=pg","caption":"bosniak"},"url":"https:\/\/sandzakpress.net\/arhiva\/author\/bosniak\/"}]}},"_links":{"self":[{"href":"https:\/\/sandzakpress.net\/arhiva\/wp-json\/wp\/v2\/posts\/225815"}],"collection":[{"href":"https:\/\/sandzakpress.net\/arhiva\/wp-json\/wp\/v2\/posts"}],"about":[{"href":"https:\/\/sandzakpress.net\/arhiva\/wp-json\/wp\/v2\/types\/post"}],"author":[{"embeddable":true,"href":"https:\/\/sandzakpress.net\/arhiva\/wp-json\/wp\/v2\/users\/83"}],"replies":[{"embeddable":true,"href":"https:\/\/sandzakpress.net\/arhiva\/wp-json\/wp\/v2\/comments?post=225815"}],"version-history":[{"count":0,"href":"https:\/\/sandzakpress.net\/arhiva\/wp-json\/wp\/v2\/posts\/225815\/revisions"}],"wp:featuredmedia":[{"embeddable":true,"href":"https:\/\/sandzakpress.net\/arhiva\/wp-json\/wp\/v2\/media\/225816"}],"wp:attachment":[{"href":"https:\/\/sandzakpress.net\/arhiva\/wp-json\/wp\/v2\/media?parent=225815"}],"wp:term":[{"taxonomy":"category","embeddable":true,"href":"https:\/\/sandzakpress.net\/arhiva\/wp-json\/wp\/v2\/categories?post=225815"},{"taxonomy":"post_tag","embeddable":true,"href":"https:\/\/sandzakpress.net\/arhiva\/wp-json\/wp\/v2\/tags?post=225815"}],"curies":[{"name":"wp","href":"https:\/\/api.w.org\/{rel}","templated":true}]}}