{"id":225768,"date":"2019-07-08T13:00:42","date_gmt":"2019-07-08T11:00:42","guid":{"rendered":"https:\/\/sandzakpress.net\/arhiva\/?p=225768"},"modified":"2019-07-08T13:56:11","modified_gmt":"2019-07-08T11:56:11","slug":"provokativna-rasprava-dva-bjelopoljska-filozofa","status":"publish","type":"post","link":"https:\/\/sandzakpress.net\/arhiva\/provokativna-rasprava-dva-bjelopoljska-filozofa\/","title":{"rendered":"Provokativna  Rasprava dva bjelopoljska filozofa"},"content":{"rendered":"<p><img loading=\"lazy\" decoding=\"async\" class=\"size-full wp-image-225769 aligncenter\" src=\"https:\/\/sandzakpress.net\/arhiva\/wp-content\/uploads\/2019\/07\/6666.jpg\" alt=\"\" width=\"3203\" height=\"2288\" srcset=\"https:\/\/sandzakpress.net\/arhiva\/wp-content\/uploads\/2019\/07\/6666.jpg 3203w, https:\/\/sandzakpress.net\/arhiva\/wp-content\/uploads\/2019\/07\/6666-768x549.jpg 768w, https:\/\/sandzakpress.net\/arhiva\/wp-content\/uploads\/2019\/07\/6666-616x440.jpg 616w\" sizes=\"(max-width: 3203px) 100vw, 3203px\" \/><\/p>\n<p>Pi\u0161e: Faruk Me\u0111edovi\u0107<\/p>\n<p>Ovih dana se zadesih, u mojem Akovu(Bijelom Polju). Ali ni traga od onog Akova, ni traga od sjaja onih nekoliko po arhitektonskoj ljepoti \u010duvenih d\u017eamija, u kojima su se dobri Akovljani, za vrijeme namaza, okretali Bi\u0107u UZVISENOG GOSPODARA, iskazivali mu svoju iskrenu ljubav , i melodi\u010dnim glasom recitirali veli\u010danstveni spjev, \u201d MEVLUD\u201d, o ro\u0111enju, \u017eivotu i smrti, poslednjeg Bo\u017eijeg izaslanika Muhameda a.s., autora Saliha Ga\u0161evi\u0107a, koji je svoj smiraj na\u0161ao u avliji dana\u0161nje bjelopoljske d\u017eamije. A u ovim popodnevnim satima, u atmosferi nepodno\u0161ljivo sparnoj, kroz eter su vibrirali \u010de\u017enjivi stihovi pjesnika Junuza Me\u0111edovi\u0107a:<\/p>\n<p>\u201cZdravo rodni grade, rijeko i vrbe<br \/>Zdravo Pru\u0161ko ravna, vo\u0107e rascvjetalo<br \/>Zdrvavo zelen brda, pitoma izda\u0161na<br \/>Iz mladosti moje, sjajno ogledalo<br \/>U kom gledam sebe i djetinjstvo moje<br \/>Osun\u010dane dane i zvjezdane no\u0107i<br \/>I tugu i radost i patnje i bure <br \/>I drugove koji vi\u0161e ne\u0107e do\u0107i<br \/>Sa mnom na sun\u010danje na obali Lima<br \/>Kad Tr\u0161o \u2013 (RIFAT BURD\u017dEVI\u0106) nas skupi i pri\u010da o sre\u0107i<br \/>Koja evo do\u0111e i raste ko plima!\u201d\u201d<\/p>\n<p>\u2013 I zaista me obuzmu ujedno i tuga i radost: tuga posebno; jer nema vi\u0161e ni ravne Pru\u0161ke, ni njenog rascvjetalog vo\u0107a; ni onih starinskih ku\u0107a i njihovih tajanstveno lijepih avlija, ni pra\u0161njavih uskih sokaka, a i u nikom vi\u0161e, ne ostade, ni trunke od onog Tr\u0161ovog revolucionarnog duha, a sanjati o sre\u0107i i budu\u0107nosti je, u ovom vremenu postalo utopisti\u010dki. I da umjesto sada, sjedim bar u jednoj od onih nekada prelijepih d\u017eenetskih avlija i ba\u0161\u010di, ja sam izabrao jedan lokal na mjestu stare bjelopoljske tr\u017enice, da bih popio kahfu i prelistao izdanje jednih dnevnih novina. Za susjednim stolom, ovoga lokala, sjedio je \u010dovjek, otprilike \u010detrdesetih godina, i u\u017eivao u ispijanju pjenu\u0161avog piva. Nekome je on u znak pozdrava podigao ruku, i dobacio: \u201cGdje \u0107e\u0161, hajde svrati!\u201d \u2013 Prolaznik je prihvatio njegov poziv, pri\u0161ao njegovom stolu, i sjeo za isti, i napokon \u0161to su se rukovali. &#8211; Gost je pitao prolaznika: \u201d Gdje si to bio, po ovakvom ki\u0161nom i sparnom vremenu?\u201d \u2013 \u201cKlanjao sam podnevni namaz\u201d, odgovori mu prolaznik. \u2013 \u201cOtkad ti to posta ibadetli bogati?\u201d, zapita ga gost sa podsmijehom i blagom dozom arogancije, te nastavi: \u2013 \u201cZnam, da ranije nijesi bio neki vjernik, te da iskreno re\u010deno, nijesi umio ni na sed\u017edu padnuti, jeli tako?\u201d- Prolaznik mu mirno odgovori: \u201cVala, ti kao da zna\u0161 moj odnos prema Uzvi\u0161enom Gospodaru, te mo\u017ee\u0161 tako ne\u0161to ustvrditi, ili si mo\u017eda, ti neki \u0107iramet, te ima\u0161 sposobnosti, da prodre\u0161 u moja najdublja i najintimnija osje\u0107anja, prilikom mojeg namaza!\u201d. Gost odmahnu rukom, unese se prolazniku u lice i tihim, ote\u017eenim glasom teatralnog prizvuka, re\u010de: \u201cNemoj mi pri\u010dat; posmatrao sam te prije par sedmica za vrijeme ak\u0161am namaza, kako sporo prelazi\u0161 sa kijama na ruuku, te kako se poslednji uspravlja\u0161 sa sed\u017ede: slabo mi ne\u0161to poznaje\u0161 tehniku namaza. Ah, kako ja to samo radim spretno: Cik-cak; ukoliko trepne\u0161 ja sam sa sed\u017ede ve\u0107 na drugi rekat. A, sada, da te pitam, \u0161ta treba\u0161 u\u010diti na kijamu, \u0161ta na sed\u017edi i te\u0161ehudu: ti mi nebi znao odgovoriti\u201d. \u2013 \u201cA, ti zna\u0161, zajedljivo mu odgovori prolaznik!\u201d. \u2013 \u201cZnam tako mi svega na svijetu, i to sve na \u010disto arapskom!\u201d, pobjedonosno mu odgovori gost. \u201cAha, re\u010de prolaznik: \u201cMo\u017ee\u0161 ti znati na arapskom, ili kineskom, svejedno, ali, moj burazeru, ono \u0161to je najva\u017enije, ti nerazumije\u0161 zna\u010denje\u201d. \u2013 \u201cKakvo crno zna\u010denje veli\u0161, i kako \u0107e\u0161 ti biti musliman, kada ne dovi\u0161 na izvornom jeziku, na kojem je \u010dasni Kuran objavljen. Ta\u010dno je da ne znam \u0161ta zna\u010di, ali mene Bog razumije i vidi kada sam na namazu\u201d. Prolaznik mu se unese u lice: \u201cNije su\u0161tina u tome, jeli te Uzvi\u0161eni vidi i \u010duje, dok se pregiba\u0161 kao kakav gimnasti\u010dar, na namazu, ve\u0107 u tome, da ti zna\u0161 \u0161ta izgovara\u0161, da bi osjetio milost Uzvi\u0161enog Gospodara\u201d, i nije ALLAH, \u010dovjek silnik, pa da mu ti dugim dovama laska\u0161 i podilazi\u0161 Njegovoj ta\u0161tini\u201d. \u2013 Gost mu ljutito odgovori: \u201cNe poznaje\u0161 formu namaza, i nemo\u017ee\u0161 biti nikada pravi vjernik!\u201d. \u2013 \u201cE, kada bih ja, prilikom obavljanja \u010detiri rekata u jednom namazu, morao misliti na 800 hiljada vad\u017eiba, koliko ih ima, a isto toliko, mo\u017eda, i vi\u0161e mustehaba, suneta, mekruha, moj burazeru, ja ti nebih mogao do\u017eivjeti Boga, niti misliti o Njemu\u201d, sa dubokim uzdahom i olak\u0161anjem, obrazlo\u017ei prolaznik. \u2013 \u201cNe, ne, i u samom Kuranu stoji kako ritualno mora\u0161 obavljati namaz i sam je Muhamed a.s. to propisao,a na taj tvoj na\u010din, ti tu tvoju ljubav, prema Bogu, mo\u017ee\u0161 slobodno oti\u0107i gore navrh grada, svratiti u Petrovu crkvu, te je tamo iskazati\u201d, sa podsmijehom re\u010de gost. \u2013 \u201cSvejedno, bilo to Petrova crkva, Sinagoga, ja kada imam potrebu, da osjetim ljubav Bo\u017eiju, za mene postoji, samo jedna bogomolja, a i nema ni\u0161ta ljep\u0161e za du\u0161u, nego, u istom trenu, osjetiti harmoniju milozvu\u010dnog glasa ezana, i zvuk crkvenih zvona, smireno mu odgovori prolaznik.<br \/>\u017dustra rasprava o ibadetu, namazu i odnosu prema Uzvi\u0161enom Gospodaru, ova dva zajedljivca, i njihova proturje\u010dna stajali\u0161ta me podstako\u0161e , na veoma duboka razmi\u0161ljanja. Jak intenzitet mojih razmi\u0161ljanja je nadvladao buku njihovog prepiranja. \u2013 Moj susjed, gost, se hvali, kako izvanredno poznaje tehniku namaza: Ja zaista ne mogu pore\u0107i \u010dinjenicu, da, na primjer, namaz mora imati svoju formu, to jest na\u010din obavljanja, pogotovu \u0161to je to op\u0161ta zajedni\u010dka obaveza i obilje\u017eje svih muslimana, i ti se obredi upoznaju i izu\u010davaju sa formalne, fikhske strane. Zapostavljeno je ono \u0161to je u namazu bitno, a ono \u0161to je formalno, dobilo je tretman bitnog. Ne radi se o negiranju forme, kao takve. Ona je kao sredstvo za izra\u017eavanje su\u0161tine nu\u017ena. Ali nije svakako dobro, kada forma postane sama sebi cilj, kada se u njoj izgubi su\u0161tina i kada ona postane prazna bez sadr\u017eine. Svo\u0111enje molitve, namaza, na puki verbalizam, odre\u0111ene mehani\u010dke radnje i formalizam je velika zabluda. <br \/>Moj susjed na terasi restorana, prolaznik, je uvjerenja, da forma u ibadetu, posebno u namazu, i nije tako bitna, ve\u0107 onaj najsre\u0107niji momenat za njega, u kojem on do\u017eivi Bo\u017eiju blizinu. U, jednom bih se mogao slo\u017eiti s njim: Forma u ibadetu, pogotovu namazu, gubi svaki smisao i svaki zna\u010daj. U su\u0161tini, pravi ibadet, namaz nema forme, nema, \u010dak ni rije\u010di. To su najdublji, najintimniji, najsuptilniji osje\u0107aji i do\u017eivljaji onog \u0161to je, isto tako, najsuptilnije, najuzvi\u0161enije i najljep\u0161e, \u0161to se, svakako, ne mo\u017ee izraziti rije\u010dima. Radi se o kategoriji vi\u0161ih do\u017eivljaja, i svi na\u0161i poku\u0161aji, da ih izrazimo posebnim rije\u010dima, da im damo posebne forme, mogu samo smetati i doprinijeti, da oni izgube na svom intenzitetu. Sve je to kada se radi o saobra\u0107aju s Bogom suvi\u0161no. Bog gleda namjere i intimne pobude, koje on zna, a ponavljanje i mehani\u010dko recitovanje tekstova, \u010dije se zna\u010denje ne do\u017eivljava, jer se i ne razumije. Njemu ne trebaju rije\u010di. One mogu biti prazne i la\u017ene, i iza njih se mogu kriti najprljavije namjere licemjerstva. <\/p>\n<p>Tvrdnja mojeg susjeda, gosta, da je forma obavljanja namaza, striktno propisana u \u010dasnom Kuranu je neta\u010dna. A, ni sam Muhamed a.s, nije odredio jedinstvenu formu, i nije joj pridavao neki osobit zna\u010daj, te da se prilikom obavljanja namaza, nije uvijek dr\u017eao istih detalja. Svakako, svako okretanje i obra\u0107anje Bogu, ukoliko vodi iskrenom do\u017eivljaju, bez obzira na na\u010din i formu izvo\u0111enja je valjano. Ovim se sjetih stihova velikog klasika tesavufske misli D\u017eemaludina Rumija: \u201cJa nosim ahmediju na glavi, ali oko pojasa nosim i Zaradu\u0161tov zunar. Ni\u0161ta mi ne smeta, kada, istodobno, u du\u0161i nosim nur(svjetlo). Ja sam musliman. Ne smeta mi da ka\u017eem da sam kr\u0161\u0107anin, brahmanac, zaradu\u0161tovac, jer ja samo Tebi te\u017eim, o Vrhovna istino! Ja znam samo za jednu bogomolju. Nije ni malo va\u017eno \u0161to je nazivaju razli\u010ditim imenima: d\u017eamijom, crkvom, idolopokloni\u010dkim hramom. Bo\u017ee, Tvome se bi\u0107u okre\u0107em i ono je krajnji cilj moje sre\u0107e.\u201d Ali ni siromah Rumi, nije imao mira, jer je njegovo filozofiranje, nailazilo na najo\u0161trija reagovanja od strane fikhskog formalisti\u010dkog shva\u0107anja, koje je tada, predstavljalo zvani\u010dno mi\u0161ljenje organa vlasti \u2013 Halife. Ali najve\u0107u tragediju u razvoju tesavufske misli, ujedno i najve\u0107u proturje\u010dnost, je predstavljalo, njeno pretvaranje u sistem i zatvaranje u formu odre\u0111enih dogmatskih shva\u0107anja. Zatvaraju\u0107i se u odre\u0111ene forme, ona se potpuno deformisala i pretvorila u svoju suprotnost \u2013 u \u010disti verbalizam i formalizam. <\/p>\n<p>Da bih izmirio proturje\u010dna stajali\u0161ta mojih susjeda gosta i prolaznika, morao sam konstatovati, da je u velikoj mjeri ipak bilo zloupotreba i deformacija, kako u pogledu forme, tako i u pogledu sadr\u017eine. Fikh je oti\u0161ao u jednu, a tesavuf u drugu krajnost. Ulema zahira(Fikha i \u0160eriata) pretvorila je sve vrste ibadeta u \u010disti verbalizam,dok ih je ulema hakikata(tesavuf) potpuno mistificirala. Jedni su predimenzionirali formu, a drugi sadr\u017einu. Pseudotesavuf je uvode\u0107i kult mur\u0161ida i njegove nepogre\u0161ivosti, postavio posrednika i time otvorio vrata bezbrojnim zabludama i omogu\u0107io kojekakvim psihopatama i patolo\u0161kim tipovima da se u svojim bolesnim ambicijama i\u017eivljavaju i pripisuju sebi nadnaravne mo\u0107i \u2013 keramet. \u0160ejh je postao idol, preko kog se mo\u017ee op\u0161titi sa Bogom. Tako je u nepogre\u0161ivom \u0160ejhu, zavr\u0161ila ova velika tesavufska misao o Bogu. <\/p>\n<p>I na kraju, bih , i sam, i po ovakvom sparnom i ki\u0161nom vremenu, rado osjetio trenutak utapanja u apsolutno savr\u0161enstvo i ljepotu, trenutak do\u017eivljavanja najve\u0107eg spokojstva i mira u jednom vi\u0161em svijetu, pa makar to bilo, ako je mogu\u0107e i na Avdovom Obrovu A, i da kod mojih susjeda, gosta i prolaznika, ibadet izazove vi\u0161i, uzvi\u0161eniji osje\u0107aj, i posebno intimno i ugodno raspolo\u017eenje.<\/p>\n","protected":false},"excerpt":{"rendered":"<p>Pi\u0161e: Faruk Me\u0111edovi\u0107 Ovih dana se zadesih, u mojem Akovu(Bijelom Polju). Ali ni traga od onog Akova, ni traga od sjaja onih nekoliko po arhitektonskoj ljepoti \u010duvenih d\u017eamija, u kojima su se dobri Akovljani, za vrijeme namaza, okretali Bi\u0107u UZVISENOG GOSPODARA, iskazivali mu svoju iskrenu ljubav , i melodi\u010dnim glasom recitirali veli\u010danstveni spjev, \u201d MEVLUD\u201d, [&hellip;]<\/p>\n","protected":false},"author":509,"featured_media":225769,"comment_status":"open","ping_status":"open","sticky":false,"template":"","format":"standard","meta":{"footnotes":""},"categories":[10196],"tags":[],"class_list":{"0":"post-225768","1":"post","2":"type-post","3":"status-publish","4":"format-standard","5":"has-post-thumbnail","7":"category-iz-pera-nasih-autora"},"yoast_head":"<!-- This site is optimized with the Yoast SEO Premium plugin v23.1 (Yoast SEO v24.9) - https:\/\/yoast.com\/wordpress\/plugins\/seo\/ -->\n<title>Provokativna Rasprava dva bjelopoljska filozofa<\/title>\n<meta name=\"robots\" content=\"index, follow, max-snippet:-1, max-image-preview:large, max-video-preview:-1\" \/>\n<link rel=\"canonical\" href=\"https:\/\/sandzakpress.net\/arhiva\/provokativna-rasprava-dva-bjelopoljska-filozofa\/\" \/>\n<meta property=\"og:locale\" content=\"bs_BA\" \/>\n<meta property=\"og:type\" content=\"article\" \/>\n<meta property=\"og:title\" content=\"Provokativna Rasprava dva bjelopoljska filozofa\" \/>\n<meta property=\"og:description\" content=\"Pi\u0161e: Faruk Me\u0111edovi\u0107 Ovih dana se zadesih, u mojem Akovu(Bijelom Polju). Ali ni traga od onog Akova, ni traga od sjaja onih nekoliko po arhitektonskoj ljepoti \u010duvenih d\u017eamija, u kojima su se dobri Akovljani, za vrijeme namaza, okretali Bi\u0107u UZVISENOG GOSPODARA, iskazivali mu svoju iskrenu ljubav , i melodi\u010dnim glasom recitirali veli\u010danstveni spjev, \u201d MEVLUD\u201d, [&hellip;]\" \/>\n<meta property=\"og:url\" content=\"https:\/\/sandzakpress.net\/arhiva\/provokativna-rasprava-dva-bjelopoljska-filozofa\/\" \/>\n<meta property=\"og:site_name\" content=\"Sand\u017eak PRESS\" \/>\n<meta property=\"article:published_time\" content=\"2019-07-08T11:00:42+00:00\" \/>\n<meta property=\"article:modified_time\" content=\"2019-07-08T11:56:11+00:00\" \/>\n<meta property=\"og:image\" content=\"https:\/\/sandzakpress.net\/arhiva\/wp-content\/uploads\/2019\/07\/6666.jpg\" \/>\n\t<meta property=\"og:image:width\" content=\"3203\" \/>\n\t<meta property=\"og:image:height\" content=\"2288\" \/>\n\t<meta property=\"og:image:type\" content=\"image\/jpeg\" \/>\n<meta name=\"author\" content=\"Agencija\" \/>\n<meta name=\"twitter:card\" content=\"summary_large_image\" \/>\n<meta name=\"twitter:label1\" content=\"Written by\" \/>\n\t<meta name=\"twitter:data1\" content=\"Agencija\" \/>\n\t<meta name=\"twitter:label2\" content=\"Est. reading time\" \/>\n\t<meta name=\"twitter:data2\" content=\"9 minuta\" \/>\n<script type=\"application\/ld+json\" class=\"yoast-schema-graph\">{\"@context\":\"https:\/\/schema.org\",\"@graph\":[{\"@type\":\"Article\",\"@id\":\"https:\/\/sandzakpress.net\/arhiva\/provokativna-rasprava-dva-bjelopoljska-filozofa\/#article\",\"isPartOf\":{\"@id\":\"https:\/\/sandzakpress.net\/arhiva\/provokativna-rasprava-dva-bjelopoljska-filozofa\/\"},\"author\":{\"name\":\"Agencija\",\"@id\":\"https:\/\/sandzakpress.net\/arhiva\/#\/schema\/person\/cb59d7e3ab91ab90dd680ad0305a6185\"},\"headline\":\"Provokativna Rasprava dva bjelopoljska filozofa\",\"datePublished\":\"2019-07-08T11:00:42+00:00\",\"dateModified\":\"2019-07-08T11:56:11+00:00\",\"mainEntityOfPage\":{\"@id\":\"https:\/\/sandzakpress.net\/arhiva\/provokativna-rasprava-dva-bjelopoljska-filozofa\/\"},\"wordCount\":1717,\"commentCount\":0,\"publisher\":{\"@id\":\"https:\/\/sandzakpress.net\/arhiva\/#\/schema\/person\/6e72b67d6e51910a1117b3b483ba20bd\"},\"image\":{\"@id\":\"https:\/\/sandzakpress.net\/arhiva\/provokativna-rasprava-dva-bjelopoljska-filozofa\/#primaryimage\"},\"thumbnailUrl\":\"https:\/\/sandzakpress.net\/arhiva\/wp-content\/uploads\/2019\/07\/6666.jpg\",\"articleSection\":[\"Iz pera na\u0161ih autora\"],\"inLanguage\":\"bs-BA\",\"potentialAction\":[{\"@type\":\"CommentAction\",\"name\":\"Comment\",\"target\":[\"https:\/\/sandzakpress.net\/arhiva\/provokativna-rasprava-dva-bjelopoljska-filozofa\/#respond\"]}]},{\"@type\":\"WebPage\",\"@id\":\"https:\/\/sandzakpress.net\/arhiva\/provokativna-rasprava-dva-bjelopoljska-filozofa\/\",\"url\":\"https:\/\/sandzakpress.net\/arhiva\/provokativna-rasprava-dva-bjelopoljska-filozofa\/\",\"name\":\"Provokativna Rasprava dva bjelopoljska filozofa\",\"isPartOf\":{\"@id\":\"https:\/\/sandzakpress.net\/arhiva\/#website\"},\"primaryImageOfPage\":{\"@id\":\"https:\/\/sandzakpress.net\/arhiva\/provokativna-rasprava-dva-bjelopoljska-filozofa\/#primaryimage\"},\"image\":{\"@id\":\"https:\/\/sandzakpress.net\/arhiva\/provokativna-rasprava-dva-bjelopoljska-filozofa\/#primaryimage\"},\"thumbnailUrl\":\"https:\/\/sandzakpress.net\/arhiva\/wp-content\/uploads\/2019\/07\/6666.jpg\",\"datePublished\":\"2019-07-08T11:00:42+00:00\",\"dateModified\":\"2019-07-08T11:56:11+00:00\",\"breadcrumb\":{\"@id\":\"https:\/\/sandzakpress.net\/arhiva\/provokativna-rasprava-dva-bjelopoljska-filozofa\/#breadcrumb\"},\"inLanguage\":\"bs-BA\",\"potentialAction\":[{\"@type\":\"ReadAction\",\"target\":[\"https:\/\/sandzakpress.net\/arhiva\/provokativna-rasprava-dva-bjelopoljska-filozofa\/\"]}]},{\"@type\":\"ImageObject\",\"inLanguage\":\"bs-BA\",\"@id\":\"https:\/\/sandzakpress.net\/arhiva\/provokativna-rasprava-dva-bjelopoljska-filozofa\/#primaryimage\",\"url\":\"https:\/\/sandzakpress.net\/arhiva\/wp-content\/uploads\/2019\/07\/6666.jpg\",\"contentUrl\":\"https:\/\/sandzakpress.net\/arhiva\/wp-content\/uploads\/2019\/07\/6666.jpg\",\"width\":3203,\"height\":2288},{\"@type\":\"BreadcrumbList\",\"@id\":\"https:\/\/sandzakpress.net\/arhiva\/provokativna-rasprava-dva-bjelopoljska-filozofa\/#breadcrumb\",\"itemListElement\":[{\"@type\":\"ListItem\",\"position\":1,\"name\":\"Home\",\"item\":\"https:\/\/sandzakpress.net\/arhiva\/\"},{\"@type\":\"ListItem\",\"position\":2,\"name\":\"Provokativna Rasprava dva bjelopoljska filozofa\"}]},{\"@type\":\"WebSite\",\"@id\":\"https:\/\/sandzakpress.net\/arhiva\/#website\",\"url\":\"https:\/\/sandzakpress.net\/arhiva\/\",\"name\":\"Sand\u017eak PRESS\",\"description\":\"Prve elektronske novine u Sand\u017eaku\",\"publisher\":{\"@id\":\"https:\/\/sandzakpress.net\/arhiva\/#\/schema\/person\/6e72b67d6e51910a1117b3b483ba20bd\"},\"potentialAction\":[{\"@type\":\"SearchAction\",\"target\":{\"@type\":\"EntryPoint\",\"urlTemplate\":\"https:\/\/sandzakpress.net\/arhiva\/?s={search_term_string}\"},\"query-input\":{\"@type\":\"PropertyValueSpecification\",\"valueRequired\":true,\"valueName\":\"search_term_string\"}}],\"inLanguage\":\"bs-BA\"},{\"@type\":[\"Person\",\"Organization\"],\"@id\":\"https:\/\/sandzakpress.net\/arhiva\/#\/schema\/person\/6e72b67d6e51910a1117b3b483ba20bd\",\"name\":\"Kul\",\"image\":{\"@type\":\"ImageObject\",\"inLanguage\":\"bs-BA\",\"@id\":\"https:\/\/sandzakpress.net\/arhiva\/#\/schema\/person\/image\/\",\"url\":\"https:\/\/secure.gravatar.com\/avatar\/42263f39aa27ac04c43cab85c280eb2e?s=96&d=mm&r=pg\",\"contentUrl\":\"https:\/\/secure.gravatar.com\/avatar\/42263f39aa27ac04c43cab85c280eb2e?s=96&d=mm&r=pg\",\"caption\":\"Kul\"},\"logo\":{\"@id\":\"https:\/\/sandzakpress.net\/arhiva\/#\/schema\/person\/image\/\"}},{\"@type\":\"Person\",\"@id\":\"https:\/\/sandzakpress.net\/arhiva\/#\/schema\/person\/cb59d7e3ab91ab90dd680ad0305a6185\",\"name\":\"Agencija\",\"image\":{\"@type\":\"ImageObject\",\"inLanguage\":\"bs-BA\",\"@id\":\"https:\/\/sandzakpress.net\/arhiva\/#\/schema\/person\/image\/\",\"url\":\"https:\/\/secure.gravatar.com\/avatar\/4b7fafa80a22f0c2afe23966b3961fe0?s=96&d=mm&r=pg\",\"contentUrl\":\"https:\/\/secure.gravatar.com\/avatar\/4b7fafa80a22f0c2afe23966b3961fe0?s=96&d=mm&r=pg\",\"caption\":\"Agencija\"},\"url\":\"https:\/\/sandzakpress.net\/arhiva\/author\/agencija\/\"}]}<\/script>\n<!-- \/ Yoast SEO Premium plugin. -->","yoast_head_json":{"title":"Provokativna Rasprava dva bjelopoljska filozofa","robots":{"index":"index","follow":"follow","max-snippet":"max-snippet:-1","max-image-preview":"max-image-preview:large","max-video-preview":"max-video-preview:-1"},"canonical":"https:\/\/sandzakpress.net\/arhiva\/provokativna-rasprava-dva-bjelopoljska-filozofa\/","og_locale":"bs_BA","og_type":"article","og_title":"Provokativna Rasprava dva bjelopoljska filozofa","og_description":"Pi\u0161e: Faruk Me\u0111edovi\u0107 Ovih dana se zadesih, u mojem Akovu(Bijelom Polju). Ali ni traga od onog Akova, ni traga od sjaja onih nekoliko po arhitektonskoj ljepoti \u010duvenih d\u017eamija, u kojima su se dobri Akovljani, za vrijeme namaza, okretali Bi\u0107u UZVISENOG GOSPODARA, iskazivali mu svoju iskrenu ljubav , i melodi\u010dnim glasom recitirali veli\u010danstveni spjev, \u201d MEVLUD\u201d, [&hellip;]","og_url":"https:\/\/sandzakpress.net\/arhiva\/provokativna-rasprava-dva-bjelopoljska-filozofa\/","og_site_name":"Sand\u017eak PRESS","article_published_time":"2019-07-08T11:00:42+00:00","article_modified_time":"2019-07-08T11:56:11+00:00","og_image":[{"width":3203,"height":2288,"url":"https:\/\/sandzakpress.net\/arhiva\/wp-content\/uploads\/2019\/07\/6666.jpg","type":"image\/jpeg"}],"author":"Agencija","twitter_card":"summary_large_image","twitter_misc":{"Written by":"Agencija","Est. reading time":"9 minuta"},"schema":{"@context":"https:\/\/schema.org","@graph":[{"@type":"Article","@id":"https:\/\/sandzakpress.net\/arhiva\/provokativna-rasprava-dva-bjelopoljska-filozofa\/#article","isPartOf":{"@id":"https:\/\/sandzakpress.net\/arhiva\/provokativna-rasprava-dva-bjelopoljska-filozofa\/"},"author":{"name":"Agencija","@id":"https:\/\/sandzakpress.net\/arhiva\/#\/schema\/person\/cb59d7e3ab91ab90dd680ad0305a6185"},"headline":"Provokativna Rasprava dva bjelopoljska filozofa","datePublished":"2019-07-08T11:00:42+00:00","dateModified":"2019-07-08T11:56:11+00:00","mainEntityOfPage":{"@id":"https:\/\/sandzakpress.net\/arhiva\/provokativna-rasprava-dva-bjelopoljska-filozofa\/"},"wordCount":1717,"commentCount":0,"publisher":{"@id":"https:\/\/sandzakpress.net\/arhiva\/#\/schema\/person\/6e72b67d6e51910a1117b3b483ba20bd"},"image":{"@id":"https:\/\/sandzakpress.net\/arhiva\/provokativna-rasprava-dva-bjelopoljska-filozofa\/#primaryimage"},"thumbnailUrl":"https:\/\/sandzakpress.net\/arhiva\/wp-content\/uploads\/2019\/07\/6666.jpg","articleSection":["Iz pera na\u0161ih autora"],"inLanguage":"bs-BA","potentialAction":[{"@type":"CommentAction","name":"Comment","target":["https:\/\/sandzakpress.net\/arhiva\/provokativna-rasprava-dva-bjelopoljska-filozofa\/#respond"]}]},{"@type":"WebPage","@id":"https:\/\/sandzakpress.net\/arhiva\/provokativna-rasprava-dva-bjelopoljska-filozofa\/","url":"https:\/\/sandzakpress.net\/arhiva\/provokativna-rasprava-dva-bjelopoljska-filozofa\/","name":"Provokativna Rasprava dva bjelopoljska filozofa","isPartOf":{"@id":"https:\/\/sandzakpress.net\/arhiva\/#website"},"primaryImageOfPage":{"@id":"https:\/\/sandzakpress.net\/arhiva\/provokativna-rasprava-dva-bjelopoljska-filozofa\/#primaryimage"},"image":{"@id":"https:\/\/sandzakpress.net\/arhiva\/provokativna-rasprava-dva-bjelopoljska-filozofa\/#primaryimage"},"thumbnailUrl":"https:\/\/sandzakpress.net\/arhiva\/wp-content\/uploads\/2019\/07\/6666.jpg","datePublished":"2019-07-08T11:00:42+00:00","dateModified":"2019-07-08T11:56:11+00:00","breadcrumb":{"@id":"https:\/\/sandzakpress.net\/arhiva\/provokativna-rasprava-dva-bjelopoljska-filozofa\/#breadcrumb"},"inLanguage":"bs-BA","potentialAction":[{"@type":"ReadAction","target":["https:\/\/sandzakpress.net\/arhiva\/provokativna-rasprava-dva-bjelopoljska-filozofa\/"]}]},{"@type":"ImageObject","inLanguage":"bs-BA","@id":"https:\/\/sandzakpress.net\/arhiva\/provokativna-rasprava-dva-bjelopoljska-filozofa\/#primaryimage","url":"https:\/\/sandzakpress.net\/arhiva\/wp-content\/uploads\/2019\/07\/6666.jpg","contentUrl":"https:\/\/sandzakpress.net\/arhiva\/wp-content\/uploads\/2019\/07\/6666.jpg","width":3203,"height":2288},{"@type":"BreadcrumbList","@id":"https:\/\/sandzakpress.net\/arhiva\/provokativna-rasprava-dva-bjelopoljska-filozofa\/#breadcrumb","itemListElement":[{"@type":"ListItem","position":1,"name":"Home","item":"https:\/\/sandzakpress.net\/arhiva\/"},{"@type":"ListItem","position":2,"name":"Provokativna Rasprava dva bjelopoljska filozofa"}]},{"@type":"WebSite","@id":"https:\/\/sandzakpress.net\/arhiva\/#website","url":"https:\/\/sandzakpress.net\/arhiva\/","name":"Sand\u017eak PRESS","description":"Prve elektronske novine u Sand\u017eaku","publisher":{"@id":"https:\/\/sandzakpress.net\/arhiva\/#\/schema\/person\/6e72b67d6e51910a1117b3b483ba20bd"},"potentialAction":[{"@type":"SearchAction","target":{"@type":"EntryPoint","urlTemplate":"https:\/\/sandzakpress.net\/arhiva\/?s={search_term_string}"},"query-input":{"@type":"PropertyValueSpecification","valueRequired":true,"valueName":"search_term_string"}}],"inLanguage":"bs-BA"},{"@type":["Person","Organization"],"@id":"https:\/\/sandzakpress.net\/arhiva\/#\/schema\/person\/6e72b67d6e51910a1117b3b483ba20bd","name":"Kul","image":{"@type":"ImageObject","inLanguage":"bs-BA","@id":"https:\/\/sandzakpress.net\/arhiva\/#\/schema\/person\/image\/","url":"https:\/\/secure.gravatar.com\/avatar\/42263f39aa27ac04c43cab85c280eb2e?s=96&d=mm&r=pg","contentUrl":"https:\/\/secure.gravatar.com\/avatar\/42263f39aa27ac04c43cab85c280eb2e?s=96&d=mm&r=pg","caption":"Kul"},"logo":{"@id":"https:\/\/sandzakpress.net\/arhiva\/#\/schema\/person\/image\/"}},{"@type":"Person","@id":"https:\/\/sandzakpress.net\/arhiva\/#\/schema\/person\/cb59d7e3ab91ab90dd680ad0305a6185","name":"Agencija","image":{"@type":"ImageObject","inLanguage":"bs-BA","@id":"https:\/\/sandzakpress.net\/arhiva\/#\/schema\/person\/image\/","url":"https:\/\/secure.gravatar.com\/avatar\/4b7fafa80a22f0c2afe23966b3961fe0?s=96&d=mm&r=pg","contentUrl":"https:\/\/secure.gravatar.com\/avatar\/4b7fafa80a22f0c2afe23966b3961fe0?s=96&d=mm&r=pg","caption":"Agencija"},"url":"https:\/\/sandzakpress.net\/arhiva\/author\/agencija\/"}]}},"_links":{"self":[{"href":"https:\/\/sandzakpress.net\/arhiva\/wp-json\/wp\/v2\/posts\/225768"}],"collection":[{"href":"https:\/\/sandzakpress.net\/arhiva\/wp-json\/wp\/v2\/posts"}],"about":[{"href":"https:\/\/sandzakpress.net\/arhiva\/wp-json\/wp\/v2\/types\/post"}],"author":[{"embeddable":true,"href":"https:\/\/sandzakpress.net\/arhiva\/wp-json\/wp\/v2\/users\/509"}],"replies":[{"embeddable":true,"href":"https:\/\/sandzakpress.net\/arhiva\/wp-json\/wp\/v2\/comments?post=225768"}],"version-history":[{"count":0,"href":"https:\/\/sandzakpress.net\/arhiva\/wp-json\/wp\/v2\/posts\/225768\/revisions"}],"wp:featuredmedia":[{"embeddable":true,"href":"https:\/\/sandzakpress.net\/arhiva\/wp-json\/wp\/v2\/media\/225769"}],"wp:attachment":[{"href":"https:\/\/sandzakpress.net\/arhiva\/wp-json\/wp\/v2\/media?parent=225768"}],"wp:term":[{"taxonomy":"category","embeddable":true,"href":"https:\/\/sandzakpress.net\/arhiva\/wp-json\/wp\/v2\/categories?post=225768"},{"taxonomy":"post_tag","embeddable":true,"href":"https:\/\/sandzakpress.net\/arhiva\/wp-json\/wp\/v2\/tags?post=225768"}],"curies":[{"name":"wp","href":"https:\/\/api.w.org\/{rel}","templated":true}]}}