{"id":225766,"date":"2019-07-08T13:54:22","date_gmt":"2019-07-08T11:54:22","guid":{"rendered":"https:\/\/sandzakpress.net\/arhiva\/?p=225766"},"modified":"2019-07-08T13:54:22","modified_gmt":"2019-07-08T11:54:22","slug":"iz-svjetske-metropole-new-yorka-hvala-ti-muftija-zukorlicu","status":"publish","type":"post","link":"https:\/\/sandzakpress.net\/arhiva\/iz-svjetske-metropole-new-yorka-hvala-ti-muftija-zukorlicu\/","title":{"rendered":"IZ SVJETSKE METROPOLE NEW YORKA: Hvala ti muftija Zukorli\u0107u!"},"content":{"rendered":"<p><img loading=\"lazy\" decoding=\"async\" class=\"size-full wp-image-225767 aligncenter\" src=\"https:\/\/sandzakpress.net\/arhiva\/wp-content\/uploads\/2019\/07\/555.jpg\" alt=\"\" width=\"1120\" height=\"641\" srcset=\"https:\/\/sandzakpress.net\/arhiva\/wp-content\/uploads\/2019\/07\/555.jpg 1120w, https:\/\/sandzakpress.net\/arhiva\/wp-content\/uploads\/2019\/07\/555-768x440.jpg 768w, https:\/\/sandzakpress.net\/arhiva\/wp-content\/uploads\/2019\/07\/555-616x353.jpg 616w\" sizes=\"(max-width: 1120px) 100vw, 1120px\" \/><\/p>\n<p>Ima onih koji ga vole i ka\u017eu da ga vole,<\/p>\n<p>Ima onih koji ga vole a ne smiju da ka\u017eu da ga vole,<\/p>\n<p>Ima onih koji ga podr\u017eavaju ali ne smiju javno da ga podr\u017eavaju,<\/p>\n<p>Ima onih koji ga jasno i glasno podr\u017eavaju,<\/p>\n<p>Ima i onih koji javno govore da ga &#8220;podr\u017eavaju&#8221;a potajno rade protv njega i institucija koje je osnovao,<\/p>\n<p>Ima onih\u00a0 koji ga mrze, jer im udara u interese,<\/p>\n<p>Ima onih pojedinaca koji ga mrze i voljeli bi da ga nema,<\/p>\n<p>Ima neprijatelja u Medijama\u00a0 dok u javnosti isti mu iskazuju po\u0161tovanje,<\/p>\n<p>Autor je Akademskih knjiga: &#8220;Drevna Bosna&#8221; i \u201cAkademia\u201d,\u00a0 \u00a0 \u00a0\u00a0\u00a0\u00a0\u00a0\u00a0\u00a0\u00a0\u00a0\u00a0\u00a0\u00a0\u00a0\u00a0\u00a0\u00a0\u00a0\u00a0\u00a0\u00a0\u00a0\u00a0\u00a0\u00a0\u00a0\u00a0<\/p>\n<p>Akademska Elita ga po\u0161tuje i cijeni,<\/p>\n<p>Svjetska Ulema ga po\u0161tuje i cijeni,<\/p>\n<p>&#8220;Dr\u017eavne strukture&#8221; nekoliko dr\u017eava: Srbija, Crna Gora,\u00a0Turska, BiH (SDA) nisu mogle da ga svrgnu sa pozicije Muftije i Predsjednika Mesihata, dok se s\u0103m nije povukao i odao te\u017eem zadatku, politici,<\/p>\n<p>&nbsp;<\/p>\n<p>Od bliskih saradnika nabraja samo 5-6 dok u \u0161iri krug saradnika 30 ljudi,<\/p>\n<p>Tokom 25 godina slu\u017ebovanja kao Muftija te u zadnje 3 godine kao Parlamentarac, nemo\u017ee ga niko na\u0107i u kontradiktornosti zato jer je on autentican,<\/p>\n<p>Poziva na partnerstvo, ne pristaje na poltronstvo zato jer je on nepotkupljiv,<\/p>\n<p>Politi\u010dki oponenti su ga pozivali da skine Ahmediju sa glave (dok je bio Muftija) a sad \u017eale za time,<\/p>\n<p>Na provokacije novinara i TV Voditelja, nikada ne ostaje du\u017ean,<\/p>\n<p>Protivi se svakom upotrebljavanju termina o terorizmu vezanom za na\u0161u vjeru, Islam,<\/p>\n<p>O\u0161tro se protivi\u00a0 o legalizaciji prostitucije, marihuane i istopolnih brakova,<\/p>\n<p>\u017destoko se protivi kriminalu, narko dilerima, korupciji,<\/p>\n<p>Nije ni\u010diji &#8220;igra\u010d&#8221; i zato ga ne vole,<\/p>\n<p>Dr. Zukorli\u0107 o Turcima ka\u017ee: &#8220;Ako nas volite pola kao mi vas, zaustavite razbijanje Islamske Zajednice,<\/p>\n<p>Kad je upitan za\u0161to ne odgovara na potvore i la\u017ei oponenata on ka\u017ee: &#8220;Ne osje\u0107am se prozvanim, ne ti\u010de me se, to zapravo govori o njima.&#8221;<\/p>\n<p>&nbsp;<\/p>\n<p>Osniva\u010d i su-osniva\u010d je dru\u0161tveno-politi\u010dkih pokreta i stranaka,\u00a0\u00a0\u00a0\u00a0\u00a0\u00a0\u00a0\u00a0 Osnivac je na desetine ustanova: akademskih, obrazovnih, informativnih, humanitarnih, nau\u010dnih i odgojnih u kojima je i slu\u017ebovao,<\/p>\n<p>Vi\u0161egodi\u0161nji predava\u010d u medresi &#8220;Gazi Isa-beg&#8221; u Novom Pazaru,<\/p>\n<p>Vi\u0161egodi\u0161nji predava\u0107 na Fakultetu za Islamske Studije,<\/p>\n<p>Predsjednik Me\u0161ihata I.Z. Sand\u017eaka od njegovog\u00a0<a href=\"http:\/\/osnivanja1993.do\/\">osnivanja1993.do<\/a>\u00a02007.<\/p>\n<p>Muftija Sand\u017ea\u010dki od 1993. NAJMLA\u0110I\u00a0 Muftija.<\/p>\n<p>Glavni Muftija i predsjednik Me\u0161ihata I.Z. u Srbiji od njenog objedinjenja 2007.<\/p>\n<p>Prvi dekan Fakulteta za Islamske Studije 2001.\u00a0\u00a0\u00a0\u00a0\u00a0\u00a0\u00a0\u00a0\u00a0\u00a0\u00a0\u00a0\u00a0\u00a0\u00a0\u00a0\u00a0\u00a0\u00a0\u00a0\u00a0\u00a0\u00a0\u00a0\u00a0\u00a0\u00a0 \u00a0<\/p>\n<p>Prvi rektor Internacionalnog Univerziteta u Novom Pazaru od njegovog osnivanja\u00a0<a href=\"http:\/\/2002.do\/\">2002.do<\/a>\u00a02008.<\/p>\n<p>Predsjednik Internacionalnog Univerziteta od 2008.<\/p>\n<p>Pokreta\u010d magazina &#8220;Glas Islama&#8221; 1996.<\/p>\n<p>Prvi i glavni urednik\u00a0 Islamskog magazina &#8220;Glas Islama&#8221; 1997.<\/p>\n<p>Utemeljitelj je i osniva\u010d Internacionalnog Univerziteta u Novom Pazaru 2002 godine sa odjeljenjima u Ni\u0161u, Beogradu, Pan\u010devu i Subotici.<\/p>\n<p>Predava\u010d na Internacionalnom Univerzitetu u Novom Pazaru.<\/p>\n<p>Nosilac projekta prerastanja isturenog odjeljenja Alaudin medrese iz Pri\u0161tine u Novom Pazaru u samostalnu medresu &#8220;Gazi Isa-beg&#8221; 1994.<\/p>\n<p>Osniva\u010d \u017eenske medrese &#8220;Gazi Isa-beg&#8221; u Novom Pazaru 1996 \u00a0i njenog odjeljenja u Ro\u017eajama 2002.<\/p>\n<p>Vo\u0111a projekta osnivanja mre\u017ee dje\u010djih vrti\u0107a i pred\u0161kolskih ustanova &#8220;Reuda&#8221;\u00a0 i \u0161kolskog mekteba &#8220;Wildan&#8221; 1998.<\/p>\n<p>Utemeljitelj Islamske pedago\u0161ke akademije (Islamska akademija i Fakultet za Islamske Studije).<\/p>\n<p>Reformator Fakulteta za Islamske Studije u pet odsjeka 2008.<\/p>\n<p>Inicirao osnivanje Muslimanskog Omladinskog Kluba (MOK) 1999.<\/p>\n<p>Podr\u017eao osnivanje Udru\u017eenja \u017eena &#8220;Merjem&#8221; 2007.<\/p>\n<p>Pokreta\u010d osnivanja Udru\u017eenja Uleme Islamske Zajednice u Srbiji 2007.<\/p>\n<p>&nbsp;<\/p>\n<p>Inicirao osnivanje Zajednice Sand\u017ea\u010dke Dijaspore 2003.<\/p>\n<p>Nosilac projekta osnivanja \u0160kole Kur'ana \u010casnog u Novom Pazaru 2010.<\/p>\n<p>Zaslu\u017ean za osnivanje Centra za Humanitarni Rad &#8221; Hajrat&#8221; 1995.<\/p>\n<p>Osnovao sedam Vakufskih kuhinja za siroma\u0161ne u svim gradovima sjevernog Sand\u017eaka. U zadnjh desetak godina pa sve do danas svaki dan se nahrani vi\u0161e od 2 hiljade ljudi, bez obzira na vjersku, nacionalnu strana\u010dku, partijsku ili drugu pripadnost.<\/p>\n<p>Utemeljitelj Izdava\u010dke ku\u0107e &#8221; El-Kelimeh&#8221; 1993.<\/p>\n<p>Njegovim zalaganjem osnovana je Agencija za sertificiranje halal-kvaliteta 2007.<\/p>\n<p>Inicirao osnivanje Insituta za Izu\u010davanje Genocida i Zlo\u010dina 2011.<\/p>\n<p>Podr\u017eao osnivanje Sand\u017ea\u010dke Biznis Asocijacije (SABA) 2010.<\/p>\n<p>Osmislio i osnovao Bo\u0161nja\u010dku Kulturnu Zajednicu (BKZ) 2009.<\/p>\n<p>Podstakao osnivanje televizije &#8220;Universa&#8221; 2008, koja kasnije prerasta u Sand\u017eak Televiziju.<\/p>\n<p>Utemeljitelj Islamskog Kulturnog Centra &#8220;Altun alem&#8221; 2011.<\/p>\n<p>Pokrenuo osnivanje Islamskog radija &#8220;Refref&#8221; 2009.<\/p>\n<p>Predvodio osnivanje Bo\u0161nja\u010dke Akademije Nauka i Umjetnosti (BANU).<\/p>\n<p>Generalni Sekretar Bosnja<strong>\u010c<\/strong>ke Akademije Nauka i Umjetnosti (BANU).<\/p>\n<p>Sudjelovao je u osnivanju Bo\u0161nja\u010dke Nacionalne Fondacije (BNF).<\/p>\n<p>Odr\u017eao vi\u0161e od 1000 predavanja islamske i tematike kolektivnih i individualnih ljudskih prava.<\/p>\n<p>Dao vi\u0161e stotina intervjua i imao vi\u0161e stotina raznih medijskih nastupa.<\/p>\n<p>U\u010destvovao na vi\u0161e stotina me\u0111unarodnih nau\u010dnih, kulturnih, i poli\u010dkih simpozija i konferencija.<\/p>\n<p>Predsjednik Udru\u017eenja u\u010denika &#8220;Gazi Husref-Begove&#8221; Medrese 1987.<\/p>\n<p>NAJMLA\u0110I od 15 \u010dlanova Inicijativnog odbora za osnivanje Stranke Demikratke Akcije Sand\u017eaka (SDA) 1990.<\/p>\n<p>Nosilac pobjedni\u010dke liste Bo\u0161nja\u010dke Kulturne Zajednice na izborima za Bo\u0161nja\u010dko Nacionalno Vije\u0107e (BNV) 2010.<\/p>\n<p>&nbsp;<\/p>\n<p>\u010clan Bo\u0161nja\u010dkog\u00a0 Nacionalnig Vije\u0107a (BNV) od\u00a02010.<\/p>\n<p>Uspostavio i uspje\u0161no vodio dijalog sa Vladom Republike Srbije u vrijeme dr. Zorana \u0110in\u0111i\u0107a.<\/p>\n<p>Uspje\u0161no predvodio odbranu Islamske Zajednice od re\u017eimske agresije od 2007.\u00a0 \u00a0<\/p>\n<p>Od rezimske agresije preko stranke SDA na celu sa Sulejmanom Ugljaninom na Islamsku Zajednicu 2007godine,vi ste Muftija uz podrsku dobrih vakifa sagradili I uvakufili preko 40 dzamija, duplo vise nego sto su vam pucisti oteli.\u00a0\u00a0\u00a0\u00a0\u00a0\u00a0\u00a0\u00a0\u00a0\u00a0\u00a0\u00a0\u00a0\u00a0\u00a0\u00a0\u00a0\u00a0\u00a0\u00a0\u00a0\u00a0\u00a0\u00a0\u00a0\u00a0\u00a0\u00a0\u00a0\u00a0\u00a0\u00a0\u00a0\u00a0\u00a0\u00a0\u00a0\u00a0\u00a0 \u00a0\u00a0\u00a0\u00a0\u00a0\u00a0\u00a0\u00a0\u00a0\u00a0\u00a0\u00a0\u00a0\u00a0\u00a0\u00a0\u00a0\u00a0\u00a0\u00a0\u00a0\u00a0\u00a0\u00a0\u00a0\u00a0\u00a0\u00a0\u00a0\u00a0\u00a0\u00a0\u00a0\u00a0\u00a0\u00a0\u00a0\u00a0\u00a0\u00a0\u00a0\u00a0\u00a0\u00a0\u00a0\u00a0<\/p>\n<p>Predvodio tim za pisanje Ustava Islamske Zajednice u Srbiji.<\/p>\n<p>Poznat po o\u0161trom diskursu protiv kr\u0161enja\u00a0 ljudskih prava i diskriminacije,zbog \u010dega je <strong>\u010c<\/strong>esto u nemilosti\u00a0 Beogradskog re\u017eima.\u00a0<\/p>\n<p>Glavni zagovornik utvr\u0111ivanja pune istine o genocidima i zlo\u010dinima nad Bo\u0161njacima i drugim narodima na Balkanu kako se nebi ponovili.<\/p>\n<p>Generalni sekretar Bo\u0161nja\u010dke Akademije\u00a0 Nauka i Umjetnosti (BANU).<\/p>\n<p>Uspje\u0161no predvodio Islamsku\u00a0 Zajednicu skoro \u010detvrt vijeka koja broji preko 120 d\u017eamija.<\/p>\n<p>Osniva\u010d politi\u010dke stranke\u00a0 Bo\u0161nja\u010dka Demokratska Zajednica (BDZ) preimenovana u Stranka Pravde i Pomirenja (SPP).<\/p>\n<p>Presednik Odbora za Obrazovanje, Tehnoloski Razvoj i Informatiku u Parlamentu Srbije.<\/p>\n<p>Sve ove nabrojane ustanove i institucije njih preko 200 su SAMO-ODR\u017dIVE i NEZAVISNE od dr\u017eavnih fondova.<\/p>\n<p>Vi Muftija Zukorli<strong>\u0106<\/strong>u, va\u0161i saradnici i va\u0161e institucije ne zavisite od ni<strong>\u010c<\/strong>ije sadake onako kako ste rekli: \u201cMi ne \u017eelimo graditi svoju budu<strong>\u0106<\/strong>nost na sadaki, jer oni koji grade svoju budu<strong>\u0106<\/strong>nost na sadaki \u2013 nemaju budu<strong>\u0106<\/strong>nost\u201d.\u00a0<\/p>\n<p>\u00a0Presjednik BANU Akademik Muhamed Filipovi\u0107 o Muftiji Zukorli\u0107u ka\u017ee: &#8220;&#8230;.Muftija Zukorli\u0107 je svojom djelatno\u0161\u0107u unapredijo bitno prava Bo\u0161njaka u Sand\u017eaku. Radi se o njihovom pravu na visoko obrazovanje, o pravu ulaska u polje nauke, o pravu da izu\u010davaju, \u010duvaju i obnavljaju svoju tradiciju kao sastavni dio \u017eivota, i radi se o tome da se afirmira stav kako Bo\u0161njaci smatraju sebe ustavno-pravno konstituivnim faktorom u dr\u017eavi u kojoj \u017eive kao nacionalna grupacija kontinuirano vi\u0161e od 500 godina, a \u0161to je upravo na\u0161lo svoj izraz u kandidaturi muftije Zukorli\u0107a za predjednika Republike Srbije&#8221;.\u00a0<\/p>\n<p>AFERIM muftiji Zukorli\u0107u i njegovim saradnicima!<\/p>\n<p>Vi ste neprocjenjivi model, primjer i urnek za sve Bo\u0161njake i ostale narode, \u00a0koji je itekako zapazen od onih koji su autenti<strong>\u010c<\/strong>ni, pravedni, istiniti, iskreni, odgojni, hrabri, razboriti, uporni, idealisti, odva\u017eni, nepokolebljivi, neustrasljivi, mudri, pametni, sa\u017ealjivi, razumni, dosljedni, odlu\u010dni, vijedni, karakterni, obrazovani, eti\u010dki, bogobojazni, po\u0161tovani, umjereni, prirodni, odgovorni, zahvalni, moralni, skromni i \u010dasni a oni koji ne posjeduju ove kvalitete ne mogu znati vasu vrijednost: \u201cDa bi se priznala tu<strong>\u0110<\/strong>a vrijednost, treba imati vlastitu\u201d.<\/p>\n<p>Pokazali ste svim Bo\u0161njacima \u00a0Sand\u017eaka, Srbije, Crne Gore, Kosova Makedonije i maticne domovine Bosne pa i <strong>\u010c<\/strong>itavom svijetu da vi znate i umijete da gradite i uspje<strong>\u0160<\/strong>no predvodite obrazovne, kulturne, informativne, odgojne, humanitarne, politicke i sve druge ustanove i institucije.<\/p>\n<p>Va\u0161 pokret ostvarijo je vi<strong>\u0160<\/strong>e na tome polju nego bilo koja zajednica \u00a0\u00a0Bo\u0161njaka u svijetu u zadnjih 100 godina!<\/p>\n<p>Bila nam je izuzetna <strong>\u010c<\/strong>ast prisustvovati Parlamentarnim izborima u Sand\u017eaku Aprila 2016 godine, a posebno smo bili sre<strong>\u0106<\/strong>ni kada smo posvjedo<strong>\u010c<\/strong>ili da vas je sand\u017ea<strong>\u010c<\/strong>ki narod izabrao sa dva mandata da ih predstavljate u Parlamentu Srbije.\u00a0 \u00a0<\/p>\n<p>O Bo\u0161njaci NEW YORKA i ma gdje bili, ugledajte se na Muftiju Zukorli\u0107a i njegove saradnike!\u00a0\u00a0\u00a0\u00a0\u00a0\u00a0\u00a0\u00a0\u00a0\u00a0\u00a0\u00a0\u00a0\u00a0\u00a0\u00a0\u00a0\u00a0\u00a0\u00a0\u00a0\u00a0\u00a0\u00a0\u00a0\u00a0\u00a0\u00a0\u00a0\u00a0\u00a0\u00a0\u00a0\u00a0\u00a0\u00a0\u00a0\u00a0\u00a0\u00a0\u00a0\u00a0\u00a0\u00a0\u00a0\u00a0\u00a0\u00a0\u00a0\u00a0\u00a0\u00a0\u00a0\u00a0\u00a0\u00a0\u00a0\u00a0\u00a0\u00a0\u00a0\u00a0\u00a0\u00a0\u00a0\u00a0\u00a0\u00a0\u00a0\u00a0 \u00a0\u00a0\u00a0\u00a0\u00a0\u00a0\u00a0\u00a0\u00a0\u00a0\u00a0\u00a0\u00a0\u00a0\u00a0\u00a0\u00a0\u00a0\u00a0\u00a0\u00a0\u00a0\u00a0\u00a0\u00a0\u00a0\u00a0\u00a0\u00a0\u00a0\u00a0\u00a0\u00a0\u00a0\u00a0\u00a0\u00a0\u00a0\u00a0\u00a0\u00a0\u00a0\u00a0\u00a0\u00a0<\/p>\n<p>Neka vam oni budu uzor, primjer, urnek i oli\u010denje sada\u0161njih uspjesnih \u00a0Bo\u0161njaka \u00a0u svim pogledima, radi bolje i svijetlije budu\u0107nosti novih generacija.<\/p>\n<p>I na kraju, HVALA TI MUFTIJA ZUKORLI\u0106U,\u00a0 tebi li<strong>\u010c<\/strong>no i svim tvojim saradnicima !<\/p>\n<p>&#8220;Onaj ko nije zahvalan ljudima, nije zahvalan ni Bogu&#8221; (Hadis)<\/p>\n<p>\u00a0(Va<strong>\u0160<\/strong>i zahvalni sand\u017eaklije, \u00a0bra\u0107a Feriz i Iso\u00a0 Muratovi\u0107 iz New Yorka)<\/p>\n<p>&nbsp;<\/p>\n<p>&nbsp;<\/p>\n<p>&nbsp;<\/p>\n","protected":false},"excerpt":{"rendered":"<p>Ima onih koji ga vole i ka\u017eu da ga vole, Ima onih koji ga vole a ne smiju da ka\u017eu da ga vole, Ima onih koji ga podr\u017eavaju ali ne smiju javno da ga podr\u017eavaju, Ima onih koji ga jasno i glasno podr\u017eavaju, Ima i onih koji javno govore da ga &#8220;podr\u017eavaju&#8221;a potajno rade protv [&hellip;]<\/p>\n","protected":false},"author":509,"featured_media":225767,"comment_status":"open","ping_status":"open","sticky":false,"template":"","format":"standard","meta":{"footnotes":""},"categories":[3012,10196],"tags":[],"class_list":{"0":"post-225766","1":"post","2":"type-post","3":"status-publish","4":"format-standard","5":"has-post-thumbnail","7":"category-amerika-gradovi","8":"category-iz-pera-nasih-autora"},"yoast_head":"<!-- This site is optimized with the Yoast SEO Premium plugin v23.1 (Yoast SEO v24.9) - https:\/\/yoast.com\/wordpress\/plugins\/seo\/ -->\n<title>IZ SVJETSKE METROPOLE NEW YORKA: Hvala ti muftija Zukorli\u0107u!<\/title>\n<meta name=\"robots\" content=\"index, follow, max-snippet:-1, max-image-preview:large, max-video-preview:-1\" \/>\n<link rel=\"canonical\" href=\"https:\/\/sandzakpress.net\/arhiva\/iz-svjetske-metropole-new-yorka-hvala-ti-muftija-zukorlicu\/\" \/>\n<meta property=\"og:locale\" content=\"bs_BA\" \/>\n<meta property=\"og:type\" content=\"article\" \/>\n<meta property=\"og:title\" content=\"IZ SVJETSKE METROPOLE NEW YORKA: Hvala ti muftija Zukorli\u0107u!\" \/>\n<meta property=\"og:description\" content=\"Ima onih koji ga vole i ka\u017eu da ga vole, Ima onih koji ga vole a ne smiju da ka\u017eu da ga vole, Ima onih koji ga podr\u017eavaju ali ne smiju javno da ga podr\u017eavaju, Ima onih koji ga jasno i glasno podr\u017eavaju, Ima i onih koji javno govore da ga &#8220;podr\u017eavaju&#8221;a potajno rade protv [&hellip;]\" \/>\n<meta property=\"og:url\" content=\"https:\/\/sandzakpress.net\/arhiva\/iz-svjetske-metropole-new-yorka-hvala-ti-muftija-zukorlicu\/\" \/>\n<meta property=\"og:site_name\" content=\"Sand\u017eak PRESS\" \/>\n<meta property=\"article:published_time\" content=\"2019-07-08T11:54:22+00:00\" \/>\n<meta property=\"og:image\" content=\"https:\/\/sandzakpress.net\/arhiva\/wp-content\/uploads\/2019\/07\/555.jpg\" \/>\n\t<meta property=\"og:image:width\" content=\"1120\" \/>\n\t<meta property=\"og:image:height\" content=\"641\" \/>\n\t<meta property=\"og:image:type\" content=\"image\/jpeg\" \/>\n<meta name=\"author\" content=\"Agencija\" \/>\n<meta name=\"twitter:card\" content=\"summary_large_image\" \/>\n<meta name=\"twitter:label1\" content=\"Written by\" \/>\n\t<meta name=\"twitter:data1\" content=\"Agencija\" \/>\n\t<meta name=\"twitter:label2\" content=\"Est. reading time\" \/>\n\t<meta name=\"twitter:data2\" content=\"7 minuta\" \/>\n<script type=\"application\/ld+json\" class=\"yoast-schema-graph\">{\"@context\":\"https:\/\/schema.org\",\"@graph\":[{\"@type\":\"Article\",\"@id\":\"https:\/\/sandzakpress.net\/arhiva\/iz-svjetske-metropole-new-yorka-hvala-ti-muftija-zukorlicu\/#article\",\"isPartOf\":{\"@id\":\"https:\/\/sandzakpress.net\/arhiva\/iz-svjetske-metropole-new-yorka-hvala-ti-muftija-zukorlicu\/\"},\"author\":{\"name\":\"Agencija\",\"@id\":\"https:\/\/sandzakpress.net\/arhiva\/#\/schema\/person\/cb59d7e3ab91ab90dd680ad0305a6185\"},\"headline\":\"IZ SVJETSKE METROPOLE NEW YORKA: Hvala ti muftija Zukorli\u0107u!\",\"datePublished\":\"2019-07-08T11:54:22+00:00\",\"mainEntityOfPage\":{\"@id\":\"https:\/\/sandzakpress.net\/arhiva\/iz-svjetske-metropole-new-yorka-hvala-ti-muftija-zukorlicu\/\"},\"wordCount\":1434,\"commentCount\":5,\"publisher\":{\"@id\":\"https:\/\/sandzakpress.net\/arhiva\/#\/schema\/person\/6e72b67d6e51910a1117b3b483ba20bd\"},\"image\":{\"@id\":\"https:\/\/sandzakpress.net\/arhiva\/iz-svjetske-metropole-new-yorka-hvala-ti-muftija-zukorlicu\/#primaryimage\"},\"thumbnailUrl\":\"https:\/\/sandzakpress.net\/arhiva\/wp-content\/uploads\/2019\/07\/555.jpg\",\"articleSection\":[\"Amerika\",\"Iz pera na\u0161ih autora\"],\"inLanguage\":\"bs-BA\",\"potentialAction\":[{\"@type\":\"CommentAction\",\"name\":\"Comment\",\"target\":[\"https:\/\/sandzakpress.net\/arhiva\/iz-svjetske-metropole-new-yorka-hvala-ti-muftija-zukorlicu\/#respond\"]}]},{\"@type\":\"WebPage\",\"@id\":\"https:\/\/sandzakpress.net\/arhiva\/iz-svjetske-metropole-new-yorka-hvala-ti-muftija-zukorlicu\/\",\"url\":\"https:\/\/sandzakpress.net\/arhiva\/iz-svjetske-metropole-new-yorka-hvala-ti-muftija-zukorlicu\/\",\"name\":\"IZ SVJETSKE METROPOLE NEW YORKA: Hvala ti muftija Zukorli\u0107u!\",\"isPartOf\":{\"@id\":\"https:\/\/sandzakpress.net\/arhiva\/#website\"},\"primaryImageOfPage\":{\"@id\":\"https:\/\/sandzakpress.net\/arhiva\/iz-svjetske-metropole-new-yorka-hvala-ti-muftija-zukorlicu\/#primaryimage\"},\"image\":{\"@id\":\"https:\/\/sandzakpress.net\/arhiva\/iz-svjetske-metropole-new-yorka-hvala-ti-muftija-zukorlicu\/#primaryimage\"},\"thumbnailUrl\":\"https:\/\/sandzakpress.net\/arhiva\/wp-content\/uploads\/2019\/07\/555.jpg\",\"datePublished\":\"2019-07-08T11:54:22+00:00\",\"breadcrumb\":{\"@id\":\"https:\/\/sandzakpress.net\/arhiva\/iz-svjetske-metropole-new-yorka-hvala-ti-muftija-zukorlicu\/#breadcrumb\"},\"inLanguage\":\"bs-BA\",\"potentialAction\":[{\"@type\":\"ReadAction\",\"target\":[\"https:\/\/sandzakpress.net\/arhiva\/iz-svjetske-metropole-new-yorka-hvala-ti-muftija-zukorlicu\/\"]}]},{\"@type\":\"ImageObject\",\"inLanguage\":\"bs-BA\",\"@id\":\"https:\/\/sandzakpress.net\/arhiva\/iz-svjetske-metropole-new-yorka-hvala-ti-muftija-zukorlicu\/#primaryimage\",\"url\":\"https:\/\/sandzakpress.net\/arhiva\/wp-content\/uploads\/2019\/07\/555.jpg\",\"contentUrl\":\"https:\/\/sandzakpress.net\/arhiva\/wp-content\/uploads\/2019\/07\/555.jpg\",\"width\":1120,\"height\":641},{\"@type\":\"BreadcrumbList\",\"@id\":\"https:\/\/sandzakpress.net\/arhiva\/iz-svjetske-metropole-new-yorka-hvala-ti-muftija-zukorlicu\/#breadcrumb\",\"itemListElement\":[{\"@type\":\"ListItem\",\"position\":1,\"name\":\"Home\",\"item\":\"https:\/\/sandzakpress.net\/arhiva\/\"},{\"@type\":\"ListItem\",\"position\":2,\"name\":\"IZ SVJETSKE METROPOLE NEW YORKA: Hvala ti muftija Zukorli\u0107u!\"}]},{\"@type\":\"WebSite\",\"@id\":\"https:\/\/sandzakpress.net\/arhiva\/#website\",\"url\":\"https:\/\/sandzakpress.net\/arhiva\/\",\"name\":\"Sand\u017eak PRESS\",\"description\":\"Prve elektronske novine u Sand\u017eaku\",\"publisher\":{\"@id\":\"https:\/\/sandzakpress.net\/arhiva\/#\/schema\/person\/6e72b67d6e51910a1117b3b483ba20bd\"},\"potentialAction\":[{\"@type\":\"SearchAction\",\"target\":{\"@type\":\"EntryPoint\",\"urlTemplate\":\"https:\/\/sandzakpress.net\/arhiva\/?s={search_term_string}\"},\"query-input\":{\"@type\":\"PropertyValueSpecification\",\"valueRequired\":true,\"valueName\":\"search_term_string\"}}],\"inLanguage\":\"bs-BA\"},{\"@type\":[\"Person\",\"Organization\"],\"@id\":\"https:\/\/sandzakpress.net\/arhiva\/#\/schema\/person\/6e72b67d6e51910a1117b3b483ba20bd\",\"name\":\"Kul\",\"image\":{\"@type\":\"ImageObject\",\"inLanguage\":\"bs-BA\",\"@id\":\"https:\/\/sandzakpress.net\/arhiva\/#\/schema\/person\/image\/\",\"url\":\"https:\/\/secure.gravatar.com\/avatar\/42263f39aa27ac04c43cab85c280eb2e?s=96&d=mm&r=pg\",\"contentUrl\":\"https:\/\/secure.gravatar.com\/avatar\/42263f39aa27ac04c43cab85c280eb2e?s=96&d=mm&r=pg\",\"caption\":\"Kul\"},\"logo\":{\"@id\":\"https:\/\/sandzakpress.net\/arhiva\/#\/schema\/person\/image\/\"}},{\"@type\":\"Person\",\"@id\":\"https:\/\/sandzakpress.net\/arhiva\/#\/schema\/person\/cb59d7e3ab91ab90dd680ad0305a6185\",\"name\":\"Agencija\",\"image\":{\"@type\":\"ImageObject\",\"inLanguage\":\"bs-BA\",\"@id\":\"https:\/\/sandzakpress.net\/arhiva\/#\/schema\/person\/image\/\",\"url\":\"https:\/\/secure.gravatar.com\/avatar\/4b7fafa80a22f0c2afe23966b3961fe0?s=96&d=mm&r=pg\",\"contentUrl\":\"https:\/\/secure.gravatar.com\/avatar\/4b7fafa80a22f0c2afe23966b3961fe0?s=96&d=mm&r=pg\",\"caption\":\"Agencija\"},\"url\":\"https:\/\/sandzakpress.net\/arhiva\/author\/agencija\/\"}]}<\/script>\n<!-- \/ Yoast SEO Premium plugin. -->","yoast_head_json":{"title":"IZ SVJETSKE METROPOLE NEW YORKA: Hvala ti muftija Zukorli\u0107u!","robots":{"index":"index","follow":"follow","max-snippet":"max-snippet:-1","max-image-preview":"max-image-preview:large","max-video-preview":"max-video-preview:-1"},"canonical":"https:\/\/sandzakpress.net\/arhiva\/iz-svjetske-metropole-new-yorka-hvala-ti-muftija-zukorlicu\/","og_locale":"bs_BA","og_type":"article","og_title":"IZ SVJETSKE METROPOLE NEW YORKA: Hvala ti muftija Zukorli\u0107u!","og_description":"Ima onih koji ga vole i ka\u017eu da ga vole, Ima onih koji ga vole a ne smiju da ka\u017eu da ga vole, Ima onih koji ga podr\u017eavaju ali ne smiju javno da ga podr\u017eavaju, Ima onih koji ga jasno i glasno podr\u017eavaju, Ima i onih koji javno govore da ga &#8220;podr\u017eavaju&#8221;a potajno rade protv [&hellip;]","og_url":"https:\/\/sandzakpress.net\/arhiva\/iz-svjetske-metropole-new-yorka-hvala-ti-muftija-zukorlicu\/","og_site_name":"Sand\u017eak PRESS","article_published_time":"2019-07-08T11:54:22+00:00","og_image":[{"width":1120,"height":641,"url":"https:\/\/sandzakpress.net\/arhiva\/wp-content\/uploads\/2019\/07\/555.jpg","type":"image\/jpeg"}],"author":"Agencija","twitter_card":"summary_large_image","twitter_misc":{"Written by":"Agencija","Est. reading time":"7 minuta"},"schema":{"@context":"https:\/\/schema.org","@graph":[{"@type":"Article","@id":"https:\/\/sandzakpress.net\/arhiva\/iz-svjetske-metropole-new-yorka-hvala-ti-muftija-zukorlicu\/#article","isPartOf":{"@id":"https:\/\/sandzakpress.net\/arhiva\/iz-svjetske-metropole-new-yorka-hvala-ti-muftija-zukorlicu\/"},"author":{"name":"Agencija","@id":"https:\/\/sandzakpress.net\/arhiva\/#\/schema\/person\/cb59d7e3ab91ab90dd680ad0305a6185"},"headline":"IZ SVJETSKE METROPOLE NEW YORKA: Hvala ti muftija Zukorli\u0107u!","datePublished":"2019-07-08T11:54:22+00:00","mainEntityOfPage":{"@id":"https:\/\/sandzakpress.net\/arhiva\/iz-svjetske-metropole-new-yorka-hvala-ti-muftija-zukorlicu\/"},"wordCount":1434,"commentCount":5,"publisher":{"@id":"https:\/\/sandzakpress.net\/arhiva\/#\/schema\/person\/6e72b67d6e51910a1117b3b483ba20bd"},"image":{"@id":"https:\/\/sandzakpress.net\/arhiva\/iz-svjetske-metropole-new-yorka-hvala-ti-muftija-zukorlicu\/#primaryimage"},"thumbnailUrl":"https:\/\/sandzakpress.net\/arhiva\/wp-content\/uploads\/2019\/07\/555.jpg","articleSection":["Amerika","Iz pera na\u0161ih autora"],"inLanguage":"bs-BA","potentialAction":[{"@type":"CommentAction","name":"Comment","target":["https:\/\/sandzakpress.net\/arhiva\/iz-svjetske-metropole-new-yorka-hvala-ti-muftija-zukorlicu\/#respond"]}]},{"@type":"WebPage","@id":"https:\/\/sandzakpress.net\/arhiva\/iz-svjetske-metropole-new-yorka-hvala-ti-muftija-zukorlicu\/","url":"https:\/\/sandzakpress.net\/arhiva\/iz-svjetske-metropole-new-yorka-hvala-ti-muftija-zukorlicu\/","name":"IZ SVJETSKE METROPOLE NEW YORKA: Hvala ti muftija Zukorli\u0107u!","isPartOf":{"@id":"https:\/\/sandzakpress.net\/arhiva\/#website"},"primaryImageOfPage":{"@id":"https:\/\/sandzakpress.net\/arhiva\/iz-svjetske-metropole-new-yorka-hvala-ti-muftija-zukorlicu\/#primaryimage"},"image":{"@id":"https:\/\/sandzakpress.net\/arhiva\/iz-svjetske-metropole-new-yorka-hvala-ti-muftija-zukorlicu\/#primaryimage"},"thumbnailUrl":"https:\/\/sandzakpress.net\/arhiva\/wp-content\/uploads\/2019\/07\/555.jpg","datePublished":"2019-07-08T11:54:22+00:00","breadcrumb":{"@id":"https:\/\/sandzakpress.net\/arhiva\/iz-svjetske-metropole-new-yorka-hvala-ti-muftija-zukorlicu\/#breadcrumb"},"inLanguage":"bs-BA","potentialAction":[{"@type":"ReadAction","target":["https:\/\/sandzakpress.net\/arhiva\/iz-svjetske-metropole-new-yorka-hvala-ti-muftija-zukorlicu\/"]}]},{"@type":"ImageObject","inLanguage":"bs-BA","@id":"https:\/\/sandzakpress.net\/arhiva\/iz-svjetske-metropole-new-yorka-hvala-ti-muftija-zukorlicu\/#primaryimage","url":"https:\/\/sandzakpress.net\/arhiva\/wp-content\/uploads\/2019\/07\/555.jpg","contentUrl":"https:\/\/sandzakpress.net\/arhiva\/wp-content\/uploads\/2019\/07\/555.jpg","width":1120,"height":641},{"@type":"BreadcrumbList","@id":"https:\/\/sandzakpress.net\/arhiva\/iz-svjetske-metropole-new-yorka-hvala-ti-muftija-zukorlicu\/#breadcrumb","itemListElement":[{"@type":"ListItem","position":1,"name":"Home","item":"https:\/\/sandzakpress.net\/arhiva\/"},{"@type":"ListItem","position":2,"name":"IZ SVJETSKE METROPOLE NEW YORKA: Hvala ti muftija Zukorli\u0107u!"}]},{"@type":"WebSite","@id":"https:\/\/sandzakpress.net\/arhiva\/#website","url":"https:\/\/sandzakpress.net\/arhiva\/","name":"Sand\u017eak PRESS","description":"Prve elektronske novine u Sand\u017eaku","publisher":{"@id":"https:\/\/sandzakpress.net\/arhiva\/#\/schema\/person\/6e72b67d6e51910a1117b3b483ba20bd"},"potentialAction":[{"@type":"SearchAction","target":{"@type":"EntryPoint","urlTemplate":"https:\/\/sandzakpress.net\/arhiva\/?s={search_term_string}"},"query-input":{"@type":"PropertyValueSpecification","valueRequired":true,"valueName":"search_term_string"}}],"inLanguage":"bs-BA"},{"@type":["Person","Organization"],"@id":"https:\/\/sandzakpress.net\/arhiva\/#\/schema\/person\/6e72b67d6e51910a1117b3b483ba20bd","name":"Kul","image":{"@type":"ImageObject","inLanguage":"bs-BA","@id":"https:\/\/sandzakpress.net\/arhiva\/#\/schema\/person\/image\/","url":"https:\/\/secure.gravatar.com\/avatar\/42263f39aa27ac04c43cab85c280eb2e?s=96&d=mm&r=pg","contentUrl":"https:\/\/secure.gravatar.com\/avatar\/42263f39aa27ac04c43cab85c280eb2e?s=96&d=mm&r=pg","caption":"Kul"},"logo":{"@id":"https:\/\/sandzakpress.net\/arhiva\/#\/schema\/person\/image\/"}},{"@type":"Person","@id":"https:\/\/sandzakpress.net\/arhiva\/#\/schema\/person\/cb59d7e3ab91ab90dd680ad0305a6185","name":"Agencija","image":{"@type":"ImageObject","inLanguage":"bs-BA","@id":"https:\/\/sandzakpress.net\/arhiva\/#\/schema\/person\/image\/","url":"https:\/\/secure.gravatar.com\/avatar\/4b7fafa80a22f0c2afe23966b3961fe0?s=96&d=mm&r=pg","contentUrl":"https:\/\/secure.gravatar.com\/avatar\/4b7fafa80a22f0c2afe23966b3961fe0?s=96&d=mm&r=pg","caption":"Agencija"},"url":"https:\/\/sandzakpress.net\/arhiva\/author\/agencija\/"}]}},"_links":{"self":[{"href":"https:\/\/sandzakpress.net\/arhiva\/wp-json\/wp\/v2\/posts\/225766"}],"collection":[{"href":"https:\/\/sandzakpress.net\/arhiva\/wp-json\/wp\/v2\/posts"}],"about":[{"href":"https:\/\/sandzakpress.net\/arhiva\/wp-json\/wp\/v2\/types\/post"}],"author":[{"embeddable":true,"href":"https:\/\/sandzakpress.net\/arhiva\/wp-json\/wp\/v2\/users\/509"}],"replies":[{"embeddable":true,"href":"https:\/\/sandzakpress.net\/arhiva\/wp-json\/wp\/v2\/comments?post=225766"}],"version-history":[{"count":0,"href":"https:\/\/sandzakpress.net\/arhiva\/wp-json\/wp\/v2\/posts\/225766\/revisions"}],"wp:featuredmedia":[{"embeddable":true,"href":"https:\/\/sandzakpress.net\/arhiva\/wp-json\/wp\/v2\/media\/225767"}],"wp:attachment":[{"href":"https:\/\/sandzakpress.net\/arhiva\/wp-json\/wp\/v2\/media?parent=225766"}],"wp:term":[{"taxonomy":"category","embeddable":true,"href":"https:\/\/sandzakpress.net\/arhiva\/wp-json\/wp\/v2\/categories?post=225766"},{"taxonomy":"post_tag","embeddable":true,"href":"https:\/\/sandzakpress.net\/arhiva\/wp-json\/wp\/v2\/tags?post=225766"}],"curies":[{"name":"wp","href":"https:\/\/api.w.org\/{rel}","templated":true}]}}