{"id":225742,"date":"2019-07-08T11:11:02","date_gmt":"2019-07-08T09:11:02","guid":{"rendered":"https:\/\/sandzakpress.net\/arhiva\/?p=225742"},"modified":"2019-07-08T21:56:09","modified_gmt":"2019-07-08T19:56:09","slug":"saobracajna-nesereca-u-novom-pazaru-jedno-lice-smrtno-stradalo","status":"publish","type":"post","link":"https:\/\/sandzakpress.net\/arhiva\/saobracajna-nesereca-u-novom-pazaru-jedno-lice-smrtno-stradalo\/","title":{"rendered":"Saobra\u0107ajna nesre\u0107a  u Novom Pazaru, jedno lice smrtno stradalo"},"content":{"rendered":"<p><img decoding=\"async\" src=\"http:\/\/www.radiostoplus.com\/images\/clanci\/RAZNO\/saobrachajka_jul2019.jpg\" \/><\/p>\n<p><strong>Mu\u0161karac starosti oko 70 godina stradao je u saobra\u0107ajnoj nesre\u0107i koja se dogodila ju\u010de oko sedam sati ujutru, u Ulici Kej skopskih \u017ertava u Novom Pazaru kada ga je udario automobil.<\/strong><\/p>\n<p>On je najprije sa te\u0161kim povredama glave preve\u017een u Op\u0161tu bolnicu u Novom Pazaru ali je ne\u0161to kasnije podlegao povredama.<\/p>\n<p>Novopazarska policija je obavila uvi\u0111aj.<\/p>\n<p>Raskrsnica na &#8220;Teferi\u010du&#8221; je jedna od frekfentijih u gradu, posebno tokom trajanja \u0161kolske godine kada svakog dana vi\u0161e stotina u\u010denika iz naselja \u0160utenovac odlazi u O\u0160 &#8220;Vuk Karad\u017ei\u0107&#8221;.\u00a0<\/p>\n<p>&nbsp;<\/p>\n","protected":false},"excerpt":{"rendered":"<p>Mu\u0161karac starosti oko 70 godina stradao je u saobra\u0107ajnoj nesre\u0107i koja se dogodila ju\u010de oko sedam sati ujutru, u Ulici Kej skopskih \u017ertava u Novom Pazaru kada ga je udario automobil. On je najprije sa te\u0161kim povredama glave preve\u017een u Op\u0161tu bolnicu u Novom Pazaru ali je ne\u0161to kasnije podlegao povredama. Novopazarska policija je obavila [&hellip;]<\/p>\n","protected":false},"author":509,"featured_media":225755,"comment_status":"open","ping_status":"open","sticky":false,"template":"","format":"standard","meta":{"footnotes":""},"categories":[72,801,8957],"tags":[],"class_list":{"0":"post-225742","1":"post","2":"type-post","3":"status-publish","4":"format-standard","5":"has-post-thumbnail","7":"category-novi-pazar","8":"category-crna_hronika","9":"category-vijesti-dana"},"yoast_head":"<!-- This site is optimized with the Yoast SEO Premium plugin v23.1 (Yoast SEO v24.9) - https:\/\/yoast.com\/wordpress\/plugins\/seo\/ -->\n<title>Saobra\u0107ajna nesre\u0107a u Novom Pazaru, jedno lice smrtno stradalo<\/title>\n<meta name=\"robots\" content=\"index, follow, max-snippet:-1, max-image-preview:large, max-video-preview:-1\" \/>\n<link rel=\"canonical\" href=\"https:\/\/sandzakpress.net\/arhiva\/saobracajna-nesereca-u-novom-pazaru-jedno-lice-smrtno-stradalo\/\" \/>\n<meta property=\"og:locale\" content=\"bs_BA\" \/>\n<meta property=\"og:type\" content=\"article\" \/>\n<meta property=\"og:title\" content=\"Saobra\u0107ajna nesre\u0107a u Novom Pazaru, jedno lice smrtno stradalo\" \/>\n<meta property=\"og:description\" content=\"Mu\u0161karac starosti oko 70 godina stradao je u saobra\u0107ajnoj nesre\u0107i koja se dogodila ju\u010de oko sedam sati ujutru, u Ulici Kej skopskih \u017ertava u Novom Pazaru kada ga je udario automobil. On je najprije sa te\u0161kim povredama glave preve\u017een u Op\u0161tu bolnicu u Novom Pazaru ali je ne\u0161to kasnije podlegao povredama. Novopazarska policija je obavila [&hellip;]\" \/>\n<meta property=\"og:url\" content=\"https:\/\/sandzakpress.net\/arhiva\/saobracajna-nesereca-u-novom-pazaru-jedno-lice-smrtno-stradalo\/\" \/>\n<meta property=\"og:site_name\" content=\"Sand\u017eak PRESS\" \/>\n<meta property=\"article:published_time\" content=\"2019-07-08T09:11:02+00:00\" \/>\n<meta property=\"article:modified_time\" content=\"2019-07-08T19:56:09+00:00\" \/>\n<meta property=\"og:image\" content=\"https:\/\/sandzakpress.net\/arhiva\/wp-content\/uploads\/2019\/07\/saobrachajka_jul2019.jpg\" \/>\n\t<meta property=\"og:image:width\" content=\"1242\" \/>\n\t<meta property=\"og:image:height\" content=\"689\" \/>\n\t<meta property=\"og:image:type\" content=\"image\/jpeg\" \/>\n<meta name=\"author\" content=\"Agencija\" \/>\n<meta name=\"twitter:card\" content=\"summary_large_image\" \/>\n<meta name=\"twitter:label1\" content=\"Written by\" \/>\n\t<meta name=\"twitter:data1\" content=\"Agencija\" \/>\n<script type=\"application\/ld+json\" class=\"yoast-schema-graph\">{\"@context\":\"https:\/\/schema.org\",\"@graph\":[{\"@type\":\"Article\",\"@id\":\"https:\/\/sandzakpress.net\/arhiva\/saobracajna-nesereca-u-novom-pazaru-jedno-lice-smrtno-stradalo\/#article\",\"isPartOf\":{\"@id\":\"https:\/\/sandzakpress.net\/arhiva\/saobracajna-nesereca-u-novom-pazaru-jedno-lice-smrtno-stradalo\/\"},\"author\":{\"name\":\"Agencija\",\"@id\":\"https:\/\/sandzakpress.net\/arhiva\/#\/schema\/person\/cb59d7e3ab91ab90dd680ad0305a6185\"},\"headline\":\"Saobra\u0107ajna nesre\u0107a u Novom Pazaru, jedno lice smrtno stradalo\",\"datePublished\":\"2019-07-08T09:11:02+00:00\",\"dateModified\":\"2019-07-08T19:56:09+00:00\",\"mainEntityOfPage\":{\"@id\":\"https:\/\/sandzakpress.net\/arhiva\/saobracajna-nesereca-u-novom-pazaru-jedno-lice-smrtno-stradalo\/\"},\"wordCount\":108,\"commentCount\":0,\"publisher\":{\"@id\":\"https:\/\/sandzakpress.net\/arhiva\/#\/schema\/person\/6e72b67d6e51910a1117b3b483ba20bd\"},\"image\":{\"@id\":\"https:\/\/sandzakpress.net\/arhiva\/saobracajna-nesereca-u-novom-pazaru-jedno-lice-smrtno-stradalo\/#primaryimage\"},\"thumbnailUrl\":\"https:\/\/sandzakpress.net\/arhiva\/wp-content\/uploads\/2019\/07\/saobrachajka_jul2019.jpg\",\"articleSection\":[\"Novi Pazar\",\"Hronika\",\"VIJESTI DANA\"],\"inLanguage\":\"bs-BA\",\"potentialAction\":[{\"@type\":\"CommentAction\",\"name\":\"Comment\",\"target\":[\"https:\/\/sandzakpress.net\/arhiva\/saobracajna-nesereca-u-novom-pazaru-jedno-lice-smrtno-stradalo\/#respond\"]}]},{\"@type\":\"WebPage\",\"@id\":\"https:\/\/sandzakpress.net\/arhiva\/saobracajna-nesereca-u-novom-pazaru-jedno-lice-smrtno-stradalo\/\",\"url\":\"https:\/\/sandzakpress.net\/arhiva\/saobracajna-nesereca-u-novom-pazaru-jedno-lice-smrtno-stradalo\/\",\"name\":\"Saobra\u0107ajna nesre\u0107a u Novom Pazaru, jedno lice smrtno stradalo\",\"isPartOf\":{\"@id\":\"https:\/\/sandzakpress.net\/arhiva\/#website\"},\"primaryImageOfPage\":{\"@id\":\"https:\/\/sandzakpress.net\/arhiva\/saobracajna-nesereca-u-novom-pazaru-jedno-lice-smrtno-stradalo\/#primaryimage\"},\"image\":{\"@id\":\"https:\/\/sandzakpress.net\/arhiva\/saobracajna-nesereca-u-novom-pazaru-jedno-lice-smrtno-stradalo\/#primaryimage\"},\"thumbnailUrl\":\"https:\/\/sandzakpress.net\/arhiva\/wp-content\/uploads\/2019\/07\/saobrachajka_jul2019.jpg\",\"datePublished\":\"2019-07-08T09:11:02+00:00\",\"dateModified\":\"2019-07-08T19:56:09+00:00\",\"breadcrumb\":{\"@id\":\"https:\/\/sandzakpress.net\/arhiva\/saobracajna-nesereca-u-novom-pazaru-jedno-lice-smrtno-stradalo\/#breadcrumb\"},\"inLanguage\":\"bs-BA\",\"potentialAction\":[{\"@type\":\"ReadAction\",\"target\":[\"https:\/\/sandzakpress.net\/arhiva\/saobracajna-nesereca-u-novom-pazaru-jedno-lice-smrtno-stradalo\/\"]}]},{\"@type\":\"ImageObject\",\"inLanguage\":\"bs-BA\",\"@id\":\"https:\/\/sandzakpress.net\/arhiva\/saobracajna-nesereca-u-novom-pazaru-jedno-lice-smrtno-stradalo\/#primaryimage\",\"url\":\"https:\/\/sandzakpress.net\/arhiva\/wp-content\/uploads\/2019\/07\/saobrachajka_jul2019.jpg\",\"contentUrl\":\"https:\/\/sandzakpress.net\/arhiva\/wp-content\/uploads\/2019\/07\/saobrachajka_jul2019.jpg\",\"width\":1242,\"height\":689},{\"@type\":\"BreadcrumbList\",\"@id\":\"https:\/\/sandzakpress.net\/arhiva\/saobracajna-nesereca-u-novom-pazaru-jedno-lice-smrtno-stradalo\/#breadcrumb\",\"itemListElement\":[{\"@type\":\"ListItem\",\"position\":1,\"name\":\"Home\",\"item\":\"https:\/\/sandzakpress.net\/arhiva\/\"},{\"@type\":\"ListItem\",\"position\":2,\"name\":\"Saobra\u0107ajna nesre\u0107a u Novom Pazaru, jedno lice smrtno stradalo\"}]},{\"@type\":\"WebSite\",\"@id\":\"https:\/\/sandzakpress.net\/arhiva\/#website\",\"url\":\"https:\/\/sandzakpress.net\/arhiva\/\",\"name\":\"Sand\u017eak PRESS\",\"description\":\"Prve elektronske novine u Sand\u017eaku\",\"publisher\":{\"@id\":\"https:\/\/sandzakpress.net\/arhiva\/#\/schema\/person\/6e72b67d6e51910a1117b3b483ba20bd\"},\"potentialAction\":[{\"@type\":\"SearchAction\",\"target\":{\"@type\":\"EntryPoint\",\"urlTemplate\":\"https:\/\/sandzakpress.net\/arhiva\/?s={search_term_string}\"},\"query-input\":{\"@type\":\"PropertyValueSpecification\",\"valueRequired\":true,\"valueName\":\"search_term_string\"}}],\"inLanguage\":\"bs-BA\"},{\"@type\":[\"Person\",\"Organization\"],\"@id\":\"https:\/\/sandzakpress.net\/arhiva\/#\/schema\/person\/6e72b67d6e51910a1117b3b483ba20bd\",\"name\":\"Kul\",\"image\":{\"@type\":\"ImageObject\",\"inLanguage\":\"bs-BA\",\"@id\":\"https:\/\/sandzakpress.net\/arhiva\/#\/schema\/person\/image\/\",\"url\":\"https:\/\/secure.gravatar.com\/avatar\/42263f39aa27ac04c43cab85c280eb2e?s=96&d=mm&r=pg\",\"contentUrl\":\"https:\/\/secure.gravatar.com\/avatar\/42263f39aa27ac04c43cab85c280eb2e?s=96&d=mm&r=pg\",\"caption\":\"Kul\"},\"logo\":{\"@id\":\"https:\/\/sandzakpress.net\/arhiva\/#\/schema\/person\/image\/\"}},{\"@type\":\"Person\",\"@id\":\"https:\/\/sandzakpress.net\/arhiva\/#\/schema\/person\/cb59d7e3ab91ab90dd680ad0305a6185\",\"name\":\"Agencija\",\"image\":{\"@type\":\"ImageObject\",\"inLanguage\":\"bs-BA\",\"@id\":\"https:\/\/sandzakpress.net\/arhiva\/#\/schema\/person\/image\/\",\"url\":\"https:\/\/secure.gravatar.com\/avatar\/4b7fafa80a22f0c2afe23966b3961fe0?s=96&d=mm&r=pg\",\"contentUrl\":\"https:\/\/secure.gravatar.com\/avatar\/4b7fafa80a22f0c2afe23966b3961fe0?s=96&d=mm&r=pg\",\"caption\":\"Agencija\"},\"url\":\"https:\/\/sandzakpress.net\/arhiva\/author\/agencija\/\"}]}<\/script>\n<!-- \/ Yoast SEO Premium plugin. -->","yoast_head_json":{"title":"Saobra\u0107ajna nesre\u0107a u Novom Pazaru, jedno lice smrtno stradalo","robots":{"index":"index","follow":"follow","max-snippet":"max-snippet:-1","max-image-preview":"max-image-preview:large","max-video-preview":"max-video-preview:-1"},"canonical":"https:\/\/sandzakpress.net\/arhiva\/saobracajna-nesereca-u-novom-pazaru-jedno-lice-smrtno-stradalo\/","og_locale":"bs_BA","og_type":"article","og_title":"Saobra\u0107ajna nesre\u0107a u Novom Pazaru, jedno lice smrtno stradalo","og_description":"Mu\u0161karac starosti oko 70 godina stradao je u saobra\u0107ajnoj nesre\u0107i koja se dogodila ju\u010de oko sedam sati ujutru, u Ulici Kej skopskih \u017ertava u Novom Pazaru kada ga je udario automobil. On je najprije sa te\u0161kim povredama glave preve\u017een u Op\u0161tu bolnicu u Novom Pazaru ali je ne\u0161to kasnije podlegao povredama. Novopazarska policija je obavila [&hellip;]","og_url":"https:\/\/sandzakpress.net\/arhiva\/saobracajna-nesereca-u-novom-pazaru-jedno-lice-smrtno-stradalo\/","og_site_name":"Sand\u017eak PRESS","article_published_time":"2019-07-08T09:11:02+00:00","article_modified_time":"2019-07-08T19:56:09+00:00","og_image":[{"width":1242,"height":689,"url":"https:\/\/sandzakpress.net\/arhiva\/wp-content\/uploads\/2019\/07\/saobrachajka_jul2019.jpg","type":"image\/jpeg"}],"author":"Agencija","twitter_card":"summary_large_image","twitter_misc":{"Written by":"Agencija"},"schema":{"@context":"https:\/\/schema.org","@graph":[{"@type":"Article","@id":"https:\/\/sandzakpress.net\/arhiva\/saobracajna-nesereca-u-novom-pazaru-jedno-lice-smrtno-stradalo\/#article","isPartOf":{"@id":"https:\/\/sandzakpress.net\/arhiva\/saobracajna-nesereca-u-novom-pazaru-jedno-lice-smrtno-stradalo\/"},"author":{"name":"Agencija","@id":"https:\/\/sandzakpress.net\/arhiva\/#\/schema\/person\/cb59d7e3ab91ab90dd680ad0305a6185"},"headline":"Saobra\u0107ajna nesre\u0107a u Novom Pazaru, jedno lice smrtno stradalo","datePublished":"2019-07-08T09:11:02+00:00","dateModified":"2019-07-08T19:56:09+00:00","mainEntityOfPage":{"@id":"https:\/\/sandzakpress.net\/arhiva\/saobracajna-nesereca-u-novom-pazaru-jedno-lice-smrtno-stradalo\/"},"wordCount":108,"commentCount":0,"publisher":{"@id":"https:\/\/sandzakpress.net\/arhiva\/#\/schema\/person\/6e72b67d6e51910a1117b3b483ba20bd"},"image":{"@id":"https:\/\/sandzakpress.net\/arhiva\/saobracajna-nesereca-u-novom-pazaru-jedno-lice-smrtno-stradalo\/#primaryimage"},"thumbnailUrl":"https:\/\/sandzakpress.net\/arhiva\/wp-content\/uploads\/2019\/07\/saobrachajka_jul2019.jpg","articleSection":["Novi Pazar","Hronika","VIJESTI DANA"],"inLanguage":"bs-BA","potentialAction":[{"@type":"CommentAction","name":"Comment","target":["https:\/\/sandzakpress.net\/arhiva\/saobracajna-nesereca-u-novom-pazaru-jedno-lice-smrtno-stradalo\/#respond"]}]},{"@type":"WebPage","@id":"https:\/\/sandzakpress.net\/arhiva\/saobracajna-nesereca-u-novom-pazaru-jedno-lice-smrtno-stradalo\/","url":"https:\/\/sandzakpress.net\/arhiva\/saobracajna-nesereca-u-novom-pazaru-jedno-lice-smrtno-stradalo\/","name":"Saobra\u0107ajna nesre\u0107a u Novom Pazaru, jedno lice smrtno stradalo","isPartOf":{"@id":"https:\/\/sandzakpress.net\/arhiva\/#website"},"primaryImageOfPage":{"@id":"https:\/\/sandzakpress.net\/arhiva\/saobracajna-nesereca-u-novom-pazaru-jedno-lice-smrtno-stradalo\/#primaryimage"},"image":{"@id":"https:\/\/sandzakpress.net\/arhiva\/saobracajna-nesereca-u-novom-pazaru-jedno-lice-smrtno-stradalo\/#primaryimage"},"thumbnailUrl":"https:\/\/sandzakpress.net\/arhiva\/wp-content\/uploads\/2019\/07\/saobrachajka_jul2019.jpg","datePublished":"2019-07-08T09:11:02+00:00","dateModified":"2019-07-08T19:56:09+00:00","breadcrumb":{"@id":"https:\/\/sandzakpress.net\/arhiva\/saobracajna-nesereca-u-novom-pazaru-jedno-lice-smrtno-stradalo\/#breadcrumb"},"inLanguage":"bs-BA","potentialAction":[{"@type":"ReadAction","target":["https:\/\/sandzakpress.net\/arhiva\/saobracajna-nesereca-u-novom-pazaru-jedno-lice-smrtno-stradalo\/"]}]},{"@type":"ImageObject","inLanguage":"bs-BA","@id":"https:\/\/sandzakpress.net\/arhiva\/saobracajna-nesereca-u-novom-pazaru-jedno-lice-smrtno-stradalo\/#primaryimage","url":"https:\/\/sandzakpress.net\/arhiva\/wp-content\/uploads\/2019\/07\/saobrachajka_jul2019.jpg","contentUrl":"https:\/\/sandzakpress.net\/arhiva\/wp-content\/uploads\/2019\/07\/saobrachajka_jul2019.jpg","width":1242,"height":689},{"@type":"BreadcrumbList","@id":"https:\/\/sandzakpress.net\/arhiva\/saobracajna-nesereca-u-novom-pazaru-jedno-lice-smrtno-stradalo\/#breadcrumb","itemListElement":[{"@type":"ListItem","position":1,"name":"Home","item":"https:\/\/sandzakpress.net\/arhiva\/"},{"@type":"ListItem","position":2,"name":"Saobra\u0107ajna nesre\u0107a u Novom Pazaru, jedno lice smrtno stradalo"}]},{"@type":"WebSite","@id":"https:\/\/sandzakpress.net\/arhiva\/#website","url":"https:\/\/sandzakpress.net\/arhiva\/","name":"Sand\u017eak PRESS","description":"Prve elektronske novine u Sand\u017eaku","publisher":{"@id":"https:\/\/sandzakpress.net\/arhiva\/#\/schema\/person\/6e72b67d6e51910a1117b3b483ba20bd"},"potentialAction":[{"@type":"SearchAction","target":{"@type":"EntryPoint","urlTemplate":"https:\/\/sandzakpress.net\/arhiva\/?s={search_term_string}"},"query-input":{"@type":"PropertyValueSpecification","valueRequired":true,"valueName":"search_term_string"}}],"inLanguage":"bs-BA"},{"@type":["Person","Organization"],"@id":"https:\/\/sandzakpress.net\/arhiva\/#\/schema\/person\/6e72b67d6e51910a1117b3b483ba20bd","name":"Kul","image":{"@type":"ImageObject","inLanguage":"bs-BA","@id":"https:\/\/sandzakpress.net\/arhiva\/#\/schema\/person\/image\/","url":"https:\/\/secure.gravatar.com\/avatar\/42263f39aa27ac04c43cab85c280eb2e?s=96&d=mm&r=pg","contentUrl":"https:\/\/secure.gravatar.com\/avatar\/42263f39aa27ac04c43cab85c280eb2e?s=96&d=mm&r=pg","caption":"Kul"},"logo":{"@id":"https:\/\/sandzakpress.net\/arhiva\/#\/schema\/person\/image\/"}},{"@type":"Person","@id":"https:\/\/sandzakpress.net\/arhiva\/#\/schema\/person\/cb59d7e3ab91ab90dd680ad0305a6185","name":"Agencija","image":{"@type":"ImageObject","inLanguage":"bs-BA","@id":"https:\/\/sandzakpress.net\/arhiva\/#\/schema\/person\/image\/","url":"https:\/\/secure.gravatar.com\/avatar\/4b7fafa80a22f0c2afe23966b3961fe0?s=96&d=mm&r=pg","contentUrl":"https:\/\/secure.gravatar.com\/avatar\/4b7fafa80a22f0c2afe23966b3961fe0?s=96&d=mm&r=pg","caption":"Agencija"},"url":"https:\/\/sandzakpress.net\/arhiva\/author\/agencija\/"}]}},"_links":{"self":[{"href":"https:\/\/sandzakpress.net\/arhiva\/wp-json\/wp\/v2\/posts\/225742"}],"collection":[{"href":"https:\/\/sandzakpress.net\/arhiva\/wp-json\/wp\/v2\/posts"}],"about":[{"href":"https:\/\/sandzakpress.net\/arhiva\/wp-json\/wp\/v2\/types\/post"}],"author":[{"embeddable":true,"href":"https:\/\/sandzakpress.net\/arhiva\/wp-json\/wp\/v2\/users\/509"}],"replies":[{"embeddable":true,"href":"https:\/\/sandzakpress.net\/arhiva\/wp-json\/wp\/v2\/comments?post=225742"}],"version-history":[{"count":0,"href":"https:\/\/sandzakpress.net\/arhiva\/wp-json\/wp\/v2\/posts\/225742\/revisions"}],"wp:featuredmedia":[{"embeddable":true,"href":"https:\/\/sandzakpress.net\/arhiva\/wp-json\/wp\/v2\/media\/225755"}],"wp:attachment":[{"href":"https:\/\/sandzakpress.net\/arhiva\/wp-json\/wp\/v2\/media?parent=225742"}],"wp:term":[{"taxonomy":"category","embeddable":true,"href":"https:\/\/sandzakpress.net\/arhiva\/wp-json\/wp\/v2\/categories?post=225742"},{"taxonomy":"post_tag","embeddable":true,"href":"https:\/\/sandzakpress.net\/arhiva\/wp-json\/wp\/v2\/tags?post=225742"}],"curies":[{"name":"wp","href":"https:\/\/api.w.org\/{rel}","templated":true}]}}