{"id":225741,"date":"2019-07-08T11:06:11","date_gmt":"2019-07-08T09:06:11","guid":{"rendered":"https:\/\/sandzakpress.net\/arhiva\/?p=225741"},"modified":"2019-07-08T11:06:11","modified_gmt":"2019-07-08T09:06:11","slug":"odrzana-zajednicka-sjednica-dva-predsjednistva-spp-a","status":"publish","type":"post","link":"https:\/\/sandzakpress.net\/arhiva\/odrzana-zajednicka-sjednica-dva-predsjednistva-spp-a\/","title":{"rendered":"Odr\u017eana zajedni\u010dka sjednica dva predsjedni\u0161tva SPP-a"},"content":{"rendered":"<p><img loading=\"lazy\" decoding=\"async\" class=\"size-full wp-image-225745 aligncenter\" src=\"https:\/\/sandzakpress.net\/arhiva\/wp-content\/uploads\/2019\/07\/0-2.jpg\" alt=\"\" width=\"650\" height=\"365\" srcset=\"https:\/\/sandzakpress.net\/arhiva\/wp-content\/uploads\/2019\/07\/0-2.jpg 650w, https:\/\/sandzakpress.net\/arhiva\/wp-content\/uploads\/2019\/07\/0-2-616x346.jpg 616w\" sizes=\"(max-width: 650px) 100vw, 650px\" \/><\/p>\n<p><strong>U Novom Pazaru je dana 06. 07. 2019. godine odr\u017eana zajedni\u010dka sjednica dva predsjedni\u0161tva, SPP-a u Srbiji i SPP-a u Crnoj Gori.<\/strong><\/p>\n<p>\u010clanovi dva predsjedni\u0161tva su upoznati politi\u010dkim prilikama u Crnoj Gori, sagledavaju\u0107i implikacije aktuelnog stanja na polo\u017eaj bo\u0161nja\u010dkog naroda, s posebnim aspektom u dijelu Sand\u017eaka koji se nalazi u Crnoj Gori.<br \/>Konstatirano je da se ovakve tematske sjednice dva predsjedni\u0161tva trebaju odr\u017eavati \u010de\u0161\u0107e i to po svim aktuelnim temama koje se odnose na politi\u010dke prilike u regionu a posebno na teme koje se ti\u010du polo\u017eaja bo\u0161nja\u010dkog naroda u njemu.<\/p>\n<p>\u00a0<img loading=\"lazy\" decoding=\"async\" class=\"size-full wp-image-225746 aligncenter\" src=\"https:\/\/sandzakpress.net\/arhiva\/wp-content\/uploads\/2019\/07\/1-5.jpg\" alt=\"\" width=\"650\" height=\"365\" srcset=\"https:\/\/sandzakpress.net\/arhiva\/wp-content\/uploads\/2019\/07\/1-5.jpg 650w, https:\/\/sandzakpress.net\/arhiva\/wp-content\/uploads\/2019\/07\/1-5-616x346.jpg 616w\" sizes=\"(max-width: 650px) 100vw, 650px\" \/> <img loading=\"lazy\" decoding=\"async\" class=\"size-full wp-image-225747 aligncenter\" src=\"https:\/\/sandzakpress.net\/arhiva\/wp-content\/uploads\/2019\/07\/2-5.jpg\" alt=\"\" width=\"650\" height=\"365\" srcset=\"https:\/\/sandzakpress.net\/arhiva\/wp-content\/uploads\/2019\/07\/2-5.jpg 650w, https:\/\/sandzakpress.net\/arhiva\/wp-content\/uploads\/2019\/07\/2-5-616x346.jpg 616w\" sizes=\"(max-width: 650px) 100vw, 650px\" \/> <img loading=\"lazy\" decoding=\"async\" class=\"size-full wp-image-225748 aligncenter\" src=\"https:\/\/sandzakpress.net\/arhiva\/wp-content\/uploads\/2019\/07\/3-4.jpg\" alt=\"\" width=\"650\" height=\"365\" srcset=\"https:\/\/sandzakpress.net\/arhiva\/wp-content\/uploads\/2019\/07\/3-4.jpg 650w, https:\/\/sandzakpress.net\/arhiva\/wp-content\/uploads\/2019\/07\/3-4-616x346.jpg 616w\" sizes=\"(max-width: 650px) 100vw, 650px\" \/> <img loading=\"lazy\" decoding=\"async\" class=\"size-full wp-image-225749 aligncenter\" src=\"https:\/\/sandzakpress.net\/arhiva\/wp-content\/uploads\/2019\/07\/4-3.jpg\" alt=\"\" width=\"650\" height=\"365\" srcset=\"https:\/\/sandzakpress.net\/arhiva\/wp-content\/uploads\/2019\/07\/4-3.jpg 650w, https:\/\/sandzakpress.net\/arhiva\/wp-content\/uploads\/2019\/07\/4-3-616x346.jpg 616w\" sizes=\"(max-width: 650px) 100vw, 650px\" \/> <img loading=\"lazy\" decoding=\"async\" class=\"size-full wp-image-225750 aligncenter\" src=\"https:\/\/sandzakpress.net\/arhiva\/wp-content\/uploads\/2019\/07\/5-2.jpg\" alt=\"\" width=\"650\" height=\"365\" srcset=\"https:\/\/sandzakpress.net\/arhiva\/wp-content\/uploads\/2019\/07\/5-2.jpg 650w, https:\/\/sandzakpress.net\/arhiva\/wp-content\/uploads\/2019\/07\/5-2-616x346.jpg 616w\" sizes=\"(max-width: 650px) 100vw, 650px\" \/> <img loading=\"lazy\" decoding=\"async\" class=\"size-full wp-image-225751 aligncenter\" src=\"https:\/\/sandzakpress.net\/arhiva\/wp-content\/uploads\/2019\/07\/6-1.jpg\" alt=\"\" width=\"650\" height=\"365\" srcset=\"https:\/\/sandzakpress.net\/arhiva\/wp-content\/uploads\/2019\/07\/6-1.jpg 650w, https:\/\/sandzakpress.net\/arhiva\/wp-content\/uploads\/2019\/07\/6-1-616x346.jpg 616w\" sizes=\"(max-width: 650px) 100vw, 650px\" \/> <img loading=\"lazy\" decoding=\"async\" class=\"size-full wp-image-225752 aligncenter\" src=\"https:\/\/sandzakpress.net\/arhiva\/wp-content\/uploads\/2019\/07\/7.jpg\" alt=\"\" width=\"650\" height=\"365\" srcset=\"https:\/\/sandzakpress.net\/arhiva\/wp-content\/uploads\/2019\/07\/7.jpg 650w, https:\/\/sandzakpress.net\/arhiva\/wp-content\/uploads\/2019\/07\/7-616x346.jpg 616w\" sizes=\"(max-width: 650px) 100vw, 650px\" \/> <img loading=\"lazy\" decoding=\"async\" class=\"size-full wp-image-225753 aligncenter\" src=\"https:\/\/sandzakpress.net\/arhiva\/wp-content\/uploads\/2019\/07\/8.jpg\" alt=\"\" width=\"650\" height=\"365\" srcset=\"https:\/\/sandzakpress.net\/arhiva\/wp-content\/uploads\/2019\/07\/8.jpg 650w, https:\/\/sandzakpress.net\/arhiva\/wp-content\/uploads\/2019\/07\/8-616x346.jpg 616w\" sizes=\"(max-width: 650px) 100vw, 650px\" \/> <img loading=\"lazy\" decoding=\"async\" class=\"size-full wp-image-225754 aligncenter\" src=\"https:\/\/sandzakpress.net\/arhiva\/wp-content\/uploads\/2019\/07\/9.jpg\" alt=\"\" width=\"650\" height=\"365\" srcset=\"https:\/\/sandzakpress.net\/arhiva\/wp-content\/uploads\/2019\/07\/9.jpg 650w, https:\/\/sandzakpress.net\/arhiva\/wp-content\/uploads\/2019\/07\/9-616x346.jpg 616w\" sizes=\"(max-width: 650px) 100vw, 650px\" \/><\/p>\n","protected":false},"excerpt":{"rendered":"<p>U Novom Pazaru je dana 06. 07. 2019. godine odr\u017eana zajedni\u010dka sjednica dva predsjedni\u0161tva, SPP-a u Srbiji i SPP-a u Crnoj Gori. \u010clanovi dva predsjedni\u0161tva su upoznati politi\u010dkim prilikama u Crnoj Gori, sagledavaju\u0107i implikacije aktuelnog stanja na polo\u017eaj bo\u0161nja\u010dkog naroda, s posebnim aspektom u dijelu Sand\u017eaka koji se nalazi u Crnoj Gori.Konstatirano je da se [&hellip;]<\/p>\n","protected":false},"author":509,"featured_media":225745,"comment_status":"open","ping_status":"open","sticky":false,"template":"","format":"standard","meta":{"footnotes":""},"categories":[72,398,1,8957],"tags":[10541],"class_list":{"0":"post-225741","1":"post","2":"type-post","3":"status-publish","4":"format-standard","5":"has-post-thumbnail","7":"category-novi-pazar","8":"category-rozaje","9":"category-politika","10":"category-vijesti-dana","11":"tag-spp"},"yoast_head":"<!-- This site is optimized with the Yoast SEO Premium plugin v23.1 (Yoast SEO v24.9) - https:\/\/yoast.com\/wordpress\/plugins\/seo\/ -->\n<title>Odr\u017eana zajedni\u010dka sjednica dva predsjedni\u0161tva SPP-a<\/title>\n<meta name=\"robots\" content=\"index, follow, max-snippet:-1, max-image-preview:large, max-video-preview:-1\" \/>\n<link rel=\"canonical\" href=\"https:\/\/sandzakpress.net\/arhiva\/odrzana-zajednicka-sjednica-dva-predsjednistva-spp-a\/\" \/>\n<meta property=\"og:locale\" content=\"bs_BA\" \/>\n<meta property=\"og:type\" content=\"article\" \/>\n<meta property=\"og:title\" content=\"Odr\u017eana zajedni\u010dka sjednica dva predsjedni\u0161tva SPP-a\" \/>\n<meta property=\"og:description\" content=\"U Novom Pazaru je dana 06. 07. 2019. godine odr\u017eana zajedni\u010dka sjednica dva predsjedni\u0161tva, SPP-a u Srbiji i SPP-a u Crnoj Gori. \u010clanovi dva predsjedni\u0161tva su upoznati politi\u010dkim prilikama u Crnoj Gori, sagledavaju\u0107i implikacije aktuelnog stanja na polo\u017eaj bo\u0161nja\u010dkog naroda, s posebnim aspektom u dijelu Sand\u017eaka koji se nalazi u Crnoj Gori.Konstatirano je da se [&hellip;]\" \/>\n<meta property=\"og:url\" content=\"https:\/\/sandzakpress.net\/arhiva\/odrzana-zajednicka-sjednica-dva-predsjednistva-spp-a\/\" \/>\n<meta property=\"og:site_name\" content=\"Sand\u017eak PRESS\" \/>\n<meta property=\"article:published_time\" content=\"2019-07-08T09:06:11+00:00\" \/>\n<meta property=\"og:image\" content=\"https:\/\/sandzakpress.net\/arhiva\/wp-content\/uploads\/2019\/07\/0-2.jpg\" \/>\n\t<meta property=\"og:image:width\" content=\"650\" \/>\n\t<meta property=\"og:image:height\" content=\"365\" \/>\n\t<meta property=\"og:image:type\" content=\"image\/jpeg\" \/>\n<meta name=\"author\" content=\"Agencija\" \/>\n<meta name=\"twitter:card\" content=\"summary_large_image\" \/>\n<meta name=\"twitter:label1\" content=\"Written by\" \/>\n\t<meta name=\"twitter:data1\" content=\"Agencija\" \/>\n\t<meta name=\"twitter:label2\" content=\"Est. reading time\" \/>\n\t<meta name=\"twitter:data2\" content=\"1 minuta\" \/>\n<script type=\"application\/ld+json\" class=\"yoast-schema-graph\">{\"@context\":\"https:\/\/schema.org\",\"@graph\":[{\"@type\":\"Article\",\"@id\":\"https:\/\/sandzakpress.net\/arhiva\/odrzana-zajednicka-sjednica-dva-predsjednistva-spp-a\/#article\",\"isPartOf\":{\"@id\":\"https:\/\/sandzakpress.net\/arhiva\/odrzana-zajednicka-sjednica-dva-predsjednistva-spp-a\/\"},\"author\":{\"name\":\"Agencija\",\"@id\":\"https:\/\/sandzakpress.net\/arhiva\/#\/schema\/person\/cb59d7e3ab91ab90dd680ad0305a6185\"},\"headline\":\"Odr\u017eana zajedni\u010dka sjednica dva predsjedni\u0161tva SPP-a\",\"datePublished\":\"2019-07-08T09:06:11+00:00\",\"mainEntityOfPage\":{\"@id\":\"https:\/\/sandzakpress.net\/arhiva\/odrzana-zajednicka-sjednica-dva-predsjednistva-spp-a\/\"},\"wordCount\":114,\"commentCount\":0,\"publisher\":{\"@id\":\"https:\/\/sandzakpress.net\/arhiva\/#\/schema\/person\/6e72b67d6e51910a1117b3b483ba20bd\"},\"image\":{\"@id\":\"https:\/\/sandzakpress.net\/arhiva\/odrzana-zajednicka-sjednica-dva-predsjednistva-spp-a\/#primaryimage\"},\"thumbnailUrl\":\"https:\/\/sandzakpress.net\/arhiva\/wp-content\/uploads\/2019\/07\/0-2.jpg\",\"keywords\":[\"SPP\"],\"articleSection\":[\"Novi Pazar\",\"Ro\u017eaje\",\"Politika\",\"VIJESTI DANA\"],\"inLanguage\":\"bs-BA\",\"potentialAction\":[{\"@type\":\"CommentAction\",\"name\":\"Comment\",\"target\":[\"https:\/\/sandzakpress.net\/arhiva\/odrzana-zajednicka-sjednica-dva-predsjednistva-spp-a\/#respond\"]}]},{\"@type\":\"WebPage\",\"@id\":\"https:\/\/sandzakpress.net\/arhiva\/odrzana-zajednicka-sjednica-dva-predsjednistva-spp-a\/\",\"url\":\"https:\/\/sandzakpress.net\/arhiva\/odrzana-zajednicka-sjednica-dva-predsjednistva-spp-a\/\",\"name\":\"Odr\u017eana zajedni\u010dka sjednica dva predsjedni\u0161tva SPP-a\",\"isPartOf\":{\"@id\":\"https:\/\/sandzakpress.net\/arhiva\/#website\"},\"primaryImageOfPage\":{\"@id\":\"https:\/\/sandzakpress.net\/arhiva\/odrzana-zajednicka-sjednica-dva-predsjednistva-spp-a\/#primaryimage\"},\"image\":{\"@id\":\"https:\/\/sandzakpress.net\/arhiva\/odrzana-zajednicka-sjednica-dva-predsjednistva-spp-a\/#primaryimage\"},\"thumbnailUrl\":\"https:\/\/sandzakpress.net\/arhiva\/wp-content\/uploads\/2019\/07\/0-2.jpg\",\"datePublished\":\"2019-07-08T09:06:11+00:00\",\"breadcrumb\":{\"@id\":\"https:\/\/sandzakpress.net\/arhiva\/odrzana-zajednicka-sjednica-dva-predsjednistva-spp-a\/#breadcrumb\"},\"inLanguage\":\"bs-BA\",\"potentialAction\":[{\"@type\":\"ReadAction\",\"target\":[\"https:\/\/sandzakpress.net\/arhiva\/odrzana-zajednicka-sjednica-dva-predsjednistva-spp-a\/\"]}]},{\"@type\":\"ImageObject\",\"inLanguage\":\"bs-BA\",\"@id\":\"https:\/\/sandzakpress.net\/arhiva\/odrzana-zajednicka-sjednica-dva-predsjednistva-spp-a\/#primaryimage\",\"url\":\"https:\/\/sandzakpress.net\/arhiva\/wp-content\/uploads\/2019\/07\/0-2.jpg\",\"contentUrl\":\"https:\/\/sandzakpress.net\/arhiva\/wp-content\/uploads\/2019\/07\/0-2.jpg\",\"width\":650,\"height\":365},{\"@type\":\"BreadcrumbList\",\"@id\":\"https:\/\/sandzakpress.net\/arhiva\/odrzana-zajednicka-sjednica-dva-predsjednistva-spp-a\/#breadcrumb\",\"itemListElement\":[{\"@type\":\"ListItem\",\"position\":1,\"name\":\"Home\",\"item\":\"https:\/\/sandzakpress.net\/arhiva\/\"},{\"@type\":\"ListItem\",\"position\":2,\"name\":\"Odr\u017eana zajedni\u010dka sjednica dva predsjedni\u0161tva SPP-a\"}]},{\"@type\":\"WebSite\",\"@id\":\"https:\/\/sandzakpress.net\/arhiva\/#website\",\"url\":\"https:\/\/sandzakpress.net\/arhiva\/\",\"name\":\"Sand\u017eak PRESS\",\"description\":\"Prve elektronske novine u Sand\u017eaku\",\"publisher\":{\"@id\":\"https:\/\/sandzakpress.net\/arhiva\/#\/schema\/person\/6e72b67d6e51910a1117b3b483ba20bd\"},\"potentialAction\":[{\"@type\":\"SearchAction\",\"target\":{\"@type\":\"EntryPoint\",\"urlTemplate\":\"https:\/\/sandzakpress.net\/arhiva\/?s={search_term_string}\"},\"query-input\":{\"@type\":\"PropertyValueSpecification\",\"valueRequired\":true,\"valueName\":\"search_term_string\"}}],\"inLanguage\":\"bs-BA\"},{\"@type\":[\"Person\",\"Organization\"],\"@id\":\"https:\/\/sandzakpress.net\/arhiva\/#\/schema\/person\/6e72b67d6e51910a1117b3b483ba20bd\",\"name\":\"Kul\",\"image\":{\"@type\":\"ImageObject\",\"inLanguage\":\"bs-BA\",\"@id\":\"https:\/\/sandzakpress.net\/arhiva\/#\/schema\/person\/image\/\",\"url\":\"https:\/\/secure.gravatar.com\/avatar\/42263f39aa27ac04c43cab85c280eb2e?s=96&d=mm&r=pg\",\"contentUrl\":\"https:\/\/secure.gravatar.com\/avatar\/42263f39aa27ac04c43cab85c280eb2e?s=96&d=mm&r=pg\",\"caption\":\"Kul\"},\"logo\":{\"@id\":\"https:\/\/sandzakpress.net\/arhiva\/#\/schema\/person\/image\/\"}},{\"@type\":\"Person\",\"@id\":\"https:\/\/sandzakpress.net\/arhiva\/#\/schema\/person\/cb59d7e3ab91ab90dd680ad0305a6185\",\"name\":\"Agencija\",\"image\":{\"@type\":\"ImageObject\",\"inLanguage\":\"bs-BA\",\"@id\":\"https:\/\/sandzakpress.net\/arhiva\/#\/schema\/person\/image\/\",\"url\":\"https:\/\/secure.gravatar.com\/avatar\/4b7fafa80a22f0c2afe23966b3961fe0?s=96&d=mm&r=pg\",\"contentUrl\":\"https:\/\/secure.gravatar.com\/avatar\/4b7fafa80a22f0c2afe23966b3961fe0?s=96&d=mm&r=pg\",\"caption\":\"Agencija\"},\"url\":\"https:\/\/sandzakpress.net\/arhiva\/author\/agencija\/\"}]}<\/script>\n<!-- \/ Yoast SEO Premium plugin. -->","yoast_head_json":{"title":"Odr\u017eana zajedni\u010dka sjednica dva predsjedni\u0161tva SPP-a","robots":{"index":"index","follow":"follow","max-snippet":"max-snippet:-1","max-image-preview":"max-image-preview:large","max-video-preview":"max-video-preview:-1"},"canonical":"https:\/\/sandzakpress.net\/arhiva\/odrzana-zajednicka-sjednica-dva-predsjednistva-spp-a\/","og_locale":"bs_BA","og_type":"article","og_title":"Odr\u017eana zajedni\u010dka sjednica dva predsjedni\u0161tva SPP-a","og_description":"U Novom Pazaru je dana 06. 07. 2019. godine odr\u017eana zajedni\u010dka sjednica dva predsjedni\u0161tva, SPP-a u Srbiji i SPP-a u Crnoj Gori. \u010clanovi dva predsjedni\u0161tva su upoznati politi\u010dkim prilikama u Crnoj Gori, sagledavaju\u0107i implikacije aktuelnog stanja na polo\u017eaj bo\u0161nja\u010dkog naroda, s posebnim aspektom u dijelu Sand\u017eaka koji se nalazi u Crnoj Gori.Konstatirano je da se [&hellip;]","og_url":"https:\/\/sandzakpress.net\/arhiva\/odrzana-zajednicka-sjednica-dva-predsjednistva-spp-a\/","og_site_name":"Sand\u017eak PRESS","article_published_time":"2019-07-08T09:06:11+00:00","og_image":[{"width":650,"height":365,"url":"https:\/\/sandzakpress.net\/arhiva\/wp-content\/uploads\/2019\/07\/0-2.jpg","type":"image\/jpeg"}],"author":"Agencija","twitter_card":"summary_large_image","twitter_misc":{"Written by":"Agencija","Est. reading time":"1 minuta"},"schema":{"@context":"https:\/\/schema.org","@graph":[{"@type":"Article","@id":"https:\/\/sandzakpress.net\/arhiva\/odrzana-zajednicka-sjednica-dva-predsjednistva-spp-a\/#article","isPartOf":{"@id":"https:\/\/sandzakpress.net\/arhiva\/odrzana-zajednicka-sjednica-dva-predsjednistva-spp-a\/"},"author":{"name":"Agencija","@id":"https:\/\/sandzakpress.net\/arhiva\/#\/schema\/person\/cb59d7e3ab91ab90dd680ad0305a6185"},"headline":"Odr\u017eana zajedni\u010dka sjednica dva predsjedni\u0161tva SPP-a","datePublished":"2019-07-08T09:06:11+00:00","mainEntityOfPage":{"@id":"https:\/\/sandzakpress.net\/arhiva\/odrzana-zajednicka-sjednica-dva-predsjednistva-spp-a\/"},"wordCount":114,"commentCount":0,"publisher":{"@id":"https:\/\/sandzakpress.net\/arhiva\/#\/schema\/person\/6e72b67d6e51910a1117b3b483ba20bd"},"image":{"@id":"https:\/\/sandzakpress.net\/arhiva\/odrzana-zajednicka-sjednica-dva-predsjednistva-spp-a\/#primaryimage"},"thumbnailUrl":"https:\/\/sandzakpress.net\/arhiva\/wp-content\/uploads\/2019\/07\/0-2.jpg","keywords":["SPP"],"articleSection":["Novi Pazar","Ro\u017eaje","Politika","VIJESTI DANA"],"inLanguage":"bs-BA","potentialAction":[{"@type":"CommentAction","name":"Comment","target":["https:\/\/sandzakpress.net\/arhiva\/odrzana-zajednicka-sjednica-dva-predsjednistva-spp-a\/#respond"]}]},{"@type":"WebPage","@id":"https:\/\/sandzakpress.net\/arhiva\/odrzana-zajednicka-sjednica-dva-predsjednistva-spp-a\/","url":"https:\/\/sandzakpress.net\/arhiva\/odrzana-zajednicka-sjednica-dva-predsjednistva-spp-a\/","name":"Odr\u017eana zajedni\u010dka sjednica dva predsjedni\u0161tva SPP-a","isPartOf":{"@id":"https:\/\/sandzakpress.net\/arhiva\/#website"},"primaryImageOfPage":{"@id":"https:\/\/sandzakpress.net\/arhiva\/odrzana-zajednicka-sjednica-dva-predsjednistva-spp-a\/#primaryimage"},"image":{"@id":"https:\/\/sandzakpress.net\/arhiva\/odrzana-zajednicka-sjednica-dva-predsjednistva-spp-a\/#primaryimage"},"thumbnailUrl":"https:\/\/sandzakpress.net\/arhiva\/wp-content\/uploads\/2019\/07\/0-2.jpg","datePublished":"2019-07-08T09:06:11+00:00","breadcrumb":{"@id":"https:\/\/sandzakpress.net\/arhiva\/odrzana-zajednicka-sjednica-dva-predsjednistva-spp-a\/#breadcrumb"},"inLanguage":"bs-BA","potentialAction":[{"@type":"ReadAction","target":["https:\/\/sandzakpress.net\/arhiva\/odrzana-zajednicka-sjednica-dva-predsjednistva-spp-a\/"]}]},{"@type":"ImageObject","inLanguage":"bs-BA","@id":"https:\/\/sandzakpress.net\/arhiva\/odrzana-zajednicka-sjednica-dva-predsjednistva-spp-a\/#primaryimage","url":"https:\/\/sandzakpress.net\/arhiva\/wp-content\/uploads\/2019\/07\/0-2.jpg","contentUrl":"https:\/\/sandzakpress.net\/arhiva\/wp-content\/uploads\/2019\/07\/0-2.jpg","width":650,"height":365},{"@type":"BreadcrumbList","@id":"https:\/\/sandzakpress.net\/arhiva\/odrzana-zajednicka-sjednica-dva-predsjednistva-spp-a\/#breadcrumb","itemListElement":[{"@type":"ListItem","position":1,"name":"Home","item":"https:\/\/sandzakpress.net\/arhiva\/"},{"@type":"ListItem","position":2,"name":"Odr\u017eana zajedni\u010dka sjednica dva predsjedni\u0161tva SPP-a"}]},{"@type":"WebSite","@id":"https:\/\/sandzakpress.net\/arhiva\/#website","url":"https:\/\/sandzakpress.net\/arhiva\/","name":"Sand\u017eak PRESS","description":"Prve elektronske novine u Sand\u017eaku","publisher":{"@id":"https:\/\/sandzakpress.net\/arhiva\/#\/schema\/person\/6e72b67d6e51910a1117b3b483ba20bd"},"potentialAction":[{"@type":"SearchAction","target":{"@type":"EntryPoint","urlTemplate":"https:\/\/sandzakpress.net\/arhiva\/?s={search_term_string}"},"query-input":{"@type":"PropertyValueSpecification","valueRequired":true,"valueName":"search_term_string"}}],"inLanguage":"bs-BA"},{"@type":["Person","Organization"],"@id":"https:\/\/sandzakpress.net\/arhiva\/#\/schema\/person\/6e72b67d6e51910a1117b3b483ba20bd","name":"Kul","image":{"@type":"ImageObject","inLanguage":"bs-BA","@id":"https:\/\/sandzakpress.net\/arhiva\/#\/schema\/person\/image\/","url":"https:\/\/secure.gravatar.com\/avatar\/42263f39aa27ac04c43cab85c280eb2e?s=96&d=mm&r=pg","contentUrl":"https:\/\/secure.gravatar.com\/avatar\/42263f39aa27ac04c43cab85c280eb2e?s=96&d=mm&r=pg","caption":"Kul"},"logo":{"@id":"https:\/\/sandzakpress.net\/arhiva\/#\/schema\/person\/image\/"}},{"@type":"Person","@id":"https:\/\/sandzakpress.net\/arhiva\/#\/schema\/person\/cb59d7e3ab91ab90dd680ad0305a6185","name":"Agencija","image":{"@type":"ImageObject","inLanguage":"bs-BA","@id":"https:\/\/sandzakpress.net\/arhiva\/#\/schema\/person\/image\/","url":"https:\/\/secure.gravatar.com\/avatar\/4b7fafa80a22f0c2afe23966b3961fe0?s=96&d=mm&r=pg","contentUrl":"https:\/\/secure.gravatar.com\/avatar\/4b7fafa80a22f0c2afe23966b3961fe0?s=96&d=mm&r=pg","caption":"Agencija"},"url":"https:\/\/sandzakpress.net\/arhiva\/author\/agencija\/"}]}},"_links":{"self":[{"href":"https:\/\/sandzakpress.net\/arhiva\/wp-json\/wp\/v2\/posts\/225741"}],"collection":[{"href":"https:\/\/sandzakpress.net\/arhiva\/wp-json\/wp\/v2\/posts"}],"about":[{"href":"https:\/\/sandzakpress.net\/arhiva\/wp-json\/wp\/v2\/types\/post"}],"author":[{"embeddable":true,"href":"https:\/\/sandzakpress.net\/arhiva\/wp-json\/wp\/v2\/users\/509"}],"replies":[{"embeddable":true,"href":"https:\/\/sandzakpress.net\/arhiva\/wp-json\/wp\/v2\/comments?post=225741"}],"version-history":[{"count":0,"href":"https:\/\/sandzakpress.net\/arhiva\/wp-json\/wp\/v2\/posts\/225741\/revisions"}],"wp:featuredmedia":[{"embeddable":true,"href":"https:\/\/sandzakpress.net\/arhiva\/wp-json\/wp\/v2\/media\/225745"}],"wp:attachment":[{"href":"https:\/\/sandzakpress.net\/arhiva\/wp-json\/wp\/v2\/media?parent=225741"}],"wp:term":[{"taxonomy":"category","embeddable":true,"href":"https:\/\/sandzakpress.net\/arhiva\/wp-json\/wp\/v2\/categories?post=225741"},{"taxonomy":"post_tag","embeddable":true,"href":"https:\/\/sandzakpress.net\/arhiva\/wp-json\/wp\/v2\/tags?post=225741"}],"curies":[{"name":"wp","href":"https:\/\/api.w.org\/{rel}","templated":true}]}}