{"id":225581,"date":"2019-07-03T13:23:07","date_gmt":"2019-07-03T11:23:07","guid":{"rendered":"https:\/\/sandzakpress.net\/arhiva\/?p=225581"},"modified":"2019-07-03T13:23:07","modified_gmt":"2019-07-03T11:23:07","slug":"potpisan-ugovor-o-izgradnji-zicare-na-hajli","status":"publish","type":"post","link":"https:\/\/sandzakpress.net\/arhiva\/potpisan-ugovor-o-izgradnji-zicare-na-hajli\/","title":{"rendered":"Potpisan ugovor o izgradnji \u017ei\u010dare na Hajli"},"content":{"rendered":"<p><img decoding=\"async\" src=\"https:\/\/www.vijesti.me\/media\/20190702110728_1e952175-d05f-444d-986a-c774a67fdad5.jpeg\" alt=\"Hajla\" \/><\/p>\n<p><strong>Uprava javnih radova i sarajevsko preduze\u0107e Strucon potpisali su ugovor o izradi idejnog rje\u0161enja, glavnog projekta i izgradnju \u0161estosjedne isklopive \u017ei\u010dare na Hajli, u Ro\u017eajama.<\/strong><\/p>\n<p>Iz Vladine Slu\u017ebe za odnose sa javno\u0161\u0107u saop\u0161teno je da je u ponedjeljak tako\u0111e ugovorena i izrada idejnog rje\u0161enja ski staza na toj lokaciji.<\/p>\n<p>\u201cUgovorena vrijednost izrade tehni\u010dke dokumentacije i radova je blizu devet miliona eura, koje \u0107e Vlada obezbijediti kroz kapitalni bud\u017eet\u201d, navodi se u saop\u0161tenju.<\/p>\n<p>Sarajevska kompanija se obavezala da \u0107e u roku od dva mjeseca od dana potpisivanja ugovora izraditi idejno rje\u0161enje \u017ei\u010dare, a \u010detiri mjeseca od njegovog prihvatanja i glavni projekat za taj segment ugovora.<\/p>\n<p>\u201cNa osnovu prihva\u0107ene projektne dokumentacije, izgradnja \u0161estosjedne isklopive \u017ei\u010dare bi\u0107e zavr\u0161ena u roku od 18 mjeseci od uvo\u0111enja izvo\u0111a\u010da u posao\u201d, rekli su iz Vlade.<\/p>\n<p>Ugovoreni rok izrade idejnog rje\u0161enja ski staza je dva mjeseca od potpisivanja ugovora.<\/p>\n<p>\u201cPlaninski vrhovi Hajle prepoznati su kao atraktivna turisti\u010dka destinacija, \u010dijom \u0107e valorizacijom Ro\u017eaje postati novi centar zimskog turizma\u201d, dodaje se u saop\u0161tenju.<\/p>\n<p>Uprava javnih radova ve\u0107 nekoliko mjeseci realizuje zahtjevan posao izgradnje pristupne saobra\u0107ajnice od Ro\u017eaja do lokaliteta \u0160tedim, na kojem \u0107e se nalaziti bazna stanica, u du\u017eini od 7,2 kilometra.<\/p>\n<p>&#8220;Najve\u0107i dio puta je pripremljen za asfaltiranje, a predstoji probijanje zavr\u0161ne trase do \u0160tedima&#8221;, zaklju\u010duje se u saop\u0161tenju.<\/p>\n","protected":false},"excerpt":{"rendered":"<p>Uprava javnih radova i sarajevsko preduze\u0107e Strucon potpisali su ugovor o izradi idejnog rje\u0161enja, glavnog projekta i izgradnju \u0161estosjedne isklopive \u017ei\u010dare na Hajli, u Ro\u017eajama. Iz Vladine Slu\u017ebe za odnose sa javno\u0161\u0107u saop\u0161teno je da je u ponedjeljak tako\u0111e ugovorena i izrada idejnog rje\u0161enja ski staza na toj lokaciji. \u201cUgovorena vrijednost izrade tehni\u010dke dokumentacije i [&hellip;]<\/p>\n","protected":false},"author":509,"featured_media":225582,"comment_status":"open","ping_status":"open","sticky":false,"template":"","format":"standard","meta":{"footnotes":""},"categories":[398,3,10429],"tags":[],"class_list":{"0":"post-225581","1":"post","2":"type-post","3":"status-publish","4":"format-standard","5":"has-post-thumbnail","7":"category-rozaje","8":"category-privreda","9":"category-vazno"},"yoast_head":"<!-- This site is optimized with the Yoast SEO Premium plugin v23.1 (Yoast SEO v24.9) - https:\/\/yoast.com\/wordpress\/plugins\/seo\/ -->\n<title>Potpisan ugovor o izgradnji \u017ei\u010dare na Hajli<\/title>\n<meta name=\"robots\" content=\"index, follow, max-snippet:-1, max-image-preview:large, max-video-preview:-1\" \/>\n<link rel=\"canonical\" href=\"https:\/\/sandzakpress.net\/arhiva\/potpisan-ugovor-o-izgradnji-zicare-na-hajli\/\" \/>\n<meta property=\"og:locale\" content=\"bs_BA\" \/>\n<meta property=\"og:type\" content=\"article\" \/>\n<meta property=\"og:title\" content=\"Potpisan ugovor o izgradnji \u017ei\u010dare na Hajli\" \/>\n<meta property=\"og:description\" content=\"Uprava javnih radova i sarajevsko preduze\u0107e Strucon potpisali su ugovor o izradi idejnog rje\u0161enja, glavnog projekta i izgradnju \u0161estosjedne isklopive \u017ei\u010dare na Hajli, u Ro\u017eajama. Iz Vladine Slu\u017ebe za odnose sa javno\u0161\u0107u saop\u0161teno je da je u ponedjeljak tako\u0111e ugovorena i izrada idejnog rje\u0161enja ski staza na toj lokaciji. \u201cUgovorena vrijednost izrade tehni\u010dke dokumentacije i [&hellip;]\" \/>\n<meta property=\"og:url\" content=\"https:\/\/sandzakpress.net\/arhiva\/potpisan-ugovor-o-izgradnji-zicare-na-hajli\/\" \/>\n<meta property=\"og:site_name\" content=\"Sand\u017eak PRESS\" \/>\n<meta property=\"article:published_time\" content=\"2019-07-03T11:23:07+00:00\" \/>\n<meta property=\"og:image\" content=\"https:\/\/sandzakpress.net\/arhiva\/wp-content\/uploads\/2019\/07\/20190702110728_1e952175-d05f-444d-986a-c774a67fdad5.jpeg.jpg\" \/>\n\t<meta property=\"og:image:width\" content=\"800\" \/>\n\t<meta property=\"og:image:height\" content=\"385\" \/>\n\t<meta property=\"og:image:type\" content=\"image\/jpeg\" \/>\n<meta name=\"author\" content=\"Agencija\" \/>\n<meta name=\"twitter:card\" content=\"summary_large_image\" \/>\n<meta name=\"twitter:label1\" content=\"Written by\" \/>\n\t<meta name=\"twitter:data1\" content=\"Agencija\" \/>\n\t<meta name=\"twitter:label2\" content=\"Est. reading time\" \/>\n\t<meta name=\"twitter:data2\" content=\"1 minuta\" \/>\n<script type=\"application\/ld+json\" class=\"yoast-schema-graph\">{\"@context\":\"https:\/\/schema.org\",\"@graph\":[{\"@type\":\"Article\",\"@id\":\"https:\/\/sandzakpress.net\/arhiva\/potpisan-ugovor-o-izgradnji-zicare-na-hajli\/#article\",\"isPartOf\":{\"@id\":\"https:\/\/sandzakpress.net\/arhiva\/potpisan-ugovor-o-izgradnji-zicare-na-hajli\/\"},\"author\":{\"name\":\"Agencija\",\"@id\":\"https:\/\/sandzakpress.net\/arhiva\/#\/schema\/person\/cb59d7e3ab91ab90dd680ad0305a6185\"},\"headline\":\"Potpisan ugovor o izgradnji \u017ei\u010dare na Hajli\",\"datePublished\":\"2019-07-03T11:23:07+00:00\",\"mainEntityOfPage\":{\"@id\":\"https:\/\/sandzakpress.net\/arhiva\/potpisan-ugovor-o-izgradnji-zicare-na-hajli\/\"},\"wordCount\":249,\"commentCount\":0,\"publisher\":{\"@id\":\"https:\/\/sandzakpress.net\/arhiva\/#\/schema\/person\/6e72b67d6e51910a1117b3b483ba20bd\"},\"image\":{\"@id\":\"https:\/\/sandzakpress.net\/arhiva\/potpisan-ugovor-o-izgradnji-zicare-na-hajli\/#primaryimage\"},\"thumbnailUrl\":\"https:\/\/sandzakpress.net\/arhiva\/wp-content\/uploads\/2019\/07\/20190702110728_1e952175-d05f-444d-986a-c774a67fdad5.jpeg.jpg\",\"articleSection\":[\"Ro\u017eaje\",\"Privreda\",\"VA\u017dNO!\"],\"inLanguage\":\"bs-BA\",\"potentialAction\":[{\"@type\":\"CommentAction\",\"name\":\"Comment\",\"target\":[\"https:\/\/sandzakpress.net\/arhiva\/potpisan-ugovor-o-izgradnji-zicare-na-hajli\/#respond\"]}]},{\"@type\":\"WebPage\",\"@id\":\"https:\/\/sandzakpress.net\/arhiva\/potpisan-ugovor-o-izgradnji-zicare-na-hajli\/\",\"url\":\"https:\/\/sandzakpress.net\/arhiva\/potpisan-ugovor-o-izgradnji-zicare-na-hajli\/\",\"name\":\"Potpisan ugovor o izgradnji \u017ei\u010dare na Hajli\",\"isPartOf\":{\"@id\":\"https:\/\/sandzakpress.net\/arhiva\/#website\"},\"primaryImageOfPage\":{\"@id\":\"https:\/\/sandzakpress.net\/arhiva\/potpisan-ugovor-o-izgradnji-zicare-na-hajli\/#primaryimage\"},\"image\":{\"@id\":\"https:\/\/sandzakpress.net\/arhiva\/potpisan-ugovor-o-izgradnji-zicare-na-hajli\/#primaryimage\"},\"thumbnailUrl\":\"https:\/\/sandzakpress.net\/arhiva\/wp-content\/uploads\/2019\/07\/20190702110728_1e952175-d05f-444d-986a-c774a67fdad5.jpeg.jpg\",\"datePublished\":\"2019-07-03T11:23:07+00:00\",\"breadcrumb\":{\"@id\":\"https:\/\/sandzakpress.net\/arhiva\/potpisan-ugovor-o-izgradnji-zicare-na-hajli\/#breadcrumb\"},\"inLanguage\":\"bs-BA\",\"potentialAction\":[{\"@type\":\"ReadAction\",\"target\":[\"https:\/\/sandzakpress.net\/arhiva\/potpisan-ugovor-o-izgradnji-zicare-na-hajli\/\"]}]},{\"@type\":\"ImageObject\",\"inLanguage\":\"bs-BA\",\"@id\":\"https:\/\/sandzakpress.net\/arhiva\/potpisan-ugovor-o-izgradnji-zicare-na-hajli\/#primaryimage\",\"url\":\"https:\/\/sandzakpress.net\/arhiva\/wp-content\/uploads\/2019\/07\/20190702110728_1e952175-d05f-444d-986a-c774a67fdad5.jpeg.jpg\",\"contentUrl\":\"https:\/\/sandzakpress.net\/arhiva\/wp-content\/uploads\/2019\/07\/20190702110728_1e952175-d05f-444d-986a-c774a67fdad5.jpeg.jpg\",\"width\":800,\"height\":385},{\"@type\":\"BreadcrumbList\",\"@id\":\"https:\/\/sandzakpress.net\/arhiva\/potpisan-ugovor-o-izgradnji-zicare-na-hajli\/#breadcrumb\",\"itemListElement\":[{\"@type\":\"ListItem\",\"position\":1,\"name\":\"Home\",\"item\":\"https:\/\/sandzakpress.net\/arhiva\/\"},{\"@type\":\"ListItem\",\"position\":2,\"name\":\"Potpisan ugovor o izgradnji \u017ei\u010dare na Hajli\"}]},{\"@type\":\"WebSite\",\"@id\":\"https:\/\/sandzakpress.net\/arhiva\/#website\",\"url\":\"https:\/\/sandzakpress.net\/arhiva\/\",\"name\":\"Sand\u017eak PRESS\",\"description\":\"Prve elektronske novine u Sand\u017eaku\",\"publisher\":{\"@id\":\"https:\/\/sandzakpress.net\/arhiva\/#\/schema\/person\/6e72b67d6e51910a1117b3b483ba20bd\"},\"potentialAction\":[{\"@type\":\"SearchAction\",\"target\":{\"@type\":\"EntryPoint\",\"urlTemplate\":\"https:\/\/sandzakpress.net\/arhiva\/?s={search_term_string}\"},\"query-input\":{\"@type\":\"PropertyValueSpecification\",\"valueRequired\":true,\"valueName\":\"search_term_string\"}}],\"inLanguage\":\"bs-BA\"},{\"@type\":[\"Person\",\"Organization\"],\"@id\":\"https:\/\/sandzakpress.net\/arhiva\/#\/schema\/person\/6e72b67d6e51910a1117b3b483ba20bd\",\"name\":\"Kul\",\"image\":{\"@type\":\"ImageObject\",\"inLanguage\":\"bs-BA\",\"@id\":\"https:\/\/sandzakpress.net\/arhiva\/#\/schema\/person\/image\/\",\"url\":\"https:\/\/secure.gravatar.com\/avatar\/42263f39aa27ac04c43cab85c280eb2e?s=96&d=mm&r=pg\",\"contentUrl\":\"https:\/\/secure.gravatar.com\/avatar\/42263f39aa27ac04c43cab85c280eb2e?s=96&d=mm&r=pg\",\"caption\":\"Kul\"},\"logo\":{\"@id\":\"https:\/\/sandzakpress.net\/arhiva\/#\/schema\/person\/image\/\"}},{\"@type\":\"Person\",\"@id\":\"https:\/\/sandzakpress.net\/arhiva\/#\/schema\/person\/cb59d7e3ab91ab90dd680ad0305a6185\",\"name\":\"Agencija\",\"image\":{\"@type\":\"ImageObject\",\"inLanguage\":\"bs-BA\",\"@id\":\"https:\/\/sandzakpress.net\/arhiva\/#\/schema\/person\/image\/\",\"url\":\"https:\/\/secure.gravatar.com\/avatar\/4b7fafa80a22f0c2afe23966b3961fe0?s=96&d=mm&r=pg\",\"contentUrl\":\"https:\/\/secure.gravatar.com\/avatar\/4b7fafa80a22f0c2afe23966b3961fe0?s=96&d=mm&r=pg\",\"caption\":\"Agencija\"},\"url\":\"https:\/\/sandzakpress.net\/arhiva\/author\/agencija\/\"}]}<\/script>\n<!-- \/ Yoast SEO Premium plugin. -->","yoast_head_json":{"title":"Potpisan ugovor o izgradnji \u017ei\u010dare na Hajli","robots":{"index":"index","follow":"follow","max-snippet":"max-snippet:-1","max-image-preview":"max-image-preview:large","max-video-preview":"max-video-preview:-1"},"canonical":"https:\/\/sandzakpress.net\/arhiva\/potpisan-ugovor-o-izgradnji-zicare-na-hajli\/","og_locale":"bs_BA","og_type":"article","og_title":"Potpisan ugovor o izgradnji \u017ei\u010dare na Hajli","og_description":"Uprava javnih radova i sarajevsko preduze\u0107e Strucon potpisali su ugovor o izradi idejnog rje\u0161enja, glavnog projekta i izgradnju \u0161estosjedne isklopive \u017ei\u010dare na Hajli, u Ro\u017eajama. Iz Vladine Slu\u017ebe za odnose sa javno\u0161\u0107u saop\u0161teno je da je u ponedjeljak tako\u0111e ugovorena i izrada idejnog rje\u0161enja ski staza na toj lokaciji. \u201cUgovorena vrijednost izrade tehni\u010dke dokumentacije i [&hellip;]","og_url":"https:\/\/sandzakpress.net\/arhiva\/potpisan-ugovor-o-izgradnji-zicare-na-hajli\/","og_site_name":"Sand\u017eak PRESS","article_published_time":"2019-07-03T11:23:07+00:00","og_image":[{"width":800,"height":385,"url":"https:\/\/sandzakpress.net\/arhiva\/wp-content\/uploads\/2019\/07\/20190702110728_1e952175-d05f-444d-986a-c774a67fdad5.jpeg.jpg","type":"image\/jpeg"}],"author":"Agencija","twitter_card":"summary_large_image","twitter_misc":{"Written by":"Agencija","Est. reading time":"1 minuta"},"schema":{"@context":"https:\/\/schema.org","@graph":[{"@type":"Article","@id":"https:\/\/sandzakpress.net\/arhiva\/potpisan-ugovor-o-izgradnji-zicare-na-hajli\/#article","isPartOf":{"@id":"https:\/\/sandzakpress.net\/arhiva\/potpisan-ugovor-o-izgradnji-zicare-na-hajli\/"},"author":{"name":"Agencija","@id":"https:\/\/sandzakpress.net\/arhiva\/#\/schema\/person\/cb59d7e3ab91ab90dd680ad0305a6185"},"headline":"Potpisan ugovor o izgradnji \u017ei\u010dare na Hajli","datePublished":"2019-07-03T11:23:07+00:00","mainEntityOfPage":{"@id":"https:\/\/sandzakpress.net\/arhiva\/potpisan-ugovor-o-izgradnji-zicare-na-hajli\/"},"wordCount":249,"commentCount":0,"publisher":{"@id":"https:\/\/sandzakpress.net\/arhiva\/#\/schema\/person\/6e72b67d6e51910a1117b3b483ba20bd"},"image":{"@id":"https:\/\/sandzakpress.net\/arhiva\/potpisan-ugovor-o-izgradnji-zicare-na-hajli\/#primaryimage"},"thumbnailUrl":"https:\/\/sandzakpress.net\/arhiva\/wp-content\/uploads\/2019\/07\/20190702110728_1e952175-d05f-444d-986a-c774a67fdad5.jpeg.jpg","articleSection":["Ro\u017eaje","Privreda","VA\u017dNO!"],"inLanguage":"bs-BA","potentialAction":[{"@type":"CommentAction","name":"Comment","target":["https:\/\/sandzakpress.net\/arhiva\/potpisan-ugovor-o-izgradnji-zicare-na-hajli\/#respond"]}]},{"@type":"WebPage","@id":"https:\/\/sandzakpress.net\/arhiva\/potpisan-ugovor-o-izgradnji-zicare-na-hajli\/","url":"https:\/\/sandzakpress.net\/arhiva\/potpisan-ugovor-o-izgradnji-zicare-na-hajli\/","name":"Potpisan ugovor o izgradnji \u017ei\u010dare na Hajli","isPartOf":{"@id":"https:\/\/sandzakpress.net\/arhiva\/#website"},"primaryImageOfPage":{"@id":"https:\/\/sandzakpress.net\/arhiva\/potpisan-ugovor-o-izgradnji-zicare-na-hajli\/#primaryimage"},"image":{"@id":"https:\/\/sandzakpress.net\/arhiva\/potpisan-ugovor-o-izgradnji-zicare-na-hajli\/#primaryimage"},"thumbnailUrl":"https:\/\/sandzakpress.net\/arhiva\/wp-content\/uploads\/2019\/07\/20190702110728_1e952175-d05f-444d-986a-c774a67fdad5.jpeg.jpg","datePublished":"2019-07-03T11:23:07+00:00","breadcrumb":{"@id":"https:\/\/sandzakpress.net\/arhiva\/potpisan-ugovor-o-izgradnji-zicare-na-hajli\/#breadcrumb"},"inLanguage":"bs-BA","potentialAction":[{"@type":"ReadAction","target":["https:\/\/sandzakpress.net\/arhiva\/potpisan-ugovor-o-izgradnji-zicare-na-hajli\/"]}]},{"@type":"ImageObject","inLanguage":"bs-BA","@id":"https:\/\/sandzakpress.net\/arhiva\/potpisan-ugovor-o-izgradnji-zicare-na-hajli\/#primaryimage","url":"https:\/\/sandzakpress.net\/arhiva\/wp-content\/uploads\/2019\/07\/20190702110728_1e952175-d05f-444d-986a-c774a67fdad5.jpeg.jpg","contentUrl":"https:\/\/sandzakpress.net\/arhiva\/wp-content\/uploads\/2019\/07\/20190702110728_1e952175-d05f-444d-986a-c774a67fdad5.jpeg.jpg","width":800,"height":385},{"@type":"BreadcrumbList","@id":"https:\/\/sandzakpress.net\/arhiva\/potpisan-ugovor-o-izgradnji-zicare-na-hajli\/#breadcrumb","itemListElement":[{"@type":"ListItem","position":1,"name":"Home","item":"https:\/\/sandzakpress.net\/arhiva\/"},{"@type":"ListItem","position":2,"name":"Potpisan ugovor o izgradnji \u017ei\u010dare na Hajli"}]},{"@type":"WebSite","@id":"https:\/\/sandzakpress.net\/arhiva\/#website","url":"https:\/\/sandzakpress.net\/arhiva\/","name":"Sand\u017eak PRESS","description":"Prve elektronske novine u Sand\u017eaku","publisher":{"@id":"https:\/\/sandzakpress.net\/arhiva\/#\/schema\/person\/6e72b67d6e51910a1117b3b483ba20bd"},"potentialAction":[{"@type":"SearchAction","target":{"@type":"EntryPoint","urlTemplate":"https:\/\/sandzakpress.net\/arhiva\/?s={search_term_string}"},"query-input":{"@type":"PropertyValueSpecification","valueRequired":true,"valueName":"search_term_string"}}],"inLanguage":"bs-BA"},{"@type":["Person","Organization"],"@id":"https:\/\/sandzakpress.net\/arhiva\/#\/schema\/person\/6e72b67d6e51910a1117b3b483ba20bd","name":"Kul","image":{"@type":"ImageObject","inLanguage":"bs-BA","@id":"https:\/\/sandzakpress.net\/arhiva\/#\/schema\/person\/image\/","url":"https:\/\/secure.gravatar.com\/avatar\/42263f39aa27ac04c43cab85c280eb2e?s=96&d=mm&r=pg","contentUrl":"https:\/\/secure.gravatar.com\/avatar\/42263f39aa27ac04c43cab85c280eb2e?s=96&d=mm&r=pg","caption":"Kul"},"logo":{"@id":"https:\/\/sandzakpress.net\/arhiva\/#\/schema\/person\/image\/"}},{"@type":"Person","@id":"https:\/\/sandzakpress.net\/arhiva\/#\/schema\/person\/cb59d7e3ab91ab90dd680ad0305a6185","name":"Agencija","image":{"@type":"ImageObject","inLanguage":"bs-BA","@id":"https:\/\/sandzakpress.net\/arhiva\/#\/schema\/person\/image\/","url":"https:\/\/secure.gravatar.com\/avatar\/4b7fafa80a22f0c2afe23966b3961fe0?s=96&d=mm&r=pg","contentUrl":"https:\/\/secure.gravatar.com\/avatar\/4b7fafa80a22f0c2afe23966b3961fe0?s=96&d=mm&r=pg","caption":"Agencija"},"url":"https:\/\/sandzakpress.net\/arhiva\/author\/agencija\/"}]}},"_links":{"self":[{"href":"https:\/\/sandzakpress.net\/arhiva\/wp-json\/wp\/v2\/posts\/225581"}],"collection":[{"href":"https:\/\/sandzakpress.net\/arhiva\/wp-json\/wp\/v2\/posts"}],"about":[{"href":"https:\/\/sandzakpress.net\/arhiva\/wp-json\/wp\/v2\/types\/post"}],"author":[{"embeddable":true,"href":"https:\/\/sandzakpress.net\/arhiva\/wp-json\/wp\/v2\/users\/509"}],"replies":[{"embeddable":true,"href":"https:\/\/sandzakpress.net\/arhiva\/wp-json\/wp\/v2\/comments?post=225581"}],"version-history":[{"count":0,"href":"https:\/\/sandzakpress.net\/arhiva\/wp-json\/wp\/v2\/posts\/225581\/revisions"}],"wp:featuredmedia":[{"embeddable":true,"href":"https:\/\/sandzakpress.net\/arhiva\/wp-json\/wp\/v2\/media\/225582"}],"wp:attachment":[{"href":"https:\/\/sandzakpress.net\/arhiva\/wp-json\/wp\/v2\/media?parent=225581"}],"wp:term":[{"taxonomy":"category","embeddable":true,"href":"https:\/\/sandzakpress.net\/arhiva\/wp-json\/wp\/v2\/categories?post=225581"},{"taxonomy":"post_tag","embeddable":true,"href":"https:\/\/sandzakpress.net\/arhiva\/wp-json\/wp\/v2\/tags?post=225581"}],"curies":[{"name":"wp","href":"https:\/\/api.w.org\/{rel}","templated":true}]}}