{"id":225553,"date":"2019-07-03T12:36:15","date_gmt":"2019-07-03T10:36:15","guid":{"rendered":"https:\/\/sandzakpress.net\/arhiva\/?p=225553"},"modified":"2019-07-03T12:36:15","modified_gmt":"2019-07-03T10:36:15","slug":"pljevlja-pod-minaretom-porusene-dzamije-se-danas-struja-placa","status":"publish","type":"post","link":"https:\/\/sandzakpress.net\/arhiva\/pljevlja-pod-minaretom-porusene-dzamije-se-danas-struja-placa\/","title":{"rendered":"Pljevlja &#8211; Pod minaretom poru\u0161ene d\u017eamije se danas struja pla\u0107a"},"content":{"rendered":"<p><img decoding=\"async\" src=\"https:\/\/www.vijesti.me\/media\/2019070122070_16d7daa1-8a8e-402a-8967-f4a79593ac88.jpeg\" alt=\"Od d\u00c5\u00beamije ostao samo minaret\" \/><\/p>\n<p><strong>Na temeljima poru\u0161ene Had\u017ei-Hasan d\u017eamije u Pljevljima sedamdesetih godina pro\u0161log vijeka izgra\u0111ena je zgrada pljevaljske Elektrodistribucije, u kojoj je danas smje\u0161tena naplatna slu\u017eba Elektroprivrede Crne Gore.<\/strong><\/p>\n<p>Da su se na tom mjestu obavljali vjerski obredi, danas jedino svjedo\u010di minaret od 30 metara, na zapadnoj strani zgrade u kojoj gra\u0111ani danas pla\u0107aju struju.<\/p>\n<p>Mujezin Husein-pa\u0161ine d\u017eamije u Pljevljima Jakub Durgut ka\u017ee da nije poznato vrijeme gradnje d\u017eamije na Jaliji, pod kojim imenom je poznatiji taj vjerski objekat.<\/p>\n<p>\u201cD\u017eamija je eksproprisana 1963. godine i poru\u0161ena, kao i groblje u njenom haremu. Od nje je ostao jedino kameni minaret visok oko 30 metara u vrlo lo\u0161em stanju, kao svjedo\u010danstvo jednog vremena. Na temeljima d\u017eamije sagra\u0111ena je zgrada Elektrodistribucije, gdje se nalazi i danas. Nije poznato vrijeme gradnje ove d\u017eamije, ali se zna da je imala dvori\u0161te koje je slu\u017eilo kao groblje, u koje su se sahranjivali mje\u0161tani istoimene mahale. D\u017eamija je imala lijepe sofe i \u010desmu u dvori\u0161tu. Od nje je do dana danas ostalo vrlo lijepo kameno munare\u201d, rekao je Durgut.<\/p>\n<p>On ka\u017ee da je to jedinstven primjer da se na temeljima d\u017eamije, neposredno uz minaret, izgradi jedan svjetovni objekat.<\/p>\n<p>\u201cPo stilu gradnje i o\u010duvanog minareta, d\u017eamija je gra\u0111ena vjerovatno po\u010detkom 16. vijeka. Poznati putopisac iz tog vremena Evlija \u010celebija je prilikom posjete Taslid\u017ei (Pljevljima) 1664. godine zabilje\u017eio da je \u2018me\u0111u deset d\u017eamija sa mihrabom, najstarija d\u017eamija pored rijeke Breznice\u2019. Da li je mislio na ovu d\u017eamiju &#8211; nije poznato. Neki hroni\u010dari navode da je to bila prva d\u017eamija koju su Osmanlije sagradili u Pljevljima, s obzirom da je Had\u017ei-Hasan d\u017eamija uvijek bila u rangu Husein-pa\u0161ine i Rizvan-\u010dau\u0161eve i da je najbli\u017ea rijeci Breznici. Svojevremeno je u haremu d\u017eamije bilo groblje i \u010desma, za koju je voda dovedena drvenim cijevima\u201d, isti\u010de Durgut, koji ka\u017ee da nema sa\u010duvanih slika Had\u017ei-Hasanove d\u017eamije na Jaliji. U Islamskoj zajednici u Pljevljima, isti\u010de Durgut, o\u010dekuju da \u0107e u Crnoj Gori biti usvojen Zakon o restituciji i da \u0107e se ponovo na tom mjestu biti podignuta d\u017eamija.<\/p>\n<p>Durgut isti\u010de da je 2011. godine ura\u0111ena sanacija minareta na poru\u0161enoj Had\u017ei-Hasan d\u017eamiji, koji je bila u veoma lo\u0161em stanju. Projekat sanacije minareta uradio je Gra\u0111evinski fakultet iz Podgorice, jo\u0161 2003. godine, ali zbog nedostatka finansijskih sredstava Islamska zajednica u Pljevljima nije bila u mogu\u0107nosti da sama finansira sanaciju i za\u0161titu vjerskog objekta.<\/p>\n<p>Nekoliko godina kasnije, projekat sanacije minareta finansirala je Turska agencija za me\u0111unarodnu saradnju i razvoj TIKA.<\/p>\n<p>Ura\u0111eno je oja\u010davanje temelja minareta, oja\u010davanje kompletnog objekta savremenom tehnologijom karbonskim vlaknima, malterisanje, novi bakarni krovni pokriva\u010d, gromobranska za\u0161tita, sanirano unutra\u0161nje kameno stepeni\u0161te, ura\u0111ena nova ulazna drvena vrata i kompletno \u010di\u0161\u0107enje kamenih povr\u0161ina.<\/p>\n<p>(Vijesti)<\/p>\n","protected":false},"excerpt":{"rendered":"<p>Na temeljima poru\u0161ene Had\u017ei-Hasan d\u017eamije u Pljevljima sedamdesetih godina pro\u0161log vijeka izgra\u0111ena je zgrada pljevaljske Elektrodistribucije, u kojoj je danas smje\u0161tena naplatna slu\u017eba Elektroprivrede Crne Gore. Da su se na tom mjestu obavljali vjerski obredi, danas jedino svjedo\u010di minaret od 30 metara, na zapadnoj strani zgrade u kojoj gra\u0111ani danas pla\u0107aju struju. Mujezin Husein-pa\u0161ine d\u017eamije [&hellip;]<\/p>\n","protected":false},"author":509,"featured_media":225557,"comment_status":"open","ping_status":"open","sticky":false,"template":"","format":"standard","meta":{"footnotes":""},"categories":[395,5,8957],"tags":[],"class_list":{"0":"post-225553","1":"post","2":"type-post","3":"status-publish","4":"format-standard","5":"has-post-thumbnail","7":"category-pljevlja_","8":"category-drustvo","9":"category-vijesti-dana"},"yoast_head":"<!-- This site is optimized with the Yoast SEO Premium plugin v23.1 (Yoast SEO v24.9) - https:\/\/yoast.com\/wordpress\/plugins\/seo\/ -->\n<title>Pljevlja - Pod minaretom poru\u0161ene d\u017eamije se danas struja pla\u0107a<\/title>\n<meta name=\"robots\" content=\"index, follow, max-snippet:-1, max-image-preview:large, max-video-preview:-1\" \/>\n<link rel=\"canonical\" href=\"https:\/\/sandzakpress.net\/arhiva\/pljevlja-pod-minaretom-porusene-dzamije-se-danas-struja-placa\/\" \/>\n<meta property=\"og:locale\" content=\"bs_BA\" \/>\n<meta property=\"og:type\" content=\"article\" \/>\n<meta property=\"og:title\" content=\"Pljevlja - Pod minaretom poru\u0161ene d\u017eamije se danas struja pla\u0107a\" \/>\n<meta property=\"og:description\" content=\"Na temeljima poru\u0161ene Had\u017ei-Hasan d\u017eamije u Pljevljima sedamdesetih godina pro\u0161log vijeka izgra\u0111ena je zgrada pljevaljske Elektrodistribucije, u kojoj je danas smje\u0161tena naplatna slu\u017eba Elektroprivrede Crne Gore. Da su se na tom mjestu obavljali vjerski obredi, danas jedino svjedo\u010di minaret od 30 metara, na zapadnoj strani zgrade u kojoj gra\u0111ani danas pla\u0107aju struju. Mujezin Husein-pa\u0161ine d\u017eamije [&hellip;]\" \/>\n<meta property=\"og:url\" content=\"https:\/\/sandzakpress.net\/arhiva\/pljevlja-pod-minaretom-porusene-dzamije-se-danas-struja-placa\/\" \/>\n<meta property=\"og:site_name\" content=\"Sand\u017eak PRESS\" \/>\n<meta property=\"article:published_time\" content=\"2019-07-03T10:36:15+00:00\" \/>\n<meta property=\"og:image\" content=\"https:\/\/sandzakpress.net\/arhiva\/wp-content\/uploads\/2019\/07\/2019070122070_16d7daa1-8a8e-402a-8967-f4a79593ac88.jpeg.jpg\" \/>\n\t<meta property=\"og:image:width\" content=\"800\" \/>\n\t<meta property=\"og:image:height\" content=\"385\" \/>\n\t<meta property=\"og:image:type\" content=\"image\/jpeg\" \/>\n<meta name=\"author\" content=\"Agencija\" \/>\n<meta name=\"twitter:card\" content=\"summary_large_image\" \/>\n<meta name=\"twitter:label1\" content=\"Written by\" \/>\n\t<meta name=\"twitter:data1\" content=\"Agencija\" \/>\n\t<meta name=\"twitter:label2\" content=\"Est. reading time\" \/>\n\t<meta name=\"twitter:data2\" content=\"2 minute\" \/>\n<script type=\"application\/ld+json\" class=\"yoast-schema-graph\">{\"@context\":\"https:\/\/schema.org\",\"@graph\":[{\"@type\":\"Article\",\"@id\":\"https:\/\/sandzakpress.net\/arhiva\/pljevlja-pod-minaretom-porusene-dzamije-se-danas-struja-placa\/#article\",\"isPartOf\":{\"@id\":\"https:\/\/sandzakpress.net\/arhiva\/pljevlja-pod-minaretom-porusene-dzamije-se-danas-struja-placa\/\"},\"author\":{\"name\":\"Agencija\",\"@id\":\"https:\/\/sandzakpress.net\/arhiva\/#\/schema\/person\/cb59d7e3ab91ab90dd680ad0305a6185\"},\"headline\":\"Pljevlja &#8211; Pod minaretom poru\u0161ene d\u017eamije se danas struja pla\u0107a\",\"datePublished\":\"2019-07-03T10:36:15+00:00\",\"mainEntityOfPage\":{\"@id\":\"https:\/\/sandzakpress.net\/arhiva\/pljevlja-pod-minaretom-porusene-dzamije-se-danas-struja-placa\/\"},\"wordCount\":512,\"commentCount\":2,\"publisher\":{\"@id\":\"https:\/\/sandzakpress.net\/arhiva\/#\/schema\/person\/6e72b67d6e51910a1117b3b483ba20bd\"},\"image\":{\"@id\":\"https:\/\/sandzakpress.net\/arhiva\/pljevlja-pod-minaretom-porusene-dzamije-se-danas-struja-placa\/#primaryimage\"},\"thumbnailUrl\":\"https:\/\/sandzakpress.net\/arhiva\/wp-content\/uploads\/2019\/07\/2019070122070_16d7daa1-8a8e-402a-8967-f4a79593ac88.jpeg.jpg\",\"articleSection\":[\"Pljevlja\",\"Dru\u0161tvo\",\"VIJESTI DANA\"],\"inLanguage\":\"bs-BA\",\"potentialAction\":[{\"@type\":\"CommentAction\",\"name\":\"Comment\",\"target\":[\"https:\/\/sandzakpress.net\/arhiva\/pljevlja-pod-minaretom-porusene-dzamije-se-danas-struja-placa\/#respond\"]}]},{\"@type\":\"WebPage\",\"@id\":\"https:\/\/sandzakpress.net\/arhiva\/pljevlja-pod-minaretom-porusene-dzamije-se-danas-struja-placa\/\",\"url\":\"https:\/\/sandzakpress.net\/arhiva\/pljevlja-pod-minaretom-porusene-dzamije-se-danas-struja-placa\/\",\"name\":\"Pljevlja - Pod minaretom poru\u0161ene d\u017eamije se danas struja pla\u0107a\",\"isPartOf\":{\"@id\":\"https:\/\/sandzakpress.net\/arhiva\/#website\"},\"primaryImageOfPage\":{\"@id\":\"https:\/\/sandzakpress.net\/arhiva\/pljevlja-pod-minaretom-porusene-dzamije-se-danas-struja-placa\/#primaryimage\"},\"image\":{\"@id\":\"https:\/\/sandzakpress.net\/arhiva\/pljevlja-pod-minaretom-porusene-dzamije-se-danas-struja-placa\/#primaryimage\"},\"thumbnailUrl\":\"https:\/\/sandzakpress.net\/arhiva\/wp-content\/uploads\/2019\/07\/2019070122070_16d7daa1-8a8e-402a-8967-f4a79593ac88.jpeg.jpg\",\"datePublished\":\"2019-07-03T10:36:15+00:00\",\"breadcrumb\":{\"@id\":\"https:\/\/sandzakpress.net\/arhiva\/pljevlja-pod-minaretom-porusene-dzamije-se-danas-struja-placa\/#breadcrumb\"},\"inLanguage\":\"bs-BA\",\"potentialAction\":[{\"@type\":\"ReadAction\",\"target\":[\"https:\/\/sandzakpress.net\/arhiva\/pljevlja-pod-minaretom-porusene-dzamije-se-danas-struja-placa\/\"]}]},{\"@type\":\"ImageObject\",\"inLanguage\":\"bs-BA\",\"@id\":\"https:\/\/sandzakpress.net\/arhiva\/pljevlja-pod-minaretom-porusene-dzamije-se-danas-struja-placa\/#primaryimage\",\"url\":\"https:\/\/sandzakpress.net\/arhiva\/wp-content\/uploads\/2019\/07\/2019070122070_16d7daa1-8a8e-402a-8967-f4a79593ac88.jpeg.jpg\",\"contentUrl\":\"https:\/\/sandzakpress.net\/arhiva\/wp-content\/uploads\/2019\/07\/2019070122070_16d7daa1-8a8e-402a-8967-f4a79593ac88.jpeg.jpg\",\"width\":800,\"height\":385},{\"@type\":\"BreadcrumbList\",\"@id\":\"https:\/\/sandzakpress.net\/arhiva\/pljevlja-pod-minaretom-porusene-dzamije-se-danas-struja-placa\/#breadcrumb\",\"itemListElement\":[{\"@type\":\"ListItem\",\"position\":1,\"name\":\"Home\",\"item\":\"https:\/\/sandzakpress.net\/arhiva\/\"},{\"@type\":\"ListItem\",\"position\":2,\"name\":\"Pljevlja &#8211; Pod minaretom poru\u0161ene d\u017eamije se danas struja pla\u0107a\"}]},{\"@type\":\"WebSite\",\"@id\":\"https:\/\/sandzakpress.net\/arhiva\/#website\",\"url\":\"https:\/\/sandzakpress.net\/arhiva\/\",\"name\":\"Sand\u017eak PRESS\",\"description\":\"Prve elektronske novine u Sand\u017eaku\",\"publisher\":{\"@id\":\"https:\/\/sandzakpress.net\/arhiva\/#\/schema\/person\/6e72b67d6e51910a1117b3b483ba20bd\"},\"potentialAction\":[{\"@type\":\"SearchAction\",\"target\":{\"@type\":\"EntryPoint\",\"urlTemplate\":\"https:\/\/sandzakpress.net\/arhiva\/?s={search_term_string}\"},\"query-input\":{\"@type\":\"PropertyValueSpecification\",\"valueRequired\":true,\"valueName\":\"search_term_string\"}}],\"inLanguage\":\"bs-BA\"},{\"@type\":[\"Person\",\"Organization\"],\"@id\":\"https:\/\/sandzakpress.net\/arhiva\/#\/schema\/person\/6e72b67d6e51910a1117b3b483ba20bd\",\"name\":\"Kul\",\"image\":{\"@type\":\"ImageObject\",\"inLanguage\":\"bs-BA\",\"@id\":\"https:\/\/sandzakpress.net\/arhiva\/#\/schema\/person\/image\/\",\"url\":\"https:\/\/secure.gravatar.com\/avatar\/42263f39aa27ac04c43cab85c280eb2e?s=96&d=mm&r=pg\",\"contentUrl\":\"https:\/\/secure.gravatar.com\/avatar\/42263f39aa27ac04c43cab85c280eb2e?s=96&d=mm&r=pg\",\"caption\":\"Kul\"},\"logo\":{\"@id\":\"https:\/\/sandzakpress.net\/arhiva\/#\/schema\/person\/image\/\"}},{\"@type\":\"Person\",\"@id\":\"https:\/\/sandzakpress.net\/arhiva\/#\/schema\/person\/cb59d7e3ab91ab90dd680ad0305a6185\",\"name\":\"Agencija\",\"image\":{\"@type\":\"ImageObject\",\"inLanguage\":\"bs-BA\",\"@id\":\"https:\/\/sandzakpress.net\/arhiva\/#\/schema\/person\/image\/\",\"url\":\"https:\/\/secure.gravatar.com\/avatar\/4b7fafa80a22f0c2afe23966b3961fe0?s=96&d=mm&r=pg\",\"contentUrl\":\"https:\/\/secure.gravatar.com\/avatar\/4b7fafa80a22f0c2afe23966b3961fe0?s=96&d=mm&r=pg\",\"caption\":\"Agencija\"},\"url\":\"https:\/\/sandzakpress.net\/arhiva\/author\/agencija\/\"}]}<\/script>\n<!-- \/ Yoast SEO Premium plugin. -->","yoast_head_json":{"title":"Pljevlja - Pod minaretom poru\u0161ene d\u017eamije se danas struja pla\u0107a","robots":{"index":"index","follow":"follow","max-snippet":"max-snippet:-1","max-image-preview":"max-image-preview:large","max-video-preview":"max-video-preview:-1"},"canonical":"https:\/\/sandzakpress.net\/arhiva\/pljevlja-pod-minaretom-porusene-dzamije-se-danas-struja-placa\/","og_locale":"bs_BA","og_type":"article","og_title":"Pljevlja - Pod minaretom poru\u0161ene d\u017eamije se danas struja pla\u0107a","og_description":"Na temeljima poru\u0161ene Had\u017ei-Hasan d\u017eamije u Pljevljima sedamdesetih godina pro\u0161log vijeka izgra\u0111ena je zgrada pljevaljske Elektrodistribucije, u kojoj je danas smje\u0161tena naplatna slu\u017eba Elektroprivrede Crne Gore. Da su se na tom mjestu obavljali vjerski obredi, danas jedino svjedo\u010di minaret od 30 metara, na zapadnoj strani zgrade u kojoj gra\u0111ani danas pla\u0107aju struju. Mujezin Husein-pa\u0161ine d\u017eamije [&hellip;]","og_url":"https:\/\/sandzakpress.net\/arhiva\/pljevlja-pod-minaretom-porusene-dzamije-se-danas-struja-placa\/","og_site_name":"Sand\u017eak PRESS","article_published_time":"2019-07-03T10:36:15+00:00","og_image":[{"width":800,"height":385,"url":"https:\/\/sandzakpress.net\/arhiva\/wp-content\/uploads\/2019\/07\/2019070122070_16d7daa1-8a8e-402a-8967-f4a79593ac88.jpeg.jpg","type":"image\/jpeg"}],"author":"Agencija","twitter_card":"summary_large_image","twitter_misc":{"Written by":"Agencija","Est. reading time":"2 minute"},"schema":{"@context":"https:\/\/schema.org","@graph":[{"@type":"Article","@id":"https:\/\/sandzakpress.net\/arhiva\/pljevlja-pod-minaretom-porusene-dzamije-se-danas-struja-placa\/#article","isPartOf":{"@id":"https:\/\/sandzakpress.net\/arhiva\/pljevlja-pod-minaretom-porusene-dzamije-se-danas-struja-placa\/"},"author":{"name":"Agencija","@id":"https:\/\/sandzakpress.net\/arhiva\/#\/schema\/person\/cb59d7e3ab91ab90dd680ad0305a6185"},"headline":"Pljevlja &#8211; Pod minaretom poru\u0161ene d\u017eamije se danas struja pla\u0107a","datePublished":"2019-07-03T10:36:15+00:00","mainEntityOfPage":{"@id":"https:\/\/sandzakpress.net\/arhiva\/pljevlja-pod-minaretom-porusene-dzamije-se-danas-struja-placa\/"},"wordCount":512,"commentCount":2,"publisher":{"@id":"https:\/\/sandzakpress.net\/arhiva\/#\/schema\/person\/6e72b67d6e51910a1117b3b483ba20bd"},"image":{"@id":"https:\/\/sandzakpress.net\/arhiva\/pljevlja-pod-minaretom-porusene-dzamije-se-danas-struja-placa\/#primaryimage"},"thumbnailUrl":"https:\/\/sandzakpress.net\/arhiva\/wp-content\/uploads\/2019\/07\/2019070122070_16d7daa1-8a8e-402a-8967-f4a79593ac88.jpeg.jpg","articleSection":["Pljevlja","Dru\u0161tvo","VIJESTI DANA"],"inLanguage":"bs-BA","potentialAction":[{"@type":"CommentAction","name":"Comment","target":["https:\/\/sandzakpress.net\/arhiva\/pljevlja-pod-minaretom-porusene-dzamije-se-danas-struja-placa\/#respond"]}]},{"@type":"WebPage","@id":"https:\/\/sandzakpress.net\/arhiva\/pljevlja-pod-minaretom-porusene-dzamije-se-danas-struja-placa\/","url":"https:\/\/sandzakpress.net\/arhiva\/pljevlja-pod-minaretom-porusene-dzamije-se-danas-struja-placa\/","name":"Pljevlja - Pod minaretom poru\u0161ene d\u017eamije se danas struja pla\u0107a","isPartOf":{"@id":"https:\/\/sandzakpress.net\/arhiva\/#website"},"primaryImageOfPage":{"@id":"https:\/\/sandzakpress.net\/arhiva\/pljevlja-pod-minaretom-porusene-dzamije-se-danas-struja-placa\/#primaryimage"},"image":{"@id":"https:\/\/sandzakpress.net\/arhiva\/pljevlja-pod-minaretom-porusene-dzamije-se-danas-struja-placa\/#primaryimage"},"thumbnailUrl":"https:\/\/sandzakpress.net\/arhiva\/wp-content\/uploads\/2019\/07\/2019070122070_16d7daa1-8a8e-402a-8967-f4a79593ac88.jpeg.jpg","datePublished":"2019-07-03T10:36:15+00:00","breadcrumb":{"@id":"https:\/\/sandzakpress.net\/arhiva\/pljevlja-pod-minaretom-porusene-dzamije-se-danas-struja-placa\/#breadcrumb"},"inLanguage":"bs-BA","potentialAction":[{"@type":"ReadAction","target":["https:\/\/sandzakpress.net\/arhiva\/pljevlja-pod-minaretom-porusene-dzamije-se-danas-struja-placa\/"]}]},{"@type":"ImageObject","inLanguage":"bs-BA","@id":"https:\/\/sandzakpress.net\/arhiva\/pljevlja-pod-minaretom-porusene-dzamije-se-danas-struja-placa\/#primaryimage","url":"https:\/\/sandzakpress.net\/arhiva\/wp-content\/uploads\/2019\/07\/2019070122070_16d7daa1-8a8e-402a-8967-f4a79593ac88.jpeg.jpg","contentUrl":"https:\/\/sandzakpress.net\/arhiva\/wp-content\/uploads\/2019\/07\/2019070122070_16d7daa1-8a8e-402a-8967-f4a79593ac88.jpeg.jpg","width":800,"height":385},{"@type":"BreadcrumbList","@id":"https:\/\/sandzakpress.net\/arhiva\/pljevlja-pod-minaretom-porusene-dzamije-se-danas-struja-placa\/#breadcrumb","itemListElement":[{"@type":"ListItem","position":1,"name":"Home","item":"https:\/\/sandzakpress.net\/arhiva\/"},{"@type":"ListItem","position":2,"name":"Pljevlja &#8211; Pod minaretom poru\u0161ene d\u017eamije se danas struja pla\u0107a"}]},{"@type":"WebSite","@id":"https:\/\/sandzakpress.net\/arhiva\/#website","url":"https:\/\/sandzakpress.net\/arhiva\/","name":"Sand\u017eak PRESS","description":"Prve elektronske novine u Sand\u017eaku","publisher":{"@id":"https:\/\/sandzakpress.net\/arhiva\/#\/schema\/person\/6e72b67d6e51910a1117b3b483ba20bd"},"potentialAction":[{"@type":"SearchAction","target":{"@type":"EntryPoint","urlTemplate":"https:\/\/sandzakpress.net\/arhiva\/?s={search_term_string}"},"query-input":{"@type":"PropertyValueSpecification","valueRequired":true,"valueName":"search_term_string"}}],"inLanguage":"bs-BA"},{"@type":["Person","Organization"],"@id":"https:\/\/sandzakpress.net\/arhiva\/#\/schema\/person\/6e72b67d6e51910a1117b3b483ba20bd","name":"Kul","image":{"@type":"ImageObject","inLanguage":"bs-BA","@id":"https:\/\/sandzakpress.net\/arhiva\/#\/schema\/person\/image\/","url":"https:\/\/secure.gravatar.com\/avatar\/42263f39aa27ac04c43cab85c280eb2e?s=96&d=mm&r=pg","contentUrl":"https:\/\/secure.gravatar.com\/avatar\/42263f39aa27ac04c43cab85c280eb2e?s=96&d=mm&r=pg","caption":"Kul"},"logo":{"@id":"https:\/\/sandzakpress.net\/arhiva\/#\/schema\/person\/image\/"}},{"@type":"Person","@id":"https:\/\/sandzakpress.net\/arhiva\/#\/schema\/person\/cb59d7e3ab91ab90dd680ad0305a6185","name":"Agencija","image":{"@type":"ImageObject","inLanguage":"bs-BA","@id":"https:\/\/sandzakpress.net\/arhiva\/#\/schema\/person\/image\/","url":"https:\/\/secure.gravatar.com\/avatar\/4b7fafa80a22f0c2afe23966b3961fe0?s=96&d=mm&r=pg","contentUrl":"https:\/\/secure.gravatar.com\/avatar\/4b7fafa80a22f0c2afe23966b3961fe0?s=96&d=mm&r=pg","caption":"Agencija"},"url":"https:\/\/sandzakpress.net\/arhiva\/author\/agencija\/"}]}},"_links":{"self":[{"href":"https:\/\/sandzakpress.net\/arhiva\/wp-json\/wp\/v2\/posts\/225553"}],"collection":[{"href":"https:\/\/sandzakpress.net\/arhiva\/wp-json\/wp\/v2\/posts"}],"about":[{"href":"https:\/\/sandzakpress.net\/arhiva\/wp-json\/wp\/v2\/types\/post"}],"author":[{"embeddable":true,"href":"https:\/\/sandzakpress.net\/arhiva\/wp-json\/wp\/v2\/users\/509"}],"replies":[{"embeddable":true,"href":"https:\/\/sandzakpress.net\/arhiva\/wp-json\/wp\/v2\/comments?post=225553"}],"version-history":[{"count":0,"href":"https:\/\/sandzakpress.net\/arhiva\/wp-json\/wp\/v2\/posts\/225553\/revisions"}],"wp:featuredmedia":[{"embeddable":true,"href":"https:\/\/sandzakpress.net\/arhiva\/wp-json\/wp\/v2\/media\/225557"}],"wp:attachment":[{"href":"https:\/\/sandzakpress.net\/arhiva\/wp-json\/wp\/v2\/media?parent=225553"}],"wp:term":[{"taxonomy":"category","embeddable":true,"href":"https:\/\/sandzakpress.net\/arhiva\/wp-json\/wp\/v2\/categories?post=225553"},{"taxonomy":"post_tag","embeddable":true,"href":"https:\/\/sandzakpress.net\/arhiva\/wp-json\/wp\/v2\/tags?post=225553"}],"curies":[{"name":"wp","href":"https:\/\/api.w.org\/{rel}","templated":true}]}}