{"id":225529,"date":"2019-07-02T14:10:32","date_gmt":"2019-07-02T12:10:32","guid":{"rendered":"https:\/\/sandzakpress.net\/arhiva\/?p=225529"},"modified":"2019-07-02T23:12:45","modified_gmt":"2019-07-02T21:12:45","slug":"mihajlovic-rekonstrukcija-puta-np-tt-u-septembru-kraj-za-dve-godine","status":"publish","type":"post","link":"https:\/\/sandzakpress.net\/arhiva\/mihajlovic-rekonstrukcija-puta-np-tt-u-septembru-kraj-za-dve-godine\/","title":{"rendered":"Mihajlovi\u0107: Rekonstrukcija puta NP \u2013 TT u septembru, kraj za dvije godine"},"content":{"rendered":"<p><img decoding=\"async\" class=\"aligncenter\" src=\"http:\/\/www.radiostoplus.com\/images\/clanci\/DRUSTVO\/liccnosti\/zorana_rasim_nino_jul2019.jpg\" \/><\/p>\n<p><b>Ministarka gra\u0111evinarstva, saobra\u0107aja i infrastrukture Zorana Mihajlovi\u0107 izjavila je danas da \u0107e rekonstrukcija puta Novi Pazar \u2013 Tutin po\u010deti u septembru i da je rok za zavr\u0161etak radova dvije godine.<\/b><\/p>\n<p>Ona je nakon sastanka sa predstavnicima lokalnih samouprava ovih gradova kazala da \u0107e radove izvoditi turska kompanija \u201cTa\u0161japi\u201d i da je projekat vrijedan 24 miliona eura koji su obezbje\u0111eni kreditom Turske.<\/p>\n<p>\u201cBez infrastrukture, saobra\u0107ajne i komunalne, nema napretka. Pored rekonstrukcije ovog, dogovoreni su radovi i za druge puteve, dok je rehabilitacija puta Prijepolje \u2013 Sjenica u toku. Pri\u010dali smo i ulaganjima u komunalnu infrastrukturu, pre\u010di\u0161\u0107avanju otpadnih voda i zamjeni azbestnih cijevi\u201d, kazala je Mihajlovi\u0107.<\/p>\n<p>Potrpredsjednica Vlade istakla je da po\u010dinje da se radi i na izradi projektno-tehni\u010dke dokumentacije za izgradnju autoputa Po\u017eega \u2013 Boljare, da \u0107e taj posao trajati oko godinu i po dana i da \u0107e se u me\u0111uvremenu razgovarati o na\u010dinima finansiranja.<\/p>\n<p>Na na\u0161e pitanje za\u0161to se na rekonstrukciju puta Novi Pazar \u2013 Tutin \u010dekalo 10 godina, potpredsjednica Vlade je odgovorila da se ne bi bavila time i da je najbitnije da \u0107e radovi po\u010deti u septembru.<\/p>\n<p>Ministar trgovine, turizma i telekomunikacija Rasim Ljaji\u0107 dodao je da su dva glavna razloga za to \u2013 prvi to \u0161to su Turci tra\u017eili da njihove firme u\u010destvuju sa 51 odsto u rekonstrukciji puta, a drugi visoke kamate.<\/p>\n<p>\u201cKamate su prvobitno iznosile preko 5,5 odsto, ali zahvaljuju\u0107i dobrim odnosima izme\u0111u dve zemlje, politi\u010dkoj volji i posve\u0107enosti Ministarstva gra\u0111evinarstva sada su uslovi kreditiranja znatno povoljniji, kamata je 2,5 odsto\u201d, rekao je Ljaji\u0107.<\/p>\n<p>On je izjavio da, zavr\u0161etkom radova na rekonstrukciji regionalnih puteva i izgradnjom autoputa Beograd \u2013 Boljare, Sand\u017eak vi\u0161e ne\u0107e biti \u201csaobra\u0107ajno i komunikacijsko slijepo crijevo\u201d.<\/p>\n<p>\u201cStanovnici ovih gradova \u0107e biti povezani me\u0111usobno, ali i sa Beogradom i Sarajevom. Ovi projekti su veliko ohrabrenje za gra\u0111ane Sand\u017eaka, ovo je najbolji put da se uspostavi puna politi\u010dka i dru\u0161tvena stabilnost i da se stvori osnov za ekonomski i socijalni razvoj regiona\u201d, poru\u010dio je Ljaji\u0107.<\/p>\n<p>Gradona\u010delnik Novog Pazara Nihat Bi\u0161evac kazao je da su sa predstavnicima Ministarstva gra\u0111evinarstva i \u201cPuteva Srbije\u201d dogovoreni i drugi projekti koji \u0107e unaprediti kvalitet \u017eivota svih \u017eitelja ovog grada.<\/p>\n<p>\u201cRadi\u0107e se kompletna rehabilitacija puta od Banjske petlje do centra grada, rekonstrukcija Ulice generala \u017divkovi\u0107a, kao i na nastavku obilaznice. Radi se i projekat za rekonstrukciju puta Novi Pazar &#8211; Sjenica\u201d, rekao je Bi\u0161evac.<\/p>\n<p>Predsjednik Op\u0161tine Tutin Kenan Hot kazao je da ga je obradovala vijest da \u0107e rekonstrukcija puta ka Novom Pazaru po\u010deti u septembru, kao i ti \u0161to \u0107e se, kako mu je obe\u0107ano iz \u201cPuteva Srbije\u201d, raditi preko 100 kilometara saobra\u0107ajnica u Sand\u017eaku.<\/p>\n<p>\u201cRadi\u0107e se i drugi projekti, a koje nam je obe\u0107ao predsjednik Srbije Aleksandar Vu\u010di\u0107 prilikom posjete Tutinu. To je ono \u0161to nam treba, \u0161to treba gra\u0111anima i privredi\u201d, naglasio je Hot.<\/p>\n<p>Predsjednik Op\u0161tine Sjenica Hazbo Mujovi\u0107 dodao je da ima uvjeravanja da \u0107e Sjenica sa svim gradovima u okru\u017eenju u naredne dvije godine biti povezana modernim saobra\u0107ajnicama.<\/p>\n<p>\u201cTo je veoma va\u017eno. O\u010dekujemo i da \u0107e autoput vrlo brzo pro\u0107i kroz Sjenicu i da se za nekoliko godina vi\u0161e ne\u0107emo nalaziti na listi nerazvijenih op\u0161tina\u201d, naveo je Mujovi\u0107.<\/p>\n<p>izvor: <a href=\"http:\/\/www.radiostoplus.com\/item\/26882\">Radiostoplus<\/a><\/p>\n","protected":false},"excerpt":{"rendered":"<p>Ministarka gra\u0111evinarstva, saobra\u0107aja i infrastrukture Zorana Mihajlovi\u0107 izjavila je danas da \u0107e rekonstrukcija puta Novi Pazar \u2013 Tutin po\u010deti u septembru i da je rok za zavr\u0161etak radova dvije godine. Ona je nakon sastanka sa predstavnicima lokalnih samouprava ovih gradova kazala da \u0107e radove izvoditi turska kompanija \u201cTa\u0161japi\u201d i da je projekat vrijedan 24 miliona [&hellip;]<\/p>\n","protected":false},"author":509,"featured_media":225530,"comment_status":"open","ping_status":"open","sticky":false,"template":"","format":"standard","meta":{"footnotes":""},"categories":[72,52,327,3,8957],"tags":[],"class_list":{"0":"post-225529","1":"post","2":"type-post","3":"status-publish","4":"format-standard","5":"has-post-thumbnail","7":"category-novi-pazar","8":"category-sjenica","9":"category-tutin","10":"category-privreda","11":"category-vijesti-dana"},"yoast_head":"<!-- This site is optimized with the Yoast SEO Premium plugin v23.1 (Yoast SEO v24.9) - https:\/\/yoast.com\/wordpress\/plugins\/seo\/ -->\n<title>Mihajlovi\u0107: Rekonstrukcija puta NP \u2013 TT u septembru, kraj za dvije godine<\/title>\n<meta name=\"robots\" content=\"index, follow, max-snippet:-1, max-image-preview:large, max-video-preview:-1\" \/>\n<link rel=\"canonical\" href=\"https:\/\/sandzakpress.net\/arhiva\/mihajlovic-rekonstrukcija-puta-np-tt-u-septembru-kraj-za-dve-godine\/\" \/>\n<meta property=\"og:locale\" content=\"bs_BA\" \/>\n<meta property=\"og:type\" content=\"article\" \/>\n<meta property=\"og:title\" content=\"Mihajlovi\u0107: Rekonstrukcija puta NP \u2013 TT u septembru, kraj za dvije godine\" \/>\n<meta property=\"og:description\" content=\"Ministarka gra\u0111evinarstva, saobra\u0107aja i infrastrukture Zorana Mihajlovi\u0107 izjavila je danas da \u0107e rekonstrukcija puta Novi Pazar \u2013 Tutin po\u010deti u septembru i da je rok za zavr\u0161etak radova dvije godine. Ona je nakon sastanka sa predstavnicima lokalnih samouprava ovih gradova kazala da \u0107e radove izvoditi turska kompanija \u201cTa\u0161japi\u201d i da je projekat vrijedan 24 miliona [&hellip;]\" \/>\n<meta property=\"og:url\" content=\"https:\/\/sandzakpress.net\/arhiva\/mihajlovic-rekonstrukcija-puta-np-tt-u-septembru-kraj-za-dve-godine\/\" \/>\n<meta property=\"og:site_name\" content=\"Sand\u017eak PRESS\" \/>\n<meta property=\"article:published_time\" content=\"2019-07-02T12:10:32+00:00\" \/>\n<meta property=\"article:modified_time\" content=\"2019-07-02T21:12:45+00:00\" \/>\n<meta property=\"og:image\" content=\"https:\/\/sandzakpress.net\/arhiva\/wp-content\/uploads\/2019\/07\/zorana_rasim_nino_jul2019.jpg\" \/>\n\t<meta property=\"og:image:width\" content=\"1280\" \/>\n\t<meta property=\"og:image:height\" content=\"807\" \/>\n\t<meta property=\"og:image:type\" content=\"image\/jpeg\" \/>\n<meta name=\"author\" content=\"Agencija\" \/>\n<meta name=\"twitter:card\" content=\"summary_large_image\" \/>\n<meta name=\"twitter:label1\" content=\"Written by\" \/>\n\t<meta name=\"twitter:data1\" content=\"Agencija\" \/>\n\t<meta name=\"twitter:label2\" content=\"Est. reading time\" \/>\n\t<meta name=\"twitter:data2\" content=\"3 minute\" \/>\n<script type=\"application\/ld+json\" class=\"yoast-schema-graph\">{\"@context\":\"https:\/\/schema.org\",\"@graph\":[{\"@type\":\"Article\",\"@id\":\"https:\/\/sandzakpress.net\/arhiva\/mihajlovic-rekonstrukcija-puta-np-tt-u-septembru-kraj-za-dve-godine\/#article\",\"isPartOf\":{\"@id\":\"https:\/\/sandzakpress.net\/arhiva\/mihajlovic-rekonstrukcija-puta-np-tt-u-septembru-kraj-za-dve-godine\/\"},\"author\":{\"name\":\"Agencija\",\"@id\":\"https:\/\/sandzakpress.net\/arhiva\/#\/schema\/person\/cb59d7e3ab91ab90dd680ad0305a6185\"},\"headline\":\"Mihajlovi\u0107: Rekonstrukcija puta NP \u2013 TT u septembru, kraj za dvije godine\",\"datePublished\":\"2019-07-02T12:10:32+00:00\",\"dateModified\":\"2019-07-02T21:12:45+00:00\",\"mainEntityOfPage\":{\"@id\":\"https:\/\/sandzakpress.net\/arhiva\/mihajlovic-rekonstrukcija-puta-np-tt-u-septembru-kraj-za-dve-godine\/\"},\"wordCount\":574,\"commentCount\":4,\"publisher\":{\"@id\":\"https:\/\/sandzakpress.net\/arhiva\/#\/schema\/person\/6e72b67d6e51910a1117b3b483ba20bd\"},\"image\":{\"@id\":\"https:\/\/sandzakpress.net\/arhiva\/mihajlovic-rekonstrukcija-puta-np-tt-u-septembru-kraj-za-dve-godine\/#primaryimage\"},\"thumbnailUrl\":\"https:\/\/sandzakpress.net\/arhiva\/wp-content\/uploads\/2019\/07\/zorana_rasim_nino_jul2019.jpg\",\"articleSection\":[\"Novi Pazar\",\"Sjenica\",\"Tutin\",\"Privreda\",\"VIJESTI DANA\"],\"inLanguage\":\"bs-BA\",\"potentialAction\":[{\"@type\":\"CommentAction\",\"name\":\"Comment\",\"target\":[\"https:\/\/sandzakpress.net\/arhiva\/mihajlovic-rekonstrukcija-puta-np-tt-u-septembru-kraj-za-dve-godine\/#respond\"]}]},{\"@type\":\"WebPage\",\"@id\":\"https:\/\/sandzakpress.net\/arhiva\/mihajlovic-rekonstrukcija-puta-np-tt-u-septembru-kraj-za-dve-godine\/\",\"url\":\"https:\/\/sandzakpress.net\/arhiva\/mihajlovic-rekonstrukcija-puta-np-tt-u-septembru-kraj-za-dve-godine\/\",\"name\":\"Mihajlovi\u0107: Rekonstrukcija puta NP \u2013 TT u septembru, kraj za dvije godine\",\"isPartOf\":{\"@id\":\"https:\/\/sandzakpress.net\/arhiva\/#website\"},\"primaryImageOfPage\":{\"@id\":\"https:\/\/sandzakpress.net\/arhiva\/mihajlovic-rekonstrukcija-puta-np-tt-u-septembru-kraj-za-dve-godine\/#primaryimage\"},\"image\":{\"@id\":\"https:\/\/sandzakpress.net\/arhiva\/mihajlovic-rekonstrukcija-puta-np-tt-u-septembru-kraj-za-dve-godine\/#primaryimage\"},\"thumbnailUrl\":\"https:\/\/sandzakpress.net\/arhiva\/wp-content\/uploads\/2019\/07\/zorana_rasim_nino_jul2019.jpg\",\"datePublished\":\"2019-07-02T12:10:32+00:00\",\"dateModified\":\"2019-07-02T21:12:45+00:00\",\"breadcrumb\":{\"@id\":\"https:\/\/sandzakpress.net\/arhiva\/mihajlovic-rekonstrukcija-puta-np-tt-u-septembru-kraj-za-dve-godine\/#breadcrumb\"},\"inLanguage\":\"bs-BA\",\"potentialAction\":[{\"@type\":\"ReadAction\",\"target\":[\"https:\/\/sandzakpress.net\/arhiva\/mihajlovic-rekonstrukcija-puta-np-tt-u-septembru-kraj-za-dve-godine\/\"]}]},{\"@type\":\"ImageObject\",\"inLanguage\":\"bs-BA\",\"@id\":\"https:\/\/sandzakpress.net\/arhiva\/mihajlovic-rekonstrukcija-puta-np-tt-u-septembru-kraj-za-dve-godine\/#primaryimage\",\"url\":\"https:\/\/sandzakpress.net\/arhiva\/wp-content\/uploads\/2019\/07\/zorana_rasim_nino_jul2019.jpg\",\"contentUrl\":\"https:\/\/sandzakpress.net\/arhiva\/wp-content\/uploads\/2019\/07\/zorana_rasim_nino_jul2019.jpg\",\"width\":1280,\"height\":807},{\"@type\":\"BreadcrumbList\",\"@id\":\"https:\/\/sandzakpress.net\/arhiva\/mihajlovic-rekonstrukcija-puta-np-tt-u-septembru-kraj-za-dve-godine\/#breadcrumb\",\"itemListElement\":[{\"@type\":\"ListItem\",\"position\":1,\"name\":\"Home\",\"item\":\"https:\/\/sandzakpress.net\/arhiva\/\"},{\"@type\":\"ListItem\",\"position\":2,\"name\":\"Mihajlovi\u0107: Rekonstrukcija puta NP \u2013 TT u septembru, kraj za dvije godine\"}]},{\"@type\":\"WebSite\",\"@id\":\"https:\/\/sandzakpress.net\/arhiva\/#website\",\"url\":\"https:\/\/sandzakpress.net\/arhiva\/\",\"name\":\"Sand\u017eak PRESS\",\"description\":\"Prve elektronske novine u Sand\u017eaku\",\"publisher\":{\"@id\":\"https:\/\/sandzakpress.net\/arhiva\/#\/schema\/person\/6e72b67d6e51910a1117b3b483ba20bd\"},\"potentialAction\":[{\"@type\":\"SearchAction\",\"target\":{\"@type\":\"EntryPoint\",\"urlTemplate\":\"https:\/\/sandzakpress.net\/arhiva\/?s={search_term_string}\"},\"query-input\":{\"@type\":\"PropertyValueSpecification\",\"valueRequired\":true,\"valueName\":\"search_term_string\"}}],\"inLanguage\":\"bs-BA\"},{\"@type\":[\"Person\",\"Organization\"],\"@id\":\"https:\/\/sandzakpress.net\/arhiva\/#\/schema\/person\/6e72b67d6e51910a1117b3b483ba20bd\",\"name\":\"Kul\",\"image\":{\"@type\":\"ImageObject\",\"inLanguage\":\"bs-BA\",\"@id\":\"https:\/\/sandzakpress.net\/arhiva\/#\/schema\/person\/image\/\",\"url\":\"https:\/\/secure.gravatar.com\/avatar\/42263f39aa27ac04c43cab85c280eb2e?s=96&d=mm&r=pg\",\"contentUrl\":\"https:\/\/secure.gravatar.com\/avatar\/42263f39aa27ac04c43cab85c280eb2e?s=96&d=mm&r=pg\",\"caption\":\"Kul\"},\"logo\":{\"@id\":\"https:\/\/sandzakpress.net\/arhiva\/#\/schema\/person\/image\/\"}},{\"@type\":\"Person\",\"@id\":\"https:\/\/sandzakpress.net\/arhiva\/#\/schema\/person\/cb59d7e3ab91ab90dd680ad0305a6185\",\"name\":\"Agencija\",\"image\":{\"@type\":\"ImageObject\",\"inLanguage\":\"bs-BA\",\"@id\":\"https:\/\/sandzakpress.net\/arhiva\/#\/schema\/person\/image\/\",\"url\":\"https:\/\/secure.gravatar.com\/avatar\/4b7fafa80a22f0c2afe23966b3961fe0?s=96&d=mm&r=pg\",\"contentUrl\":\"https:\/\/secure.gravatar.com\/avatar\/4b7fafa80a22f0c2afe23966b3961fe0?s=96&d=mm&r=pg\",\"caption\":\"Agencija\"},\"url\":\"https:\/\/sandzakpress.net\/arhiva\/author\/agencija\/\"}]}<\/script>\n<!-- \/ Yoast SEO Premium plugin. -->","yoast_head_json":{"title":"Mihajlovi\u0107: Rekonstrukcija puta NP \u2013 TT u septembru, kraj za dvije godine","robots":{"index":"index","follow":"follow","max-snippet":"max-snippet:-1","max-image-preview":"max-image-preview:large","max-video-preview":"max-video-preview:-1"},"canonical":"https:\/\/sandzakpress.net\/arhiva\/mihajlovic-rekonstrukcija-puta-np-tt-u-septembru-kraj-za-dve-godine\/","og_locale":"bs_BA","og_type":"article","og_title":"Mihajlovi\u0107: Rekonstrukcija puta NP \u2013 TT u septembru, kraj za dvije godine","og_description":"Ministarka gra\u0111evinarstva, saobra\u0107aja i infrastrukture Zorana Mihajlovi\u0107 izjavila je danas da \u0107e rekonstrukcija puta Novi Pazar \u2013 Tutin po\u010deti u septembru i da je rok za zavr\u0161etak radova dvije godine. Ona je nakon sastanka sa predstavnicima lokalnih samouprava ovih gradova kazala da \u0107e radove izvoditi turska kompanija \u201cTa\u0161japi\u201d i da je projekat vrijedan 24 miliona [&hellip;]","og_url":"https:\/\/sandzakpress.net\/arhiva\/mihajlovic-rekonstrukcija-puta-np-tt-u-septembru-kraj-za-dve-godine\/","og_site_name":"Sand\u017eak PRESS","article_published_time":"2019-07-02T12:10:32+00:00","article_modified_time":"2019-07-02T21:12:45+00:00","og_image":[{"width":1280,"height":807,"url":"https:\/\/sandzakpress.net\/arhiva\/wp-content\/uploads\/2019\/07\/zorana_rasim_nino_jul2019.jpg","type":"image\/jpeg"}],"author":"Agencija","twitter_card":"summary_large_image","twitter_misc":{"Written by":"Agencija","Est. reading time":"3 minute"},"schema":{"@context":"https:\/\/schema.org","@graph":[{"@type":"Article","@id":"https:\/\/sandzakpress.net\/arhiva\/mihajlovic-rekonstrukcija-puta-np-tt-u-septembru-kraj-za-dve-godine\/#article","isPartOf":{"@id":"https:\/\/sandzakpress.net\/arhiva\/mihajlovic-rekonstrukcija-puta-np-tt-u-septembru-kraj-za-dve-godine\/"},"author":{"name":"Agencija","@id":"https:\/\/sandzakpress.net\/arhiva\/#\/schema\/person\/cb59d7e3ab91ab90dd680ad0305a6185"},"headline":"Mihajlovi\u0107: Rekonstrukcija puta NP \u2013 TT u septembru, kraj za dvije godine","datePublished":"2019-07-02T12:10:32+00:00","dateModified":"2019-07-02T21:12:45+00:00","mainEntityOfPage":{"@id":"https:\/\/sandzakpress.net\/arhiva\/mihajlovic-rekonstrukcija-puta-np-tt-u-septembru-kraj-za-dve-godine\/"},"wordCount":574,"commentCount":4,"publisher":{"@id":"https:\/\/sandzakpress.net\/arhiva\/#\/schema\/person\/6e72b67d6e51910a1117b3b483ba20bd"},"image":{"@id":"https:\/\/sandzakpress.net\/arhiva\/mihajlovic-rekonstrukcija-puta-np-tt-u-septembru-kraj-za-dve-godine\/#primaryimage"},"thumbnailUrl":"https:\/\/sandzakpress.net\/arhiva\/wp-content\/uploads\/2019\/07\/zorana_rasim_nino_jul2019.jpg","articleSection":["Novi Pazar","Sjenica","Tutin","Privreda","VIJESTI DANA"],"inLanguage":"bs-BA","potentialAction":[{"@type":"CommentAction","name":"Comment","target":["https:\/\/sandzakpress.net\/arhiva\/mihajlovic-rekonstrukcija-puta-np-tt-u-septembru-kraj-za-dve-godine\/#respond"]}]},{"@type":"WebPage","@id":"https:\/\/sandzakpress.net\/arhiva\/mihajlovic-rekonstrukcija-puta-np-tt-u-septembru-kraj-za-dve-godine\/","url":"https:\/\/sandzakpress.net\/arhiva\/mihajlovic-rekonstrukcija-puta-np-tt-u-septembru-kraj-za-dve-godine\/","name":"Mihajlovi\u0107: Rekonstrukcija puta NP \u2013 TT u septembru, kraj za dvije godine","isPartOf":{"@id":"https:\/\/sandzakpress.net\/arhiva\/#website"},"primaryImageOfPage":{"@id":"https:\/\/sandzakpress.net\/arhiva\/mihajlovic-rekonstrukcija-puta-np-tt-u-septembru-kraj-za-dve-godine\/#primaryimage"},"image":{"@id":"https:\/\/sandzakpress.net\/arhiva\/mihajlovic-rekonstrukcija-puta-np-tt-u-septembru-kraj-za-dve-godine\/#primaryimage"},"thumbnailUrl":"https:\/\/sandzakpress.net\/arhiva\/wp-content\/uploads\/2019\/07\/zorana_rasim_nino_jul2019.jpg","datePublished":"2019-07-02T12:10:32+00:00","dateModified":"2019-07-02T21:12:45+00:00","breadcrumb":{"@id":"https:\/\/sandzakpress.net\/arhiva\/mihajlovic-rekonstrukcija-puta-np-tt-u-septembru-kraj-za-dve-godine\/#breadcrumb"},"inLanguage":"bs-BA","potentialAction":[{"@type":"ReadAction","target":["https:\/\/sandzakpress.net\/arhiva\/mihajlovic-rekonstrukcija-puta-np-tt-u-septembru-kraj-za-dve-godine\/"]}]},{"@type":"ImageObject","inLanguage":"bs-BA","@id":"https:\/\/sandzakpress.net\/arhiva\/mihajlovic-rekonstrukcija-puta-np-tt-u-septembru-kraj-za-dve-godine\/#primaryimage","url":"https:\/\/sandzakpress.net\/arhiva\/wp-content\/uploads\/2019\/07\/zorana_rasim_nino_jul2019.jpg","contentUrl":"https:\/\/sandzakpress.net\/arhiva\/wp-content\/uploads\/2019\/07\/zorana_rasim_nino_jul2019.jpg","width":1280,"height":807},{"@type":"BreadcrumbList","@id":"https:\/\/sandzakpress.net\/arhiva\/mihajlovic-rekonstrukcija-puta-np-tt-u-septembru-kraj-za-dve-godine\/#breadcrumb","itemListElement":[{"@type":"ListItem","position":1,"name":"Home","item":"https:\/\/sandzakpress.net\/arhiva\/"},{"@type":"ListItem","position":2,"name":"Mihajlovi\u0107: Rekonstrukcija puta NP \u2013 TT u septembru, kraj za dvije godine"}]},{"@type":"WebSite","@id":"https:\/\/sandzakpress.net\/arhiva\/#website","url":"https:\/\/sandzakpress.net\/arhiva\/","name":"Sand\u017eak PRESS","description":"Prve elektronske novine u Sand\u017eaku","publisher":{"@id":"https:\/\/sandzakpress.net\/arhiva\/#\/schema\/person\/6e72b67d6e51910a1117b3b483ba20bd"},"potentialAction":[{"@type":"SearchAction","target":{"@type":"EntryPoint","urlTemplate":"https:\/\/sandzakpress.net\/arhiva\/?s={search_term_string}"},"query-input":{"@type":"PropertyValueSpecification","valueRequired":true,"valueName":"search_term_string"}}],"inLanguage":"bs-BA"},{"@type":["Person","Organization"],"@id":"https:\/\/sandzakpress.net\/arhiva\/#\/schema\/person\/6e72b67d6e51910a1117b3b483ba20bd","name":"Kul","image":{"@type":"ImageObject","inLanguage":"bs-BA","@id":"https:\/\/sandzakpress.net\/arhiva\/#\/schema\/person\/image\/","url":"https:\/\/secure.gravatar.com\/avatar\/42263f39aa27ac04c43cab85c280eb2e?s=96&d=mm&r=pg","contentUrl":"https:\/\/secure.gravatar.com\/avatar\/42263f39aa27ac04c43cab85c280eb2e?s=96&d=mm&r=pg","caption":"Kul"},"logo":{"@id":"https:\/\/sandzakpress.net\/arhiva\/#\/schema\/person\/image\/"}},{"@type":"Person","@id":"https:\/\/sandzakpress.net\/arhiva\/#\/schema\/person\/cb59d7e3ab91ab90dd680ad0305a6185","name":"Agencija","image":{"@type":"ImageObject","inLanguage":"bs-BA","@id":"https:\/\/sandzakpress.net\/arhiva\/#\/schema\/person\/image\/","url":"https:\/\/secure.gravatar.com\/avatar\/4b7fafa80a22f0c2afe23966b3961fe0?s=96&d=mm&r=pg","contentUrl":"https:\/\/secure.gravatar.com\/avatar\/4b7fafa80a22f0c2afe23966b3961fe0?s=96&d=mm&r=pg","caption":"Agencija"},"url":"https:\/\/sandzakpress.net\/arhiva\/author\/agencija\/"}]}},"_links":{"self":[{"href":"https:\/\/sandzakpress.net\/arhiva\/wp-json\/wp\/v2\/posts\/225529"}],"collection":[{"href":"https:\/\/sandzakpress.net\/arhiva\/wp-json\/wp\/v2\/posts"}],"about":[{"href":"https:\/\/sandzakpress.net\/arhiva\/wp-json\/wp\/v2\/types\/post"}],"author":[{"embeddable":true,"href":"https:\/\/sandzakpress.net\/arhiva\/wp-json\/wp\/v2\/users\/509"}],"replies":[{"embeddable":true,"href":"https:\/\/sandzakpress.net\/arhiva\/wp-json\/wp\/v2\/comments?post=225529"}],"version-history":[{"count":0,"href":"https:\/\/sandzakpress.net\/arhiva\/wp-json\/wp\/v2\/posts\/225529\/revisions"}],"wp:featuredmedia":[{"embeddable":true,"href":"https:\/\/sandzakpress.net\/arhiva\/wp-json\/wp\/v2\/media\/225530"}],"wp:attachment":[{"href":"https:\/\/sandzakpress.net\/arhiva\/wp-json\/wp\/v2\/media?parent=225529"}],"wp:term":[{"taxonomy":"category","embeddable":true,"href":"https:\/\/sandzakpress.net\/arhiva\/wp-json\/wp\/v2\/categories?post=225529"},{"taxonomy":"post_tag","embeddable":true,"href":"https:\/\/sandzakpress.net\/arhiva\/wp-json\/wp\/v2\/tags?post=225529"}],"curies":[{"name":"wp","href":"https:\/\/api.w.org\/{rel}","templated":true}]}}