{"id":22548,"date":"2011-10-28T18:36:10","date_gmt":"2011-10-28T16:36:10","guid":{"rendered":"https:\/\/sandzakpress.net\/arhiva\/?p=22548"},"modified":"2011-10-28T18:36:10","modified_gmt":"2011-10-28T16:36:10","slug":"copor-vukova-zaklao-deset-ovaca-kod-prijepolja","status":"publish","type":"post","link":"https:\/\/sandzakpress.net\/arhiva\/copor-vukova-zaklao-deset-ovaca-kod-prijepolja\/","title":{"rendered":"\u010copor vukova zaklao deset ovaca kod Prijepolja"},"content":{"rendered":"<p><strong><a href=\"https:\/\/sandzakpress.net\/arhiva\/wp-content\/uploads\/2011\/10\/images55.jpg\"><img loading=\"lazy\" decoding=\"async\" class=\"alignleft size-full wp-image-22549\" title=\"images\" src=\"https:\/\/sandzakpress.net\/arhiva\/wp-content\/uploads\/2011\/10\/images55.jpg\" alt=\"\" width=\"288\" height=\"175\" \/><\/a>Prijepolje &#8211; Na<\/strong><strong> imanju sto\u010dara Radoja Joksimovi\u0107a iz sela Milo\u0161ev Do, kod Prijepolja,  vukovi su pro\u0161le no\u0107i zaklali 10 i te\u0161ko povredili 16 ovaca.<\/strong><\/p>\n<p>Kako je agenciji Beta preneo veterinarski tehni\u010dar Jo\u017ee Pu\u0161ica, vukovi  su pro\u0161le no\u0107i no\u0107i napali stado od 40 ovaca, a rije\u010d je o jednoj od ve\u0107ih  \u0161teta koju su poslednjih godina vuci nanjeli sto\u010darima u prijepoljskom  kraju.<\/p>\n<p>Doma\u0107instvo Radoja Joksimovi\u0107a nalazi se u samom centru sela Milo\u0161ev Do u op\u0107ini Prijepolje.<\/p>\n<p>Izvor:<strong> RadioStoPlus.com<\/strong><\/p>\n","protected":false},"excerpt":{"rendered":"<p>Prijepolje &#8211; Na imanju sto\u010dara Radoja Joksimovi\u0107a iz sela Milo\u0161ev Do, kod Prijepolja, vukovi su pro\u0161le no\u0107i zaklali 10 i te\u0161ko povredili 16 ovaca. Kako je agenciji Beta preneo veterinarski tehni\u010dar Jo\u017ee Pu\u0161ica, vukovi su pro\u0161le no\u0107i no\u0107i napali stado od 40 ovaca, a rije\u010d je o jednoj od ve\u0107ih \u0161teta koju su poslednjih godina [&hellip;]<\/p>\n","protected":false},"author":13,"featured_media":22549,"comment_status":"open","ping_status":"open","sticky":false,"template":"","format":"standard","meta":{"footnotes":""},"categories":[392,801],"tags":[],"class_list":{"0":"post-22548","1":"post","2":"type-post","3":"status-publish","4":"format-standard","5":"has-post-thumbnail","7":"category-prijepolje_","8":"category-crna_hronika"},"yoast_head":"<!-- This site is optimized with the Yoast SEO Premium plugin v23.1 (Yoast SEO v24.9) - https:\/\/yoast.com\/wordpress\/plugins\/seo\/ -->\n<title>\u010copor vukova zaklao deset ovaca kod Prijepolja<\/title>\n<meta name=\"robots\" content=\"index, follow, max-snippet:-1, max-image-preview:large, max-video-preview:-1\" \/>\n<link rel=\"canonical\" href=\"https:\/\/sandzakpress.net\/arhiva\/copor-vukova-zaklao-deset-ovaca-kod-prijepolja\/\" \/>\n<meta property=\"og:locale\" content=\"bs_BA\" \/>\n<meta property=\"og:type\" content=\"article\" \/>\n<meta property=\"og:title\" content=\"\u010copor vukova zaklao deset ovaca kod Prijepolja\" \/>\n<meta property=\"og:description\" content=\"Prijepolje &#8211; Na imanju sto\u010dara Radoja Joksimovi\u0107a iz sela Milo\u0161ev Do, kod Prijepolja, vukovi su pro\u0161le no\u0107i zaklali 10 i te\u0161ko povredili 16 ovaca. Kako je agenciji Beta preneo veterinarski tehni\u010dar Jo\u017ee Pu\u0161ica, vukovi su pro\u0161le no\u0107i no\u0107i napali stado od 40 ovaca, a rije\u010d je o jednoj od ve\u0107ih \u0161teta koju su poslednjih godina [&hellip;]\" \/>\n<meta property=\"og:url\" content=\"https:\/\/sandzakpress.net\/arhiva\/copor-vukova-zaklao-deset-ovaca-kod-prijepolja\/\" \/>\n<meta property=\"og:site_name\" content=\"Sand\u017eak PRESS\" \/>\n<meta property=\"article:published_time\" content=\"2011-10-28T16:36:10+00:00\" \/>\n<meta property=\"og:image\" content=\"https:\/\/sandzakpress.net\/arhiva\/wp-content\/uploads\/2011\/10\/images55.jpg\" \/>\n\t<meta property=\"og:image:width\" content=\"288\" \/>\n\t<meta property=\"og:image:height\" content=\"175\" \/>\n\t<meta property=\"og:image:type\" content=\"image\/jpeg\" \/>\n<meta name=\"twitter:card\" content=\"summary_large_image\" \/>\n<meta name=\"twitter:label1\" content=\"Written by\" \/>\n\t<meta name=\"twitter:data1\" content=\"\" \/>\n<script type=\"application\/ld+json\" class=\"yoast-schema-graph\">{\"@context\":\"https:\/\/schema.org\",\"@graph\":[{\"@type\":\"Article\",\"@id\":\"https:\/\/sandzakpress.net\/arhiva\/copor-vukova-zaklao-deset-ovaca-kod-prijepolja\/#article\",\"isPartOf\":{\"@id\":\"https:\/\/sandzakpress.net\/arhiva\/copor-vukova-zaklao-deset-ovaca-kod-prijepolja\/\"},\"author\":{\"name\":\"\",\"@id\":\"\"},\"headline\":\"\u010copor vukova zaklao deset ovaca kod Prijepolja\",\"datePublished\":\"2011-10-28T16:36:10+00:00\",\"mainEntityOfPage\":{\"@id\":\"https:\/\/sandzakpress.net\/arhiva\/copor-vukova-zaklao-deset-ovaca-kod-prijepolja\/\"},\"wordCount\":100,\"commentCount\":0,\"publisher\":{\"@id\":\"https:\/\/sandzakpress.net\/arhiva\/#\/schema\/person\/6e72b67d6e51910a1117b3b483ba20bd\"},\"image\":{\"@id\":\"https:\/\/sandzakpress.net\/arhiva\/copor-vukova-zaklao-deset-ovaca-kod-prijepolja\/#primaryimage\"},\"thumbnailUrl\":\"https:\/\/sandzakpress.net\/arhiva\/wp-content\/uploads\/2011\/10\/images55.jpg\",\"articleSection\":[\"Prijepolje\",\"Hronika\"],\"inLanguage\":\"bs-BA\",\"potentialAction\":[{\"@type\":\"CommentAction\",\"name\":\"Comment\",\"target\":[\"https:\/\/sandzakpress.net\/arhiva\/copor-vukova-zaklao-deset-ovaca-kod-prijepolja\/#respond\"]}]},{\"@type\":\"WebPage\",\"@id\":\"https:\/\/sandzakpress.net\/arhiva\/copor-vukova-zaklao-deset-ovaca-kod-prijepolja\/\",\"url\":\"https:\/\/sandzakpress.net\/arhiva\/copor-vukova-zaklao-deset-ovaca-kod-prijepolja\/\",\"name\":\"\u010copor vukova zaklao deset ovaca kod Prijepolja\",\"isPartOf\":{\"@id\":\"https:\/\/sandzakpress.net\/arhiva\/#website\"},\"primaryImageOfPage\":{\"@id\":\"https:\/\/sandzakpress.net\/arhiva\/copor-vukova-zaklao-deset-ovaca-kod-prijepolja\/#primaryimage\"},\"image\":{\"@id\":\"https:\/\/sandzakpress.net\/arhiva\/copor-vukova-zaklao-deset-ovaca-kod-prijepolja\/#primaryimage\"},\"thumbnailUrl\":\"https:\/\/sandzakpress.net\/arhiva\/wp-content\/uploads\/2011\/10\/images55.jpg\",\"datePublished\":\"2011-10-28T16:36:10+00:00\",\"breadcrumb\":{\"@id\":\"https:\/\/sandzakpress.net\/arhiva\/copor-vukova-zaklao-deset-ovaca-kod-prijepolja\/#breadcrumb\"},\"inLanguage\":\"bs-BA\",\"potentialAction\":[{\"@type\":\"ReadAction\",\"target\":[\"https:\/\/sandzakpress.net\/arhiva\/copor-vukova-zaklao-deset-ovaca-kod-prijepolja\/\"]}]},{\"@type\":\"ImageObject\",\"inLanguage\":\"bs-BA\",\"@id\":\"https:\/\/sandzakpress.net\/arhiva\/copor-vukova-zaklao-deset-ovaca-kod-prijepolja\/#primaryimage\",\"url\":\"https:\/\/sandzakpress.net\/arhiva\/wp-content\/uploads\/2011\/10\/images55.jpg\",\"contentUrl\":\"https:\/\/sandzakpress.net\/arhiva\/wp-content\/uploads\/2011\/10\/images55.jpg\",\"width\":288,\"height\":175},{\"@type\":\"BreadcrumbList\",\"@id\":\"https:\/\/sandzakpress.net\/arhiva\/copor-vukova-zaklao-deset-ovaca-kod-prijepolja\/#breadcrumb\",\"itemListElement\":[{\"@type\":\"ListItem\",\"position\":1,\"name\":\"Home\",\"item\":\"https:\/\/sandzakpress.net\/arhiva\/\"},{\"@type\":\"ListItem\",\"position\":2,\"name\":\"\u010copor vukova zaklao deset ovaca kod Prijepolja\"}]},{\"@type\":\"WebSite\",\"@id\":\"https:\/\/sandzakpress.net\/arhiva\/#website\",\"url\":\"https:\/\/sandzakpress.net\/arhiva\/\",\"name\":\"Sand\u017eak PRESS\",\"description\":\"Prve elektronske novine u Sand\u017eaku\",\"publisher\":{\"@id\":\"https:\/\/sandzakpress.net\/arhiva\/#\/schema\/person\/6e72b67d6e51910a1117b3b483ba20bd\"},\"potentialAction\":[{\"@type\":\"SearchAction\",\"target\":{\"@type\":\"EntryPoint\",\"urlTemplate\":\"https:\/\/sandzakpress.net\/arhiva\/?s={search_term_string}\"},\"query-input\":{\"@type\":\"PropertyValueSpecification\",\"valueRequired\":true,\"valueName\":\"search_term_string\"}}],\"inLanguage\":\"bs-BA\"},{\"@type\":[\"Person\",\"Organization\"],\"@id\":\"https:\/\/sandzakpress.net\/arhiva\/#\/schema\/person\/6e72b67d6e51910a1117b3b483ba20bd\",\"name\":\"Kul\",\"image\":{\"@type\":\"ImageObject\",\"inLanguage\":\"bs-BA\",\"@id\":\"https:\/\/sandzakpress.net\/arhiva\/#\/schema\/person\/image\/\",\"url\":\"https:\/\/secure.gravatar.com\/avatar\/42263f39aa27ac04c43cab85c280eb2e?s=96&d=mm&r=pg\",\"contentUrl\":\"https:\/\/secure.gravatar.com\/avatar\/42263f39aa27ac04c43cab85c280eb2e?s=96&d=mm&r=pg\",\"caption\":\"Kul\"},\"logo\":{\"@id\":\"https:\/\/sandzakpress.net\/arhiva\/#\/schema\/person\/image\/\"}},{\"@type\":\"Person\",\"@id\":\"\",\"url\":\"https:\/\/sandzakpress.net\/arhiva\/author\/\"}]}<\/script>\n<!-- \/ Yoast SEO Premium plugin. -->","yoast_head_json":{"title":"\u010copor vukova zaklao deset ovaca kod Prijepolja","robots":{"index":"index","follow":"follow","max-snippet":"max-snippet:-1","max-image-preview":"max-image-preview:large","max-video-preview":"max-video-preview:-1"},"canonical":"https:\/\/sandzakpress.net\/arhiva\/copor-vukova-zaklao-deset-ovaca-kod-prijepolja\/","og_locale":"bs_BA","og_type":"article","og_title":"\u010copor vukova zaklao deset ovaca kod Prijepolja","og_description":"Prijepolje &#8211; Na imanju sto\u010dara Radoja Joksimovi\u0107a iz sela Milo\u0161ev Do, kod Prijepolja, vukovi su pro\u0161le no\u0107i zaklali 10 i te\u0161ko povredili 16 ovaca. Kako je agenciji Beta preneo veterinarski tehni\u010dar Jo\u017ee Pu\u0161ica, vukovi su pro\u0161le no\u0107i no\u0107i napali stado od 40 ovaca, a rije\u010d je o jednoj od ve\u0107ih \u0161teta koju su poslednjih godina [&hellip;]","og_url":"https:\/\/sandzakpress.net\/arhiva\/copor-vukova-zaklao-deset-ovaca-kod-prijepolja\/","og_site_name":"Sand\u017eak PRESS","article_published_time":"2011-10-28T16:36:10+00:00","og_image":[{"width":288,"height":175,"url":"https:\/\/sandzakpress.net\/arhiva\/wp-content\/uploads\/2011\/10\/images55.jpg","type":"image\/jpeg"}],"twitter_card":"summary_large_image","twitter_misc":{"Written by":""},"schema":{"@context":"https:\/\/schema.org","@graph":[{"@type":"Article","@id":"https:\/\/sandzakpress.net\/arhiva\/copor-vukova-zaklao-deset-ovaca-kod-prijepolja\/#article","isPartOf":{"@id":"https:\/\/sandzakpress.net\/arhiva\/copor-vukova-zaklao-deset-ovaca-kod-prijepolja\/"},"author":{"name":"","@id":""},"headline":"\u010copor vukova zaklao deset ovaca kod Prijepolja","datePublished":"2011-10-28T16:36:10+00:00","mainEntityOfPage":{"@id":"https:\/\/sandzakpress.net\/arhiva\/copor-vukova-zaklao-deset-ovaca-kod-prijepolja\/"},"wordCount":100,"commentCount":0,"publisher":{"@id":"https:\/\/sandzakpress.net\/arhiva\/#\/schema\/person\/6e72b67d6e51910a1117b3b483ba20bd"},"image":{"@id":"https:\/\/sandzakpress.net\/arhiva\/copor-vukova-zaklao-deset-ovaca-kod-prijepolja\/#primaryimage"},"thumbnailUrl":"https:\/\/sandzakpress.net\/arhiva\/wp-content\/uploads\/2011\/10\/images55.jpg","articleSection":["Prijepolje","Hronika"],"inLanguage":"bs-BA","potentialAction":[{"@type":"CommentAction","name":"Comment","target":["https:\/\/sandzakpress.net\/arhiva\/copor-vukova-zaklao-deset-ovaca-kod-prijepolja\/#respond"]}]},{"@type":"WebPage","@id":"https:\/\/sandzakpress.net\/arhiva\/copor-vukova-zaklao-deset-ovaca-kod-prijepolja\/","url":"https:\/\/sandzakpress.net\/arhiva\/copor-vukova-zaklao-deset-ovaca-kod-prijepolja\/","name":"\u010copor vukova zaklao deset ovaca kod Prijepolja","isPartOf":{"@id":"https:\/\/sandzakpress.net\/arhiva\/#website"},"primaryImageOfPage":{"@id":"https:\/\/sandzakpress.net\/arhiva\/copor-vukova-zaklao-deset-ovaca-kod-prijepolja\/#primaryimage"},"image":{"@id":"https:\/\/sandzakpress.net\/arhiva\/copor-vukova-zaklao-deset-ovaca-kod-prijepolja\/#primaryimage"},"thumbnailUrl":"https:\/\/sandzakpress.net\/arhiva\/wp-content\/uploads\/2011\/10\/images55.jpg","datePublished":"2011-10-28T16:36:10+00:00","breadcrumb":{"@id":"https:\/\/sandzakpress.net\/arhiva\/copor-vukova-zaklao-deset-ovaca-kod-prijepolja\/#breadcrumb"},"inLanguage":"bs-BA","potentialAction":[{"@type":"ReadAction","target":["https:\/\/sandzakpress.net\/arhiva\/copor-vukova-zaklao-deset-ovaca-kod-prijepolja\/"]}]},{"@type":"ImageObject","inLanguage":"bs-BA","@id":"https:\/\/sandzakpress.net\/arhiva\/copor-vukova-zaklao-deset-ovaca-kod-prijepolja\/#primaryimage","url":"https:\/\/sandzakpress.net\/arhiva\/wp-content\/uploads\/2011\/10\/images55.jpg","contentUrl":"https:\/\/sandzakpress.net\/arhiva\/wp-content\/uploads\/2011\/10\/images55.jpg","width":288,"height":175},{"@type":"BreadcrumbList","@id":"https:\/\/sandzakpress.net\/arhiva\/copor-vukova-zaklao-deset-ovaca-kod-prijepolja\/#breadcrumb","itemListElement":[{"@type":"ListItem","position":1,"name":"Home","item":"https:\/\/sandzakpress.net\/arhiva\/"},{"@type":"ListItem","position":2,"name":"\u010copor vukova zaklao deset ovaca kod Prijepolja"}]},{"@type":"WebSite","@id":"https:\/\/sandzakpress.net\/arhiva\/#website","url":"https:\/\/sandzakpress.net\/arhiva\/","name":"Sand\u017eak PRESS","description":"Prve elektronske novine u Sand\u017eaku","publisher":{"@id":"https:\/\/sandzakpress.net\/arhiva\/#\/schema\/person\/6e72b67d6e51910a1117b3b483ba20bd"},"potentialAction":[{"@type":"SearchAction","target":{"@type":"EntryPoint","urlTemplate":"https:\/\/sandzakpress.net\/arhiva\/?s={search_term_string}"},"query-input":{"@type":"PropertyValueSpecification","valueRequired":true,"valueName":"search_term_string"}}],"inLanguage":"bs-BA"},{"@type":["Person","Organization"],"@id":"https:\/\/sandzakpress.net\/arhiva\/#\/schema\/person\/6e72b67d6e51910a1117b3b483ba20bd","name":"Kul","image":{"@type":"ImageObject","inLanguage":"bs-BA","@id":"https:\/\/sandzakpress.net\/arhiva\/#\/schema\/person\/image\/","url":"https:\/\/secure.gravatar.com\/avatar\/42263f39aa27ac04c43cab85c280eb2e?s=96&d=mm&r=pg","contentUrl":"https:\/\/secure.gravatar.com\/avatar\/42263f39aa27ac04c43cab85c280eb2e?s=96&d=mm&r=pg","caption":"Kul"},"logo":{"@id":"https:\/\/sandzakpress.net\/arhiva\/#\/schema\/person\/image\/"}},{"@type":"Person","@id":"","url":"https:\/\/sandzakpress.net\/arhiva\/author\/"}]}},"_links":{"self":[{"href":"https:\/\/sandzakpress.net\/arhiva\/wp-json\/wp\/v2\/posts\/22548"}],"collection":[{"href":"https:\/\/sandzakpress.net\/arhiva\/wp-json\/wp\/v2\/posts"}],"about":[{"href":"https:\/\/sandzakpress.net\/arhiva\/wp-json\/wp\/v2\/types\/post"}],"author":[{"embeddable":true,"href":"https:\/\/sandzakpress.net\/arhiva\/wp-json\/wp\/v2\/users\/13"}],"replies":[{"embeddable":true,"href":"https:\/\/sandzakpress.net\/arhiva\/wp-json\/wp\/v2\/comments?post=22548"}],"version-history":[{"count":0,"href":"https:\/\/sandzakpress.net\/arhiva\/wp-json\/wp\/v2\/posts\/22548\/revisions"}],"wp:featuredmedia":[{"embeddable":true,"href":"https:\/\/sandzakpress.net\/arhiva\/wp-json\/wp\/v2\/media\/22549"}],"wp:attachment":[{"href":"https:\/\/sandzakpress.net\/arhiva\/wp-json\/wp\/v2\/media?parent=22548"}],"wp:term":[{"taxonomy":"category","embeddable":true,"href":"https:\/\/sandzakpress.net\/arhiva\/wp-json\/wp\/v2\/categories?post=22548"},{"taxonomy":"post_tag","embeddable":true,"href":"https:\/\/sandzakpress.net\/arhiva\/wp-json\/wp\/v2\/tags?post=22548"}],"curies":[{"name":"wp","href":"https:\/\/api.w.org\/{rel}","templated":true}]}}