{"id":225446,"date":"2019-06-30T12:09:32","date_gmt":"2019-06-30T10:09:32","guid":{"rendered":"https:\/\/sandzakpress.net\/arhiva\/?p=225446"},"modified":"2019-06-30T12:09:32","modified_gmt":"2019-06-30T10:09:32","slug":"redzepovic-docekao-ministra-djordjevica-u-tutinu","status":"publish","type":"post","link":"https:\/\/sandzakpress.net\/arhiva\/redzepovic-docekao-ministra-djordjevica-u-tutinu\/","title":{"rendered":"Red\u017eepovi\u0107 do\u010dekao ministra \u0110or\u0111evi\u0107a u Tutinu"},"content":{"rendered":"<p><img loading=\"lazy\" decoding=\"async\" class=\"alignnone size-full wp-image-225447\" src=\"https:\/\/sandzakpress.net\/arhiva\/wp-content\/uploads\/2019\/06\/img-8ffcaf8a9e17426c5fec7ad5d899de37-v6951670799616493771.jpg\" alt=\"\" width=\"1280\" height=\"852\" srcset=\"https:\/\/sandzakpress.net\/arhiva\/wp-content\/uploads\/2019\/06\/img-8ffcaf8a9e17426c5fec7ad5d899de37-v6951670799616493771.jpg 1280w, https:\/\/sandzakpress.net\/arhiva\/wp-content\/uploads\/2019\/06\/img-8ffcaf8a9e17426c5fec7ad5d899de37-v6951670799616493771-768x511.jpg 768w, https:\/\/sandzakpress.net\/arhiva\/wp-content\/uploads\/2019\/06\/img-8ffcaf8a9e17426c5fec7ad5d899de37-v6951670799616493771-616x410.jpg 616w, https:\/\/sandzakpress.net\/arhiva\/wp-content\/uploads\/2019\/06\/img-8ffcaf8a9e17426c5fec7ad5d899de37-v6951670799616493771-360x240.jpg 360w\" sizes=\"(max-width: 1280px) 100vw, 1280px\" \/><\/p>\n<p>Danas u Tutinu boravi ministar Zoran \u0110ordjevi\u0107 sa najbli\u017eim saradnicima.<\/p>\n<p>U Ministarstvu za rad, zapo\u0161ljavanje, bora\u010dka i socijalna pitanja su dvojica dr\u017eavnih sekretara iz Tutina, koji su do\u010dekali ministra na gradskom trgu.<\/p>\n<p>Dr\u017eavni sekretar Zaim Red\u017eepovi\u0107 nakon do\u010deka ministra kazao da je predvi\u0111eno da nakon kra\u0107eg zadr\u017eavanja i razgovora na trgu zajedno obi\u0111u predsjednika Op\u0161tine Tutin i Dom za lica ometena u razvoju, nakon toga predvi\u0111eno je da se obi\u0111e fabrika obu\u0107e NT Trgovina bra\u0107e Gusinac i fabrika namjestaja Dallas.<\/p>\n<p><img loading=\"lazy\" decoding=\"async\" class=\"wp-image-47445 alignnone size-full\" src=\"https:\/\/sanapress.info\/wp-content\/uploads\/2019\/06\/img-e6110f8563022992c81f99b216c19c05-v1867930820663675067.jpg\" sizes=\"(max-width: 1280px) 100vw, 1280px\" srcset=\"https:\/\/sanapress.info\/wp-content\/uploads\/2019\/06\/img-e6110f8563022992c81f99b216c19c05-v1867930820663675067.jpg 1280w, https:\/\/sanapress.info\/wp-content\/uploads\/2019\/06\/img-e6110f8563022992c81f99b216c19c05-v1867930820663675067-300x200.jpg 300w, https:\/\/sanapress.info\/wp-content\/uploads\/2019\/06\/img-e6110f8563022992c81f99b216c19c05-v1867930820663675067-768x511.jpg 768w, https:\/\/sanapress.info\/wp-content\/uploads\/2019\/06\/img-e6110f8563022992c81f99b216c19c05-v1867930820663675067-1024x682.jpg 1024w\" width=\"1280\" height=\"852\" \/><\/p>\n<p><img loading=\"lazy\" decoding=\"async\" class=\"wp-image-47446 alignnone size-full\" src=\"https:\/\/sanapress.info\/wp-content\/uploads\/2019\/06\/img-5b26ecdb36a5f9a56214148f3fb78f50-v3744152411859839649.jpg\" sizes=\"(max-width: 1280px) 100vw, 1280px\" srcset=\"https:\/\/sanapress.info\/wp-content\/uploads\/2019\/06\/img-5b26ecdb36a5f9a56214148f3fb78f50-v3744152411859839649.jpg 1280w, https:\/\/sanapress.info\/wp-content\/uploads\/2019\/06\/img-5b26ecdb36a5f9a56214148f3fb78f50-v3744152411859839649-300x200.jpg 300w, https:\/\/sanapress.info\/wp-content\/uploads\/2019\/06\/img-5b26ecdb36a5f9a56214148f3fb78f50-v3744152411859839649-768x511.jpg 768w, https:\/\/sanapress.info\/wp-content\/uploads\/2019\/06\/img-5b26ecdb36a5f9a56214148f3fb78f50-v3744152411859839649-1024x682.jpg 1024w\" width=\"1280\" height=\"852\" \/><\/p>\n<p><img loading=\"lazy\" decoding=\"async\" class=\"wp-image-47451 failed alignnone size-full\" src=\"https:\/\/sanapress.info\/wp-content\/uploads\/2019\/06\/img-4dd6c33b7225da6c9c704a8249771b39-v4967180291202649145-1.jpg\" sizes=\"(max-width: 1280px) 100vw, 1280px\" srcset=\"https:\/\/sanapress.info\/wp-content\/uploads\/2019\/06\/img-4dd6c33b7225da6c9c704a8249771b39-v4967180291202649145-1.jpg 1280w, https:\/\/sanapress.info\/wp-content\/uploads\/2019\/06\/img-4dd6c33b7225da6c9c704a8249771b39-v4967180291202649145-1-300x200.jpg 300w, https:\/\/sanapress.info\/wp-content\/uploads\/2019\/06\/img-4dd6c33b7225da6c9c704a8249771b39-v4967180291202649145-1-768x511.jpg 768w, https:\/\/sanapress.info\/wp-content\/uploads\/2019\/06\/img-4dd6c33b7225da6c9c704a8249771b39-v4967180291202649145-1-1024x682.jpg 1024w\" width=\"1280\" height=\"852\" \/><\/p>\n<p><img loading=\"lazy\" decoding=\"async\" class=\"wp-image-47447 alignnone size-full\" src=\"https:\/\/sanapress.info\/wp-content\/uploads\/2019\/06\/img-8ffcaf8a9e17426c5fec7ad5d899de37-v8344431658239644199.jpg\" sizes=\"(max-width: 1280px) 100vw, 1280px\" srcset=\"https:\/\/sanapress.info\/wp-content\/uploads\/2019\/06\/img-8ffcaf8a9e17426c5fec7ad5d899de37-v8344431658239644199.jpg 1280w, https:\/\/sanapress.info\/wp-content\/uploads\/2019\/06\/img-8ffcaf8a9e17426c5fec7ad5d899de37-v8344431658239644199-300x200.jpg 300w, https:\/\/sanapress.info\/wp-content\/uploads\/2019\/06\/img-8ffcaf8a9e17426c5fec7ad5d899de37-v8344431658239644199-768x511.jpg 768w, https:\/\/sanapress.info\/wp-content\/uploads\/2019\/06\/img-8ffcaf8a9e17426c5fec7ad5d899de37-v8344431658239644199-1024x682.jpg 1024w\" width=\"1280\" height=\"852\" \/><\/p>\n<p><img loading=\"lazy\" decoding=\"async\" class=\"wp-image-47450 failed alignnone size-full\" src=\"https:\/\/sanapress.info\/wp-content\/uploads\/2019\/06\/img-aa2e516c19809be57a90073fe070915f-v3432002566654213758-1.jpg\" sizes=\"(max-width: 1280px) 100vw, 1280px\" srcset=\"https:\/\/sanapress.info\/wp-content\/uploads\/2019\/06\/img-aa2e516c19809be57a90073fe070915f-v3432002566654213758-1.jpg 1280w, https:\/\/sanapress.info\/wp-content\/uploads\/2019\/06\/img-aa2e516c19809be57a90073fe070915f-v3432002566654213758-1-300x200.jpg 300w, https:\/\/sanapress.info\/wp-content\/uploads\/2019\/06\/img-aa2e516c19809be57a90073fe070915f-v3432002566654213758-1-768x511.jpg 768w, https:\/\/sanapress.info\/wp-content\/uploads\/2019\/06\/img-aa2e516c19809be57a90073fe070915f-v3432002566654213758-1-1024x682.jpg 1024w\" width=\"1280\" height=\"852\" \/><\/p>\n<p>sanapress.info<\/p>\n","protected":false},"excerpt":{"rendered":"<p>Danas u Tutinu boravi ministar Zoran \u0110ordjevi\u0107 sa najbli\u017eim saradnicima. U Ministarstvu za rad, zapo\u0161ljavanje, bora\u010dka i socijalna pitanja su dvojica dr\u017eavnih sekretara iz Tutina, koji su do\u010dekali ministra na gradskom trgu. Dr\u017eavni sekretar Zaim Red\u017eepovi\u0107 nakon do\u010deka ministra kazao da je predvi\u0111eno da nakon kra\u0107eg zadr\u017eavanja i razgovora na trgu zajedno obi\u0111u predsjednika Op\u0161tine [&hellip;]<\/p>\n","protected":false},"author":509,"featured_media":225447,"comment_status":"open","ping_status":"open","sticky":false,"template":"","format":"standard","meta":{"footnotes":""},"categories":[1,327,8957],"tags":[],"class_list":{"0":"post-225446","1":"post","2":"type-post","3":"status-publish","4":"format-standard","5":"has-post-thumbnail","7":"category-politika","8":"category-tutin","9":"category-vijesti-dana"},"yoast_head":"<!-- This site is optimized with the Yoast SEO Premium plugin v23.1 (Yoast SEO v24.9) - https:\/\/yoast.com\/wordpress\/plugins\/seo\/ -->\n<title>Red\u017eepovi\u0107 do\u010dekao ministra \u0110or\u0111evi\u0107a u Tutinu<\/title>\n<meta name=\"robots\" content=\"index, follow, max-snippet:-1, max-image-preview:large, max-video-preview:-1\" \/>\n<link rel=\"canonical\" href=\"https:\/\/sandzakpress.net\/arhiva\/redzepovic-docekao-ministra-djordjevica-u-tutinu\/\" \/>\n<meta property=\"og:locale\" content=\"bs_BA\" \/>\n<meta property=\"og:type\" content=\"article\" \/>\n<meta property=\"og:title\" content=\"Red\u017eepovi\u0107 do\u010dekao ministra \u0110or\u0111evi\u0107a u Tutinu\" \/>\n<meta property=\"og:description\" content=\"Danas u Tutinu boravi ministar Zoran \u0110ordjevi\u0107 sa najbli\u017eim saradnicima. U Ministarstvu za rad, zapo\u0161ljavanje, bora\u010dka i socijalna pitanja su dvojica dr\u017eavnih sekretara iz Tutina, koji su do\u010dekali ministra na gradskom trgu. Dr\u017eavni sekretar Zaim Red\u017eepovi\u0107 nakon do\u010deka ministra kazao da je predvi\u0111eno da nakon kra\u0107eg zadr\u017eavanja i razgovora na trgu zajedno obi\u0111u predsjednika Op\u0161tine [&hellip;]\" \/>\n<meta property=\"og:url\" content=\"https:\/\/sandzakpress.net\/arhiva\/redzepovic-docekao-ministra-djordjevica-u-tutinu\/\" \/>\n<meta property=\"og:site_name\" content=\"Sand\u017eak PRESS\" \/>\n<meta property=\"article:published_time\" content=\"2019-06-30T10:09:32+00:00\" \/>\n<meta property=\"og:image\" content=\"https:\/\/sandzakpress.net\/arhiva\/wp-content\/uploads\/2019\/06\/img-8ffcaf8a9e17426c5fec7ad5d899de37-v6951670799616493771.jpg\" \/>\n\t<meta property=\"og:image:width\" content=\"1280\" \/>\n\t<meta property=\"og:image:height\" content=\"852\" \/>\n\t<meta property=\"og:image:type\" content=\"image\/jpeg\" \/>\n<meta name=\"author\" content=\"Agencija\" \/>\n<meta name=\"twitter:card\" content=\"summary_large_image\" \/>\n<meta name=\"twitter:label1\" content=\"Written by\" \/>\n\t<meta name=\"twitter:data1\" content=\"Agencija\" \/>\n<script type=\"application\/ld+json\" class=\"yoast-schema-graph\">{\"@context\":\"https:\/\/schema.org\",\"@graph\":[{\"@type\":\"Article\",\"@id\":\"https:\/\/sandzakpress.net\/arhiva\/redzepovic-docekao-ministra-djordjevica-u-tutinu\/#article\",\"isPartOf\":{\"@id\":\"https:\/\/sandzakpress.net\/arhiva\/redzepovic-docekao-ministra-djordjevica-u-tutinu\/\"},\"author\":{\"name\":\"Agencija\",\"@id\":\"https:\/\/sandzakpress.net\/arhiva\/#\/schema\/person\/cb59d7e3ab91ab90dd680ad0305a6185\"},\"headline\":\"Red\u017eepovi\u0107 do\u010dekao ministra \u0110or\u0111evi\u0107a u Tutinu\",\"datePublished\":\"2019-06-30T10:09:32+00:00\",\"mainEntityOfPage\":{\"@id\":\"https:\/\/sandzakpress.net\/arhiva\/redzepovic-docekao-ministra-djordjevica-u-tutinu\/\"},\"wordCount\":109,\"commentCount\":0,\"publisher\":{\"@id\":\"https:\/\/sandzakpress.net\/arhiva\/#\/schema\/person\/6e72b67d6e51910a1117b3b483ba20bd\"},\"image\":{\"@id\":\"https:\/\/sandzakpress.net\/arhiva\/redzepovic-docekao-ministra-djordjevica-u-tutinu\/#primaryimage\"},\"thumbnailUrl\":\"https:\/\/sandzakpress.net\/arhiva\/wp-content\/uploads\/2019\/06\/img-8ffcaf8a9e17426c5fec7ad5d899de37-v6951670799616493771.jpg\",\"articleSection\":[\"Politika\",\"Tutin\",\"VIJESTI DANA\"],\"inLanguage\":\"bs-BA\",\"potentialAction\":[{\"@type\":\"CommentAction\",\"name\":\"Comment\",\"target\":[\"https:\/\/sandzakpress.net\/arhiva\/redzepovic-docekao-ministra-djordjevica-u-tutinu\/#respond\"]}]},{\"@type\":\"WebPage\",\"@id\":\"https:\/\/sandzakpress.net\/arhiva\/redzepovic-docekao-ministra-djordjevica-u-tutinu\/\",\"url\":\"https:\/\/sandzakpress.net\/arhiva\/redzepovic-docekao-ministra-djordjevica-u-tutinu\/\",\"name\":\"Red\u017eepovi\u0107 do\u010dekao ministra \u0110or\u0111evi\u0107a u Tutinu\",\"isPartOf\":{\"@id\":\"https:\/\/sandzakpress.net\/arhiva\/#website\"},\"primaryImageOfPage\":{\"@id\":\"https:\/\/sandzakpress.net\/arhiva\/redzepovic-docekao-ministra-djordjevica-u-tutinu\/#primaryimage\"},\"image\":{\"@id\":\"https:\/\/sandzakpress.net\/arhiva\/redzepovic-docekao-ministra-djordjevica-u-tutinu\/#primaryimage\"},\"thumbnailUrl\":\"https:\/\/sandzakpress.net\/arhiva\/wp-content\/uploads\/2019\/06\/img-8ffcaf8a9e17426c5fec7ad5d899de37-v6951670799616493771.jpg\",\"datePublished\":\"2019-06-30T10:09:32+00:00\",\"breadcrumb\":{\"@id\":\"https:\/\/sandzakpress.net\/arhiva\/redzepovic-docekao-ministra-djordjevica-u-tutinu\/#breadcrumb\"},\"inLanguage\":\"bs-BA\",\"potentialAction\":[{\"@type\":\"ReadAction\",\"target\":[\"https:\/\/sandzakpress.net\/arhiva\/redzepovic-docekao-ministra-djordjevica-u-tutinu\/\"]}]},{\"@type\":\"ImageObject\",\"inLanguage\":\"bs-BA\",\"@id\":\"https:\/\/sandzakpress.net\/arhiva\/redzepovic-docekao-ministra-djordjevica-u-tutinu\/#primaryimage\",\"url\":\"https:\/\/sandzakpress.net\/arhiva\/wp-content\/uploads\/2019\/06\/img-8ffcaf8a9e17426c5fec7ad5d899de37-v6951670799616493771.jpg\",\"contentUrl\":\"https:\/\/sandzakpress.net\/arhiva\/wp-content\/uploads\/2019\/06\/img-8ffcaf8a9e17426c5fec7ad5d899de37-v6951670799616493771.jpg\",\"width\":1280,\"height\":852},{\"@type\":\"BreadcrumbList\",\"@id\":\"https:\/\/sandzakpress.net\/arhiva\/redzepovic-docekao-ministra-djordjevica-u-tutinu\/#breadcrumb\",\"itemListElement\":[{\"@type\":\"ListItem\",\"position\":1,\"name\":\"Home\",\"item\":\"https:\/\/sandzakpress.net\/arhiva\/\"},{\"@type\":\"ListItem\",\"position\":2,\"name\":\"Red\u017eepovi\u0107 do\u010dekao ministra \u0110or\u0111evi\u0107a u Tutinu\"}]},{\"@type\":\"WebSite\",\"@id\":\"https:\/\/sandzakpress.net\/arhiva\/#website\",\"url\":\"https:\/\/sandzakpress.net\/arhiva\/\",\"name\":\"Sand\u017eak PRESS\",\"description\":\"Prve elektronske novine u Sand\u017eaku\",\"publisher\":{\"@id\":\"https:\/\/sandzakpress.net\/arhiva\/#\/schema\/person\/6e72b67d6e51910a1117b3b483ba20bd\"},\"potentialAction\":[{\"@type\":\"SearchAction\",\"target\":{\"@type\":\"EntryPoint\",\"urlTemplate\":\"https:\/\/sandzakpress.net\/arhiva\/?s={search_term_string}\"},\"query-input\":{\"@type\":\"PropertyValueSpecification\",\"valueRequired\":true,\"valueName\":\"search_term_string\"}}],\"inLanguage\":\"bs-BA\"},{\"@type\":[\"Person\",\"Organization\"],\"@id\":\"https:\/\/sandzakpress.net\/arhiva\/#\/schema\/person\/6e72b67d6e51910a1117b3b483ba20bd\",\"name\":\"Kul\",\"image\":{\"@type\":\"ImageObject\",\"inLanguage\":\"bs-BA\",\"@id\":\"https:\/\/sandzakpress.net\/arhiva\/#\/schema\/person\/image\/\",\"url\":\"https:\/\/secure.gravatar.com\/avatar\/42263f39aa27ac04c43cab85c280eb2e?s=96&d=mm&r=pg\",\"contentUrl\":\"https:\/\/secure.gravatar.com\/avatar\/42263f39aa27ac04c43cab85c280eb2e?s=96&d=mm&r=pg\",\"caption\":\"Kul\"},\"logo\":{\"@id\":\"https:\/\/sandzakpress.net\/arhiva\/#\/schema\/person\/image\/\"}},{\"@type\":\"Person\",\"@id\":\"https:\/\/sandzakpress.net\/arhiva\/#\/schema\/person\/cb59d7e3ab91ab90dd680ad0305a6185\",\"name\":\"Agencija\",\"image\":{\"@type\":\"ImageObject\",\"inLanguage\":\"bs-BA\",\"@id\":\"https:\/\/sandzakpress.net\/arhiva\/#\/schema\/person\/image\/\",\"url\":\"https:\/\/secure.gravatar.com\/avatar\/4b7fafa80a22f0c2afe23966b3961fe0?s=96&d=mm&r=pg\",\"contentUrl\":\"https:\/\/secure.gravatar.com\/avatar\/4b7fafa80a22f0c2afe23966b3961fe0?s=96&d=mm&r=pg\",\"caption\":\"Agencija\"},\"url\":\"https:\/\/sandzakpress.net\/arhiva\/author\/agencija\/\"}]}<\/script>\n<!-- \/ Yoast SEO Premium plugin. -->","yoast_head_json":{"title":"Red\u017eepovi\u0107 do\u010dekao ministra \u0110or\u0111evi\u0107a u Tutinu","robots":{"index":"index","follow":"follow","max-snippet":"max-snippet:-1","max-image-preview":"max-image-preview:large","max-video-preview":"max-video-preview:-1"},"canonical":"https:\/\/sandzakpress.net\/arhiva\/redzepovic-docekao-ministra-djordjevica-u-tutinu\/","og_locale":"bs_BA","og_type":"article","og_title":"Red\u017eepovi\u0107 do\u010dekao ministra \u0110or\u0111evi\u0107a u Tutinu","og_description":"Danas u Tutinu boravi ministar Zoran \u0110ordjevi\u0107 sa najbli\u017eim saradnicima. U Ministarstvu za rad, zapo\u0161ljavanje, bora\u010dka i socijalna pitanja su dvojica dr\u017eavnih sekretara iz Tutina, koji su do\u010dekali ministra na gradskom trgu. Dr\u017eavni sekretar Zaim Red\u017eepovi\u0107 nakon do\u010deka ministra kazao da je predvi\u0111eno da nakon kra\u0107eg zadr\u017eavanja i razgovora na trgu zajedno obi\u0111u predsjednika Op\u0161tine [&hellip;]","og_url":"https:\/\/sandzakpress.net\/arhiva\/redzepovic-docekao-ministra-djordjevica-u-tutinu\/","og_site_name":"Sand\u017eak PRESS","article_published_time":"2019-06-30T10:09:32+00:00","og_image":[{"width":1280,"height":852,"url":"https:\/\/sandzakpress.net\/arhiva\/wp-content\/uploads\/2019\/06\/img-8ffcaf8a9e17426c5fec7ad5d899de37-v6951670799616493771.jpg","type":"image\/jpeg"}],"author":"Agencija","twitter_card":"summary_large_image","twitter_misc":{"Written by":"Agencija"},"schema":{"@context":"https:\/\/schema.org","@graph":[{"@type":"Article","@id":"https:\/\/sandzakpress.net\/arhiva\/redzepovic-docekao-ministra-djordjevica-u-tutinu\/#article","isPartOf":{"@id":"https:\/\/sandzakpress.net\/arhiva\/redzepovic-docekao-ministra-djordjevica-u-tutinu\/"},"author":{"name":"Agencija","@id":"https:\/\/sandzakpress.net\/arhiva\/#\/schema\/person\/cb59d7e3ab91ab90dd680ad0305a6185"},"headline":"Red\u017eepovi\u0107 do\u010dekao ministra \u0110or\u0111evi\u0107a u Tutinu","datePublished":"2019-06-30T10:09:32+00:00","mainEntityOfPage":{"@id":"https:\/\/sandzakpress.net\/arhiva\/redzepovic-docekao-ministra-djordjevica-u-tutinu\/"},"wordCount":109,"commentCount":0,"publisher":{"@id":"https:\/\/sandzakpress.net\/arhiva\/#\/schema\/person\/6e72b67d6e51910a1117b3b483ba20bd"},"image":{"@id":"https:\/\/sandzakpress.net\/arhiva\/redzepovic-docekao-ministra-djordjevica-u-tutinu\/#primaryimage"},"thumbnailUrl":"https:\/\/sandzakpress.net\/arhiva\/wp-content\/uploads\/2019\/06\/img-8ffcaf8a9e17426c5fec7ad5d899de37-v6951670799616493771.jpg","articleSection":["Politika","Tutin","VIJESTI DANA"],"inLanguage":"bs-BA","potentialAction":[{"@type":"CommentAction","name":"Comment","target":["https:\/\/sandzakpress.net\/arhiva\/redzepovic-docekao-ministra-djordjevica-u-tutinu\/#respond"]}]},{"@type":"WebPage","@id":"https:\/\/sandzakpress.net\/arhiva\/redzepovic-docekao-ministra-djordjevica-u-tutinu\/","url":"https:\/\/sandzakpress.net\/arhiva\/redzepovic-docekao-ministra-djordjevica-u-tutinu\/","name":"Red\u017eepovi\u0107 do\u010dekao ministra \u0110or\u0111evi\u0107a u Tutinu","isPartOf":{"@id":"https:\/\/sandzakpress.net\/arhiva\/#website"},"primaryImageOfPage":{"@id":"https:\/\/sandzakpress.net\/arhiva\/redzepovic-docekao-ministra-djordjevica-u-tutinu\/#primaryimage"},"image":{"@id":"https:\/\/sandzakpress.net\/arhiva\/redzepovic-docekao-ministra-djordjevica-u-tutinu\/#primaryimage"},"thumbnailUrl":"https:\/\/sandzakpress.net\/arhiva\/wp-content\/uploads\/2019\/06\/img-8ffcaf8a9e17426c5fec7ad5d899de37-v6951670799616493771.jpg","datePublished":"2019-06-30T10:09:32+00:00","breadcrumb":{"@id":"https:\/\/sandzakpress.net\/arhiva\/redzepovic-docekao-ministra-djordjevica-u-tutinu\/#breadcrumb"},"inLanguage":"bs-BA","potentialAction":[{"@type":"ReadAction","target":["https:\/\/sandzakpress.net\/arhiva\/redzepovic-docekao-ministra-djordjevica-u-tutinu\/"]}]},{"@type":"ImageObject","inLanguage":"bs-BA","@id":"https:\/\/sandzakpress.net\/arhiva\/redzepovic-docekao-ministra-djordjevica-u-tutinu\/#primaryimage","url":"https:\/\/sandzakpress.net\/arhiva\/wp-content\/uploads\/2019\/06\/img-8ffcaf8a9e17426c5fec7ad5d899de37-v6951670799616493771.jpg","contentUrl":"https:\/\/sandzakpress.net\/arhiva\/wp-content\/uploads\/2019\/06\/img-8ffcaf8a9e17426c5fec7ad5d899de37-v6951670799616493771.jpg","width":1280,"height":852},{"@type":"BreadcrumbList","@id":"https:\/\/sandzakpress.net\/arhiva\/redzepovic-docekao-ministra-djordjevica-u-tutinu\/#breadcrumb","itemListElement":[{"@type":"ListItem","position":1,"name":"Home","item":"https:\/\/sandzakpress.net\/arhiva\/"},{"@type":"ListItem","position":2,"name":"Red\u017eepovi\u0107 do\u010dekao ministra \u0110or\u0111evi\u0107a u Tutinu"}]},{"@type":"WebSite","@id":"https:\/\/sandzakpress.net\/arhiva\/#website","url":"https:\/\/sandzakpress.net\/arhiva\/","name":"Sand\u017eak PRESS","description":"Prve elektronske novine u Sand\u017eaku","publisher":{"@id":"https:\/\/sandzakpress.net\/arhiva\/#\/schema\/person\/6e72b67d6e51910a1117b3b483ba20bd"},"potentialAction":[{"@type":"SearchAction","target":{"@type":"EntryPoint","urlTemplate":"https:\/\/sandzakpress.net\/arhiva\/?s={search_term_string}"},"query-input":{"@type":"PropertyValueSpecification","valueRequired":true,"valueName":"search_term_string"}}],"inLanguage":"bs-BA"},{"@type":["Person","Organization"],"@id":"https:\/\/sandzakpress.net\/arhiva\/#\/schema\/person\/6e72b67d6e51910a1117b3b483ba20bd","name":"Kul","image":{"@type":"ImageObject","inLanguage":"bs-BA","@id":"https:\/\/sandzakpress.net\/arhiva\/#\/schema\/person\/image\/","url":"https:\/\/secure.gravatar.com\/avatar\/42263f39aa27ac04c43cab85c280eb2e?s=96&d=mm&r=pg","contentUrl":"https:\/\/secure.gravatar.com\/avatar\/42263f39aa27ac04c43cab85c280eb2e?s=96&d=mm&r=pg","caption":"Kul"},"logo":{"@id":"https:\/\/sandzakpress.net\/arhiva\/#\/schema\/person\/image\/"}},{"@type":"Person","@id":"https:\/\/sandzakpress.net\/arhiva\/#\/schema\/person\/cb59d7e3ab91ab90dd680ad0305a6185","name":"Agencija","image":{"@type":"ImageObject","inLanguage":"bs-BA","@id":"https:\/\/sandzakpress.net\/arhiva\/#\/schema\/person\/image\/","url":"https:\/\/secure.gravatar.com\/avatar\/4b7fafa80a22f0c2afe23966b3961fe0?s=96&d=mm&r=pg","contentUrl":"https:\/\/secure.gravatar.com\/avatar\/4b7fafa80a22f0c2afe23966b3961fe0?s=96&d=mm&r=pg","caption":"Agencija"},"url":"https:\/\/sandzakpress.net\/arhiva\/author\/agencija\/"}]}},"_links":{"self":[{"href":"https:\/\/sandzakpress.net\/arhiva\/wp-json\/wp\/v2\/posts\/225446"}],"collection":[{"href":"https:\/\/sandzakpress.net\/arhiva\/wp-json\/wp\/v2\/posts"}],"about":[{"href":"https:\/\/sandzakpress.net\/arhiva\/wp-json\/wp\/v2\/types\/post"}],"author":[{"embeddable":true,"href":"https:\/\/sandzakpress.net\/arhiva\/wp-json\/wp\/v2\/users\/509"}],"replies":[{"embeddable":true,"href":"https:\/\/sandzakpress.net\/arhiva\/wp-json\/wp\/v2\/comments?post=225446"}],"version-history":[{"count":0,"href":"https:\/\/sandzakpress.net\/arhiva\/wp-json\/wp\/v2\/posts\/225446\/revisions"}],"wp:featuredmedia":[{"embeddable":true,"href":"https:\/\/sandzakpress.net\/arhiva\/wp-json\/wp\/v2\/media\/225447"}],"wp:attachment":[{"href":"https:\/\/sandzakpress.net\/arhiva\/wp-json\/wp\/v2\/media?parent=225446"}],"wp:term":[{"taxonomy":"category","embeddable":true,"href":"https:\/\/sandzakpress.net\/arhiva\/wp-json\/wp\/v2\/categories?post=225446"},{"taxonomy":"post_tag","embeddable":true,"href":"https:\/\/sandzakpress.net\/arhiva\/wp-json\/wp\/v2\/tags?post=225446"}],"curies":[{"name":"wp","href":"https:\/\/api.w.org\/{rel}","templated":true}]}}