{"id":225426,"date":"2019-06-29T15:46:13","date_gmt":"2019-06-29T13:46:13","guid":{"rendered":"https:\/\/sandzakpress.net\/arhiva\/?p=225426"},"modified":"2019-06-29T15:46:13","modified_gmt":"2019-06-29T13:46:13","slug":"sljaku-i-pepeo-bi-da-odlazu-u-gradu","status":"publish","type":"post","link":"https:\/\/sandzakpress.net\/arhiva\/sljaku-i-pepeo-bi-da-odlazu-u-gradu\/","title":{"rendered":"\u0160ljaku i pepeo bi da odla\u017eu u gradu"},"content":{"rendered":"<p><img decoding=\"async\" src=\"https:\/\/www.vijesti.me\/media\/20190628210612_855a43a6-046a-467b-ba68-24469330c40f.jpeg\" alt=\"Povr\u00c5\u00a1inski kop Potrlica\" \/><\/p>\n<p><strong>Povr\u0161inski kop Potrlica pljevaljskog Rudnika uglja, udaljen par stotina metara od centra grada, bi\u0107e deponija na kojoj \u0107e se odlagati pepeo i \u0161ljaka iz Termoelektrane Pljevlja.<\/strong><\/p>\n<p>To je predvi\u0111eno Prostorno-urbanisti\u010dkim planom Op\u0161tine Pljevlja, \u010dije je izmjene i dopune usvojila Vada na prethodnoj sjednici.<\/p>\n<p>U tom dokumentu se navodi da \u0107e kop Potrlica postati deponija kada se iskoristi lokacija \u0160umane, na kojoj EPCG planira prvo da odla\u017ee pepeo u \u0161ljaku iz Termoektrane, nakon \u0161to za narednih \u010detiri godine prestane da koristi deponiju Maljevac.<\/p>\n<p>Na ovoj deponiji Termoelektrana Pljevlja pepeo i \u0161ljaku odla\u017ee ve\u0107 36 godina.<\/p>\n<p>Zbog blizine centru grada izgradnji deponije u Potrlici protivi se i Op\u0161tina Pljevlja koja je tra\u017eila da se odustane od te lokacije.<\/p>\n<p>Sistem za prevoz pepela i \u0161ljake do nove deponije u \u0160umanima, kako to predvi\u0111a Prostorni plan, bi\u0107e formiran du\u017e postoje\u0107e interne saobra\u0107ajnice. Otvaranje nove deponije u \u0160umanima predvi\u0111a iseljavanje stanovni\u0161tva koje se nalaze u zoni do 300 metara od deponije.<\/p>\n<p>To zemlji\u0161te je EPCG prije nekoliko godina kupila od Rudnika uglja za oko sedam miliona eura.<\/p>\n<p>Specijalista za kontrole projekta u Elektroprivredi Crne Gore (EPCG) Ivan Mrvaljevi\u0107 ranije je kazao da bi deponija u Potrlici bila kori\u0161\u0107ena za postoje\u0107i i drugi blok Termoelektrane nakon \u0161to se okon\u010da odlaganje na sada\u0161njoj &#8211; na Maljevcu.<\/p>\n<p>On je rekao da o\u010dekuje da \u0107e postoje\u0107a deponija na Maljevcu biti zatvorena i rekultivisana do 2023.<\/p>\n<p>\u201cKapaciteti deponije \u0160umane su procijenjeni na od 12 do 15 miliona metara kubnih. Taj kapacitet, ako se uzme u obzir planirani radni vijek drugog bloka Termoelektrane od 40 godina, nije dovoljan i iscrpio bi se&#8230; u narednih \u0161est do dvanaest godina. Onda bi bila potrebna nova lokacija. Pri\u010da o deponiji u kopu Potrlica stara je vi\u0161e godina. Trenutno opredjeljenje investitora je da se ispita u kom vremenskom okviru bi se mogla koristiti i sa kojim kapacitetima, te da li je to ekolo\u0161ki prihvatljivo&#8230;\u201d, kazao je Mrvaljevi\u0107.<\/p>\n<p>Nekada\u0161nji direktor Termoelektrane Luka Jovanovi\u0107 ranije je izjavio da je \u201csigurno da je EPCG odustala od lokacije \u0160umane\u201d.<\/p>\n<p>On je kazao da se odustalo od te lokacije, jer bi odlaganje na njoj bilo skupo.<\/p>\n<p>Predsjednik Ekolo\u0161kog dru\u0161tva \u201cBreznica\u201d Milorad Mitrovi\u0107protivi se namjeri da se u kopu Potrlica odla\u017ee otpad iz Termoelektrane.<\/p>\n<p>On je ocijenio da bi to mjesto bilo dobro, da se ne nalazi u gradu.<\/p>\n<p>\u201cUmjesto da pri\u010damo o rekultivaciji Maljevca, oni ho\u0107e deponiju da dovedu u grad. Njihovim besmislenim idejama nema kraja. Za\u0161to nisu iskoristili kop u \u0160umanama, koji je udaljen od grada, nego su dozvolili da se u tamo\u0161nji kop ulije voda i napravi veliko jezero. Ovo sve pokazuje da oni nemaju dugoro\u010dne vizije&#8230;\u201d, rekao je Mitrovi\u0107.<\/p>\n<p>Mitrovi\u0107 je istakao i da je Maljevac bio na pogre\u0161nom mjestu i da mje\u0161tani i cijeli grad 36 godine trpe \u201cteror od deponije\u201d.<\/p>\n<p>Ministarstvo odr\u017eivog razvoja i turizma nedavno je izdalo gra\u0111evinsku dozvolu Elektroprivredi Crne Gore za prvu fazu rekultivacije deponije pepela i \u0161ljake Maljevac.<\/p>\n<p>U rje\u0161enju se navodi da rekultivacija prve faze deponije Maljevac podrazumijeva obustavu deponovanja materijala na takozvanoj kaseti dva njenu tehni\u010dku i biolo\u0161ku rekultivaciju, kao i rekultivaciju nizvodnih kosina deponije.<\/p>\n<p>Sanacija deponije na Maljevcu EPCG ko\u0161ta\u0107e oko 19 miliona eura.<\/p>\n<p>Kompletan tro\u0161ak rekultivacije snosi\u0107e EPCG, a dio novca, oko \u010detiri miliona eura, bi\u0107e obezbije\u0111en iz kredita Me\u0111unarodne banke za obnovu i razvoj.<\/p>\n<p>EPCG se opredijelila za faznu sanaciju kako bi jo\u0161 pet godina mogla da koristi sada\u0161nju deponiju.<\/p>\n<p>U toku je i postupak eksproprijacije imovine tridesetak, doma\u0107instava \u010dije se ku\u0107e nalaze u blizini deponije na Maljevcu.<\/p>\n","protected":false},"excerpt":{"rendered":"<p>Povr\u0161inski kop Potrlica pljevaljskog Rudnika uglja, udaljen par stotina metara od centra grada, bi\u0107e deponija na kojoj \u0107e se odlagati pepeo i \u0161ljaka iz Termoelektrane Pljevlja. To je predvi\u0111eno Prostorno-urbanisti\u010dkim planom Op\u0161tine Pljevlja, \u010dije je izmjene i dopune usvojila Vada na prethodnoj sjednici. U tom dokumentu se navodi da \u0107e kop Potrlica postati deponija kada [&hellip;]<\/p>\n","protected":false},"author":509,"featured_media":225431,"comment_status":"open","ping_status":"open","sticky":false,"template":"","format":"standard","meta":{"footnotes":""},"categories":[395,5],"tags":[],"class_list":{"0":"post-225426","1":"post","2":"type-post","3":"status-publish","4":"format-standard","5":"has-post-thumbnail","7":"category-pljevlja_","8":"category-drustvo"},"yoast_head":"<!-- This site is optimized with the Yoast SEO Premium plugin v23.1 (Yoast SEO v24.9) - https:\/\/yoast.com\/wordpress\/plugins\/seo\/ -->\n<title>\u0160ljaku i pepeo bi da odla\u017eu u gradu<\/title>\n<meta name=\"robots\" content=\"index, follow, max-snippet:-1, max-image-preview:large, max-video-preview:-1\" \/>\n<link rel=\"canonical\" href=\"https:\/\/sandzakpress.net\/arhiva\/sljaku-i-pepeo-bi-da-odlazu-u-gradu\/\" \/>\n<meta property=\"og:locale\" content=\"bs_BA\" \/>\n<meta property=\"og:type\" content=\"article\" \/>\n<meta property=\"og:title\" content=\"\u0160ljaku i pepeo bi da odla\u017eu u gradu\" \/>\n<meta property=\"og:description\" content=\"Povr\u0161inski kop Potrlica pljevaljskog Rudnika uglja, udaljen par stotina metara od centra grada, bi\u0107e deponija na kojoj \u0107e se odlagati pepeo i \u0161ljaka iz Termoelektrane Pljevlja. To je predvi\u0111eno Prostorno-urbanisti\u010dkim planom Op\u0161tine Pljevlja, \u010dije je izmjene i dopune usvojila Vada na prethodnoj sjednici. U tom dokumentu se navodi da \u0107e kop Potrlica postati deponija kada [&hellip;]\" \/>\n<meta property=\"og:url\" content=\"https:\/\/sandzakpress.net\/arhiva\/sljaku-i-pepeo-bi-da-odlazu-u-gradu\/\" \/>\n<meta property=\"og:site_name\" content=\"Sand\u017eak PRESS\" \/>\n<meta property=\"article:published_time\" content=\"2019-06-29T13:46:13+00:00\" \/>\n<meta property=\"og:image\" content=\"https:\/\/sandzakpress.net\/arhiva\/wp-content\/uploads\/2019\/06\/20190628210612_855a43a6-046a-467b-ba68-24469330c40f.jpeg.jpg\" \/>\n\t<meta property=\"og:image:width\" content=\"800\" \/>\n\t<meta property=\"og:image:height\" content=\"385\" \/>\n\t<meta property=\"og:image:type\" content=\"image\/jpeg\" \/>\n<meta name=\"author\" content=\"Agencija\" \/>\n<meta name=\"twitter:card\" content=\"summary_large_image\" \/>\n<meta name=\"twitter:label1\" content=\"Written by\" \/>\n\t<meta name=\"twitter:data1\" content=\"Agencija\" \/>\n\t<meta name=\"twitter:label2\" content=\"Est. reading time\" \/>\n\t<meta name=\"twitter:data2\" content=\"3 minute\" \/>\n<script type=\"application\/ld+json\" class=\"yoast-schema-graph\">{\"@context\":\"https:\/\/schema.org\",\"@graph\":[{\"@type\":\"Article\",\"@id\":\"https:\/\/sandzakpress.net\/arhiva\/sljaku-i-pepeo-bi-da-odlazu-u-gradu\/#article\",\"isPartOf\":{\"@id\":\"https:\/\/sandzakpress.net\/arhiva\/sljaku-i-pepeo-bi-da-odlazu-u-gradu\/\"},\"author\":{\"name\":\"Agencija\",\"@id\":\"https:\/\/sandzakpress.net\/arhiva\/#\/schema\/person\/cb59d7e3ab91ab90dd680ad0305a6185\"},\"headline\":\"\u0160ljaku i pepeo bi da odla\u017eu u gradu\",\"datePublished\":\"2019-06-29T13:46:13+00:00\",\"mainEntityOfPage\":{\"@id\":\"https:\/\/sandzakpress.net\/arhiva\/sljaku-i-pepeo-bi-da-odlazu-u-gradu\/\"},\"wordCount\":625,\"commentCount\":0,\"publisher\":{\"@id\":\"https:\/\/sandzakpress.net\/arhiva\/#\/schema\/person\/6e72b67d6e51910a1117b3b483ba20bd\"},\"image\":{\"@id\":\"https:\/\/sandzakpress.net\/arhiva\/sljaku-i-pepeo-bi-da-odlazu-u-gradu\/#primaryimage\"},\"thumbnailUrl\":\"https:\/\/sandzakpress.net\/arhiva\/wp-content\/uploads\/2019\/06\/20190628210612_855a43a6-046a-467b-ba68-24469330c40f.jpeg.jpg\",\"articleSection\":[\"Pljevlja\",\"Dru\u0161tvo\"],\"inLanguage\":\"bs-BA\",\"potentialAction\":[{\"@type\":\"CommentAction\",\"name\":\"Comment\",\"target\":[\"https:\/\/sandzakpress.net\/arhiva\/sljaku-i-pepeo-bi-da-odlazu-u-gradu\/#respond\"]}]},{\"@type\":\"WebPage\",\"@id\":\"https:\/\/sandzakpress.net\/arhiva\/sljaku-i-pepeo-bi-da-odlazu-u-gradu\/\",\"url\":\"https:\/\/sandzakpress.net\/arhiva\/sljaku-i-pepeo-bi-da-odlazu-u-gradu\/\",\"name\":\"\u0160ljaku i pepeo bi da odla\u017eu u gradu\",\"isPartOf\":{\"@id\":\"https:\/\/sandzakpress.net\/arhiva\/#website\"},\"primaryImageOfPage\":{\"@id\":\"https:\/\/sandzakpress.net\/arhiva\/sljaku-i-pepeo-bi-da-odlazu-u-gradu\/#primaryimage\"},\"image\":{\"@id\":\"https:\/\/sandzakpress.net\/arhiva\/sljaku-i-pepeo-bi-da-odlazu-u-gradu\/#primaryimage\"},\"thumbnailUrl\":\"https:\/\/sandzakpress.net\/arhiva\/wp-content\/uploads\/2019\/06\/20190628210612_855a43a6-046a-467b-ba68-24469330c40f.jpeg.jpg\",\"datePublished\":\"2019-06-29T13:46:13+00:00\",\"breadcrumb\":{\"@id\":\"https:\/\/sandzakpress.net\/arhiva\/sljaku-i-pepeo-bi-da-odlazu-u-gradu\/#breadcrumb\"},\"inLanguage\":\"bs-BA\",\"potentialAction\":[{\"@type\":\"ReadAction\",\"target\":[\"https:\/\/sandzakpress.net\/arhiva\/sljaku-i-pepeo-bi-da-odlazu-u-gradu\/\"]}]},{\"@type\":\"ImageObject\",\"inLanguage\":\"bs-BA\",\"@id\":\"https:\/\/sandzakpress.net\/arhiva\/sljaku-i-pepeo-bi-da-odlazu-u-gradu\/#primaryimage\",\"url\":\"https:\/\/sandzakpress.net\/arhiva\/wp-content\/uploads\/2019\/06\/20190628210612_855a43a6-046a-467b-ba68-24469330c40f.jpeg.jpg\",\"contentUrl\":\"https:\/\/sandzakpress.net\/arhiva\/wp-content\/uploads\/2019\/06\/20190628210612_855a43a6-046a-467b-ba68-24469330c40f.jpeg.jpg\",\"width\":800,\"height\":385},{\"@type\":\"BreadcrumbList\",\"@id\":\"https:\/\/sandzakpress.net\/arhiva\/sljaku-i-pepeo-bi-da-odlazu-u-gradu\/#breadcrumb\",\"itemListElement\":[{\"@type\":\"ListItem\",\"position\":1,\"name\":\"Home\",\"item\":\"https:\/\/sandzakpress.net\/arhiva\/\"},{\"@type\":\"ListItem\",\"position\":2,\"name\":\"\u0160ljaku i pepeo bi da odla\u017eu u gradu\"}]},{\"@type\":\"WebSite\",\"@id\":\"https:\/\/sandzakpress.net\/arhiva\/#website\",\"url\":\"https:\/\/sandzakpress.net\/arhiva\/\",\"name\":\"Sand\u017eak PRESS\",\"description\":\"Prve elektronske novine u Sand\u017eaku\",\"publisher\":{\"@id\":\"https:\/\/sandzakpress.net\/arhiva\/#\/schema\/person\/6e72b67d6e51910a1117b3b483ba20bd\"},\"potentialAction\":[{\"@type\":\"SearchAction\",\"target\":{\"@type\":\"EntryPoint\",\"urlTemplate\":\"https:\/\/sandzakpress.net\/arhiva\/?s={search_term_string}\"},\"query-input\":{\"@type\":\"PropertyValueSpecification\",\"valueRequired\":true,\"valueName\":\"search_term_string\"}}],\"inLanguage\":\"bs-BA\"},{\"@type\":[\"Person\",\"Organization\"],\"@id\":\"https:\/\/sandzakpress.net\/arhiva\/#\/schema\/person\/6e72b67d6e51910a1117b3b483ba20bd\",\"name\":\"Kul\",\"image\":{\"@type\":\"ImageObject\",\"inLanguage\":\"bs-BA\",\"@id\":\"https:\/\/sandzakpress.net\/arhiva\/#\/schema\/person\/image\/\",\"url\":\"https:\/\/secure.gravatar.com\/avatar\/42263f39aa27ac04c43cab85c280eb2e?s=96&d=mm&r=pg\",\"contentUrl\":\"https:\/\/secure.gravatar.com\/avatar\/42263f39aa27ac04c43cab85c280eb2e?s=96&d=mm&r=pg\",\"caption\":\"Kul\"},\"logo\":{\"@id\":\"https:\/\/sandzakpress.net\/arhiva\/#\/schema\/person\/image\/\"}},{\"@type\":\"Person\",\"@id\":\"https:\/\/sandzakpress.net\/arhiva\/#\/schema\/person\/cb59d7e3ab91ab90dd680ad0305a6185\",\"name\":\"Agencija\",\"image\":{\"@type\":\"ImageObject\",\"inLanguage\":\"bs-BA\",\"@id\":\"https:\/\/sandzakpress.net\/arhiva\/#\/schema\/person\/image\/\",\"url\":\"https:\/\/secure.gravatar.com\/avatar\/4b7fafa80a22f0c2afe23966b3961fe0?s=96&d=mm&r=pg\",\"contentUrl\":\"https:\/\/secure.gravatar.com\/avatar\/4b7fafa80a22f0c2afe23966b3961fe0?s=96&d=mm&r=pg\",\"caption\":\"Agencija\"},\"url\":\"https:\/\/sandzakpress.net\/arhiva\/author\/agencija\/\"}]}<\/script>\n<!-- \/ Yoast SEO Premium plugin. -->","yoast_head_json":{"title":"\u0160ljaku i pepeo bi da odla\u017eu u gradu","robots":{"index":"index","follow":"follow","max-snippet":"max-snippet:-1","max-image-preview":"max-image-preview:large","max-video-preview":"max-video-preview:-1"},"canonical":"https:\/\/sandzakpress.net\/arhiva\/sljaku-i-pepeo-bi-da-odlazu-u-gradu\/","og_locale":"bs_BA","og_type":"article","og_title":"\u0160ljaku i pepeo bi da odla\u017eu u gradu","og_description":"Povr\u0161inski kop Potrlica pljevaljskog Rudnika uglja, udaljen par stotina metara od centra grada, bi\u0107e deponija na kojoj \u0107e se odlagati pepeo i \u0161ljaka iz Termoelektrane Pljevlja. To je predvi\u0111eno Prostorno-urbanisti\u010dkim planom Op\u0161tine Pljevlja, \u010dije je izmjene i dopune usvojila Vada na prethodnoj sjednici. U tom dokumentu se navodi da \u0107e kop Potrlica postati deponija kada [&hellip;]","og_url":"https:\/\/sandzakpress.net\/arhiva\/sljaku-i-pepeo-bi-da-odlazu-u-gradu\/","og_site_name":"Sand\u017eak PRESS","article_published_time":"2019-06-29T13:46:13+00:00","og_image":[{"width":800,"height":385,"url":"https:\/\/sandzakpress.net\/arhiva\/wp-content\/uploads\/2019\/06\/20190628210612_855a43a6-046a-467b-ba68-24469330c40f.jpeg.jpg","type":"image\/jpeg"}],"author":"Agencija","twitter_card":"summary_large_image","twitter_misc":{"Written by":"Agencija","Est. reading time":"3 minute"},"schema":{"@context":"https:\/\/schema.org","@graph":[{"@type":"Article","@id":"https:\/\/sandzakpress.net\/arhiva\/sljaku-i-pepeo-bi-da-odlazu-u-gradu\/#article","isPartOf":{"@id":"https:\/\/sandzakpress.net\/arhiva\/sljaku-i-pepeo-bi-da-odlazu-u-gradu\/"},"author":{"name":"Agencija","@id":"https:\/\/sandzakpress.net\/arhiva\/#\/schema\/person\/cb59d7e3ab91ab90dd680ad0305a6185"},"headline":"\u0160ljaku i pepeo bi da odla\u017eu u gradu","datePublished":"2019-06-29T13:46:13+00:00","mainEntityOfPage":{"@id":"https:\/\/sandzakpress.net\/arhiva\/sljaku-i-pepeo-bi-da-odlazu-u-gradu\/"},"wordCount":625,"commentCount":0,"publisher":{"@id":"https:\/\/sandzakpress.net\/arhiva\/#\/schema\/person\/6e72b67d6e51910a1117b3b483ba20bd"},"image":{"@id":"https:\/\/sandzakpress.net\/arhiva\/sljaku-i-pepeo-bi-da-odlazu-u-gradu\/#primaryimage"},"thumbnailUrl":"https:\/\/sandzakpress.net\/arhiva\/wp-content\/uploads\/2019\/06\/20190628210612_855a43a6-046a-467b-ba68-24469330c40f.jpeg.jpg","articleSection":["Pljevlja","Dru\u0161tvo"],"inLanguage":"bs-BA","potentialAction":[{"@type":"CommentAction","name":"Comment","target":["https:\/\/sandzakpress.net\/arhiva\/sljaku-i-pepeo-bi-da-odlazu-u-gradu\/#respond"]}]},{"@type":"WebPage","@id":"https:\/\/sandzakpress.net\/arhiva\/sljaku-i-pepeo-bi-da-odlazu-u-gradu\/","url":"https:\/\/sandzakpress.net\/arhiva\/sljaku-i-pepeo-bi-da-odlazu-u-gradu\/","name":"\u0160ljaku i pepeo bi da odla\u017eu u gradu","isPartOf":{"@id":"https:\/\/sandzakpress.net\/arhiva\/#website"},"primaryImageOfPage":{"@id":"https:\/\/sandzakpress.net\/arhiva\/sljaku-i-pepeo-bi-da-odlazu-u-gradu\/#primaryimage"},"image":{"@id":"https:\/\/sandzakpress.net\/arhiva\/sljaku-i-pepeo-bi-da-odlazu-u-gradu\/#primaryimage"},"thumbnailUrl":"https:\/\/sandzakpress.net\/arhiva\/wp-content\/uploads\/2019\/06\/20190628210612_855a43a6-046a-467b-ba68-24469330c40f.jpeg.jpg","datePublished":"2019-06-29T13:46:13+00:00","breadcrumb":{"@id":"https:\/\/sandzakpress.net\/arhiva\/sljaku-i-pepeo-bi-da-odlazu-u-gradu\/#breadcrumb"},"inLanguage":"bs-BA","potentialAction":[{"@type":"ReadAction","target":["https:\/\/sandzakpress.net\/arhiva\/sljaku-i-pepeo-bi-da-odlazu-u-gradu\/"]}]},{"@type":"ImageObject","inLanguage":"bs-BA","@id":"https:\/\/sandzakpress.net\/arhiva\/sljaku-i-pepeo-bi-da-odlazu-u-gradu\/#primaryimage","url":"https:\/\/sandzakpress.net\/arhiva\/wp-content\/uploads\/2019\/06\/20190628210612_855a43a6-046a-467b-ba68-24469330c40f.jpeg.jpg","contentUrl":"https:\/\/sandzakpress.net\/arhiva\/wp-content\/uploads\/2019\/06\/20190628210612_855a43a6-046a-467b-ba68-24469330c40f.jpeg.jpg","width":800,"height":385},{"@type":"BreadcrumbList","@id":"https:\/\/sandzakpress.net\/arhiva\/sljaku-i-pepeo-bi-da-odlazu-u-gradu\/#breadcrumb","itemListElement":[{"@type":"ListItem","position":1,"name":"Home","item":"https:\/\/sandzakpress.net\/arhiva\/"},{"@type":"ListItem","position":2,"name":"\u0160ljaku i pepeo bi da odla\u017eu u gradu"}]},{"@type":"WebSite","@id":"https:\/\/sandzakpress.net\/arhiva\/#website","url":"https:\/\/sandzakpress.net\/arhiva\/","name":"Sand\u017eak PRESS","description":"Prve elektronske novine u Sand\u017eaku","publisher":{"@id":"https:\/\/sandzakpress.net\/arhiva\/#\/schema\/person\/6e72b67d6e51910a1117b3b483ba20bd"},"potentialAction":[{"@type":"SearchAction","target":{"@type":"EntryPoint","urlTemplate":"https:\/\/sandzakpress.net\/arhiva\/?s={search_term_string}"},"query-input":{"@type":"PropertyValueSpecification","valueRequired":true,"valueName":"search_term_string"}}],"inLanguage":"bs-BA"},{"@type":["Person","Organization"],"@id":"https:\/\/sandzakpress.net\/arhiva\/#\/schema\/person\/6e72b67d6e51910a1117b3b483ba20bd","name":"Kul","image":{"@type":"ImageObject","inLanguage":"bs-BA","@id":"https:\/\/sandzakpress.net\/arhiva\/#\/schema\/person\/image\/","url":"https:\/\/secure.gravatar.com\/avatar\/42263f39aa27ac04c43cab85c280eb2e?s=96&d=mm&r=pg","contentUrl":"https:\/\/secure.gravatar.com\/avatar\/42263f39aa27ac04c43cab85c280eb2e?s=96&d=mm&r=pg","caption":"Kul"},"logo":{"@id":"https:\/\/sandzakpress.net\/arhiva\/#\/schema\/person\/image\/"}},{"@type":"Person","@id":"https:\/\/sandzakpress.net\/arhiva\/#\/schema\/person\/cb59d7e3ab91ab90dd680ad0305a6185","name":"Agencija","image":{"@type":"ImageObject","inLanguage":"bs-BA","@id":"https:\/\/sandzakpress.net\/arhiva\/#\/schema\/person\/image\/","url":"https:\/\/secure.gravatar.com\/avatar\/4b7fafa80a22f0c2afe23966b3961fe0?s=96&d=mm&r=pg","contentUrl":"https:\/\/secure.gravatar.com\/avatar\/4b7fafa80a22f0c2afe23966b3961fe0?s=96&d=mm&r=pg","caption":"Agencija"},"url":"https:\/\/sandzakpress.net\/arhiva\/author\/agencija\/"}]}},"_links":{"self":[{"href":"https:\/\/sandzakpress.net\/arhiva\/wp-json\/wp\/v2\/posts\/225426"}],"collection":[{"href":"https:\/\/sandzakpress.net\/arhiva\/wp-json\/wp\/v2\/posts"}],"about":[{"href":"https:\/\/sandzakpress.net\/arhiva\/wp-json\/wp\/v2\/types\/post"}],"author":[{"embeddable":true,"href":"https:\/\/sandzakpress.net\/arhiva\/wp-json\/wp\/v2\/users\/509"}],"replies":[{"embeddable":true,"href":"https:\/\/sandzakpress.net\/arhiva\/wp-json\/wp\/v2\/comments?post=225426"}],"version-history":[{"count":0,"href":"https:\/\/sandzakpress.net\/arhiva\/wp-json\/wp\/v2\/posts\/225426\/revisions"}],"wp:featuredmedia":[{"embeddable":true,"href":"https:\/\/sandzakpress.net\/arhiva\/wp-json\/wp\/v2\/media\/225431"}],"wp:attachment":[{"href":"https:\/\/sandzakpress.net\/arhiva\/wp-json\/wp\/v2\/media?parent=225426"}],"wp:term":[{"taxonomy":"category","embeddable":true,"href":"https:\/\/sandzakpress.net\/arhiva\/wp-json\/wp\/v2\/categories?post=225426"},{"taxonomy":"post_tag","embeddable":true,"href":"https:\/\/sandzakpress.net\/arhiva\/wp-json\/wp\/v2\/tags?post=225426"}],"curies":[{"name":"wp","href":"https:\/\/api.w.org\/{rel}","templated":true}]}}