{"id":225422,"date":"2019-06-29T15:45:43","date_gmt":"2019-06-29T13:45:43","guid":{"rendered":"https:\/\/sandzakpress.net\/arhiva\/?p=225422"},"modified":"2019-06-29T15:47:06","modified_gmt":"2019-06-29T13:47:06","slug":"dr-elma-bukvic-gospodine-rovcanin-da-li-vas-je-sramota-od-neistina-koje-ste-iznijeli","status":"publish","type":"post","link":"https:\/\/sandzakpress.net\/arhiva\/dr-elma-bukvic-gospodine-rovcanin-da-li-vas-je-sramota-od-neistina-koje-ste-iznijeli\/","title":{"rendered":"Dr. Elma Bukvi\u0107: Gospodine Rov\u010danin, da li Vas je sramota od neistina koje ste iznijeli?"},"content":{"rendered":"<p><img loading=\"lazy\" decoding=\"async\" class=\"alignnone size-full wp-image-225435\" src=\"https:\/\/sandzakpress.net\/arhiva\/wp-content\/uploads\/2019\/06\/Elma-Bukvic-1.jpg\" alt=\"\" width=\"928\" height=\"748\" srcset=\"https:\/\/sandzakpress.net\/arhiva\/wp-content\/uploads\/2019\/06\/Elma-Bukvic-1.jpg 928w, https:\/\/sandzakpress.net\/arhiva\/wp-content\/uploads\/2019\/06\/Elma-Bukvic-1-768x619.jpg 768w, https:\/\/sandzakpress.net\/arhiva\/wp-content\/uploads\/2019\/06\/Elma-Bukvic-1-616x497.jpg 616w\" sizes=\"(max-width: 928px) 100vw, 928px\" \/><\/p>\n<p><strong>Prijepolje &#8211; Povodom izlaganja odbornika Rahima Rov\u010danina, dana 26. juna 2019, u okviru dopune dnevnog reda na 12. sednici SO Prijepolje, dr Elma Bukvi\u0107 odbornik DPS-a u SO Prijepolje i doktorka u OB u Prijepolju obratila se javnosti saop\u0161tenjem u kojem tvrdi da je Rov\u010danin izneo neistine i da je situacija potpuno obrnuta, odnosno da se u bolnicu najvi\u0161e ulo\u017eilo od kako ja na njenom \u010delu Zoran Drobnjak i da nema mobinga na nacionalnoj osnovi.<\/strong><\/p>\n<p>\u201e\u017delim javno da se ogradim od neistina izre\u010denih na ra\u010dun direktora OB Prijepolje i rada u toj zdravstvenoj ustanovi. Naime, po drugi put javno postavljam pitanje nadle\u017enim u OU i Op\u0161tinskom ve\u0107u, odakle Vam ideja da lokalna skup\u0161tina i Op\u0161tinsko ve\u0107e vode raspravku o direktoru bolnice i radu u toj ustanovi. Ako jedan odbornik, kao \u0161to je Rahim Rov\u010danin u dva navrata istupa i raspravlja o temama koje nisu u domenu lokalne samouprave, ve\u0107 Ministarstva zdravlja, prosto ne mogu da verujem da svim \u010dlanovima Op\u0161tinskog ve\u0107a nisu poznate nadle\u017enosti lokalne samouprave! \u041aao doktora i nekoga ko je zaposlen u OB Prijepoljem povredilo me je to \u0161to se dozvolilo da neko ko nema veze sa ZZZ (Zakon o zdravstvenoj za\u0161titi), iznosi gnusne neistine, da je dolaskom direktora Zorana Drobnjaka uskra\u0107eno pravo na zdrastvenu za\u0161titu gra\u0111anima op\u0161tine Prijepolje. Do kada \u0107e se dozvoliti da laici raspravljaju javno o doktorima i blate nas bez ijednog valjanog argumenta? Odbornik Rov\u010danin govori o mobingu u bolnici od strane direktora Drobnjaka i to prete\u017eno Bo\u0161njaka, doktora, pa se ja kao doktor, a pri tom i Bo\u0161njak, pitam, gde su ti mobingovani doktori da se javno oglase i prijave taj mobing, a ne da im Rahim Rov\u010danin bude lokalni glasnogovornik??? Odbornik Rov\u010danin je pomenuo i nedostatak 12 doktora u DZ Prijepolje, i za to je okrivio direktora bolnice Zorana Drobnjaka! Apsurd! Odborni\u010de Rov\u010danin, direktor DZ je dr Sead Porovi\u0107, ina\u010de Va\u0161 kadar, njemu treba da se obratite. Ako ho\u0107ete da raspravljate o zdravstvu, nau\u010dite osnovne stvari i nadle\u017enosti institucija.<\/p>\n<p>Tako\u0111e treba da znate, da ne bi na dalje zbunjivali \u0161iroke mase, da se doktor mo\u017ee birati samo u okviru primarne zdravstvene za\u0161tite, a to je opet na nivou DZ, i svaki gra\u0111anin je na to dobio pravo davne 2012. godine. Svi pacijenti imaju pravo da izaberu doktora u okviru slu\u017ebe za zdravstvenu za\u0161titu odraslog stanovni\u0161tva, pedijatrijske slu\u017ebe, ginekolo\u0161ke slu\u017ebe i stomatolo\u0161ke slu\u017ebe. Na sekundarnom nivou zdravstvene za\u0161tite, tj, u bolnici ne postoji sistem izbaranog doktora i uzmite Zakon o zdravstvenoj za\u0161titi, pro\u010ditajte, pa raspravljajte, nemojte da Vas drugi instrui\u0161u. Iznosite mnogo opasne osude za koje bi mogli da odgvorate. Ako ste ozbiljno i valjano hteli da raspravljate o direktoru Zoranu Drobnjaku i radu u OB Prijepolje trebali ste da odete kao ozbiljan i \u010dastan odbornik i vidite \u0161ta se sve uradilo u bolnici za vreme njegovog mandata. Bolnica je okre\u010dena psole vi\u0161e od 20 godina, kupljene nove posteljine, kreveti, uspostavljen elektronski Heliant sistem sa kompletnom ra\u010dunarskom opremom, dobijen novi aparat za anesteziju, savremeni ultrazvu\u010dni aparat, klima ure\u0111aji za bolesni\u010dke sobe, sanirani mokri \u010dvorovi, ura\u0111ena kupatila, dobijena saglasnost za odlaganje medicinske otpadi, osposobljena kapela&#8230;. i jo\u0161 mnogo toga odborni\u010de Rahime, i to sve za ovo kratko vreme direktorovanja Zorana Drobnjaka. Ovo neko nije mogao ni za 20 godina. To \u0161to raspravljate o \u201enelegalnoj gradnji\u201d, samo da znate da nam se pacijenti koji su operisani, nepokretni ili polupokretni, kao i porodilje ne\u0107e vi\u0161e nositi niz stepenice isklju\u010divo uz pomo\u0107 rodbine (jer kod nas bolni\u010dri ne postoje), koja se nekada jedva dozove, jer ljudi rade i ne mo\u017ee ba\u0161 svako da naputi radno mesto u radno vreme. Liftovi koji se grade slu\u017ee isklju\u010divo za pacijente, bolesne i nepokretne i ne pri\u010dajte odborni\u010de ne\u0161to u \u0161ta niste upu\u0107eni, a ne \u017eelim Vam da ikada do\u017eivite patnju i bol kada Vam je neko od bli\u017enjih bolestan, pa ga treba sa drugog sprata nositi na snimanje u prizemlje, i tra\u017eiti pomo\u0107 po okolnim buregd\u017einicama.<\/p>\n<p>Ve\u0107ina zaposlenih u bolnici je prezadovoljna rukovo\u0111enjem direktora Drobnjaka, i da su Va\u0161e namere, povodom ove dopune dnevnog reda, bile \u010dasne, trebali ste se konsultovati sa ve\u0107inom, a ne slu\u0161ati i uva\u017eavati pau\u0161alne pri\u010de pojedinaca, koji se na kraju povuku kao i do sada, a Vi ostanete na stubu srama.<\/p>\n<p>I na kraju odborni\u010de Rov\u010danin, znate i Vi sami da lokalna samouprava i lokalna skup\u0161tina ima mnogo ve\u0107ih problema sa pojedinim direktorima javnih preduze\u0107a i ustanova, ali ih Vi ne pominjete\u201d, navodi se u saop\u0161tenju dr Elme Bukvi\u0107.<\/p>\n<p>Glas zapadne Srbije<\/p>\n","protected":false},"excerpt":{"rendered":"<p>Prijepolje &#8211; Povodom izlaganja odbornika Rahima Rov\u010danina, dana 26. juna 2019, u okviru dopune dnevnog reda na 12. sednici SO Prijepolje, dr Elma Bukvi\u0107 odbornik DPS-a u SO Prijepolje i doktorka u OB u Prijepolju obratila se javnosti saop\u0161tenjem u kojem tvrdi da je Rov\u010danin izneo neistine i da je situacija potpuno obrnuta, odnosno da [&hellip;]<\/p>\n","protected":false},"author":509,"featured_media":225430,"comment_status":"open","ping_status":"open","sticky":false,"template":"","format":"standard","meta":{"footnotes":""},"categories":[1,392,10429],"tags":[],"class_list":{"0":"post-225422","1":"post","2":"type-post","3":"status-publish","4":"format-standard","5":"has-post-thumbnail","7":"category-politika","8":"category-prijepolje_","9":"category-vazno"},"yoast_head":"<!-- This site is optimized with the Yoast SEO Premium plugin v23.1 (Yoast SEO v24.9) - https:\/\/yoast.com\/wordpress\/plugins\/seo\/ -->\n<title>Dr. Elma Bukvi\u0107: Gospodine Rov\u010danin, da li Vas je sramota od neistina koje ste iznijeli?<\/title>\n<meta name=\"robots\" content=\"index, follow, max-snippet:-1, max-image-preview:large, max-video-preview:-1\" \/>\n<link rel=\"canonical\" href=\"https:\/\/sandzakpress.net\/arhiva\/dr-elma-bukvic-gospodine-rovcanin-da-li-vas-je-sramota-od-neistina-koje-ste-iznijeli\/\" \/>\n<meta property=\"og:locale\" content=\"bs_BA\" \/>\n<meta property=\"og:type\" content=\"article\" \/>\n<meta property=\"og:title\" content=\"Dr. Elma Bukvi\u0107: Gospodine Rov\u010danin, da li Vas je sramota od neistina koje ste iznijeli?\" \/>\n<meta property=\"og:description\" content=\"Prijepolje &#8211; Povodom izlaganja odbornika Rahima Rov\u010danina, dana 26. juna 2019, u okviru dopune dnevnog reda na 12. sednici SO Prijepolje, dr Elma Bukvi\u0107 odbornik DPS-a u SO Prijepolje i doktorka u OB u Prijepolju obratila se javnosti saop\u0161tenjem u kojem tvrdi da je Rov\u010danin izneo neistine i da je situacija potpuno obrnuta, odnosno da [&hellip;]\" \/>\n<meta property=\"og:url\" content=\"https:\/\/sandzakpress.net\/arhiva\/dr-elma-bukvic-gospodine-rovcanin-da-li-vas-je-sramota-od-neistina-koje-ste-iznijeli\/\" \/>\n<meta property=\"og:site_name\" content=\"Sand\u017eak PRESS\" \/>\n<meta property=\"article:published_time\" content=\"2019-06-29T13:45:43+00:00\" \/>\n<meta property=\"article:modified_time\" content=\"2019-06-29T13:47:06+00:00\" \/>\n<meta property=\"og:image\" content=\"https:\/\/sandzakpress.net\/arhiva\/wp-content\/uploads\/2019\/06\/Elma-Bukvic.jpg\" \/>\n\t<meta property=\"og:image:width\" content=\"928\" \/>\n\t<meta property=\"og:image:height\" content=\"748\" \/>\n\t<meta property=\"og:image:type\" content=\"image\/jpeg\" \/>\n<meta name=\"author\" content=\"Agencija\" \/>\n<meta name=\"twitter:card\" content=\"summary_large_image\" \/>\n<meta name=\"twitter:label1\" content=\"Written by\" \/>\n\t<meta name=\"twitter:data1\" content=\"Agencija\" \/>\n\t<meta name=\"twitter:label2\" content=\"Est. reading time\" \/>\n\t<meta name=\"twitter:data2\" content=\"4 minute\" \/>\n<script type=\"application\/ld+json\" class=\"yoast-schema-graph\">{\"@context\":\"https:\/\/schema.org\",\"@graph\":[{\"@type\":\"Article\",\"@id\":\"https:\/\/sandzakpress.net\/arhiva\/dr-elma-bukvic-gospodine-rovcanin-da-li-vas-je-sramota-od-neistina-koje-ste-iznijeli\/#article\",\"isPartOf\":{\"@id\":\"https:\/\/sandzakpress.net\/arhiva\/dr-elma-bukvic-gospodine-rovcanin-da-li-vas-je-sramota-od-neistina-koje-ste-iznijeli\/\"},\"author\":{\"name\":\"Agencija\",\"@id\":\"https:\/\/sandzakpress.net\/arhiva\/#\/schema\/person\/cb59d7e3ab91ab90dd680ad0305a6185\"},\"headline\":\"Dr. Elma Bukvi\u0107: Gospodine Rov\u010danin, da li Vas je sramota od neistina koje ste iznijeli?\",\"datePublished\":\"2019-06-29T13:45:43+00:00\",\"dateModified\":\"2019-06-29T13:47:06+00:00\",\"mainEntityOfPage\":{\"@id\":\"https:\/\/sandzakpress.net\/arhiva\/dr-elma-bukvic-gospodine-rovcanin-da-li-vas-je-sramota-od-neistina-koje-ste-iznijeli\/\"},\"wordCount\":840,\"commentCount\":0,\"publisher\":{\"@id\":\"https:\/\/sandzakpress.net\/arhiva\/#\/schema\/person\/6e72b67d6e51910a1117b3b483ba20bd\"},\"image\":{\"@id\":\"https:\/\/sandzakpress.net\/arhiva\/dr-elma-bukvic-gospodine-rovcanin-da-li-vas-je-sramota-od-neistina-koje-ste-iznijeli\/#primaryimage\"},\"thumbnailUrl\":\"https:\/\/sandzakpress.net\/arhiva\/wp-content\/uploads\/2019\/06\/Elma-Bukvic.jpg\",\"articleSection\":[\"Politika\",\"Prijepolje\",\"VA\u017dNO!\"],\"inLanguage\":\"bs-BA\",\"potentialAction\":[{\"@type\":\"CommentAction\",\"name\":\"Comment\",\"target\":[\"https:\/\/sandzakpress.net\/arhiva\/dr-elma-bukvic-gospodine-rovcanin-da-li-vas-je-sramota-od-neistina-koje-ste-iznijeli\/#respond\"]}]},{\"@type\":\"WebPage\",\"@id\":\"https:\/\/sandzakpress.net\/arhiva\/dr-elma-bukvic-gospodine-rovcanin-da-li-vas-je-sramota-od-neistina-koje-ste-iznijeli\/\",\"url\":\"https:\/\/sandzakpress.net\/arhiva\/dr-elma-bukvic-gospodine-rovcanin-da-li-vas-je-sramota-od-neistina-koje-ste-iznijeli\/\",\"name\":\"Dr. Elma Bukvi\u0107: Gospodine Rov\u010danin, da li Vas je sramota od neistina koje ste iznijeli?\",\"isPartOf\":{\"@id\":\"https:\/\/sandzakpress.net\/arhiva\/#website\"},\"primaryImageOfPage\":{\"@id\":\"https:\/\/sandzakpress.net\/arhiva\/dr-elma-bukvic-gospodine-rovcanin-da-li-vas-je-sramota-od-neistina-koje-ste-iznijeli\/#primaryimage\"},\"image\":{\"@id\":\"https:\/\/sandzakpress.net\/arhiva\/dr-elma-bukvic-gospodine-rovcanin-da-li-vas-je-sramota-od-neistina-koje-ste-iznijeli\/#primaryimage\"},\"thumbnailUrl\":\"https:\/\/sandzakpress.net\/arhiva\/wp-content\/uploads\/2019\/06\/Elma-Bukvic.jpg\",\"datePublished\":\"2019-06-29T13:45:43+00:00\",\"dateModified\":\"2019-06-29T13:47:06+00:00\",\"breadcrumb\":{\"@id\":\"https:\/\/sandzakpress.net\/arhiva\/dr-elma-bukvic-gospodine-rovcanin-da-li-vas-je-sramota-od-neistina-koje-ste-iznijeli\/#breadcrumb\"},\"inLanguage\":\"bs-BA\",\"potentialAction\":[{\"@type\":\"ReadAction\",\"target\":[\"https:\/\/sandzakpress.net\/arhiva\/dr-elma-bukvic-gospodine-rovcanin-da-li-vas-je-sramota-od-neistina-koje-ste-iznijeli\/\"]}]},{\"@type\":\"ImageObject\",\"inLanguage\":\"bs-BA\",\"@id\":\"https:\/\/sandzakpress.net\/arhiva\/dr-elma-bukvic-gospodine-rovcanin-da-li-vas-je-sramota-od-neistina-koje-ste-iznijeli\/#primaryimage\",\"url\":\"https:\/\/sandzakpress.net\/arhiva\/wp-content\/uploads\/2019\/06\/Elma-Bukvic.jpg\",\"contentUrl\":\"https:\/\/sandzakpress.net\/arhiva\/wp-content\/uploads\/2019\/06\/Elma-Bukvic.jpg\",\"width\":928,\"height\":748},{\"@type\":\"BreadcrumbList\",\"@id\":\"https:\/\/sandzakpress.net\/arhiva\/dr-elma-bukvic-gospodine-rovcanin-da-li-vas-je-sramota-od-neistina-koje-ste-iznijeli\/#breadcrumb\",\"itemListElement\":[{\"@type\":\"ListItem\",\"position\":1,\"name\":\"Home\",\"item\":\"https:\/\/sandzakpress.net\/arhiva\/\"},{\"@type\":\"ListItem\",\"position\":2,\"name\":\"Dr. Elma Bukvi\u0107: Gospodine Rov\u010danin, da li Vas je sramota od neistina koje ste iznijeli?\"}]},{\"@type\":\"WebSite\",\"@id\":\"https:\/\/sandzakpress.net\/arhiva\/#website\",\"url\":\"https:\/\/sandzakpress.net\/arhiva\/\",\"name\":\"Sand\u017eak PRESS\",\"description\":\"Prve elektronske novine u Sand\u017eaku\",\"publisher\":{\"@id\":\"https:\/\/sandzakpress.net\/arhiva\/#\/schema\/person\/6e72b67d6e51910a1117b3b483ba20bd\"},\"potentialAction\":[{\"@type\":\"SearchAction\",\"target\":{\"@type\":\"EntryPoint\",\"urlTemplate\":\"https:\/\/sandzakpress.net\/arhiva\/?s={search_term_string}\"},\"query-input\":{\"@type\":\"PropertyValueSpecification\",\"valueRequired\":true,\"valueName\":\"search_term_string\"}}],\"inLanguage\":\"bs-BA\"},{\"@type\":[\"Person\",\"Organization\"],\"@id\":\"https:\/\/sandzakpress.net\/arhiva\/#\/schema\/person\/6e72b67d6e51910a1117b3b483ba20bd\",\"name\":\"Kul\",\"image\":{\"@type\":\"ImageObject\",\"inLanguage\":\"bs-BA\",\"@id\":\"https:\/\/sandzakpress.net\/arhiva\/#\/schema\/person\/image\/\",\"url\":\"https:\/\/secure.gravatar.com\/avatar\/42263f39aa27ac04c43cab85c280eb2e?s=96&d=mm&r=pg\",\"contentUrl\":\"https:\/\/secure.gravatar.com\/avatar\/42263f39aa27ac04c43cab85c280eb2e?s=96&d=mm&r=pg\",\"caption\":\"Kul\"},\"logo\":{\"@id\":\"https:\/\/sandzakpress.net\/arhiva\/#\/schema\/person\/image\/\"}},{\"@type\":\"Person\",\"@id\":\"https:\/\/sandzakpress.net\/arhiva\/#\/schema\/person\/cb59d7e3ab91ab90dd680ad0305a6185\",\"name\":\"Agencija\",\"image\":{\"@type\":\"ImageObject\",\"inLanguage\":\"bs-BA\",\"@id\":\"https:\/\/sandzakpress.net\/arhiva\/#\/schema\/person\/image\/\",\"url\":\"https:\/\/secure.gravatar.com\/avatar\/4b7fafa80a22f0c2afe23966b3961fe0?s=96&d=mm&r=pg\",\"contentUrl\":\"https:\/\/secure.gravatar.com\/avatar\/4b7fafa80a22f0c2afe23966b3961fe0?s=96&d=mm&r=pg\",\"caption\":\"Agencija\"},\"url\":\"https:\/\/sandzakpress.net\/arhiva\/author\/agencija\/\"}]}<\/script>\n<!-- \/ Yoast SEO Premium plugin. -->","yoast_head_json":{"title":"Dr. Elma Bukvi\u0107: Gospodine Rov\u010danin, da li Vas je sramota od neistina koje ste iznijeli?","robots":{"index":"index","follow":"follow","max-snippet":"max-snippet:-1","max-image-preview":"max-image-preview:large","max-video-preview":"max-video-preview:-1"},"canonical":"https:\/\/sandzakpress.net\/arhiva\/dr-elma-bukvic-gospodine-rovcanin-da-li-vas-je-sramota-od-neistina-koje-ste-iznijeli\/","og_locale":"bs_BA","og_type":"article","og_title":"Dr. Elma Bukvi\u0107: Gospodine Rov\u010danin, da li Vas je sramota od neistina koje ste iznijeli?","og_description":"Prijepolje &#8211; Povodom izlaganja odbornika Rahima Rov\u010danina, dana 26. juna 2019, u okviru dopune dnevnog reda na 12. sednici SO Prijepolje, dr Elma Bukvi\u0107 odbornik DPS-a u SO Prijepolje i doktorka u OB u Prijepolju obratila se javnosti saop\u0161tenjem u kojem tvrdi da je Rov\u010danin izneo neistine i da je situacija potpuno obrnuta, odnosno da [&hellip;]","og_url":"https:\/\/sandzakpress.net\/arhiva\/dr-elma-bukvic-gospodine-rovcanin-da-li-vas-je-sramota-od-neistina-koje-ste-iznijeli\/","og_site_name":"Sand\u017eak PRESS","article_published_time":"2019-06-29T13:45:43+00:00","article_modified_time":"2019-06-29T13:47:06+00:00","og_image":[{"width":928,"height":748,"url":"https:\/\/sandzakpress.net\/arhiva\/wp-content\/uploads\/2019\/06\/Elma-Bukvic.jpg","type":"image\/jpeg"}],"author":"Agencija","twitter_card":"summary_large_image","twitter_misc":{"Written by":"Agencija","Est. reading time":"4 minute"},"schema":{"@context":"https:\/\/schema.org","@graph":[{"@type":"Article","@id":"https:\/\/sandzakpress.net\/arhiva\/dr-elma-bukvic-gospodine-rovcanin-da-li-vas-je-sramota-od-neistina-koje-ste-iznijeli\/#article","isPartOf":{"@id":"https:\/\/sandzakpress.net\/arhiva\/dr-elma-bukvic-gospodine-rovcanin-da-li-vas-je-sramota-od-neistina-koje-ste-iznijeli\/"},"author":{"name":"Agencija","@id":"https:\/\/sandzakpress.net\/arhiva\/#\/schema\/person\/cb59d7e3ab91ab90dd680ad0305a6185"},"headline":"Dr. Elma Bukvi\u0107: Gospodine Rov\u010danin, da li Vas je sramota od neistina koje ste iznijeli?","datePublished":"2019-06-29T13:45:43+00:00","dateModified":"2019-06-29T13:47:06+00:00","mainEntityOfPage":{"@id":"https:\/\/sandzakpress.net\/arhiva\/dr-elma-bukvic-gospodine-rovcanin-da-li-vas-je-sramota-od-neistina-koje-ste-iznijeli\/"},"wordCount":840,"commentCount":0,"publisher":{"@id":"https:\/\/sandzakpress.net\/arhiva\/#\/schema\/person\/6e72b67d6e51910a1117b3b483ba20bd"},"image":{"@id":"https:\/\/sandzakpress.net\/arhiva\/dr-elma-bukvic-gospodine-rovcanin-da-li-vas-je-sramota-od-neistina-koje-ste-iznijeli\/#primaryimage"},"thumbnailUrl":"https:\/\/sandzakpress.net\/arhiva\/wp-content\/uploads\/2019\/06\/Elma-Bukvic.jpg","articleSection":["Politika","Prijepolje","VA\u017dNO!"],"inLanguage":"bs-BA","potentialAction":[{"@type":"CommentAction","name":"Comment","target":["https:\/\/sandzakpress.net\/arhiva\/dr-elma-bukvic-gospodine-rovcanin-da-li-vas-je-sramota-od-neistina-koje-ste-iznijeli\/#respond"]}]},{"@type":"WebPage","@id":"https:\/\/sandzakpress.net\/arhiva\/dr-elma-bukvic-gospodine-rovcanin-da-li-vas-je-sramota-od-neistina-koje-ste-iznijeli\/","url":"https:\/\/sandzakpress.net\/arhiva\/dr-elma-bukvic-gospodine-rovcanin-da-li-vas-je-sramota-od-neistina-koje-ste-iznijeli\/","name":"Dr. Elma Bukvi\u0107: Gospodine Rov\u010danin, da li Vas je sramota od neistina koje ste iznijeli?","isPartOf":{"@id":"https:\/\/sandzakpress.net\/arhiva\/#website"},"primaryImageOfPage":{"@id":"https:\/\/sandzakpress.net\/arhiva\/dr-elma-bukvic-gospodine-rovcanin-da-li-vas-je-sramota-od-neistina-koje-ste-iznijeli\/#primaryimage"},"image":{"@id":"https:\/\/sandzakpress.net\/arhiva\/dr-elma-bukvic-gospodine-rovcanin-da-li-vas-je-sramota-od-neistina-koje-ste-iznijeli\/#primaryimage"},"thumbnailUrl":"https:\/\/sandzakpress.net\/arhiva\/wp-content\/uploads\/2019\/06\/Elma-Bukvic.jpg","datePublished":"2019-06-29T13:45:43+00:00","dateModified":"2019-06-29T13:47:06+00:00","breadcrumb":{"@id":"https:\/\/sandzakpress.net\/arhiva\/dr-elma-bukvic-gospodine-rovcanin-da-li-vas-je-sramota-od-neistina-koje-ste-iznijeli\/#breadcrumb"},"inLanguage":"bs-BA","potentialAction":[{"@type":"ReadAction","target":["https:\/\/sandzakpress.net\/arhiva\/dr-elma-bukvic-gospodine-rovcanin-da-li-vas-je-sramota-od-neistina-koje-ste-iznijeli\/"]}]},{"@type":"ImageObject","inLanguage":"bs-BA","@id":"https:\/\/sandzakpress.net\/arhiva\/dr-elma-bukvic-gospodine-rovcanin-da-li-vas-je-sramota-od-neistina-koje-ste-iznijeli\/#primaryimage","url":"https:\/\/sandzakpress.net\/arhiva\/wp-content\/uploads\/2019\/06\/Elma-Bukvic.jpg","contentUrl":"https:\/\/sandzakpress.net\/arhiva\/wp-content\/uploads\/2019\/06\/Elma-Bukvic.jpg","width":928,"height":748},{"@type":"BreadcrumbList","@id":"https:\/\/sandzakpress.net\/arhiva\/dr-elma-bukvic-gospodine-rovcanin-da-li-vas-je-sramota-od-neistina-koje-ste-iznijeli\/#breadcrumb","itemListElement":[{"@type":"ListItem","position":1,"name":"Home","item":"https:\/\/sandzakpress.net\/arhiva\/"},{"@type":"ListItem","position":2,"name":"Dr. Elma Bukvi\u0107: Gospodine Rov\u010danin, da li Vas je sramota od neistina koje ste iznijeli?"}]},{"@type":"WebSite","@id":"https:\/\/sandzakpress.net\/arhiva\/#website","url":"https:\/\/sandzakpress.net\/arhiva\/","name":"Sand\u017eak PRESS","description":"Prve elektronske novine u Sand\u017eaku","publisher":{"@id":"https:\/\/sandzakpress.net\/arhiva\/#\/schema\/person\/6e72b67d6e51910a1117b3b483ba20bd"},"potentialAction":[{"@type":"SearchAction","target":{"@type":"EntryPoint","urlTemplate":"https:\/\/sandzakpress.net\/arhiva\/?s={search_term_string}"},"query-input":{"@type":"PropertyValueSpecification","valueRequired":true,"valueName":"search_term_string"}}],"inLanguage":"bs-BA"},{"@type":["Person","Organization"],"@id":"https:\/\/sandzakpress.net\/arhiva\/#\/schema\/person\/6e72b67d6e51910a1117b3b483ba20bd","name":"Kul","image":{"@type":"ImageObject","inLanguage":"bs-BA","@id":"https:\/\/sandzakpress.net\/arhiva\/#\/schema\/person\/image\/","url":"https:\/\/secure.gravatar.com\/avatar\/42263f39aa27ac04c43cab85c280eb2e?s=96&d=mm&r=pg","contentUrl":"https:\/\/secure.gravatar.com\/avatar\/42263f39aa27ac04c43cab85c280eb2e?s=96&d=mm&r=pg","caption":"Kul"},"logo":{"@id":"https:\/\/sandzakpress.net\/arhiva\/#\/schema\/person\/image\/"}},{"@type":"Person","@id":"https:\/\/sandzakpress.net\/arhiva\/#\/schema\/person\/cb59d7e3ab91ab90dd680ad0305a6185","name":"Agencija","image":{"@type":"ImageObject","inLanguage":"bs-BA","@id":"https:\/\/sandzakpress.net\/arhiva\/#\/schema\/person\/image\/","url":"https:\/\/secure.gravatar.com\/avatar\/4b7fafa80a22f0c2afe23966b3961fe0?s=96&d=mm&r=pg","contentUrl":"https:\/\/secure.gravatar.com\/avatar\/4b7fafa80a22f0c2afe23966b3961fe0?s=96&d=mm&r=pg","caption":"Agencija"},"url":"https:\/\/sandzakpress.net\/arhiva\/author\/agencija\/"}]}},"_links":{"self":[{"href":"https:\/\/sandzakpress.net\/arhiva\/wp-json\/wp\/v2\/posts\/225422"}],"collection":[{"href":"https:\/\/sandzakpress.net\/arhiva\/wp-json\/wp\/v2\/posts"}],"about":[{"href":"https:\/\/sandzakpress.net\/arhiva\/wp-json\/wp\/v2\/types\/post"}],"author":[{"embeddable":true,"href":"https:\/\/sandzakpress.net\/arhiva\/wp-json\/wp\/v2\/users\/509"}],"replies":[{"embeddable":true,"href":"https:\/\/sandzakpress.net\/arhiva\/wp-json\/wp\/v2\/comments?post=225422"}],"version-history":[{"count":0,"href":"https:\/\/sandzakpress.net\/arhiva\/wp-json\/wp\/v2\/posts\/225422\/revisions"}],"wp:featuredmedia":[{"embeddable":true,"href":"https:\/\/sandzakpress.net\/arhiva\/wp-json\/wp\/v2\/media\/225430"}],"wp:attachment":[{"href":"https:\/\/sandzakpress.net\/arhiva\/wp-json\/wp\/v2\/media?parent=225422"}],"wp:term":[{"taxonomy":"category","embeddable":true,"href":"https:\/\/sandzakpress.net\/arhiva\/wp-json\/wp\/v2\/categories?post=225422"},{"taxonomy":"post_tag","embeddable":true,"href":"https:\/\/sandzakpress.net\/arhiva\/wp-json\/wp\/v2\/tags?post=225422"}],"curies":[{"name":"wp","href":"https:\/\/api.w.org\/{rel}","templated":true}]}}